{"id":102,"date":"2025-03-21T08:58:16","date_gmt":"2025-03-21T11:58:16","guid":{"rendered":"https:\/\/www.apostilasopcao.com.br\/blog\/?p=102"},"modified":"2025-03-24T14:37:17","modified_gmt":"2025-03-24T17:37:17","slug":"prefeitura-de-anajas-pa","status":"publish","type":"post","link":"https:\/\/www.apostilasopcao.com.br\/blog\/prefeitura-de-anajas-pa\/","title":{"rendered":"Concurso Prefeitura de Anaj\u00e1s: Inscri\u00e7\u00f5es abertas! 91 vagas!"},"content":{"rendered":"\n<p>O concurso Prefeitura de Anaj\u00e1s, no estado do Par\u00e1, j\u00e1 est\u00e1 com inscri\u00e7\u00f5es abertas! S\u00e3o <strong>91 vagas imediatas<\/strong> para os cargos de <strong>Agente Comunit\u00e1rio de Sa\u00fade (ACS)<\/strong> e <strong>Agente de Combate \u00e0s Endemias (ACE)<\/strong>, ambos com <strong>sal\u00e1rio inicial de R$ 3.036,00<\/strong> e jornada de 40 horas semanais. A exig\u00eancia para participa\u00e7\u00e3o \u00e9 o ensino m\u00e9dio completo, e no caso do ACS, tamb\u00e9m \u00e9 necess\u00e1rio residir na \u00e1rea da vaga desde a publica\u00e7\u00e3o do edital. Uma \u00f3tima oportunidade para quem deseja estabilidade e atuar na \u00e1rea da sa\u00fade p\u00fablica.<\/p>\n\n\n\n<h2 class=\"wp-block-heading\">Como se inscrever no concurso Prefeitura de Anaj\u00e1s<\/h2>\n\n\n\n<p>As inscri\u00e7\u00f5es v\u00e3o<strong> at\u00e9 4 de abril de 2025<\/strong>. Todo o procedimento \u00e9 feito <strong>exclusivamente pela internet<\/strong>, no site do <a href=\"https:\/\/institutoagata.com.br\" target=\"_blank\" rel=\"noreferrer noopener\">Instituto \u00c1gata<\/a>, respons\u00e1vel pela organiza\u00e7\u00e3o do certame.<\/p>\n\n\n\n<p>A taxa de inscri\u00e7\u00e3o \u00e9 de <strong>R$ 108,00<\/strong>, e o pagamento pode ser feito via boleto banc\u00e1rio ou PIX (QR Code gerado no sistema de inscri\u00e7\u00e3o). S\u00f3 ser\u00e1 validada a inscri\u00e7\u00e3o que tiver o pagamento confirmado dentro do prazo.<\/p>\n\n\n\n<h3 class=\"wp-block-heading\">Isen\u00e7\u00e3o de taxa<\/h3>\n\n\n\n<p>A isen\u00e7\u00e3o da taxa de inscri\u00e7\u00e3o pode ser solicitada por:<\/p>\n\n\n\n<ul class=\"wp-block-list\">\n<li>Candidatos hipossuficientes (inscritos no Cad\u00danico e pertencer \u00e0 fam\u00edlia de baixa renda);<\/li>\n\n\n\n<li>Pessoas com defici\u00eancia (PCD).<\/li>\n<\/ul>\n\n\n\n<p>O prazo para solicitar a isen\u00e7\u00e3o \u00e9 <strong>13 e 14 de mar\u00e7o de 2025<\/strong>, conforme instru\u00e7\u00f5es espec\u00edficas do edital. Aten\u00e7\u00e3o: ap\u00f3s esse per\u00edodo, n\u00e3o ser\u00e1 poss\u00edvel solicitar isen\u00e7\u00e3o.<\/p>\n\n\n\n<p>Os candidatos que tiverem seus pedidos de isen\u00e7\u00e3o do pagamento da taxa de inscri\u00e7\u00e3o<br>indeferidos poder\u00e3o interpor recursos, no per\u00edodo de 00h:00m:00s do dia 20\/03\/2025 at\u00e9 \u00e0s 23h:59m:59s do dia 21\/03\/2025, no site do Instituto \u00c1gata \u2013 \u201c\u00c1rea do Candidato\u201d, os quais ser\u00e3o devidamente analisados.<\/p>\n\n\n\n<p>No dia 25 de mar\u00e7o, ap\u00f3s a an\u00e1lise dos recursos, ser\u00e3o divulgadas as respostas referentes aos pedidos de isen\u00e7\u00e3o da taxa de inscri\u00e7\u00e3o indeferidos na lista provis\u00f3ria. J\u00e1 no dia 26 de mar\u00e7o, ser\u00e1 publicada a lista final com as isen\u00e7\u00f5es deferidas.<\/p>\n\n\n\n<h2 class=\"wp-block-heading\">Cargos, vagas e sal\u00e1rios<\/h2>\n\n\n\n<p>O edital n\u00ba 001\/2025 do concurso Prefeitura de Anaj\u00e1s oferece <strong>91 vagas imediatas<\/strong>, sendo: 33 vagas para Agente Comunit\u00e1rio de Sa\u00fade e 58 vagas para Agente de Combate \u00e0s Endemias.<\/p>\n\n\n\n<p><strong>Agente Comunit\u00e1rio de Sa\u00fade (ACS<\/strong>)<\/p>\n\n\n\n<ul class=\"wp-block-list\">\n<li><strong>Requisitos:<\/strong> Ensino m\u00e9dio completo, curso de forma\u00e7\u00e3o inicial com 40h e <strong>resid\u00eancia na comunidade da vaga desde a publica\u00e7\u00e3o do edital<\/strong>;<\/li>\n\n\n\n<li><strong>Sal\u00e1rio:<\/strong> R$ 3.036,00;<\/li>\n\n\n\n<li><strong>Carga hor\u00e1ria:<\/strong> 40h semanais;<\/li>\n\n\n\n<li><strong>Lota\u00e7\u00e3o:<\/strong> Zona urbana e comunidades rurais como Bela Vista, Cajunal, Carumb\u00e9, Leal, Luiz Freitas, Sede do Munic\u00edpio, entre outras;<\/li>\n<\/ul>\n\n\n\n<p><strong>Agente de Combate \u00e0s Endemias (ACE)<\/strong><\/p>\n\n\n\n<ul class=\"wp-block-list\">\n<li><strong>Requisitos:<\/strong> Ensino m\u00e9dio completo e curso de forma\u00e7\u00e3o inicial com 40h;<\/li>\n\n\n\n<li><strong>Sal\u00e1rio:<\/strong> R$ 3.036,00;<\/li>\n\n\n\n<li><strong>Carga hor\u00e1ria:<\/strong> 40h semanais;<\/li>\n\n\n\n<li><strong>Lota\u00e7\u00e3o:<\/strong> Zonas urbanas e rurais como Alto Anaj\u00e1s, Rio Aram\u00e3, Guajar\u00e1, Mo\u00e7o\u00f5es, Japichaua, entre outras.<\/li>\n<\/ul>\n\n\n\n<p><strong>Ambos os cargos exigem atua\u00e7\u00e3o presencial na \u00e1rea da vaga.<\/strong> No caso do ACE, a exig\u00eancia de resid\u00eancia local s\u00f3 se aplica ap\u00f3s a contrata\u00e7\u00e3o.<\/p>\n\n\n\n<p>Confira a \u00edntegra do <a href=\"https:\/\/www.apostilasopcao.com.br\/blog\/wp-content\/uploads\/2025\/03\/77fe6ccb-d6c9-4be0-84b7-0f5bb15b245f-1.pdf\" target=\"_blank\" rel=\"noreferrer noopener\">edital<\/a>!<\/p>\n\n\n\n<h2 class=\"wp-block-heading\">Requisitos para investidura nos cargos<\/h2>\n\n\n\n<p>Para ser contratado como Agente Comunit\u00e1rio de Sa\u00fade (ACS) e Agente de Combate \u00e0s Endemias (ACE), o candidato precisa atender aos seguintes crit\u00e9rios:<\/p>\n\n\n\n<ul class=\"wp-block-list\">\n<li>Ser brasileiro nato ou naturalizado ou cidad\u00e3o portugu\u00eas que tenha adquirido a igualdade de direitos e obriga\u00e7\u00f5es civis e o gozo dos direitos pol\u00edticos;<\/li>\n\n\n\n<li>Ter, no m\u00ednimo, 18 (dezoito) anos completos na data da contrata\u00e7\u00e3o ou maior de 16 (dezesseis) anos emancipado;<\/li>\n\n\n\n<li>Estar em dia com as obriga\u00e7\u00f5es eleitorais, de acordo com a lei respectiva, comprovado atrav\u00e9s da Certid\u00e3o de Quita\u00e7\u00e3o Eleitoral, emitida gratuitamente no site do TSE;<\/li>\n\n\n\n<li>Estar em dia com as obriga\u00e7\u00f5es militares (candidatos do sexo masculino at\u00e9 45 anos), comprovado pelo certificado de reservista ou de dispensa de incorpora\u00e7\u00e3o;<\/li>\n\n\n\n<li>Ter conclu\u00eddo o Ensino M\u00e9dio, comprovado com o Diploma ou Certificado de conclus\u00e3o do Ensino M\u00e9dio ou equivalente ou curso de gradua\u00e7\u00e3o (completo ou incompleto), devidamente registrado, fornecidos por institui\u00e7\u00e3o de ensino reconhecida pelo Minist\u00e9rio da Educa\u00e7\u00e3o &#8211; MEC;<\/li>\n\n\n\n<li>N\u00e3o ter sofrido, no exerc\u00edcio da fun\u00e7\u00e3o p\u00fablica, penalidade incompat\u00edvel com nova investidura na fun\u00e7\u00e3o p\u00fablica, comprovado por simples declara\u00e7\u00e3o;<\/li>\n\n\n\n<li>N\u00e3o ter sido condenado em processo criminal, por senten\u00e7a transitada em julgado, pela pr\u00e1tica de crimes contra a Administra\u00e7\u00e3o P\u00fablica capitulados no T\u00edtulo XI da Parte Especial no C\u00f3digo Penal Brasileiro, na Lei n\u00ba 7.492, de 16 de junho de 1985 e na Lei n\u00ba 8.429, de 2 de junho de 1992, comprovado com a Certid\u00e3o de Antecedentes Criminais;<\/li>\n\n\n\n<li>Residir na \u00e1rea da comunidade em que for atuar, desde a data da publica\u00e7\u00e3o deste Edital, ESTAS  COMPROVA\u00c7\u00d5ES DEVER\u00c3O SER APRESENTADAS, PELO CANDIDATO, QUANDO SOLICITADAS, para Agente Comunit\u00e1rio de Sa\u00fade &#8211; ACS; e<\/li>\n\n\n\n<li>Residir na \u00e1rea da comunidade em que for atuar (UDT), conforme sua inscri\u00e7\u00e3o ou na sede do munic\u00edpio se sua inscri\u00e7\u00e3o for para a Zona Urbana, para Agente de Combate \u00e0s Endemias \u2013 ACE.<\/li>\n<\/ul>\n\n\n\n<h2 class=\"wp-block-heading\">Etapas de sele\u00e7\u00e3o do concurso<\/h2>\n\n\n\n<p>O concurso Prefeitura de Anaj\u00e1s contar\u00e1 com <strong>duas etapas eliminat\u00f3rias e classificat\u00f3rias<\/strong>: a <strong>prova objetiva<\/strong> e o <strong>curso de forma\u00e7\u00e3o inicial<\/strong>. Veja como funcionam:<\/p>\n\n\n\n<p>A aplica\u00e7\u00e3o da <strong>prova objetiva<\/strong> est\u00e1 prevista para o dia <strong>04 de maio de 2025<\/strong>, com dura\u00e7\u00e3o de tr\u00eas horas. Ela ser\u00e1 realizada exclusivamente <strong>na sede do munic\u00edpio de Anaj\u00e1s<\/strong>, em dois turnos:<\/p>\n\n\n\n<ul class=\"wp-block-list\">\n<li><strong>Manh\u00e3 \u2013 09h \u00e0s 12h:<\/strong> para candidatos ao cargo de Agente Comunit\u00e1rio de Sa\u00fade (ACS);<\/li>\n\n\n\n<li><strong>Tarde \u2013 14h \u00e0s 17h:<\/strong> para candidatos ao cargo de Agente de Combate \u00e0s Endemias (ACE).<\/li>\n<\/ul>\n\n\n\n<p><strong>A prova ter\u00e1 30 quest\u00f5es de m\u00faltipla escolha<\/strong>, com uma \u00fanica alternativa correta. Os temas e pesos s\u00e3o:<\/p>\n\n\n<div class=\"wp-block-image\">\n<figure class=\"aligncenter size-full\"><img loading=\"lazy\" decoding=\"async\" width=\"674\" height=\"99\" src=\"https:\/\/www.apostilasopcao.com.br\/blog\/wp-content\/uploads\/2025\/03\/Capturar-9.webp\" alt=\"Disciplinas abordadas no concurso Prefeitura de Anaj\u00e1s\" class=\"wp-image-106\" srcset=\"https:\/\/www.apostilasopcao.com.br\/blog\/wp-content\/uploads\/2025\/03\/Capturar-9.webp 674w, https:\/\/www.apostilasopcao.com.br\/blog\/wp-content\/uploads\/2025\/03\/Capturar-9-300x44.webp 300w\" sizes=\"auto, (max-width: 674px) 100vw, 674px\" \/><\/figure>\n<\/div>\n\n\n<p><strong>Para ser aprovado, \u00e9 necess\u00e1rio atingir rendimento igual ou superior a 4 pontos<\/strong> (40% de aproveitamento).<\/p>\n\n\n\n<p>Ap\u00f3s a divulga\u00e7\u00e3o do resultado da prova objetiva, os aprovados dentro do n\u00famero de vagas ser\u00e3o convocados para o<strong> Curso de Forma\u00e7\u00e3o Inicial<\/strong>, que \u00e9 <strong>obrigat\u00f3rio e eliminat\u00f3rio<\/strong>.<\/p>\n\n\n\n<p>Esse curso ser\u00e1 realizado em data e local definidos posteriormente em edital, com conte\u00fado voltado \u00e0 atua\u00e7\u00e3o pr\u00e1tica nas fun\u00e7\u00f5es. S\u00f3 concluem o processo seletivo e s\u00e3o contratados os candidatos que tiverem <strong>aproveitamento suficiente no curso<\/strong>.<\/p>\n\n\n\n<h2 class=\"wp-block-heading\">Atribui\u00e7\u00f5es dos cargos<\/h2>\n\n\n\n<p>O Agente Comunit\u00e1rio de Sa\u00fade atua diretamente com a popula\u00e7\u00e3o, em visitas domiciliares, orienta\u00e7\u00f5es sobre sa\u00fade preventiva, controle de doen\u00e7as e promo\u00e7\u00e3o da cidadania. Ele \u00e9 o elo entre a comunidade e o SUS, e tem como atividades principais:<\/p>\n\n\n\n<ul class=\"wp-block-list\">\n<li>Realizar visitas domiciliares regulares;<\/li>\n\n\n\n<li>Acompanhar gestantes, crian\u00e7as, idosos e grupos de risco;<\/li>\n\n\n\n<li>Auxiliar no planejamento das a\u00e7\u00f5es da equipe de sa\u00fade da fam\u00edlia;<\/li>\n\n\n\n<li>Registrar informa\u00e7\u00f5es no e-SUS por meio de tablet, celular ou notebook; e<\/li>\n\n\n\n<li>Promover campanhas educativas sobre sa\u00fade e qualidade de vida.<\/li>\n<\/ul>\n\n\n\n<p>J\u00e1 o Agente de Combate \u00e0s Endemias \u00e9 respons\u00e1vel por a\u00e7\u00f5es de vigil\u00e2ncia em sa\u00fade e combate a doen\u00e7as como dengue, zika, chikungunya, leishmaniose e mal\u00e1ria. Suas fun\u00e7\u00f5es incluem:<\/p>\n\n\n\n<ul class=\"wp-block-list\">\n<li>Realizar a\u00e7\u00f5es de controle de vetores;<\/li>\n\n\n\n<li>Fazer levantamento de focos de mosquito;<\/li>\n\n\n\n<li>Aplicar larvicidas e produtos biol\u00f3gicos;<\/li>\n\n\n\n<li>Visitar domic\u00edlios e orientar a popula\u00e7\u00e3o; e<\/li>\n\n\n\n<li>Registrar atividades no sistema eletr\u00f4nico e-SUS.<\/li>\n<\/ul>\n\n\n\n<p>Ambos os cargos exigem <strong>autonomia, responsabilidade e bom relacionamento interpessoal<\/strong>.<\/p>\n\n\n\n<h2 class=\"wp-block-heading\">\u00daltimo concurso Prefeitura de Anaj\u00e1s<\/h2>\n\n\n\n<p>A edi\u00e7\u00e3o anterior do concurso Prefeitura de Anaj\u00e1s aconteceu em 2024 e ofereceu <strong>584 vagas imediatas<\/strong>, distribu\u00eddas entre cargos de <strong>n\u00edvel alfabetizado, fundamental, m\u00e9dio, t\u00e9cnico e superior<\/strong>. A sele\u00e7\u00e3o contemplou diversas \u00e1reas de atua\u00e7\u00e3o, com sal\u00e1rios atrativos conforme o cargo. Veja a seguir os cargos ofertados, a quantidade de vagas e as respectivas remunera\u00e7\u00f5es.<\/p>\n\n\n\n<p><strong>Alfabetizado<\/strong><\/p>\n\n\n\n<ul class=\"wp-block-list\">\n<li>Auxiliar de servi\u00e7os gerais &#8211; 60 vagas;<\/li>\n\n\n\n<li>Auxiliar servi\u00e7os urbanos &#8211; 6 vagas; e<\/li>\n\n\n\n<li>Vigia &#8211; 36 vagas.<\/li>\n<\/ul>\n\n\n\n<p>Sal\u00e1rio: <strong>R$ 1.412,00<\/strong><\/p>\n\n\n\n<p><strong>N\u00edvel fundamental incompleto<\/strong><\/p>\n\n\n\n<ul class=\"wp-block-list\">\n<li>Carpinteiro &#8211; 2 vagas;<\/li>\n\n\n\n<li>Eletricista &#8211; 1 vaga;<\/li>\n\n\n\n<li>Encanador &#8211; 1 vaga; e<\/li>\n\n\n\n<li>Tratorista &#8211; 2 vagas;<\/li>\n<\/ul>\n\n\n\n<p>Sal\u00e1rio: <strong>R$ 1.412,00<\/strong><\/p>\n\n\n\n<p><strong>N\u00edvel fundamental completo<\/strong><\/p>\n\n\n\n<ul class=\"wp-block-list\">\n<li>Atendente de consult\u00f3rio dent\u00e1rio &#8211; 2 vagas;<\/li>\n\n\n\n<li>Coveiro &#8211; 1 vaga;<\/li>\n\n\n\n<li>Merendeira &#8211; 40 vagas;<\/li>\n\n\n\n<li>Motorista &#8211; 4 vagas; e<\/li>\n\n\n\n<li>Porteiro &#8211; 18 vagas;<\/li>\n<\/ul>\n\n\n\n<p>Sal\u00e1rio: <strong>R$ 1.412,00<\/strong><\/p>\n\n\n\n<p><strong>N\u00edvel m\u00e9dio<\/strong><\/p>\n\n\n\n<ul class=\"wp-block-list\">\n<li>Assistente administrativo &#8211; 68 vagas;\n<ul class=\"wp-block-list\">\n<li><strong>R$ 1.454,40<\/strong><\/li>\n<\/ul>\n<\/li>\n\n\n\n<li>Assistente em digita\u00e7\u00e3o de dados &#8211; 1 vaga.\n<ul class=\"wp-block-list\">\n<li><strong>R$ 1.412,00<\/strong><\/li>\n<\/ul>\n<\/li>\n<\/ul>\n\n\n\n<p><strong>N\u00edvel t\u00e9cnico<\/strong><\/p>\n\n\n\n<ul class=\"wp-block-list\">\n<li>T\u00e9cnico agrimensor &#8211; 1 vaga;\n<ul class=\"wp-block-list\">\n<li><strong>R$ 1.454,40<\/strong><\/li>\n<\/ul>\n<\/li>\n\n\n\n<li>T\u00e9cnico em enfermagem &#8211; 14 vagas;\n<ul class=\"wp-block-list\">\n<li><strong>R$ 1.454,40<\/strong> + (complemento da uni\u00e3o) = Piso Nacional<\/li>\n<\/ul>\n<\/li>\n\n\n\n<li>T\u00e9cnico em inform\u00e1tica &#8211; 3 vagas;\n<ul class=\"wp-block-list\">\n<li><strong>R$ 1.454,40<\/strong><\/li>\n<\/ul>\n<\/li>\n\n\n\n<li>T\u00e9cnico em laborat\u00f3rio &#8211; 1 vaga;\n<ul class=\"wp-block-list\">\n<li><strong>R$ 1.454,40<\/strong><\/li>\n<\/ul>\n<\/li>\n\n\n\n<li>T\u00e9cnico em radiologia &#8211; 2 vagas;\n<ul class=\"wp-block-list\">\n<li><strong>R$ 2.939,92<\/strong><\/li>\n<\/ul>\n<\/li>\n<\/ul>\n\n\n\n<p><strong>N\u00edvel superior<\/strong><\/p>\n\n\n\n<ul class=\"wp-block-list\">\n<li>Administrador &#8211; 1 vaga;\n<ul class=\"wp-block-list\">\n<li><strong>R$ 3.879,06<\/strong><\/li>\n<\/ul>\n<\/li>\n\n\n\n<li>Advogado &#8211; 1 vaga;\n<ul class=\"wp-block-list\">\n<li><strong>R$ 6.300,00<\/strong><\/li>\n<\/ul>\n<\/li>\n\n\n\n<li>Arquiteto &#8211; 1 vaga;\n<ul class=\"wp-block-list\">\n<li><strong>R$ 3.879,06<\/strong><\/li>\n<\/ul>\n<\/li>\n\n\n\n<li>Assistente social &#8211; 2 vagas;\n<ul class=\"wp-block-list\">\n<li><strong>R$ 3.879,06<\/strong><\/li>\n<\/ul>\n<\/li>\n\n\n\n<li>Coordenador pedag\u00f3gico &#8211; 24 vagas;\n<ul class=\"wp-block-list\">\n<li><strong>R$ 4.580,57<\/strong><\/li>\n<\/ul>\n<\/li>\n\n\n\n<li>Enfermeiro &#8211; 6 vagas;\n<ul class=\"wp-block-list\">\n<li><strong>R$ 3.879,06<\/strong> + (complemento da uni\u00e3o) = Piso Nacional<\/li>\n<\/ul>\n<\/li>\n\n\n\n<li>Engenheiro agr\u00f4nomo &#8211; 1 vaga;\n<ul class=\"wp-block-list\">\n<li><strong>R$ 3.879,06<\/strong><\/li>\n<\/ul>\n<\/li>\n\n\n\n<li>Engenheiro ambiental &#8211; 1 vaga;\n<ul class=\"wp-block-list\">\n<li><strong>R$ 3.879,06<\/strong><\/li>\n<\/ul>\n<\/li>\n\n\n\n<li>Engenheiro civil &#8211; 1 vaga;\n<ul class=\"wp-block-list\">\n<li><strong>R$ 3.879,06<\/strong><\/li>\n<\/ul>\n<\/li>\n\n\n\n<li>Farmac\u00eautico bioqu\u00edmico &#8211; 1 vaga;\n<ul class=\"wp-block-list\">\n<li><strong>R$ 3.879,06<\/strong><\/li>\n<\/ul>\n<\/li>\n\n\n\n<li>Fiscal de tributos &#8211; 2 vagas;\n<ul class=\"wp-block-list\">\n<li><strong>R$ 3.879,06<\/strong><\/li>\n<\/ul>\n<\/li>\n\n\n\n<li>Fisioterapeuta &#8211; 1 vaga;\n<ul class=\"wp-block-list\">\n<li><strong>R$ 3.879,06<\/strong><\/li>\n<\/ul>\n<\/li>\n\n\n\n<li>M\u00e9dico \u2013 Cl\u00ednico geral &#8211; 1 vaga;\n<ul class=\"wp-block-list\">\n<li><strong>R$ 7.758,12<\/strong><\/li>\n<\/ul>\n<\/li>\n\n\n\n<li>M\u00e9dico veterin\u00e1rio &#8211; 1 vaga;\n<ul class=\"wp-block-list\">\n<li><strong>R$ 3.879,06<\/strong><\/li>\n<\/ul>\n<\/li>\n\n\n\n<li>Nutricionista &#8211; 1 vaga;\n<ul class=\"wp-block-list\">\n<li><strong>R$ 3.879,06<\/strong><\/li>\n<\/ul>\n<\/li>\n\n\n\n<li>Odont\u00f3logo &#8211; 1 vaga;\n<ul class=\"wp-block-list\">\n<li><strong>R$ 3.879,06<\/strong><\/li>\n<\/ul>\n<\/li>\n\n\n\n<li>Professor graduado II \u2013 <strong>R$ 2.290,28<\/strong>\n<ul class=\"wp-block-list\">\n<li>Artes &#8211; 9 vagas;<\/li>\n\n\n\n<li>Ci\u00eancias &#8211; 8 vagas;<\/li>\n\n\n\n<li>Educa\u00e7\u00e3o f\u00edsica &#8211; 8 vagas;<\/li>\n\n\n\n<li>Ensino religioso &#8211; 9 vagas;<\/li>\n\n\n\n<li>Geografia &#8211; 10 vagas;<\/li>\n\n\n\n<li>Hist\u00f3ria &#8211; 8 vagas;<\/li>\n\n\n\n<li>L\u00edngua inglesa &#8211; 10 vagas;<\/li>\n\n\n\n<li>L\u00edngua portuguesa &#8211; 14 vagas;<\/li>\n\n\n\n<li>Matem\u00e1tica &#8211; 13 vagas.<\/li>\n<\/ul>\n<\/li>\n\n\n\n<li>Professor graduado I \u2013 Pedagogo &#8211; 179 vagas;\n<ul class=\"wp-block-list\">\n<li><strong>R$ 2.290,28<\/strong><\/li>\n<\/ul>\n<\/li>\n\n\n\n<li>Psic\u00f3logo &#8211; 3 vagas;\n<ul class=\"wp-block-list\">\n<li><strong>R$ 3.879,06<\/strong><\/li>\n<\/ul>\n<\/li>\n\n\n\n<li>Psicopedagogo &#8211; 2 vagas;\n<ul class=\"wp-block-list\">\n<li><strong>R$ 3.879,06<\/strong><\/li>\n<\/ul>\n<\/li>\n<\/ul>\n\n\n\n<p>A jornada de trabalho varia entre 20 a 40 horas semanais, de acordo com o cargo pretendido pelo candidato.<\/p>\n\n\n\n<h3 class=\"wp-block-heading\">Como os candidatos do \u00faltimo concurso Prefeitura de Anaj\u00e1s foram avaliados?&nbsp;<\/h3>\n\n\n\n<p>Os candidatos do \u00faltimo concurso Prefeitura de Anaj\u00e1s foram avaliados por meio de uma prova objetiva (para todos os cargos) e uma prova de t\u00edtulos (para os cargos de n\u00edvel superior).&nbsp;<\/p>\n\n\n\n<p>A avalia\u00e7\u00e3o foi composta por&nbsp;<strong>30 quest\u00f5es de m\u00faltipla escolha<\/strong>&nbsp;que foram versadas nas seguintes disciplinas:<\/p>\n\n\n\n<p><strong>N\u00edvel fundamental incompleto e alfabetizado<\/strong><\/p>\n\n\n\n<ul class=\"wp-block-list\">\n<li>L\u00edngua Portuguesa: 10 quest\u00f5es;<\/li>\n\n\n\n<li>Matem\u00e1tica: 10 quest\u00f5es;<\/li>\n\n\n\n<li>Conhecimentos Gerais: 10 quest\u00f5es.<\/li>\n<\/ul>\n\n\n\n<p><strong>N\u00edvel fundamental completo<\/strong><\/p>\n\n\n\n<ul class=\"wp-block-list\">\n<li>L\u00edngua Portuguesa: 10 quest\u00f5es;<\/li>\n\n\n\n<li>Matem\u00e1tica: 10 quest\u00f5es;<\/li>\n\n\n\n<li>Conhecimentos Gerais ou Espec\u00edficos: 10 quest\u00f5es.<\/li>\n<\/ul>\n\n\n\n<p><strong>N\u00edvel m\u00e9dio e t\u00e9cnico<\/strong><\/p>\n\n\n\n<ul class=\"wp-block-list\">\n<li>L\u00edngua Portuguesa: 10 quest\u00f5es;<\/li>\n\n\n\n<li>Matem\u00e1tica: 5 quest\u00f5es;<\/li>\n\n\n\n<li>Inform\u00e1tica B\u00e1sica: 5 quest\u00f5es;<\/li>\n\n\n\n<li>Conhecimentos Espec\u00edficos: 10 quest\u00f5es.<\/li>\n<\/ul>\n\n\n\n<p><strong>N\u00edvel superior<\/strong><\/p>\n\n\n\n<ul class=\"wp-block-list\">\n<li>L\u00edngua Portuguesa: 10 quest\u00f5es;<\/li>\n\n\n\n<li>Inform\u00e1tica B\u00e1sica: 5 quest\u00f5es;<\/li>\n\n\n\n<li>Legisla\u00e7\u00e3o Municipal ou Did\u00e1tica e Legisla\u00e7\u00e3o: 5 quest\u00f5es;<\/li>\n\n\n\n<li>Conhecimentos Espec\u00edficos: 10 quest\u00f5es.<\/li>\n<\/ul>\n\n\n\n<h2 class=\"wp-block-heading\">Como a Editora Op\u00e7\u00e3o pode te ajudar<\/h2>\n\n\n\n<p>Para se destacar no concurso Prefeitura de Anaj\u00e1s, voc\u00ea precisa de um material completo, atualizado e focado no edital. E nisso, a <strong>Editora Op\u00e7\u00e3o \u00e9 especialista<\/strong>!<\/p>\n\n\n\n<p>H\u00e1 mais de 40 anos, ajudamos candidatos de todo o Brasil a alcan\u00e7arem a t\u00e3o sonhada estabilidade no servi\u00e7o p\u00fablico. Nossos materiais s\u00e3o ideais para quem precisa estudar com efici\u00eancia e rapidez.<\/p>\n\n\n\n<p><strong>Nossas apostilas para concursos da \u00e1rea da sa\u00fade contam com:<\/strong><\/p>\n\n\n\n<ul class=\"wp-block-list\">\n<li>Teoria objetiva e did\u00e1tica;<\/li>\n\n\n\n<li>Quest\u00f5es com gabarito comentado;<\/li>\n\n\n\n<li>Tabelas, esquemas, mnem\u00f4nicos e dicas pr\u00e1ticas;<\/li>\n\n\n\n<li>Se\u00e7\u00f5es \u201cHora de Praticar\u201d com quest\u00f5es da banca; e<\/li>\n\n\n\n<li>Conte\u00fado organizado conforme o edital.<\/li>\n<\/ul>\n\n\n\n<p>Voc\u00ea estuda com um material pensado por quem entende de concurso e aprovado por milhares de concurseiros.<\/p>\n\n\n\n<p><a href=\"https:\/\/www.apostilasopcao.com.br\/apostila\/prefeitura-anajas-pa-agente-comunitario-saude?q=Anaj%C3%A1s\" target=\"_blank\" rel=\"noreferrer noopener\">Apostila Prefeitura de Anaj\u00e1s 2025 \u2013 Agente Comunit\u00e1rio de Sa\u00fade<\/a>.<\/p>\n\n\n\n<p><a href=\"https:\/\/www.apostilasopcao.com.br\/apostila\/prefeitura-anajas-pa-agente-combate-endemias?q=Anaj%C3%A1s\" target=\"_blank\" rel=\"noreferrer noopener\">Apostila Prefeitura de Anaj\u00e1s 2025 \u2013 Agente de Combate \u00e0s Endemias<\/a>.<\/p>\n","protected":false},"excerpt":{"rendered":"<p>O concurso Prefeitura Anaj\u00e1s\/PA est\u00e1 com 91 vagas abertas para os cargos de Agente Comunit\u00e1rio de Sa\u00fade e Agente de Combate \u00e0s Endemias. As inscri\u00e7\u00f5es podem ser realizadas at\u00e9 o dia 4 de abril, no site do Instituto \u00c1gata. Fique atento aos prazos e garanta sua participa\u00e7\u00e3o!<\/p>\n","protected":false},"author":3,"featured_media":103,"comment_status":"closed","ping_status":"closed","sticky":false,"template":"","format":"standard","meta":{"_acf_changed":false,"breadcrumbs_single_post":"","page_title_panel":"","breadcrumbs_single_page":"","single_page_alignment":"","single_page_margin":"","page_structure_type":"","content_style_source":"","content_style":"","blog_post_streched_ed":"","blog_page_streched_ed":"","has_transparent_header":"","disable_transparent_header":"","vertical_spacing_source":"","content_area_spacing":"","single_post_content_background":"","single_page_content_background":"","single_post_boxed_content_spacing":"","single_page_boxed_content_spacing":"","single_post_content_boxed_radius":"","single_page_content_boxed_radius":"","disable_featured_image":"","disable_post_tags":"","disable_author_box":"","disable_posts_navigation":"","disable_comments":"","disable_related_posts":"","disable_header":"","disable_footer":"","footnotes":""},"categories":[19,4],"tags":[36],"class_list":["post-102","post","type-post","status-publish","format-standard","has-post-thumbnail","hentry","category-pa","category-noticias","tag-concurso-prefeitura-de-anajas-pa","rishi-post"],"acf":{"data_prova":"20250504","status":false},"_links":{"self":[{"href":"https:\/\/www.apostilasopcao.com.br\/blog\/wp-json\/wp\/v2\/posts\/102","targetHints":{"allow":["GET"]}}],"collection":[{"href":"https:\/\/www.apostilasopcao.com.br\/blog\/wp-json\/wp\/v2\/posts"}],"about":[{"href":"https:\/\/www.apostilasopcao.com.br\/blog\/wp-json\/wp\/v2\/types\/post"}],"author":[{"embeddable":true,"href":"https:\/\/www.apostilasopcao.com.br\/blog\/wp-json\/wp\/v2\/users\/3"}],"replies":[{"embeddable":true,"href":"https:\/\/www.apostilasopcao.com.br\/blog\/wp-json\/wp\/v2\/comments?post=102"}],"version-history":[{"count":3,"href":"https:\/\/www.apostilasopcao.com.br\/blog\/wp-json\/wp\/v2\/posts\/102\/revisions"}],"predecessor-version":[{"id":110,"href":"https:\/\/www.apostilasopcao.com.br\/blog\/wp-json\/wp\/v2\/posts\/102\/revisions\/110"}],"wp:featuredmedia":[{"embeddable":true,"href":"https:\/\/www.apostilasopcao.com.br\/blog\/wp-json\/wp\/v2\/media\/103"}],"wp:attachment":[{"href":"https:\/\/www.apostilasopcao.com.br\/blog\/wp-json\/wp\/v2\/media?parent=102"}],"wp:term":[{"taxonomy":"category","embeddable":true,"href":"https:\/\/www.apostilasopcao.com.br\/blog\/wp-json\/wp\/v2\/categories?post=102"},{"taxonomy":"post_tag","embeddable":true,"href":"https:\/\/www.apostilasopcao.com.br\/blog\/wp-json\/wp\/v2\/tags?post=102"}],"curies":[{"name":"wp","href":"https:\/\/api.w.org\/{rel}","templated":true}]}}