{"id":119,"date":"2025-03-21T12:23:42","date_gmt":"2025-03-21T15:23:42","guid":{"rendered":"https:\/\/www.apostilasopcao.com.br\/blog\/?p=119"},"modified":"2025-03-24T14:36:28","modified_gmt":"2025-03-24T17:36:28","slug":"prefeitura-de-caldas-novas-go","status":"publish","type":"post","link":"https:\/\/www.apostilasopcao.com.br\/blog\/prefeitura-de-caldas-novas-go\/","title":{"rendered":"Concurso Prefeitura de Caldas Novas: Edital publicado. 60 vagas!"},"content":{"rendered":"\n<p>O concurso Prefeitura de Caldas Novas, em Goi\u00e1s, lan\u00e7ou o edital com 60 novas vagas para o cargo de Guarda Civil Municipal (GCM), sendo <strong>15 imediatas e 45 para forma\u00e7\u00e3o de cadastro reserva<\/strong>. O sal\u00e1rio inicial \u00e9 de <strong>R$ 3.100,00<\/strong> e a exig\u00eancia \u00e9 de n\u00edvel m\u00e9dio completo e CNH na categoria \u201cAB\u201d. Acompanhe todos os detalhes a seguir.<\/p>\n\n\n\n<h2 class=\"wp-block-heading\">Inscri\u00e7\u00f5es do concurso Prefeitura de Caldas Novas<\/h2>\n\n\n\n<p>As inscri\u00e7\u00f5es para o concurso Prefeitura de Caldas Novas estar\u00e3o abertas das <strong>9h de 14 de abril at\u00e9 \u00e0s 23h59 de 9 de maio de 2025<\/strong>, exclusivamente no site da banca organizadora <a href=\"https:\/\/inepbrasil.selecao.net.br\/informacoes\/16\/#\" target=\"_blank\" rel=\"noreferrer noopener\">INEP Brasil<\/a>. A taxa de inscri\u00e7\u00e3o \u00e9 de <strong>R$ 120,00.<\/strong><\/p>\n\n\n\n<p>A solicita\u00e7\u00e3o de isen\u00e7\u00e3o da taxa de inscri\u00e7\u00e3o p\u00f4de ser feita at\u00e9 o dia 17 de mar\u00e7o, por candidatos que se enquadrassem nos seguintes crit\u00e9rios:<\/p>\n\n\n\n<ul class=\"wp-block-list\">\n<li>Candidato(a) inscrito(a) no Cadastro \u00danico para Programas Sociais do Governo Federal (Cad\u00danico), de que trata o Decreto Federal n\u00ba 6.135, de 26 de junho de 2007, e for membro de fam\u00edlia de baixa renda, nos termos do Decreto Federal; ou<\/li>\n\n\n\n<li>Candidato(a) doador(a) de medula \u00f3ssea em entidades reconhecidas pelo Minist\u00e9rio da Sa\u00fade, nos termos da Lei Federal n\u00ba 13.656, de 30 de abril de 2018.<\/li>\n<\/ul>\n\n\n\n<p>O resultado preliminar das isen\u00e7\u00f5es deferidas ou indeferidas ser\u00e1 divulgado no dia <strong>24 de abril, a partir das 18h<\/strong>. Os candidatos que desejarem contestar o resultado poder\u00e3o interpor recurso entre os dias 25 e 26 de abril. Fique atento aos prazos!<\/p>\n\n\n\n<h2 class=\"wp-block-heading\">Vagas, Sal\u00e1rios e Jornada<\/h2>\n\n\n\n<p>O concurso Prefeitura de Caldas Novas abriu <strong>60 novas vagas <\/strong>para Guarda Civil Municipal, com forma\u00e7\u00e3o em n\u00edvel m\u00e9dio. A distribui\u00e7\u00e3o das vagas ser\u00e1 feita da seguinte forma:<\/p>\n\n\n\n<ul class=\"wp-block-list\">\n<li><strong>15 vagas imediatas<\/strong> \n<ul class=\"wp-block-list\">\n<li>Ampla concorr\u00eancia: 14 vagas; e <\/li>\n\n\n\n<li>Pessoa com defici\u00eancia: 1 vaga. <\/li>\n<\/ul>\n<\/li>\n\n\n\n<li><strong>45 vagas de cadastro reserva<\/strong>\n<ul class=\"wp-block-list\">\n<li>Ampla concorr\u00eancia: 42 vagas; e <\/li>\n\n\n\n<li>Pessoa com defici\u00eancia: 3 vagas. <\/li>\n<\/ul>\n<\/li>\n<\/ul>\n\n\n\n<p>A remunera\u00e7\u00e3o inicial \u00e9 de <strong>R$ 3.100,00<\/strong> para uma carga hor\u00e1ria de <strong>40 horas semanais<\/strong>.<\/p>\n\n\n\n<p>Confira a \u00edntegra do <a href=\"https:\/\/www.apostilasopcao.com.br\/blog\/wp-content\/uploads\/2025\/03\/dbf82834-5741-4dfa-b4fd-8be955d25480.pdf\" target=\"_blank\" rel=\"noreferrer noopener\">edital<\/a>!<\/p>\n\n\n\n<h2 class=\"wp-block-heading\">Requisitos para a investidura no concurso Prefeitura de Caldas Novas<\/h2>\n\n\n\n<p>Para assumir o cargo de Guarda Civil Municipal no concurso Prefeitura de Caldas Novas\/GO, o candidato deve atender aos seguintes crit\u00e9rios:<\/p>\n\n\n\n<ul class=\"wp-block-list\">\n<li>Ser aprovado(a) e classificado(a) no concurso p\u00fablico conforme estabelecido no edital;<\/li>\n\n\n\n<li>Ser brasileiro nato, naturalizado ou cidad\u00e3o portugu\u00eas com igualdade de direitos e obriga\u00e7\u00f5es civis e pol\u00edticos;<\/li>\n\n\n\n<li>Brasileiros naturalizados devem informar, no ato da posse, detalhes sobre o processo de naturaliza\u00e7\u00e3o, como data de chegada ao Brasil, pa\u00eds de origem, data de publica\u00e7\u00e3o da naturaliza\u00e7\u00e3o e se possuem filhos brasileiros;<\/li>\n\n\n\n<li>Brasileiros naturalizados devem apresentar documentos que comprovem a regularidade com as obriga\u00e7\u00f5es militares e eleitorais;<\/li>\n\n\n\n<li>Ter no m\u00ednimo 18 anos completos na data da posse, conforme a Lei Complementar n\u00ba 067\/2016, artigo 3\u00ba, inciso VI;<\/li>\n\n\n\n<li>Possuir Carteira Nacional de Habilita\u00e7\u00e3o (CNH), no m\u00ednimo na categoria AB;<\/li>\n\n\n\n<li>Ter aptid\u00e3o f\u00edsica, mental e psicol\u00f3gica para o exerc\u00edcio das fun\u00e7\u00f5es do cargo;<\/li>\n\n\n\n<li>Ser considerado apto nos exames de sa\u00fade m\u00e9dico\/toxicol\u00f3gico de larga janela de detec\u00e7\u00e3o;<\/li>\n\n\n\n<li>Apresentar certid\u00f5es negativas expedidas pelo Poder Judici\u00e1rio Federal, Poder Judici\u00e1rio do Estado de Goi\u00e1s e do Estado de origem do candidato;<\/li>\n\n\n\n<li>Estar quite com as obriga\u00e7\u00f5es eleitorais;<\/li>\n\n\n\n<li>Estar em pleno gozo dos direitos civis e pol\u00edticos;<\/li>\n\n\n\n<li>Estar quite com as obriga\u00e7\u00f5es militares, se do sexo masculino;<\/li>\n\n\n\n<li>Comprovar idoneidade moral por meio de investiga\u00e7\u00e3o social;<\/li>\n\n\n\n<li>Possuir a escolaridade e os requisitos exigidos para o cargo;\n<ul class=\"wp-block-list\">\n<li>A comprova\u00e7\u00e3o da escolaridade ser\u00e1 feita por meio de diploma original registrado e reconhecido pelo Minist\u00e9rio da Educa\u00e7\u00e3o.<\/li>\n\n\n\n<li>Diplomas obtidos no exterior devem ser validados pelos \u00f3rg\u00e3os competentes no Brasil, conforme a legisla\u00e7\u00e3o vigente no momento da posse.<\/li>\n<\/ul>\n<\/li>\n\n\n\n<li>Possuir idoneidade moral, comprovada por certid\u00f5es negativas civis e criminais emitidas pelo Poder Judici\u00e1rio Federal e Estadual;<\/li>\n\n\n\n<li>Outras exig\u00eancias estabelecidas em lei poder\u00e3o ser solicitadas para o desempenho do cargo;<\/li>\n\n\n\n<li>No ato da posse, o candidato poder\u00e1 ter sua investidura negada caso n\u00e3o comprove os requisitos e documentos exigidos no edital;<\/li>\n\n\n\n<li>Outros documentos poder\u00e3o ser solicitados pelo setor de Recursos Humanos da Prefeitura de Caldas Novas\/GO; e<\/li>\n\n\n\n<li>Atender a todas as exig\u00eancias contidas nas Leis Complementares n\u00ba 067\/2016 e n\u00ba 218\/2024.<\/li>\n<\/ul>\n\n\n\n<h2 class=\"wp-block-heading\">Etapas de Sele\u00e7\u00e3o<\/h2>\n\n\n\n<p>O concurso Prefeitura de Caldas Novas ser\u00e1 composto por 6 etapas, todas de car\u00e1ter eliminat\u00f3rio, exceto a prova objetiva, que ter\u00e1 car\u00e1ter classificat\u00f3rio e eliminat\u00f3rio. Confira a seguir:<\/p>\n\n\n\n<ul class=\"wp-block-list\">\n<li>Prova Objetiva;<\/li>\n\n\n\n<li>Avalia\u00e7\u00e3o M\u00e9dica\/Per\u00edcia M\u00e9dica (PcD\u2019s);<\/li>\n\n\n\n<li>Avalia\u00e7\u00e3o de Aptid\u00e3o F\u00edsica \u2013 TAF;<\/li>\n\n\n\n<li>Avalia\u00e7\u00e3o Psicol\u00f3gica;<\/li>\n\n\n\n<li>Investiga\u00e7\u00e3o Social; e<\/li>\n\n\n\n<li>Curso de Forma\u00e7\u00e3o Profissional \u2013 CFP GCM.<\/li>\n<\/ul>\n\n\n\n<p>O concurso ter\u00e1 validade de <strong>2 anos<\/strong>, contados da data de homologa\u00e7\u00e3o do resultado final, podendo ser prorrogado uma \u00fanica vez por igual per\u00edodo, a crit\u00e9rio da Prefeitura de Caldas Novas.<\/p>\n\n\n\n<h3 class=\"wp-block-heading\">Prova objetiva<\/h3>\n\n\n\n<p>A <strong>prova objetiva <\/strong>ser\u00e1 a primeira etapa, com <strong>40 quest\u00f5es de m\u00faltipla escolha<\/strong> e dura\u00e7\u00e3o de 3 horas. O candidato dever\u00e1 alcan\u00e7ar pelo menos <strong>60,0 pontos<\/strong> no total e pontua\u00e7\u00f5es m\u00ednimas em cada disciplina:<\/p>\n\n\n\n<ul class=\"wp-block-list\">\n<li>Conhecimentos Gerais:\n<ul class=\"wp-block-list\">\n<li>L\u00edngua Portuguesa: 10 quest\u00f5es;<\/li>\n\n\n\n<li>Conhecimentos Gerais e Atualidades: 5 quest\u00f5es;<\/li>\n\n\n\n<li>No\u00e7\u00f5es de Inform\u00e1tica: 5 quest\u00f5es; e<\/li>\n<\/ul>\n<\/li>\n\n\n\n<li>Conhecimentos Espec\u00edficos: 20 quest\u00f5es .<\/li>\n<\/ul>\n\n\n\n<p>Ser\u00e1 considerado habilitado quem atingir a pontua\u00e7\u00e3o m\u00ednima exigida em cada disciplina e no total da prova.<\/p>\n\n\n\n<h3 class=\"wp-block-heading\">Avalia\u00e7\u00e3o M\u00e9dica<\/h3>\n\n\n\n<p>A segunda etapa ser\u00e1 a <strong>avalia\u00e7\u00e3o m\u00e9dica<\/strong> para os candidatos aprovados na prova objetiva e classificados dentro do limite de vagas. Ela avaliar\u00e1 a aptid\u00e3o f\u00edsica e mental do candidato, com exig\u00eancia de exames m\u00e9dicos e toxicol\u00f3gicos.<\/p>\n\n\n\n<h3 class=\"wp-block-heading\">Teste de Aptid\u00e3o F\u00edsica<\/h3>\n\n\n\n<p>O <strong>teste de aptid\u00e3o f\u00edsica<\/strong> (TAF) submeter\u00e1 os candidatos aprovados na etapa anterior aos seguintes testes:<\/p>\n\n\n<div class=\"wp-block-image\">\n<figure class=\"aligncenter size-full\"><img loading=\"lazy\" decoding=\"async\" width=\"851\" height=\"747\" src=\"https:\/\/www.apostilasopcao.com.br\/blog\/wp-content\/uploads\/2025\/03\/Capturar-13.webp\" alt=\"Teste de aptid\u00e3o f\u00edsica concurso Prefeitura de Caldas Novas\" class=\"wp-image-120\" srcset=\"https:\/\/www.apostilasopcao.com.br\/blog\/wp-content\/uploads\/2025\/03\/Capturar-13.webp 851w, https:\/\/www.apostilasopcao.com.br\/blog\/wp-content\/uploads\/2025\/03\/Capturar-13-300x263.webp 300w, https:\/\/www.apostilasopcao.com.br\/blog\/wp-content\/uploads\/2025\/03\/Capturar-13-768x674.webp 768w\" sizes=\"auto, (max-width: 851px) 100vw, 851px\" \/><\/figure>\n<\/div>\n\n\n<p>O candidato deve ser considerado <strong>apto em todos os testes<\/strong> para seguir adiante.<\/p>\n\n\n\n<h3 class=\"wp-block-heading\">Avalia\u00e7\u00e3o Psicol\u00f3gica<\/h3>\n\n\n\n<p>A  <strong>avalia\u00e7\u00e3o psicol\u00f3gica<\/strong>, exigida para o porte de arma e exerc\u00edcio da fun\u00e7\u00e3o. A an\u00e1lise ser\u00e1 feita por psic\u00f3logos credenciados junto \u00e0 Pol\u00edcia Federal e visa avaliar aspectos como autocontrole, disciplina, relacionamento interpessoal e capacidade de trabalho sob press\u00e3o.<\/p>\n\n\n\n<h3 class=\"wp-block-heading\">Investiga\u00e7\u00e3o Social<\/h3>\n\n\n\n<p>Durante a etapa de <strong>investiga\u00e7\u00e3o social<\/strong> ser\u00e1 verificada a conduta do candidato, por meio da an\u00e1lise de documentos e certid\u00f5es. O candidato ser\u00e1 classificado como \u201cRecomendado\u201d ou \u201cN\u00e3o Recomendado\u201d.<\/p>\n\n\n\n<h3 class=\"wp-block-heading\">Curso de Forma\u00e7\u00e3o Profissional<\/h3>\n\n\n\n<p>A \u00faltima etapa \u00e9 o <strong>curso de forma\u00e7\u00e3o profissional<\/strong>, com dura\u00e7\u00e3o estimada de 3 meses. O candidato precisa obter frequ\u00eancia m\u00ednima de 90% e aproveitamento de ao menos 70% nas avalia\u00e7\u00f5es do curso.<\/p>\n\n\n\n<p>Durante o curso de forma\u00e7\u00e3o, n\u00e3o h\u00e1 v\u00ednculo empregat\u00edcio com o munic\u00edpio e todas as despesas s\u00e3o de responsabilidade do candidato.<\/p>\n\n\n\n<h2 class=\"wp-block-heading\">Como se preparar?<\/h2>\n\n\n\n<p>Para quem deseja garantir uma das vagas no concurso Prefeitura de Caldas Novas\/GO, \u00e9 fundamental iniciar os estudos com anteced\u00eancia e utilizar materiais espec\u00edficos e atualizados.<\/p>\n\n\n\n<p>A Editora Op\u00e7\u00e3o oferece&nbsp;<strong>apostilas completas<\/strong>&nbsp;e&nbsp;<strong>cursos preparat\u00f3rios<\/strong>&nbsp;com conte\u00fado atualizado conforme o edital, abordando todas as disciplinas exigidas na prova.<\/p>\n\n\n\n<p>Aproveite essa oportunidade e comece sua prepara\u00e7\u00e3o agora mesmo! <\/p>\n\n\n\n<p>A\u00a0<a href=\"https:\/\/www.apostilasopcao.com.br\/apostila\/prefeitura-caldas-novas-go-guarda-civil-municipal?q=prefeitura%20de%20caldas%20novas\" target=\"_blank\" rel=\"noreferrer noopener\">apostila Prefeitura de Caldas Novas &#8211; GO 2025 &#8211; Guarda Civil Municipal<\/a>\u00a0pode ser o atalho para sua aprova\u00e7\u00e3o! Com conte\u00fado atualizado conforme o \u00faltimo edital, ela re\u00fane teoria completa, quest\u00f5es comentadas e gabaritadas, al\u00e9m de b\u00f4nus exclusivos para potencializar seus estudos. Garanta j\u00e1 a sua e comece sua prepara\u00e7\u00e3o de forma eficiente!<\/p>\n\n\n\n<p>Conhe\u00e7a tamb\u00e9m o <a href=\"https:\/\/www.apostilasopcao.com.br\/curso-online\/curso-prefeitura-caldas-novas-go-guarda-civil-municipal?q=prefeitura%20de%20caldas%20novas\" target=\"_blank\" rel=\"noreferrer noopener\">curso online Prefeitura de Caldas Novas-GO &#8211; Guarda Civil Municipal<\/a>.<\/p>\n","protected":false},"excerpt":{"rendered":"<p>O Inep receber\u00e1 as inscri\u00e7\u00f5es para o concurso Prefeitura de Caldas Novas entre os dias 14 de abril e 9 de maio. S\u00e3o 60 vagas dispon\u00edveis para o cargo de Guarda Civil Municipal, com sal\u00e1rio de R$ 3,1 mil. Aproveite essa oportunidade e garanta sua inscri\u00e7\u00e3o!<\/p>\n","protected":false},"author":3,"featured_media":122,"comment_status":"closed","ping_status":"closed","sticky":false,"template":"","format":"standard","meta":{"_acf_changed":false,"breadcrumbs_single_post":"","page_title_panel":"","breadcrumbs_single_page":"","single_page_alignment":"","single_page_margin":"","page_structure_type":"","content_style_source":"","content_style":"","blog_post_streched_ed":"","blog_page_streched_ed":"","has_transparent_header":"","disable_transparent_header":"","vertical_spacing_source":"","content_area_spacing":"","single_post_content_background":"","single_page_content_background":"","single_post_boxed_content_spacing":"","single_page_boxed_content_spacing":"","single_post_content_boxed_radius":"","single_page_content_boxed_radius":"","disable_featured_image":"","disable_post_tags":"","disable_author_box":"","disable_posts_navigation":"","disable_comments":"","disable_related_posts":"","disable_header":"","disable_footer":"","footnotes":""},"categories":[14,4],"tags":[34],"class_list":["post-119","post","type-post","status-publish","format-standard","has-post-thumbnail","hentry","category-go","category-noticias","tag-concurso-prefeitura-de-caldas-novas","rishi-post"],"acf":{"data_prova":"20250608","status":false},"_links":{"self":[{"href":"https:\/\/www.apostilasopcao.com.br\/blog\/wp-json\/wp\/v2\/posts\/119","targetHints":{"allow":["GET"]}}],"collection":[{"href":"https:\/\/www.apostilasopcao.com.br\/blog\/wp-json\/wp\/v2\/posts"}],"about":[{"href":"https:\/\/www.apostilasopcao.com.br\/blog\/wp-json\/wp\/v2\/types\/post"}],"author":[{"embeddable":true,"href":"https:\/\/www.apostilasopcao.com.br\/blog\/wp-json\/wp\/v2\/users\/3"}],"replies":[{"embeddable":true,"href":"https:\/\/www.apostilasopcao.com.br\/blog\/wp-json\/wp\/v2\/comments?post=119"}],"version-history":[{"count":1,"href":"https:\/\/www.apostilasopcao.com.br\/blog\/wp-json\/wp\/v2\/posts\/119\/revisions"}],"predecessor-version":[{"id":123,"href":"https:\/\/www.apostilasopcao.com.br\/blog\/wp-json\/wp\/v2\/posts\/119\/revisions\/123"}],"wp:featuredmedia":[{"embeddable":true,"href":"https:\/\/www.apostilasopcao.com.br\/blog\/wp-json\/wp\/v2\/media\/122"}],"wp:attachment":[{"href":"https:\/\/www.apostilasopcao.com.br\/blog\/wp-json\/wp\/v2\/media?parent=119"}],"wp:term":[{"taxonomy":"category","embeddable":true,"href":"https:\/\/www.apostilasopcao.com.br\/blog\/wp-json\/wp\/v2\/categories?post=119"},{"taxonomy":"post_tag","embeddable":true,"href":"https:\/\/www.apostilasopcao.com.br\/blog\/wp-json\/wp\/v2\/tags?post=119"}],"curies":[{"name":"wp","href":"https:\/\/api.w.org\/{rel}","templated":true}]}}