{"id":12319,"date":"2026-04-27T09:57:42","date_gmt":"2026-04-27T12:57:42","guid":{"rendered":"https:\/\/www.apostilasopcao.com.br\/blog\/?p=12319"},"modified":"2026-04-27T09:57:46","modified_gmt":"2026-04-27T12:57:46","slug":"camara-de-rio-das-ostras-rj","status":"publish","type":"post","link":"https:\/\/www.apostilasopcao.com.br\/blog\/camara-de-rio-das-ostras-rj\/","title":{"rendered":"Concurso C\u00e2mara de Rio das Ostras RJ: Edital publicado! 38 vagas!"},"content":{"rendered":"\n<p>Ol\u00e1, concurseiros! Foi publicado o novo concurso C\u00e2mara de Rio das Ostras RJ! Oferta\u00a0<strong>38<\/strong> <strong>vagas<\/strong>, sendo <strong>19 vagas<\/strong> imediatas e <strong>19<\/strong> em cadastro de reserva, distribu\u00eddas entre\u00a0<strong>diferentes cargos de n\u00edvel m\u00e9dio e superior<\/strong>. Os sal\u00e1rios iniciais variam de\u00a0<strong><strong>R$ 2.180,00 a R$ 5.713,00<\/strong><\/strong>. As inscri\u00e7\u00f5es estar\u00e3o abertas a partir de\u00a0<strong><strong><strong>30 de abril<\/strong><\/strong><\/strong>\u00a0e se estendem at\u00e9\u00a0<strong><strong><strong>1\u00ba de junho<\/strong> de 2026<\/strong><\/strong>. J\u00e1 a prova objetiva est\u00e1 prevista para o dia<strong>\u00a0<strong>2 de agosto de 2026<\/strong><\/strong>. A taxa de inscri\u00e7\u00e3o \u00e9 de\u00a0<strong>R$ 95,00 a R$ 120,00. <\/strong>Continue lendo e saiba mais!<\/p>\n\n\n\n<h2 class=\"wp-block-heading\">Resumo do edital<\/h2>\n\n\n\n<ul class=\"wp-block-list\">\n<li><strong>Vagas:<\/strong>\u00a019+19 CR<\/li>\n\n\n\n<li><strong>Inscri\u00e7\u00f5es:<\/strong>\u00a030\/04\/2026 a 01\/06\/2026<\/li>\n\n\n\n<li><strong>Taxa de inscri\u00e7\u00e3o:<\/strong>\u00a0R$ 95,00 a R$ 120,00<\/li>\n\n\n\n<li><strong>Prova:\u00a0<\/strong>02\/08\/2026<\/li>\n\n\n\n<li><strong>Sal\u00e1rio inicial:<\/strong>\u00a0R$ 2.180,00 a R$ 5.713,00<\/li>\n\n\n\n<li><strong>Banca:<\/strong>\u00a0Instituto A\u00e7\u00e3o<\/li>\n\n\n\n<li><a href=\"https:\/\/www.apostilasopcao.com.br\/blog\/wp-content\/uploads\/2026\/04\/edital-camara-de-rio-das-ostras-rj-2026.pdf\" target=\"_blank\" rel=\"noreferrer noopener\">Baixe o edital<\/a><\/li>\n<\/ul>\n\n\n\n<h2 class=\"wp-block-heading\">Concurso C\u00e2mara de Rio das Ostras RJ: Inscri\u00e7\u00f5es<\/h2>\n\n\n\n<p>As inscri\u00e7\u00f5es do Concurso C\u00e2mara de Rio das Ostras RJ poder\u00e3o ser feitas\u00a0entre <strong><strong><strong><strong>30 de abril<\/strong><\/strong><\/strong>\u00a0e\u00a0<strong><strong><strong>1\u00ba de junho<\/strong> de 2026<\/strong><\/strong><\/strong>, ser\u00e3o realizadas exclusivamente pela internet por meio do portal do\u00a0<a href=\"https:\/\/www.acaobahiaorganizacao.com.br\/informacoes\/62\/\" target=\"_blank\" rel=\"noreferrer noopener\">Instituto A\u00e7\u00e3o<\/a>, respons\u00e1vel pela organiza\u00e7\u00e3o do certame. Com taxa de inscri\u00e7\u00e3o de:<\/p>\n\n\n\n<ul class=\"wp-block-list\">\n<li><strong>R$ 95,00<\/strong> n\u00edveis m\u00e9dio e t\u00e9cnico;<\/li>\n\n\n\n<li><strong>R$ 120,00<\/strong> n\u00edvel superior.<\/li>\n<\/ul>\n\n\n\n<p><strong><em>A data limite para pagamento do boleto banc\u00e1rio referente \u00e0 taxa de inscri\u00e7\u00e3o \u00e9 dia<\/em><\/strong>\u00a0<strong><em>12 de junho de 2026.<\/em><\/strong><\/p>\n\n\n\n<h3 class=\"wp-block-heading\">Isen\u00e7\u00e3o da taxa<\/h3>\n\n\n\n<p>Per\u00edodo de solicita\u00e7\u00e3o da isen\u00e7\u00e3o da taxa ser\u00e1 de\u00a0<strong>30 de abril a 5 de maio<\/strong> <strong>de 2026.<\/strong>\u00a0Tem direito ao benef\u00edcio:<\/p>\n\n\n\n<ul class=\"wp-block-list\">\n<li>Candidatos que declararem e comprovarem hipossufici\u00eancia de recursos financeiros poder\u00e3o solicitar a isen\u00e7\u00e3o da taxa.<\/li>\n<\/ul>\n\n\n\n<h2 class=\"wp-block-heading\">Concurso C\u00e2mara de Rio das Ostras RJ: Cargos, vagas e sal\u00e1rios<\/h2>\n\n\n\n<p>O Concurso C\u00e2mara de Rio das Ostras RJ oferta\u00a0<strong>38<\/strong> <strong>vagas<\/strong>, sendo <strong>19 vagas<\/strong> imediatas e <strong>19<\/strong> em cadastro de reserva, distribu\u00eddas entre\u00a0<strong>diferentes cargos de n\u00edvel m\u00e9dio e superior<\/strong>. Os sal\u00e1rios iniciais variam de\u00a0<strong><strong>R$ 2.180,00 a R$ 5.713,00<\/strong><\/strong>. <\/p>\n\n\n\n<p><strong>N\u00edvel m\u00e9dio<\/strong><\/p>\n\n\n\n<ul class=\"wp-block-list\">\n<li>Assistente Legislativo: 9 vagas + 10 CR \u2014 R$ 2.180,00<\/li>\n\n\n\n<li>Auxiliar de Seguran\u00e7a Legislativa: 4 vagas + 4 CR \u2014 R$ 2.333,00<\/li>\n\n\n\n<li>T\u00e9cnico em Inform\u00e1tica: 1 vaga + 1 CR \u2014 R$ 2.300,00<\/li>\n<\/ul>\n\n\n\n<p><strong>N\u00edvel superior<\/strong><\/p>\n\n\n\n<ul class=\"wp-block-list\">\n<li>Consultor Legislativo: 3 vagas + 2 CR \u2014 R$ 2.800,00<\/li>\n\n\n\n<li>Procurador Legislativo: 1 vaga + 1 CR \u2014 R$ 5.713,00<\/li>\n\n\n\n<li>Contador Legislativo: 1 vaga + 1 CR \u2014 R$ 5.713,00<\/li>\n<\/ul>\n\n\n\n<h2 class=\"wp-block-heading\">Concurso C\u00e2mara de Rio das Ostras RJ: Requisitos<\/h2>\n\n\n\n<p>Para tomar posse no cargo, o candidato deve atender a uma s\u00e9rie de\u00a0<strong>requisitos legais<\/strong>\u00a0e comprovar todas as\u00a0<strong>condi\u00e7\u00f5es exigidas<\/strong>\u00a0no edital do\u00a0Concurso C\u00e2mara de Rio das Ostras RJ.\u00a0Para ingressar o candidato deve atender aos seguintes requisitos:<\/p>\n\n\n\n<ul class=\"wp-block-list\">\n<li>Ser aprovado no concurso p\u00fablico;<\/li>\n\n\n\n<li>Possuir nacionalidade brasileira (nata ou naturalizada) ou, no caso de estrangeiro, estar com situa\u00e7\u00e3o regular no pa\u00eds e visto permanente que permita trabalhar;<\/li>\n\n\n\n<li>Ter idade m\u00ednima de 18 anos na data da nomea\u00e7\u00e3o;<\/li>\n\n\n\n<li>Estar em pleno gozo dos direitos pol\u00edticos;<\/li>\n\n\n\n<li>Comprovar a escolaridade\/habilita\u00e7\u00e3o exigida para o cargo, reconhecida pelo MEC;<\/li>\n\n\n\n<li>Estar quite com as obriga\u00e7\u00f5es militares (para candidatos do sexo masculino);<\/li>\n\n\n\n<li>Estar em dia com as obriga\u00e7\u00f5es eleitorais;<\/li>\n\n\n\n<li>N\u00e3o acumular cargos, empregos ou fun\u00e7\u00f5es p\u00fablicas, salvo nas hip\u00f3teses legais;<\/li>\n\n\n\n<li>N\u00e3o receber aposentadoria incompat\u00edvel com o exerc\u00edcio do cargo;<\/li>\n\n\n\n<li>Cumprir todas as exig\u00eancias previstas no edital.<\/li>\n<\/ul>\n\n\n\n<h2 class=\"wp-block-heading\">Etapas de sele\u00e7\u00e3o<\/h2>\n\n\n\n<p>O\u00a0Concurso C\u00e2mara de Rio das Ostras RJ ser\u00e1 composto pelas seguintes fases:<\/p>\n\n\n\n<ul class=\"wp-block-list\">\n<li><strong>Prova Objetiva<\/strong>\u00a0\u2013 de car\u00e1ter eliminat\u00f3rio e classificat\u00f3rio;<\/li>\n\n\n\n<li><strong>Prova de T\u00edtulos<\/strong>\u00a0\u2013 de car\u00e1ter classificat\u00f3rio.<\/li>\n<\/ul>\n\n\n\n<h3 class=\"wp-block-heading\">Prova Objetiva<\/h3>\n\n\n\n<p>A prova objetiva est\u00e1 prevista para o dia <strong>2 de agosto de 2026<\/strong> e ser\u00e1 composta por quest\u00f5es de m\u00faltipla escolha, com cinco alternativas cada, totalizando at\u00e9 100 pontos. <\/p>\n\n\n\n<p><strong>N\u00edvel m\u00e9dio<\/strong><\/p>\n\n\n\n<ul class=\"wp-block-list\">\n<li>L\u00edngua Portuguesa: 10 quest\u00f5es<\/li>\n\n\n\n<li>Matem\u00e1tica: 10 quest\u00f5es<\/li>\n\n\n\n<li>Inform\u00e1tica: 10 quest\u00f5es<\/li>\n\n\n\n<li>Lei Org\u00e2nica do Munic\u00edpio: 5 quest\u00f5es<\/li>\n\n\n\n<li>Regimento Interno da C\u00e2mara: 5 quest\u00f5es<\/li>\n<\/ul>\n\n\n\n<p><strong>N\u00edvel m\u00e9dio\/t\u00e9cnico<\/strong><\/p>\n\n\n\n<ul class=\"wp-block-list\">\n<li>L\u00edngua Portuguesa: 10 quest\u00f5es<\/li>\n\n\n\n<li>Matem\u00e1tica: 5 quest\u00f5es<\/li>\n\n\n\n<li>Inform\u00e1tica: 5 quest\u00f5es<\/li>\n\n\n\n<li>Lei Org\u00e2nica do Munic\u00edpio: 5 quest\u00f5es<\/li>\n\n\n\n<li>Regimento Interno da C\u00e2mara: 5 quest\u00f5es<\/li>\n\n\n\n<li>Conhecimentos Espec\u00edficos: 10 quest\u00f5es<\/li>\n<\/ul>\n\n\n\n<p><strong>N\u00edvel superior<\/strong><\/p>\n\n\n\n<ul class=\"wp-block-list\">\n<li>L\u00edngua Portuguesa: 10 quest\u00f5es<\/li>\n\n\n\n<li>Inform\u00e1tica: 5 quest\u00f5es<\/li>\n\n\n\n<li>Lei Org\u00e2nica do Munic\u00edpio: 5 quest\u00f5es<\/li>\n\n\n\n<li>Regimento Interno da C\u00e2mara: 5 quest\u00f5es<\/li>\n\n\n\n<li>Conhecimentos Espec\u00edficos: 15 quest\u00f5es<\/li>\n<\/ul>\n\n\n\n<p><strong><em>Para aprova\u00e7\u00e3o, ser\u00e1 necess\u00e1rio obter m\u00ednimo de 50 pontos.<\/em><\/strong><\/p>\n\n\n\n<h3 class=\"wp-block-heading\">Prova de T\u00edtulos<\/h3>\n\n\n\n<p>A prova de t\u00edtulos ser\u00e1 aplicada apenas aos cargos de n\u00edvel superior do concurso C\u00e2mara de Rio das Ostras RJ, desde que aprovados na prova objetiva.<\/p>\n\n\n\n<figure class=\"wp-block-image size-full\"><img loading=\"lazy\" decoding=\"async\" width=\"563\" height=\"101\" src=\"https:\/\/www.apostilasopcao.com.br\/blog\/wp-content\/uploads\/2026\/04\/Captura-de-tela-2026-04-27-094525-convertido-de-png.webp\" alt=\"Prova de t\u00edtulos Concurso C\u00e2mara de Rio das Ostras RJ\" class=\"wp-image-12321\" srcset=\"https:\/\/www.apostilasopcao.com.br\/blog\/wp-content\/uploads\/2026\/04\/Captura-de-tela-2026-04-27-094525-convertido-de-png.webp 563w, https:\/\/www.apostilasopcao.com.br\/blog\/wp-content\/uploads\/2026\/04\/Captura-de-tela-2026-04-27-094525-convertido-de-png-300x54.webp 300w\" sizes=\"auto, (max-width: 563px) 100vw, 563px\" \/><\/figure>\n\n\n\n<p><strong>Quer ficar por dentro de tudo sobre o universo de concursos?\u00a0<a href=\"https:\/\/www.apostilasopcao.com.br\/blog\/noticias\/\" target=\"_blank\" rel=\"noreferrer noopener\">Confira as nossas not\u00edcias!<\/a><\/strong><\/p>\n","protected":false},"excerpt":{"rendered":"<p>Foi publicado o concurso C\u00e2mara de Rio das Ostras RJ, com oferta de 38 vagas (19 imediatas e 19 em cadastro de reserva) para n\u00edveis m\u00e9dio e superior. Os sal\u00e1rios v\u00e3o de R$ 2.180,00 a R$ 5.713,00, com inscri\u00e7\u00f5es de 30 de abril a 1\u00ba de junho de 2026 e prova prevista para 2 de agosto de 2026. Confira!<\/p>\n","protected":false},"author":13,"featured_media":12322,"comment_status":"closed","ping_status":"closed","sticky":false,"template":"","format":"standard","meta":{"_acf_changed":false,"breadcrumbs_single_post":"","page_title_panel":"","breadcrumbs_single_page":"","single_page_alignment":"","single_page_margin":"","page_structure_type":"","content_style_source":"","content_style":"","blog_post_streched_ed":"","blog_page_streched_ed":"","has_transparent_header":"","disable_transparent_header":"","vertical_spacing_source":"","content_area_spacing":"","single_post_content_background":"","single_page_content_background":"","single_post_boxed_content_spacing":"","single_page_boxed_content_spacing":"","single_post_content_boxed_radius":"","single_page_content_boxed_radius":"","disable_featured_image":"","disable_post_tags":"","disable_author_box":"","disable_posts_navigation":"","disable_comments":"","disable_related_posts":"","disable_header":"","disable_footer":"","footnotes":""},"categories":[4,24],"tags":[877],"class_list":["post-12319","post","type-post","status-publish","format-standard","has-post-thumbnail","hentry","category-noticias","category-rj","tag-concurso-camara-de-rio-das-ostras-rj","rishi-post"],"acf":{"data_prova":"20260802","status":"aberto"},"_links":{"self":[{"href":"https:\/\/www.apostilasopcao.com.br\/blog\/wp-json\/wp\/v2\/posts\/12319","targetHints":{"allow":["GET"]}}],"collection":[{"href":"https:\/\/www.apostilasopcao.com.br\/blog\/wp-json\/wp\/v2\/posts"}],"about":[{"href":"https:\/\/www.apostilasopcao.com.br\/blog\/wp-json\/wp\/v2\/types\/post"}],"author":[{"embeddable":true,"href":"https:\/\/www.apostilasopcao.com.br\/blog\/wp-json\/wp\/v2\/users\/13"}],"replies":[{"embeddable":true,"href":"https:\/\/www.apostilasopcao.com.br\/blog\/wp-json\/wp\/v2\/comments?post=12319"}],"version-history":[{"count":1,"href":"https:\/\/www.apostilasopcao.com.br\/blog\/wp-json\/wp\/v2\/posts\/12319\/revisions"}],"predecessor-version":[{"id":12323,"href":"https:\/\/www.apostilasopcao.com.br\/blog\/wp-json\/wp\/v2\/posts\/12319\/revisions\/12323"}],"wp:featuredmedia":[{"embeddable":true,"href":"https:\/\/www.apostilasopcao.com.br\/blog\/wp-json\/wp\/v2\/media\/12322"}],"wp:attachment":[{"href":"https:\/\/www.apostilasopcao.com.br\/blog\/wp-json\/wp\/v2\/media?parent=12319"}],"wp:term":[{"taxonomy":"category","embeddable":true,"href":"https:\/\/www.apostilasopcao.com.br\/blog\/wp-json\/wp\/v2\/categories?post=12319"},{"taxonomy":"post_tag","embeddable":true,"href":"https:\/\/www.apostilasopcao.com.br\/blog\/wp-json\/wp\/v2\/tags?post=12319"}],"curies":[{"name":"wp","href":"https:\/\/api.w.org\/{rel}","templated":true}]}}