{"id":12334,"date":"2026-04-27T13:33:11","date_gmt":"2026-04-27T16:33:11","guid":{"rendered":"https:\/\/www.apostilasopcao.com.br\/blog\/?p=12334"},"modified":"2026-04-27T13:34:22","modified_gmt":"2026-04-27T16:34:22","slug":"seduc-am","status":"publish","type":"post","link":"https:\/\/www.apostilasopcao.com.br\/blog\/seduc-am\/","title":{"rendered":"Concurso Seduc AM: Novo edital tem comiss\u00e3o formada!"},"content":{"rendered":"\n<p>Ol\u00e1, concurseiros! O novo concurso Seduc AM avan\u00e7a e j\u00e1 conta com <strong>comiss\u00e3o organizadora formada<\/strong>, refor\u00e7ando a expectativa pela publica\u00e7\u00e3o do <strong>edital em 2026<\/strong>. A sele\u00e7\u00e3o tem como principal objetivo suprir um expressivo<strong> d\u00e9ficit de 7.862 cargos vagos<\/strong> na rede estadual, com destaque para o <strong>cargo de professor<\/strong>, que concentra a maior car\u00eancia. Al\u00e9m disso, est\u00e3o previstas oportunidades para diversas \u00e1reas, incluindo fun\u00e7\u00f5es <strong>pedag\u00f3gicas, administrativas e de apoio<\/strong>. Com remunera\u00e7\u00f5es iniciais que podem chegar a <strong>R$ 14.663,62<\/strong> e previs\u00e3o or\u00e7ament\u00e1ria j\u00e1 indicada no <strong>PLOA 2026<\/strong>, o certame desponta como uma excelente oportunidade para quem busca ingressar no servi\u00e7o p\u00fablico na \u00e1rea da educa\u00e7\u00e3o. Continue lendo e saiba mais!<\/p>\n\n\n\n<h3 class=\"wp-block-heading\">Qual a situa\u00e7\u00e3o atual do concurso Seduc AM?<\/h3>\n\n\n\n<p>Concurso <a href=\"https:\/\/www.seduc.am.gov.br\/\" target=\"_blank\" rel=\"noreferrer noopener\">Seduc AM<\/a> j\u00e1 esta com <strong>comiss\u00e3o organizadora formada<\/strong>, que \u00e9 respons\u00e1vel por conduzir os preparativos do certame, como defini\u00e7\u00e3o da banca, conte\u00fados program\u00e1ticos e elabora\u00e7\u00e3o do edital.<\/p>\n\n\n\n<ul class=\"wp-block-list\">\n<li>Rosana Aparecida Freire Nunes<\/li>\n\n\n\n<li>Aline de Alencar Correia Figueiredo<\/li>\n\n\n\n<li>Ana Maria Gomes Andrade<\/li>\n\n\n\n<li>Elicl\u00e9ia Lopes Branches<\/li>\n\n\n\n<li>Itamar Pereira Nunes<\/li>\n\n\n\n<li>Jane L\u00facia Andrade Torres<\/li>\n\n\n\n<li>Maria de Nazar\u00e9 Jatob\u00e1 Lago<\/li>\n\n\n\n<li>Marilene Rem\u00edgio e Silva<\/li>\n\n\n\n<li>Raimundo Torres de Albuquerque<\/li>\n\n\n\n<li>Renan Taketomi de Magalh\u00e3es<\/li>\n\n\n\n<li>Rita Pereira dos Santos<\/li>\n\n\n\n<li>Rosa Maria Sim\u00f5es da Silva<\/li>\n\n\n\n<li>S\u00f4nia Elisandra Macedo de Oliveira<\/li>\n<\/ul>\n\n\n\n<figure class=\"wp-block-image size-full\"><img loading=\"lazy\" decoding=\"async\" width=\"584\" height=\"394\" src=\"https:\/\/www.apostilasopcao.com.br\/blog\/wp-content\/uploads\/2026\/04\/Captura-de-tela-2026-04-27-125611-convertido-de-png.webp\" alt=\"Comiss\u00e3o organizadora\" class=\"wp-image-12335\" srcset=\"https:\/\/www.apostilasopcao.com.br\/blog\/wp-content\/uploads\/2026\/04\/Captura-de-tela-2026-04-27-125611-convertido-de-png.webp 584w, https:\/\/www.apostilasopcao.com.br\/blog\/wp-content\/uploads\/2026\/04\/Captura-de-tela-2026-04-27-125611-convertido-de-png-300x202.webp 300w\" sizes=\"auto, (max-width: 584px) 100vw, 584px\" \/><\/figure>\n\n\n\n<p>Al\u00e9m disso, h\u00e1 um <strong>refor\u00e7o institucional para realiza\u00e7\u00e3o do concurso<\/strong>: o Tribunal de Contas do Estado do Amazonas (TCE-AM) j\u00e1 se posicionou apontando irregularidades no uso recorrente de contrata\u00e7\u00f5es tempor\u00e1rias para professores. O \u00f3rg\u00e3o destacou que essa pr\u00e1tica contraria a Constitui\u00e7\u00e3o Federal, que exige concurso p\u00fablico para investidura em cargos efetivos.<\/p>\n\n\n\n<p>Com isso, o cen\u00e1rio indica <strong>forte necessidade e press\u00e3o para publica\u00e7\u00e3o do edital<\/strong>, que segue previsto para 2026, visando reduzir o grande d\u00e9ficit de profissionais na rede estadual de ensino.<\/p>\n\n\n\n<h2 class=\"wp-block-heading\">Concurso Seduc AM: remunera\u00e7\u00e3o<\/h2>\n\n\n\n<p>A remunera\u00e7\u00e3o dos profissionais da Secretaria de Estado de Educa\u00e7\u00e3o do Amazonas foi atualizada pela <strong>Lei n\u00ba 7.836\/2025, <\/strong>que concedeu reajuste de<strong> 5,06%, <\/strong>em vigor desde novembro de 2025<strong>, alterando a Lei n\u00ba 3.951\/2013. <\/strong><\/p>\n\n\n\n<p>Com isso, os vencimentos iniciais variam de<strong> R$ 2.815,61 a R$ 14.663,62<\/strong>, a depender da forma\u00e7\u00e3o e da carga hor\u00e1ria.<\/p>\n\n\n\n<ul class=\"wp-block-list\">\n<li><strong>Professor\/Pedagogo (20h)<\/strong>\n<ul class=\"wp-block-list\">\n<li>Licenciatura: R$ 2.815,61<\/li>\n\n\n\n<li>Especialista: R$ 3.153,48<\/li>\n\n\n\n<li>Mestrado: R$ 4.730,19<\/li>\n\n\n\n<li>Doutorado: R$ 7.331,79<\/li>\n<\/ul>\n<\/li>\n\n\n\n<li><strong>Professor\/Pedagogo (40h)<\/strong>\n<ul class=\"wp-block-list\">\n<li>Licenciatura: R$ 5.631,18<\/li>\n\n\n\n<li>Especialista: R$ 6.306,91<\/li>\n\n\n\n<li>Mestrado: R$ 9.460,39<\/li>\n\n\n\n<li>Doutorado: R$ 14.663,62<\/li>\n<\/ul>\n<\/li>\n<\/ul>\n\n\n\n<h2 class=\"wp-block-heading\">\u00daltimo concurso Seduc AM<\/h2>\n\n\n\n<p>O \u00faltimo concurso da Seduc AM, realizado em 2018, ofertou 7.874 vagas para n\u00edveis <a href=\"https:\/\/www.apostilasopcao.com.br\/blog\/wp-content\/uploads\/2026\/04\/Edital-02-SEDUCAM-Nivel-Fundamental-e-Medio.pdf\" target=\"_blank\" rel=\"noreferrer noopener\">fundamental, m\u00e9dio<\/a> e <a href=\"https:\/\/www.apostilasopcao.com.br\/blog\/wp-content\/uploads\/2026\/04\/Edital-01-NIVEL-SUPERIOR.pdf\" target=\"_blank\" rel=\"noreferrer noopener\">superior<\/a>, com organiza\u00e7\u00e3o do <strong>Instituto Acesso<\/strong>. A maior parte das oportunidades foi destinada \u00e0 \u00e1rea de magist\u00e9rio, al\u00e9m de cargos administrativos e de apoio.<\/p>\n\n\n\n<h2 class=\"wp-block-heading\">Concurso Seduc AM: Cargos e vagas<\/h2>\n\n\n\n<p>Foram ofertadas vagas para diversos cargos, com destaque para:<\/p>\n\n\n\n<ul class=\"wp-block-list\">\n<li><strong>Professor (20h)<\/strong> | <strong>Vagas:<\/strong> 5.819 | <strong>Sal\u00e1rio:<\/strong> R$ 2.076,54<\/li>\n\n\n\n<li><strong>Professor (40h)<\/strong> | <strong>Vagas:<\/strong> 597 | <strong>Sal\u00e1rio:<\/strong> R$ 4.143,06<\/li>\n\n\n\n<li><strong>Pedagogo (20h)<\/strong> | <strong>Vagas:<\/strong> 151 | <strong>Sal\u00e1rio:<\/strong> R$ 2.076,54<\/li>\n\n\n\n<li><strong>Pedagogo (40h)<\/strong> | <strong>Vagas:<\/strong> 40 | <strong>Sal\u00e1rio:<\/strong> R$ 4.143,06<\/li>\n\n\n\n<li><strong>Assistente Social<\/strong> | <strong>Vagas:<\/strong> 37 | <strong>Sal\u00e1rio:<\/strong> R$ 3.114,84<\/li>\n\n\n\n<li><strong>Bibliotec\u00e1rio<\/strong> | <strong>Vagas:<\/strong> 50 | <strong>Sal\u00e1rio:<\/strong> R$ 3.114,84<\/li>\n\n\n\n<li><strong>Contador<\/strong> | <strong>Vagas:<\/strong> 5 | <strong>Sal\u00e1rio:<\/strong> R$ 3.114,84<\/li>\n\n\n\n<li><strong>Engenheiro<\/strong> | <strong>Vagas:<\/strong> 7 | <strong>Sal\u00e1rio:<\/strong> R$ 3.114,84<\/li>\n\n\n\n<li><strong>Estat\u00edstico<\/strong> | <strong>Vagas:<\/strong> 2 | <strong>Sal\u00e1rio:<\/strong> R$ 3.114,84<\/li>\n\n\n\n<li><strong>Fonoaudi\u00f3logo<\/strong> | <strong>Vagas:<\/strong> 3 | <strong>Sal\u00e1rio:<\/strong> R$ 3.114,84<\/li>\n\n\n\n<li><strong>Nutricionista<\/strong> | <strong>Vagas:<\/strong> 40 | <strong>Sal\u00e1rio:<\/strong> R$ 3.114,84<\/li>\n\n\n\n<li><strong>Psic\u00f3logo<\/strong> | <strong>Vagas:<\/strong> 36 | <strong>Sal\u00e1rio:<\/strong> R$ 3.114,84<\/li>\n\n\n\n<li><strong>Assistente T\u00e9cnico<\/strong> | <strong>Vagas:<\/strong> 38 | <strong>Sal\u00e1rio:<\/strong> R$ 1.779,24<\/li>\n\n\n\n<li><strong>Merendeiro<\/strong> | <strong>Vagas:<\/strong> 369 | <strong>Sal\u00e1rio:<\/strong> R$ 1.525,06<\/li>\n\n\n\n<li><strong><a href=\"https:\/\/www.apostilasopcao.com.br\/blog\/wp-content\/uploads\/2026\/04\/Edital-03-Professor-Indigena.pdf\" target=\"_blank\" rel=\"noreferrer noopener\">Professor (Ensino Ind\u00edgena)<\/a><\/strong> | <strong>Vagas:<\/strong> 680 | <strong>Sal\u00e1rio:<\/strong> R$ 2.076,54<\/li>\n<\/ul>\n\n\n\n<p>Tamb\u00e9m houve reserva de vagas para pessoas com defici\u00eancia e candidatos com S\u00edndrome de Down.<\/p>\n\n\n\n<h2 class=\"wp-block-heading\">Etapas do concurso<\/h2>\n\n\n\n<p>O Concurso Seduc AM contou com etapas variadas, conforme o cargo:<\/p>\n\n\n\n<ul class=\"wp-block-list\">\n<li><strong>Prova objetiva<\/strong> (para todos os cargos)<\/li>\n\n\n\n<li><strong>Prova discursiva <\/strong>(n\u00edvel superior)<\/li>\n\n\n\n<li><strong>Avalia\u00e7\u00e3o de t\u00edtulos<\/strong> (professores)<\/li>\n\n\n\n<li><strong>Prova pr\u00e1tica<\/strong> (em alguns cargos espec\u00edficos)<\/li>\n<\/ul>\n\n\n\n<h3 class=\"wp-block-heading\">Prova Objetivas<\/h3>\n\n\n\n<p>As provas objetivas tiveram entre <strong>40 e 50 quest\u00f5es<\/strong>, abrangendo disciplinas como:<\/p>\n\n\n\n<p><strong>Disciplinas da prova objetiva<\/strong><\/p>\n\n\n\n<ul class=\"wp-block-list\">\n<li><strong>Professor Ind\u00edgena<\/strong>\n<ul class=\"wp-block-list\">\n<li>L\u00edngua Portuguesa: 10 quest\u00f5es<\/li>\n\n\n\n<li>Conhecimentos Pedag\u00f3gicos: 15 quest\u00f5es<\/li>\n\n\n\n<li>Conhecimentos Espec\u00edficos: 15 quest\u00f5es<\/li>\n<\/ul>\n<\/li>\n\n\n\n<li><strong>Assistente T\u00e9cnico<\/strong>\n<ul class=\"wp-block-list\">\n<li>L\u00edngua Portuguesa: 10 quest\u00f5es<\/li>\n\n\n\n<li>Racioc\u00ednio L\u00f3gico-Matem\u00e1tico: 8 quest\u00f5es<\/li>\n\n\n\n<li>No\u00e7\u00f5es de Inform\u00e1tica: 7 quest\u00f5es<\/li>\n\n\n\n<li>Conhecimentos Espec\u00edficos: 15 quest\u00f5es<\/li>\n<\/ul>\n<\/li>\n\n\n\n<li><strong>Merendeiro<\/strong>\n<ul class=\"wp-block-list\">\n<li>L\u00edngua Portuguesa: 15 quest\u00f5es<\/li>\n\n\n\n<li>Matem\u00e1tica: 15 quest\u00f5es<\/li>\n\n\n\n<li>Conhecimentos Espec\u00edficos: 10 quest\u00f5es<\/li>\n<\/ul>\n<\/li>\n\n\n\n<li><strong>Professor<\/strong>\n<ul class=\"wp-block-list\">\n<li>L\u00edngua Portuguesa: 10 quest\u00f5es<\/li>\n\n\n\n<li>Conhecimentos Pedag\u00f3gicos: 20 quest\u00f5es<\/li>\n\n\n\n<li>Conhecimentos Espec\u00edficos: 20 quest\u00f5es<\/li>\n<\/ul>\n<\/li>\n\n\n\n<li><strong>Demais cargos de n\u00edvel superior<\/strong>\n<ul class=\"wp-block-list\">\n<li>L\u00edngua Portuguesa: 20 quest\u00f5es<\/li>\n\n\n\n<li>Legisla\u00e7\u00e3o Espec\u00edfica: 10 quest\u00f5es<\/li>\n\n\n\n<li>Conhecimentos Espec\u00edficos: 20 quest\u00f5es<\/li>\n<\/ul>\n<\/li>\n<\/ul>\n\n\n\n<h3 class=\"wp-block-heading\">Prova discursiva<\/h3>\n\n\n\n<p>A prova discursiva ser\u00e1 aplicada a todos os candidatos e consistir\u00e1 em uma <strong>\u00fanica quest\u00e3o<\/strong> relacionada aos <strong>conhecimentos espec\u00edficos<\/strong> de cada cargo. <\/p>\n\n\n\n<p>Para os cargos de professor<strong> (20h e 40h)<\/strong>, a quest\u00e3o abordar\u00e1 o cotidiano escolar, com base nos conte\u00fados de conhecimentos pedag\u00f3gicos.<\/p>\n\n\n\n<h3 class=\"wp-block-heading\">Avalia\u00e7\u00e3o de t\u00edtulos <\/h3>\n\n\n\n<p>A Avalia\u00e7\u00e3o de T\u00edtulos do Concurso Seduc AM \u00e9 de car\u00e1ter apenas classificat\u00f3rio.<\/p>\n\n\n\n<figure class=\"wp-block-image size-full\"><img loading=\"lazy\" decoding=\"async\" width=\"419\" height=\"448\" src=\"https:\/\/www.apostilasopcao.com.br\/blog\/wp-content\/uploads\/2026\/04\/Captura-de-tela-2026-04-27-131820-convertido-de-png.webp\" alt=\"Avalia\u00e7\u00e3o de T\u00edtulos\" class=\"wp-image-12339\" srcset=\"https:\/\/www.apostilasopcao.com.br\/blog\/wp-content\/uploads\/2026\/04\/Captura-de-tela-2026-04-27-131820-convertido-de-png.webp 419w, https:\/\/www.apostilasopcao.com.br\/blog\/wp-content\/uploads\/2026\/04\/Captura-de-tela-2026-04-27-131820-convertido-de-png-281x300.webp 281w\" sizes=\"auto, (max-width: 419px) 100vw, 419px\" \/><\/figure>\n\n\n\n<h3 class=\"wp-block-heading\">Prova Pr\u00e1tica <\/h3>\n\n\n\n<p>A prova pr\u00e1tica consistir\u00e1 na<strong> prepara\u00e7\u00e3o de uma receita<\/strong> conforme ficha t\u00e9cnica fornecida. O candidato dever\u00e1 manipular os ingredientes e utilizar corretamente os equipamentos e utens\u00edlios de cozinha, seguindo as quantidades e instru\u00e7\u00f5es estabelecidas, al\u00e9m de respeitar o tempo definido no edital. <\/p>\n\n\n\n<p>A dura\u00e7\u00e3o ser\u00e1 de at\u00e9 <strong>30 minutos por candidato.<\/strong><\/p>\n\n\n\n<p><strong>Quer ficar por dentro de tudo sobre o universo de concursos?\u00a0<a href=\"https:\/\/www.apostilasopcao.com.br\/blog\/noticias\/\" target=\"_blank\" rel=\"noreferrer noopener\">Confira as nossas not\u00edcias!<\/a><\/strong><\/p>\n","protected":false},"excerpt":{"rendered":"<p>Concurso Seduc AM est\u00e1 com comiss\u00e3o formada, refor\u00e7ando a expectativa pela publica\u00e7\u00e3o do edital em 2026! Previs\u00e3o or\u00e7ament\u00e1ria j\u00e1 indicada no PLOA 2026. Principal objetivo \u00e9 suprir o d\u00e9ficit de 7.862 cargos vagos! Confira!<\/p>\n","protected":false},"author":13,"featured_media":12340,"comment_status":"closed","ping_status":"closed","sticky":false,"template":"","format":"standard","meta":{"_acf_changed":false,"breadcrumbs_single_post":"","page_title_panel":"","breadcrumbs_single_page":"","single_page_alignment":"","single_page_margin":"","page_structure_type":"","content_style_source":"","content_style":"","blog_post_streched_ed":"","blog_page_streched_ed":"","has_transparent_header":"","disable_transparent_header":"","vertical_spacing_source":"","content_area_spacing":"","single_post_content_background":"","single_page_content_background":"","single_post_boxed_content_spacing":"","single_page_boxed_content_spacing":"","single_post_content_boxed_radius":"","single_page_content_boxed_radius":"","disable_featured_image":"","disable_post_tags":"","disable_author_box":"","disable_posts_navigation":"","disable_comments":"","disable_related_posts":"","disable_header":"","disable_footer":"","footnotes":""},"categories":[4,9],"tags":[879],"class_list":["post-12334","post","type-post","status-publish","format-standard","has-post-thumbnail","hentry","category-noticias","category-am","tag-concurso-seduc-am","rishi-post"],"acf":{"data_prova":null,"status":"previsto"},"_links":{"self":[{"href":"https:\/\/www.apostilasopcao.com.br\/blog\/wp-json\/wp\/v2\/posts\/12334","targetHints":{"allow":["GET"]}}],"collection":[{"href":"https:\/\/www.apostilasopcao.com.br\/blog\/wp-json\/wp\/v2\/posts"}],"about":[{"href":"https:\/\/www.apostilasopcao.com.br\/blog\/wp-json\/wp\/v2\/types\/post"}],"author":[{"embeddable":true,"href":"https:\/\/www.apostilasopcao.com.br\/blog\/wp-json\/wp\/v2\/users\/13"}],"replies":[{"embeddable":true,"href":"https:\/\/www.apostilasopcao.com.br\/blog\/wp-json\/wp\/v2\/comments?post=12334"}],"version-history":[{"count":1,"href":"https:\/\/www.apostilasopcao.com.br\/blog\/wp-json\/wp\/v2\/posts\/12334\/revisions"}],"predecessor-version":[{"id":12341,"href":"https:\/\/www.apostilasopcao.com.br\/blog\/wp-json\/wp\/v2\/posts\/12334\/revisions\/12341"}],"wp:featuredmedia":[{"embeddable":true,"href":"https:\/\/www.apostilasopcao.com.br\/blog\/wp-json\/wp\/v2\/media\/12340"}],"wp:attachment":[{"href":"https:\/\/www.apostilasopcao.com.br\/blog\/wp-json\/wp\/v2\/media?parent=12334"}],"wp:term":[{"taxonomy":"category","embeddable":true,"href":"https:\/\/www.apostilasopcao.com.br\/blog\/wp-json\/wp\/v2\/categories?post=12334"},{"taxonomy":"post_tag","embeddable":true,"href":"https:\/\/www.apostilasopcao.com.br\/blog\/wp-json\/wp\/v2\/tags?post=12334"}],"curies":[{"name":"wp","href":"https:\/\/api.w.org\/{rel}","templated":true}]}}