{"id":12350,"date":"2026-04-28T09:43:49","date_gmt":"2026-04-28T12:43:49","guid":{"rendered":"https:\/\/www.apostilasopcao.com.br\/blog\/?p=12350"},"modified":"2026-04-28T09:43:53","modified_gmt":"2026-04-28T12:43:53","slug":"abgf","status":"publish","type":"post","link":"https:\/\/www.apostilasopcao.com.br\/blog\/abgf\/","title":{"rendered":"Concurso ABGF: FCC \u00e9 a banca do primeiro edital!"},"content":{"rendered":"\n<p>Ol\u00e1, concurseiros!\u00a0O primeiro concurso ABGF est\u00e1 cada vez mais pr\u00f3ximo de se concretizar e j\u00e1 movimenta a expectativa dos candidatos. A defini\u00e7\u00e3o da<strong> Funda\u00e7\u00e3o Carlos Chagas (FCC) <\/strong>como <strong>banca organizadora<\/strong>, oficializada por despacho no Portal Nacional de Contrata\u00e7\u00f5es P\u00fablicas, marca um avan\u00e7o significativo rumo \u00e0 publica\u00e7\u00e3o do edital, prevista para a <strong>segunda quinzena de maio de 2026<\/strong>. Este ser\u00e1 um marco institucional, por se tratar do<strong> primeiro <\/strong>Concurso ABGF voltado \u00e0 forma\u00e7\u00e3o do quadro pr\u00f3prio da entidade, com previs\u00e3o de <strong>49 vagas<\/strong> para cargos efetivos nas carreiras de <strong>Especialista e Analista<\/strong> at\u00e9 2028. Continue lendo e saiba mais!<\/p>\n\n\n\n<h2 class=\"wp-block-heading\">Qual a situa\u00e7\u00e3o atual do Concurso ABGF?<\/h2>\n\n\n\n<p>A situa\u00e7\u00e3o atual do concurso ABGF \u00e9 de fase avan\u00e7ada, com o edital iminente. A <strong><a href=\"https:\/\/www.fcc.org.br\/\" target=\"_blank\" rel=\"noreferrer noopener\">Funda\u00e7\u00e3o Carlos Chagas (FCC)<\/a><\/strong> j\u00e1 foi oficialmente contratada em abril de 2026, ap\u00f3s autoriza\u00e7\u00e3o pr\u00e9via em mar\u00e7o, o que confirma que o concurso est\u00e1 estruturado.<\/p>\n\n\n\n<figure class=\"wp-block-image size-full is-resized\"><img loading=\"lazy\" decoding=\"async\" width=\"774\" height=\"468\" src=\"https:\/\/www.apostilasopcao.com.br\/blog\/wp-content\/uploads\/2026\/04\/Captura-de-tela-2026-04-28-091532-convertido-de-png.webp\" alt=\"Despacho no Portal Nacional de Contrata\u00e7\u00f5es P\u00fablicas\" class=\"wp-image-12351\" style=\"aspect-ratio:1.6538994000922935;width:690px;height:auto\" srcset=\"https:\/\/www.apostilasopcao.com.br\/blog\/wp-content\/uploads\/2026\/04\/Captura-de-tela-2026-04-28-091532-convertido-de-png.webp 774w, https:\/\/www.apostilasopcao.com.br\/blog\/wp-content\/uploads\/2026\/04\/Captura-de-tela-2026-04-28-091532-convertido-de-png-300x181.webp 300w, https:\/\/www.apostilasopcao.com.br\/blog\/wp-content\/uploads\/2026\/04\/Captura-de-tela-2026-04-28-091532-convertido-de-png-768x464.webp 768w\" sizes=\"auto, (max-width: 774px) 100vw, 774px\" \/><\/figure>\n\n\n\n<p>A previs\u00e3o mais recente indica publica\u00e7\u00e3o do edital ainda no primeiro semestre de 2026, com expectativa inicial para abril ou, no mais tardar, at\u00e9 a segunda quinzena de maio.<\/p>\n\n\n\n<p>O Concurso ABGF deve ofertar inicialmente <strong>49 vagas imediatas<\/strong>, com possibilidade de amplia\u00e7\u00e3o gradual at\u00e9 <strong>90 cargos<\/strong> no quadro at\u00e9 2028. Todas as oportunidades ser\u00e3o para n\u00edvel superior, contemplando carreiras como Especialista, Analista, al\u00e9m de fun\u00e7\u00f5es como advogado, contador e atu\u00e1rio.<\/p>\n\n\n\n<p>A FCC ser\u00e1 respons\u00e1vel por organizar todas as fases, incluindo provas objetivas. A aplica\u00e7\u00e3o das provas est\u00e1 prevista para o segundo semestre de 2026, possivelmente at\u00e9 setembro.<\/p>\n\n\n\n<h2 class=\"wp-block-heading\">Concurso ABGF: Cargos e vagas<\/h2>\n\n\n\n<p>A estimativa atual \u00e9 de provimento de <strong>49 empregados<\/strong> p\u00fablicos efetivos <strong>at\u00e9 2028,<\/strong> com oportunidades voltadas a \u00e1reas estrat\u00e9gicas da ag\u00eancia. As vagas devem contemplar os seguintes perfis:<\/p>\n\n\n\n<ul class=\"wp-block-list\">\n<li><strong>Especialista:<\/strong> atua\u00e7\u00e3o em opera\u00e7\u00f5es com fundos, an\u00e1lise de risco de cr\u00e9dito e caracteriza\u00e7\u00e3o de sinistros<\/li>\n\n\n\n<li><strong>Analista:<\/strong> \u00e1reas como gest\u00e3o e neg\u00f3cios, recursos humanos, desenvolvimento organizacional, rela\u00e7\u00f5es p\u00fablicas, governan\u00e7a, \u00e1rea administrativa e financeira, tecnologia (desenvolvimento, infraestrutura e redes) e dados<\/li>\n\n\n\n<li><strong>Contador<\/strong><\/li>\n\n\n\n<li><strong>Atu\u00e1rio<\/strong><\/li>\n\n\n\n<li><strong>Advogado<\/strong><\/li>\n<\/ul>\n\n\n\n<p>Ap\u00f3s o Decreto n\u00ba 11.478\/2023, que retirou a ABGF do programa de desestatiza\u00e7\u00e3o, a institui\u00e7\u00e3o iniciou um processo de fortalecimento institucional, com foco na cria\u00e7\u00e3o de um quadro pr\u00f3prio t\u00e9cnico e est\u00e1vel.<\/p>\n\n\n\n<p>Recentemente, a <a href=\"https:\/\/www.apostilasopcao.com.br\/blog\/wp-content\/uploads\/2026\/04\/Portaria-SEST_MGI-No-1.981-DE-9-DE-MARCO-DE-2026-Portaria-SEST_MGI-No-1.981-DE-9-DE-MARCO-DE-2026-DOU-Imprensa-Nacional.pdf\" target=\"_blank\" rel=\"noreferrer noopener\">Portaria SEST\/MGI n\u00ba 1.981<\/a>, de <strong>9 de mar\u00e7o de 2026<\/strong>, ampliou o limite de pessoal ABGF, fortalecendo o processo de estrutura\u00e7\u00e3o do quadro pr\u00f3prio da institui\u00e7\u00e3o.<\/p>\n\n\n\n<p>Com isso, o quantitativo passou a ser distribu\u00eddo de forma progressiva:<\/p>\n\n\n\n<ul class=\"wp-block-list\">\n<li>at\u00e9 90 vagas at\u00e9 31 de dezembro de 2028;<\/li>\n\n\n\n<li>at\u00e9 83 vagas at\u00e9 31 de dezembro de 2030;<\/li>\n\n\n\n<li>at\u00e9 77 vagas ap\u00f3s 31 de dezembro de 2030.<\/li>\n<\/ul>\n\n\n\n<p>O <a href=\"https:\/\/www.apostilasopcao.com.br\/blog\/wp-content\/uploads\/2026\/04\/abgf.pdf\" target=\"_blank\" rel=\"noreferrer noopener\">Secret\u00e1rio Substituto do Minist\u00e9rio da Gest\u00e3o<\/a> fixou em <strong>70<\/strong> o limite de pessoal da ABGF, incluindo diferentes tipos de v\u00ednculos. A gest\u00e3o do quadro fica a cargo da pr\u00f3pria empresa, respeitando esse limite, o or\u00e7amento e a legisla\u00e7\u00e3o vigente.<\/p>\n\n\n\n<h3 class=\"wp-block-heading\">Carreira na ABGF<\/h3>\n\n\n\n<p>O novo concurso ABGF marca a consolida\u00e7\u00e3o de um modelo baseado em empregados p\u00fablicos efetivos, sustentado por tr\u00eas pilares principais:<\/p>\n\n\n\n<ul class=\"wp-block-list\">\n<li>Plano de Cargos e Sal\u00e1rios, com progress\u00e3o estruturada e remunera\u00e7\u00e3o competitiva<\/li>\n\n\n\n<li>Plano de Fun\u00e7\u00f5es, voltado \u00e0 organiza\u00e7\u00e3o de cargos de lideran\u00e7a e assessoramento<\/li>\n\n\n\n<li>Plano de Transi\u00e7\u00e3o, que viabiliza a integra\u00e7\u00e3o gradual entre atuais colaboradores e novos concursados<\/li>\n<\/ul>\n\n\n\n<h2 class=\"wp-block-heading\">Sobre a ABGF<\/h2>\n\n\n\n<p>A ABGF \u00e9 uma empresa p\u00fablica vinculada ao Minist\u00e9rio da Fazenda, respons\u00e1vel por administrar e operacionalizar importantes instrumentos de garantia voltados ao apoio de pol\u00edticas p\u00fablicas. Entre suas principais atribui\u00e7\u00f5es, destacam-se:<\/p>\n\n\n\n<ul class=\"wp-block-list\">\n<li>Gest\u00e3o do Fundo Garantidor de Infraestrutura (FGIE);<\/li>\n\n\n\n<li>Presta\u00e7\u00e3o de servi\u00e7os ao Minist\u00e9rio da Fazenda na operacionaliza\u00e7\u00e3o do Fundo de Garantia \u00e0 Exporta\u00e7\u00e3o (FGE);<\/li>\n\n\n\n<li>Participa\u00e7\u00e3o como cotista em fundos garantidores, como o Fundo Garantidor para Investimentos (FGI), o Fundo de Garantia de Opera\u00e7\u00f5es (FGO) e o Fundo Garantidor da Habita\u00e7\u00e3o Popular (FGHab);<\/li>\n\n\n\n<li>Administra\u00e7\u00e3o do Fundo de Estabilidade do Seguro Rural (FESR).<\/li>\n<\/ul>\n\n\n\n<p><strong>Quer ficar por dentro de tudo sobre o universo de concursos?\u00a0<a href=\"https:\/\/www.apostilasopcao.com.br\/blog\/noticias\/\" target=\"_blank\" rel=\"noreferrer noopener\">Confira as nossas not\u00edcias!<\/a><\/strong><\/p>\n","protected":false},"excerpt":{"rendered":"<p>O concurso ABGF avan\u00e7ou com a defini\u00e7\u00e3o da FCC como organizadora, e o edital \u00e9 esperado para maio de 2026. Ser\u00e1 o primeiro certame da institui\u00e7\u00e3o, com previs\u00e3o de 49 vagas para cargos de Especialista e Analista at\u00e9 2028. Confira!<\/p>\n","protected":false},"author":13,"featured_media":12354,"comment_status":"closed","ping_status":"closed","sticky":false,"template":"","format":"standard","meta":{"_acf_changed":false,"breadcrumbs_single_post":"","page_title_panel":"","breadcrumbs_single_page":"","single_page_alignment":"","single_page_margin":"","page_structure_type":"","content_style_source":"","content_style":"","blog_post_streched_ed":"","blog_page_streched_ed":"","has_transparent_header":"","disable_transparent_header":"","vertical_spacing_source":"","content_area_spacing":"","single_post_content_background":"","single_page_content_background":"","single_post_boxed_content_spacing":"","single_page_boxed_content_spacing":"","single_post_content_boxed_radius":"","single_page_content_boxed_radius":"","disable_featured_image":"","disable_post_tags":"","disable_author_box":"","disable_posts_navigation":"","disable_comments":"","disable_related_posts":"","disable_header":"","disable_footer":"","footnotes":""},"categories":[4,154],"tags":[882],"class_list":["post-12350","post","type-post","status-publish","format-standard","has-post-thumbnail","hentry","category-noticias","category-nacional","tag-concurso-abgf","rishi-post"],"acf":{"data_prova":null,"status":"previsto"},"_links":{"self":[{"href":"https:\/\/www.apostilasopcao.com.br\/blog\/wp-json\/wp\/v2\/posts\/12350","targetHints":{"allow":["GET"]}}],"collection":[{"href":"https:\/\/www.apostilasopcao.com.br\/blog\/wp-json\/wp\/v2\/posts"}],"about":[{"href":"https:\/\/www.apostilasopcao.com.br\/blog\/wp-json\/wp\/v2\/types\/post"}],"author":[{"embeddable":true,"href":"https:\/\/www.apostilasopcao.com.br\/blog\/wp-json\/wp\/v2\/users\/13"}],"replies":[{"embeddable":true,"href":"https:\/\/www.apostilasopcao.com.br\/blog\/wp-json\/wp\/v2\/comments?post=12350"}],"version-history":[{"count":1,"href":"https:\/\/www.apostilasopcao.com.br\/blog\/wp-json\/wp\/v2\/posts\/12350\/revisions"}],"predecessor-version":[{"id":12355,"href":"https:\/\/www.apostilasopcao.com.br\/blog\/wp-json\/wp\/v2\/posts\/12350\/revisions\/12355"}],"wp:featuredmedia":[{"embeddable":true,"href":"https:\/\/www.apostilasopcao.com.br\/blog\/wp-json\/wp\/v2\/media\/12354"}],"wp:attachment":[{"href":"https:\/\/www.apostilasopcao.com.br\/blog\/wp-json\/wp\/v2\/media?parent=12350"}],"wp:term":[{"taxonomy":"category","embeddable":true,"href":"https:\/\/www.apostilasopcao.com.br\/blog\/wp-json\/wp\/v2\/categories?post=12350"},{"taxonomy":"post_tag","embeddable":true,"href":"https:\/\/www.apostilasopcao.com.br\/blog\/wp-json\/wp\/v2\/tags?post=12350"}],"curies":[{"name":"wp","href":"https:\/\/api.w.org\/{rel}","templated":true}]}}