{"id":12370,"date":"2026-04-28T12:57:16","date_gmt":"2026-04-28T15:57:16","guid":{"rendered":"https:\/\/www.apostilasopcao.com.br\/blog\/?p=12370"},"modified":"2026-04-28T12:57:21","modified_gmt":"2026-04-28T15:57:21","slug":"trt-8","status":"publish","type":"post","link":"https:\/\/www.apostilasopcao.com.br\/blog\/trt-8\/","title":{"rendered":"Concurso TRT 8: Novo edital tem comiss\u00e3o formada!"},"content":{"rendered":"\n<p>Ol\u00e1, concurseiros!\u00a0O concurso TRT 8 avan\u00e7ou! A forma\u00e7\u00e3o da <strong>comiss\u00e3o organizadora<\/strong>, confirmada pela pr\u00f3pria assessoria do \u00f3rg\u00e3o, marca o in\u00edcio oficial dos preparativos para o novo certame. Com a portaria j\u00e1 assinada e prevista para divulga\u00e7\u00e3o no <strong>Di\u00e1rio Eletr\u00f4nico da Justi\u00e7a do Trabalho<\/strong>, o tribunal inicia a fase de planejamento, que inclui a defini\u00e7\u00e3o do projeto b\u00e1sico e a escolha da banca organizadora. Embora <strong>ainda n\u00e3o haja<\/strong> detalhes sobre <strong>vagas ou data do edital<\/strong>, o avan\u00e7o indica que a sele\u00e7\u00e3o pode ser lan\u00e7ada em breve, especialmente diante da proximidade do fim da validade do concurso anterior. Para se preparar para a sele\u00e7\u00e3o, confira a\u00a0<a href=\"https:\/\/www.apostilasopcao.com.br\/concurso\/trt-ap-pa-tribunal-regional-do-trabalho-da-8-regiao\" target=\"_blank\" rel=\"noreferrer noopener\">Apostila TRT 8\u00a0<\/a>com conte\u00fado completo e atualizado conforme o edital!<\/p>\n\n\n\n<h2 class=\"wp-block-heading\">Qual a situa\u00e7\u00e3o atual do concurso TRT 8?<\/h2>\n\n\n\n<p>O concurso <a href=\"https:\/\/www.trt8.jus.br\/\" target=\"_blank\" rel=\"noreferrer noopener\">TRT 8<\/a> j\u00e1 conta com <strong>comiss\u00e3o organizadora formada<\/strong>, embora a portaria ainda esteja em fase de publica\u00e7\u00e3o no Di\u00e1rio Eletr\u00f4nico da Justi\u00e7a do Trabalho. Essa etapa marca o in\u00edcio oficial dos preparativos, incluindo a elabora\u00e7\u00e3o do projeto b\u00e1sico e a futura escolha da banca organizadora. At\u00e9 o momento, ainda n\u00e3o h\u00e1 previs\u00e3o definida para publica\u00e7\u00e3o do edital.<\/p>\n\n\n\n<p>De acordo com o documento, o grupo formado pelo TRT 8 conta com tr\u00eas membros:<\/p>\n\n\n\n<ul class=\"wp-block-list\">\n<li>t\u00e9cnico judici\u00e1rio Paulo Andr\u00e9 Pessoa da Silva (presidente)<\/li>\n\n\n\n<li>analista judici\u00e1ria Lia Martins Costa e Silva Cruz<\/li>\n\n\n\n<li>analista judici\u00e1ria Mariane Lima de Sales<\/li>\n<\/ul>\n\n\n\n<figure class=\"wp-block-image size-full is-resized\"><img loading=\"lazy\" decoding=\"async\" width=\"480\" height=\"938\" src=\"https:\/\/www.apostilasopcao.com.br\/blog\/wp-content\/uploads\/2026\/04\/whatsapp-image-2026-04-24-at-13-47-52-1-480x938-convertido-de-webp.webp\" alt=\"Comiss\u00e3o organizadora formada\" class=\"wp-image-12371\" style=\"aspect-ratio:0.5117339412632426;width:417px;height:auto\" srcset=\"https:\/\/www.apostilasopcao.com.br\/blog\/wp-content\/uploads\/2026\/04\/whatsapp-image-2026-04-24-at-13-47-52-1-480x938-convertido-de-webp.webp 480w, https:\/\/www.apostilasopcao.com.br\/blog\/wp-content\/uploads\/2026\/04\/whatsapp-image-2026-04-24-at-13-47-52-1-480x938-convertido-de-webp-154x300.webp 154w\" sizes=\"auto, (max-width: 480px) 100vw, 480px\" \/><\/figure>\n\n\n\n<p>Por enquanto, os cargos e vagas ainda n\u00e3o foram divulgados, mas a expectativa \u00e9 de que novas informa\u00e7\u00f5es sejam apresentadas nas pr\u00f3ximas semanas.<\/p>\n\n\n\n<p>O \u00faltimo concurso vigente tem validade at\u00e9 <strong>janeiro de 202<\/strong>7, o que indica que as nomea\u00e7\u00f5es do pr\u00f3ximo certame devem ocorrer a partir desse per\u00edodo.<\/p>\n\n\n\n<p>Al\u00e9m de planejar e estruturar a sele\u00e7\u00e3o, a comiss\u00e3o tamb\u00e9m ser\u00e1 respons\u00e1vel por conduzir a contrata\u00e7\u00e3o da banca organizadora, etapa essencial para a publica\u00e7\u00e3o do edital.<\/p>\n\n\n\n<h2 class=\"wp-block-heading\">Como foi o ultimo concurso TRT 8?<\/h2>\n\n\n\n<p>O \u00faltimo <a href=\"https:\/\/www.apostilasopcao.com.br\/blog\/wp-content\/uploads\/2026\/04\/EDITAL-No-1-DE-17-DE-AGOSTO-DE-2022-EDITAL-No-1-DE-17-DE-AGOSTO-DE-2022-DOU-Imprensa-Nacional.pdf\" target=\"_blank\" rel=\"noreferrer noopener\">concurso TRT 8<\/a> foi realizado em <strong>2022,<\/strong> sob organiza\u00e7\u00e3o do Cebraspe, e ofertou <strong>5 vagas<\/strong> imediatas, al\u00e9m de cadastro de reserva para cargos de n\u00edveis m\u00e9dio, t\u00e9cnico e superior.<\/p>\n\n\n\n<h2 class=\"wp-block-heading\">Concurso TRT 8: Cargos e vagas<\/h2>\n\n\n\n<p>Para o \u00faltimo concurso TRT 8, a distribui\u00e7\u00e3o foi:<\/p>\n\n\n\n<p><strong>N\u00edvel m\u00e9dio<\/strong><\/p>\n\n\n\n<ul class=\"wp-block-list\">\n<li>T\u00e9cnico Judici\u00e1rio \u2013 \u00e1rea administrativa: 4 vagas<\/li>\n<\/ul>\n\n\n\n<p><strong>N\u00edvel t\u00e9cnico<\/strong><\/p>\n\n\n\n<ul class=\"wp-block-list\">\n<li>T\u00e9cnico em Enfermagem: cadastro de reserva<\/li>\n\n\n\n<li>T\u00e9cnico em Tecnologia da Informa\u00e7\u00e3o: cadastro de reserva<\/li>\n<\/ul>\n\n\n\n<p><strong>N\u00edvel superior<\/strong><\/p>\n\n\n\n<p>Analista \u2013 \u00c1rea Judici\u00e1ria: cadastro de reserva<\/p>\n\n\n\n<p>Analista \u2013 \u00e1rea administrativa: 1 vaga<\/p>\n\n\n\n<p>Analista \u2013 Oficial de Justi\u00e7a Avaliador Federal: cadastro de reserva<\/p>\n\n\n\n<p>Analista \u2013 Contabilidade: cadastro de reserva<\/p>\n\n\n\n<p>Analista \u2013 Arquitetura: cadastro de reserva<\/p>\n\n\n\n<p>Analista \u2013 Arquivologia: cadastro de reserva<\/p>\n\n\n\n<p>Analista \u2013 Biblioteconomia: cadastro de reserva<\/p>\n\n\n\n<p>Analista \u2013 Enfermagem: cadastro de reserva<\/p>\n\n\n\n<p>Analista \u2013 Engenharia Civil: cadastro de reserva<\/p>\n\n\n\n<p>Analista \u2013 Engenharia El\u00e9trica: cadastro de reserva<\/p>\n\n\n\n<p>Analista \u2013 Estat\u00edstica: cadastro de reserva<\/p>\n\n\n\n<p>Analista \u2013 Medicina: cadastro de reserva<\/p>\n\n\n\n<p>Analista \u2013 Medicina do Trabalho: cadastro de reserva<\/p>\n\n\n\n<p>Analista \u2013 Odontologia: cadastro de reserva<\/p>\n\n\n\n<p>Analista \u2013 Psicologia: cadastro de reserva<\/p>\n\n\n\n<p>Analista \u2013 Servi\u00e7o Social: cadastro de reserva<\/p>\n\n\n\n<p>Analista \u2013 Tecnologia da Informa\u00e7\u00e3o: cadastro de reserva<\/p>\n\n\n\n<p><strong>Para se preparar para a sele\u00e7\u00e3o, confira as\u00a0<a href=\"https:\/\/www.apostilasopcao.com.br\/concurso\/trt-ap-pa-tribunal-regional-do-trabalho-da-8-regiao\" target=\"_blank\" rel=\"noreferrer noopener\">Apostila TRT 8<\/a>\u00a0com conte\u00fado completo e atualizado conforme o edital!<\/strong><\/p>\n\n\n\n<h2 class=\"wp-block-heading\" id=\"requisitos-do-concurso-trt-8\">Concurso TRT 8: Requisitos<\/h2>\n\n\n\n<p>De acordo com o edital de 2022, os requisitos b\u00e1sicos para investidura nos cargos foram:<\/p>\n\n\n\n<ul class=\"wp-block-list\">\n<li>Ser aprovado no concurso p\u00fablico;<\/li>\n\n\n\n<li>Ter nacionalidade brasileira ou portuguesa (com reconhecimento de direitos pol\u00edticos);<\/li>\n\n\n\n<li>Estar em dia com as obriga\u00e7\u00f5es eleitorais;<\/li>\n\n\n\n<li>Estar em dia com as obriga\u00e7\u00f5es militares (para candidatos do sexo masculino);<\/li>\n\n\n\n<li>Possuir a escolaridade e os requisitos exigidos para o cargo escolhido;<\/li>\n\n\n\n<li>Ter idade m\u00ednima de 18 anos completos na data da posse;<\/li>\n\n\n\n<li>Possuir aptid\u00e3o f\u00edsica e mental para o exerc\u00edcio das atribui\u00e7\u00f5es;<\/li>\n\n\n\n<li>N\u00e3o estar impedido de assumir cargo p\u00fablico federal, conforme legisla\u00e7\u00e3o vigente;<\/li>\n\n\n\n<li>Declarar ci\u00eancia das exig\u00eancias do edital e apresentar a documenta\u00e7\u00e3o comprobat\u00f3ria no momento da posse;<\/li>\n\n\n\n<li>Cumprir todas as determina\u00e7\u00f5es previstas no edital do certame.<\/li>\n<\/ul>\n\n\n\n<h2 class=\"wp-block-heading\">Etapas do concurso<\/h2>\n\n\n\n<p>A sele\u00e7\u00e3o contou com<strong> prova objetiva e prova discursiva<\/strong>, aplicadas no mesmo dia.<\/p>\n\n\n\n<h3 class=\"wp-block-heading\">Prova objetiva<\/h3>\n\n\n\n<p>A prova foi composta por <strong>60 quest\u00f5es<\/strong> de m\u00faltipla escolha, com<strong> 5 alternativas<\/strong> cada, divididas em:<\/p>\n\n\n\n<ul class=\"wp-block-list\">\n<li>Conhecimentos b\u00e1sicos: 20 quest\u00f5es<\/li>\n\n\n\n<li>Conhecimentos espec\u00edficos: 40 quest\u00f5es<\/li>\n<\/ul>\n\n\n\n<h3 class=\"wp-block-heading\">Somos a melhor Op\u00e7\u00e3o<\/h3>\n\n\n\n<p>Quer conquistar uma vaga no Concurso TRT 8? Somos a melhore Op\u00e7\u00e3o! N\u00f3s preparamos diversos materiais realmente focados conforme o edital que te ajudar\u00e3o a conquistar o cargo dos sonhos. N\u00e3o perca mais tempo e comece a se preparar ainda hoje!<\/p>\n\n\n\n<p><strong>Confira:\u00a0<strong><a href=\"https:\/\/www.apostilasopcao.com.br\/concurso\/trt-ap-pa-tribunal-regional-do-trabalho-da-8-regiao\" target=\"_blank\" rel=\"noreferrer noopener\">Apostila TRT 8<\/a><\/strong>!<\/strong><\/p>\n\n\n\n<h3 class=\"wp-block-heading\">Prova discursiva<\/h3>\n\n\n\n<p>Consistiu na elabora\u00e7\u00e3o de uma reda\u00e7\u00e3o dissertativa, de at\u00e9 <strong>30 linhas<\/strong>, sobre tema relacionado \u00e0 \u00e1rea do cargo, com valor total de <strong>10 pontos<\/strong>.<\/p>\n\n\n\n<h4 class=\"wp-block-heading\">Aplica\u00e7\u00e3o das provas<\/h4>\n\n\n\n<p>As avalia\u00e7\u00f5es ocorreram em <strong>6 de novembro de 2022<\/strong>, com dura\u00e7\u00e3o de 4h30, realizadas em cidades como Bel\u00e9m, Marab\u00e1 e Santar\u00e9m (PA), al\u00e9m de Macap\u00e1 (AP). No total, o concurso registrou mais de <strong>32 mil inscritos<\/strong>, demonstrando alta concorr\u00eancia.<\/p>\n\n\n\n<p><strong>Quer ficar por dentro de tudo sobre o universo de concursos?\u00a0<a href=\"https:\/\/www.apostilasopcao.com.br\/blog\/noticias\/\" target=\"_blank\" rel=\"noreferrer noopener\">Confira as nossas not\u00edcias!<\/a><\/strong><\/p>\n\n\n\n<p><\/p>\n","protected":false},"excerpt":{"rendered":"<p>O concurso TRT 8 avan\u00e7ou com a comiss\u00e3o formada e in\u00edcio do planejamento. Ainda sem defini\u00e7\u00e3o de vagas ou edital, a sele\u00e7\u00e3o pode sair em breve devido ao fim da validade do concurso atual. Saiba mais!<\/p>\n","protected":false},"author":13,"featured_media":12372,"comment_status":"closed","ping_status":"closed","sticky":false,"template":"","format":"standard","meta":{"_acf_changed":false,"breadcrumbs_single_post":"","page_title_panel":"","breadcrumbs_single_page":"","single_page_alignment":"","single_page_margin":"","page_structure_type":"","content_style_source":"","content_style":"","blog_post_streched_ed":"","blog_page_streched_ed":"","has_transparent_header":"","disable_transparent_header":"","vertical_spacing_source":"","content_area_spacing":"","single_post_content_background":"","single_page_content_background":"","single_post_boxed_content_spacing":"","single_page_boxed_content_spacing":"","single_post_content_boxed_radius":"","single_page_content_boxed_radius":"","disable_featured_image":"","disable_post_tags":"","disable_author_box":"","disable_posts_navigation":"","disable_comments":"","disable_related_posts":"","disable_header":"","disable_footer":"","footnotes":""},"categories":[4,156,19],"tags":[883],"class_list":["post-12370","post","type-post","status-publish","format-standard","has-post-thumbnail","hentry","category-noticias","category-ap","category-pa","tag-concurso-trt-8","rishi-post"],"acf":{"data_prova":null,"status":"previsto"},"_links":{"self":[{"href":"https:\/\/www.apostilasopcao.com.br\/blog\/wp-json\/wp\/v2\/posts\/12370","targetHints":{"allow":["GET"]}}],"collection":[{"href":"https:\/\/www.apostilasopcao.com.br\/blog\/wp-json\/wp\/v2\/posts"}],"about":[{"href":"https:\/\/www.apostilasopcao.com.br\/blog\/wp-json\/wp\/v2\/types\/post"}],"author":[{"embeddable":true,"href":"https:\/\/www.apostilasopcao.com.br\/blog\/wp-json\/wp\/v2\/users\/13"}],"replies":[{"embeddable":true,"href":"https:\/\/www.apostilasopcao.com.br\/blog\/wp-json\/wp\/v2\/comments?post=12370"}],"version-history":[{"count":1,"href":"https:\/\/www.apostilasopcao.com.br\/blog\/wp-json\/wp\/v2\/posts\/12370\/revisions"}],"predecessor-version":[{"id":12374,"href":"https:\/\/www.apostilasopcao.com.br\/blog\/wp-json\/wp\/v2\/posts\/12370\/revisions\/12374"}],"wp:featuredmedia":[{"embeddable":true,"href":"https:\/\/www.apostilasopcao.com.br\/blog\/wp-json\/wp\/v2\/media\/12372"}],"wp:attachment":[{"href":"https:\/\/www.apostilasopcao.com.br\/blog\/wp-json\/wp\/v2\/media?parent=12370"}],"wp:term":[{"taxonomy":"category","embeddable":true,"href":"https:\/\/www.apostilasopcao.com.br\/blog\/wp-json\/wp\/v2\/categories?post=12370"},{"taxonomy":"post_tag","embeddable":true,"href":"https:\/\/www.apostilasopcao.com.br\/blog\/wp-json\/wp\/v2\/tags?post=12370"}],"curies":[{"name":"wp","href":"https:\/\/api.w.org\/{rel}","templated":true}]}}