{"id":12386,"date":"2026-04-29T09:01:14","date_gmt":"2026-04-29T12:01:14","guid":{"rendered":"https:\/\/www.apostilasopcao.com.br\/blog\/?p=12386"},"modified":"2026-04-29T09:01:19","modified_gmt":"2026-04-29T12:01:19","slug":"dp-df","status":"publish","type":"post","link":"https:\/\/www.apostilasopcao.com.br\/blog\/dp-df\/","title":{"rendered":"Concurso DP DF: Banca definida! Edital at\u00e9 julho!"},"content":{"rendered":"\n<p>Ol\u00e1, concurseiros!\u00a0O Concurso DP DF deu mais um passo importante rumo \u00e0 realiza\u00e7\u00e3o de seu novo edital ao definir o <strong>Instituto Access<\/strong> como banca organizadora. A sele\u00e7\u00e3o ofertar\u00e1 <strong>7 vagas<\/strong> imediatas para diversas \u00e1reas, al\u00e9m de cadastro de reserva, com edital previsto para o <strong>primeiro semestre de 2026<\/strong>. A cria\u00e7\u00e3o de uma <strong>nova comiss\u00e3o organizadora <\/strong>refor\u00e7a o avan\u00e7o dos tr\u00e2mites e a inten\u00e7\u00e3o de agilizar o processo. Al\u00e9m disso, a recente autoriza\u00e7\u00e3o para novos cargos e a previs\u00e3o or\u00e7ament\u00e1ria indicam boas perspectivas de convoca\u00e7\u00e3o. Segundo o <strong>defensor p\u00fablico-geral Celestino Chupel,<\/strong> o certame deve ser publicado em breve. Para se preparar para a sele\u00e7\u00e3o, confira a\u00a0Apostila DP DF\u00a0com conte\u00fado completo e atualizado conforme o edital!<\/p>\n\n\n\n<h2 class=\"wp-block-heading\">Qual a situa\u00e7\u00e3o atual do concurso DP DF?<\/h2>\n\n\n\n<p>A<strong> banca organizadora<\/strong> do concurso DP DF j\u00e1 foi definida, sendo o <strong>Instituto Access<\/strong> respons\u00e1vel por conduzir todas as etapas, como inscri\u00e7\u00f5es e aplica\u00e7\u00e3o das provas. <\/p>\n\n\n\n<figure class=\"wp-block-image size-full is-resized\"><img loading=\"lazy\" decoding=\"async\" width=\"678\" height=\"474\" src=\"https:\/\/www.apostilasopcao.com.br\/blog\/wp-content\/uploads\/2026\/04\/concurso-dp-df-banca-definida-convertido-de-webp.webp\" alt=\"Banca organizadora\" class=\"wp-image-12388\" style=\"width:599px;height:auto\" srcset=\"https:\/\/www.apostilasopcao.com.br\/blog\/wp-content\/uploads\/2026\/04\/concurso-dp-df-banca-definida-convertido-de-webp.webp 678w, https:\/\/www.apostilasopcao.com.br\/blog\/wp-content\/uploads\/2026\/04\/concurso-dp-df-banca-definida-convertido-de-webp-300x210.webp 300w\" sizes=\"auto, (max-width: 678px) 100vw, 678px\" \/><\/figure>\n\n\n\n<p>Al\u00e9m disso, foi <strong>institu\u00edda uma nova comiss\u00e3o organizadora<\/strong>, formada por servidores do pr\u00f3prio \u00f3rg\u00e3o, com a fun\u00e7\u00e3o de coordenar e acelerar os preparativos do Concurso DP DF, o que indica uma tentativa de dar mais agilidade aos tr\u00e2mites finais.<\/p>\n\n\n\n<figure class=\"wp-block-image size-full is-resized\"><img loading=\"lazy\" decoding=\"async\" width=\"663\" height=\"527\" src=\"https:\/\/www.apostilasopcao.com.br\/blog\/wp-content\/uploads\/2026\/04\/Captura-de-tela-2026-04-29-081713-convertido-de-png.webp\" alt=\"Comiss\u00e3o organizadora\" class=\"wp-image-12387\" style=\"aspect-ratio:1.2580747108273813;width:603px;height:auto\" srcset=\"https:\/\/www.apostilasopcao.com.br\/blog\/wp-content\/uploads\/2026\/04\/Captura-de-tela-2026-04-29-081713-convertido-de-png.webp 663w, https:\/\/www.apostilasopcao.com.br\/blog\/wp-content\/uploads\/2026\/04\/Captura-de-tela-2026-04-29-081713-convertido-de-png-300x238.webp 300w\" sizes=\"auto, (max-width: 663px) 100vw, 663px\" \/><\/figure>\n\n\n\n<p>Outro ponto importante \u00e9 que o concurso <strong>j\u00e1 superou as principais fases burocr\u00e1ticas<\/strong>, restando apenas ajustes finais, como poss\u00edvel formaliza\u00e7\u00e3o contratual definitiva e defini\u00e7\u00e3o do cronograma completo.<\/p>\n\n\n\n<p>Segundo o defensor p\u00fablico-geral Celestino Chupel, a expectativa \u00e9 que o edital seja publicado ainda no <strong>primeiro semestre de 2026<\/strong>, possivelmente at\u00e9 o meio do ano. A sele\u00e7\u00e3o deve ofertar <strong>7 vagas imediatas<\/strong>, al\u00e9m de cadastro de reserva, para \u00e1reas como <strong>Direito, Contabilidade e Tecnologia da Informa\u00e7\u00e3o<\/strong>, com remunera\u00e7\u00e3o inicial em torno de <strong>R$ 10,9 mil.<\/strong><\/p>\n\n\n\n<p>Por fim, a aprova\u00e7\u00e3o do projeto que prev\u00ea a cria\u00e7\u00e3o de mais de <strong>250 cargos<\/strong> e a exist\u00eancia de previs\u00e3o or\u00e7ament\u00e1ria na<strong> LOA 2026<\/strong> refor\u00e7am que o concurso pode ter <strong>convoca\u00e7\u00f5es al\u00e9m das vagas iniciais<\/strong>, aumentando ainda mais a atratividade da sele\u00e7\u00e3o.<\/p>\n\n\n\n<blockquote class=\"wp-block-quote is-layout-flow wp-block-quote-is-layout-flow\">\n<p>\u201cAtualmente, n\u00f3s temos cerca de 300 cargos e a possibilidade de criar mais de 250\u201d, disse o defensor p\u00fablico-geral do Distrito Federal, Celestino Chupel, durante entrevista ao programa institucional &#8216;Fala A\u00ed, DPDF!&#8217;.<\/p>\n<\/blockquote>\n\n\n\n<h2 class=\"wp-block-heading\">Analista da DP DF: O que faz?<\/h2>\n\n\n\n<p>O Analista de Apoio \u00e0 Assist\u00eancia Judici\u00e1ria da Defensoria P\u00fablica do Distrito Federal exerce fun\u00e7\u00f5es essenciais de suporte t\u00e9cnico e assessoramento aos defensores p\u00fablicos, atuando em diferentes \u00e1reas conforme sua especialidade. As atribui\u00e7\u00f5es do cargo est\u00e3o previstas na <strong>Lei Distrital n\u00ba 4.516\/2010,<\/strong> que organiza a carreira e define suas compet\u00eancias.<\/p>\n\n\n\n<p>De forma geral, o profissional \u00e9 respons\u00e1vel por <strong>planejar, coordenar, supervisionar, avaliar e executar atividades t\u00e9cnicas e administrativas<\/strong>, al\u00e9m de participar de programas de capacita\u00e7\u00e3o e desempenhar outras demandas relacionadas \u00e0 sua \u00e1rea.<\/p>\n\n\n\n<p>Confira as principais atribui\u00e7\u00f5es por especialidade:<\/p>\n\n\n\n<ul class=\"wp-block-list\">\n<li><strong>Direito e Legisla\u00e7\u00e3o:<\/strong> an\u00e1lise de processos administrativos e judiciais, elabora\u00e7\u00e3o de estudos e apoio t\u00e9cnico jur\u00eddico.<\/li>\n\n\n\n<li><strong>Administra\u00e7\u00e3o:<\/strong> atua\u00e7\u00e3o em gest\u00e3o de pessoas, or\u00e7amento, finan\u00e7as, patrim\u00f4nio e organiza\u00e7\u00e3o administrativa.<\/li>\n\n\n\n<li><strong>Arquivologia:<\/strong> gest\u00e3o documental, organiza\u00e7\u00e3o de arquivos e pesquisas t\u00e9cnico-administrativas.<\/li>\n\n\n\n<li><strong>Arquitetura:<\/strong> desenvolvimento e acompanhamento de projetos de arquitetura, urbanismo e paisagismo.<\/li>\n\n\n\n<li><strong>Jornalismo:<\/strong> cobertura de eventos institucionais e atua\u00e7\u00e3o em comunica\u00e7\u00e3o social.<\/li>\n\n\n\n<li><strong>Contabilidade:<\/strong> controle financeiro, elabora\u00e7\u00e3o or\u00e7ament\u00e1ria e gest\u00e3o cont\u00e1bil e patrimonial.<\/li>\n\n\n\n<li><strong>Economia:<\/strong> realiza\u00e7\u00e3o de an\u00e1lises econ\u00f4micas e estudos aplicados \u00e0 institui\u00e7\u00e3o.<\/li>\n\n\n\n<li><strong>Engenharia Civil:<\/strong> estudos t\u00e9cnicos e acompanhamento de projetos de constru\u00e7\u00e3o e infraestrutura.<\/li>\n\n\n\n<li><strong>Inform\u00e1tica (Banco de Dados, Sistemas e Redes):<\/strong> gest\u00e3o e desenvolvimento de sistemas, infraestrutura de TI e banco de dados.<\/li>\n\n\n\n<li><strong>Psicologia:<\/strong> atendimento e acompanhamento psicol\u00f3gico conforme a \u00e1rea de atua\u00e7\u00e3o.<\/li>\n\n\n\n<li><strong>Servi\u00e7o Social:<\/strong> desenvolvimento de projetos sociais e orienta\u00e7\u00e3o a indiv\u00edduos e fam\u00edlias sobre direitos e deveres.<\/li>\n<\/ul>\n\n\n\n<p>Em todas as \u00e1reas, o cargo exige n\u00edvel superior e envolve atua\u00e7\u00e3o estrat\u00e9gica no funcionamento e na efetividade dos servi\u00e7os prestados pela Defensoria.<\/p>\n\n\n\n<h3 class=\"wp-block-heading\">Concurso DP DF: Remunera\u00e7\u00f5es e benef\u00edcios<\/h3>\n\n\n\n<p>De acordo com o<strong> <\/strong><a href=\"https:\/\/www.transparencia.df.gov.br\/#\/\" target=\"_blank\" rel=\"noreferrer noopener\"><strong>Portal da Transpar\u00eancia da Defensoria P\u00fablica do Distrito Federal<\/strong>,<\/a> os valores iniciais da carreira de apoio s\u00e3o:<\/p>\n\n\n\n<ul class=\"wp-block-list\">\n<li><strong>Analista de Apoio \u00e0 Assist\u00eancia Judici\u00e1ria:<\/strong> R$ 9.357,81<\/li>\n\n\n\n<li><strong>T\u00e9cnico de Apoio \u00e0 Assist\u00eancia Judici\u00e1ria:<\/strong> R$ 4.840,89<\/li>\n<\/ul>\n\n\n\n<p>Essas remunera\u00e7\u00f5es s\u00e3o formadas pelo vencimento b\u00e1sico somado \u00e0 <strong>GADP (Gratifica\u00e7\u00e3o de Atividade da Defensoria P\u00fablica)<\/strong>, prevista na Lei n\u00ba 7.101\/2022.<\/p>\n\n\n\n<p>A gratifica\u00e7\u00e3o corresponde a <strong>25% sobre o vencimento b\u00e1sico<\/strong>, sendo paga a todos os servidores da carreira de Apoio \u00e0 Assist\u00eancia Judici\u00e1ria, o que torna a remunera\u00e7\u00e3o mais atrativa desde o in\u00edcio da carreira.<\/p>\n\n\n\n<h2 class=\"wp-block-heading\">\u00daltimo concurso DP DF<\/h2>\n\n\n\n<p>O \u00faltimo Concurso DP DF foi realizado em <strong>2020<\/strong>, com organiza\u00e7\u00e3o do <strong>Cebraspe <\/strong>(antigo Cespe\/UnB).<\/p>\n\n\n\n<p>Na ocasi\u00e3o, foram ofertadas <strong>60 vagas imediatas<\/strong> para o cargo de <strong>Analista de Apoio \u00e0 Assist\u00eancia Judici\u00e1ria<\/strong>, distribu\u00eddas entre diversas especialidades, com destaque para:<\/p>\n\n\n\n<ul class=\"wp-block-list\">\n<li>Direito e Legisla\u00e7\u00e3o (30 vagas)<\/li>\n\n\n\n<li>Administra\u00e7\u00e3o (8 vagas)<\/li>\n\n\n\n<li>Contabilidade (5 vagas)<\/li>\n\n\n\n<li>Inform\u00e1tica (Banco de Dados, Sistemas e Redes)<\/li>\n\n\n\n<li>Engenharia, Psicologia, Servi\u00e7o Social, entre outras \u00e1reas<\/li>\n<\/ul>\n\n\n\n<p>A remunera\u00e7\u00e3o inicial foi de <strong>R$ 5.241,22<\/strong>, com jornada de <strong>35 horas semanais<\/strong>.<\/p>\n\n\n\n<h2 class=\"wp-block-heading\">Etapas de sele\u00e7\u00e3o<\/h2>\n\n\n\n<p>O Concurso DP DF contou com tr\u00eas fases:<\/p>\n\n\n\n<ul class=\"wp-block-list\">\n<li><strong>Prova objetiva<\/strong> (eliminat\u00f3ria e classificat\u00f3ria)<\/li>\n\n\n\n<li><strong>Prova discursiva<\/strong> (eliminat\u00f3ria e classificat\u00f3ria)<\/li>\n\n\n\n<li><strong>Avalia\u00e7\u00e3o de t\u00edtulos<\/strong> (classificat\u00f3ria)<\/li>\n<\/ul>\n\n\n\n<h3 class=\"wp-block-heading\">Prova objetiva<\/h3>\n\n\n\n<p>A prova do Concurso DP DF seguiu o padr\u00e3o do Cebraspe, com <strong>120 quest\u00f5es no estilo certo ou errado<\/strong>, divididas em:<\/p>\n\n\n\n<ul class=\"wp-block-list\">\n<li><strong>Conhecimentos b\u00e1sicos<\/strong> (como L\u00edngua Portuguesa, legisla\u00e7\u00e3o do DF e normas institucionais)<\/li>\n\n\n\n<li><strong>Conhecimentos espec\u00edficos<\/strong>, de acordo com cada \u00e1rea<\/li>\n<\/ul>\n\n\n\n<p>Havia crit\u00e9rios m\u00ednimos de pontua\u00e7\u00e3o para n\u00e3o elimina\u00e7\u00e3o, tanto por bloco quanto no total da prova.<\/p>\n\n\n\n<h3 class=\"wp-block-heading\">Prova discursiva<\/h3>\n\n\n\n<p>A prova discursiva do Concurso DP DF teve valor total de <strong>50 pontos<\/strong> e foi composta por duas partes: a elabora\u00e7\u00e3o de uma <strong>disserta\u00e7\u00e3o sobre tema da atualidade<\/strong>, com limite de at\u00e9 <strong>30 linhas<\/strong>, e a resolu\u00e7\u00e3o de <strong>tr\u00eas quest\u00f5es discursivas<\/strong> relacionadas aos conhecimentos espec\u00edficos de cada \u00e1rea, cada uma com resposta de at\u00e9 <strong>20 linhas<\/strong>.<\/p>\n\n\n\n<h3 class=\"wp-block-heading\">Avalia\u00e7\u00e3o de t\u00edtulos<\/h3>\n\n\n\n<p>De car\u00e1ter apenas classificat\u00f3rio, essa etapa valeu at\u00e9 <strong>10 pontos<\/strong>, considerando forma\u00e7\u00e3o acad\u00eamica e experi\u00eancia profissional.<\/p>\n\n\n\n<figure class=\"wp-block-image size-full\"><img loading=\"lazy\" decoding=\"async\" width=\"713\" height=\"264\" src=\"https:\/\/www.apostilasopcao.com.br\/blog\/wp-content\/uploads\/2026\/04\/Captura-de-tela-2026-04-29-083407-convertido-de-png-1.webp\" alt=\"Avalia\u00e7\u00e3o de t\u00edtulos\" class=\"wp-image-12389\" srcset=\"https:\/\/www.apostilasopcao.com.br\/blog\/wp-content\/uploads\/2026\/04\/Captura-de-tela-2026-04-29-083407-convertido-de-png-1.webp 713w, https:\/\/www.apostilasopcao.com.br\/blog\/wp-content\/uploads\/2026\/04\/Captura-de-tela-2026-04-29-083407-convertido-de-png-1-300x111.webp 300w\" sizes=\"auto, (max-width: 713px) 100vw, 713px\" \/><\/figure>\n\n\n\n<figure class=\"wp-block-image size-full\"><img loading=\"lazy\" decoding=\"async\" width=\"714\" height=\"303\" src=\"https:\/\/www.apostilasopcao.com.br\/blog\/wp-content\/uploads\/2026\/04\/Captura-de-tela-2026-04-29-083421-convertido-de-png.webp\" alt=\"Avalia\u00e7\u00e3o de t\u00edtulos\" class=\"wp-image-12390\" srcset=\"https:\/\/www.apostilasopcao.com.br\/blog\/wp-content\/uploads\/2026\/04\/Captura-de-tela-2026-04-29-083421-convertido-de-png.webp 714w, https:\/\/www.apostilasopcao.com.br\/blog\/wp-content\/uploads\/2026\/04\/Captura-de-tela-2026-04-29-083421-convertido-de-png-300x127.webp 300w\" sizes=\"auto, (max-width: 714px) 100vw, 714px\" \/><\/figure>\n\n\n\n<p><strong>Quer ficar por dentro de tudo sobre o universo de concursos?\u00a0<a href=\"https:\/\/www.apostilasopcao.com.br\/blog\/noticias\/\" target=\"_blank\" rel=\"noreferrer noopener\">Confira as nossas not\u00edcias!<\/a><\/strong><\/p>\n","protected":false},"excerpt":{"rendered":"<p>O concurso DP DF avan\u00e7ou com a defini\u00e7\u00e3o do Instituto Access como banca organizadora. Ser\u00e3o ofertadas 7 vagas imediatas mais cadastro de reserva, com edital previsto para o primeiro semestre de 2026. A nova comiss\u00e3o formada e a previs\u00e3o de novos cargos refor\u00e7am a expectativa de publica\u00e7\u00e3o em breve, conforme indicado por Celestino Chupel. Confira!<\/p>\n","protected":false},"author":13,"featured_media":12391,"comment_status":"closed","ping_status":"closed","sticky":false,"template":"","format":"standard","meta":{"_acf_changed":false,"breadcrumbs_single_post":"","page_title_panel":"","breadcrumbs_single_page":"","single_page_alignment":"","single_page_margin":"","page_structure_type":"","content_style_source":"","content_style":"","blog_post_streched_ed":"","blog_page_streched_ed":"","has_transparent_header":"","disable_transparent_header":"","vertical_spacing_source":"","content_area_spacing":"","single_post_content_background":"","single_page_content_background":"","single_post_boxed_content_spacing":"","single_page_boxed_content_spacing":"","single_post_content_boxed_radius":"","single_page_content_boxed_radius":"","disable_featured_image":"","disable_post_tags":"","disable_author_box":"","disable_posts_navigation":"","disable_comments":"","disable_related_posts":"","disable_header":"","disable_footer":"","footnotes":""},"categories":[4,12],"tags":[884],"class_list":["post-12386","post","type-post","status-publish","format-standard","has-post-thumbnail","hentry","category-noticias","category-df","tag-concurso-dp-df","rishi-post"],"acf":{"data_prova":null,"status":"previsto"},"_links":{"self":[{"href":"https:\/\/www.apostilasopcao.com.br\/blog\/wp-json\/wp\/v2\/posts\/12386","targetHints":{"allow":["GET"]}}],"collection":[{"href":"https:\/\/www.apostilasopcao.com.br\/blog\/wp-json\/wp\/v2\/posts"}],"about":[{"href":"https:\/\/www.apostilasopcao.com.br\/blog\/wp-json\/wp\/v2\/types\/post"}],"author":[{"embeddable":true,"href":"https:\/\/www.apostilasopcao.com.br\/blog\/wp-json\/wp\/v2\/users\/13"}],"replies":[{"embeddable":true,"href":"https:\/\/www.apostilasopcao.com.br\/blog\/wp-json\/wp\/v2\/comments?post=12386"}],"version-history":[{"count":1,"href":"https:\/\/www.apostilasopcao.com.br\/blog\/wp-json\/wp\/v2\/posts\/12386\/revisions"}],"predecessor-version":[{"id":12392,"href":"https:\/\/www.apostilasopcao.com.br\/blog\/wp-json\/wp\/v2\/posts\/12386\/revisions\/12392"}],"wp:featuredmedia":[{"embeddable":true,"href":"https:\/\/www.apostilasopcao.com.br\/blog\/wp-json\/wp\/v2\/media\/12391"}],"wp:attachment":[{"href":"https:\/\/www.apostilasopcao.com.br\/blog\/wp-json\/wp\/v2\/media?parent=12386"}],"wp:term":[{"taxonomy":"category","embeddable":true,"href":"https:\/\/www.apostilasopcao.com.br\/blog\/wp-json\/wp\/v2\/categories?post=12386"},{"taxonomy":"post_tag","embeddable":true,"href":"https:\/\/www.apostilasopcao.com.br\/blog\/wp-json\/wp\/v2\/tags?post=12386"}],"curies":[{"name":"wp","href":"https:\/\/api.w.org\/{rel}","templated":true}]}}