{"id":12393,"date":"2026-04-29T09:37:36","date_gmt":"2026-04-29T12:37:36","guid":{"rendered":"https:\/\/www.apostilasopcao.com.br\/blog\/?p=12393"},"modified":"2026-04-29T09:37:40","modified_gmt":"2026-04-29T12:37:40","slug":"procon-al","status":"publish","type":"post","link":"https:\/\/www.apostilasopcao.com.br\/blog\/procon-al\/","title":{"rendered":"Concurso Procon AL: Novo edital tem comiss\u00e3o formada!"},"content":{"rendered":"\n<p>Ol\u00e1, concurseiros! O concurso Procon AL avan\u00e7a em seus preparativos com a forma\u00e7\u00e3o da <strong>comiss\u00e3o organizadora<\/strong>, conforme publica\u00e7\u00e3o no Di\u00e1rio Oficial do estado em <strong>abril de 2026.<\/strong> A medida representa um passo importante para a realiza\u00e7\u00e3o do certame, j\u00e1 que o grupo ser\u00e1 respons\u00e1vel por conduzir os tr\u00e2mites administrativos e viabilizar a publica\u00e7\u00e3o do edital. Com a comiss\u00e3o definida, a expectativa agora se volta para a escolha da banca organizadora, etapa essencial para o andamento da sele\u00e7\u00e3o. O concurso dever\u00e1 <strong>ofertar <strong>30 vagas<\/strong><\/strong> efetivas\u00a0para cargos de Analista e Fiscal, com sal\u00e1rios de at\u00e9<strong>\u00a0<strong>R$ 10.386,95<\/strong>.<\/strong> Continue e saiba mais!<\/p>\n\n\n\n<h2 class=\"wp-block-heading\">Qual a situa\u00e7\u00e3o atual do concurso Procon AL?<\/h2>\n\n\n\n<p>O avan\u00e7o mais recente do concurso Procon AL foi a publica\u00e7\u00e3o da comiss\u00e3o organizadora no <a href=\"https:\/\/www.apostilasopcao.com.br\/blog\/wp-content\/uploads\/2026\/04\/concurso-procon-al-comissao.pdf\" target=\"_blank\" rel=\"noreferrer noopener\">Di\u00e1rio Oficial (abril de 2026)<\/a>. Esse grupo, composto por servidores do pr\u00f3prio Procon, da Procuradoria-Geral do Estado e da \u00e1rea de planejamento, tem a responsabilidade de <strong>organizar, coordenar e acompanhar todas as etapas do certame<\/strong>. Na pr\u00e1tica, isso significa que o concurso j\u00e1 saiu da fase de inten\u00e7\u00e3o e entrou na fase de execu\u00e7\u00e3o administrativa.<\/p>\n\n\n\n<figure class=\"wp-block-image size-full is-resized\"><img loading=\"lazy\" decoding=\"async\" width=\"793\" height=\"459\" src=\"https:\/\/www.apostilasopcao.com.br\/blog\/wp-content\/uploads\/2026\/04\/Captura-de-tela-2026-04-29-091543-convertido-de-png.webp\" alt=\"Comiss\u00e3o organizadora\" class=\"wp-image-12394\" style=\"aspect-ratio:1.7276772471076831;width:676px;height:auto\" srcset=\"https:\/\/www.apostilasopcao.com.br\/blog\/wp-content\/uploads\/2026\/04\/Captura-de-tela-2026-04-29-091543-convertido-de-png.webp 793w, https:\/\/www.apostilasopcao.com.br\/blog\/wp-content\/uploads\/2026\/04\/Captura-de-tela-2026-04-29-091543-convertido-de-png-300x174.webp 300w, https:\/\/www.apostilasopcao.com.br\/blog\/wp-content\/uploads\/2026\/04\/Captura-de-tela-2026-04-29-091543-convertido-de-png-768x445.webp 768w\" sizes=\"auto, (max-width: 793px) 100vw, 793px\" \/><\/figure>\n\n\n\n<p>A comiss\u00e3o \u00e9 formada pelos seguintes membros:<\/p>\n\n\n\n<p><strong>Presidente<\/strong><\/p>\n\n\n\n<ul class=\"wp-block-list\">\n<li>J\u00falia Carolina Barros Casado Beltr\u00e3o<\/li>\n<\/ul>\n\n\n\n<p><strong>Membros<\/strong><\/p>\n\n\n\n<ul class=\"wp-block-list\">\n<li>Miriam Gama Damasceno<\/li>\n\n\n\n<li>Maria Neide Fernandes Rocha<\/li>\n\n\n\n<li>Lucio Fl\u00e1vio de Oliveira Gomes<\/li>\n\n\n\n<li>Filipe Moura Laurindo de Albuquerque<\/li>\n\n\n\n<li>Victorya Thayn\u00e1 Cavalcanti Israel da Silva<\/li>\n\n\n\n<li>Jhoanny Rosyelly Ferreira<\/li>\n\n\n\n<li>Maria Eduarda Monteiro Silva.<\/li>\n<\/ul>\n\n\n\n<p>Outro ponto relevante \u00e9 o envio de projeto de lei pelo governo estadual para <strong>cria\u00e7\u00e3o da carreira efetiva no \u00f3rg\u00e3o<\/strong>, o que refor\u00e7a a realiza\u00e7\u00e3o do concurso e demonstra que ele faz parte de um processo maior de <strong>estrutura\u00e7\u00e3o institucional do Procon AL<\/strong>, sendo, inclusive, o primeiro concurso para provimento efetivo de servidores.<\/p>\n\n\n\n<h2 class=\"wp-block-heading\">Concurso Procon AL: Vagas<\/h2>\n\n\n\n<p>O concurso Procon AL oferecer\u00e1 <strong>30 vagas<\/strong>, sendo <strong>15 para contrata\u00e7\u00e3o imediata<\/strong> e <strong>15 destinadas ao cadastro de reserva<\/strong>, para os cargos de <strong>Analista de Prote\u00e7\u00e3o e Defesa do Consumidor<\/strong> e <strong>Fiscal de Defesa do Consumidor<\/strong>.<\/p>\n\n\n\n<p>As fun\u00e7\u00f5es exigem <strong>n\u00edvel superior de escolaridade<\/strong> e contam com <strong>remunera\u00e7\u00e3o inicial de R$ 5.501,43<\/strong>, podendo alcan\u00e7ar <strong>R$ 10.386,95<\/strong> ao longo da carreira<\/p>\n\n\n\n<h2 class=\"wp-block-heading\">Sobre o Procon AL<\/h2>\n\n\n\n<p>O <a href=\"https:\/\/www.procon.al.gov.br\/\" target=\"_blank\" rel=\"noreferrer noopener\">Instituto de Prote\u00e7\u00e3o e Defesa do Consumidor de Alagoas (Procon AL)<\/a> tem como principal miss\u00e3o <strong>orientar, educar, proteger e defender os consumidores<\/strong>, atuando contra pr\u00e1ticas abusivas nas rela\u00e7\u00f5es de consumo.<\/p>\n\n\n\n<p>Para cumprir esse papel, o \u00f3rg\u00e3o desenvolve diversas atividades, como:<\/p>\n\n\n\n<ul class=\"wp-block-list\">\n<li><strong>Promo\u00e7\u00e3o de eventos e a\u00e7\u00f5es educativas<\/strong> sobre direitos do consumidor;<\/li>\n\n\n\n<li><strong>Atendimentos individuais<\/strong>, esclarecendo d\u00favidas e orientando a popula\u00e7\u00e3o;<\/li>\n\n\n\n<li><strong>Abertura de processos administrativos<\/strong> para apurar irregularidades cometidas por fornecedores;<\/li>\n\n\n\n<li><strong>Fiscaliza\u00e7\u00e3o de estabelecimentos comerciais<\/strong>, com aplica\u00e7\u00e3o de autos de infra\u00e7\u00e3o quando necess\u00e1rio.<\/li>\n<\/ul>\n\n\n\n<p>Essas a\u00e7\u00f5es garantem maior equil\u00edbrio nas rela\u00e7\u00f5es entre consumidores e fornecedores, assegurando o cumprimento da legisla\u00e7\u00e3o vigente.<\/p>\n\n\n\n<h2 class=\"wp-block-heading\">Como foi o ultimo concurso Procon AL?<\/h2>\n\n\n\n<p>A \u00faltimo concurso Procon AL ocorreu em <strong>2018<\/strong>, por meio de um <strong>processo seletivo simplificado<\/strong> para contrata\u00e7\u00e3o tempor\u00e1ria.<\/p>\n\n\n\n<p>Na ocasi\u00e3o, foram ofertadas <strong>17 vagas<\/strong> para o cargo de <strong>T\u00e9cnico de n\u00edvel superior<\/strong>, com exig\u00eancia de forma\u00e7\u00e3o em qualquer \u00e1rea. A remunera\u00e7\u00e3o inicial foi de <strong>R$ 1.765,00<\/strong> para jornada de <strong>40 horas semanais<\/strong>.<\/p>\n\n\n\n<p>O contrato tinha dura\u00e7\u00e3o inicial de <strong>6 meses<\/strong>, podendo ser prorrogado, respeitando o limite m\u00e1ximo de <strong>at\u00e9 3 anos<\/strong>.<\/p>\n\n\n\n<h2 class=\"wp-block-heading\">Atribui\u00e7\u00f5es do cargo<\/h2>\n\n\n\n<p>Os profissionais atuavam principalmente no suporte \u00e0s atividades do \u00f3rg\u00e3o, com fun\u00e7\u00f5es como:<\/p>\n\n\n\n<ul class=\"wp-block-list\">\n<li>Atendimento e orienta\u00e7\u00e3o aos consumidores;<\/li>\n\n\n\n<li>Acompanhamento de processos administrativos;<\/li>\n\n\n\n<li>Elabora\u00e7\u00e3o de notas e pareceres t\u00e9cnicos;<\/li>\n\n\n\n<li>Apoio em fiscaliza\u00e7\u00f5es de estabelecimentos;<\/li>\n\n\n\n<li>Suporte \u00e0s \u00e1reas internas e atendimento ao p\u00fablico.<\/li>\n<\/ul>\n\n\n\n<h2 class=\"wp-block-heading\">Etapas de sele\u00e7\u00e3o<\/h2>\n\n\n\n<p>Diferente de um concurso tradicional, o processo seletivo foi mais simples, composto por:<\/p>\n\n\n\n<ul class=\"wp-block-list\">\n<li><strong>An\u00e1lise curricular e documental<\/strong>;<\/li>\n\n\n\n<li><strong>Entrevista<\/strong>.<\/li>\n<\/ul>\n\n\n\n<p>Na fase de entrevista, foram avaliados crit\u00e9rios como:<\/p>\n\n\n\n<ul class=\"wp-block-list\">\n<li>Interesse no servi\u00e7o p\u00fablico;<\/li>\n\n\n\n<li>Capacidade de trabalho individual e em equipe;<\/li>\n\n\n\n<li>Comunica\u00e7\u00e3o e organiza\u00e7\u00e3o do racioc\u00ednio;<\/li>\n\n\n\n<li>Capacidade de argumenta\u00e7\u00e3o e conhecimentos em Direito do Consumidor.<\/li>\n<\/ul>\n\n\n\n<p><strong>Quer ficar por dentro de tudo sobre o universo de concursos?\u00a0<a href=\"https:\/\/www.apostilasopcao.com.br\/blog\/noticias\/\" target=\"_blank\" rel=\"noreferrer noopener\">Confira as nossas not\u00edcias!<\/a><\/strong><\/p>\n","protected":false},"excerpt":{"rendered":"<p>O concurso Procon AL avan\u00e7ou com a forma\u00e7\u00e3o da comiss\u00e3o organizadora em abril de 2026. Agora, a pr\u00f3xima etapa \u00e9 a defini\u00e7\u00e3o da banca, com edital em prepara\u00e7\u00e3o. A sele\u00e7\u00e3o deve ofertar 30 vagas efetivas para Analista e Fiscal, com sal\u00e1rios de at\u00e9 R$ 10.386,95. Confira!<\/p>\n","protected":false},"author":13,"featured_media":12396,"comment_status":"closed","ping_status":"closed","sticky":false,"template":"","format":"standard","meta":{"_acf_changed":false,"breadcrumbs_single_post":"","page_title_panel":"","breadcrumbs_single_page":"","single_page_alignment":"","single_page_margin":"","page_structure_type":"","content_style_source":"","content_style":"","blog_post_streched_ed":"","blog_page_streched_ed":"","has_transparent_header":"","disable_transparent_header":"","vertical_spacing_source":"","content_area_spacing":"","single_post_content_background":"","single_page_content_background":"","single_post_boxed_content_spacing":"","single_page_boxed_content_spacing":"","single_post_content_boxed_radius":"","single_page_content_boxed_radius":"","disable_featured_image":"","disable_post_tags":"","disable_author_box":"","disable_posts_navigation":"","disable_comments":"","disable_related_posts":"","disable_header":"","disable_footer":"","footnotes":""},"categories":[4,8],"tags":[885],"class_list":["post-12393","post","type-post","status-publish","format-standard","has-post-thumbnail","hentry","category-noticias","category-al","tag-concurso-procon-al","rishi-post"],"acf":{"data_prova":null,"status":"previsto"},"_links":{"self":[{"href":"https:\/\/www.apostilasopcao.com.br\/blog\/wp-json\/wp\/v2\/posts\/12393","targetHints":{"allow":["GET"]}}],"collection":[{"href":"https:\/\/www.apostilasopcao.com.br\/blog\/wp-json\/wp\/v2\/posts"}],"about":[{"href":"https:\/\/www.apostilasopcao.com.br\/blog\/wp-json\/wp\/v2\/types\/post"}],"author":[{"embeddable":true,"href":"https:\/\/www.apostilasopcao.com.br\/blog\/wp-json\/wp\/v2\/users\/13"}],"replies":[{"embeddable":true,"href":"https:\/\/www.apostilasopcao.com.br\/blog\/wp-json\/wp\/v2\/comments?post=12393"}],"version-history":[{"count":1,"href":"https:\/\/www.apostilasopcao.com.br\/blog\/wp-json\/wp\/v2\/posts\/12393\/revisions"}],"predecessor-version":[{"id":12397,"href":"https:\/\/www.apostilasopcao.com.br\/blog\/wp-json\/wp\/v2\/posts\/12393\/revisions\/12397"}],"wp:featuredmedia":[{"embeddable":true,"href":"https:\/\/www.apostilasopcao.com.br\/blog\/wp-json\/wp\/v2\/media\/12396"}],"wp:attachment":[{"href":"https:\/\/www.apostilasopcao.com.br\/blog\/wp-json\/wp\/v2\/media?parent=12393"}],"wp:term":[{"taxonomy":"category","embeddable":true,"href":"https:\/\/www.apostilasopcao.com.br\/blog\/wp-json\/wp\/v2\/categories?post=12393"},{"taxonomy":"post_tag","embeddable":true,"href":"https:\/\/www.apostilasopcao.com.br\/blog\/wp-json\/wp\/v2\/tags?post=12393"}],"curies":[{"name":"wp","href":"https:\/\/api.w.org\/{rel}","templated":true}]}}