{"id":12425,"date":"2026-04-30T12:47:32","date_gmt":"2026-04-30T15:47:32","guid":{"rendered":"https:\/\/www.apostilasopcao.com.br\/blog\/?p=12425"},"modified":"2026-04-30T13:36:16","modified_gmt":"2026-04-30T16:36:16","slug":"camara-de-aruja-sp","status":"publish","type":"post","link":"https:\/\/www.apostilasopcao.com.br\/blog\/camara-de-aruja-sp\/","title":{"rendered":"Concurso C\u00e2mara de Aruj\u00e1 SP: Inscri\u00e7\u00f5es abertas! 13 cargos!"},"content":{"rendered":"\n<p>Ol\u00e1, concurseiros! Foi anunciado o novo Concurso C\u00e2mara de Aruj\u00e1 SP! Oferta<strong>&nbsp;5 vagas <\/strong>imediatas e cadastro reserva para 13 cargos efetivos de ensinos m\u00e9dio e superior. Os sal\u00e1rios iniciais variam de&nbsp;<strong><strong>R$ 4.842,84 a R$ 15.659,70<\/strong><\/strong>. As inscri\u00e7\u00f5es estar\u00e3o abertas a partir de&nbsp;<strong>27 de abril<\/strong>&nbsp;e se estendem at\u00e9&nbsp;<strong>13 de julho de 2026<\/strong>. J\u00e1 a prova objetiva est\u00e1 prevista para o dia<strong>&nbsp;30 de agosto de 2026<\/strong>. O valor da taxa de inscri\u00e7\u00e3o \u00e9 de&nbsp;<strong><strong>R<\/strong>$ 70,00 e R$ 95,00<\/strong>. Para se preparar para a sele\u00e7\u00e3o, confira a&nbsp;<a href=\"https:\/\/www.apostilasopcao.com.br\/concurso\/prefeitura-de-aruja-sp\" target=\"_blank\" rel=\"noreferrer noopener\">Apostila C\u00e2mara de Aruj\u00e1 SP&nbsp;<\/a>com conte\u00fado completo e atualizado conforme o edital!<\/p>\n\n\n\n<h2 class=\"wp-block-heading\">Resumo do edital<\/h2>\n\n\n\n<ul class=\"wp-block-list\">\n<li><strong>Vagas:<\/strong>&nbsp;5+CR<\/li>\n\n\n\n<li><strong>Inscri\u00e7\u00f5es:<\/strong>&nbsp;27\/04\/2026 a 13\/07\/2026<\/li>\n\n\n\n<li><strong>Taxa de inscri\u00e7\u00e3o:<\/strong>&nbsp;R$ 70,00 e R$ 95,00<\/li>\n\n\n\n<li><strong>Prova:<\/strong>&nbsp;30\/08\/2026<\/li>\n\n\n\n<li><strong>Sal\u00e1rio inicial:<\/strong>&nbsp;R$ 4.842,84 a R$ 15.659,70<\/li>\n\n\n\n<li><strong>Banca:<\/strong>&nbsp;IGECS<\/li>\n\n\n\n<li><a href=\"https:\/\/www.apostilasopcao.com.br\/blog\/wp-content\/uploads\/2026\/04\/01_Edital_Completo_2026_04_24_14_53_08.pdf\" target=\"_blank\" rel=\"noreferrer noopener\">Baixe o edital<\/a><\/li>\n<\/ul>\n\n\n\n<h2 class=\"wp-block-heading\">Concurso C\u00e2mara de Aruj\u00e1 SP: Inscri\u00e7\u00f5es<\/h2>\n\n\n\n<p>As inscri\u00e7\u00f5es do Concurso C\u00e2mara de Aruj\u00e1 SP ser\u00e3o realizadas exclusivamente pela internet no site&nbsp;<a href=\"https:\/\/www.igecs.org.br\/concursos\/publicacoes\/MjE=\/NzU=\" target=\"_blank\" rel=\"noopener\">IGECS<\/a>, respons\u00e1vel pela organiza\u00e7\u00e3o do certame. Inscri\u00e7\u00f5es estar\u00e3o dispon\u00edveis de&nbsp;<strong>27 de abril a 13 de julho de 2026<\/strong>. <\/p>\n\n\n\n<h3 class=\"wp-block-heading\">Qual o valor da taxa de inscri\u00e7\u00e3o?<\/h3>\n\n\n\n<p>O valor da taxa de inscri\u00e7\u00e3o do concurso C\u00e2mara de Aruj\u00e1 SP \u00e9 de:<\/p>\n\n\n\n<ul class=\"wp-block-list\">\n<li><strong>R$ 70,00<\/strong> para ensino m\u00e9dio; e<\/li>\n\n\n\n<li><strong>R$ 95,00<\/strong> para forma\u00e7\u00e3o superior.<\/li>\n<\/ul>\n\n\n\n<p><strong><em>A data limite para pagamento do boleto banc\u00e1rio referente \u00e0 taxa de inscri\u00e7\u00e3o \u00e9 dia<\/em><\/strong>\u00a0<strong><em>14 de maio de 2026.<\/em><\/strong><\/p>\n\n\n\n<h3 class=\"wp-block-heading\">Isen\u00e7\u00e3o da taxa<\/h3>\n\n\n\n<p>O per\u00edodo de solicita\u00e7\u00e3o da isen\u00e7\u00e3o da taxa acontecer\u00e1 de&nbsp;<strong>27 de abril a 4 de maio de 2026.<\/strong>&nbsp;Podem solicitar isen\u00e7\u00e3o da taxa de inscri\u00e7\u00e3o os candidatos que se enquadrarem nas seguintes situa\u00e7\u00f5es previstas no edital:<\/p>\n\n\n\n<ul class=\"wp-block-list\">\n<li>Cidad\u00e3os que prestaram servi\u00e7o \u00e0 Justi\u00e7a Eleitoral, desde que comprovem participa\u00e7\u00e3o em pelo menos duas elei\u00e7\u00f5es oficiais.<\/li>\n\n\n\n<li><strong>Desempregados<\/strong> ou pessoas com <strong>renda familiar mensal per capita de at\u00e9 2 sal\u00e1rios m\u00ednimos<\/strong> ou <strong>renda familiar total de at\u00e9 3 sal\u00e1rios m\u00ednimos<\/strong>.<\/li>\n\n\n\n<li><strong>Doadores de sangue, plaquetas ou medula \u00f3ssea<\/strong>, desde que comprovem a doa\u00e7\u00e3o dentro do prazo exigido (at\u00e9 1 ano para sangue\/plaquetas e at\u00e9 2 anos para medula) <strong>e estejam inscritos no Cad\u00danico<\/strong>.<\/li>\n\n\n\n<li><strong>Inscritos no Cadastro \u00danico (Cad\u00danico)<\/strong>.<\/li>\n<\/ul>\n\n\n\n<h2 class=\"wp-block-heading\">Concurso C\u00e2mara de Aruj\u00e1 SP: Cargos, vagas e sal\u00e1rios<\/h2>\n\n\n\n<p>O Concurso C\u00e2mara de Aruj\u00e1 SP Oferta<strong>&nbsp;5 vagas <\/strong>imediatas e cadastro reserva (CR) para <strong>13 cargos<\/strong> efetivos de ensinos m\u00e9dio e superior. Os sal\u00e1rios iniciais variam de&nbsp;<strong><strong>R$ 4.842,84 a R$ 15.659,70<\/strong><\/strong>.<\/p>\n\n\n\n<p><strong>Ensino M\u00e9dio Completo:<\/strong><\/p>\n\n\n\n<ul class=\"wp-block-list\">\n<li>Auxiliar Administrativo \u2014 vagas: CR \u2014 sal\u00e1rio: R$ 4.842,84.<\/li>\n<\/ul>\n\n\n\n<p><strong>Ensino Superior Completo:<\/strong><\/p>\n\n\n\n<ul class=\"wp-block-list\">\n<li>Analista Jur\u00eddico \u2014 vagas: CR \u2014 sal\u00e1rio: R$ 15.659,70;<\/li>\n\n\n\n<li>Coordenador de Compras \u2014 vagas: 01 \u2014 sal\u00e1rio: R$ 9.305,89;<\/li>\n\n\n\n<li>Coordenador de Contratos \u2014 vagas: 01 \u2014 sal\u00e1rio: R$ 9.305,89;<\/li>\n\n\n\n<li>Coordenador de Licita\u00e7\u00e3o \u2014 vagas: 01 \u2014 sal\u00e1rio: R$ 9.305,89;<\/li>\n\n\n\n<li>Fot\u00f3grafo Legislativo \u2014 vagas: CR \u2014 sal\u00e1rio: R$ 7.828,00;<\/li>\n\n\n\n<li>Jornalista Legislativo \u2014 vagas: CR \u2014 sal\u00e1rio: R$ 9.305,89;<\/li>\n\n\n\n<li>T\u00e9cnico em Inform\u00e1tica \u2014 vagas: CR \u2014 sal\u00e1rio: R$ 7.828,00;<\/li>\n\n\n\n<li>T\u00e9cnico Legislativo de Compras \u2014 vagas: CR \u2014 sal\u00e1rio: R$ 7.828,00;<\/li>\n\n\n\n<li>T\u00e9cnico Legislativo de Contratos \u2014 vagas: CR \u2014 sal\u00e1rio: R$ 7.828,00;<\/li>\n\n\n\n<li>T\u00e9cnico Legislativo de Licita\u00e7\u00e3o \u2014 vagas: 01 \u2014 sal\u00e1rio: R$ 7.828,00;<\/li>\n\n\n\n<li>T\u00e9cnico Legislativo de M\u00eddias Sociais \u2014 vagas: 01 \u2014 sal\u00e1rio: R$ 7.828,00;<\/li>\n\n\n\n<li>Web Designer Legislativo \u2014 vagas: CR \u2014 sal\u00e1rio: R$ 7.828,00.<\/li>\n<\/ul>\n\n\n\n<p><strong>Para se preparar para a sele\u00e7\u00e3o, confira a&nbsp;<a href=\"https:\/\/www.apostilasopcao.com.br\/concurso\/prefeitura-de-aruja-sp\" target=\"_blank\" rel=\"noreferrer noopener\">Apostila C\u00e2mara de Aruj\u00e1 SP<\/a><\/strong>&nbsp;<strong>com conte\u00fado completo e atualizado conforme os editais!<\/strong><\/p>\n\n\n\n<h3 class=\"wp-block-heading\">Benef\u00edcios <\/h3>\n\n\n\n<p>A C\u00e2mara Municipal de Aruj\u00e1 oferece, al\u00e9m da remunera\u00e7\u00e3o, um conjunto de benef\u00edcios aos seus servidores, visando complementar a renda e garantir melhores condi\u00e7\u00f5es de trabalho e bem-estar. Entre eles, destacam-se:<\/p>\n\n\n\n<ul class=\"wp-block-list\">\n<li>Vale-alimenta\u00e7\u00e3o: R$ 935,91<\/li>\n\n\n\n<li>Vale-refei\u00e7\u00e3o: R$ 1.275,31<\/li>\n\n\n\n<li>Vale-transporte<\/li>\n\n\n\n<li>Seguro de sa\u00fade<\/li>\n<\/ul>\n\n\n\n<h2 class=\"wp-block-heading\">Concurso C\u00e2mara de Aruj\u00e1 SP: Requisitos<\/h2>\n\n\n\n<p>Para tomar posse no cargo, o candidato deve atender a uma s\u00e9rie de&nbsp;<strong>requisitos legais<\/strong>&nbsp;e comprovar todas as&nbsp;<strong>condi\u00e7\u00f5es exigidas<\/strong>&nbsp;no edital do&nbsp;Concurso C\u00e2mara de Aruj\u00e1 SP.&nbsp;Para ingressar o candidato deve atender aos seguintes requisitos:<\/p>\n\n\n\n<ul class=\"wp-block-list\">\n<li>Ser aprovado no concurso e considerado apto nos exames m\u00e9dicos admissionais<\/li>\n\n\n\n<li>Possuir a escolaridade m\u00ednima exigida (com revalida\u00e7\u00e3o e tradu\u00e7\u00e3o juramentada para diplomas do exterior, se houver)<\/li>\n\n\n\n<li>Para n\u00edvel superior: apresentar certificado de gradua\u00e7\u00e3o (cola\u00e7\u00e3o de grau at\u00e9 180 dias)<\/li>\n\n\n\n<li>Ter registro ativo no conselho profissional, quando exigido<\/li>\n\n\n\n<li>Apresentar documentos pessoais: RG, CPF, t\u00edtulo de eleitor (com comprovante), comprovante de endere\u00e7o, certid\u00e3o civil e documentos de dependentes<\/li>\n\n\n\n<li>Para homens: apresentar certificado de regularidade com o servi\u00e7o militar<\/li>\n\n\n\n<li>Apresentar CNH v\u00e1lida, quando exigida para o cargo<\/li>\n\n\n\n<li>Ser brasileiro (nato, naturalizado ou portugu\u00eas com igualdade de direitos)<\/li>\n\n\n\n<li>Estar em dia com obriga\u00e7\u00f5es eleitorais e militares<\/li>\n\n\n\n<li>Ter idade m\u00ednima de 18 anos e m\u00e1xima de 75 anos na posse<\/li>\n\n\n\n<li>Possuir aptid\u00e3o f\u00edsica e mental comprovada em exame admissional<\/li>\n\n\n\n<li>N\u00e3o possuir condena\u00e7\u00e3o por crime contra a Administra\u00e7\u00e3o P\u00fablica<\/li>\n\n\n\n<li>N\u00e3o ter antecedentes criminais impeditivos<\/li>\n\n\n\n<li>N\u00e3o ter sido demitido do servi\u00e7o p\u00fablico por justa causa<\/li>\n\n\n\n<li>N\u00e3o ter tido contrato com o poder p\u00fablico rescindido por justa causa<\/li>\n\n\n\n<li>Declarar se exerce cargo, emprego ou fun\u00e7\u00e3o p\u00fablica e se recebe aposentadoria ou pens\u00e3o<\/li>\n<\/ul>\n\n\n\n<h2 class=\"wp-block-heading\">Etapas de sele\u00e7\u00e3o<\/h2>\n\n\n\n<p>O&nbsp;Concurso C\u00e2mara de Aruj\u00e1 SP ser\u00e1 composto pelas seguintes fases:<\/p>\n\n\n\n<ul class=\"wp-block-list\">\n<li><strong>prova objetiva,<\/strong> de car\u00e1ter eliminat\u00f3rio e classificat\u00f3rio, para todos os cargos;<\/li>\n\n\n\n<li><strong>prova discursiva<\/strong> (pe\u00e7a processual\/ parecer jur\u00eddico), de car\u00e1ter eliminat\u00f3rio e classificat\u00f3rio, para analista jur\u00eddico; e<\/li>\n\n\n\n<li><strong>prova pr\u00e1tica<\/strong>, de car\u00e1ter eliminat\u00f3rio e classificat\u00f3rio, para t\u00e9cnico em inform\u00e1tica e web designer legislativo.<\/li>\n<\/ul>\n\n\n\n<h3 class=\"wp-block-heading\">Prova Objetiva<\/h3>\n\n\n\n<p>A Prova Objetiva do Concurso C\u00e2mara de Aruj\u00e1 SP est\u00e1 prevista para o dia<strong> 30 de agosto de 2026<\/strong>e ser\u00e1 aplicada com pontua\u00e7\u00e3o variando de <strong>0 a 100 pontos. <\/strong><\/p>\n\n\n\n<p>A avalia\u00e7\u00e3o possui car\u00e1ter eliminat\u00f3rio e classificat\u00f3rio, sendo automaticamente desclassificado o candidato que n\u00e3o atingir o <strong><em>m\u00ednimo de 50 pontos.<\/em><\/strong><\/p>\n\n\n\n<h4 class=\"wp-block-heading\">Qual o conte\u00fado da Prova Objetiva?<\/h4>\n\n\n\n<p>O conte\u00fado da prova objetiva do&nbsp;Concurso C\u00e2mara de Aruj\u00e1 SP varia conforme o n\u00edvel e o cargo, sendo estruturado da seguinte forma:<\/p>\n\n\n\n<p><strong>Ensino M\u00e9dio Completo \u2013 Auxiliar Administrativo:<\/strong><\/p>\n\n\n\n<ul class=\"wp-block-list\">\n<li>L\u00edngua Portuguesa: 15 quest\u00f5es<\/li>\n\n\n\n<li>Matem\u00e1tica e Racioc\u00ednio L\u00f3gico: 15 quest\u00f5es<\/li>\n\n\n\n<li>No\u00e7\u00f5es de Inform\u00e1tica: 10 quest\u00f5es<\/li>\n\n\n\n<li>Legisla\u00e7\u00e3o e \u00c9tica no Servi\u00e7o P\u00fablico: 5 quest\u00f5es<\/li>\n\n\n\n<li>Conhecimentos Espec\u00edficos: 5 quest\u00f5es<\/li>\n<\/ul>\n\n\n\n<p><strong>Ensino Superior Completo \u2013 Analista Jur\u00eddico:<\/strong><\/p>\n\n\n\n<ul class=\"wp-block-list\">\n<li>L\u00edngua Portuguesa: 15 quest\u00f5es<\/li>\n\n\n\n<li>Matem\u00e1tica e Racioc\u00ednio L\u00f3gico: 10 quest\u00f5es<\/li>\n\n\n\n<li>No\u00e7\u00f5es de Inform\u00e1tica: 5 quest\u00f5es<\/li>\n\n\n\n<li>Conhecimentos Espec\u00edficos: 20 quest\u00f5es<\/li>\n<\/ul>\n\n\n\n<p><strong>Ensino Superior Completo \u2013 Demais cargos:<\/strong><\/p>\n\n\n\n<ul class=\"wp-block-list\">\n<li>L\u00edngua Portuguesa: 15 quest\u00f5es<\/li>\n\n\n\n<li>Matem\u00e1tica e Racioc\u00ednio L\u00f3gico: 10 quest\u00f5es<\/li>\n\n\n\n<li>No\u00e7\u00f5es de Inform\u00e1tica: 5 quest\u00f5es<\/li>\n\n\n\n<li>Conhecimentos Espec\u00edficos: 20 quest\u00f5es<\/li>\n<\/ul>\n\n\n\n<h3 class=\"wp-block-heading\">Somos a melhor Op\u00e7\u00e3o<\/h3>\n\n\n\n<p>Quer conquistar uma vaga no Concurso C\u00e2mara de Aruj\u00e1 SP? Somos a melhore Op\u00e7\u00e3o! N\u00f3s preparamos diversos materiais realmente focados conforme o edital que te ajudar\u00e3o a conquistar o cargo dos sonhos. N\u00e3o perca mais tempo e comece a se preparar ainda hoje!<\/p>\n\n\n\n<p><strong>Confira:&nbsp;<strong><a href=\"https:\/\/www.apostilasopcao.com.br\/concurso\/prefeitura-de-aruja-sp\" target=\"_blank\" rel=\"noreferrer noopener\">Apostila C\u00e2mara de Aruj\u00e1 SP<\/a><\/strong>!<\/strong><\/p>\n\n\n\n<h3 class=\"wp-block-heading\">Prova Discursiva<\/h3>\n\n\n\n<p>Para o cargo de <strong>Analista Jur\u00eddico<\/strong>, o candidato dever\u00e1 realizar uma Prova Discursiva, consistente na elabora\u00e7\u00e3o de uma <strong>pe\u00e7a processual ou parecer jur\u00eddico<\/strong>, aplicada no mesmo  dia que a Prova Objetiva e baseada em tema relacionado \u00e0s atividades do cargo. <\/p>\n\n\n\n<p>Essa etapa do&nbsp;Concurso C\u00e2mara de Aruj\u00e1 SP possui car\u00e1ter eliminat\u00f3rio e classificat\u00f3rio, sendo avaliada de<strong> 0 a 20 pontos, <\/strong>somados \u00e0 nota da prova objetiva. <\/p>\n\n\n\n<p><strong><em>Ser\u00e1 automaticamente desclassificado o candidato que n\u00e3o atingir o m\u00ednimo de 10 pontos na prova discursiva.<\/em><\/strong><\/p>\n\n\n\n<h3 class=\"wp-block-heading\">Prova Pr\u00e1tica<\/h3>\n\n\n\n<p>Para os cargos de <strong>T\u00e9cnico em Inform\u00e1tica e Web Designer Legislativo<\/strong>, os candidatos aprovados nas etapas anteriores ser\u00e3o convocados para a Prova Pr\u00e1tica, que tem como objetivo avaliar, por meio de atividades pr\u00e1ticas, as habilidades e conhecimentos necess\u00e1rios ao desempenho das fun\u00e7\u00f5es. <\/p>\n\n\n\n<p>As tarefas espec\u00edficas ser\u00e3o definidas posteriormente no edital de convoca\u00e7\u00e3o. Essa etapa possui car\u00e1ter eliminat\u00f3rio e classificat\u00f3rio, com pontua\u00e7\u00e3o variando de <strong>0 a 20 pontos<\/strong>, somados \u00e0 nota da prova objetiva. <\/p>\n\n\n\n<p><strong><em>Ser\u00e1 considerado reprovado o candidato que n\u00e3o atingir o m\u00ednimo de 10 pontos na Prova Pr\u00e1tica.<\/em><\/strong><\/p>\n\n\n\n<p><strong>Quer ficar por dentro de tudo sobre o universo de concursos?&nbsp;<a href=\"https:\/\/www.apostilasopcao.com.br\/blog\/noticias\/\">Confira as nossas not\u00edcias!<\/a><\/strong><\/p>\n","protected":false},"excerpt":{"rendered":"<p>O concurso C\u00e2mara de Aruj\u00e1 SP oferece 5 vagas imediatas e cadastro reserva para 13 cargos de n\u00edveis m\u00e9dio e superior, com sal\u00e1rios entre R$ 4.842,84 e R$ 15.659,70. As inscri\u00e7\u00f5es ocorrem de 27 de abril a 13 de julho de 2026, com taxas de R$ 70,00 e R$ 95,00, e a prova objetiva est\u00e1 prevista para 30 de agosto de 2026. Confira!<\/p>\n","protected":false},"author":13,"featured_media":12430,"comment_status":"closed","ping_status":"closed","sticky":false,"template":"","format":"standard","meta":{"_acf_changed":false,"breadcrumbs_single_post":"","page_title_panel":"","breadcrumbs_single_page":"","single_page_alignment":"","single_page_margin":"","page_structure_type":"","content_style_source":"","content_style":"","blog_post_streched_ed":"","blog_page_streched_ed":"","has_transparent_header":"","disable_transparent_header":"","vertical_spacing_source":"","content_area_spacing":"","single_post_content_background":"","single_page_content_background":"","single_post_boxed_content_spacing":"","single_page_boxed_content_spacing":"","single_post_content_boxed_radius":"","single_page_content_boxed_radius":"","disable_featured_image":"","disable_post_tags":"","disable_author_box":"","disable_posts_navigation":"","disable_comments":"","disable_related_posts":"","disable_header":"","disable_footer":"","footnotes":""},"categories":[4,6],"tags":[889],"class_list":["post-12425","post","type-post","status-publish","format-standard","has-post-thumbnail","hentry","category-noticias","category-sp","tag-concurso-camara-de-aruja-sp","rishi-post"],"acf":{"data_prova":"20260830","status":"aberto"},"_links":{"self":[{"href":"https:\/\/www.apostilasopcao.com.br\/blog\/wp-json\/wp\/v2\/posts\/12425","targetHints":{"allow":["GET"]}}],"collection":[{"href":"https:\/\/www.apostilasopcao.com.br\/blog\/wp-json\/wp\/v2\/posts"}],"about":[{"href":"https:\/\/www.apostilasopcao.com.br\/blog\/wp-json\/wp\/v2\/types\/post"}],"author":[{"embeddable":true,"href":"https:\/\/www.apostilasopcao.com.br\/blog\/wp-json\/wp\/v2\/users\/13"}],"replies":[{"embeddable":true,"href":"https:\/\/www.apostilasopcao.com.br\/blog\/wp-json\/wp\/v2\/comments?post=12425"}],"version-history":[{"count":2,"href":"https:\/\/www.apostilasopcao.com.br\/blog\/wp-json\/wp\/v2\/posts\/12425\/revisions"}],"predecessor-version":[{"id":12434,"href":"https:\/\/www.apostilasopcao.com.br\/blog\/wp-json\/wp\/v2\/posts\/12425\/revisions\/12434"}],"wp:featuredmedia":[{"embeddable":true,"href":"https:\/\/www.apostilasopcao.com.br\/blog\/wp-json\/wp\/v2\/media\/12430"}],"wp:attachment":[{"href":"https:\/\/www.apostilasopcao.com.br\/blog\/wp-json\/wp\/v2\/media?parent=12425"}],"wp:term":[{"taxonomy":"category","embeddable":true,"href":"https:\/\/www.apostilasopcao.com.br\/blog\/wp-json\/wp\/v2\/categories?post=12425"},{"taxonomy":"post_tag","embeddable":true,"href":"https:\/\/www.apostilasopcao.com.br\/blog\/wp-json\/wp\/v2\/tags?post=12425"}],"curies":[{"name":"wp","href":"https:\/\/api.w.org\/{rel}","templated":true}]}}