{"id":13069,"date":"2026-07-20T13:43:21","date_gmt":"2026-07-20T16:43:21","guid":{"rendered":"https:\/\/www.apostilasopcao.com.br\/blog\/?p=13069"},"modified":"2026-07-20T13:43:25","modified_gmt":"2026-07-20T16:43:25","slug":"pericia-oficial-ma","status":"publish","type":"post","link":"https:\/\/www.apostilasopcao.com.br\/blog\/pericia-oficial-ma\/","title":{"rendered":"Concurso Per\u00edcia Oficial MA: Saiu edital! 418 vagas!"},"content":{"rendered":"\n<p class=\"wp-block-paragraph\">Ol\u00e1, concurseiros! Foi anunciado o novo concurso Per\u00edcia Oficial MA! Oferta\u00a0<strong>418 vagas<\/strong> imediatas e forma\u00e7\u00e3o de cadastro reserva para cargos de<strong>\u00a0n\u00edvel superior<\/strong>. Os sal\u00e1rios iniciais variam entre\u00a0<strong>R$ 4.557,67 a R$ 14.675,58<\/strong>. As inscri\u00e7\u00f5es estar\u00e3o abertas a partir de\u00a0<strong><strong>31 de julho<\/strong><\/strong>\u00a0e se estendem at\u00e9\u00a0<strong><strong><strong>05 de outubro<\/strong><\/strong>\u00a0de 2026<\/strong>. J\u00e1 a prova objetiva est\u00e1 prevista para o dia\u00a0<strong>10 de janeiro de 2027<\/strong>. O valor da taxa de inscri\u00e7\u00e3o \u00e9 de\u00a0<strong>R$ 150,00 a R$ 250,00<\/strong>. Para se preparar, confira a\u00a0<a href=\"https:\/\/www.apostilasopcao.com.br\/concurso\/pericia-oficial-ma\" target=\"_blank\" rel=\"noreferrer noopener\">apostila Per\u00edcia Oficial MA<\/a>\u00a0com conte\u00fado completo e atualizado conforme o \u00faltimo edital.<\/p>\n\n\n\n<h2 class=\"wp-block-heading\">Resumo do edital<\/h2>\n\n\n\n<ul class=\"wp-block-list\">\n<li><strong>Vagas:<\/strong>\u00a076 + 348 CR<\/li>\n\n\n\n<li><strong>Inscri\u00e7\u00f5es:\u00a0<\/strong>31\/07\/2026 a 05\/10\/2026<\/li>\n\n\n\n<li><strong>Taxa de inscri\u00e7\u00e3o:<\/strong>\u00a0R$ 150,00 a R$ 250,00<\/li>\n\n\n\n<li><strong>Provas:\u00a0<\/strong>10\/01\/2027<\/li>\n\n\n\n<li><strong>Sal\u00e1rio inicial:<\/strong>\u00a0R$ 4.557,67 a R$ 14.675,58<\/li>\n\n\n\n<li><strong>Banca:<\/strong>\u00a0Cebraspe<\/li>\n\n\n\n<li><a href=\"https:\/\/www.apostilasopcao.com.br\/blog\/wp-content\/uploads\/2026\/07\/9763A298F0FB6A7D7912CD5C740F8EB3E197F20D6619699F990759ECAAA7CC94.pdf\" target=\"_blank\" rel=\"noreferrer noopener\">Baixe o\u00a0edital<\/a><\/li>\n<\/ul>\n\n\n\n<h2 class=\"wp-block-heading\">Concurso Per\u00edcia Oficial MA: Inscri\u00e7\u00f5es<\/h2>\n\n\n\n<p class=\"wp-block-paragraph\">As inscri\u00e7\u00f5es do concurso Per\u00edcia Oficial MA ser\u00e3o realizadas exclusivamente pela internet no site\u00a0<a href=\"https:\/\/www.cebraspe.org.br\/concursos\/PERICIA_OFICIAL_MA_26\" target=\"_blank\" rel=\"noreferrer noopener\">https:\/\/www.cebraspe.org.br\/<\/a>,\u00a0respons\u00e1vel pela organiza\u00e7\u00e3o do certame. Inscri\u00e7\u00f5es estar\u00e3o dispon\u00edveis de\u00a0<strong><strong>31 de\u00a0<\/strong>julho a\u00a0<strong>05 de outubro<\/strong>\u00a0de 2026<\/strong>. O valor da taxa de inscri\u00e7\u00e3o \u00e9 de:<\/p>\n\n\n\n<ul class=\"wp-block-list\">\n<li>Agente de Per\u00edcia Criminal \u2013 Generalista: <strong>R$ 180,00<\/strong><\/li>\n\n\n\n<li>Agente de Per\u00edcia M\u00e9dico-Legal \u2013 Generalista: <strong>R$ 150,00<\/strong><\/li>\n\n\n\n<li>M\u00e9dico Legista, Odontolegista e Perito Criminal: <strong>R$ 250,00<\/strong><\/li>\n<\/ul>\n\n\n\n<p class=\"wp-block-paragraph\"><strong><em><strong><em>A data limite para pagamento do boleto banc\u00e1rio referente \u00e0 taxa de inscri\u00e7\u00e3o \u00e9 dia\u00a0<strong>26 de <strong><strong>outubro<\/strong><\/strong><\/strong><\/em><\/strong><\/em><\/strong> <strong><em>de 2026.<\/em><\/strong><\/p>\n\n\n\n<h3 class=\"wp-block-heading\">Isen\u00e7\u00e3o da taxa<\/h3>\n\n\n\n<p class=\"wp-block-paragraph\">O per\u00edodo para solicita\u00e7\u00e3o de isen\u00e7\u00e3o da taxa de inscri\u00e7\u00e3o do concurso Per\u00edcia Oficial MA ser\u00e1 entre os dias\u00a0<strong><strong>31 de julho\u00a0<\/strong>e\u00a0<strong>05 de outubro<\/strong>\u00a0de 2026<\/strong>, conforme previsto no edital. Os pedidos podem ser realizados apenas pelos candidatos que se enquadrem em um dos seguintes crit\u00e9rios:<\/p>\n\n\n\n<ul class=\"wp-block-list\">\n<li>desempregados;<\/li>\n\n\n\n<li>doadores de sangue;<\/li>\n\n\n\n<li>doadores de medula \u00f3ssea;<\/li>\n\n\n\n<li>eleitores convocados pela Justi\u00e7a Eleitoral do Maranh\u00e3o;<\/li>\n\n\n\n<li>jurados do Tribunal do J\u00fari;<\/li>\n\n\n\n<li>doadoras de leite materno; e<\/li>\n\n\n\n<li>inscritos no Cad\u00danico.<\/li>\n<\/ul>\n\n\n\n<h2 class=\"wp-block-heading\">Concurso Per\u00edcia Oficial MA: Cargos e vagas<\/h2>\n\n\n\n<p class=\"wp-block-paragraph\">O\u00a0concurso Per\u00edcia Oficial MA oferta<strong> 76 vagas<\/strong> imediatas para provimento efetivo, al\u00e9m de <strong>348 vagas<\/strong> para cadastro reserva\u00a0para cargos de<strong>\u00a0n\u00edvel superior<\/strong>. <\/p>\n\n\n\n<ul class=\"wp-block-list\">\n<li><strong>Agente de Per\u00edcia Criminal \u2013 Generalista:<\/strong> 30 vagas imediatas | <strong>CR:<\/strong> 50<\/li>\n\n\n\n<li><strong>Agente de Per\u00edcia M\u00e9dico-Legal \u2013 Generalista:<\/strong> 11 vagas imediatas | <strong>CR:<\/strong> 69<\/li>\n\n\n\n<li><strong>M\u00e9dico Legista \u2013 M\u00e9dico:<\/strong> 25 vagas imediatas | <strong>CR:<\/strong> 55<\/li>\n\n\n\n<li><strong>M\u00e9dico Legista \u2013 Psiquiatra:<\/strong> <strong>CR:<\/strong> 15<\/li>\n\n\n\n<li><strong>M\u00e9dico Legista \u2013 Radiologista:<\/strong> <strong>CR:<\/strong> 25<\/li>\n\n\n\n<li><strong>Odontolegista \u2013 Odont\u00f3logo:<\/strong> 1 vaga imediata | <strong>CR:<\/strong> 29<\/li>\n\n\n\n<li><strong>Perito Criminal \u2013 Analista de Sistemas\/Engenheiro de Sistemas\/Ci\u00eancia da Computa\u00e7\u00e3o:<\/strong> <strong>CR:<\/strong> 6<\/li>\n\n\n\n<li><strong>Perito Criminal \u2013 Arquiteto:<\/strong> <strong>CR:<\/strong> 5<\/li>\n\n\n\n<li><strong>Perito Criminal \u2013 Assistente Social:<\/strong> 2 vagas imediatas | <strong>CR:<\/strong> 9<\/li>\n\n\n\n<li><strong>Perito Criminal \u2013 Bi\u00f3logo:<\/strong> <strong>CR:<\/strong> 6<\/li>\n\n\n\n<li><strong>Perito Criminal \u2013 Contador\/Economista\/Matem\u00e1tico:<\/strong> 2 vagas imediatas | <strong>CR:<\/strong> 6<\/li>\n\n\n\n<li><strong>Perito Criminal \u2013 Engenheiro Agr\u00f4nomo\/Ambiental\/Sanitarista\/Florestal:<\/strong> <strong>CR:<\/strong> 6<\/li>\n\n\n\n<li><strong>Perito Criminal \u2013 Engenheiro Civil:<\/strong> <strong>CR:<\/strong> 6<\/li>\n\n\n\n<li><strong>Perito Criminal \u2013 Engenheiro Eletricista\/Eletr\u00f4nico\/Telecomunica\u00e7\u00f5es:<\/strong> <strong>CR:<\/strong> 6<\/li>\n\n\n\n<li><strong>Perito Criminal \u2013 Engenheiro Mec\u00e2nico\/Mecatr\u00f4nico:<\/strong> <strong>CR:<\/strong> 6<\/li>\n\n\n\n<li><strong>Perito Criminal \u2013 Farmac\u00eautico\/Biom\u00e9dico:<\/strong> <strong>CR:<\/strong> 6<\/li>\n\n\n\n<li><strong>Perito Criminal \u2013 F\u00edsico:<\/strong> <strong>CR:<\/strong> 6<\/li>\n\n\n\n<li><strong>Perito Criminal \u2013 Fonoaudi\u00f3logo:<\/strong> 1 vaga imediata | <strong>CR:<\/strong> 6<\/li>\n\n\n\n<li><strong>Perito Criminal \u2013 Ge\u00f3logo\/Ge\u00f3grafo:<\/strong> <strong>CR:<\/strong> 5<\/li>\n\n\n\n<li><strong>Perito Criminal \u2013 M\u00e9dico Veterin\u00e1rio:<\/strong> 2 vagas imediatas | <strong>CR:<\/strong> 11<\/li>\n\n\n\n<li><strong>Perito Criminal \u2013 Psic\u00f3logo:<\/strong> 2 vagas imediatas | <strong>CR:<\/strong> 9<\/li>\n\n\n\n<li><strong>Perito Criminal \u2013 Qu\u00edmico\/Qu\u00edmico Industrial\/Engenheiro Qu\u00edmico:<\/strong> <strong>CR:<\/strong> 6<\/li>\n<\/ul>\n\n\n\n<p class=\"wp-block-paragraph\"><strong>Para quem vai iniciar a prepara\u00e7\u00e3o, a\u00a0<a href=\"https:\/\/www.apostilasopcao.com.br\/concurso\/pericia-oficial-ma\" target=\"_blank\" rel=\"noreferrer noopener\">apostila Per\u00edcia Oficial MA<\/a>\u00a0j\u00e1 est\u00e1 dispon\u00edvel com conte\u00fado completo e atualizado conforme o \u00faltimo edital.<\/strong><\/p>\n\n\n\n<h3 class=\"wp-block-heading\">Sal\u00e1rios<\/h3>\n\n\n\n<p class=\"wp-block-paragraph\">A remunera\u00e7\u00e3o inicial varia de <strong>R$ 4.557,67 a R$ 14.675,58<\/strong>, conforme o cargo:<\/p>\n\n\n\n<ul class=\"wp-block-list\">\n<li>Agente de Per\u00edcia M\u00e9dico-Legal: <strong>R$ 4.557,67<\/strong><\/li>\n\n\n\n<li>Agente de Per\u00edcia Criminal: <strong>R$ 8.638,77<\/strong><\/li>\n\n\n\n<li>M\u00e9dico Legista<strong>:<\/strong> <strong>R$ 14.675,58<\/strong><\/li>\n\n\n\n<li>Odontolegista: <strong>R$ 14.675,58<\/strong><\/li>\n\n\n\n<li>Perito Criminal (todas as especialidades): <strong>R$ 14.675,58<\/strong><\/li>\n<\/ul>\n\n\n\n<p class=\"wp-block-paragraph\">A jornada de trabalho \u00e9 de <strong>40 horas semanais<\/strong>.<\/p>\n\n\n\n<h3 class=\"wp-block-heading\">Benef\u00edcios<\/h3>\n\n\n\n<p class=\"wp-block-paragraph\">Al\u00e9m da remunera\u00e7\u00e3o, os servidores ter\u00e3o direito a:<\/p>\n\n\n\n<ul class=\"wp-block-list\">\n<li>Aux\u00edlio-alimenta\u00e7\u00e3o;<\/li>\n\n\n\n<li>Adicionais por plant\u00f5es t\u00e9cnicos extraordin\u00e1rios;<\/li>\n\n\n\n<li>Indeniza\u00e7\u00e3o por fardamento\/equipamentos;<\/li>\n\n\n\n<li>Assist\u00eancia m\u00e9dica corporativa estadual;<\/li>\n\n\n\n<li>Aux\u00edlio financeiro durante o Curso de Forma\u00e7\u00e3o Profissional.<\/li>\n<\/ul>\n\n\n\n<h2 class=\"wp-block-heading\">Concurso Per\u00edcia Oficial MA: Requisitos<\/h2>\n\n\n\n<p class=\"wp-block-paragraph\">Para participar do concurso Per\u00edcia Oficial MA, os candidatos devem atender aos seguintes requisitos:<\/p>\n\n\n\n<ul class=\"wp-block-list\">\n<li>Ser aprovado no concurso p\u00fablico;<\/li>\n\n\n\n<li>Ter nacionalidade brasileira ou portuguesa, nos termos da legisla\u00e7\u00e3o vigente;<\/li>\n\n\n\n<li>Estar em pleno gozo dos direitos pol\u00edticos;<\/li>\n\n\n\n<li>Estar em dia com as obriga\u00e7\u00f5es militares (para candidatos do sexo masculino);<\/li>\n\n\n\n<li>Estar quite com as obriga\u00e7\u00f5es eleitorais;<\/li>\n\n\n\n<li>Possuir a escolaridade e os demais requisitos exigidos para o cargo;<\/li>\n\n\n\n<li>Ter, no m\u00ednimo, 18 anos completos na data da posse;<\/li>\n\n\n\n<li>Possuir aptid\u00e3o f\u00edsica e mental para o exerc\u00edcio das atribui\u00e7\u00f5es do cargo.<\/li>\n<\/ul>\n\n\n\n<h2 class=\"wp-block-heading\">Etapas de sele\u00e7\u00e3o<\/h2>\n\n\n\n<p class=\"wp-block-paragraph\">Os inscritos no concurso Per\u00edcia Oficial MA ser\u00e3o avaliados\u00a0por meio das seguintes etapas:<\/p>\n\n\n\n<ul class=\"wp-block-list\">\n<li>prova objetiva, de car\u00e1ter eliminat\u00f3rio e classificat\u00f3rio;<\/li>\n\n\n\n<li>prova discursiva, de car\u00e1ter eliminat\u00f3rio e classificat\u00f3rio;<\/li>\n\n\n\n<li>exame m\u00e9dico;<\/li>\n\n\n\n<li>avalia\u00e7\u00e3o psicol\u00f3gica;<\/li>\n\n\n\n<li>investiga\u00e7\u00e3o social; e<\/li>\n\n\n\n<li>avalia\u00e7\u00e3o de t\u00edtulos.<\/li>\n<\/ul>\n\n\n\n<h3 class=\"wp-block-heading\">Prova objetiva<\/h3>\n\n\n\n<p class=\"wp-block-paragraph\">A prova objetiva ter\u00e1 <strong>car\u00e1ter eliminat\u00f3rio e classificat\u00f3rio<\/strong> e ser\u00e1 aplicada <strong>no dia 10 de janeiro de 2027<\/strong>, juntamente com a prova discursiva, no turno da tarde, com <strong>dura\u00e7\u00e3o de 5 horas<\/strong>.<\/p>\n\n\n\n<p class=\"wp-block-paragraph\">A avalia\u00e7\u00e3o ser\u00e1 composta por <strong>80 quest\u00f5es de m\u00faltipla escolha<\/strong>, distribu\u00eddas da seguinte forma:<\/p>\n\n\n\n<p class=\"wp-block-paragraph\"><strong>Conhecimentos Gerais (30 quest\u00f5es)<\/strong><\/p>\n\n\n\n<ul class=\"wp-block-list\">\n<li>L\u00edngua Portuguesa;<\/li>\n\n\n\n<li>Racioc\u00ednio L\u00f3gico e Cient\u00edfico;<\/li>\n\n\n\n<li>Inform\u00e1tica;<\/li>\n\n\n\n<li>No\u00e7\u00f5es de Direito;<\/li>\n\n\n\n<li>Direito Aplicado;<\/li>\n\n\n\n<li>Hist\u00f3ria do Maranh\u00e3o;<\/li>\n\n\n\n<li>Geografia do Maranh\u00e3o.<\/li>\n<\/ul>\n\n\n\n<p class=\"wp-block-paragraph\"><strong>Conhecimentos Espec\u00edficos (50 quest\u00f5es)<\/strong><\/p>\n\n\n\n<ul class=\"wp-block-list\">\n<li>Conte\u00fados espec\u00edficos de acordo com o cargo\/especialidade.<\/li>\n<\/ul>\n\n\n\n<p class=\"wp-block-paragraph\"><strong>Crit\u00e9rios de aprova\u00e7\u00e3o<\/strong><\/p>\n\n\n\n<p class=\"wp-block-paragraph\">Ser\u00e1 eliminado do concurso o candidato que:<\/p>\n\n\n\n<ul class=\"wp-block-list\">\n<li>Obtiver menos de <strong>10 pontos<\/strong> em Conhecimentos Gerais;<\/li>\n\n\n\n<li>Obtiver menos de <strong>21 pontos<\/strong> em Conhecimentos Espec\u00edficos; ou<\/li>\n\n\n\n<li>Obtiver menos de <strong>36 pontos<\/strong> no total da prova objetiva.<\/li>\n<\/ul>\n\n\n\n<h3 class=\"wp-block-heading\">Somos a melhor Op\u00e7\u00e3o<\/h3>\n\n\n\n<p class=\"wp-block-paragraph\">Voc\u00ea ir\u00e1 participar do concurso Per\u00edcia Oficial MA? Somos a melhor Op\u00e7\u00e3o! N\u00f3s contamos com diversos materiais preparat\u00f3rios alinhados e elaborados conforme o edital. Com mais de tr\u00eas d\u00e9cadas de candidatos aprovados, ajudaremos voc\u00ea tamb\u00e9m nesta longa jornada. N\u00e3o perca mais tempo e comece a estudar ainda hoje para o cargo que ir\u00e1 mudar a sua vida!<\/p>\n\n\n\n<ul class=\"wp-block-list\">\n<li><strong>Confira:\u00a0<strong><a href=\"https:\/\/www.apostilasopcao.com.br\/concurso\/pericia-oficial-ma\" target=\"_blank\" rel=\"noreferrer noopener\">Apostila Per\u00edcia Oficial MA!<\/a><\/strong><\/strong><\/li>\n<\/ul>\n\n\n\n<h3 class=\"wp-block-heading\">Prova discursiva<\/h3>\n\n\n\n<p class=\"wp-block-paragraph\">A prova discursiva ter\u00e1 <strong>car\u00e1ter eliminat\u00f3rio e classificat\u00f3rio<\/strong> e ser\u00e1 aplicada <strong>no mesmo dia e turno da prova objetiva<\/strong>.<\/p>\n\n\n\n<p class=\"wp-block-paragraph\">A etapa consistir\u00e1 na elabora\u00e7\u00e3o de uma <strong>reda\u00e7\u00e3o de at\u00e9 30 linhas<\/strong>, sobre tema relacionado aos <strong>Conhecimentos Gerais<\/strong>, com valor m\u00e1ximo de <strong>20 pontos<\/strong>.<\/p>\n\n\n\n<p class=\"wp-block-paragraph\">Na corre\u00e7\u00e3o, ser\u00e3o avaliados:<\/p>\n\n\n\n<ul class=\"wp-block-list\">\n<li>Dom\u00ednio do conte\u00fado;<\/li>\n\n\n\n<li>Capacidade de argumenta\u00e7\u00e3o e organiza\u00e7\u00e3o das ideias;<\/li>\n\n\n\n<li>Clareza e coer\u00eancia textual;<\/li>\n\n\n\n<li>Dom\u00ednio da norma-padr\u00e3o da L\u00edngua Portuguesa.<\/li>\n<\/ul>\n\n\n\n<p class=\"wp-block-paragraph\"><em>Ser\u00e1 considerado aprovado na prova discursiva o candidato que obtiver nota igual ou superior a 10 pontos.<\/em><\/p>\n\n\n\n<h3 class=\"wp-block-heading\">Avalia\u00e7\u00e3o de T\u00edtulos<\/h3>\n\n\n\n<p class=\"wp-block-paragraph\">A avalia\u00e7\u00e3o de t\u00edtulos ter\u00e1 car\u00e1ter classificat\u00f3rio e valer\u00e1 at\u00e9 10 pontos.<\/p>\n\n\n\n<figure class=\"wp-block-image size-full\"><img loading=\"lazy\" decoding=\"async\" width=\"687\" height=\"493\" src=\"https:\/\/www.apostilasopcao.com.br\/blog\/wp-content\/uploads\/2026\/05\/Captura-de-tela-2026-07-20-133339-convertido-de-png.webp\" alt=\"Avalia\u00e7\u00e3o de T\u00edtulos - Concurso Per\u00edcia Oficial MA\" class=\"wp-image-14533\" srcset=\"https:\/\/www.apostilasopcao.com.br\/blog\/wp-content\/uploads\/2026\/05\/Captura-de-tela-2026-07-20-133339-convertido-de-png.webp 687w, https:\/\/www.apostilasopcao.com.br\/blog\/wp-content\/uploads\/2026\/05\/Captura-de-tela-2026-07-20-133339-convertido-de-png-300x215.webp 300w\" sizes=\"auto, (max-width: 687px) 100vw, 687px\" \/><figcaption class=\"wp-element-caption\">Avalia\u00e7\u00e3o de T\u00edtulos &#8211; Concurso Per\u00edcia Oficial MA<\/figcaption><\/figure>\n\n\n\n<h2 class=\"wp-block-heading\">Como foi o \u00faltimo concurso Per\u00edcia Oficial MA? <\/h2>\n\n\n\n<p class=\"wp-block-paragraph\">O \u00faltimo concurso Per\u00edcia Oficial MA foi realizado em <strong>2017<\/strong>, no \u00e2mbito da Pol\u00edcia Civil do Maranh\u00e3o, ofertando <strong>414 vagas<\/strong> para diversos cargos. Para a \u00e1rea pericial, foram disponibilizadas <strong>14 vagas imediatas<\/strong>, al\u00e9m de <strong>35 oportunidades para cadastro de reserva<\/strong>.<\/p>\n\n\n\n<ul class=\"wp-block-list\">\n<li>M\u00e9dico Legista: 7 vagas + 18 para cadastro de reserva;<\/li>\n\n\n\n<li>Perito Criminal: 7 vagas + 16 para cadastro de reserva;<\/li>\n\n\n\n<li>Odontolegista: cadastro de reserva com 1 oportunidade;<\/li>\n<\/ul>\n\n\n\n<p class=\"wp-block-paragraph\">A remunera\u00e7\u00e3o inicial na \u00e9poca era de <strong>R$ 8.972,33<\/strong> para os cargos periciais.<\/p>\n\n\n\n<h2 class=\"wp-block-heading\">Etapas do concurso<\/h2>\n\n\n\n<p class=\"wp-block-paragraph\">A sele\u00e7\u00e3o foi composta por <strong>duas etapas<\/strong>, divididas em diversas fases:<\/p>\n\n\n\n<p class=\"wp-block-paragraph\"><strong>1\u00aa etapa<\/strong><\/p>\n\n\n\n<ul class=\"wp-block-list\">\n<li>Provas objetivas;<\/li>\n\n\n\n<li>Avalia\u00e7\u00e3o de t\u00edtulos;<\/li>\n\n\n\n<li>Exames m\u00e9dicos e toxicol\u00f3gicos;<\/li>\n\n\n\n<li>Teste de Aptid\u00e3o F\u00edsica (TAF);<\/li>\n\n\n\n<li>Avalia\u00e7\u00e3o psicol\u00f3gica;<\/li>\n\n\n\n<li>Investiga\u00e7\u00e3o social e funcional.<\/li>\n<\/ul>\n\n\n\n<p class=\"wp-block-paragraph\"><strong>2\u00aa etapa<\/strong><\/p>\n\n\n\n<ul class=\"wp-block-list\">\n<li>Curso de Forma\u00e7\u00e3o Profissional;<\/li>\n\n\n\n<li>Investiga\u00e7\u00e3o social complementar.<\/li>\n<\/ul>\n\n\n\n<h3 class=\"wp-block-heading\">Provas objetivas<\/h3>\n\n\n\n<p class=\"wp-block-paragraph\">As provas tiveram car\u00e1ter eliminat\u00f3rio e classificat\u00f3rio e contaram com <strong>60 quest\u00f5es<\/strong>, distribu\u00eddas entre:<\/p>\n\n\n\n<ul class=\"wp-block-list\">\n<li>20 quest\u00f5es de Conhecimentos Gerais;<\/li>\n\n\n\n<li>40 quest\u00f5es de Conhecimentos Espec\u00edficos.<\/li>\n<\/ul>\n\n\n\n<p class=\"wp-block-paragraph\">As quest\u00f5es foram de m\u00faltipla escolha, com cinco alternativas e apenas uma correta. Foi eliminado o candidato que obteve pontua\u00e7\u00e3o inferior a <strong>30 pontos<\/strong>.<\/p>\n\n\n\n<p class=\"wp-block-paragraph\">O conte\u00fado program\u00e1tico cobrou disciplinas como:<\/p>\n\n\n\n<ul class=\"wp-block-list\">\n<li>L\u00edngua Portuguesa;<\/li>\n\n\n\n<li>Matem\u00e1tica;<\/li>\n\n\n\n<li>Inform\u00e1tica;<\/li>\n\n\n\n<li>Direito Penal;<\/li>\n\n\n\n<li>Direito Processual Penal;<\/li>\n\n\n\n<li>Direito Administrativo;<\/li>\n\n\n\n<li>Direito Constitucional;<\/li>\n\n\n\n<li>Legisla\u00e7\u00e3o espec\u00edfica;<\/li>\n\n\n\n<li>Criminal\u00edstica;<\/li>\n\n\n\n<li>Conhecimentos espec\u00edficos da \u00e1rea.<\/li>\n<\/ul>\n\n\n\n<h3 class=\"wp-block-heading\">Avalia\u00e7\u00e3o de t\u00edtulos<\/h3>\n\n\n\n<p class=\"wp-block-paragraph\">A avalia\u00e7\u00e3o teve valor m\u00e1ximo de <strong>5 pontos<\/strong>, mesmo que a soma dos t\u00edtulos apresentados ultrapassasse esse limite. Al\u00e9m disso, somente foram aceitos os t\u00edtulos previstos em edital, emitidos at\u00e9 a data estabelecida para entrega da documenta\u00e7\u00e3o, respeitando os crit\u00e9rios e limites de pontua\u00e7\u00e3o definidos pela banca organizadora.<\/p>\n\n\n\n<figure class=\"wp-block-image size-full\"><img loading=\"lazy\" decoding=\"async\" width=\"701\" height=\"160\" src=\"https:\/\/www.apostilasopcao.com.br\/blog\/wp-content\/uploads\/2026\/05\/Captura-de-tela-2026-05-26-115601-convertido-de-png.webp\" alt=\"\u00daltimo concurso Per\u00edcia Oficial MA\" class=\"wp-image-13073\" srcset=\"https:\/\/www.apostilasopcao.com.br\/blog\/wp-content\/uploads\/2026\/05\/Captura-de-tela-2026-05-26-115601-convertido-de-png.webp 701w, https:\/\/www.apostilasopcao.com.br\/blog\/wp-content\/uploads\/2026\/05\/Captura-de-tela-2026-05-26-115601-convertido-de-png-300x68.webp 300w\" sizes=\"auto, (max-width: 701px) 100vw, 701px\" \/><figcaption class=\"wp-element-caption\">\u00daltimo concurso Per\u00edcia Oficial MA<\/figcaption><\/figure>\n\n\n\n<figure class=\"wp-block-image size-full\"><img loading=\"lazy\" decoding=\"async\" width=\"702\" height=\"299\" src=\"https:\/\/www.apostilasopcao.com.br\/blog\/wp-content\/uploads\/2026\/05\/Captura-de-tela-2026-05-26-115608-convertido-de-png.webp\" alt=\"\u00daltimo concurso Per\u00edcia Oficial MA\" class=\"wp-image-13074\" srcset=\"https:\/\/www.apostilasopcao.com.br\/blog\/wp-content\/uploads\/2026\/05\/Captura-de-tela-2026-05-26-115608-convertido-de-png.webp 702w, https:\/\/www.apostilasopcao.com.br\/blog\/wp-content\/uploads\/2026\/05\/Captura-de-tela-2026-05-26-115608-convertido-de-png-300x128.webp 300w\" sizes=\"auto, (max-width: 702px) 100vw, 702px\" \/><figcaption class=\"wp-element-caption\">\u00daltimo concurso Per\u00edcia Oficial MA<\/figcaption><\/figure>\n\n\n\n<p class=\"wp-block-paragraph\"><strong>Quer ficar por dentro de tudo sobre o universo de concursos?&nbsp;<a href=\"https:\/\/www.apostilasopcao.com.br\/blog\/noticias\/\">Confira as nossas not\u00edcias!<\/a><\/strong><\/p>\n\n\n\n<p class=\"wp-block-paragraph\"><\/p>\n","protected":false},"excerpt":{"rendered":"<p>Foi anunciado o novo concurso Per\u00edcia Oficial MA! Oferta 418 vagas imediatas e forma\u00e7\u00e3o de cadastro reserva para cargos de n\u00edvel superior. As inscri\u00e7\u00f5es estar\u00e3o abertas a partir de 31 de julho e se estendem at\u00e9 05 de outubro de 2026. Confira!<\/p>\n","protected":false},"author":13,"featured_media":14534,"comment_status":"closed","ping_status":"closed","sticky":false,"template":"","format":"standard","meta":{"_acf_changed":false,"breadcrumbs_single_post":"","page_title_panel":"","breadcrumbs_single_page":"","single_page_alignment":"","single_page_margin":"","page_structure_type":"","content_style_source":"","content_style":"","blog_post_streched_ed":"","blog_page_streched_ed":"","has_transparent_header":"","disable_transparent_header":"","vertical_spacing_source":"","content_area_spacing":"","single_post_content_background":"","single_page_content_background":"","single_post_boxed_content_spacing":"","single_page_boxed_content_spacing":"","single_post_content_boxed_radius":"","single_page_content_boxed_radius":"","disable_featured_image":"","disable_post_tags":"","disable_author_box":"","disable_posts_navigation":"","disable_comments":"","disable_related_posts":"","disable_header":"","disable_footer":"","footnotes":""},"categories":[4,15],"tags":[945],"class_list":["post-13069","post","type-post","status-publish","format-standard","has-post-thumbnail","hentry","category-noticias","category-ma","tag-concurso-pericia-oficial-ma","rishi-post"],"acf":{"data_prova":"20270110","status":"aberto"},"_links":{"self":[{"href":"https:\/\/www.apostilasopcao.com.br\/blog\/wp-json\/wp\/v2\/posts\/13069","targetHints":{"allow":["GET"]}}],"collection":[{"href":"https:\/\/www.apostilasopcao.com.br\/blog\/wp-json\/wp\/v2\/posts"}],"about":[{"href":"https:\/\/www.apostilasopcao.com.br\/blog\/wp-json\/wp\/v2\/types\/post"}],"author":[{"embeddable":true,"href":"https:\/\/www.apostilasopcao.com.br\/blog\/wp-json\/wp\/v2\/users\/13"}],"replies":[{"embeddable":true,"href":"https:\/\/www.apostilasopcao.com.br\/blog\/wp-json\/wp\/v2\/comments?post=13069"}],"version-history":[{"count":3,"href":"https:\/\/www.apostilasopcao.com.br\/blog\/wp-json\/wp\/v2\/posts\/13069\/revisions"}],"predecessor-version":[{"id":14535,"href":"https:\/\/www.apostilasopcao.com.br\/blog\/wp-json\/wp\/v2\/posts\/13069\/revisions\/14535"}],"wp:featuredmedia":[{"embeddable":true,"href":"https:\/\/www.apostilasopcao.com.br\/blog\/wp-json\/wp\/v2\/media\/14534"}],"wp:attachment":[{"href":"https:\/\/www.apostilasopcao.com.br\/blog\/wp-json\/wp\/v2\/media?parent=13069"}],"wp:term":[{"taxonomy":"category","embeddable":true,"href":"https:\/\/www.apostilasopcao.com.br\/blog\/wp-json\/wp\/v2\/categories?post=13069"},{"taxonomy":"post_tag","embeddable":true,"href":"https:\/\/www.apostilasopcao.com.br\/blog\/wp-json\/wp\/v2\/tags?post=13069"}],"curies":[{"name":"wp","href":"https:\/\/api.w.org\/{rel}","templated":true}]}}