{"id":1345,"date":"2026-02-26T09:47:17","date_gmt":"2026-02-26T12:47:17","guid":{"rendered":"https:\/\/www.apostilasopcao.com.br\/blog\/?p=1345"},"modified":"2026-02-26T10:22:15","modified_gmt":"2026-02-26T13:22:15","slug":"ifmg","status":"publish","type":"post","link":"https:\/\/www.apostilasopcao.com.br\/blog\/ifmg\/","title":{"rendered":"Concurso IFMG: Inscri\u00e7\u00f5es abertas! Iniciais de R$6 mil!"},"content":{"rendered":"\n<p>Buscando estabilidade e uma carreira s\u00f3lida no servi\u00e7o p\u00fablico? Foram publicados novos editais do concurso IFMG (Instituto Federal de Educa\u00e7\u00e3o, Ci\u00eancia e Tecnologia de Minas Gerais), com oferta de 2 vagas para cargos de n\u00edveis m\u00e9dio e superior. As oportunidades s\u00e3o destinadas aos campi de Ouro Branco e Piumhi. Os sal\u00e1rios iniciais podem chegar a R$ 6 mil, conforme o cargo pretendido. As inscri\u00e7\u00f5es j\u00e1 est\u00e3o abertas e permanecem dispon\u00edveis at\u00e9 o dia 16 de mar\u00e7o de 2026. A data de aplica\u00e7\u00e3o das provas ainda ser\u00e1 divulgada pelo Instituto. Para se preparar para a sele\u00e7\u00e3o, confira a\u00a0<a href=\"https:\/\/www.apostilasopcao.com.br\/concurso\/instituto-federal-de-educacao-ciencia-e-tecnologia-de-minas-gerais\">Apostila IFMG<\/a>\u00a0com conte\u00fado completo e atualizado conforme os editais!<\/p>\n\n\n\n<h2 class=\"wp-block-heading\">Resumo do edital<\/h2>\n\n\n\n<ul class=\"wp-block-list\">\n<li><strong>Vagas:<\/strong> 2<\/li>\n\n\n\n<li><strong>Inscri\u00e7\u00f5es:<\/strong> 13\/02\/2026 a 16\/03\/2026<\/li>\n\n\n\n<li><strong>Taxa de Inscri\u00e7\u00e3o:<\/strong> R$120,00 e R$200,00<\/li>\n\n\n\n<li><strong>Prova:<\/strong> A definir<\/li>\n\n\n\n<li><strong>Banca:<\/strong> Comiss\u00e3o Pr\u00f3pria<\/li>\n\n\n\n<li><a href=\"https:\/\/www.apostilasopcao.com.br\/blog\/wp-content\/uploads\/2026\/02\/edital-ifmg-2026.pdf\">Baixe o edital 01 do concurso IFMG<\/a><\/li>\n\n\n\n<li><a href=\"https:\/\/www.apostilasopcao.com.br\/blog\/wp-content\/uploads\/2026\/02\/edital-2-ifmg-2026-.pdf\">Baixe o edital 02 do concurso IFMG<\/a><\/li>\n<\/ul>\n\n\n\n<h2 class=\"wp-block-heading\">Como fazer a inscri\u00e7\u00e3o no concurso IFMG?<\/h2>\n\n\n\n<p>As inscri\u00e7\u00f5es do concurso IFMG j\u00e1 est\u00e3o abertas e devem ser realizadas exclusivamente pela internet, no portal oficial do <a href=\"https:\/\/portal.concursos.ifmg.edu.br\/edital\/index\/abertos\" target=\"_blank\" rel=\"noreferrer noopener\">Instituto Federal de Educa\u00e7\u00e3o, Ci\u00eancia e Tecnologia de Minas Gerais<\/a>. O prazo segue at\u00e9 as <strong>18h do dia 16 de mar\u00e7o de 2026<\/strong>, observado o hor\u00e1rio oficial de Bras\u00edlia.<\/p>\n\n\n\n<p>O pagamento da taxa de inscri\u00e7\u00e3o varia conforme o n\u00edvel de escolaridade do cargo, sendo:<\/p>\n\n\n\n<ul class=\"wp-block-list\">\n<li>T\u00e9cnico em Tecnologia da Informa\u00e7\u00e3o:\u00a0<strong>R$120,00<\/strong><\/li>\n\n\n\n<li>T\u00e9cnico em Assuntos Educacionais:\u00a0<strong>R$200,00<\/strong><\/li>\n<\/ul>\n\n\n\n<h3 class=\"wp-block-heading\">Isen\u00e7\u00e3o da taxa<\/h3>\n\n\n\n<p>O pedido de isen\u00e7\u00e3o da taxa do concurso IFMG p\u00f4de ser realizado exclusivamente pela internet, entre <strong>13 e 16 de fevereiro de 2026.<\/strong><\/p>\n\n\n\n<p>Puderam solicitar a isen\u00e7\u00e3o:<\/p>\n\n\n\n<ul class=\"wp-block-list\">\n<li>Doadores de medula \u00f3ssea, conforme a legisla\u00e7\u00e3o vigente.<\/li>\n\n\n\n<li>Candidatos inscritos no Cad\u00danico (Cadastro \u00danico para Programas Sociais do Governo Federal);<\/li>\n<\/ul>\n\n\n\n<h2 class=\"wp-block-heading\">Cargos, vagas e sal\u00e1rios do concurso IFMG<\/h2>\n\n\n\n<p>O concurso IFMG oferta 2 vagas para cargos efetivos do Instituto Federal de Educa\u00e7\u00e3o, Ci\u00eancia e Tecnologia de Minas Gerais, com lota\u00e7\u00e3o em campi distintos. A sele\u00e7\u00e3o \u00e9 destinada a candidatos de n\u00edvel m\u00e9dio\/t\u00e9cnico e n\u00edvel superior, conforme os requisitos estabelecidos para cada cargo em edital.<\/p>\n\n\n\n<p>Confira a distribui\u00e7\u00e3o das oportunidades:<\/p>\n\n\n\n<ul class=\"wp-block-list\">\n<li>T\u00e9cnico em Assuntos Educacionais: 1 vaga\n<ul class=\"wp-block-list\">\n<li>Lota\u00e7\u00e3o: Campus Piumhi<\/li>\n<\/ul>\n<\/li>\n\n\n\n<li>T\u00e9cnico em Tecnologia da Informa\u00e7\u00e3o: 1 vaga\n<ul class=\"wp-block-list\">\n<li>Lota\u00e7\u00e3o: Campus Ouro Branco<\/li>\n<\/ul>\n<\/li>\n<\/ul>\n\n\n\n<p>Conforme estabelecido nos editais do concurso IFMG, a remunera\u00e7\u00e3o dos cargos \u00e9 formada pelo vencimento b\u00e1sico, acrescido de aux\u00edlio-alimenta\u00e7\u00e3o no valor de R$1.175,00.<\/p>\n\n\n\n<p><strong>N\u00edvel superior<\/strong><\/p>\n\n\n\n<ul class=\"wp-block-list\">\n<li>T\u00e9cnico em Assuntos Educacionais: 1 vaga (Campus Piumhi)\n<ul class=\"wp-block-list\">\n<li>Vencimento b\u00e1sico: R$ 4.967,04<\/li>\n\n\n\n<li>Aux\u00edlio-alimenta\u00e7\u00e3o: R$ 1.175,00<\/li>\n\n\n\n<li>Remunera\u00e7\u00e3o total: R$ 6.142,04<\/li>\n<\/ul>\n<\/li>\n<\/ul>\n\n\n\n<p><strong>N\u00edvel m\u00e9dio \/ t\u00e9cnico<\/strong><\/p>\n\n\n\n<ul class=\"wp-block-list\">\n<li>T\u00e9cnico em Tecnologia da Informa\u00e7\u00e3o: 1 vaga (Campus Ouro Branco)\n<ul class=\"wp-block-list\">\n<li>Vencimento b\u00e1sico: R$ 3.029,90<\/li>\n\n\n\n<li>Aux\u00edlio-alimenta\u00e7\u00e3o: R$ 1.175,00<\/li>\n\n\n\n<li>Remunera\u00e7\u00e3o total: R$ 4.204,90<\/li>\n<\/ul>\n<\/li>\n<\/ul>\n\n\n\n<p>A jornada de trabalho, para os cargos ofertados, \u00e9 de 40 horas semanais.<\/p>\n\n\n\n<p><strong>Para se preparar para a sele\u00e7\u00e3o, confira a\u00a0<a href=\"https:\/\/www.apostilasopcao.com.br\/concurso\/instituto-federal-de-educacao-ciencia-e-tecnologia-de-minas-gerais\">Apostila IFMG<\/a>\u00a0com conte\u00fado completo e atualizado conforme os editais!<\/strong><\/p>\n\n\n\n<h3 class=\"wp-block-heading\">Benef\u00edcios<\/h3>\n\n\n\n<p>Al\u00e9m da remunera\u00e7\u00e3o, os servidores aprovados no concurso IFMG t\u00eam direito a:<\/p>\n\n\n\n<ul class=\"wp-block-list\">\n<li>Aux\u00edlio-transporte;<\/li>\n\n\n\n<li>Assist\u00eancia pr\u00e9-escolar no valor de\u00a0<strong>R$484,90<\/strong>;<\/li>\n\n\n\n<li>Assist\u00eancia \u00e0 sa\u00fade;<\/li>\n\n\n\n<li>Incentivo \u00e0 qualifica\u00e7\u00e3o (para cargos de n\u00edvel superior), conforme titula\u00e7\u00e3o apresentada:\n<ul class=\"wp-block-list\">\n<li>Gradua\u00e7\u00e3o completa: 25%<\/li>\n\n\n\n<li>Especializa\u00e7\u00e3o: 30%<\/li>\n\n\n\n<li>Mestrado: 52%<\/li>\n\n\n\n<li>Doutorado: 75%<\/li>\n<\/ul>\n<\/li>\n<\/ul>\n\n\n\n<h2 class=\"wp-block-heading\">Requisitos do concurso IFMG<\/h2>\n\n\n\n<p>O candidato aprovado s\u00f3 poder\u00e1 ser nomeado se, na data da investidura, atender \u00e0s seguintes exig\u00eancias:<\/p>\n\n\n\n<ul class=\"wp-block-list\">\n<li>Ter sido aprovado e classificado no concurso p\u00fablico;<\/li>\n\n\n\n<li>Ser brasileiro nato ou naturalizado ou, no caso de nacionalidade portuguesa, estar amparado pelo Estatuto da Igualdade entre Brasileiros e Portugueses, com reconhecimento do gozo dos direitos pol\u00edticos, nos termos do art. 13 do Decreto n\u00ba 70.436\/1972, ou ainda estrangeiro, conforme o Tema 1032 (repercuss\u00e3o geral) do Supremo Tribunal Federal (STF);<\/li>\n\n\n\n<li>Estar em pleno gozo dos direitos pol\u00edticos;<\/li>\n\n\n\n<li>Estar quite com as obriga\u00e7\u00f5es eleitorais;<\/li>\n\n\n\n<li>Estar quite com as obriga\u00e7\u00f5es militares, no caso de candidatos do sexo masculino;<\/li>\n\n\n\n<li>Possuir a qualifica\u00e7\u00e3o e a escolaridade exigidas para o exerc\u00edcio do cargo;<\/li>\n\n\n\n<li>Ter idade m\u00ednima de 18 anos;<\/li>\n\n\n\n<li>Apresentar declara\u00e7\u00e3o do \u00f3rg\u00e3o p\u00fablico ao qual esteja vinculado, quando for o caso, comprovando situa\u00e7\u00e3o jur\u00eddica compat\u00edvel com nova investidura em cargo p\u00fablico federal, sem incid\u00eancia nos arts. 132, 135 e 137, par\u00e1grafo \u00fanico, da Lei n\u00ba 8.112\/1990;<\/li>\n\n\n\n<li>Declarar o exerc\u00edcio ou n\u00e3o de outro cargo, emprego ou fun\u00e7\u00e3o p\u00fablica, bem como o recebimento de aposentadoria ou pens\u00e3o;<\/li>\n\n\n\n<li>Comprovar que eventual acumula\u00e7\u00e3o de cargos ocorre apenas nas hip\u00f3teses permitidas pela Constitui\u00e7\u00e3o Federal e pela Lei n\u00ba 8.112\/1990, sem sobreposi\u00e7\u00e3o de jornadas;<\/li>\n\n\n\n<li>Apresentar autoriza\u00e7\u00e3o de acesso \u00e0s Declara\u00e7\u00f5es de Ajuste Anual do Imposto de Renda Pessoa F\u00edsica, conforme a Instru\u00e7\u00e3o Normativa TCU n\u00ba 67\/2011;<\/li>\n\n\n\n<li>Possuir aptid\u00e3o f\u00edsica e mental, comprovada por exame m\u00e9dico admissional realizado sob responsabilidade do IFMG, com apresenta\u00e7\u00e3o de exames laboratoriais e complementares \u00e0s expensas do candidato;<\/li>\n\n\n\n<li>Entregar todos os documentos exigidos para a investidura no cargo, conforme previsto no edital e pela Pr\u00f3-Reitoria de Gest\u00e3o com Pessoas do IFMG;<\/li>\n\n\n\n<li>Cumprir integralmente as demais exig\u00eancias estabelecidas no edital.<\/li>\n<\/ul>\n\n\n\n<h3 class=\"wp-block-heading\">Requisitos espec\u00edficos<\/h3>\n\n\n\n<p>Al\u00e9m dos requisitos b\u00e1sicos, s\u00e3o exigidos os seguintes crit\u00e9rios espec\u00edficos:<\/p>\n\n\n\n<ul class=\"wp-block-list\">\n<li><strong>T\u00e9cnico em Assuntos Educacionais:<\/strong>\u00a0Curso Superior em Pedagogia ou Licenciaturas.<\/li>\n\n\n\n<li><strong>T\u00e9cnico em Tecnologia da Informa\u00e7\u00e3o:\u00a0<\/strong>Certificado, devidamente registrado, de conclus\u00e3o de curso de n\u00edvel m\u00e9dio profissionalizante na \u00e1rea de Inform\u00e1tica ou M\u00e9dio completo e curso t\u00e9cnico na mesma \u00e1rea, fornecido por institui\u00e7\u00e3o de ensino reconhecida pelo Minist\u00e9rio da Educa\u00e7\u00e3o.<\/li>\n<\/ul>\n\n\n\n<h2 class=\"wp-block-heading\">Concurso IFMG: Atribui\u00e7\u00f5es dos cargos<\/h2>\n\n\n\n<p>Os cargos ofertados no concurso IFMG exigem atua\u00e7\u00e3o t\u00e9cnica e estrat\u00e9gica dentro dos campi, contribuindo diretamente para o funcionamento das atividades administrativas, pedag\u00f3gicas e tecnol\u00f3gicas da institui\u00e7\u00e3o. Confira, a seguir, as principais atribui\u00e7\u00f5es de cada fun\u00e7\u00e3o:<\/p>\n\n\n\n<p><strong>T\u00e9cnico em Assuntos Educacionais<\/strong><\/p>\n\n\n\n<p>O profissional aprovado no concurso IFMG para o cargo de T\u00e9cnico em Assuntos Educacionais atua no planejamento, acompanhamento e avalia\u00e7\u00e3o do processo de ensino-aprendizagem.<\/p>\n\n\n\n<p>Entre as atribui\u00e7\u00f5es est\u00e3o a defini\u00e7\u00e3o de metas pedag\u00f3gicas, a elabora\u00e7\u00e3o e atualiza\u00e7\u00e3o de normas e procedimentos educacionais, al\u00e9m da orienta\u00e7\u00e3o e supervis\u00e3o do cumprimento dessas diretrizes. <\/p>\n\n\n\n<p>Tamb\u00e9m participa da reformula\u00e7\u00e3o de pr\u00e1ticas pedag\u00f3gicas, em articula\u00e7\u00e3o com os demais setores da institui\u00e7\u00e3o, visando \u00e0 forma\u00e7\u00e3o integral dos estudantes.<\/p>\n\n\n\n<p>O servidor pode, ainda, elaborar projetos de extens\u00e3o, produzir materiais did\u00e1ticos, orientar pesquisas acad\u00eamicas e executar outras atividades compat\u00edveis com o cargo e o n\u00edvel de responsabilidade exigido.<\/p>\n\n\n\n<p><strong>T\u00e9cnico em Tecnologia da Informa\u00e7\u00e3o<\/strong><\/p>\n\n\n\n<p>No concurso IFMG, o T\u00e9cnico em Tecnologia da Informa\u00e7\u00e3o \u00e9 respons\u00e1vel pelo desenvolvimento, implanta\u00e7\u00e3o e manuten\u00e7\u00e3o de sistemas e aplica\u00e7\u00f5es. Entre as atividades est\u00e3o a defini\u00e7\u00e3o de interfaces, organiza\u00e7\u00e3o e gerenciamento de bancos de dados, codifica\u00e7\u00e3o de programas e escolha de metodologias e ferramentas de desenvolvimento.<\/p>\n\n\n\n<p>Al\u00e9m disso, o profissional presta suporte t\u00e9cnico aos usu\u00e1rios, auxiliando na utiliza\u00e7\u00e3o de sistemas operacionais, aplicativos e recursos de microinform\u00e1tica. Tamb\u00e9m atua na manuten\u00e7\u00e3o da infraestrutura de redes e na assessoria \u00e0s atividades de ensino, pesquisa e extens\u00e3o relacionadas \u00e0 \u00e1rea de tecnologia da informa\u00e7\u00e3o.<\/p>\n\n\n\n<h2 class=\"wp-block-heading\">Etapas de sele\u00e7\u00e3o do concurso IFMG<\/h2>\n\n\n\n<p>O concurso IFMG ser\u00e1 composto por diferentes etapas, conforme o cargo disputado. Confira as etapas:<\/p>\n\n\n\n<ul class=\"wp-block-list\">\n<li><strong>Prova objetiva<\/strong>, de car\u00e1ter eliminat\u00f3rio e classificat\u00f3rio (para todos os cargos);<\/li>\n\n\n\n<li><strong>Prova de t\u00edtulos<\/strong>, de car\u00e1ter classificat\u00f3rio (conforme previs\u00e3o do edital para TAE).<\/li>\n<\/ul>\n\n\n\n<h3 class=\"wp-block-heading\">Prova Objetiva<\/h3>\n\n\n\n<p>A prova objetiva do concurso IFMG ter\u00e1 50 quest\u00f5es de m\u00faltipla escolha, cada uma com cinco alternativas (a, b, c, d, e) e apenas uma correta.<\/p>\n\n\n\n<p>Enquanto a data de aplica\u00e7\u00e3o ainda est\u00e1 a definir, o edital estabelece que os locais e demais informa\u00e7\u00f5es oficiais ser\u00e3o divulgados no portal do IFMG. Por isso, \u00e9 essencial acompanhar a \u00e1rea do candidato e a p\u00e1gina do concurso.<\/p>\n\n\n\n<p>Confira a distribui\u00e7\u00e3o das quest\u00f5es:<\/p>\n\n\n\n<ul class=\"wp-block-list\">\n<li>L\u00edngua Portuguesa: 10 quest\u00f5es<\/li>\n\n\n\n<li>Legisla\u00e7\u00e3o Aplicada ao Servi\u00e7o P\u00fablico: 10 quest\u00f5es<\/li>\n\n\n\n<li>Conhecimentos Espec\u00edficos: 30 quest\u00f5es<\/li>\n<\/ul>\n\n\n\n<p>Ser\u00e1 eliminado do concurso IFMG o candidato que:<\/p>\n\n\n\n<ul class=\"wp-block-list\">\n<li>N\u00e3o atingir 60 pontos do total previsto na prova objetiva;<\/li>\n\n\n\n<li>Obtiver pontua\u00e7\u00e3o zero em qualquer uma das \u00e1reas de conhecimento avaliadas.<\/li>\n<\/ul>\n\n\n\n<h3 class=\"wp-block-heading\">Somos a melhor Op\u00e7\u00e3o<\/h3>\n\n\n\n<p>Quer conquistar uma vaga no concurso IFMG? Somos a melhor Op\u00e7\u00e3o! N\u00f3s preparamos diversos materiais realmente focados conforme o edital que te ajudar\u00e3o a conquistar o cargo dos sonhos. N\u00e3o perca mais tempo e comece a se preparar ainda hoje!<\/p>\n\n\n\n<p><strong>Confira:\u00a0<a href=\"https:\/\/www.apostilasopcao.com.br\/concurso\/instituto-federal-de-educacao-ciencia-e-tecnologia-de-minas-gerais\">Apostilas IFMG<\/a>!<\/strong><\/p>\n\n\n\n<h3 class=\"wp-block-heading\">Prova de t\u00edtulos<\/h3>\n\n\n\n<p>A prova de t\u00edtulos no concurso IFMG possui car\u00e1ter classificat\u00f3rio, ou seja, n\u00e3o elimina o candidato. Confira os documentos que ser\u00e3o avaliados:<\/p>\n\n\n\n<figure class=\"wp-block-image size-full\"><img loading=\"lazy\" decoding=\"async\" width=\"706\" height=\"415\" src=\"https:\/\/www.apostilasopcao.com.br\/blog\/wp-content\/uploads\/2026\/02\/image-90.png\" alt=\"Tabela de t\u00edtulos do concurso IFMG\" class=\"wp-image-10976\" srcset=\"https:\/\/www.apostilasopcao.com.br\/blog\/wp-content\/uploads\/2026\/02\/image-90.png 706w, https:\/\/www.apostilasopcao.com.br\/blog\/wp-content\/uploads\/2026\/02\/image-90-300x176.png 300w\" sizes=\"auto, (max-width: 706px) 100vw, 706px\" \/><\/figure>\n\n\n\n<h2 class=\"wp-block-heading\">Como foi o \u00faltimo concurso IFMG?<\/h2>\n\n\n\n<p>O \u00faltimo concurso IFMG ocorreu em 2025 e foram ofertadas 7 vagas imediatas para cargos de n\u00edveis m\u00e9dio, t\u00e9cnico e superior, com oportunidades distribu\u00eddas entre setores administrativos e \u00e1reas t\u00e9cnicas especializadas. Confira a distribui\u00e7\u00e3o:<\/p>\n\n\n\n<ul class=\"wp-block-list\">\n<li>Assistente Social\u00a0(01) | R$ 4.967,04\n<ul class=\"wp-block-list\">\n<li>Curso superior completo em Servi\u00e7o Social e registro no CRESS\/MG<\/li>\n<\/ul>\n<\/li>\n\n\n\n<li>Analista de Tecnologia da Informa\u00e7\u00e3o (01) | R$ 4.967,04\n<ul class=\"wp-block-list\">\n<li>Curso superior em \u00e1reas como Inform\u00e1tica, Sistemas de Informa\u00e7\u00e3o, Ci\u00eancia da Computa\u00e7\u00e3o, Engenharia da Computa\u00e7\u00e3o, entre outros relacionados<\/li>\n<\/ul>\n<\/li>\n\n\n\n<li>T\u00e9cnico em Laborat\u00f3rio \u2013 Edifica\u00e7\u00f5es (01) | R$ 3.029,90\n<ul class=\"wp-block-list\">\n<li>Ensino m\u00e9dio profissionalizante em Edifica\u00e7\u00f5es ou curso t\u00e9cnico na \u00e1rea; registro no conselho competente<\/li>\n<\/ul>\n<\/li>\n\n\n\n<li>T\u00e9cnico em Laborat\u00f3rio \u2013 Inform\u00e1tica (01) | R$ 3.029,90\n<ul class=\"wp-block-list\">\n<li>Ensino m\u00e9dio profissionalizante ou curso t\u00e9cnico na \u00e1rea de Inform\u00e1tica<\/li>\n<\/ul>\n<\/li>\n\n\n\n<li>T\u00e9cnico em Laborat\u00f3rio \u2013 Qu\u00edmica (01) | R$ 3.029,90\n<ul class=\"wp-block-list\">\n<li>Ensino m\u00e9dio profissionalizante ou curso t\u00e9cnico em Qu\u00edmica; registro no conselho competente<\/li>\n<\/ul>\n<\/li>\n\n\n\n<li>T\u00e9cnico em Laborat\u00f3rio \u2013 F\u00edsica (01) | R$ 3.029,90\n<ul class=\"wp-block-list\">\n<li>Ensino m\u00e9dio profissionalizante ou curso t\u00e9cnico na \u00e1rea de F\u00edsica ou Edifica\u00e7\u00f5es; registro no conselho competente<\/li>\n<\/ul>\n<\/li>\n\n\n\n<li>Assistente de Alunos\u00a0(01) | R$ 2.483,52\n<ul class=\"wp-block-list\">\n<li>Ensino m\u00e9dio completo ou profissionalizante<\/li>\n<\/ul>\n<\/li>\n<\/ul>\n\n\n\n<h3 class=\"wp-block-heading\">Etapas de sele\u00e7\u00e3o<\/h3>\n\n\n\n<p>O concurso IFMG contou com as seguintes etapas:<\/p>\n\n\n\n<ul class=\"wp-block-list\">\n<li><strong>Prova objetiva<\/strong>: obrigat\u00f3ria para todos os cargos (eliminat\u00f3ria e classificat\u00f3ria)<\/li>\n\n\n\n<li><strong>Prova pr\u00e1tica<\/strong>: aplicada exclusivamente para os cargos t\u00e9cnicos (eliminat\u00f3ria e classificat\u00f3ria)<\/li>\n\n\n\n<li><strong>Avalia\u00e7\u00e3o de t\u00edtulos<\/strong>: destinada apenas aos cargos de n\u00edvel superior (classificat\u00f3ria)<\/li>\n<\/ul>\n\n\n\n<h4 class=\"wp-block-heading\">Prova objetiva<\/h4>\n\n\n\n<p>A prova objetiva foi composta pelas seguintes disciplinas:<\/p>\n\n\n\n<p><strong>N\u00edvel superior<\/strong><\/p>\n\n\n\n<figure class=\"wp-block-table\"><table class=\"has-fixed-layout\"><thead><tr><th>Disciplina<\/th><th>N\u00ba de Quest\u00f5es<\/th><th>Peso<\/th><\/tr><\/thead><tbody><tr><td>L\u00edngua Portuguesa<\/td><td>16<\/td><td>1<\/td><\/tr><tr><td>Inform\u00e1tica<\/td><td>12<\/td><td>1<\/td><\/tr><tr><td>Legisla\u00e7\u00e3o<\/td><td>12<\/td><td>1<\/td><\/tr><tr><td>Conhecimentos Espec\u00edficos<\/td><td>20<\/td><td>3<\/td><\/tr><\/tbody><\/table><\/figure>\n\n\n\n<p><strong>N\u00edvel t\u00e9cnico<\/strong><\/p>\n\n\n\n<figure class=\"wp-block-table\"><table class=\"has-fixed-layout\"><thead><tr><th>Disciplina<\/th><th>N\u00ba de Quest\u00f5es<\/th><th>Peso<\/th><\/tr><\/thead><tbody><tr><td>L\u00edngua Portuguesa<\/td><td>16<\/td><td>1<\/td><\/tr><tr><td>Inform\u00e1tica<\/td><td>12<\/td><td>1<\/td><\/tr><tr><td>Legisla\u00e7\u00e3o<\/td><td>12<\/td><td>1<\/td><\/tr><tr><td>Conhecimentos Espec\u00edficos<\/td><td>20<\/td><td>3<\/td><\/tr><\/tbody><\/table><\/figure>\n\n\n\n<p>Para os cargos de n\u00edvel superior e t\u00e9cnico, o m\u00ednimo para aprova\u00e7\u00e3o na prova foi de 50 pontos.<\/p>\n\n\n\n<p><strong>N\u00edvel m\u00e9dio<\/strong><\/p>\n\n\n\n<figure class=\"wp-block-table\"><table class=\"has-fixed-layout\"><thead><tr><th>\u00c1rea de Conhecimento<\/th><th>N\u00ba de Quest\u00f5es<\/th><th>Peso<\/th><\/tr><\/thead><tbody><tr><td>L\u00edngua Portuguesa<\/td><td>16<\/td><td>3<\/td><\/tr><tr><td>Inform\u00e1tica<\/td><td>12<\/td><td>3<\/td><\/tr><tr><td>Legisla\u00e7\u00e3o<\/td><td>12<\/td><td>3<\/td><\/tr><\/tbody><\/table><\/figure>\n\n\n\n<p>Nota m\u00ednima de aprova\u00e7\u00e3o foi de 60 pontos.<\/p>\n\n\n\n<p><strong>Quer ficar por dentro de tudo sobre o universo de concursos?&nbsp;<a href=\"https:\/\/www.apostilasopcao.com.br\/blog\/noticias\/\">Confira as nossas not\u00edcias!<\/a><\/strong><\/p>\n","protected":false},"excerpt":{"rendered":"<p>Foi publicado o edital do concurso IFMG! S\u00e3o ofertadas 2 vagas para n\u00edveis m\u00e9dio\/t\u00e9cnico e superior, com sal\u00e1rios de at\u00e9 R$6 mil. Confira!<\/p>\n","protected":false},"author":12,"featured_media":10978,"comment_status":"closed","ping_status":"closed","sticky":false,"template":"","format":"standard","meta":{"_acf_changed":false,"breadcrumbs_single_post":"","page_title_panel":"","breadcrumbs_single_page":"","single_page_alignment":"","single_page_margin":"","page_structure_type":"","content_style_source":"","content_style":"","blog_post_streched_ed":"","blog_page_streched_ed":"","has_transparent_header":"","disable_transparent_header":"","vertical_spacing_source":"","content_area_spacing":"","single_post_content_background":"","single_page_content_background":"","single_post_boxed_content_spacing":"","single_page_boxed_content_spacing":"","single_post_content_boxed_radius":"","single_page_content_boxed_radius":"","disable_featured_image":"","disable_post_tags":"","disable_author_box":"","disable_posts_navigation":"","disable_comments":"","disable_related_posts":"","disable_header":"","disable_footer":"","footnotes":""},"categories":[4,16],"tags":[188],"class_list":["post-1345","post","type-post","status-publish","format-standard","has-post-thumbnail","hentry","category-noticias","category-mg","tag-concurso-ifmg","rishi-post"],"acf":{"data_prova":"20261231","status":"aberto"},"_links":{"self":[{"href":"https:\/\/www.apostilasopcao.com.br\/blog\/wp-json\/wp\/v2\/posts\/1345","targetHints":{"allow":["GET"]}}],"collection":[{"href":"https:\/\/www.apostilasopcao.com.br\/blog\/wp-json\/wp\/v2\/posts"}],"about":[{"href":"https:\/\/www.apostilasopcao.com.br\/blog\/wp-json\/wp\/v2\/types\/post"}],"author":[{"embeddable":true,"href":"https:\/\/www.apostilasopcao.com.br\/blog\/wp-json\/wp\/v2\/users\/12"}],"replies":[{"embeddable":true,"href":"https:\/\/www.apostilasopcao.com.br\/blog\/wp-json\/wp\/v2\/comments?post=1345"}],"version-history":[{"count":10,"href":"https:\/\/www.apostilasopcao.com.br\/blog\/wp-json\/wp\/v2\/posts\/1345\/revisions"}],"predecessor-version":[{"id":10982,"href":"https:\/\/www.apostilasopcao.com.br\/blog\/wp-json\/wp\/v2\/posts\/1345\/revisions\/10982"}],"wp:featuredmedia":[{"embeddable":true,"href":"https:\/\/www.apostilasopcao.com.br\/blog\/wp-json\/wp\/v2\/media\/10978"}],"wp:attachment":[{"href":"https:\/\/www.apostilasopcao.com.br\/blog\/wp-json\/wp\/v2\/media?parent=1345"}],"wp:term":[{"taxonomy":"category","embeddable":true,"href":"https:\/\/www.apostilasopcao.com.br\/blog\/wp-json\/wp\/v2\/categories?post=1345"},{"taxonomy":"post_tag","embeddable":true,"href":"https:\/\/www.apostilasopcao.com.br\/blog\/wp-json\/wp\/v2\/tags?post=1345"}],"curies":[{"name":"wp","href":"https:\/\/api.w.org\/{rel}","templated":true}]}}