{"id":1401,"date":"2025-11-13T12:51:37","date_gmt":"2025-11-13T15:51:37","guid":{"rendered":"https:\/\/www.apostilasopcao.com.br\/blog\/?p=1401"},"modified":"2025-11-13T12:51:38","modified_gmt":"2025-11-13T15:51:38","slug":"ales","status":"publish","type":"post","link":"https:\/\/www.apostilasopcao.com.br\/blog\/ales\/","title":{"rendered":"Concurso ALES: Inscri\u00e7\u00f5es prorrogadas! 35 vagas!"},"content":{"rendered":"\n<p>Aten\u00e7\u00e3o concurseiros! O concurso ALES (Assembleia Legislativa do Esp\u00edrito Santo) teve seu prazo de inscri\u00e7\u00e3o prorrogado! O concurso oferta <strong>35 vagas<\/strong> para candidatos de <strong>n\u00edveis fundamental e superior.<\/strong> Os sal\u00e1rios iniciais v\u00e3o de <strong>R$3.142,65<\/strong> a <strong>R$9.360,43<\/strong>, distribu\u00eddos entre os cargos de Agente de Pol\u00edcia Legislativa, Analista Legislativo e Consultor Legislativo. As provas est\u00e3o previstas para os dias 14 e 21 de dezembro de 2025. \u00a0Para se preparar, confira a\u00a0<a href=\"https:\/\/www.apostilasopcao.com.br\/concurso\/assembleia-legislativa-do-estado-do-espirito-santo\">apostila Ales<\/a>\u00a0com conte\u00fado completo e atualizado conforme o edital!<\/p>\n\n\n\n<h2 class=\"wp-block-heading\">Resumo do edital<\/h2>\n\n\n\n<ul class=\"wp-block-list\">\n<li><strong>Vagas:<\/strong>&nbsp;35<\/li>\n\n\n\n<li><strong>Inscri\u00e7\u00f5es:<\/strong>\u00a013\/10\/2025 a 17\/11\/2025<\/li>\n\n\n\n<li><strong>Taxa de inscri\u00e7\u00e3o:<\/strong>&nbsp;R$85 a R$220<\/li>\n\n\n\n<li><strong>Prova:<\/strong>\u00a014 e 21\/12\/2025<\/li>\n\n\n\n<li><strong>Banca:<\/strong>&nbsp;IBGP Concursos<\/li>\n\n\n\n<li><a href=\"https:\/\/www.apostilasopcao.com.br\/blog\/wp-content\/uploads\/2025\/09\/edital-ales-01.pdf\" target=\"_blank\" rel=\"noreferrer noopener\">Baixe o edital 01\/2025<\/a><\/li>\n\n\n\n<li><a href=\"https:\/\/www.apostilasopcao.com.br\/blog\/wp-content\/uploads\/2025\/09\/edital-ales-02.pdf\" target=\"_blank\" rel=\"noreferrer noopener\">Baixe o edital 02\/2025<\/a><\/li>\n<\/ul>\n\n\n\n<h2 class=\"wp-block-heading\">Como se inscrever no concurso ALES?<\/h2>\n\n\n\n<p>As inscri\u00e7\u00f5es para o concurso ALES estar\u00e3o abertas entre os dias <strong>13 de outubro e 17 de novembro de 2025<\/strong>, exclusivamente pelo site da banca organizadora, o <a href=\"https:\/\/novo.ibgpconcursos.com.br\/\" target=\"_blank\" rel=\"noreferrer noopener\">IBGP Concursos.<\/a><\/p>\n\n\n\n<p>O candidato dever\u00e1 acessar a p\u00e1gina, preencher o formul\u00e1rio eletr\u00f4nico, gerar o Documento \u00danico de Arrecada\u00e7\u00e3o (DUA) e realizar o pagamento da taxa de inscri\u00e7\u00e3o at\u00e9 o dia <strong>18 de novembro de 2025.<\/strong> Os valores variam conforme o cargo:<\/p>\n\n\n\n<ul class=\"wp-block-list\">\n<li><strong>R$85,00<\/strong> para Agente de Pol\u00edcia Legislativa<\/li>\n\n\n\n<li><strong>R$115,00<\/strong> para Analista Legislativo<\/li>\n\n\n\n<li><strong>R$220,00<\/strong> para Consultor Legislativo<\/li>\n<\/ul>\n\n\n\n<p>O per\u00edodo para solicitar a taxa de inscri\u00e7\u00e3o j\u00e1 se encerrou! Tiveram direito \u00e0 isen\u00e7\u00e3o os candidatos de baixa renda, prestadores de servi\u00e7o \u00e0 Justi\u00e7a Eleitoral, pessoas com defici\u00eancia (PcD), doadores de sangue e inscritos no Cad\u00danico.<\/p>\n\n\n\n<h2 class=\"wp-block-heading\">Cargos, vagas e sal\u00e1rios<\/h2>\n\n\n\n<p>O concurso ALES oferece 35 vagas para candidatos de n\u00edveis fundamental e superior. As jornadas de trabalho s\u00e3o de 30 horas semanais, com sal\u00e1rios que variam de <strong>R$3.142,65<\/strong> a <strong>R$9.360,43<\/strong>. Confira a distribui\u00e7\u00e3o completa:<\/p>\n\n\n\n<h3 class=\"wp-block-heading\">N\u00edvel fundamental<\/h3>\n\n\n\n<ul class=\"wp-block-list\">\n<li>Agente de Pol\u00edcia Legislativa: 15 vagas<br>R$ 3.142,65<\/li>\n<\/ul>\n\n\n\n<p><strong>Para quem vai iniciar a prepara\u00e7\u00e3o, a&nbsp;<a href=\"https:\/\/www.apostilasopcao.com.br\/apostila\/ales-agente-policia-legislativa\">apostila Ales &#8211; Agente de Pol\u00edcia Legislativa<\/a>&nbsp;j\u00e1 est\u00e1 dispon\u00edvel com conte\u00fado completo e atualizado conforme o edital!&nbsp;<\/strong><\/p>\n\n\n\n<h3 class=\"wp-block-heading\">N\u00edvel superior<\/h3>\n\n\n\n<ul class=\"wp-block-list\">\n<li>Analista Legislativo &#8211; Secretaria Legislativa\/Administrativa: 1 vaga<br>R$ 4.621,48 <\/li>\n\n\n\n<li>Analista Legislativo &#8211; Contabilidade\/Financeiro\/Folha de Pagamento: 4 vagas<br>R$ 4.621,48 <\/li>\n\n\n\n<li>Consultor Legislativo &#8211; Agricultura: 1 vaga<br>R$ 9.360,43<\/li>\n\n\n\n<li>Consultor Legislativo &#8211; Bem-estar dos Animais: 1 vaga<br>R$ 9.360,43<\/li>\n\n\n\n<li>Consultor Legislativo &#8211; Ci\u00eancia e Tecnologia: 1 vaga<br>R$ 9.360,43<\/li>\n\n\n\n<li>Consultor Legislativo &#8211; Controle Interno: 2 vagas<br>R$ 9.360,43<\/li>\n\n\n\n<li>Consultor Legislativo &#8211; Educa\u00e7\u00e3o: 1 vaga<br>R$ 9.360,43 <\/li>\n\n\n\n<li>Consultor Legislativo &#8211; Finan\u00e7as P\u00fablicas: 2 vagas<br>R$ 9.360,43 <\/li>\n\n\n\n<li>Consultor Legislativo &#8211; Infraestrutura e Log\u00edstica: 1 vaga<br>R$ 9.360,43 <\/li>\n\n\n\n<li>Consultor Legislativo &#8211; Meio Ambiente: 1 vaga<br>R$ 9.360,43 <\/li>\n\n\n\n<li>Consultor Legislativo &#8211; Mobilidade Urbana: 1 vaga<br>R$ 9.360,43 <\/li>\n\n\n\n<li>Consultor Legislativo &#8211; Processo Legislativo: 2 vagas<br>R$ 9.360,43<\/li>\n\n\n\n<li>Consultor Legislativo &#8211; Sa\u00fade P\u00fablica: 1 vaga<br>R$ 9.360,43 <\/li>\n\n\n\n<li>Consultor Legislativo &#8211; Seguran\u00e7a P\u00fablica: 1 vaga<br>R$ 9.360,43<\/li>\n<\/ul>\n\n\n\n<h2 class=\"wp-block-heading\">Requisitos do concurso ALES<\/h2>\n\n\n\n<p>Para tomar posse nos cargos do concurso ALES, o candidato aprovado dever\u00e1 atender \u00e0s exig\u00eancias gerais previstas em lei, confira:<\/p>\n\n\n\n<ul class=\"wp-block-list\">\n<li>Ter sido classificado no Concurso P\u00fablico;<\/li>\n\n\n\n<li>Ser brasileiro nato ou naturalizado, OU, no caso de nacionalidade portuguesa, estar amparado pelo Estatuto de Igualdade entre Brasileiros e Portugueses, com reconhecimento do gozo dos direitos pol\u00edticos, na forma do disposto do \u00a7 1\u00ba art. 12 da Constitui\u00e7\u00e3o Federal\/1988, combinado com o Decreto Federal n\u00ba 70.436, de 18 de abril de 1972; c) Estar em gozo dos direitos pol\u00edticos;<\/li>\n\n\n\n<li>Estar quite com as obriga\u00e7\u00f5es eleitorais;<\/li>\n\n\n\n<li>Estar em dia com as obriga\u00e7\u00f5es militares, para os candidatos do sexo masculino;<\/li>\n\n\n\n<li>Ter idade m\u00ednima de 18 (dezoito) anos completos, no ato da nomea\u00e7\u00e3o;<\/li>\n\n\n\n<li>For julgado apto f\u00edsica e mentalmente para o exerc\u00edcio do cargo, por pr\u00e9via inspe\u00e7\u00e3o m\u00e9dica oficial e por Avalia\u00e7\u00e3o M\u00e9dico Pericial Multiprofissional e Avalia\u00e7\u00e3o Biopsicossocial em caso de Pessoas com Defici\u00eancia (PcD);<\/li>\n\n\n\n<li>Ter os documentos comprobat\u00f3rios de escolaridade m\u00ednima\/requisitos;<\/li>\n\n\n\n<li>N\u00e3o ser aposentado por invalidez e nem estar com idade de aposentadoria compuls\u00f3ria, ou seja, 75 (setenta e cinco) anos;<\/li>\n\n\n\n<li>Atender \u00e0s condi\u00e7\u00f5es especiais previstas em lei para determinadas carreiras da Assembleia Legislativa do Estado do Esp\u00edrito Santo;<\/li>\n\n\n\n<li>N\u00e3o ser ex-servidor demitido ou destitu\u00eddo de cargo em comiss\u00e3o, na vig\u00eancia do prazo de incompatibilidade para investidura em cargo p\u00fablico estadual, conforme previsto no art. 240 da Lei Complementar Estadual n\u00ba 46\/1994;<\/li>\n\n\n\n<li>N\u00e3o receber proventos de aposentadoria, decorrentes do art. 40 ou dos arts. 42 e 142 da Constitui\u00e7\u00e3o Federal de 1988, com a remunera\u00e7\u00e3o de cargo, emprego ou fun\u00e7\u00e3o p\u00fablica, ressalvados os cargos acumul\u00e1veis na forma da respectiva Constitui\u00e7\u00e3o, os cargos eletivos e os cargos em comiss\u00e3o declarados em lei de livre nomea\u00e7\u00e3o e exonera\u00e7\u00e3o;<\/li>\n\n\n\n<li>N\u00e3o acumular remunera\u00e7\u00e3o de cargos p\u00fablicos, ressalvados os cargos acumul\u00e1veis na forma da Constitui\u00e7\u00e3o Federal de 1988.<\/li>\n<\/ul>\n\n\n\n<h2 class=\"wp-block-heading\">Etapas de sele\u00e7\u00e3o<\/h2>\n\n\n\n<p>O concurso ALES contar\u00e1 com as seguintes etapas:<\/p>\n\n\n\n<ul class=\"wp-block-list\">\n<li>Prova Objetiva (eliminat\u00f3ria e classificat\u00f3ria)<\/li>\n\n\n\n<li>Prova Discursiva (eliminat\u00f3ria e classificat\u00f3ria)<\/li>\n\n\n\n<li>Prova de T\u00edtulos (classificat\u00f3ria)<\/li>\n\n\n\n<li>Prova de Capacidade F\u00edsica (eliminat\u00f3ria)<\/li>\n\n\n\n<li>Avalia\u00e7\u00e3o Psicol\u00f3gica (eliminat\u00f3ria)<\/li>\n\n\n\n<li>Exame Toxicol\u00f3gico (eliminat\u00f3ria)<\/li>\n\n\n\n<li>Sindic\u00e2ncia da Vida Pregressa e Investiga\u00e7\u00e3o Social (eliminat\u00f3ria)<\/li>\n\n\n\n<li>Curso de Forma\u00e7\u00e3o (eliminat\u00f3rio)<\/li>\n<\/ul>\n\n\n\n<h3 class=\"wp-block-heading\">Prova Objetiva<\/h3>\n\n\n\n<p>A prova objetiva do concurso ALES ser\u00e1 aplicada a todos os cargos. Para Analistas e Consultores Legislativos, a avalia\u00e7\u00e3o ocorrer\u00e1 no dia<strong> 14 de dezembro de 2025<\/strong>, no turno da manh\u00e3. J\u00e1 para Agente de Pol\u00edcia Legislativa, a aplica\u00e7\u00e3o est\u00e1 marcada para <strong>21 de dezembro de 2025<\/strong>, \u00e0s 14h15.<\/p>\n\n\n\n<p>As provas ter\u00e3o entre 40 e 50 quest\u00f5es de m\u00faltipla escolha, com quatro alternativas e apenas uma correta. A nota m\u00e1xima \u00e9 de 100 pontos, sendo exigido o m\u00ednimo de 50% de acertos para aprova\u00e7\u00e3o.<\/p>\n\n\n\n<p>Confira a distribui\u00e7\u00e3o das disciplinas:<\/p>\n\n\n\n<p><strong>Agente de Pol\u00edcia Legislativa<\/strong><\/p>\n\n\n\n<ul class=\"wp-block-list\">\n<li>L\u00edngua Portuguesa: 10 quest\u00f5es<\/li>\n\n\n\n<li>Racioc\u00ednio L\u00f3gico Matem\u00e1tico: 5 quest\u00f5es<\/li>\n\n\n\n<li>No\u00e7\u00f5es de Inform\u00e1tica: 5 quest\u00f5es<\/li>\n\n\n\n<li>Conhecimentos Gerais e Atualidades: 5 quest\u00f5es<\/li>\n\n\n\n<li>Legisla\u00e7\u00e3o: 5 quest\u00f5es<\/li>\n\n\n\n<li>Conhecimentos Espec\u00edficos: 10 quest\u00f5es<\/li>\n<\/ul>\n\n\n\n<p><strong>Analistas e Consultores Legislativos<\/strong><\/p>\n\n\n\n<ul class=\"wp-block-list\">\n<li>L\u00edngua Portuguesa: 10 quest\u00f5es<\/li>\n\n\n\n<li>Racioc\u00ednio L\u00f3gico Matem\u00e1tico: 10 quest\u00f5es<\/li>\n\n\n\n<li>No\u00e7\u00f5es de Inform\u00e1tica: 10 quest\u00f5es<\/li>\n\n\n\n<li>Conhecimentos Gerais e Atualidades: 10 quest\u00f5es<\/li>\n\n\n\n<li>Conhecimentos Espec\u00edficos: 10 quest\u00f5es<\/li>\n<\/ul>\n\n\n\n<h4 class=\"wp-block-heading\">Somos a melhor Op\u00e7\u00e3o<\/h4>\n\n\n\n<p>Voc\u00ea ir\u00e1 participar do concurso Ales? Somos a melhor Op\u00e7\u00e3o! N\u00f3s contamos com diversos materiais preparat\u00f3rios alinhados e elaborados conforme o edital. Com mais de tr\u00eas d\u00e9cadas de candidatos aprovados, ajudaremos voc\u00ea tamb\u00e9m nesta longa jornada. N\u00e3o perca mais tempo e comece a estudar ainda hoje para o cargo que ir\u00e1 mudar a sua vida!<\/p>\n\n\n\n<ul class=\"wp-block-list\">\n<li><strong>Confira:&nbsp;<\/strong><a href=\"https:\/\/www.apostilasopcao.com.br\/concurso\/assembleia-legislativa-do-estado-do-espirito-santo\">Apostila Ales<\/a>!<\/li>\n<\/ul>\n\n\n\n<h3 class=\"wp-block-heading\">Prova Discursiva<\/h3>\n\n\n\n<p>A prova discursiva do concurso ALES ser\u00e1 aplicada exclusivamente aos cargos de Consultor Legislativo, no mesmo dia da objetiva, durante o turno da tarde. O candidato dever\u00e1 elaborar duas quest\u00f5es dissertativas baseadas em casos pr\u00e1ticos.<\/p>\n\n\n\n<p>A avalia\u00e7\u00e3o vale at\u00e9 20 pontos, sendo necess\u00e1rio obter pelo menos 60% da nota total. Apenas os candidatos mais bem classificados na objetiva ter\u00e3o as discursivas corrigidas (at\u00e9 40 vezes o n\u00famero de vagas ofertadas por especialidade).<\/p>\n\n\n\n<h3 class=\"wp-block-heading\">Prova de T\u00edtulos<\/h3>\n\n\n\n<p>Exclusiva para Analistas e Consultores Legislativos, a prova de t\u00edtulos avaliar\u00e1 a forma\u00e7\u00e3o acad\u00eamica e a experi\u00eancia profissional. A pontua\u00e7\u00e3o m\u00e1xima \u00e9 de 10 pontos, distribu\u00eddos da seguinte forma:<\/p>\n\n\n\n<ul class=\"wp-block-list\">\n<li>Doutorado: 2,5 pontos<\/li>\n\n\n\n<li>Mestrado: 1,5 ponto<\/li>\n\n\n\n<li>P\u00f3s-gradua\u00e7\u00e3o lato sensu (m\u00ednimo de 360h): 1 ponto<\/li>\n\n\n\n<li>Experi\u00eancia profissional: 0,0025 ponto por dia de trabalho (at\u00e9 5 pontos)<\/li>\n<\/ul>\n\n\n\n<p>Os documentos dever\u00e3o ser enviados em PDF.<\/p>\n\n\n\n<h3 class=\"wp-block-heading\">Prova de Capacidade F\u00edsica<\/h3>\n\n\n\n<p>Essa etapa do concurso ALES \u00e9 exclusiva para Agente de Pol\u00edcia Legislativa. Ser\u00e1 aplicada aos candidatos classificados em at\u00e9 25 vezes o n\u00famero de vagas, mediante apresenta\u00e7\u00e3o de atestado m\u00e9dico recente.<\/p>\n\n\n\n<p>Testes previstos:<\/p>\n\n\n\n<ul class=\"wp-block-list\">\n<li>Barra fixa (masculino) ou isometria (feminino)<\/li>\n\n\n\n<li>Flex\u00e3o abdominal remador<\/li>\n\n\n\n<li>Corrida de 12 minutos<\/li>\n<\/ul>\n\n\n\n<p>O n\u00e3o cumprimento de qualquer um dos testes elimina automaticamente o candidato do concurso Ales.<\/p>\n\n\n\n<h3 class=\"wp-block-heading\">Avalia\u00e7\u00e3o Psicol\u00f3gica<\/h3>\n\n\n\n<p>Realizada ap\u00f3s a prova f\u00edsica, essa etapa \u00e9 voltada para o cargo de Agente de Pol\u00edcia Legislativa. O exame ser\u00e1 conduzido por psic\u00f3logos credenciados e tem como objetivo verificar se o candidato possui perfil psicol\u00f3gico compat\u00edvel com as fun\u00e7\u00f5es do cargo. O resultado ser\u00e1 \u201cIndicado\u201d ou \u201cContraindicado\u201d.<\/p>\n\n\n\n<h3 class=\"wp-block-heading\">Exame Toxicol\u00f3gico<\/h3>\n\n\n\n<p>Os candidatos considerados indicados na avalia\u00e7\u00e3o psicol\u00f3gica dever\u00e3o realizar exame toxicol\u00f3gico, com janela de detec\u00e7\u00e3o de 180 dias. A coleta ser\u00e1 feita a partir de amostras de cabelo ou pelos.<\/p>\n\n\n\n<p>Ser\u00e1 eliminado do concurso Ales quem apresentar resultado positivo para subst\u00e2ncias proibidas, como maconha, coca\u00edna, anfetaminas, opi\u00e1ceos ou PCP.<\/p>\n\n\n\n<h3 class=\"wp-block-heading\">Sindic\u00e2ncia da Vida Pregressa e Investiga\u00e7\u00e3o Social<\/h3>\n\n\n\n<p>Nesta etapa do concurso Ales, restrita ao cargo de Agente, s\u00e3o analisados documentos e certid\u00f5es que comprovam a conduta ilibada do candidato. A elimina\u00e7\u00e3o pode ocorrer por antecedentes criminais, omiss\u00f5es de informa\u00e7\u00e3o ou apresenta\u00e7\u00e3o de documentos falsos.<\/p>\n\n\n\n<h3 class=\"wp-block-heading\">Curso de Forma\u00e7\u00e3o<\/h3>\n\n\n\n<p>A \u00faltima etapa do concurso ALES para Agente de Pol\u00edcia Legislativa ser\u00e1 o curso de forma\u00e7\u00e3o. Ser\u00e3o convocados os 50 primeiros aprovados ap\u00f3s a investiga\u00e7\u00e3o social.<\/p>\n\n\n\n<p>O curso contar\u00e1 com aulas pr\u00e1ticas e te\u00f3ricas sobre legisla\u00e7\u00e3o, seguran\u00e7a institucional, primeiros socorros, \u00e9tica, defesa pessoal e uso de equipamentos. A frequ\u00eancia ser\u00e1 obrigat\u00f3ria, e o desempenho do candidato ser\u00e1 constantemente avaliado. Quem n\u00e3o atingir o aproveitamento m\u00ednimo ou descumprir as regras ser\u00e1 eliminado.<\/p>\n\n\n\n<p><\/p>\n\n\n\n<p><strong>Quer ficar por dentro de tudo sobre o universo de concursos?&nbsp;<a href=\"https:\/\/www.apostilasopcao.com.br\/blog\/noticias\/\">Confira as nossas not\u00edcias!<\/a><\/strong><\/p>\n","protected":false},"excerpt":{"rendered":"<p>Inscri\u00e7\u00f5es prorrogadas no concurso ALES at\u00e9 o dia 17 de novembro! A sele\u00e7\u00e3o contempla 35 vagas para diversos cargos. Remunera\u00e7\u00f5es de at\u00e9 R$9,3 mil. Saiba mais!<\/p>\n","protected":false},"author":12,"featured_media":5001,"comment_status":"closed","ping_status":"closed","sticky":false,"template":"","format":"standard","meta":{"_acf_changed":false,"breadcrumbs_single_post":"","page_title_panel":"","breadcrumbs_single_page":"","single_page_alignment":"","single_page_margin":"","page_structure_type":"","content_style_source":"","content_style":"","blog_post_streched_ed":"","blog_page_streched_ed":"","has_transparent_header":"","disable_transparent_header":"","vertical_spacing_source":"","content_area_spacing":"","single_post_content_background":"","single_page_content_background":"","single_post_boxed_content_spacing":"","single_page_boxed_content_spacing":"","single_post_content_boxed_radius":"","single_page_content_boxed_radius":"","disable_featured_image":"","disable_post_tags":"","disable_author_box":"","disable_posts_navigation":"","disable_comments":"","disable_related_posts":"","disable_header":"","disable_footer":"","footnotes":""},"categories":[4,13],"tags":[195],"class_list":["post-1401","post","type-post","status-publish","format-standard","has-post-thumbnail","hentry","category-noticias","category-es","tag-concurso-ales","rishi-post"],"acf":{"data_prova":"20251221","status":"aberto"},"_links":{"self":[{"href":"https:\/\/www.apostilasopcao.com.br\/blog\/wp-json\/wp\/v2\/posts\/1401","targetHints":{"allow":["GET"]}}],"collection":[{"href":"https:\/\/www.apostilasopcao.com.br\/blog\/wp-json\/wp\/v2\/posts"}],"about":[{"href":"https:\/\/www.apostilasopcao.com.br\/blog\/wp-json\/wp\/v2\/types\/post"}],"author":[{"embeddable":true,"href":"https:\/\/www.apostilasopcao.com.br\/blog\/wp-json\/wp\/v2\/users\/12"}],"replies":[{"embeddable":true,"href":"https:\/\/www.apostilasopcao.com.br\/blog\/wp-json\/wp\/v2\/comments?post=1401"}],"version-history":[{"count":11,"href":"https:\/\/www.apostilasopcao.com.br\/blog\/wp-json\/wp\/v2\/posts\/1401\/revisions"}],"predecessor-version":[{"id":6199,"href":"https:\/\/www.apostilasopcao.com.br\/blog\/wp-json\/wp\/v2\/posts\/1401\/revisions\/6199"}],"wp:featuredmedia":[{"embeddable":true,"href":"https:\/\/www.apostilasopcao.com.br\/blog\/wp-json\/wp\/v2\/media\/5001"}],"wp:attachment":[{"href":"https:\/\/www.apostilasopcao.com.br\/blog\/wp-json\/wp\/v2\/media?parent=1401"}],"wp:term":[{"taxonomy":"category","embeddable":true,"href":"https:\/\/www.apostilasopcao.com.br\/blog\/wp-json\/wp\/v2\/categories?post=1401"},{"taxonomy":"post_tag","embeddable":true,"href":"https:\/\/www.apostilasopcao.com.br\/blog\/wp-json\/wp\/v2\/tags?post=1401"}],"curies":[{"name":"wp","href":"https:\/\/api.w.org\/{rel}","templated":true}]}}