{"id":14233,"date":"2026-07-27T10:00:17","date_gmt":"2026-07-27T13:00:17","guid":{"rendered":"https:\/\/www.apostilasopcao.com.br\/blog\/?p=14233"},"modified":"2026-07-27T10:00:20","modified_gmt":"2026-07-27T13:00:20","slug":"dpe-am","status":"publish","type":"post","link":"https:\/\/www.apostilasopcao.com.br\/blog\/dpe-am\/","title":{"rendered":"Concurso DPE AM: Banca contratada! Edital iminente!"},"content":{"rendered":"\n<p class=\"wp-block-paragraph\">Ol\u00e1, concurseiros!\u00a0O <strong>concurso DPE AM<\/strong> deu um importante passo rumo \u00e0 realiza\u00e7\u00e3o de um novo concurso p\u00fablico. O contrato com a <strong>Funda\u00e7\u00e3o Carlos Chagas (FCC)<\/strong>, banca organizadora do certame, j\u00e1 foi oficialmente assinado e publicado, autorizando o in\u00edcio dos preparativos para a sele\u00e7\u00e3o. O edital contar\u00e1 com<strong> 5 vagas<\/strong> imediatas e forma\u00e7\u00e3o de cadastro de reserva para cargos de n\u00edveis m\u00e9dio e superior, com remunera\u00e7\u00f5es de at\u00e9 <strong>R$ 10.247,91<\/strong> e oportunidades distribu\u00eddas entre Manaus e diversos polos do estado. Para se preparar, confira a\u00a0<a href=\"https:\/\/www.apostilasopcao.com.br\/concurso\/dpe-am-defensoria-publica-do-estado-do-amazonas\" target=\"_blank\" rel=\"noreferrer noopener\">apostila DPE AM<\/a>\u00a0com conte\u00fado completo e atualizado conforme o \u00faltimo edital.<\/p>\n\n\n\n<h2 class=\"wp-block-heading\">Qual a situa\u00e7\u00e3o atual do concurso DPE AM?<\/h2>\n\n\n\n<p class=\"wp-block-paragraph\">O novo concurso DPE AM deu um importante passo rumo \u00e0 publica\u00e7\u00e3o do edital. A <a href=\"https:\/\/defensoria.am.def.br\/\" target=\"_blank\" rel=\"noreferrer noopener\">Defensoria P\u00fablica do Estado do Amazonas<\/a> oficializou a contrata\u00e7\u00e3o da Funda\u00e7\u00e3o Carlos Chagas (FCC) como banca organizadora, conforme extrato de contrato publicado no Di\u00e1rio Oficial em 17 de julho de 2026.<\/p>\n\n\n\n<figure class=\"wp-block-image size-full\"><img loading=\"lazy\" decoding=\"async\" width=\"337\" height=\"606\" src=\"https:\/\/www.apostilasopcao.com.br\/blog\/wp-content\/uploads\/2026\/07\/Captura-de-tela-2026-07-27-093604-convertido-de-png-1.webp\" alt=\"Concurso DPE AM: Banca contratada! Edital iminente!\" class=\"wp-image-14693\" srcset=\"https:\/\/www.apostilasopcao.com.br\/blog\/wp-content\/uploads\/2026\/07\/Captura-de-tela-2026-07-27-093604-convertido-de-png-1.webp 337w, https:\/\/www.apostilasopcao.com.br\/blog\/wp-content\/uploads\/2026\/07\/Captura-de-tela-2026-07-27-093604-convertido-de-png-1-167x300.webp 167w\" sizes=\"auto, (max-width: 337px) 100vw, 337px\" \/><figcaption class=\"wp-element-caption\">Concurso DPE AM: Banca contratada! Edital iminente!<\/figcaption><\/figure>\n\n\n\n<p class=\"wp-block-paragraph\"> O documento formaliza a execu\u00e7\u00e3o de todas as etapas da sele\u00e7\u00e3o, desde a elabora\u00e7\u00e3o das provas at\u00e9 a divulga\u00e7\u00e3o dos resultados.<\/p>\n\n\n\n<p class=\"wp-block-paragraph\">O contrato foi assinado em <strong>16 de julho de 2026<\/strong> pelo defensor p\u00fablico-geral do Estado, Rafael Vinheiro Monteiro Barbosa, autorizando oficialmente a FCC a conduzir o concurso DPE AM. Com essa etapa conclu\u00edda, a expectativa \u00e9 de que o edital seja publicado em breve.<\/p>\n\n\n\n<h2 class=\"wp-block-heading\">Cargos e vagas<\/h2>\n\n\n\n<p class=\"wp-block-paragraph\">J\u00e1 est\u00e1 confirmado que o concurso DPE AM oferecer\u00e1 <strong>5 vagas<\/strong> imediatas, al\u00e9m de forma\u00e7\u00e3o de cadastro de reserva, para cargos de n\u00edveis m\u00e9dio e superior pertencentes ao <strong>Quadro de Servidores Auxiliares da Defensoria P\u00fablica<\/strong>. <\/p>\n\n\n\n<p class=\"wp-block-paragraph\">As oportunidades ser\u00e3o destinadas aos cargos de <strong>Analista em Gest\u00e3o Especializada, Analista Jur\u00eddico e Assistente T\u00e9cnico<\/strong>, com remunera\u00e7\u00e3o inicial de at\u00e9 <strong>R$ 10.247,91<\/strong>.<\/p>\n\n\n\n<p class=\"wp-block-paragraph\"><strong>Capital (Manaus)<\/strong><\/p>\n\n\n\n<ul class=\"wp-block-list\">\n<li>Analista em Gest\u00e3o Especializada \u2013 Administra\u00e7\u00e3o: 1 vaga + CR;<\/li>\n\n\n\n<li>Analista Social \u2013 Psicologia: CR;<\/li>\n\n\n\n<li>Analista Social \u2013 Servi\u00e7o Social: CR;<\/li>\n\n\n\n<li>Analista em Gest\u00e3o Especializada \u2013 Biblioteconomia: CR;<\/li>\n\n\n\n<li>Analista em Gest\u00e3o Especializada \u2013 Ci\u00eancias Cont\u00e1beis: CR;<\/li>\n\n\n\n<li>Analista em Gest\u00e3o Especializada \u2013 Engenharia El\u00e9trica: CR;<\/li>\n\n\n\n<li>Analista em Gest\u00e3o Especializada \u2013 Arquitetura: CR;<\/li>\n\n\n\n<li>Analista em Gest\u00e3o Especializada \u2013 Engenharia Civil: CR;<\/li>\n\n\n\n<li>Analista em Sa\u00fade de Defensoria\u2013 Medicina Cl\u00ednica: CR;<\/li>\n\n\n\n<li>Analista em Gest\u00e3o Especializada em TI \u2013 Analista de Sistemas: CR;<\/li>\n\n\n\n<li>Analista em Gest\u00e3o Especializada em TI \u2013 Analista de Banco de Dados: CR;<\/li>\n\n\n\n<li>Analista em Gest\u00e3o Especializada em TI \u2013 Analista de Seguran\u00e7a da Informa\u00e7\u00e3o: CR;<\/li>\n\n\n\n<li>Assistente T\u00e9cnico em TI \u2013 Programador: CR;<\/li>\n\n\n\n<li>Assistente T\u00e9cnico em TI \u2013 Assistente T\u00e9cnico de Suporte: 2 vagas + CR;<\/li>\n\n\n\n<li>Assistente T\u00e9cnico \u2013 Agrimensura: CR.<\/li>\n<\/ul>\n\n\n\n<p class=\"wp-block-paragraph\"><strong>Interior<\/strong><\/p>\n\n\n\n<p class=\"wp-block-paragraph\">As vagas e o cadastro de reserva ser\u00e3o distribu\u00eddos entre os seguintes polos:<\/p>\n\n\n\n<ul class=\"wp-block-list\">\n<li>Polo do M\u00e9dio Amazonas (Itacoatiara): Analista Jur\u00eddico \u2013 1 vaga + CR; Assistente T\u00e9cnico \u2013 CR;<\/li>\n\n\n\n<li>Polo do Alto Solim\u00f5es (Tabatinga): Analista Jur\u00eddico \u2013 CR; Assistente T\u00e9cnico \u2013 CR;<\/li>\n\n\n\n<li>Polo do M\u00e9dio Solim\u00f5es (Tef\u00e9): Analista Jur\u00eddico \u2013 CR; Assistente T\u00e9cnico \u2013 CR;<\/li>\n\n\n\n<li>Polo do Baixo Amazonas (Parintins): Analista Jur\u00eddico \u2013 CR; Assistente T\u00e9cnico \u2013 CR;<\/li>\n\n\n\n<li>Polo de Benjamin Constant: Analista Jur\u00eddico \u2013 CR; Assistente T\u00e9cnico \u2013 CR;<\/li>\n\n\n\n<li>Polo de Coari: Analista Jur\u00eddico \u2013 CR; Assistente T\u00e9cnico \u2013 CR;<\/li>\n\n\n\n<li>Polo do Juru\u00e1 (Eirunep\u00e9): Analista Jur\u00eddico \u2013 CR; Assistente T\u00e9cnico \u2013 CR;<\/li>\n\n\n\n<li>Polo do Purus (L\u00e1brea): Analista Jur\u00eddico \u2013 CR; Assistente T\u00e9cnico \u2013 CR;<\/li>\n\n\n\n<li>Polo Rio Negro\/Solim\u00f5es (Manacapuru): Analista Jur\u00eddico \u2013 CR; Assistente T\u00e9cnico \u2013 1 vaga + CR;<\/li>\n\n\n\n<li>Polo do Alto Rio Negro (S\u00e3o Gabriel da Cachoeira): Analista Jur\u00eddico \u2013 CR; Assistente T\u00e9cnico \u2013 CR;<\/li>\n\n\n\n<li>Polo de Mau\u00e9s: Analista Jur\u00eddico \u2013 CR; Assistente T\u00e9cnico \u2013 CR;<\/li>\n\n\n\n<li>Defensoria P\u00fablica de Iranduba: Analista Jur\u00eddico \u2013 CR; Assistente T\u00e9cnico \u2013 CR.<\/li>\n<\/ul>\n\n\n\n<p class=\"wp-block-paragraph\">O concurso DPE AM reserva<strong> 20% das vagas<\/strong> para pessoas com<strong> defici\u00eancia (PcD)<\/strong> e 3<strong>0% para candidatos negros<\/strong>, ind\u00edgenas e quilombolas, conforme previsto no edital, em cada cargo, especialidade e polo de atua\u00e7\u00e3o.<\/p>\n\n\n\n<p class=\"wp-block-paragraph\"><strong>Para quem vai iniciar a prepara\u00e7\u00e3o, a&nbsp;<\/strong><a href=\"https:\/\/www.apostilasopcao.com.br\/concurso\/dpe-am-defensoria-publica-do-estado-do-amazonas\" target=\"_blank\" rel=\"noreferrer noopener\"><strong>apostila<\/strong>&nbsp;<strong>DPE AM<\/strong><\/a><strong>&nbsp;j\u00e1 est\u00e1 dispon\u00edvel com conte\u00fado completo e atualizado conforme o \u00faltimo edital.<\/strong><\/p>\n\n\n\n<h3 class=\"wp-block-heading\">Locais <\/h3>\n\n\n\n<p class=\"wp-block-paragraph\">Os aprovados do concurso DPE AM poder\u00e3o ser lotados em diversas unidades da Defensoria P\u00fablica no Amazonas, incluindo os munic\u00edpios de:<\/p>\n\n\n\n<ul class=\"wp-block-list\">\n<li>Manaus;<\/li>\n\n\n\n<li>Itacoatiara;<\/li>\n\n\n\n<li>Tabatinga;<\/li>\n\n\n\n<li>Tef\u00e9;<\/li>\n\n\n\n<li>Parintins;<\/li>\n\n\n\n<li>Benjamin Constant;<\/li>\n\n\n\n<li>Coari;<\/li>\n\n\n\n<li>Eirunep\u00e9;<\/li>\n\n\n\n<li>L\u00e1brea;<\/li>\n\n\n\n<li>Manacapuru;<\/li>\n\n\n\n<li>S\u00e3o Gabriel da Cachoeira;<\/li>\n\n\n\n<li>Mau\u00e9s; e<\/li>\n\n\n\n<li>Iranduba.<\/li>\n<\/ul>\n\n\n\n<h3 class=\"wp-block-heading\">Sal\u00e1rios<\/h3>\n\n\n\n<p class=\"wp-block-paragraph\">De acordo com o Portal da Transpar\u00eancia da Defensoria P\u00fablica do Estado do Amazonas, as remunera\u00e7\u00f5es iniciais s\u00e3o:<\/p>\n\n\n\n<ul class=\"wp-block-list\">\n<li>Analista Jur\u00eddico de Defensoria: R$ 8.006,38;<\/li>\n\n\n\n<li>Analista em Sa\u00fade de Defensoria: R$ 8.006,38;<\/li>\n\n\n\n<li>Analista Social de Defensoria: R$ 6.966,49;<\/li>\n\n\n\n<li>Analista em Gest\u00e3o Especializada de Defensoria: R$ 6.430,59;<\/li>\n\n\n\n<li>Analista em Gest\u00e3o Especializada em Tecnologia da Informa\u00e7\u00e3o: R$ 6.430,59;<\/li>\n\n\n\n<li>T\u00e9cnico de Defensoria: R$ 4.713,02;<\/li>\n\n\n\n<li>T\u00e9cnico de Defensoria (Tecnologia da Informa\u00e7\u00e3o): R$ 4.713,02.<\/li>\n<\/ul>\n\n\n\n<h2 class=\"wp-block-heading\">Etapas de sele\u00e7\u00e3o <\/h2>\n\n\n\n<p class=\"wp-block-paragraph\">O concurso DPE AM ser\u00e1 realizado em duas etapas, conforme regulamento publicado pela Defensoria P\u00fablica do Estado do Amazonas.<\/p>\n\n\n\n<ul class=\"wp-block-list\">\n<li><strong>Fase 1:<\/strong>\u00a0Prova objetiva (m\u00faltipla escolha), eliminat\u00f3ria e classificat\u00f3ria;<\/li>\n\n\n\n<li><strong>Fase 2 (Analistas):<\/strong>\u00a0Prova discursiva (estudos de caso), eliminat\u00f3ria e classificat\u00f3ria.<\/li>\n<\/ul>\n\n\n\n<p class=\"wp-block-paragraph\">Al\u00e9m das provas, o concurso contar\u00e1 com os procedimentos de <strong>heteroidentifica\u00e7\u00e3o para candidatos cotistas<\/strong> e demais etapas administrativas previstas no edital.<\/p>\n\n\n\n<p class=\"wp-block-paragraph\">Os candidatos aprovados poder\u00e3o ser lotados tanto na capital quanto em diversos polos da Defensoria P\u00fablica do Amazonas, incluindo:<\/p>\n\n\n\n<ul class=\"wp-block-list\">\n<li>Manaus;<\/li>\n\n\n\n<li>Itacoatiara;<\/li>\n\n\n\n<li>Tabatinga;<\/li>\n\n\n\n<li>Tef\u00e9;<\/li>\n\n\n\n<li>Parintins;<\/li>\n\n\n\n<li>Benjamin Constant;<\/li>\n\n\n\n<li>Coari;<\/li>\n\n\n\n<li>Eirunep\u00e9;<\/li>\n\n\n\n<li>L\u00e1brea;<\/li>\n\n\n\n<li>Manacapuru;<\/li>\n\n\n\n<li>S\u00e3o Gabriel da Cachoeira;<\/li>\n\n\n\n<li>Mau\u00e9s;<\/li>\n\n\n\n<li>Iranduba.<\/li>\n<\/ul>\n\n\n\n<h3 class=\"wp-block-heading\">Prova Objetiva<\/h3>\n\n\n\n<p class=\"wp-block-paragraph\">A prova objetiva ser\u00e1 composta por <strong>60 quest\u00f5es de m\u00faltipla escolha<\/strong>, distribu\u00eddas da seguinte forma:<\/p>\n\n\n\n<ul class=\"wp-block-list\">\n<li>Conhecimentos Gerais: 20 quest\u00f5es;<\/li>\n\n\n\n<li>Conhecimentos Espec\u00edficos: 40 quest\u00f5es.<\/li>\n<\/ul>\n\n\n\n<p class=\"wp-block-paragraph\">As provas ser\u00e3o aplicadas na cidade de <strong>Manaus (AM)<\/strong> para todos os candidatos.<\/p>\n\n\n\n<h3 class=\"wp-block-heading\">Somos a melhor Op\u00e7\u00e3o<\/h3>\n\n\n\n<p class=\"wp-block-paragraph\">Voc\u00ea ir\u00e1 participar do concurso DPE AM? Somos a melhor Op\u00e7\u00e3o! N\u00f3s contamos com diversos materiais preparat\u00f3rios alinhados e elaborados conforme o edital. Com mais de tr\u00eas d\u00e9cadas de candidatos aprovados, ajudaremos voc\u00ea tamb\u00e9m nesta longa jornada. N\u00e3o perca mais tempo e comece a estudar ainda hoje para o cargo que ir\u00e1 mudar a sua vida!<\/p>\n\n\n\n<ul class=\"wp-block-list\">\n<li><strong>Confira:&nbsp;<\/strong><a href=\"https:\/\/www.apostilasopcao.com.br\/concurso\/dpe-am-defensoria-publica-do-estado-do-amazonas\" target=\"_blank\" rel=\"noreferrer noopener\"><strong>Apostilas do concurso DPE AM!<\/strong><\/a><\/li>\n<\/ul>\n\n\n\n<h3 class=\"wp-block-heading\">Prova discursiva <\/h3>\n\n\n\n<p class=\"wp-block-paragraph\">A prova discursiva ser\u00e1 aplicada <strong>exclusivamente aos candidatos aos cargos de Analista<\/strong>, em todas as especialidades.<\/p>\n\n\n\n<p class=\"wp-block-paragraph\">A etapa consistir\u00e1 na resolu\u00e7\u00e3o de <strong>estudos de caso<\/strong> relacionados aos conhecimentos espec\u00edficos do cargo pretendido e ser\u00e1 realizada no mesmo dia da prova objetiva.<\/p>\n\n\n\n<h2 class=\"wp-block-heading\">Como foi o \u00faltimo concurso DPE AM?<\/h2>\n\n\n\n<p class=\"wp-block-paragraph\">O \u00faltimo concurso DPE AM foi realizado em <strong>2023<\/strong>, sob organiza\u00e7\u00e3o da <strong>Funda\u00e7\u00e3o Carlos Chagas (FCC)<\/strong>. O edital ofertou <strong>3 vagas<\/strong> imediatas e forma\u00e7\u00e3o de cadastro de reserva para cargos de n\u00edveis m\u00e9dio e superior, com lota\u00e7\u00e3o em Manaus e Humait\u00e1.<\/p>\n\n\n\n<ul class=\"wp-block-list\">\n<li>Analista Jur\u00eddico de Defensoria (Ci\u00eancias Jur\u00eddicas)\n<ul class=\"wp-block-list\">\n<li>Manaus: 1 vaga<\/li>\n\n\n\n<li>Humait\u00e1: 1 vaga<\/li>\n<\/ul>\n<\/li>\n\n\n\n<li>Assistente T\u00e9cnico de Defensoria (Assistente T\u00e9cnico Administrativo)\n<ul class=\"wp-block-list\">\n<li>Manaus: 1 vaga<\/li>\n\n\n\n<li>Humait\u00e1: Cadastro de reserva<\/li>\n<\/ul>\n<\/li>\n<\/ul>\n\n\n\n<h2 class=\"wp-block-heading\">Etapas de sele\u00e7\u00e3o<\/h2>\n\n\n\n<p class=\"wp-block-paragraph\">Os candidatos do concurso DPE AM 2023 foram avaliados por meio de:<\/p>\n\n\n\n<ul class=\"wp-block-list\">\n<li><strong>Prova objetiva<\/strong> (eliminat\u00f3ria e classificat\u00f3ria) para todos os cargos;<\/li>\n\n\n\n<li><strong>Prova discursiva<\/strong> (estudo de caso), de car\u00e1ter eliminat\u00f3rio e classificat\u00f3rio, apenas para Analista Jur\u00eddico.<\/li>\n<\/ul>\n\n\n\n<h3 class=\"wp-block-heading\">Prova objetiva<\/h3>\n\n\n\n<p class=\"wp-block-paragraph\">As provas foram aplicadas em<strong> 22 de outubro de 2023<\/strong>, nas cidades de Manaus e Humait\u00e1.<\/p>\n\n\n\n<p class=\"wp-block-paragraph\"><strong>Analista Jur\u00eddico<\/strong>. <\/p>\n\n\n\n<ul class=\"wp-block-list\">\n<li><strong>Conhecimentos Gerais (20 quest\u00f5es)<\/strong>:\n<ul class=\"wp-block-list\">\n<li>L\u00edngua Portuguesa \u2013 14 quest\u00f5es;<\/li>\n\n\n\n<li>Conhecimentos Jur\u00eddicos e Institucionais \u2013 6 quest\u00f5es.<\/li>\n<\/ul>\n<\/li>\n\n\n\n<li><strong>Conhecimentos Espec\u00edficos (40 quest\u00f5es)<\/strong>:\n<ul class=\"wp-block-list\">\n<li>Direito Constitucional;<\/li>\n\n\n\n<li>Direito Administrativo;<\/li>\n\n\n\n<li>Direito Civil;<\/li>\n\n\n\n<li>Direito Processual Civil;<\/li>\n\n\n\n<li>Direito Penal;<\/li>\n\n\n\n<li>Direito Processual Penal;<\/li>\n\n\n\n<li>Direitos Humanos;<\/li>\n\n\n\n<li>Direito da Crian\u00e7a e do Adolescente, do Idoso, da Pessoa com Defici\u00eancia e da Mulher.<\/li>\n<\/ul>\n<\/li>\n\n\n\n<li>Dura\u00e7\u00e3o: 4 horas.<\/li>\n<\/ul>\n\n\n\n<p class=\"wp-block-paragraph\"><strong>Assistente T\u00e9cnico Administrativo<\/strong><\/p>\n\n\n\n<ul class=\"wp-block-list\">\n<li><strong>Conhecimentos Gerais (20 quest\u00f5es)<\/strong>:\n<ul class=\"wp-block-list\">\n<li>L\u00edngua Portuguesa \u2013 14 quest\u00f5es;<\/li>\n\n\n\n<li>Conhecimentos Jur\u00eddicos e Institucionais \u2013 6 quest\u00f5es.<\/li>\n<\/ul>\n<\/li>\n\n\n\n<li><strong>Conhecimentos Espec\u00edficos (40 quest\u00f5es)<\/strong>:\n<ul class=\"wp-block-list\">\n<li>No\u00e7\u00f5es de Direito Administrativo \u2013 13 quest\u00f5es;<\/li>\n\n\n\n<li>No\u00e7\u00f5es de Direito Constitucional \u2013 17 quest\u00f5es;<\/li>\n\n\n\n<li>No\u00e7\u00f5es de Administra\u00e7\u00e3o \u2013 10 quest\u00f5es.<\/li>\n<\/ul>\n<\/li>\n\n\n\n<li>Dura\u00e7\u00e3o: 3 horas.<\/li>\n<\/ul>\n\n\n\n<h3 class=\"wp-block-heading\">Prova discursiva<\/h3>\n\n\n\n<p class=\"wp-block-paragraph\">Aplicada apenas para o cargo de Analista Jur\u00eddico, no mesmo dia da prova objetiva. A etapa consistiu em:<\/p>\n\n\n\n<ul class=\"wp-block-list\">\n<li>1 estudo de caso de natureza pr\u00e1tica, relacionado \u00e0s atribui\u00e7\u00f5es do cargo.<\/li>\n<\/ul>\n\n\n\n<p class=\"wp-block-paragraph\">A prova foi avaliada de <strong>0 a 100 pontos<\/strong>, sendo considerado habilitado o candidato que obteve nota m\u00ednima de <strong>60 pontos<\/strong>. Ela teve car\u00e1ter eliminat\u00f3rio e classificat\u00f3rio.<\/p>\n\n\n\n<h3 class=\"wp-block-heading\">Sobre a DPE Amazonas<\/h3>\n\n\n\n<p class=\"wp-block-paragraph\">A Defensoria P\u00fablica do Estado do Amazonas (DPE AM) \u00e9 a institui\u00e7\u00e3o respons\u00e1vel por prestar assist\u00eancia jur\u00eddica gratuita \u00e0 popula\u00e7\u00e3o em situa\u00e7\u00e3o de vulnerabilidade. Sua miss\u00e3o \u00e9 garantir o acesso \u00e0 Justi\u00e7a, promover a defesa dos direitos humanos e oferecer orienta\u00e7\u00e3o e representa\u00e7\u00e3o jur\u00eddica a pessoas f\u00edsicas, microempresas e entidades sem fins lucrativos que comprovem insufici\u00eancia de recursos.<\/p>\n\n\n\n<p class=\"wp-block-paragraph\"><strong>Quer ficar por dentro de tudo sobre o universo de concursos?&nbsp;<a href=\"https:\/\/www.apostilasopcao.com.br\/blog\/noticias\/\" target=\"_blank\" rel=\"noreferrer noopener\">Confira as nossas not\u00edcias!<\/a><\/strong><\/p>\n\n\n\n<p class=\"wp-block-paragraph\"><\/p>\n","protected":false},"excerpt":{"rendered":"<p>O concurso DPE AM avan\u00e7ou com a contrata\u00e7\u00e3o oficial da Funda\u00e7\u00e3o Carlos Chagas (FCC), respons\u00e1vel pela organiza\u00e7\u00e3o do certame. O edital ofertar\u00e1 5 vagas imediatas, al\u00e9m de cadastro de reserva, para cargos de n\u00edveis m\u00e9dio e superior, com remunera\u00e7\u00f5es de at\u00e9 R$ 10.247,91 e oportunidades para Manaus e diversos munic\u00edpios do interior do Amazonas. Confira!<\/p>\n","protected":false},"author":13,"featured_media":14694,"comment_status":"closed","ping_status":"closed","sticky":false,"template":"","format":"standard","meta":{"_acf_changed":false,"breadcrumbs_single_post":"","page_title_panel":"","breadcrumbs_single_page":"","single_page_alignment":"","single_page_margin":"","page_structure_type":"","content_style_source":"","content_style":"","blog_post_streched_ed":"","blog_page_streched_ed":"","has_transparent_header":"","disable_transparent_header":"","vertical_spacing_source":"","content_area_spacing":"","single_post_content_background":"","single_page_content_background":"","single_post_boxed_content_spacing":"","single_page_boxed_content_spacing":"","single_post_content_boxed_radius":"","single_page_content_boxed_radius":"","disable_featured_image":"","disable_post_tags":"","disable_author_box":"","disable_posts_navigation":"","disable_comments":"","disable_related_posts":"","disable_header":"","disable_footer":"","footnotes":""},"categories":[4,9],"tags":[1047],"class_list":["post-14233","post","type-post","status-publish","format-standard","has-post-thumbnail","hentry","category-noticias","category-am","tag-concurso-dpe-am","rishi-post"],"acf":{"data_prova":null,"status":"previsto"},"_links":{"self":[{"href":"https:\/\/www.apostilasopcao.com.br\/blog\/wp-json\/wp\/v2\/posts\/14233","targetHints":{"allow":["GET"]}}],"collection":[{"href":"https:\/\/www.apostilasopcao.com.br\/blog\/wp-json\/wp\/v2\/posts"}],"about":[{"href":"https:\/\/www.apostilasopcao.com.br\/blog\/wp-json\/wp\/v2\/types\/post"}],"author":[{"embeddable":true,"href":"https:\/\/www.apostilasopcao.com.br\/blog\/wp-json\/wp\/v2\/users\/13"}],"replies":[{"embeddable":true,"href":"https:\/\/www.apostilasopcao.com.br\/blog\/wp-json\/wp\/v2\/comments?post=14233"}],"version-history":[{"count":2,"href":"https:\/\/www.apostilasopcao.com.br\/blog\/wp-json\/wp\/v2\/posts\/14233\/revisions"}],"predecessor-version":[{"id":14695,"href":"https:\/\/www.apostilasopcao.com.br\/blog\/wp-json\/wp\/v2\/posts\/14233\/revisions\/14695"}],"wp:featuredmedia":[{"embeddable":true,"href":"https:\/\/www.apostilasopcao.com.br\/blog\/wp-json\/wp\/v2\/media\/14694"}],"wp:attachment":[{"href":"https:\/\/www.apostilasopcao.com.br\/blog\/wp-json\/wp\/v2\/media?parent=14233"}],"wp:term":[{"taxonomy":"category","embeddable":true,"href":"https:\/\/www.apostilasopcao.com.br\/blog\/wp-json\/wp\/v2\/categories?post=14233"},{"taxonomy":"post_tag","embeddable":true,"href":"https:\/\/www.apostilasopcao.com.br\/blog\/wp-json\/wp\/v2\/tags?post=14233"}],"curies":[{"name":"wp","href":"https:\/\/api.w.org\/{rel}","templated":true}]}}