{"id":14356,"date":"2026-07-17T08:58:09","date_gmt":"2026-07-17T11:58:09","guid":{"rendered":"https:\/\/www.apostilasopcao.com.br\/blog\/?p=14356"},"modified":"2026-07-17T08:58:12","modified_gmt":"2026-07-17T11:58:12","slug":"tj-pb","status":"publish","type":"post","link":"https:\/\/www.apostilasopcao.com.br\/blog\/tj-pb\/","title":{"rendered":"Concurso TJ PB: Edital deve ficar para 2027!"},"content":{"rendered":"\n<p class=\"wp-block-paragraph\">Aten\u00e7\u00e3o concurseiros! O novo concurso TJ PB segue entre os mais aguardados pelos concurseiros, mas dever\u00e1 demorar um pouco mais para sair. Embora o <strong>Tribunal de Justi\u00e7a da Para\u00edba<\/strong> j\u00e1 tenha iniciado estudos para a realiza\u00e7\u00e3o da sele\u00e7\u00e3o, a presid\u00eancia do \u00f3rg\u00e3o informou que o<strong> edital deve ser publicado apenas em 2027<\/strong>, em raz\u00e3o das limita\u00e7\u00f5es impostas pela <strong>Lei de Responsabilidade Fiscal<\/strong>. Ainda assim, o cen\u00e1rio permanece favor\u00e1vel, j\u00e1 que o tribunal mant\u00e9m os preparativos internos e possui um elevado n\u00famero de cargos vagos, refor\u00e7ando a expectativa pela abertura do certame na pr\u00f3xima gest\u00e3o. Se interessou? Continue lendo e saiba mais!<\/p>\n\n\n\n<h2 class=\"wp-block-heading\">Qual \u00e9 a situa\u00e7\u00e3o atual do concurso TJ PB?<\/h2>\n\n\n\n<p class=\"wp-block-paragraph\">O concurso <a href=\"https:\/\/www.tjpb.jus.br\/\" target=\"_blank\" rel=\"noreferrer noopener\">TJ PB<\/a> segue em fase de estudos, mas a publica\u00e7\u00e3o do edital <strong>dever\u00e1 ocorrer apenas em 2027<\/strong>. A informa\u00e7\u00e3o foi confirmada pela presid\u00eancia do Tribunal de Justi\u00e7a da Para\u00edba durante reuni\u00e3o realizada com representantes de entidades sindicais, que apontou as restri\u00e7\u00f5es da <strong>Lei de Responsabilidade Fiscal (LRF)<\/strong> como o principal obst\u00e1culo para a abertura imediata da sele\u00e7\u00e3o.<\/p>\n\n\n\n<p class=\"wp-block-paragraph\">Apesar do adiamento, o tribunal continua realizando levantamentos para avaliar a necessidade de novas contrata\u00e7\u00f5es e definir os cargos e especialidades que poder\u00e3o ser contemplados no pr\u00f3ximo edital.<\/p>\n\n\n\n<p class=\"wp-block-paragraph\">Vale ressaltar que o cen\u00e1rio permanece favor\u00e1vel para a realiza\u00e7\u00e3o do concurso. O TJPB j\u00e1 conta com comiss\u00e3o formada desde 2023, estudos t\u00e9cnicos conclu\u00eddos, previs\u00e3o do certame na Lei de Diretrizes Or\u00e7ament\u00e1rias (LDO) e mais de 600 cargos vagos, fatores que refor\u00e7am a expectativa pela abertura da sele\u00e7\u00e3o na pr\u00f3xima gest\u00e3o.<\/p>\n\n\n\n<p class=\"wp-block-paragraph\">Em entrevista ao programa <em>Arapuan Verdade<\/em>, o presidente, desembargador <strong>Fred Coutinho<\/strong>,  afirmou que ainda n\u00e3o h\u00e1 uma decis\u00e3o definitiva sobre a realiza\u00e7\u00e3o do concurso.<\/p>\n\n\n\n<blockquote class=\"wp-block-quote is-layout-flow wp-block-quote-is-layout-flow\">\n<p class=\"wp-block-paragraph\"><em>&#8220;Neste momento, eu n\u00e3o vou dizer nem que vai haver, nem que n\u00e3o vai haver. Estamos fazendo um levantamento geral para saber se vai precisar ou se vai necessitar de um remanejamento.&#8221;<\/em><\/p>\n<\/blockquote>\n\n\n\n<figure class=\"wp-block-image size-full\"><img loading=\"lazy\" decoding=\"async\" width=\"822\" height=\"604\" src=\"https:\/\/www.apostilasopcao.com.br\/blog\/wp-content\/uploads\/2026\/07\/Captura-de-tela-2026-07-13-111521-convertido-de-png.webp\" alt=\"Concurso TJ PB 2026: Edital em estudos, diz presidente!\" class=\"wp-image-14360\" srcset=\"https:\/\/www.apostilasopcao.com.br\/blog\/wp-content\/uploads\/2026\/07\/Captura-de-tela-2026-07-13-111521-convertido-de-png.webp 822w, https:\/\/www.apostilasopcao.com.br\/blog\/wp-content\/uploads\/2026\/07\/Captura-de-tela-2026-07-13-111521-convertido-de-png-300x220.webp 300w, https:\/\/www.apostilasopcao.com.br\/blog\/wp-content\/uploads\/2026\/07\/Captura-de-tela-2026-07-13-111521-convertido-de-png-768x564.webp 768w\" sizes=\"auto, (max-width: 822px) 100vw, 822px\" \/><figcaption class=\"wp-element-caption\">Concurso TJ PB: Edital em estudos!<\/figcaption><\/figure>\n\n\n\n<p class=\"wp-block-paragraph\">Segundo o presidente, a administra\u00e7\u00e3o do Tribunal est\u00e1 realizando um levantamento para avaliar a necessidade de novas contrata\u00e7\u00f5es ou se a demanda de pessoal poder\u00e1 ser suprida por meio de remanejamentos internos de servidores. Ao comentar sobre o assunto, Fred Coutinho afirmou:<\/p>\n\n\n\n<blockquote class=\"wp-block-quote is-layout-flow wp-block-quote-is-layout-flow\">\n<p class=\"wp-block-paragraph\"><em>&#8220;Com rela\u00e7\u00e3o a concurso p\u00fablico, sempre perguntam: vai ter concurso? Essa \u00e9 uma pergunta autom\u00e1tica. O concurso est\u00e1 sendo feito em estudo.&#8221;<\/em><\/p>\n<\/blockquote>\n\n\n\n<h3 class=\"wp-block-heading\">Comiss\u00e3o formada<\/h3>\n\n\n\n<p class=\"wp-block-paragraph\">Apesar de ainda n\u00e3o haver confirma\u00e7\u00e3o oficial sobre a publica\u00e7\u00e3o do edital, o concurso TJ PB segue em fase de planejamento e <strong>j\u00e1 possui comiss\u00e3o organizadora formada<\/strong>.<\/p>\n\n\n\n<p class=\"wp-block-paragraph\">A comiss\u00e3o foi institu\u00edda em <strong>11 de outubro de 2023<\/strong>, por meio de publica\u00e7\u00e3o no Di\u00e1rio da Justi\u00e7a do Estado da Para\u00edba, e \u00e9 respons\u00e1vel por planejar, organizar e executar os trabalhos relacionados ao novo concurso TJ PB.<\/p>\n\n\n\n<figure class=\"wp-block-image size-full is-resized\"><img loading=\"lazy\" decoding=\"async\" width=\"611\" height=\"324\" src=\"https:\/\/www.apostilasopcao.com.br\/blog\/wp-content\/uploads\/2026\/07\/tj-pb-convertido-de-jpg.webp\" alt=\"Concurso TJ PB 2026\" class=\"wp-image-14357\" style=\"width:611px;height:auto\" srcset=\"https:\/\/www.apostilasopcao.com.br\/blog\/wp-content\/uploads\/2026\/07\/tj-pb-convertido-de-jpg.webp 611w, https:\/\/www.apostilasopcao.com.br\/blog\/wp-content\/uploads\/2026\/07\/tj-pb-convertido-de-jpg-300x159.webp 300w\" sizes=\"auto, (max-width: 611px) 100vw, 611px\" \/><figcaption class=\"wp-element-caption\">Concurso TJ PB &#8211; Comiss\u00e3o formada<\/figcaption><\/figure>\n\n\n\n<p class=\"wp-block-paragraph\">Inicialmente, o grupo foi criado para viabilizar o preenchimento dos cargos vagos dos <strong>N\u00facleos de Apoio da Equipe Multidisciplinar do Tribunal de Justi\u00e7a da Para\u00edba<\/strong>. Desde ent\u00e3o, o Tribunal segue realizando estudos para definir a necessidade de novas contrata\u00e7\u00f5es e a estrutura do pr\u00f3ximo edital.<\/p>\n\n\n\n<h2 class=\"wp-block-heading\">Cargos vagos<\/h2>\n\n\n\n<p class=\"wp-block-paragraph\">Embora o novo concurso TJ PB ainda dependa da conclus\u00e3o dos estudos internos, o Tribunal de Justi\u00e7a da Para\u00edba registra <strong>667 cargos vagos<\/strong>, conforme levantamento atualizado em <strong>abril de 2026<\/strong>, o que refor\u00e7a a expectativa pela realiza\u00e7\u00e3o de um novo certame.<\/p>\n\n\n\n<p class=\"wp-block-paragraph\">As vac\u00e2ncias est\u00e3o distribu\u00eddas entre as seguintes especialidades:<\/p>\n\n\n\n<figure class=\"wp-block-table\"><table class=\"has-fixed-layout\"><thead><tr><th>Cargo<\/th><th>Vac\u00e2ncias<\/th><\/tr><\/thead><tbody><tr><td>Oficial de Justi\u00e7a<\/td><td>291<\/td><\/tr><tr><td>T\u00e9cnico Judici\u00e1rio \u2013 Tecnologia da Informa\u00e7\u00e3o<\/td><td>161<\/td><\/tr><tr><td>Analista Judici\u00e1rio<\/td><td>72<\/td><\/tr><tr><td>Analista Judici\u00e1rio \u2013 Desenvolvimento de Sistemas<\/td><td>45<\/td><\/tr><tr><td>T\u00e9cnico Judici\u00e1rio<\/td><td>21<\/td><\/tr><tr><td>Analista Judici\u00e1rio \u2013 Psicologia<\/td><td>19<\/td><\/tr><tr><td>Analista Judici\u00e1rio \u2013 Infraestrutura de TI<\/td><td>16<\/td><\/tr><tr><td>Auxiliar Judici\u00e1rio<\/td><td>13<\/td><\/tr><tr><td>Analista Judici\u00e1rio \u2013 Assist\u00eancia Social<\/td><td>11<\/td><\/tr><tr><td>Analista Judici\u00e1rio \u2013 Pedagogia<\/td><td>6<\/td><\/tr><tr><td>Analista Judici\u00e1rio \u2013 Banco de Dados<\/td><td>6<\/td><\/tr><tr><td>Analista Judici\u00e1rio \u2013 Contabilidade<\/td><td>3<\/td><\/tr><tr><td>Analista Judici\u00e1rio \u2013 Psiquiatria<\/td><td>3<\/td><\/tr><tr><td><strong>Total<\/strong><\/td><td><strong>667<\/strong><\/td><\/tr><\/tbody><\/table><\/figure>\n\n\n\n<h2 class=\"wp-block-heading\">Cargos previstos<\/h2>\n\n\n\n<p class=\"wp-block-paragraph\">Desde 2024, o Tribunal sinaliza que o concurso TJ PB dever\u00e1 contemplar, inicialmente, as seguintes \u00e1reas:<\/p>\n\n\n\n<ul class=\"wp-block-list\">\n<li>Assist\u00eancia Social;<\/li>\n\n\n\n<li>Psicologia;<\/li>\n\n\n\n<li>Pedagogia;<\/li>\n\n\n\n<li>Psiquiatria;<\/li>\n\n\n\n<li>Contabilidade;<\/li>\n\n\n\n<li>Tecnologia da Informa\u00e7\u00e3o.<\/li>\n<\/ul>\n\n\n\n<p class=\"wp-block-paragraph\">Segundo o presidente do TJ PB, <strong>Fred Coutinho<\/strong>, a defini\u00e7\u00e3o dos cargos e da quantidade de vagas depender\u00e1 da conclus\u00e3o dos estudos internos, podendo haver altera\u00e7\u00f5es antes da autoriza\u00e7\u00e3o oficial do concurso.<\/p>\n\n\n\n<h3 class=\"wp-block-heading\">Sal\u00e1rios e benef\u00edcios<\/h3>\n\n\n\n<p class=\"wp-block-paragraph\">De acordo com a tabela remunerat\u00f3ria atualizada em <strong>mar\u00e7o de 2026<\/strong>, os vencimentos previstos para o concurso TJ PB s\u00e3o:<\/p>\n\n\n\n<figure class=\"wp-block-table\"><table class=\"has-fixed-layout\"><thead><tr><th>Cargo<\/th><th>Remunera\u00e7\u00e3o inicial<\/th><th>Remunera\u00e7\u00e3o final<\/th><\/tr><\/thead><tbody><tr><td>Analista Judici\u00e1rio<\/td><td>R$ 7.244,79<\/td><td>R$ 14.080,45<\/td><\/tr><tr><td>T\u00e9cnico Judici\u00e1rio<\/td><td>R$ 5.533,66<\/td><td>R$ 10.793,69<\/td><\/tr><tr><td>Oficial de Justi\u00e7a<\/td><td>R$ 5.533,66<\/td><td>R$ 10.479,31<\/td><\/tr><\/tbody><\/table><\/figure>\n\n\n\n<p class=\"wp-block-paragraph\">Al\u00e9m da remunera\u00e7\u00e3o, os servidores contam com benef\u00edcios como:<\/p>\n\n\n\n<ul class=\"wp-block-list\">\n<li>Aux\u00edlio-alimenta\u00e7\u00e3o;<\/li>\n\n\n\n<li>Remunera\u00e7\u00e3o por plant\u00f5es;<\/li>\n\n\n\n<li>Plano de Cargos, Carreira e Sal\u00e1rios (PCCR);<\/li>\n\n\n\n<li>Adicional de qualifica\u00e7\u00e3o de <strong>5%, 15%, 25% ou 30%<\/strong>, conforme a titula\u00e7\u00e3o.<\/li>\n<\/ul>\n\n\n\n<p class=\"wp-block-paragraph\">Os Oficiais de Justi\u00e7a tamb\u00e9m recebem:<\/p>\n\n\n\n<ul class=\"wp-block-list\">\n<li>Indeniza\u00e7\u00e3o de transporte de <strong>R$ 1.684,62<\/strong>;<\/li>\n\n\n\n<li>Adicional de risco de vida de <strong>R$ 2.105,78<\/strong>.<\/li>\n<\/ul>\n\n\n\n<h2 class=\"wp-block-heading\">Como foi o \u00faltimo concurso TJ PB?<\/h2>\n\n\n\n<p class=\"wp-block-paragraph\">O \u00faltimo concurso TJ PB foi realizado em <strong>2012<\/strong>, sob organiza\u00e7\u00e3o da <strong>FAPERP (Funda\u00e7\u00e3o de Apoio \u00e0 Pesquisa e Extens\u00e3o de S\u00e3o Jos\u00e9 do Rio Preto)<\/strong>. O certame registrou <strong>14.063 inscritos<\/strong>, resultando em uma concorr\u00eancia m\u00e9dia de aproximadamente <strong>108 candidatos por vaga<\/strong>.<\/p>\n\n\n\n<p class=\"wp-block-paragraph\">Ao todo, foram publicados <strong>dois editais<\/strong>, que ofertaram <strong>130 vagas<\/strong> para cargos de n\u00edveis m\u00e9dio e superior.<\/p>\n\n\n\n<p class=\"wp-block-paragraph\"><strong>Edital n\u00ba 1 \u2013 Analista Judici\u00e1rio (80 vagas)<\/strong><\/p>\n\n\n\n<ul class=\"wp-block-list\">\n<li>Assist\u00eancia Social: 32 vagas;<\/li>\n\n\n\n<li>Contabilidade: 6 vagas;<\/li>\n\n\n\n<li>Medicina Psiqui\u00e1trica: 2 vagas;<\/li>\n\n\n\n<li>Pedagogia: 10 vagas;<\/li>\n\n\n\n<li>Psicologia: 30 vagas.<\/li>\n<\/ul>\n\n\n\n<p class=\"wp-block-paragraph\"><strong>Edital n\u00ba 2 \u2013 Analista e T\u00e9cnico Judici\u00e1rio (50 vagas)<\/strong><\/p>\n\n\n\n<p class=\"wp-block-paragraph\"><strong>Analista Judici\u00e1rio<\/strong><\/p>\n\n\n\n<ul class=\"wp-block-list\">\n<li>Infraestrutura de TI: 15 vagas;<\/li>\n\n\n\n<li>Banco de Dados: 5 vagas;<\/li>\n\n\n\n<li>Desenvolvimento de Sistemas: 20 vagas.<\/li>\n<\/ul>\n\n\n\n<p class=\"wp-block-paragraph\"><strong>T\u00e9cnico Judici\u00e1rio<\/strong><\/p>\n\n\n\n<ul class=\"wp-block-list\">\n<li>Tecnologia da Informa\u00e7\u00e3o: 10 vagas.<\/li>\n<\/ul>\n\n\n\n<h2 class=\"wp-block-heading\">Etapas de sele\u00e7\u00e3o<\/h2>\n\n\n\n<p class=\"wp-block-paragraph\">Os candidatos foram avaliados por meio de <strong>prova objetiva<\/strong> e <strong>prova discursiva<\/strong>.<\/p>\n\n\n\n<p class=\"wp-block-paragraph\">A prova objetiva foi composta por <strong>70 quest\u00f5es<\/strong>, sendo <strong>20 de Conhecimentos Gerais<\/strong> e <strong>50 de Conhecimentos Espec\u00edficos<\/strong>.<\/p>\n\n\n\n<p class=\"wp-block-paragraph\"><strong>Conhecimentos Gerais \u2013 Edital n\u00ba 1<\/strong><\/p>\n\n\n\n<ul class=\"wp-block-list\">\n<li>L\u00edngua Portuguesa;<\/li>\n\n\n\n<li>Racioc\u00ednio L\u00f3gico-Quantitativo;<\/li>\n\n\n\n<li>No\u00e7\u00f5es de Inform\u00e1tica.<\/li>\n<\/ul>\n\n\n\n<p class=\"wp-block-paragraph\"><strong>Conhecimentos Gerais \u2013 Edital n\u00ba 2<\/strong><\/p>\n\n\n\n<ul class=\"wp-block-list\">\n<li>L\u00edngua Portuguesa;<\/li>\n\n\n\n<li>Racioc\u00ednio L\u00f3gico-Quantitativo.<\/li>\n<\/ul>\n\n\n\n<h3 class=\"wp-block-heading\">Nomea\u00e7\u00f5es<\/h3>\n\n\n\n<p class=\"wp-block-paragraph\">Embora o edital previsse <strong>130 vagas<\/strong>, o Tribunal de Justi\u00e7a da Para\u00edba realizou <strong>186 nomea\u00e7\u00f5es<\/strong> durante o prazo de validade do concurso, ou seja, <strong>56 convoca\u00e7\u00f5es a mais<\/strong> do que o inicialmente ofertado.<\/p>\n\n\n\n<p class=\"wp-block-paragraph\">Confira o quantitativo de nomea\u00e7\u00f5es por cargo:<\/p>\n\n\n\n<figure class=\"wp-block-table\"><table class=\"has-fixed-layout\"><thead><tr><th>Cargo<\/th><th>Vagas<\/th><th>Nomeados<\/th><\/tr><\/thead><tbody><tr><td>Analista \u2013 Assist\u00eancia Social<\/td><td>32<\/td><td>29<\/td><\/tr><tr><td>Analista \u2013 Contabilidade<\/td><td>6<\/td><td>18<\/td><\/tr><tr><td>Analista \u2013 Medicina Psiqui\u00e1trica<\/td><td>2<\/td><td>7<\/td><\/tr><tr><td>Analista \u2013 Pedagogia<\/td><td>10<\/td><td>8<\/td><\/tr><tr><td>Analista \u2013 Psicologia<\/td><td>30<\/td><td>36<\/td><\/tr><tr><td>Analista \u2013 Infraestrutura de TI<\/td><td>15<\/td><td>29<\/td><\/tr><tr><td>Analista \u2013 Banco de Dados<\/td><td>5<\/td><td>9<\/td><\/tr><tr><td>Analista \u2013 Desenvolvimento de Sistemas<\/td><td>20<\/td><td>33<\/td><\/tr><tr><td>T\u00e9cnico \u2013 Tecnologia da Informa\u00e7\u00e3o<\/td><td>10<\/td><td>17<\/td><\/tr><\/tbody><\/table><\/figure>\n\n\n\n<p class=\"wp-block-paragraph\">O elevado n\u00famero de nomea\u00e7\u00f5es demonstra que o TJ PB precisou ampliar o quadro de servidores ao longo da validade do concurso, convocando candidatos al\u00e9m da quantidade inicialmente prevista no edital.<\/p>\n\n\n\n<p class=\"wp-block-paragraph\"><strong>Quer ficar por dentro de tudo sobre o universo de concursos?&nbsp;<a href=\"https:\/\/www.apostilasopcao.com.br\/blog\/noticias\/\" target=\"_blank\" rel=\"noreferrer noopener\">Confira as nossas not\u00edcias!<\/a><\/strong><\/p>\n\n\n\n<p class=\"wp-block-paragraph\"><\/p>\n","protected":false},"excerpt":{"rendered":"<p>O concurso TJ PB segue em fase de estudos, mas o edital dever\u00e1 ser publicado apenas em 2027, conforme informado pela presid\u00eancia do Tribunal. Apesar do adiamento em raz\u00e3o das limita\u00e7\u00f5es da Lei de Responsabilidade Fiscal, o \u00f3rg\u00e3o mant\u00e9m os preparativos internos e a expectativa segue positiva diante do elevado n\u00famero de cargos vagos e da previs\u00e3o or\u00e7ament\u00e1ria para a futura sele\u00e7\u00e3o. Saiba mais!<\/p>\n","protected":false},"author":13,"featured_media":14478,"comment_status":"closed","ping_status":"closed","sticky":false,"template":"","format":"standard","meta":{"_acf_changed":false,"breadcrumbs_single_post":"","page_title_panel":"","breadcrumbs_single_page":"","single_page_alignment":"","single_page_margin":"","page_structure_type":"","content_style_source":"","content_style":"","blog_post_streched_ed":"","blog_page_streched_ed":"","has_transparent_header":"","disable_transparent_header":"","vertical_spacing_source":"","content_area_spacing":"","single_post_content_background":"","single_page_content_background":"","single_post_boxed_content_spacing":"","single_page_boxed_content_spacing":"","single_post_content_boxed_radius":"","single_page_content_boxed_radius":"","disable_featured_image":"","disable_post_tags":"","disable_author_box":"","disable_posts_navigation":"","disable_comments":"","disable_related_posts":"","disable_header":"","disable_footer":"","footnotes":""},"categories":[4,20],"tags":[1062],"class_list":["post-14356","post","type-post","status-publish","format-standard","has-post-thumbnail","hentry","category-noticias","category-pb","tag-concurso-tj-pb","rishi-post"],"acf":{"data_prova":null,"status":"previsto"},"_links":{"self":[{"href":"https:\/\/www.apostilasopcao.com.br\/blog\/wp-json\/wp\/v2\/posts\/14356","targetHints":{"allow":["GET"]}}],"collection":[{"href":"https:\/\/www.apostilasopcao.com.br\/blog\/wp-json\/wp\/v2\/posts"}],"about":[{"href":"https:\/\/www.apostilasopcao.com.br\/blog\/wp-json\/wp\/v2\/types\/post"}],"author":[{"embeddable":true,"href":"https:\/\/www.apostilasopcao.com.br\/blog\/wp-json\/wp\/v2\/users\/13"}],"replies":[{"embeddable":true,"href":"https:\/\/www.apostilasopcao.com.br\/blog\/wp-json\/wp\/v2\/comments?post=14356"}],"version-history":[{"count":3,"href":"https:\/\/www.apostilasopcao.com.br\/blog\/wp-json\/wp\/v2\/posts\/14356\/revisions"}],"predecessor-version":[{"id":14479,"href":"https:\/\/www.apostilasopcao.com.br\/blog\/wp-json\/wp\/v2\/posts\/14356\/revisions\/14479"}],"wp:featuredmedia":[{"embeddable":true,"href":"https:\/\/www.apostilasopcao.com.br\/blog\/wp-json\/wp\/v2\/media\/14478"}],"wp:attachment":[{"href":"https:\/\/www.apostilasopcao.com.br\/blog\/wp-json\/wp\/v2\/media?parent=14356"}],"wp:term":[{"taxonomy":"category","embeddable":true,"href":"https:\/\/www.apostilasopcao.com.br\/blog\/wp-json\/wp\/v2\/categories?post=14356"},{"taxonomy":"post_tag","embeddable":true,"href":"https:\/\/www.apostilasopcao.com.br\/blog\/wp-json\/wp\/v2\/tags?post=14356"}],"curies":[{"name":"wp","href":"https:\/\/api.w.org\/{rel}","templated":true}]}}