{"id":14480,"date":"2026-09-02T11:08:53","date_gmt":"2026-09-02T14:08:53","guid":{"rendered":"https:\/\/www.apostilasopcao.com.br\/blog\/?p=14480"},"modified":"2026-09-02T11:08:58","modified_gmt":"2026-09-02T14:08:58","slug":"caer-rr","status":"publish","type":"post","link":"https:\/\/www.apostilasopcao.com.br\/blog\/caer-rr\/","title":{"rendered":"Concurso CAER RR: Inscri\u00e7\u00f5es prorrogadas e sal\u00e1rios alterados!"},"content":{"rendered":"\n<p class=\"wp-block-paragraph\">Ol\u00e1, concurseiros! O <strong>concurso CAER RR<\/strong> teve inscri\u00e7\u00f5es prorrogadas at\u00e9 o dia <strong>10 de setembro de 2026<\/strong>! Oferta\u00a0<strong>105 vagas <\/strong>imediatas, al\u00e9m de <strong>105 <\/strong>para cadastro de reserva, destinadas a candidatos de\u00a0<strong>n<\/strong>\u00edveis m\u00e9dio, t\u00e9cnico\u00a0e\u00a0superior. Os sal\u00e1rios iniciais variam entre\u00a0<strong><strong>R$ <\/strong>3.036,00 a R$ 9.726,00<\/strong>. A prova objetiva est\u00e1 prevista para o dia\u00a0<strong><strong><strong>22 de novembro<\/strong><\/strong><\/strong>\u00a0<strong>de 2026<\/strong>. O valor da taxa de inscri\u00e7\u00e3o \u00e9 de\u00a0<strong><strong>R$ 100,00 a R$ 200,00<\/strong><\/strong>. Para se preparar, confira a\u00a0apostila CAER RR\u00a0com conte\u00fado completo e atualizado conforme o \u00faltimo edital.<\/p>\n\n\n\n<h2 class=\"wp-block-heading\">Resumo do edital<\/h2>\n\n\n\n<ul class=\"wp-block-list\">\n<li><strong>Vagas:<\/strong>&nbsp;105 + 105 CR<\/li>\n\n\n\n<li><strong>Inscri\u00e7\u00f5es:\u00a0<\/strong>At\u00e9 o dia 10\/09\/2026<\/li>\n\n\n\n<li><strong>Taxa de inscri\u00e7\u00e3o:<\/strong>&nbsp;R$ 100,00 a R$ 200,00<\/li>\n\n\n\n<li><strong>Provas:&nbsp;<\/strong>22\/11\/2026<\/li>\n\n\n\n<li><strong>Sal\u00e1rio inicial:<\/strong>\u00a0R$ 3.036,00 a R$ 9.726,00<\/li>\n\n\n\n<li><strong>Banca:<\/strong>&nbsp;Funda\u00e7\u00e3o Ajuri<\/li>\n\n\n\n<li><a href=\"https:\/\/www.apostilasopcao.com.br\/blog\/wp-content\/uploads\/2026\/07\/EDITAL-001.2026-CAER.pdf\" target=\"_blank\" rel=\"noreferrer noopener\">Baixe o\u00a0edital<\/a> \/ <a href=\"https:\/\/www.apostilasopcao.com.br\/blog\/wp-content\/uploads\/2026\/09\/EDITAL-003.2026-CAER.pdf\" target=\"_blank\" rel=\"noreferrer noopener\">retifica\u00e7\u00e3o <\/a><\/li>\n<\/ul>\n\n\n\n<h2 class=\"wp-block-heading\">Concurso CAER RR: Inscri\u00e7\u00f5es<\/h2>\n\n\n\n<p class=\"wp-block-paragraph\">As inscri\u00e7\u00f5es do <a href=\"https:\/\/www.apostilasopcao.com.br\/concurso\/caer\" target=\"_blank\" rel=\"noreferrer noopener\">concurso CAER RR<\/a> ser\u00e3o realizadas exclusivamente pela internet no site\u00a0<a href=\"https:\/\/www.ajuri.org.br\/concursos\/edital-n-01-2026-caer-rr\" target=\"_blank\" rel=\"noreferrer noopener\">Funda\u00e7\u00e3o Ajuri<\/a>,\u00a0respons\u00e1vel pela organiza\u00e7\u00e3o do certame. Inscri\u00e7\u00f5es estar\u00e3o dispon\u00edveis at\u00e9 o dia\u00a0<strong><strong>10 de setembro<\/strong>\u00a0de 2026<\/strong>. O valor da taxa de inscri\u00e7\u00e3o \u00e9 de:<\/p>\n\n\n\n<ul class=\"wp-block-list\">\n<li>N\u00edvel m\u00e9dio e m\u00e9dio\/t\u00e9cnico &#8211; <strong>R$ 100,00<\/strong><\/li>\n\n\n\n<li>N\u00edvel superior &#8211; <strong>R$ 140,00<\/strong><\/li>\n\n\n\n<li>Cargo de Advogado &#8211; <strong>R$ 200,00<\/strong><\/li>\n<\/ul>\n\n\n\n<p class=\"wp-block-paragraph\"><strong><em><strong><em>A data limite para pagamento da taxa de inscri\u00e7\u00e3o \u00e9 dia<strong>\u00a0<strong>11 de setembro<\/strong><\/strong><\/em><\/strong>\u00a0de 2026.<\/em><\/strong><\/p>\n\n\n\n<h3 class=\"wp-block-heading\">Isen\u00e7\u00e3o da taxa<\/h3>\n\n\n\n<p class=\"wp-block-paragraph\">O per\u00edodo para solicita\u00e7\u00e3o de isen\u00e7\u00e3o da taxa de inscri\u00e7\u00e3o do concurso CAER RR ocorreu entre os dias\u00a0<strong>23 a 27 de julho\u00a0de 2026<\/strong>, conforme previsto no edital. Os pedidos puderam ser realizados apenas pelos candidatos que se enquadrassem em um dos seguintes crit\u00e9rios:<\/p>\n\n\n\n<ul class=\"wp-block-list\">\n<li>Doadores de sangue;<\/li>\n\n\n\n<li>Doadores de medula \u00f3ssea;<\/li>\n\n\n\n<li>Doadoras de leite materno;<\/li>\n\n\n\n<li>Mulheres v\u00edtimas de viol\u00eancia dom\u00e9stica e familiar;<\/li>\n\n\n\n<li>Eleitores convocados e nomeados pela Justi\u00e7a Eleitoral do Estado de Roraima;<\/li>\n\n\n\n<li>Pessoas com defici\u00eancia (PcD);<\/li>\n\n\n\n<li>Candidatos hipossuficientes inscritos no Cadastro \u00danico (Cad\u00danico).<\/li>\n<\/ul>\n\n\n\n<h2 class=\"wp-block-heading\">Concurso CAER RR: Cargos e vagas<\/h2>\n\n\n\n<p class=\"wp-block-paragraph\">O&nbsp;concurso&nbsp;CAER RR oferta&nbsp;<strong>105 vagas <\/strong>imediatas, al\u00e9m de <strong>105 <\/strong>para cadastro de reserva, destinadas a candidatos de&nbsp;<strong>n<\/strong>\u00edveis m\u00e9dio, t\u00e9cnico&nbsp;e&nbsp;superior.<\/p>\n\n\n\n<p class=\"wp-block-paragraph\"><strong><em>N\u00edvel superior<\/em><\/strong><\/p>\n\n\n\n<ul class=\"wp-block-list\">\n<li><strong>Analista Jur\u00eddico \u2013 ANJ<\/strong>\n<ul class=\"wp-block-list\">\n<li>Advogado: 1 vaga<\/li>\n<\/ul>\n<\/li>\n\n\n\n<li><strong>Analista Administrativo \u2013 ANA<\/strong>\n<ul class=\"wp-block-list\">\n<li>Administrador: 2 vagas<\/li>\n\n\n\n<li>Secretariado Executivo: 1 vaga<\/li>\n\n\n\n<li>Contador: 2 vagas<\/li>\n\n\n\n<li>Economista: 1 vaga<\/li>\n\n\n\n<li>Psic\u00f3logo: 1 vaga<\/li>\n\n\n\n<li>Assistente Social: 1 vaga<\/li>\n\n\n\n<li>Jornalista: 1 vaga<\/li>\n\n\n\n<li>Analista de Sistemas: 1 vaga<\/li>\n\n\n\n<li>Analista de Bancos de Dados: 1 vaga<\/li>\n<\/ul>\n<\/li>\n\n\n\n<li><strong>Analista de Saneamento \u2013 ANS (Engenheiros e Ge\u00f3logo)<\/strong>\n<ul class=\"wp-block-list\">\n<li>Engenheiro de Seguran\u00e7a do Trabalho: 1 vaga<\/li>\n\n\n\n<li>Engenheiro Civil: 1 vaga<\/li>\n\n\n\n<li>Engenheiro Sanitarista: 1 vaga<\/li>\n\n\n\n<li>Engenheiro Ambiental: 1 vaga<\/li>\n\n\n\n<li>Engenheiro Qu\u00edmico: 1 vaga<\/li>\n\n\n\n<li>Engenheiro Eletricista: 1 vaga<\/li>\n\n\n\n<li>Engenheiro Eletr\u00f4nico: 1 vaga<\/li>\n\n\n\n<li>Ge\u00f3logo: 1 vaga<\/li>\n<\/ul>\n<\/li>\n\n\n\n<li><strong>Analista de Saneamento \u2013 ANS<\/strong>\n<ul class=\"wp-block-list\">\n<li>Bi\u00f3logo: 1 vaga<\/li>\n\n\n\n<li>Qu\u00edmico: 1 vaga<\/li>\n<\/ul>\n<\/li>\n<\/ul>\n\n\n\n<p class=\"wp-block-paragraph\"><strong><em>N\u00edvel m\u00e9dio<\/em><\/strong><\/p>\n\n\n\n<ul class=\"wp-block-list\">\n<li><strong>T\u00e9cnico Administrativo \u2013 TEA<\/strong>\n<ul class=\"wp-block-list\">\n<li>Assistente Administrativo: 10 vagas<\/li>\n\n\n\n<li>Armazenista: 2 vagas<\/li>\n\n\n\n<li>Almoxarife: 2 vagas<\/li>\n\n\n\n<li>Atendente Comercial: 10 vagas<\/li>\n<\/ul>\n<\/li>\n\n\n\n<li><strong>T\u00e9cnico de Saneamento \u2013 TES<\/strong>\n<ul class=\"wp-block-list\">\n<li>T\u00e9cnico de Contabilidade: 2 vagas<\/li>\n\n\n\n<li>T\u00e9cnico em Seguran\u00e7a do Trabalho: 2 vagas<\/li>\n\n\n\n<li>Auxiliar de Enfermagem do Trabalho: 1 vaga<\/li>\n\n\n\n<li>T\u00e9cnico de Edifica\u00e7\u00f5es: 1 vaga<\/li>\n\n\n\n<li>T\u00e9cnico de Saneamento: 3 vagas<\/li>\n\n\n\n<li>T\u00e9cnico Eletricista: 3 vagas<\/li>\n\n\n\n<li>T\u00e9cnico Eletr\u00f4nico: 3 vagas<\/li>\n\n\n\n<li>T\u00e9cnico Mec\u00e2nico: 3 vagas<\/li>\n\n\n\n<li>T\u00e9cnico Qu\u00edmico: 3 vagas<\/li>\n\n\n\n<li>T\u00e9cnico de Telecomunica\u00e7\u00f5es: 1 vaga<\/li>\n\n\n\n<li>Auxiliar de Laborat\u00f3rio: 4 vagas<\/li>\n\n\n\n<li>Auxiliar de Top\u00f3grafo: 1 vaga<\/li>\n\n\n\n<li>Eletricista de Instala\u00e7\u00f5es: 4 vagas<\/li>\n\n\n\n<li>Eletricista de Manuten\u00e7\u00e3o Industrial: 4 vagas<\/li>\n\n\n\n<li>Bombeiro Hidr\u00e1ulico: 10 vagas<\/li>\n\n\n\n<li>Mec\u00e2nico: 2 vagas<\/li>\n\n\n\n<li>Trabalhador da Manuten\u00e7\u00e3o de Edifica\u00e7\u00f5es: 2 vagas<\/li>\n\n\n\n<li>Operador de Esta\u00e7\u00e3o de Tratamento: 10 vagas<\/li>\n<\/ul>\n<\/li>\n<\/ul>\n\n\n\n<p class=\"wp-block-paragraph\"><strong>Para quem vai iniciar a prepara\u00e7\u00e3o, a&nbsp;<a href=\"https:\/\/www.apostilasopcao.com.br\/concurso\/caer\" target=\"_blank\" rel=\"noreferrer noopener\">apostila CAER RR<\/a>&nbsp;j\u00e1 est\u00e1 dispon\u00edvel com conte\u00fado completo e atualizado conforme o \u00faltimo edital.<\/strong><\/p>\n\n\n\n<h3 class=\"wp-block-heading\">Sal\u00e1rios<\/h3>\n\n\n\n<p class=\"wp-block-paragraph\">As remunera\u00e7\u00f5es iniciais do concurso CAER RR s\u00e3o:<\/p>\n\n\n\n<ul class=\"wp-block-list\">\n<li><strong>Analista Jur\u00eddico \u2013 ANJ:<\/strong> R$ 9.726,00 + benef\u00edcios;<\/li>\n\n\n\n<li><strong>Analista Administrativo \u2013 ANA:<\/strong> R$ 6.072,00 + benef\u00edcios;<\/li>\n\n\n\n<li><strong>Analista de Saneamento \u2013 ANS (Engenheiros e Ge\u00f3logo):<\/strong> R$ 9.726,00 + benef\u00edcios;<\/li>\n\n\n\n<li><strong>Analista de Saneamento \u2013 ANS (Bi\u00f3logo e Qu\u00edmico):<\/strong> R$ 6.072,00 + benef\u00edcios;<\/li>\n\n\n\n<li><strong>T\u00e9cnico Administrativo \u2013 TEA:<\/strong> R$ 3.036,00 + benef\u00edcios;<\/li>\n\n\n\n<li><strong>T\u00e9cnico de Saneamento \u2013 TES:<\/strong> R$ 3.036,00 + benef\u00edcios.<\/li>\n<\/ul>\n\n\n\n<p class=\"wp-block-paragraph\">Os benef\u00edcios s\u00e3o aqueles previstos no <strong>Acordo Coletivo de Trabalho vigente<\/strong> e poder\u00e3o ser alterados, suprimidos ou ampliados em decorr\u00eancia de futuras negocia\u00e7\u00f5es coletivas, observada a legisla\u00e7\u00e3o aplic\u00e1vel.<\/p>\n\n\n\n<h2 class=\"wp-block-heading\">Concurso CAER RR: Requisitos<\/h2>\n\n\n\n<p class=\"wp-block-paragraph\">Para participar do concurso CAER RR, os candidatos devem atender aos seguintes requisitos: <\/p>\n\n\n\n<ul class=\"wp-block-list\">\n<li>Ser brasileiro nato, naturalizado ou portugu\u00eas amparado pelo Estatuto da Igualdade entre Brasileiros e Portugueses;<\/li>\n\n\n\n<li>Ter, no m\u00ednimo, 18 anos completos na data da posse;<\/li>\n\n\n\n<li>Estar em pleno gozo dos direitos pol\u00edticos;<\/li>\n\n\n\n<li>Estar em dia com as obriga\u00e7\u00f5es eleitorais;<\/li>\n\n\n\n<li>Estar quite com as obriga\u00e7\u00f5es militares, quando do sexo masculino;<\/li>\n\n\n\n<li>Possuir a escolaridade e os demais requisitos exigidos para o cargo pretendido;<\/li>\n\n\n\n<li>Comprovar registro no respectivo conselho profissional, quando exigido para o exerc\u00edcio da fun\u00e7\u00e3o;<\/li>\n\n\n\n<li>Ter aptid\u00e3o f\u00edsica e mental para o desempenho das atribui\u00e7\u00f5es do cargo, comprovada por inspe\u00e7\u00e3o m\u00e9dica oficial;<\/li>\n\n\n\n<li>N\u00e3o acumular cargos, empregos ou fun\u00e7\u00f5es p\u00fablicas, salvo nos casos permitidos pela Constitui\u00e7\u00e3o Federal;<\/li>\n\n\n\n<li>N\u00e3o ter sofrido penalidade incompat\u00edvel com o exerc\u00edcio de cargo p\u00fablico;<\/li>\n\n\n\n<li>Apresentar toda a documenta\u00e7\u00e3o exigida para a investidura no cargo, dentro do prazo estabelecido no edital.<\/li>\n<\/ul>\n\n\n\n<h2 class=\"wp-block-heading\">Etapas de sele\u00e7\u00e3o<\/h2>\n\n\n\n<p class=\"wp-block-paragraph\">Os inscritos no concurso CAER RR ser\u00e3o avaliados&nbsp;por meio das seguintes etapas:<\/p>\n\n\n\n<ul class=\"wp-block-list\">\n<li><strong>Prova objetiva<\/strong>, de car\u00e1ter eliminat\u00f3rio e classificat\u00f3rio, para todos os cargos;<\/li>\n\n\n\n<li><strong>Prova discursiva<\/strong>, de car\u00e1ter eliminat\u00f3rio e classificat\u00f3rio, para Analista Administrativo e Analista de Saneamento;<\/li>\n\n\n\n<li><strong>Prova pr\u00e1tica<\/strong> (pe\u00e7a jur\u00eddica), de car\u00e1ter classificat\u00f3rio, para Advogado;<\/li>\n\n\n\n<li><strong>Avalia\u00e7\u00e3o de t\u00edtulos<\/strong>, de car\u00e1ter classificat\u00f3rio, para Advogado.<\/li>\n<\/ul>\n\n\n\n<h3 class=\"wp-block-heading\">Prova objetiva<\/h3>\n\n\n\n<p class=\"wp-block-paragraph\">O concurso CAER RR contar\u00e1 com prova objetiva, de car\u00e1ter eliminat\u00f3rio e classificat\u00f3rio, prevista para o dia <strong>22 de novembro de 2026<\/strong>, nas cidades de <strong>Boa Vista e Rorain\u00f3polis<\/strong>, com dura\u00e7\u00e3o de <strong>4 horas<\/strong>.<\/p>\n\n\n\n<p class=\"wp-block-paragraph\">Para os cargos de Analista Administrativo, Analista de Saneamento, T\u00e9cnico Administrativo e T\u00e9cnico de Saneamento, a prova ser\u00e1 composta por <strong>60 quest\u00f5es<\/strong>, sendo:<\/p>\n\n\n\n<ul class=\"wp-block-list\">\n<li>Conhecimentos Gerais: 30 quest\u00f5es\n<ul class=\"wp-block-list\">\n<li>L\u00edngua Portuguesa: 10<\/li>\n\n\n\n<li>Matem\u00e1tica e Racioc\u00ednio L\u00f3gico: 5<\/li>\n\n\n\n<li>Inform\u00e1tica: 5<\/li>\n\n\n\n<li>Legisla\u00e7\u00e3o: 5<\/li>\n\n\n\n<li>Hist\u00f3ria e Geografia de Roraima: 5<\/li>\n<\/ul>\n<\/li>\n\n\n\n<li>Conhecimentos Espec\u00edficos: 30 quest\u00f5es<\/li>\n<\/ul>\n\n\n\n<p class=\"wp-block-paragraph\">As quest\u00f5es de Conhecimentos Gerais valer\u00e3o <strong>1 ponto<\/strong> cada, enquanto as de Conhecimentos Espec\u00edficos ter\u00e3o <strong>peso 2<\/strong>, totalizando <strong>90 pontos<\/strong>.<\/p>\n\n\n\n<p class=\"wp-block-paragraph\">Para o cargo de Analista Jur\u00eddico (Advogado), a prova ser\u00e1 composta por <strong>60 quest\u00f5es<\/strong> de Conhecimentos Espec\u00edficos, todas com <strong>peso 2<\/strong>, totalizando <strong>120 pontos<\/strong>.<\/p>\n\n\n\n<p class=\"wp-block-paragraph\"><em>Ser\u00e1 eliminado o candidato que obtiver nota zero em qualquer disciplina de Conhecimentos Gerais ou na prova de Conhecimentos Espec\u00edficos, bem como aquele que n\u00e3o se classificar dentro do limite de at\u00e9 10 vezes o n\u00famero de vagas imediatas do cargo, respeitados os empates.<\/em><\/p>\n\n\n\n<h3 class=\"wp-block-heading\">Somos a melhor Op\u00e7\u00e3o<\/h3>\n\n\n\n<p class=\"wp-block-paragraph\">Voc\u00ea ir\u00e1 participar do concurso CAER RR? Somos a melhor Op\u00e7\u00e3o! N\u00f3s contamos com diversos materiais preparat\u00f3rios alinhados e elaborados conforme o edital. Com mais de tr\u00eas d\u00e9cadas de candidatos aprovados, ajudaremos voc\u00ea tamb\u00e9m nesta longa jornada. N\u00e3o perca mais tempo e comece a estudar ainda hoje para o cargo que ir\u00e1 mudar a sua vida!<\/p>\n\n\n\n<ul class=\"wp-block-list\">\n<li><strong>Confira:&nbsp;<strong><a href=\"https:\/\/www.apostilasopcao.com.br\/concurso\/caer\" target=\"_blank\" rel=\"noreferrer noopener\">Apostila CAER RR!<\/a><\/strong><\/strong><\/li>\n<\/ul>\n\n\n\n<h3 class=\"wp-block-heading\">Prova discursiva<\/h3>\n\n\n\n<p class=\"wp-block-paragraph\">A prova discursiva do concurso CAER RR ser\u00e1 <strong>aplicada no mesmo dia da prova objetiva<\/strong>, exclusivamente para os cargos de <strong>Analista Administrativo e Analista de Saneamento<\/strong>, com car\u00e1ter eliminat\u00f3rio e classificat\u00f3rio.<\/p>\n\n\n\n<p class=\"wp-block-paragraph\">A avalia\u00e7\u00e3o consistir\u00e1 na elabora\u00e7\u00e3o de um texto dissertativo-argumentativo, com <strong>m\u00ednimo de 20 e m\u00e1ximo de 30 linhas<\/strong>, valendo <strong>10 pontos<\/strong>.<\/p>\n\n\n\n<p class=\"wp-block-paragraph\">Ser\u00e3o avaliados os seguintes crit\u00e9rios:<\/p>\n\n\n\n<ul class=\"wp-block-list\">\n<li>Adequa\u00e7\u00e3o ao tema;<\/li>\n\n\n\n<li>Argumenta\u00e7\u00e3o, organiza\u00e7\u00e3o l\u00f3gica e coer\u00eancia;<\/li>\n\n\n\n<li>Coes\u00e3o textual;<\/li>\n\n\n\n<li>Clareza e desenvolvimento das ideias;<\/li>\n\n\n\n<li>Dom\u00ednio da norma-padr\u00e3o da L\u00edngua Portuguesa.<\/li>\n<\/ul>\n\n\n\n<p class=\"wp-block-paragraph\">Receber\u00e1 nota zero a reda\u00e7\u00e3o que fugir ao tema proposto, apresentar identifica\u00e7\u00e3o do candidato, texto ileg\u00edvel, rasuras que comprometam a leitura, linguagem incompat\u00edvel ou qualquer elemento que permita identificar o autor.<\/p>\n\n\n\n<h3 class=\"wp-block-heading\">Prova pr\u00e1tica<\/h3>\n\n\n\n<p class=\"wp-block-paragraph\">A prova pr\u00e1tica ser\u00e1 aplicada exclusivamente para o cargo de <strong>Analista Jur\u00eddico \u2013 Advogado<\/strong>, no mesmo dia da prova objetiva, com car\u00e1ter eliminat\u00f3rio e classificat\u00f3rio.<\/p>\n\n\n\n<p class=\"wp-block-paragraph\">A etapa consistir\u00e1 na elabora\u00e7\u00e3o de uma pe\u00e7a jur\u00eddica relacionada \u00e0s atribui\u00e7\u00f5es do cargo, podendo envolver pe\u00e7as judiciais, extrajudiciais, administrativas ou consultivas, conforme a situa\u00e7\u00e3o-problema proposta pela banca.<\/p>\n\n\n\n<p class=\"wp-block-paragraph\">A avalia\u00e7\u00e3o valer\u00e1 <strong>10 pontos <\/strong>e observar\u00e1 os seguintes crit\u00e9rios:<\/p>\n\n\n<div class=\"wp-block-image\">\n<figure class=\"aligncenter size-full\"><img loading=\"lazy\" decoding=\"async\" width=\"244\" height=\"134\" src=\"https:\/\/www.apostilasopcao.com.br\/blog\/wp-content\/uploads\/2026\/07\/Captura-de-tela-2026-07-17-095134-convertido-de-png.webp\" alt=\"Prova pr\u00e1tica - Concurso CAER RR\" class=\"wp-image-14484\"\/><figcaption class=\"wp-element-caption\"><em>Prova pr\u00e1tica &#8211; Concurso CAER RR<\/em><\/figcaption><\/figure>\n<\/div>\n\n\n<p class=\"wp-block-paragraph\">Somente ter\u00e3o a prova pr\u00e1tica corrigida os candidatos classificados na prova objetiva dentro do limite de at\u00e9 10 vezes o n\u00famero de vagas imediatas do cargo, respeitados os empates.<\/p>\n\n\n\n<h3 class=\"wp-block-heading\">Avalia\u00e7\u00e3o de t\u00edtulos<\/h3>\n\n\n\n<p class=\"wp-block-paragraph\">A avalia\u00e7\u00e3o de t\u00edtulos ser\u00e1 aplicada exclusivamente para o cargo de <strong>Analista Jur\u00eddico \u2013 Advogado<\/strong>, com car\u00e1ter apenas classificat\u00f3rio.<\/p>\n\n\n\n<p class=\"wp-block-paragraph\">A pontua\u00e7\u00e3o m\u00e1xima ser\u00e1 de <strong>6 pontos<\/strong>, conforme os crit\u00e9rios de titula\u00e7\u00e3o que ser\u00e3o estabelecidos no edital. <\/p>\n\n\n<div class=\"wp-block-image\">\n<figure class=\"aligncenter size-full\"><img loading=\"lazy\" decoding=\"async\" width=\"658\" height=\"284\" src=\"https:\/\/www.apostilasopcao.com.br\/blog\/wp-content\/uploads\/2026\/07\/Captura-de-tela-2026-07-17-094311-convertido-de-png.webp\" alt=\"Avalia\u00e7\u00e3o de t\u00edtulos - Concurso CAER RR\" class=\"wp-image-14482\" srcset=\"https:\/\/www.apostilasopcao.com.br\/blog\/wp-content\/uploads\/2026\/07\/Captura-de-tela-2026-07-17-094311-convertido-de-png.webp 658w, https:\/\/www.apostilasopcao.com.br\/blog\/wp-content\/uploads\/2026\/07\/Captura-de-tela-2026-07-17-094311-convertido-de-png-300x129.webp 300w\" sizes=\"auto, (max-width: 658px) 100vw, 658px\" \/><figcaption class=\"wp-element-caption\"><em>Avalia\u00e7\u00e3o de t\u00edtulos &#8211; Concurso CAER RR<\/em><\/figcaption><\/figure>\n<\/div>\n\n\n<p class=\"wp-block-paragraph\"><strong>Quer ficar por dentro de tudo sobre o universo de concursos?&nbsp;<a href=\"https:\/\/www.apostilasopcao.com.br\/blog\/noticias\/\" target=\"_blank\" rel=\"noreferrer noopener\">Confira as nossas not\u00edcias!<\/a><\/strong><\/p>\n\n\n\n<p class=\"wp-block-paragraph\"><\/p>\n","protected":false},"excerpt":{"rendered":"<p>O concurso CAER RR teve inscri\u00e7\u00f5es prorrogadas at\u00e9 o dia 10 de setembro de 2026! Oferta\u00a0105 vagas imediatas, al\u00e9m de 105 para cadastro de reserva, destinadas a candidatos de\u00a0n\u00edveis m\u00e9dio, t\u00e9cnico\u00a0e\u00a0superior. Saiba mais!<\/p>\n","protected":false},"author":13,"featured_media":14483,"comment_status":"closed","ping_status":"closed","sticky":false,"template":"","format":"standard","meta":{"_acf_changed":false,"breadcrumbs_single_post":"","page_title_panel":"","breadcrumbs_single_page":"","single_page_alignment":"","single_page_margin":"","page_structure_type":"","content_style_source":"","content_style":"","blog_post_streched_ed":"","blog_page_streched_ed":"","has_transparent_header":"","disable_transparent_header":"","vertical_spacing_source":"","content_area_spacing":"","single_post_content_background":"","single_page_content_background":"","single_post_boxed_content_spacing":"","single_page_boxed_content_spacing":"","single_post_content_boxed_radius":"","single_page_content_boxed_radius":"","disable_featured_image":"","disable_post_tags":"","disable_author_box":"","disable_posts_navigation":"","disable_comments":"","disable_related_posts":"","disable_header":"","disable_footer":"","footnotes":""},"categories":[4,27],"tags":[1063],"class_list":["post-14480","post","type-post","status-publish","format-standard","has-post-thumbnail","hentry","category-noticias","category-rr","tag-concurso-caer-rr","rishi-post"],"acf":{"data_prova":"20261122","status":"aberto"},"_links":{"self":[{"href":"https:\/\/www.apostilasopcao.com.br\/blog\/wp-json\/wp\/v2\/posts\/14480","targetHints":{"allow":["GET"]}}],"collection":[{"href":"https:\/\/www.apostilasopcao.com.br\/blog\/wp-json\/wp\/v2\/posts"}],"about":[{"href":"https:\/\/www.apostilasopcao.com.br\/blog\/wp-json\/wp\/v2\/types\/post"}],"author":[{"embeddable":true,"href":"https:\/\/www.apostilasopcao.com.br\/blog\/wp-json\/wp\/v2\/users\/13"}],"replies":[{"embeddable":true,"href":"https:\/\/www.apostilasopcao.com.br\/blog\/wp-json\/wp\/v2\/comments?post=14480"}],"version-history":[{"count":3,"href":"https:\/\/www.apostilasopcao.com.br\/blog\/wp-json\/wp\/v2\/posts\/14480\/revisions"}],"predecessor-version":[{"id":15759,"href":"https:\/\/www.apostilasopcao.com.br\/blog\/wp-json\/wp\/v2\/posts\/14480\/revisions\/15759"}],"wp:featuredmedia":[{"embeddable":true,"href":"https:\/\/www.apostilasopcao.com.br\/blog\/wp-json\/wp\/v2\/media\/14483"}],"wp:attachment":[{"href":"https:\/\/www.apostilasopcao.com.br\/blog\/wp-json\/wp\/v2\/media?parent=14480"}],"wp:term":[{"taxonomy":"category","embeddable":true,"href":"https:\/\/www.apostilasopcao.com.br\/blog\/wp-json\/wp\/v2\/categories?post=14480"},{"taxonomy":"post_tag","embeddable":true,"href":"https:\/\/www.apostilasopcao.com.br\/blog\/wp-json\/wp\/v2\/tags?post=14480"}],"curies":[{"name":"wp","href":"https:\/\/api.w.org\/{rel}","templated":true}]}}