{"id":15679,"date":"2026-08-31T11:24:02","date_gmt":"2026-08-31T14:24:02","guid":{"rendered":"https:\/\/www.apostilasopcao.com.br\/blog\/?p=15679"},"modified":"2026-08-31T11:24:06","modified_gmt":"2026-08-31T14:24:06","slug":"enac","status":"publish","type":"post","link":"https:\/\/www.apostilasopcao.com.br\/blog\/enac\/","title":{"rendered":"Edital Enac 4\u00aa edi\u00e7\u00e3o foi publicado! Inscri\u00e7\u00f5es abertas!"},"content":{"rendered":"\n<p class=\"wp-block-paragraph\">Ol\u00e1, concurseiros! Foi anunciado o\u00a0<strong>Edital Enac 4\u00aa edi\u00e7\u00e3o<\/strong>! O exame \u00e9 destinado a <strong>bachar\u00e9is em Direito<\/strong> e a candidatos que comprovem 10 anos de exerc\u00edcio em servi\u00e7os notariais ou de registro. As inscri\u00e7\u00f5es estar\u00e3o abertas a partir de\u00a0<strong><strong><strong>31 de agosto<\/strong><\/strong><\/strong>\u00a0e se estendem at\u00e9\u00a0<strong><strong><strong>29 de setembro<\/strong><\/strong>\u00a0de 2026<\/strong>. J\u00e1 a prova objetiva est\u00e1 prevista para o dia\u00a0<strong><strong><strong>22 de novembro<\/strong><\/strong><\/strong>\u00a0<strong>de 2026<\/strong>. O valor da taxa de inscri\u00e7\u00e3o \u00e9 de\u00a0<strong><strong>R$ 150,00<\/strong><\/strong>. Para se preparar, confira a\u00a0apostila Edital Enac 4\u00aa edi\u00e7\u00e3o\u00a0com conte\u00fado completo e atualizado conforme o \u00faltimo edital.<\/p>\n\n\n\n<h2 class=\"wp-block-heading\">Resumo do edital<\/h2>\n\n\n\n<ul class=\"wp-block-list\">\n<li><strong>Vagas:<\/strong> n\u00e3o h\u00e1 a implica\u00e7\u00e3o de preenchimento de vagas<\/li>\n\n\n\n<li><strong>Inscri\u00e7\u00f5es:\u00a0<\/strong>31\/08\/2026 a 29\/09\/2026<\/li>\n\n\n\n<li><strong>Taxa de inscri\u00e7\u00e3o:<\/strong> R$ 150,00<\/li>\n\n\n\n<li><strong>Provas:\u00a0<\/strong>22\/11\/2026<\/li>\n\n\n\n<li><strong>Banca:<\/strong> Funda\u00e7\u00e3o Getulio Vargas (FGV)<\/li>\n\n\n\n<li><a href=\"https:\/\/www.apostilasopcao.com.br\/blog\/wp-content\/uploads\/2026\/08\/EDITAL-DE-ABERTURA-No-2-de-27-de-agosto-de-2026-EDITAL-DE-ABERTURA-No-2-de-27-de-agosto-de-2026-DOU-Imprensa-Nacional.pdf\" target=\"_blank\" rel=\"noreferrer noopener\">Baixe o\u00a0edital<\/a><\/li>\n<\/ul>\n\n\n\n<h2 class=\"wp-block-heading\">Edital Enac 4\u00aa edi\u00e7\u00e3o: Inscri\u00e7\u00f5es<\/h2>\n\n\n\n<p class=\"wp-block-paragraph\">As inscri\u00e7\u00f5es do\u00a0<a href=\"https:\/\/www.apostilasopcao.com.br\/concurso\/exame-nacional-dos-cartorios\">Edital Enac 4\u00aa edi\u00e7\u00e3o<\/a>\u00a0ser\u00e3o realizadas exclusivamente pela internet no site\u00a0<a href=\"https:\/\/portal.fgv.br\/\" target=\"_blank\" rel=\"noreferrer noopener\">FGV<\/a>,\u00a0respons\u00e1vel pela organiza\u00e7\u00e3o do certame. Inscri\u00e7\u00f5es estar\u00e3o dispon\u00edveis de\u00a0<strong><strong>31 de agosto\u00a0<\/strong>a<strong>\u00a029 de setembro<\/strong>\u00a0de 2026<\/strong>. O valor da taxa de inscri\u00e7\u00e3o \u00e9 de <strong><strong>R$ 150,00<\/strong><\/strong>.<\/p>\n\n\n\n<p class=\"wp-block-paragraph\"><strong><em><strong><em>A data limite para pagamento da taxa de inscri\u00e7\u00e3o \u00e9 dia\u00a0<strong><strong>30 de setembro<\/strong><\/strong><\/em><\/strong>\u00a0de 2026.<\/em><\/strong><\/p>\n\n\n\n<h3 class=\"wp-block-heading\">Isen\u00e7\u00e3o da taxa<\/h3>\n\n\n\n<p class=\"wp-block-paragraph\">O per\u00edodo para solicita\u00e7\u00e3o de isen\u00e7\u00e3o da taxa de inscri\u00e7\u00e3o do <strong>Edital Enac 4\u00aa edi\u00e7\u00e3o<\/strong> ser\u00e1 entre os dias\u00a0<strong><strong>31 de agosto<\/strong><\/strong> <strong>a\u00a0<strong>2 de setembro<\/strong>\u00a0de 2026<\/strong>, conforme previsto no edital. Os pedidos podem ser realizados apenas pelos candidatos que se enquadrem em um dos seguintes crit\u00e9rios:<\/p>\n\n\n\n<ul class=\"wp-block-list\">\n<li>inscritos no Cad\u00danico, com renda familiar mensal por pessoa igual ou inferior a meio sal\u00e1rio m\u00ednimo nacional;<\/li>\n\n\n\n<li>doadores de medula \u00f3ssea em entidades reconhecidas pelo Minist\u00e9rio da Sa\u00fade;<\/li>\n\n\n\n<li>pessoas com renda igual ou inferior ao limite de isen\u00e7\u00e3o do Imposto de Renda da Pessoa F\u00edsica, mediante comprova\u00e7\u00e3o.<\/li>\n<\/ul>\n\n\n\n<h2 class=\"wp-block-heading\">O que \u00e9 o Enac?<\/h2>\n\n\n\n<p class=\"wp-block-paragraph\">O ENAC (Exame Nacional dos Cart\u00f3rios) \u00e9 um exame de habilita\u00e7\u00e3o promovido pelo <strong>Conselho Nacional de Justi\u00e7a (CNJ)<\/strong>, em conjunto com a <strong>FGV<\/strong>, destinado a avaliar os conhecimentos de candidatos interessados em ingressar na atividade notarial e registral.<\/p>\n\n\n\n<p class=\"wp-block-paragraph\">A aprova\u00e7\u00e3o no exame \u00e9 necess\u00e1ria para quem pretende participar de concursos p\u00fablicos destinados ao <strong>provimento ou \u00e0 remo\u00e7\u00e3o de servi\u00e7os notariais e de registro<\/strong> declarados vagos pelos Tribunais de Justi\u00e7a dos estados, do Distrito Federal e dos Territ\u00f3rios.<\/p>\n\n\n\n<p class=\"wp-block-paragraph\">Diferentemente de um concurso p\u00fablico tradicional, o ENAC <strong>n\u00e3o oferece vagas para preenchimento imediato nem estabelece classifica\u00e7\u00e3o entre os candidatos<\/strong>. Sua finalidade \u00e9 verificar se o participante possui os conhecimentos necess\u00e1rios para obter a habilita\u00e7\u00e3o e, posteriormente, concorrer aos concursos espec\u00edficos para cart\u00f3rios.<\/p>\n\n\n\n<p class=\"wp-block-paragraph\">Os candidatos aprovados na <strong>4\u00aa edi\u00e7\u00e3o do ENAC<\/strong> poder\u00e3o utilizar o certificado de habilita\u00e7\u00e3o pelo per\u00edodo de <strong>seis anos<\/strong> para se inscrever nos concursos de cart\u00f3rios realizados em todo o pa\u00eds, conforme as regras estabelecidas nos respectivos editais.<\/p>\n\n\n<div class=\"wp-block-image\">\n<figure class=\"aligncenter size-large is-resized\"><img loading=\"lazy\" decoding=\"async\" width=\"1024\" height=\"683\" src=\"https:\/\/www.apostilasopcao.com.br\/blog\/wp-content\/uploads\/2026\/08\/mao-segurando-um-lapis-fazendo-prova-1024x683.webp\" alt=\"M\u00e3o segurando um l\u00e1pis - fazendo prova\" class=\"wp-image-15681\" style=\"aspect-ratio:1.499292058179946;width:524px;height:auto\" srcset=\"https:\/\/www.apostilasopcao.com.br\/blog\/wp-content\/uploads\/2026\/08\/mao-segurando-um-lapis-fazendo-prova-1024x683.webp 1024w, https:\/\/www.apostilasopcao.com.br\/blog\/wp-content\/uploads\/2026\/08\/mao-segurando-um-lapis-fazendo-prova-300x200.webp 300w, https:\/\/www.apostilasopcao.com.br\/blog\/wp-content\/uploads\/2026\/08\/mao-segurando-um-lapis-fazendo-prova-768x512.webp 768w, https:\/\/www.apostilasopcao.com.br\/blog\/wp-content\/uploads\/2026\/08\/mao-segurando-um-lapis-fazendo-prova-1536x1024.webp 1536w, https:\/\/www.apostilasopcao.com.br\/blog\/wp-content\/uploads\/2026\/08\/mao-segurando-um-lapis-fazendo-prova-2048x1365.webp 2048w, https:\/\/www.apostilasopcao.com.br\/blog\/wp-content\/uploads\/2026\/08\/mao-segurando-um-lapis-fazendo-prova-360x240.webp 360w\" sizes=\"auto, (max-width: 1024px) 100vw, 1024px\" \/><figcaption class=\"wp-element-caption\"><em>Edital Enac 4\u00aa edi\u00e7\u00e3o foi publicado! Inscri\u00e7\u00f5es abertas!<\/em><\/figcaption><\/figure>\n<\/div>\n\n\n<p class=\"wp-block-paragraph\"><strong>Para quem vai iniciar a prepara\u00e7\u00e3o, a\u00a0<a href=\"https:\/\/www.apostilasopcao.com.br\/concurso\/exame-nacional-dos-cartorios\" target=\"_blank\" rel=\"noreferrer noopener\">apostila\u00a0Edital Enac 4\u00aa edi\u00e7\u00e3o<\/a>\u00a0j\u00e1 est\u00e1 dispon\u00edvel com conte\u00fado completo e atualizado conforme o \u00faltimo edital.<\/strong><\/p>\n\n\n\n<h2 class=\"wp-block-heading\">Edital Enac 4\u00aa edi\u00e7\u00e3o: Requisitos<\/h2>\n\n\n\n<p class=\"wp-block-paragraph\">Para participar do Edital Enac 4\u00aa edi\u00e7\u00e3o, os candidatos devem atender aos seguintes requisitos:<\/p>\n\n\n\n<ul class=\"wp-block-list\">\n<li>ter nacionalidade brasileira, nata ou naturalizada, ou nacionalidade portuguesa nas condi\u00e7\u00f5es previstas no edital;<\/li>\n\n\n\n<li>ter <strong>18 anos ou mais<\/strong>;<\/li>\n\n\n\n<li>possuir gradua\u00e7\u00e3o em <strong>Direito<\/strong>, conclu\u00edda em institui\u00e7\u00e3o reconhecida pelo Minist\u00e9rio da Educa\u00e7\u00e3o (MEC); <strong>ou<\/strong><\/li>\n\n\n\n<li>ter exercido, por <strong>10 anos<\/strong>, fun\u00e7\u00e3o em servi\u00e7os notariais ou de registro.<\/li>\n<\/ul>\n\n\n\n<p class=\"wp-block-paragraph\">A comprova\u00e7\u00e3o da gradua\u00e7\u00e3o em Direito ou dos <strong>10 anos de experi\u00eancia em servi\u00e7os notariais ou de registro<\/strong> poder\u00e1 ser apresentada at\u00e9 <strong>6 de novembro de 2026<\/strong>, para fins de emiss\u00e3o do certificado de habilita\u00e7\u00e3o.<\/p>\n\n\n\n<h2 class=\"wp-block-heading\">Etapas de sele\u00e7\u00e3o<\/h2>\n\n\n\n<p class=\"wp-block-paragraph\">Os inscritos no Edital Enac 4\u00aa edi\u00e7\u00e3o ser\u00e3o avaliados\u00a0por meio da seguinte etapa:<\/p>\n\n\n\n<ul class=\"wp-block-list\">\n<li><strong>Prova objetiva<\/strong>, de car\u00e1ter exclusivamente eliminat\u00f3rio e n\u00e3o classificat\u00f3rio.<\/li>\n<\/ul>\n\n\n\n<h3 class=\"wp-block-heading\">Prova objetiva<\/h3>\n\n\n\n<p class=\"wp-block-paragraph\">A prova objetiva do Edital Enac 4\u00aa edi\u00e7\u00e3o ser\u00e1 realizada em <strong>22 de novembro de 2026<\/strong>, das <strong>14h \u00e0s 19h<\/strong>, com dura\u00e7\u00e3o de <strong>5 horas<\/strong>.<\/p>\n\n\n\n<p class=\"wp-block-paragraph\">A avalia\u00e7\u00e3o ter\u00e1 <strong>100 quest\u00f5es de m\u00faltipla escolha<\/strong>, com cinco alternativas e apenas uma resposta correta, distribu\u00eddas da seguinte forma:<\/p>\n\n\n\n<ul class=\"wp-block-list\">\n<li><strong>Direito Notarial e Registral:<\/strong> 60 quest\u00f5es;<\/li>\n\n\n\n<li><strong>Direito Constitucional:<\/strong> 8 quest\u00f5es;<\/li>\n\n\n\n<li><strong>Direito Administrativo:<\/strong> 4 quest\u00f5es;<\/li>\n\n\n\n<li><strong>Direito Tribut\u00e1rio:<\/strong> 4 quest\u00f5es;<\/li>\n\n\n\n<li><strong>Direito Processual Civil:<\/strong> 2 quest\u00f5es;<\/li>\n\n\n\n<li><strong>Direito Civil:<\/strong> 14 quest\u00f5es;<\/li>\n\n\n\n<li><strong>Direito Empresarial:<\/strong> 4 quest\u00f5es;<\/li>\n\n\n\n<li><strong>Direito Penal:<\/strong> 1 quest\u00e3o;<\/li>\n\n\n\n<li><strong>Direito Processual Penal:<\/strong> 1 quest\u00e3o;<\/li>\n\n\n\n<li><strong>Direito do Trabalho:<\/strong> 1 quest\u00e3o;<\/li>\n\n\n\n<li><strong>Direito Processual do Trabalho:<\/strong> 1 quest\u00e3o.<\/li>\n<\/ul>\n\n\n\n<p class=\"wp-block-paragraph\"><em>Para obter a habilita\u00e7\u00e3o, ser\u00e1 necess\u00e1rio alcan\u00e7ar 60 acertos, correspondentes a 60% da prova. Para candidatos negros, ind\u00edgenas, quilombolas ou pessoas com defici\u00eancia, a nota m\u00ednima ser\u00e1 de 50 acertos (50%).<\/em><\/p>\n\n\n\n<h3 class=\"wp-block-heading\">Somos a melhor Op\u00e7\u00e3o<\/h3>\n\n\n\n<p class=\"wp-block-paragraph\">Voc\u00ea ir\u00e1 participar do Edital Enac 4\u00aa edi\u00e7\u00e3o? Somos a melhor Op\u00e7\u00e3o! N\u00f3s contamos com diversos materiais preparat\u00f3rios alinhados e elaborados conforme o edital. Com mais de tr\u00eas d\u00e9cadas de candidatos aprovados, ajudaremos voc\u00ea tamb\u00e9m nesta longa jornada. N\u00e3o perca mais tempo e comece a estudar ainda hoje para o cargo que ir\u00e1 mudar a sua vida!<\/p>\n\n\n\n<ul class=\"wp-block-list\">\n<li><strong>Confira:\u00a0<a href=\"https:\/\/www.apostilasopcao.com.br\/concurso\/exame-nacional-dos-cartorios\" target=\"_blank\" rel=\"noreferrer noopener\">Apostilas Enac 4\u00aa edi\u00e7\u00e3o!<\/a><\/strong><\/li>\n<\/ul>\n\n\n\n<h3 class=\"wp-block-heading\">Local de prova<\/h3>\n\n\n\n<p class=\"wp-block-paragraph\">A prova do <strong>ENAC<\/strong> ser\u00e1 aplicada em <strong>todas as capitais brasileiras<\/strong>, conforme a cidade escolhida pelo candidato no momento da inscri\u00e7\u00e3o.<\/p>\n\n\n\n<p class=\"wp-block-paragraph\">O local espec\u00edfico de aplica\u00e7\u00e3o ser\u00e1 informado posteriormente no <strong>Cart\u00e3o de Confirma\u00e7\u00e3o de Inscri\u00e7\u00e3o<\/strong>.<\/p>\n\n\n\n<p class=\"wp-block-paragraph\">No dia da prova, os port\u00f5es ser\u00e3o <strong>abertos \u00e0s 12h30 e fechados \u00e0s 13h30<\/strong>, de acordo com o <strong>hor\u00e1rio oficial de Bras\u00edlia<\/strong>.<\/p>\n\n\n\n<p class=\"wp-block-paragraph\">Confira os locais:<\/p>\n\n\n\n<ul class=\"wp-block-list\">\n<li><strong>Norte:<\/strong>\u00a0Bel\u00e9m\/PA, Boa Vista\/RR, Macap\u00e1\/AP, Manaus\/AM, Palmas\/TO, Porto Velho\/RO e Rio Branco\/AC;<\/li>\n\n\n\n<li><strong>Nordeste:<\/strong>\u00a0Aracaju\/SE, Fortaleza\/CE, Jo\u00e3o Pessoa\/PB, Macei\u00f3\/AL, Natal\/RN, Recife\/PE, Salvador\/BA, S\u00e3o Lu\u00eds\/MA e Teresina\/PI;<\/li>\n\n\n\n<li><strong>Centro-Oeste:<\/strong>\u00a0Bras\u00edlia\/DF, Campo Grande\/MS, Cuiab\u00e1\/MT e Goi\u00e2nia\/GO;<\/li>\n\n\n\n<li><strong>Sudeste:<\/strong>\u00a0Belo Horizonte\/MG, Rio de Janeiro\/RJ, S\u00e3o Paulo\/SP e Vit\u00f3ria\/ES;<\/li>\n\n\n\n<li><strong>Sul:<\/strong>\u00a0Curitiba\/PR, Florian\u00f3polis\/SC e Porto Alegre\/RS.<\/li>\n<\/ul>\n\n\n\n<p class=\"wp-block-paragraph\"><strong>Quer ficar por dentro de tudo sobre o universo de concursos?&nbsp;<a href=\"https:\/\/www.apostilasopcao.com.br\/blog\/noticias\/\" target=\"_blank\" rel=\"noopener\">Confira as nossas not\u00edcias!<\/a><\/strong><\/p>\n\n\n\n<p class=\"wp-block-paragraph\"><\/p>\n","protected":false},"excerpt":{"rendered":"<p>Foi anunciado o\u00a0Edital Enac 4\u00aa edi\u00e7\u00e3o! O exame \u00e9 destinado a bachar\u00e9is em Direito e a candidatos que comprovem 10 anos de exerc\u00edcio em servi\u00e7os notariais ou de registro. As inscri\u00e7\u00f5es estar\u00e3o abertas a partir de\u00a031 de agosto\u00a0e se estendem at\u00e9\u00a029 de setembro\u00a0de 2026. Confira!<\/p>\n","protected":false},"author":13,"featured_media":15682,"comment_status":"closed","ping_status":"closed","sticky":false,"template":"","format":"standard","meta":{"_acf_changed":false,"breadcrumbs_single_post":"","page_title_panel":"","breadcrumbs_single_page":"","single_page_alignment":"","single_page_margin":"","page_structure_type":"","content_style_source":"","content_style":"","blog_post_streched_ed":"","blog_page_streched_ed":"","has_transparent_header":"","disable_transparent_header":"","vertical_spacing_source":"","content_area_spacing":"","single_post_content_background":"","single_page_content_background":"","single_post_boxed_content_spacing":"","single_page_boxed_content_spacing":"","single_post_content_boxed_radius":"","single_page_content_boxed_radius":"","disable_featured_image":"","disable_post_tags":"","disable_author_box":"","disable_posts_navigation":"","disable_comments":"","disable_related_posts":"","disable_header":"","disable_footer":"","footnotes":""},"categories":[4,154],"tags":[1180],"class_list":["post-15679","post","type-post","status-publish","format-standard","has-post-thumbnail","hentry","category-noticias","category-nacional","tag-edital-enac-4a-edicao","rishi-post"],"acf":{"data_prova":"20261122","status":"aberto"},"_links":{"self":[{"href":"https:\/\/www.apostilasopcao.com.br\/blog\/wp-json\/wp\/v2\/posts\/15679","targetHints":{"allow":["GET"]}}],"collection":[{"href":"https:\/\/www.apostilasopcao.com.br\/blog\/wp-json\/wp\/v2\/posts"}],"about":[{"href":"https:\/\/www.apostilasopcao.com.br\/blog\/wp-json\/wp\/v2\/types\/post"}],"author":[{"embeddable":true,"href":"https:\/\/www.apostilasopcao.com.br\/blog\/wp-json\/wp\/v2\/users\/13"}],"replies":[{"embeddable":true,"href":"https:\/\/www.apostilasopcao.com.br\/blog\/wp-json\/wp\/v2\/comments?post=15679"}],"version-history":[{"count":1,"href":"https:\/\/www.apostilasopcao.com.br\/blog\/wp-json\/wp\/v2\/posts\/15679\/revisions"}],"predecessor-version":[{"id":15683,"href":"https:\/\/www.apostilasopcao.com.br\/blog\/wp-json\/wp\/v2\/posts\/15679\/revisions\/15683"}],"wp:featuredmedia":[{"embeddable":true,"href":"https:\/\/www.apostilasopcao.com.br\/blog\/wp-json\/wp\/v2\/media\/15682"}],"wp:attachment":[{"href":"https:\/\/www.apostilasopcao.com.br\/blog\/wp-json\/wp\/v2\/media?parent=15679"}],"wp:term":[{"taxonomy":"category","embeddable":true,"href":"https:\/\/www.apostilasopcao.com.br\/blog\/wp-json\/wp\/v2\/categories?post=15679"},{"taxonomy":"post_tag","embeddable":true,"href":"https:\/\/www.apostilasopcao.com.br\/blog\/wp-json\/wp\/v2\/tags?post=15679"}],"curies":[{"name":"wp","href":"https:\/\/api.w.org\/{rel}","templated":true}]}}