{"id":15691,"date":"2026-08-31T13:11:43","date_gmt":"2026-08-31T16:11:43","guid":{"rendered":"https:\/\/www.apostilasopcao.com.br\/blog\/?p=15691"},"modified":"2026-08-31T13:11:48","modified_gmt":"2026-08-31T16:11:48","slug":"prefeitura-de-mirador-pr","status":"publish","type":"post","link":"https:\/\/www.apostilasopcao.com.br\/blog\/prefeitura-de-mirador-pr\/","title":{"rendered":"Concurso Prefeitura de Mirador PR: Saiu o edital com iniciais de at\u00e9 R$ 15mil!"},"content":{"rendered":"\n<p class=\"wp-block-paragraph\">Ol\u00e1, concurseiros! Foi anunciado o novo concurso Prefeitura de Mirador PR! Oferta\u00a0<strong>27 vagas<\/strong>\u00a0para cargos de\u00a0n\u00edveis fundamental, m\u00e9dio\u00a0e\u00a0superior. Os sal\u00e1rios iniciais variam entre\u00a0<strong>R$ 1.636,20 a R$ 15.159,36.<\/strong> As inscri\u00e7\u00f5es estar\u00e3o abertas a partir de\u00a0<strong><strong>2 de setembro<\/strong><\/strong>\u00a0e se estendem at\u00e9\u00a0<strong><strong>7 de outubro<\/strong>\u00a0de 2026<\/strong>. J\u00e1 a prova objetiva est\u00e1 prevista para o dia\u00a0<strong><strong>1\u00ba de novembro<\/strong><\/strong>\u00a0<strong>de 2026<\/strong>. O valor da taxa de inscri\u00e7\u00e3o \u00e9 de\u00a0<strong><strong>R$ 100,00a R$ 130,00<\/strong><\/strong>. Se interessou? Continue lendo e saiba mais!<\/p>\n\n\n\n<h2 class=\"wp-block-heading\">Resumo do edital<\/h2>\n\n\n\n<ul class=\"wp-block-list\">\n<li><strong>Vagas:<\/strong>\u00a027 + CR<\/li>\n\n\n\n<li><strong>Inscri\u00e7\u00f5es:\u00a0<\/strong>02\/09\/2026 a 07\/10\/2026<\/li>\n\n\n\n<li><strong>Taxa de inscri\u00e7\u00e3o:<\/strong>\u00a0R$ 100,00 a R$ 130,00<\/li>\n\n\n\n<li><strong>Provas:\u00a0<\/strong>01\/11\/2026<\/li>\n\n\n\n<li><strong>Sal\u00e1rio inicial:<\/strong>\u00a0R$ 1.636,20 a R$ 15.159,36<\/li>\n\n\n\n<li><strong>Banca:<\/strong> Funda\u00e7\u00e3o FAFIPA<\/li>\n\n\n\n<li><a href=\"https:\/\/www.apostilasopcao.com.br\/blog\/wp-content\/uploads\/2026\/08\/7c626742-c657-4e0c-b36c-7d59336ee942.pdf\" target=\"_blank\" rel=\"noreferrer noopener\">Baixe o\u00a0edital<\/a><\/li>\n<\/ul>\n\n\n\n<h2 class=\"wp-block-heading\">Concurso Prefeitura de Mirador PR: Inscri\u00e7\u00f5es<\/h2>\n\n\n\n<p class=\"wp-block-paragraph\">As inscri\u00e7\u00f5es do\u00a0concurso Prefeitura de Mirador PR\u00a0ser\u00e3o realizadas exclusivamente pela internet no site\u00a0<a href=\"https:\/\/www.fundacaofafipa.org.br\/informacoes\/4208\/\" target=\"_blank\" rel=\"noreferrer noopener\">Funda\u00e7\u00e3o FAFIPA<\/a>,\u00a0respons\u00e1vel pela organiza\u00e7\u00e3o do certame. Inscri\u00e7\u00f5es estar\u00e3o dispon\u00edveis de\u00a0<strong><strong>2 de setembro<\/strong>\u00a0e\u00a0<strong>7 de outubro<\/strong>\u00a0de 2026<\/strong>. O valor da taxa de inscri\u00e7\u00e3o \u00e9 de:<\/p>\n\n\n\n<ul class=\"wp-block-list\">\n<li><strong>N\u00edvel fundamental:<\/strong>\u00a0R$ 100,00;<\/li>\n\n\n\n<li><strong>N\u00edvel m\u00e9dio:<\/strong>\u00a0R$ 100,00;<\/li>\n\n\n\n<li><strong>N\u00edvel superior:<\/strong>\u00a0R$ 130,00.<\/li>\n<\/ul>\n\n\n\n<p class=\"wp-block-paragraph\"><strong><em><strong><em>A data limite para pagamento da taxa de inscri\u00e7\u00e3o \u00e9 dia\u00a0<strong>8 de outubro<\/strong><\/em><\/strong>\u00a0de 2026.<\/em><\/strong><\/p>\n\n\n\n<h3 class=\"wp-block-heading\">Isen\u00e7\u00e3o da taxa<\/h3>\n\n\n\n<p class=\"wp-block-paragraph\">O per\u00edodo para solicita\u00e7\u00e3o de isen\u00e7\u00e3o da taxa de inscri\u00e7\u00e3o do concurso Prefeitura de Mirador PR ser\u00e1 entre os dias\u00a0<strong><strong>2\u00a0<\/strong>e<strong>\u00a06 de setembro<\/strong>\u00a0de 2026<\/strong>, conforme previsto no edital. Os pedidos podem ser realizados apenas pelos candidatos que se enquadrem em um dos seguintes crit\u00e9rios:<\/p>\n\n\n\n<ul class=\"wp-block-list\">\n<li>inscritos no Cad\u00danico, com renda familiar per capita de at\u00e9 meio sal\u00e1rio m\u00ednimo e cadastro atualizado;<\/li>\n\n\n\n<li>doadores de medula \u00f3ssea cadastrados no Registro Nacional de Doadores de Medula \u00d3ssea (REDOME).<\/li>\n<\/ul>\n\n\n\n<h2 class=\"wp-block-heading\">Concurso Prefeitura de Mirador PR: Cargos e vagas<\/h2>\n\n\n\n<p class=\"wp-block-paragraph\">O\u00a0concurso\u00a0Prefeitura de Mirador PR oferta\u00a0<strong>27 vagas<\/strong>\u00a0para cargos de\u00a0n\u00edveis fundamental, m\u00e9dio\u00a0e\u00a0superior.<\/p>\n\n\n\n<p class=\"wp-block-paragraph\"><strong>N\u00edvel fundamental<\/strong><\/p>\n\n\n\n<ul class=\"wp-block-list\">\n<li>Motorista: 7 vagas<\/li>\n\n\n\n<li>Operador de M\u00e1quinas Rodovi\u00e1rias: 1 vaga<\/li>\n\n\n\n<li>Vigia: CR<\/li>\n<\/ul>\n\n\n\n<p class=\"wp-block-paragraph\"><strong>N\u00edvel m\u00e9dio<\/strong><\/p>\n\n\n\n<ul class=\"wp-block-list\">\n<li>Auxiliar Administrativo: 4 vagas<\/li>\n\n\n\n<li>Auxiliar de Cl\u00ednica Dent\u00e1ria: CR<\/li>\n\n\n\n<li>T\u00e9cnico em Higiene Dental: CR<\/li>\n\n\n\n<li>T\u00e9cnico em Eletrot\u00e9cnica: 1 vaga<\/li>\n\n\n\n<li>T\u00e9cnico em Enfermagem: CR<\/li>\n<\/ul>\n\n\n\n<p class=\"wp-block-paragraph\"><strong>N\u00edvel superior<\/strong><\/p>\n\n\n\n<ul class=\"wp-block-list\">\n<li>Farmac\u00eautico: 1 vaga<\/li>\n\n\n\n<li>Fisioterapeuta: 1 vaga<\/li>\n\n\n\n<li>M\u00e9dico Cl\u00ednico Geral: 1 vaga<\/li>\n\n\n\n<li>Professor \u2013 20 horas: 4 vagas<\/li>\n\n\n\n<li>Professor \u2013 40 horas: 5 vagas<\/li>\n\n\n\n<li>Professor de Educa\u00e7\u00e3o F\u00edsica: 2 vagas<\/li>\n<\/ul>\n\n\n<div class=\"wp-block-image\">\n<figure class=\"aligncenter size-large is-resized\"><img loading=\"lazy\" decoding=\"async\" width=\"1024\" height=\"683\" src=\"https:\/\/www.apostilasopcao.com.br\/blog\/wp-content\/uploads\/2026\/08\/aged-math-teacher-writing-formula-chalkboard-convertido-de-jpg-1024x683.webp\" alt=\"M\u00e3o com giz escrevendo no quadro\" class=\"wp-image-15695\" style=\"aspect-ratio:1.499292058179946;width:530px;height:auto\" srcset=\"https:\/\/www.apostilasopcao.com.br\/blog\/wp-content\/uploads\/2026\/08\/aged-math-teacher-writing-formula-chalkboard-convertido-de-jpg-1024x683.webp 1024w, https:\/\/www.apostilasopcao.com.br\/blog\/wp-content\/uploads\/2026\/08\/aged-math-teacher-writing-formula-chalkboard-convertido-de-jpg-300x200.webp 300w, https:\/\/www.apostilasopcao.com.br\/blog\/wp-content\/uploads\/2026\/08\/aged-math-teacher-writing-formula-chalkboard-convertido-de-jpg-768x513.webp 768w, https:\/\/www.apostilasopcao.com.br\/blog\/wp-content\/uploads\/2026\/08\/aged-math-teacher-writing-formula-chalkboard-convertido-de-jpg-1536x1025.webp 1536w, https:\/\/www.apostilasopcao.com.br\/blog\/wp-content\/uploads\/2026\/08\/aged-math-teacher-writing-formula-chalkboard-convertido-de-jpg-2048x1367.webp 2048w, https:\/\/www.apostilasopcao.com.br\/blog\/wp-content\/uploads\/2026\/08\/aged-math-teacher-writing-formula-chalkboard-convertido-de-jpg-360x240.webp 360w\" sizes=\"auto, (max-width: 1024px) 100vw, 1024px\" \/><figcaption class=\"wp-element-caption\"><em>Concurso Prefeitura de Mirador PR: Saiu o edital com iniciais de at\u00e9 R$ 15mil!<\/em><\/figcaption><\/figure>\n<\/div>\n\n\n<h3 class=\"wp-block-heading\">Concurso Prefeitura de Mirador PR: Sal\u00e1rios<\/h3>\n\n\n\n<p class=\"wp-block-paragraph\"> Os sal\u00e1rios iniciais do concurso Prefeitura de Mirador PR variam entre\u00a0<strong>R$ 1.636,20 a R$ 15.159,36.<\/strong> <\/p>\n\n\n\n<p class=\"wp-block-paragraph\"><strong>N\u00edvel fundamental<\/strong><\/p>\n\n\n\n<ul class=\"wp-block-list\">\n<li>Motorista: R$ 2.721,01<\/li>\n\n\n\n<li>Operador de M\u00e1quinas Rodovi\u00e1rias: R$ 2.721,01<\/li>\n\n\n\n<li>Vigia: R$ 1.636,20<\/li>\n<\/ul>\n\n\n\n<p class=\"wp-block-paragraph\"><strong>N\u00edvel m\u00e9dio<\/strong><\/p>\n\n\n\n<ul class=\"wp-block-list\">\n<li>Auxiliar Administrativo: R$ 1.883,84<\/li>\n\n\n\n<li>Auxiliar de Cl\u00ednica Dent\u00e1ria: R$ 1.636,20<\/li>\n\n\n\n<li>T\u00e9cnico em Higiene Dental: R$ 1.883,84<\/li>\n\n\n\n<li>T\u00e9cnico em Eletrot\u00e9cnica: R$ 3.350,21<\/li>\n\n\n\n<li>T\u00e9cnico em Enfermagem: R$ 1.883,84<\/li>\n<\/ul>\n\n\n\n<p class=\"wp-block-paragraph\"><strong>N\u00edvel superior<\/strong><\/p>\n\n\n\n<ul class=\"wp-block-list\">\n<li>Farmac\u00eautico: R$ 3.890,46<\/li>\n\n\n\n<li>Fisioterapeuta: R$ 3.890,46<\/li>\n\n\n\n<li>M\u00e9dico Cl\u00ednico Geral: R$ 15.159,36<\/li>\n\n\n\n<li>Professor \u2013 20 horas: R$ 2.565,32<\/li>\n\n\n\n<li>Professor \u2013 40 horas: R$ 5.130,63<\/li>\n\n\n\n<li>Professor de Educa\u00e7\u00e3o F\u00edsica: R$ 2.565,32<\/li>\n<\/ul>\n\n\n\n<h2 class=\"wp-block-heading\">Concurso Prefeitura de Mirador PR: Requisitos<\/h2>\n\n\n\n<p class=\"wp-block-paragraph\">Para participar do concurso Prefeitura de Mirador PR, os candidatos devem atender aos seguintes requisitos:<\/p>\n\n\n\n<ul class=\"wp-block-list\">\n<li>Ser brasileiro, nos termos da Constitui\u00e7\u00e3o Federal;<\/li>\n\n\n\n<li>Ter, na data da posse, idade m\u00ednima de 18 anos completos;<\/li>\n\n\n\n<li>Estar em dia com o Servi\u00e7o Militar, no caso do sexo masculino;<\/li>\n\n\n\n<li>Estar quite com as obriga\u00e7\u00f5es eleitorais e em pleno gozo dos direitos pol\u00edticos;<\/li>\n\n\n\n<li>Possuir os requisitos exigidos para o cargo, conforme estabelecido no edital;<\/li>\n\n\n\n<li>N\u00e3o ter sofrido, no exerc\u00edcio de cargo, emprego ou fun\u00e7\u00e3o p\u00fablica, penalidade administrativa, c\u00edvel ou criminal incompat\u00edvel com a nomea\u00e7\u00e3o;<\/li>\n\n\n\n<li>N\u00e3o ocupar cargo ou emprego na Administra\u00e7\u00e3o P\u00fablica direta ou indireta da Uni\u00e3o, dos Estados, do Distrito Federal ou dos Munic\u00edpios, salvo nas hip\u00f3teses de acumula\u00e7\u00e3o previstas em lei;<\/li>\n\n\n\n<li>N\u00e3o receber benef\u00edcio proveniente de RPPS ou RGPS relativo a emprego p\u00fablico, ressalvadas as exce\u00e7\u00f5es previstas na Constitui\u00e7\u00e3o Federal;<\/li>\n\n\n\n<li>Cumprir as demais determina\u00e7\u00f5es previstas no edital;<\/li>\n\n\n\n<li>Ter sido aprovado no Concurso P\u00fablico;<\/li>\n\n\n\n<li>Ser considerado apto nos exames m\u00e9dicos exigidos para a nomea\u00e7\u00e3o.<\/li>\n<\/ul>\n\n\n\n<h2 class=\"wp-block-heading\">Etapas de sele\u00e7\u00e3o<\/h2>\n\n\n\n<p class=\"wp-block-paragraph\">Os inscritos no concurso Prefeitura de Mirador PR ser\u00e3o avaliados\u00a0por meio das seguintes etapas:<\/p>\n\n\n\n<ul class=\"wp-block-list\">\n<li><strong>Prova objetiva<\/strong>, de car\u00e1ter eliminat\u00f3rio e classificat\u00f3rio, para todos os cargos;<\/li>\n\n\n\n<li><strong>Prova discursiva<\/strong>, de car\u00e1ter eliminat\u00f3rio e classificat\u00f3rio, para Auxiliar Administrativo, Professor 20h, Professor 40h e Professor de Educa\u00e7\u00e3o F\u00edsica;<\/li>\n\n\n\n<li><strong>Prova pr\u00e1tica<\/strong>, de car\u00e1ter eliminat\u00f3rio e classificat\u00f3rio, para Motorista e Operador de M\u00e1quinas Rodovi\u00e1rias;<\/li>\n\n\n\n<li><strong>Prova de t\u00edtulos<\/strong>, de car\u00e1ter classificat\u00f3rio, para os cargos de n\u00edvel superior.<\/li>\n<\/ul>\n\n\n\n<h3 class=\"wp-block-heading\">Prova objetiva<\/h3>\n\n\n\n<p class=\"wp-block-paragraph\">A prova objetiva do concurso Prefeitura de Mirador PR est\u00e1 prevista para o dia <strong>1\u00ba de novembro de 2026<\/strong>, nos munic\u00edpios de <strong>Mirador e\/ou Paranava\u00ed (PR)<\/strong>. Caso necess\u00e1rio, a banca poder\u00e1 utilizar cidades pr\u00f3ximas para acomodar todos os candidatos.<\/p>\n\n\n\n<p class=\"wp-block-paragraph\">A avalia\u00e7\u00e3o ser\u00e1 composta por <strong>40 quest\u00f5es de m\u00faltipla escolha<\/strong>, totalizando <strong>100 pontos<\/strong>, e ter\u00e1 car\u00e1ter <strong>eliminat\u00f3rio e classificat\u00f3rio<\/strong>.<\/p>\n\n\n\n<p class=\"wp-block-paragraph\">A distribui\u00e7\u00e3o ser\u00e1 a mesma para os cargos, conforme o n\u00edvel e as etapas previstas:<\/p>\n\n\n\n<ul class=\"wp-block-list\">\n<li><strong>L\u00edngua Portuguesa:<\/strong> 4 quest\u00f5es;<\/li>\n\n\n\n<li><strong>Matem\u00e1tica:<\/strong> 4 quest\u00f5es;<\/li>\n\n\n\n<li><strong>Inform\u00e1tica B\u00e1sica:<\/strong> 2 quest\u00f5es;<\/li>\n\n\n\n<li><strong>Conhecimentos Espec\u00edficos:<\/strong> 30 quest\u00f5es.<\/li>\n<\/ul>\n\n\n\n<p class=\"wp-block-paragraph\">Cada quest\u00e3o de L\u00edngua Portuguesa, Matem\u00e1tica e Inform\u00e1tica B\u00e1sica valer\u00e1 <strong>1,75 ponto<\/strong>, enquanto cada quest\u00e3o de Conhecimentos Espec\u00edficos valer\u00e1 <strong>2,75 pontos<\/strong>.<\/p>\n\n\n\n<p class=\"wp-block-paragraph\">Para os cargos de <strong>Motorista, Operador de M\u00e1quinas Rodovi\u00e1rias, Auxiliar Administrativo e professores<\/strong>, a prova objetiva ser\u00e1 a <strong>primeira fase<\/strong>, seguida das demais etapas previstas no edital.<\/p>\n\n\n\n<p class=\"wp-block-paragraph\">Para os cargos de <strong>Vigia e demais cargos de n\u00edvel m\u00e9dio<\/strong>, a prova objetiva ser\u00e1 a <strong>fase \u00fanica<\/strong>.<\/p>\n\n\n\n<h3 class=\"wp-block-heading\">Prova discursiva<\/h3>\n\n\n\n<p class=\"wp-block-paragraph\">A prova discursiva do concurso Prefeitura de Mirador PR ser\u00e1 aplicada no mesmo dia da prova objetiva, em <strong>1\u00ba de novembro de 2026<\/strong>, para os cargos de <strong>Auxiliar Administrativo, Professor 20h, Professor 40h e Professor de Educa\u00e7\u00e3o F\u00edsica<\/strong>.<\/p>\n\n\n\n<p class=\"wp-block-paragraph\">A etapa consistir\u00e1 na elabora\u00e7\u00e3o de uma <strong>reda\u00e7\u00e3o sobre conhecimentos espec\u00edficos do cargo<\/strong>, com <strong>m\u00ednimo de 20 e m\u00e1ximo de 30 linhas<\/strong>.<\/p>\n\n\n\n<p class=\"wp-block-paragraph\">A avalia\u00e7\u00e3o ter\u00e1 <strong>valor m\u00e1ximo de 100 pontos<\/strong> e ter\u00e1 car\u00e1ter <strong>eliminat\u00f3rio e classificat\u00f3rio<\/strong>, considerando aspectos como:<\/p>\n\n\n<div class=\"wp-block-image\">\n<figure class=\"aligncenter size-full\"><img loading=\"lazy\" decoding=\"async\" width=\"664\" height=\"188\" src=\"https:\/\/www.apostilasopcao.com.br\/blog\/wp-content\/uploads\/2026\/08\/Captura-de-tela-2026-08-31-125755-convertido-de-png.webp\" alt=\"Prova discursiva do concurso Prefeitura de Mirador PR\" class=\"wp-image-15693\" srcset=\"https:\/\/www.apostilasopcao.com.br\/blog\/wp-content\/uploads\/2026\/08\/Captura-de-tela-2026-08-31-125755-convertido-de-png.webp 664w, https:\/\/www.apostilasopcao.com.br\/blog\/wp-content\/uploads\/2026\/08\/Captura-de-tela-2026-08-31-125755-convertido-de-png-300x85.webp 300w\" sizes=\"auto, (max-width: 664px) 100vw, 664px\" \/><figcaption class=\"wp-element-caption\"><em>Prova discursiva do concurso Prefeitura de Mirador PR<\/em><\/figcaption><\/figure>\n<\/div>\n\n\n<h3 class=\"wp-block-heading\">Prova pr\u00e1tica<\/h3>\n\n\n\n<p class=\"wp-block-paragraph\">A prova pr\u00e1tica do concurso Prefeitura de Mirador PR ser\u00e1 destinada aos cargos de <strong>Motorista e Operador de M\u00e1quinas Rodovi\u00e1rias<\/strong>, com aplica\u00e7\u00e3o prevista para <strong>20 de dezembro de 2026<\/strong>.<\/p>\n\n\n\n<p class=\"wp-block-paragraph\">A etapa ter\u00e1 car\u00e1ter <strong>eliminat\u00f3rio e classificat\u00f3rio<\/strong>, ser\u00e1 avaliada em at\u00e9 <strong>100 pontos<\/strong> e exigir\u00e1 <strong>nota m\u00ednima de 50 pontos<\/strong> para aprova\u00e7\u00e3o.<\/p>\n\n\n\n<p class=\"wp-block-paragraph\">Para <strong>Motorista<\/strong>, ser\u00e1 realizada uma prova de dire\u00e7\u00e3o em percurso definido pela banca, utilizando <strong>\u00f4nibus<\/strong>. Ser\u00e3o avaliados aspectos como:<\/p>\n\n\n\n<ul class=\"wp-block-list\">\n<li>uso correto dos equipamentos do ve\u00edculo;<\/li>\n\n\n\n<li>condu\u00e7\u00e3o;<\/li>\n\n\n\n<li>posicionamento na via;<\/li>\n\n\n\n<li>controle de velocidade;<\/li>\n\n\n\n<li>respeito \u00e0s normas de tr\u00e2nsito.<\/li>\n<\/ul>\n\n\n\n<p class=\"wp-block-paragraph\">A prova ter\u00e1 dura\u00e7\u00e3o m\u00e1xima de <strong>30 minutos<\/strong>.<\/p>\n\n\n\n<p class=\"wp-block-paragraph\">Para <strong>Operador de M\u00e1quinas Rodovi\u00e1rias<\/strong>, ser\u00e3o avaliados conhecimentos de <strong>manuten\u00e7\u00e3o, condu\u00e7\u00e3o e opera\u00e7\u00e3o de m\u00e1quinas pesadas<\/strong>, al\u00e9m da agilidade, habilidade e qualidade na execu\u00e7\u00e3o das tarefas. O candidato poder\u00e1 operar <strong>retroescavadeira ou p\u00e1 carregadeira<\/strong>.<\/p>\n\n\n\n<h3 class=\"wp-block-heading\">Prova de t\u00edtulos<\/h3>\n\n\n\n<p class=\"wp-block-paragraph\">A prova de t\u00edtulos ser\u00e1 destinada aos candidatos aos <strong>cargos de n\u00edvel superior<\/strong> aprovados na prova objetiva.<\/p>\n\n\n\n<p class=\"wp-block-paragraph\">A etapa ter\u00e1 car\u00e1ter <strong>exclusivamente classificat\u00f3rio<\/strong> e ser\u00e1 avaliada em at\u00e9 <strong>10 pontos<\/strong>.<\/p>\n\n\n\n<figure class=\"wp-block-image size-full\"><img loading=\"lazy\" decoding=\"async\" width=\"666\" height=\"149\" src=\"https:\/\/www.apostilasopcao.com.br\/blog\/wp-content\/uploads\/2026\/08\/Captura-de-tela-2026-08-31-130056-convertido-de-png.webp\" alt=\"Tabela de t\u00edtulos do concurso Prefeitura de Mirador PR\" class=\"wp-image-15694\" srcset=\"https:\/\/www.apostilasopcao.com.br\/blog\/wp-content\/uploads\/2026\/08\/Captura-de-tela-2026-08-31-130056-convertido-de-png.webp 666w, https:\/\/www.apostilasopcao.com.br\/blog\/wp-content\/uploads\/2026\/08\/Captura-de-tela-2026-08-31-130056-convertido-de-png-300x67.webp 300w\" sizes=\"auto, (max-width: 666px) 100vw, 666px\" \/><figcaption class=\"wp-element-caption\">Tabela de t\u00edtulos do concurso Prefeitura de Mirador PR<\/figcaption><\/figure>\n\n\n\n<p class=\"wp-block-paragraph\">O envio dos t\u00edtulos dever\u00e1 ser realizado entre os dias <strong>9 e 13 de dezembro de 2026<\/strong>, por meio da <strong>\u00c1rea do Candidato<\/strong>, no site da Funda\u00e7\u00e3o FAFIPA.<\/p>\n\n\n\n<p class=\"wp-block-paragraph\"><strong>Quer ficar por dentro de tudo sobre o universo de concursos?&nbsp;<a href=\"https:\/\/www.apostilasopcao.com.br\/blog\/noticias\/\" target=\"_blank\" rel=\"noopener\">Confira as nossas not\u00edcias!<\/a><\/strong><\/p>\n\n\n\n<p class=\"wp-block-paragraph\"><\/p>\n","protected":false},"excerpt":{"rendered":"<p>Foi anunciado o novo concurso Prefeitura de Mirador PR! Oferta\u00a027 vagas\u00a0para cargos de\u00a0n\u00edveis fundamental, m\u00e9dio\u00a0e\u00a0superior. As inscri\u00e7\u00f5es estar\u00e3o abertas a partir de\u00a02 de setembro\u00a0e se estendem at\u00e9\u00a07 de outubro\u00a0de 2026. Saiba mais!<\/p>\n","protected":false},"author":13,"featured_media":15696,"comment_status":"closed","ping_status":"closed","sticky":false,"template":"","format":"standard","meta":{"_acf_changed":false,"breadcrumbs_single_post":"","page_title_panel":"","breadcrumbs_single_page":"","single_page_alignment":"","single_page_margin":"","page_structure_type":"","content_style_source":"","content_style":"","blog_post_streched_ed":"","blog_page_streched_ed":"","has_transparent_header":"","disable_transparent_header":"","vertical_spacing_source":"","content_area_spacing":"","single_post_content_background":"","single_page_content_background":"","single_post_boxed_content_spacing":"","single_page_boxed_content_spacing":"","single_post_content_boxed_radius":"","single_page_content_boxed_radius":"","disable_featured_image":"","disable_post_tags":"","disable_author_box":"","disable_posts_navigation":"","disable_comments":"","disable_related_posts":"","disable_header":"","disable_footer":"","footnotes":""},"categories":[4,23],"tags":[1182],"class_list":["post-15691","post","type-post","status-publish","format-standard","has-post-thumbnail","hentry","category-noticias","category-pr","tag-concurso-prefeitura-de-mirador-pr","rishi-post"],"acf":{"data_prova":"20261101","status":"aberto"},"_links":{"self":[{"href":"https:\/\/www.apostilasopcao.com.br\/blog\/wp-json\/wp\/v2\/posts\/15691","targetHints":{"allow":["GET"]}}],"collection":[{"href":"https:\/\/www.apostilasopcao.com.br\/blog\/wp-json\/wp\/v2\/posts"}],"about":[{"href":"https:\/\/www.apostilasopcao.com.br\/blog\/wp-json\/wp\/v2\/types\/post"}],"author":[{"embeddable":true,"href":"https:\/\/www.apostilasopcao.com.br\/blog\/wp-json\/wp\/v2\/users\/13"}],"replies":[{"embeddable":true,"href":"https:\/\/www.apostilasopcao.com.br\/blog\/wp-json\/wp\/v2\/comments?post=15691"}],"version-history":[{"count":1,"href":"https:\/\/www.apostilasopcao.com.br\/blog\/wp-json\/wp\/v2\/posts\/15691\/revisions"}],"predecessor-version":[{"id":15697,"href":"https:\/\/www.apostilasopcao.com.br\/blog\/wp-json\/wp\/v2\/posts\/15691\/revisions\/15697"}],"wp:featuredmedia":[{"embeddable":true,"href":"https:\/\/www.apostilasopcao.com.br\/blog\/wp-json\/wp\/v2\/media\/15696"}],"wp:attachment":[{"href":"https:\/\/www.apostilasopcao.com.br\/blog\/wp-json\/wp\/v2\/media?parent=15691"}],"wp:term":[{"taxonomy":"category","embeddable":true,"href":"https:\/\/www.apostilasopcao.com.br\/blog\/wp-json\/wp\/v2\/categories?post=15691"},{"taxonomy":"post_tag","embeddable":true,"href":"https:\/\/www.apostilasopcao.com.br\/blog\/wp-json\/wp\/v2\/tags?post=15691"}],"curies":[{"name":"wp","href":"https:\/\/api.w.org\/{rel}","templated":true}]}}