{"id":15715,"date":"2026-09-01T11:32:47","date_gmt":"2026-09-01T14:32:47","guid":{"rendered":"https:\/\/www.apostilasopcao.com.br\/blog\/?p=15715"},"modified":"2026-09-01T11:32:52","modified_gmt":"2026-09-01T14:32:52","slug":"seplag-rj","status":"publish","type":"post","link":"https:\/\/www.apostilasopcao.com.br\/blog\/seplag-rj\/","title":{"rendered":"Concurso Seplag RJ 2026: Edital publicado! 60 vagas de n\u00edvel superior!"},"content":{"rendered":"\n<p class=\"wp-block-paragraph\">Ol\u00e1, concurseiros! Foi anunciado o novo concurso Seplag RJ! Oferta\u00a0<strong>60 vagas<\/strong>\u00a0para os cargos de\u00a0<strong>Especialista em Pol\u00edticas P\u00fablicas e Gest\u00e3o Governamental<\/strong>\u00a0e\u00a0<strong>Analista de Planejamento e Or\u00e7amento<\/strong>. O sal\u00e1rio inicial \u00e9 de <strong>R$ 14.387,75<\/strong>. As inscri\u00e7\u00f5es estar\u00e3o abertas a partir de\u00a0<strong>10 de setembro<\/strong> e se estendem at\u00e9<strong>\u00a08 de outubro\u00a0de 2026<\/strong>. J\u00e1 a prova objetiva est\u00e1 prevista para o dia\u00a0<strong><strong><strong>29 de novembro<\/strong><\/strong><\/strong>\u00a0<strong>de 2026<\/strong>. O valor da taxa de inscri\u00e7\u00e3o \u00e9 de<strong><strong> R$ 125,00<\/strong><\/strong>. Para se preparar, confira a\u00a0apostila Seplag RJ\u00a0com conte\u00fado completo e atualizado conforme o \u00faltimo edital.<\/p>\n\n\n\n<h2 class=\"wp-block-heading\">Resumo do edital<\/h2>\n\n\n\n<ul class=\"wp-block-list\">\n<li><strong>Vagas:<\/strong>\u00a060<\/li>\n\n\n\n<li><strong>Inscri\u00e7\u00f5es:\u00a0<\/strong>10\/09\/2026 a 08\/10\/2026<\/li>\n\n\n\n<li><strong>Taxa de inscri\u00e7\u00e3o:<\/strong>\u00a0R$ 125,00<\/li>\n\n\n\n<li><strong>Provas:\u00a0<\/strong>29\/11\/2026<\/li>\n\n\n\n<li><strong>Sal\u00e1rio inicial:<\/strong>\u00a0R$ 14.387,75<\/li>\n\n\n\n<li><strong>Banca:<\/strong> FGV<\/li>\n\n\n\n<li><a href=\"https:\/\/www.apostilasopcao.com.br\/blog\/wp-content\/uploads\/2026\/09\/edital-concurso-seplag-31.08.2026.pdf\" target=\"_blank\" rel=\"noreferrer noopener\">Baixe o\u00a0edital<\/a><\/li>\n<\/ul>\n\n\n\n<h2 class=\"wp-block-heading\">Concurso Seplag RJ: Inscri\u00e7\u00f5es<\/h2>\n\n\n\n<p class=\"wp-block-paragraph\">As inscri\u00e7\u00f5es do\u00a0concurso Seplag RJ\u00a0ser\u00e3o realizadas exclusivamente pela internet no site\u00a0<a href=\"https:\/\/conhecimento.fgv.br\/concursos\/seplagrj\" target=\"_blank\" rel=\"noreferrer noopener\">FGV<\/a>,\u00a0respons\u00e1vel pela organiza\u00e7\u00e3o do certame. Inscri\u00e7\u00f5es estar\u00e3o dispon\u00edveis de\u00a0<strong><strong>10 de setembro e 8 de outubro<\/strong>\u00a0de 2026<\/strong>. O valor da taxa de inscri\u00e7\u00e3o \u00e9 de<strong><strong> R$ 125,00<\/strong><\/strong>.<\/p>\n\n\n\n<p class=\"wp-block-paragraph\"><strong><em><strong><em>A data limite para pagamento da taxa de inscri\u00e7\u00e3o \u00e9 dia\u00a0<strong><strong>9 de outubro<\/strong><\/strong><\/em><\/strong>\u00a0de 2026.<\/em><\/strong><\/p>\n\n\n\n<h3 class=\"wp-block-heading\">Isen\u00e7\u00e3o da taxa<\/h3>\n\n\n\n<p class=\"wp-block-paragraph\">O per\u00edodo para solicita\u00e7\u00e3o de isen\u00e7\u00e3o da taxa de inscri\u00e7\u00e3o do concurso Seplag RJ ser\u00e1 entre os dias\u00a0<strong><strong>9\u00a0<\/strong>a<strong>\u00a010 de setembro<\/strong>\u00a0de 2026<\/strong>, conforme previsto no edital. Os pedidos podem ser realizados apenas pelos candidatos que se enquadrem em um dos seguintes crit\u00e9rios:<\/p>\n\n\n\n<ul class=\"wp-block-list\">\n<li>doador de sangue;<\/li>\n\n\n\n<li>integrante de mesa receptora de votos da Justi\u00e7a Eleitoral no Estado do Rio de Janeiro;<\/li>\n\n\n\n<li>candidato economicamente hipossuficiente inscrito no Cad\u00danico;<\/li>\n\n\n\n<li>doadora de leite materno;<\/li>\n\n\n\n<li>mulher v\u00edtima de viol\u00eancia dom\u00e9stica e familiar.<\/li>\n<\/ul>\n\n\n\n<h2 class=\"wp-block-heading\">Concurso Seplag RJ: Cargos e vagas<\/h2>\n\n\n\n<p class=\"wp-block-paragraph\">O\u00a0concurso Seplag RJ oferta\u00a0<strong>60 vagas<\/strong>\u00a0para os cargos de\u00a0<strong>Especialista em Pol\u00edticas P\u00fablicas e Gest\u00e3o Governamental<\/strong>\u00a0e\u00a0<strong>Analista de Planejamento e Or\u00e7amento<\/strong>.<\/p>\n\n\n\n<p class=\"wp-block-paragraph\"><strong>N\u00edvel superior<\/strong><\/p>\n\n\n\n<ul class=\"wp-block-list\">\n<li>Especialista em Pol\u00edticas P\u00fablicas e Gest\u00e3o Governamental (EPPGG) \u2013 Gest\u00e3o e Governan\u00e7a P\u00fablica: <strong>15 vagas<\/strong><\/li>\n\n\n\n<li>Especialista em Pol\u00edticas P\u00fablicas e Gest\u00e3o Governamental (EPPGG) \u2013 Pol\u00edticas P\u00fablicas: <strong>15 vagas<\/strong><\/li>\n\n\n\n<li>Analista de Planejamento e Or\u00e7amento (APO) \u2013 Planejamento e Or\u00e7amento: <strong>25 vagas<\/strong><\/li>\n\n\n\n<li>Analista de Planejamento e Or\u00e7amento (APO) \u2013 Tecnologia da Informa\u00e7\u00e3o: <strong>5 vagas<\/strong><\/li>\n<\/ul>\n\n\n\n<p class=\"wp-block-paragraph\"><strong>Total:<\/strong> 60 vagas, sendo 37 para ampla concorr\u00eancia, 5 para PcD, 10 para negros\/ind\u00edgenas e 8 para pessoas pertencentes a grupos previstos na reserva de vagas.<\/p>\n\n\n<div class=\"wp-block-image\">\n<figure class=\"aligncenter size-large is-resized\"><img loading=\"lazy\" decoding=\"async\" width=\"1024\" height=\"683\" src=\"https:\/\/www.apostilasopcao.com.br\/blog\/wp-content\/uploads\/2026\/09\/Um-homem-trabalhando-no-escritorio.-convertido-de-jpg-1024x683.webp\" alt=\"Um homem trabalhando no escrit\u00f3rio\" class=\"wp-image-15717\" style=\"aspect-ratio:1.499292058179946;width:552px;height:auto\" srcset=\"https:\/\/www.apostilasopcao.com.br\/blog\/wp-content\/uploads\/2026\/09\/Um-homem-trabalhando-no-escritorio.-convertido-de-jpg-1024x683.webp 1024w, https:\/\/www.apostilasopcao.com.br\/blog\/wp-content\/uploads\/2026\/09\/Um-homem-trabalhando-no-escritorio.-convertido-de-jpg-300x200.webp 300w, https:\/\/www.apostilasopcao.com.br\/blog\/wp-content\/uploads\/2026\/09\/Um-homem-trabalhando-no-escritorio.-convertido-de-jpg-768x512.webp 768w, https:\/\/www.apostilasopcao.com.br\/blog\/wp-content\/uploads\/2026\/09\/Um-homem-trabalhando-no-escritorio.-convertido-de-jpg-1536x1024.webp 1536w, https:\/\/www.apostilasopcao.com.br\/blog\/wp-content\/uploads\/2026\/09\/Um-homem-trabalhando-no-escritorio.-convertido-de-jpg-2048x1365.webp 2048w, https:\/\/www.apostilasopcao.com.br\/blog\/wp-content\/uploads\/2026\/09\/Um-homem-trabalhando-no-escritorio.-convertido-de-jpg-360x240.webp 360w\" sizes=\"auto, (max-width: 1024px) 100vw, 1024px\" \/><figcaption class=\"wp-element-caption\"><em>Concurso Seplag RJ 2026: Edital publicado! 60 vagas de n\u00edvel superior!<\/em><\/figcaption><\/figure>\n<\/div>\n\n\n<p class=\"wp-block-paragraph\"><strong>Para quem vai iniciar a prepara\u00e7\u00e3o, a\u00a0<a href=\"https:\/\/www.apostilasopcao.com.br\/concurso\/secretaria-de-estado-de-planejamento-e-gestao-rio-de-janeiro\" target=\"_blank\" rel=\"noreferrer noopener\">apostila\u00a0Seplag RJ<\/a>\u00a0j\u00e1 est\u00e1 dispon\u00edvel com conte\u00fado completo e atualizado conforme o \u00faltimo edital.<\/strong><\/p>\n\n\n\n<h3 class=\"wp-block-heading\">Concurso Seplag RJ: Sal\u00e1rios<\/h3>\n\n\n\n<p class=\"wp-block-paragraph\">Todos os cargos possuem <strong>jornada de 40 horas semanais<\/strong> e <strong>vencimento inicial de at\u00e9 R$ 14.387,75<\/strong>, conforme a composi\u00e7\u00e3o remunerat\u00f3ria prevista na legisla\u00e7\u00e3o.<\/p>\n\n\n\n<p class=\"wp-block-paragraph\">A remunera\u00e7\u00e3o \u00e9 composta por:<\/p>\n\n\n\n<ul class=\"wp-block-list\">\n<li><strong>Vencimento-base:<\/strong> R$ 7.572,50;<\/li>\n\n\n\n<li><strong>Gratifica\u00e7\u00e3o de Desempenho:<\/strong> at\u00e9 R$ 3.786,25, correspondente a 50% do vencimento-base;<\/li>\n\n\n\n<li><strong>Adicional de Qualifica\u00e7\u00e3o (AQ):<\/strong>\n<ul class=\"wp-block-list\">\n<li><strong>Doutorado:<\/strong> R$ 3.029,00;<\/li>\n\n\n\n<li><strong>Mestrado:<\/strong> R$ 1.893,13;<\/li>\n\n\n\n<li><strong>Especializa\u00e7\u00e3o:<\/strong> R$ 1.135,88.<\/li>\n<\/ul>\n<\/li>\n<\/ul>\n\n\n\n<p class=\"wp-block-paragraph\">Assim, a remunera\u00e7\u00e3o pode chegar a <strong>R$ 14.387,75<\/strong>, considerando o vencimento-base, a gratifica\u00e7\u00e3o de desempenho no percentual m\u00e1ximo e o adicional de qualifica\u00e7\u00e3o correspondente.<\/p>\n\n\n\n<h2 class=\"wp-block-heading\">Concurso Seplag RJ: Requisitos<\/h2>\n\n\n\n<p class=\"wp-block-paragraph\">Para participar do concurso Seplag RJ, os candidatos devem atender aos seguintes requisitos:<\/p>\n\n\n\n<ul class=\"wp-block-list\">\n<li>Ter sido <strong>classificado no Concurso P\u00fablico<\/strong>, conforme as regras estabelecidas no edital, seus anexos e eventuais retifica\u00e7\u00f5es;<\/li>\n\n\n\n<li>Ter nacionalidade brasileira ou portuguesa. No caso de nacionalidade portuguesa, estar amparado pelo Estatuto da Igualdade entre Brasileiros e Portugueses, com reconhecimento dos direitos pol\u00edticos;<\/li>\n\n\n\n<li>Ter <strong>18 anos completos ou mais<\/strong>;<\/li>\n\n\n\n<li>Estar em pleno gozo dos direitos pol\u00edticos;<\/li>\n\n\n\n<li>Estar quite com as obriga\u00e7\u00f5es eleitorais e, quando do sexo masculino, tamb\u00e9m com as obriga\u00e7\u00f5es militares;<\/li>\n\n\n\n<li>Declarar que n\u00e3o est\u00e1 cumprindo nem sofreu, no exerc\u00edcio de fun\u00e7\u00e3o p\u00fablica, penalidade por pr\u00e1tica de improbidade administrativa aplicada por \u00f3rg\u00e3o ou entidade das esferas federal, estadual ou municipal;<\/li>\n\n\n\n<li>Apresentar declara\u00e7\u00e3o sobre o exerc\u00edcio de outro cargo, emprego ou fun\u00e7\u00e3o p\u00fablica, bem como sobre o recebimento de proventos de aposentadoria ou pens\u00e3o;<\/li>\n\n\n\n<li>Apresentar declara\u00e7\u00e3o de bens e valores que constituam seu patrim\u00f4nio;<\/li>\n\n\n\n<li>Declarar que n\u00e3o est\u00e1 cumprindo san\u00e7\u00e3o de inidoneidade aplicada por \u00f3rg\u00e3o ou entidade das esferas federal, estadual ou municipal;<\/li>\n\n\n\n<li>Assinar termo de compromisso de <strong>sigilo e confidencialidade das informa\u00e7\u00f5es<\/strong>;<\/li>\n\n\n\n<li>Ser considerado <strong>apto no exame admissional<\/strong> realizado pelo Servi\u00e7o M\u00e9dico do Governo do Estado do Rio de Janeiro, mediante apresenta\u00e7\u00e3o dos exames, laudos e declara\u00e7\u00e3o de sa\u00fade exigidos;<\/li>\n\n\n\n<li>Apresentar <strong>diploma de n\u00edvel superior devidamente registrado<\/strong>, expedido por institui\u00e7\u00e3o de ensino reconhecida pelo Minist\u00e9rio da Educa\u00e7\u00e3o, mediante apresenta\u00e7\u00e3o do original e de c\u00f3pia;<\/li>\n\n\n\n<li>N\u00e3o ter sido condenado a pena privativa de liberdade com tr\u00e2nsito em julgado ou a qualquer outra condena\u00e7\u00e3o incompat\u00edvel com o exerc\u00edcio da fun\u00e7\u00e3o p\u00fablica;<\/li>\n\n\n\n<li>Estar registrado e com situa\u00e7\u00e3o regular perante o <strong>conselho de classe profissional correspondente<\/strong>, quando exigido;<\/li>\n\n\n\n<li>Possuir aptid\u00e3o f\u00edsica e mental para o exerc\u00edcio das atribui\u00e7\u00f5es do cargo;<\/li>\n\n\n\n<li>N\u00e3o possuir <strong>antecedentes criminais<\/strong>;<\/li>\n\n\n\n<li>Cumprir todas as demais determina\u00e7\u00f5es previstas no edital.<\/li>\n<\/ul>\n\n\n\n<h2 class=\"wp-block-heading\">Etapas de sele\u00e7\u00e3o<\/h2>\n\n\n\n<p class=\"wp-block-paragraph\">Os inscritos no concurso Seplag RJ ser\u00e3o avaliados\u00a0por meio das seguintes etapas:<\/p>\n\n\n\n<ul class=\"wp-block-list\">\n<li><strong>Prova objetiva<\/strong>\u00a0\u2013 eliminat\u00f3ria e classificat\u00f3ria;<\/li>\n\n\n\n<li><strong>Prova discursiva<\/strong>\u00a0\u2013 eliminat\u00f3ria e classificat\u00f3ria;<\/li>\n\n\n\n<li><strong>Avalia\u00e7\u00e3o de t\u00edtulos<\/strong>\u00a0\u2013 classificat\u00f3ria;<\/li>\n\n\n\n<li><strong>Procedimento de heteroidentifica\u00e7\u00e3o<\/strong>\u00a0\u2013 para candidatos inscritos nas respectivas vagas reservadas;<\/li>\n\n\n\n<li><strong>Avalia\u00e7\u00e3o biopsicossocial<\/strong>\u00a0\u2013 para candidatos \u00e0s vagas reservadas \u00e0s pessoas com defici\u00eancia.<\/li>\n<\/ul>\n\n\n\n<h3 class=\"wp-block-heading\">Prova Objetiva<\/h3>\n\n\n\n<p class=\"wp-block-paragraph\">A prova objetiva do concurso <strong>Seplag RJ<\/strong> ser\u00e1 aplicada em <strong>29 de novembro de 2026<\/strong>, na cidade do <strong>Rio de Janeiro<\/strong>. A avalia\u00e7\u00e3o ter\u00e1 <strong>100 quest\u00f5es de m\u00faltipla escolha<\/strong>, cada uma com cinco alternativas e apenas uma resposta correta. A prova ser\u00e1 dividida em duas partes:<\/p>\n\n\n\n<ul class=\"wp-block-list\">\n<li><strong>Conhecimentos Gerais:<\/strong> 30 quest\u00f5es;<\/li>\n\n\n\n<li><strong>Conhecimentos Espec\u00edficos:<\/strong> 70 quest\u00f5es.<\/li>\n<\/ul>\n\n\n\n<p class=\"wp-block-paragraph\">Cada quest\u00e3o valer\u00e1 <strong>1 ponto<\/strong>, totalizando <strong>100 pontos<\/strong>.<\/p>\n\n\n\n<p class=\"wp-block-paragraph\">As provas ser\u00e3o realizadas em dois per\u00edodos:<\/p>\n\n\n\n<ul class=\"wp-block-list\">\n<li><strong>8h \u00e0s 12h:<\/strong> Conhecimentos Espec\u00edficos;<\/li>\n\n\n\n<li><strong>14h30 \u00e0s 19h:<\/strong> Conhecimentos Gerais e prova discursiva.<\/li>\n<\/ul>\n\n\n\n<p class=\"wp-block-paragraph\"><strong><em>Conhecimentos Gerais<\/em><\/strong><\/p>\n\n\n\n<ul class=\"wp-block-list\">\n<li><strong>L\u00edngua Portuguesa:<\/strong> 12 quest\u00f5es;<\/li>\n\n\n\n<li><strong>L\u00edngua Inglesa:<\/strong> 6 quest\u00f5es;<\/li>\n\n\n\n<li><strong>Racioc\u00ednio L\u00f3gico-Matem\u00e1tico:<\/strong> 6 quest\u00f5es;<\/li>\n\n\n\n<li><strong>Atualidades:<\/strong> 6 quest\u00f5es.<\/li>\n<\/ul>\n\n\n\n<p class=\"wp-block-paragraph\"><strong><em>Conhecimentos Espec\u00edficos<\/em><\/strong><\/p>\n\n\n\n<p class=\"wp-block-paragraph\"><strong>EPPGG \u2013 Gest\u00e3o e Governan\u00e7a P\u00fablica<\/strong><\/p>\n\n\n\n<ul class=\"wp-block-list\">\n<li>Direito P\u00fablico: 20 quest\u00f5es;<\/li>\n\n\n\n<li>Estado, Governo e Administra\u00e7\u00e3o P\u00fablica: 10 quest\u00f5es;<\/li>\n\n\n\n<li>Administra\u00e7\u00e3o Financeira e Or\u00e7ament\u00e1ria: 10 quest\u00f5es;<\/li>\n\n\n\n<li>Gest\u00e3o Governamental: 15 quest\u00f5es;<\/li>\n\n\n\n<li>Governan\u00e7a P\u00fablica: 15 quest\u00f5es.<\/li>\n<\/ul>\n\n\n\n<p class=\"wp-block-paragraph\"><strong>EPPGG \u2013 Pol\u00edticas P\u00fablicas<\/strong><\/p>\n\n\n\n<ul class=\"wp-block-list\">\n<li>Direito P\u00fablico: 20 quest\u00f5es;<\/li>\n\n\n\n<li>Estado, Governo e Administra\u00e7\u00e3o P\u00fablica: 10 quest\u00f5es;<\/li>\n\n\n\n<li>Administra\u00e7\u00e3o Financeira e Or\u00e7ament\u00e1ria: 10 quest\u00f5es;<\/li>\n\n\n\n<li>Ci\u00eancia Pol\u00edtica: 15 quest\u00f5es;<\/li>\n\n\n\n<li>Pol\u00edticas P\u00fablicas: 15 quest\u00f5es.<\/li>\n<\/ul>\n\n\n\n<p class=\"wp-block-paragraph\"><strong>APO \u2013 Planejamento e Or\u00e7amento<\/strong><\/p>\n\n\n\n<ul class=\"wp-block-list\">\n<li>Direito P\u00fablico: 20 quest\u00f5es;<\/li>\n\n\n\n<li>Estado, Governo e Administra\u00e7\u00e3o P\u00fablica: 10 quest\u00f5es;<\/li>\n\n\n\n<li>Administra\u00e7\u00e3o Financeira e Or\u00e7ament\u00e1ria: 10 quest\u00f5es;<\/li>\n\n\n\n<li>Economia: 15 quest\u00f5es;<\/li>\n\n\n\n<li>Finan\u00e7as P\u00fablicas e Planejamento Governamental: 15 quest\u00f5es.<\/li>\n<\/ul>\n\n\n\n<p class=\"wp-block-paragraph\"><strong>APO \u2013 Tecnologia da Informa\u00e7\u00e3o<\/strong><\/p>\n\n\n\n<ul class=\"wp-block-list\">\n<li>Direito P\u00fablico: 10 quest\u00f5es;<\/li>\n\n\n\n<li>Estado, Governo e Administra\u00e7\u00e3o P\u00fablica: 10 quest\u00f5es;<\/li>\n\n\n\n<li>Administra\u00e7\u00e3o Financeira e Or\u00e7ament\u00e1ria: 10 quest\u00f5es;<\/li>\n\n\n\n<li>Governan\u00e7a e Gest\u00e3o de Tecnologia da Informa\u00e7\u00e3o e Comunica\u00e7\u00e3o: 20 quest\u00f5es;<\/li>\n\n\n\n<li>Dados e Intelig\u00eancia Anal\u00edtica na Administra\u00e7\u00e3o P\u00fablica: 20 quest\u00f5es.<\/li>\n<\/ul>\n\n\n\n<p class=\"wp-block-paragraph\"><strong>Crit\u00e9rios de aprova\u00e7\u00e3o<\/strong><\/p>\n\n\n\n<p class=\"wp-block-paragraph\">Para ser aprovado na prova objetiva, o candidato dever\u00e1:<\/p>\n\n\n\n<ul class=\"wp-block-list\">\n<li>Acertar <strong>pelo menos 50% de Conhecimentos Gerais<\/strong>, o equivalente a <strong>15 quest\u00f5es<\/strong>;<\/li>\n\n\n\n<li>Acertar <strong>pelo menos 50% de Conhecimentos Espec\u00edficos<\/strong>, o equivalente a <strong>35 quest\u00f5es<\/strong>;<\/li>\n\n\n\n<li><strong>N\u00e3o zerar nenhuma das disciplinas<\/strong> que comp\u00f5em a prova.<\/li>\n<\/ul>\n\n\n\n<h3 class=\"wp-block-heading\">Prova Discursiva<\/h3>\n\n\n\n<p class=\"wp-block-paragraph\">A prova discursiva do concurso <strong>Seplag RJ<\/strong> ser\u00e1 aplicada aos candidatos dos dois cargos. A etapa ter\u00e1 <strong>at\u00e9 60 linhas<\/strong> e ser\u00e1 composta por:<\/p>\n\n\n\n<ul class=\"wp-block-list\">\n<li><strong>1 estudo de caso:<\/strong> at\u00e9 30 linhas;<\/li>\n\n\n\n<li><strong>2 quest\u00f5es discursivas:<\/strong> at\u00e9 15 linhas cada.<\/li>\n<\/ul>\n\n\n<div class=\"wp-block-image\">\n<figure class=\"aligncenter size-full\"><img loading=\"lazy\" decoding=\"async\" width=\"497\" height=\"407\" src=\"https:\/\/www.apostilasopcao.com.br\/blog\/wp-content\/uploads\/2026\/09\/Captura-de-tela-2026-09-01-112125-convertido-de-png.webp\" alt=\"Prova discursiva do concurso Seplag RJ\" class=\"wp-image-15720\" srcset=\"https:\/\/www.apostilasopcao.com.br\/blog\/wp-content\/uploads\/2026\/09\/Captura-de-tela-2026-09-01-112125-convertido-de-png.webp 497w, https:\/\/www.apostilasopcao.com.br\/blog\/wp-content\/uploads\/2026\/09\/Captura-de-tela-2026-09-01-112125-convertido-de-png-300x246.webp 300w\" sizes=\"auto, (max-width: 497px) 100vw, 497px\" \/><figcaption class=\"wp-element-caption\"><em>Prova discursiva do concurso Seplag RJ<\/em><\/figcaption><\/figure>\n<\/div>\n\n\n<p class=\"wp-block-paragraph\">A prova ter\u00e1 <strong>valor m\u00e1ximo de 40 pontos<\/strong>.<\/p>\n\n\n\n<p class=\"wp-block-paragraph\"><em>Para ser aprovado, o candidato dever\u00e1 obter no m\u00ednimo 40% da pontua\u00e7\u00e3o total, equivalente a 16 pontos, al\u00e9m de alcan\u00e7ar nota diferente de zero em cada quest\u00e3o.<\/em><\/p>\n\n\n\n<h3 class=\"wp-block-heading\">Avalia\u00e7\u00e3o de T\u00edtulos<\/h3>\n\n\n\n<p class=\"wp-block-paragraph\">A avalia\u00e7\u00e3o de t\u00edtulos ter\u00e1 car\u00e1ter <strong>classificat\u00f3rio<\/strong> e ser\u00e1 realizada somente pelos candidatos <strong>habilitados na prova discursiva<\/strong>.<\/p>\n\n\n\n<p class=\"wp-block-paragraph\">A etapa poder\u00e1 acrescentar <strong>at\u00e9 10 pontos<\/strong> \u00e0 nota final do candidato, conforme os crit\u00e9rios e documentos estabelecidos no edital.<\/p>\n\n\n<div class=\"wp-block-image\">\n<figure class=\"aligncenter size-full\"><img loading=\"lazy\" decoding=\"async\" width=\"666\" height=\"95\" src=\"https:\/\/www.apostilasopcao.com.br\/blog\/wp-content\/uploads\/2026\/09\/Captura-de-tela-2026-09-01-112144-convertido-de-png.webp\" alt=\"Tabela de t\u00edtulos do concurso Seplag RJ\" class=\"wp-image-15719\" srcset=\"https:\/\/www.apostilasopcao.com.br\/blog\/wp-content\/uploads\/2026\/09\/Captura-de-tela-2026-09-01-112144-convertido-de-png.webp 666w, https:\/\/www.apostilasopcao.com.br\/blog\/wp-content\/uploads\/2026\/09\/Captura-de-tela-2026-09-01-112144-convertido-de-png-300x43.webp 300w\" sizes=\"auto, (max-width: 666px) 100vw, 666px\" \/><\/figure>\n<\/div>\n\n<div class=\"wp-block-image\">\n<figure class=\"aligncenter size-full\"><img loading=\"lazy\" decoding=\"async\" width=\"664\" height=\"315\" src=\"https:\/\/www.apostilasopcao.com.br\/blog\/wp-content\/uploads\/2026\/09\/Captura-de-tela-2026-09-01-112154-convertido-de-png.webp\" alt=\"Tabela de t\u00edtulos do concurso Seplag RJ \" class=\"wp-image-15718\" srcset=\"https:\/\/www.apostilasopcao.com.br\/blog\/wp-content\/uploads\/2026\/09\/Captura-de-tela-2026-09-01-112154-convertido-de-png.webp 664w, https:\/\/www.apostilasopcao.com.br\/blog\/wp-content\/uploads\/2026\/09\/Captura-de-tela-2026-09-01-112154-convertido-de-png-300x142.webp 300w\" sizes=\"auto, (max-width: 664px) 100vw, 664px\" \/><figcaption class=\"wp-element-caption\"><em>Tabela de t\u00edtulos do concurso Seplag RJ <\/em><\/figcaption><\/figure>\n<\/div>\n\n\n<p class=\"wp-block-paragraph\"><strong>Quer ficar por dentro de tudo sobre o universo de concursos?&nbsp;<a href=\"https:\/\/www.apostilasopcao.com.br\/blog\/noticias\/\" target=\"_blank\" rel=\"noopener\">Confira as nossas not\u00edcias!<\/a><\/strong><\/p>\n\n\n\n<p class=\"wp-block-paragraph\"><\/p>\n","protected":false},"excerpt":{"rendered":"<p>Foi anunciado o novo concurso Seplag RJ! Oferta\u00a060 vagas\u00a0para os cargos de\u00a0Especialista em Pol\u00edticas P\u00fablicas e Gest\u00e3o Governamental\u00a0e\u00a0Analista de Planejamento e Or\u00e7amento. As inscri\u00e7\u00f5es estar\u00e3o abertas a partir de\u00a010 de setembro e se estendem at\u00e9\u00a08 de outubro\u00a0de 2026. Saiba mais!<\/p>\n","protected":false},"author":13,"featured_media":15721,"comment_status":"closed","ping_status":"closed","sticky":false,"template":"","format":"standard","meta":{"_acf_changed":false,"breadcrumbs_single_post":"","page_title_panel":"","breadcrumbs_single_page":"","single_page_alignment":"","single_page_margin":"","page_structure_type":"","content_style_source":"","content_style":"","blog_post_streched_ed":"","blog_page_streched_ed":"","has_transparent_header":"","disable_transparent_header":"","vertical_spacing_source":"","content_area_spacing":"","single_post_content_background":"","single_page_content_background":"","single_post_boxed_content_spacing":"","single_page_boxed_content_spacing":"","single_post_content_boxed_radius":"","single_page_content_boxed_radius":"","disable_featured_image":"","disable_post_tags":"","disable_author_box":"","disable_posts_navigation":"","disable_comments":"","disable_related_posts":"","disable_header":"","disable_footer":"","footnotes":""},"categories":[4,24],"tags":[1185],"class_list":["post-15715","post","type-post","status-publish","format-standard","has-post-thumbnail","hentry","category-noticias","category-rj","tag-concurso-seplag-rj-2026","rishi-post"],"acf":{"data_prova":"20261129","status":"aberto"},"_links":{"self":[{"href":"https:\/\/www.apostilasopcao.com.br\/blog\/wp-json\/wp\/v2\/posts\/15715","targetHints":{"allow":["GET"]}}],"collection":[{"href":"https:\/\/www.apostilasopcao.com.br\/blog\/wp-json\/wp\/v2\/posts"}],"about":[{"href":"https:\/\/www.apostilasopcao.com.br\/blog\/wp-json\/wp\/v2\/types\/post"}],"author":[{"embeddable":true,"href":"https:\/\/www.apostilasopcao.com.br\/blog\/wp-json\/wp\/v2\/users\/13"}],"replies":[{"embeddable":true,"href":"https:\/\/www.apostilasopcao.com.br\/blog\/wp-json\/wp\/v2\/comments?post=15715"}],"version-history":[{"count":1,"href":"https:\/\/www.apostilasopcao.com.br\/blog\/wp-json\/wp\/v2\/posts\/15715\/revisions"}],"predecessor-version":[{"id":15722,"href":"https:\/\/www.apostilasopcao.com.br\/blog\/wp-json\/wp\/v2\/posts\/15715\/revisions\/15722"}],"wp:featuredmedia":[{"embeddable":true,"href":"https:\/\/www.apostilasopcao.com.br\/blog\/wp-json\/wp\/v2\/media\/15721"}],"wp:attachment":[{"href":"https:\/\/www.apostilasopcao.com.br\/blog\/wp-json\/wp\/v2\/media?parent=15715"}],"wp:term":[{"taxonomy":"category","embeddable":true,"href":"https:\/\/www.apostilasopcao.com.br\/blog\/wp-json\/wp\/v2\/categories?post=15715"},{"taxonomy":"post_tag","embeddable":true,"href":"https:\/\/www.apostilasopcao.com.br\/blog\/wp-json\/wp\/v2\/tags?post=15715"}],"curies":[{"name":"wp","href":"https:\/\/api.w.org\/{rel}","templated":true}]}}