{"id":15742,"date":"2026-09-02T09:21:20","date_gmt":"2026-09-02T12:21:20","guid":{"rendered":"https:\/\/www.apostilasopcao.com.br\/blog\/?p=15742"},"modified":"2026-09-02T09:21:24","modified_gmt":"2026-09-02T12:21:24","slug":"prefeitura-de-valenca-rj","status":"publish","type":"post","link":"https:\/\/www.apostilasopcao.com.br\/blog\/prefeitura-de-valenca-rj\/","title":{"rendered":"Concurso Prefeitura de Valen\u00e7a RJ: Saiu o edital com 100 vagas!"},"content":{"rendered":"\n<p class=\"wp-block-paragraph\">Ol\u00e1, concurseiros! Foi anunciado o novo concurso Prefeitura de Valen\u00e7a RJ! Oferta<strong>&nbsp;100 vagas<\/strong> para <strong>professores<\/strong>&nbsp;da Secretaria Municipal de Educa\u00e7\u00e3o (SME). Os sal\u00e1rios iniciais variam entre&nbsp;<strong>R$ 3.650,83 a R$ 4.468,62<\/strong>. As inscri\u00e7\u00f5es estar\u00e3o abertas a partir de&nbsp;<strong><strong>1\u00ba de setembro<\/strong><\/strong>&nbsp;e se estendem at\u00e9&nbsp;<strong><strong>5 de outubro<\/strong>&nbsp;de 2026<\/strong>. J\u00e1 a prova objetiva est\u00e1 prevista para o dia&nbsp;<strong><strong>22 de novembro<\/strong><\/strong>&nbsp;<strong>de 2026<\/strong>. O valor da taxa de inscri\u00e7\u00e3o \u00e9 de&nbsp;<strong><strong>R$ <strong>66<\/strong>,00 a R$ <strong>68<\/strong>,00<\/strong><\/strong>.&nbsp;Se interessou? Continue lendo e saiba mais!<\/p>\n\n\n\n<h2 class=\"wp-block-heading\">Resumo do edital<\/h2>\n\n\n\n<ul class=\"wp-block-list\">\n<li><strong>Vagas:<\/strong>&nbsp;100<\/li>\n\n\n\n<li><strong>Inscri\u00e7\u00f5es:&nbsp;<\/strong>01\/09\/2026 a 05\/10\/2026<\/li>\n\n\n\n<li><strong>Taxa de inscri\u00e7\u00e3o:<\/strong>&nbsp;R$ 66,00 a R$ 68,00<\/li>\n\n\n\n<li><strong>Provas:&nbsp;<\/strong>22\/11\/2026<\/li>\n\n\n\n<li><strong>Sal\u00e1rio inicial:<\/strong>&nbsp;R$ 3.650,83 a R$ 4.468,62<\/li>\n\n\n\n<li><strong>Banca:<\/strong>&nbsp;Instituto Quadrix<\/li>\n\n\n\n<li><a href=\"https:\/\/www.apostilasopcao.com.br\/blog\/wp-content\/uploads\/2026\/09\/c62b14c4-4749-407b-9104-547b320ab778.pdf\" target=\"_blank\" rel=\"noreferrer noopener\">Baixe o&nbsp;edital<\/a><\/li>\n<\/ul>\n\n\n\n<h2 class=\"wp-block-heading\">Concurso Prefeitura de Valen\u00e7a RJ: Inscri\u00e7\u00f5es<\/h2>\n\n\n\n<p class=\"wp-block-paragraph\">As inscri\u00e7\u00f5es do&nbsp;concurso Prefeitura de Valen\u00e7a RJ&nbsp;ser\u00e3o realizadas exclusivamente pela internet no site&nbsp;<a href=\"https:\/\/quadrix.org.br\/informacoes\/3073\/\" target=\"_blank\" rel=\"noreferrer noopener\">Instituto Quadrix<\/a>,&nbsp;respons\u00e1vel pela organiza\u00e7\u00e3o do certame. Inscri\u00e7\u00f5es estar\u00e3o dispon\u00edveis de&nbsp;<strong>1\u00ba de setembro a 5 de outubro&nbsp;de 2026<\/strong>. O valor da taxa de inscri\u00e7\u00e3o \u00e9 de:<\/p>\n\n\n\n<ul class=\"wp-block-list\">\n<li><strong>R$ 66,00<\/strong>&nbsp;para o cargo de n\u00edvel m\u00e9dio; e<\/li>\n\n\n\n<li><strong>R$ 68,00<\/strong>&nbsp;para os postos de n\u00edvel superior.<\/li>\n<\/ul>\n\n\n\n<p class=\"wp-block-paragraph\"><strong><em><strong><em>A data limite para pagamento da taxa de inscri\u00e7\u00e3o \u00e9 dia&nbsp;<strong>6 de outubro<\/strong><\/em><\/strong>&nbsp;de 2026.<\/em><\/strong><\/p>\n\n\n\n<h3 class=\"wp-block-heading\">Isen\u00e7\u00e3o da taxa<\/h3>\n\n\n\n<p class=\"wp-block-paragraph\">O per\u00edodo para solicita\u00e7\u00e3o de isen\u00e7\u00e3o da taxa de inscri\u00e7\u00e3o do concurso Prefeitura de Valen\u00e7a RJ ser\u00e1 entre os dias&nbsp;<strong>1\u00ba e 2 de setembro&nbsp;de 2026<\/strong>, conforme previsto no edital. Os pedidos podem ser realizados apenas pelos candidatos que se enquadrem em um dos seguintes crit\u00e9rios:<\/p>\n\n\n\n<ul class=\"wp-block-list\">\n<li>Candidatos que se enquadrarem na condi\u00e7\u00e3o de hipossufici\u00eancia e estar inscrito no Cadastro \u00danico para Programas Sociais do Governo Federal (Cad\u00danico).<\/li>\n<\/ul>\n\n\n\n<h2 class=\"wp-block-heading\">Concurso Prefeitura de Valen\u00e7a RJ: Cargos e vagas<\/h2>\n\n\n\n<p class=\"wp-block-paragraph\">O&nbsp;concurso&nbsp;Prefeitura de Valen\u00e7a RJ oferta<strong>&nbsp;100 vagas<\/strong> para <strong>professores<\/strong>&nbsp;da Secretaria Municipal de Educa\u00e7\u00e3o (SME). <\/p>\n\n\n\n<p class=\"wp-block-paragraph\"><strong>N\u00edvel m\u00e9dio<\/strong><\/p>\n\n\n\n<ul class=\"wp-block-list\">\n<li>Professor III: <strong>70 vagas<\/strong><\/li>\n<\/ul>\n\n\n\n<p class=\"wp-block-paragraph\"><strong>Requisito:<\/strong> n\u00edvel m\u00e9dio com forma\u00e7\u00e3o de Professor e\/ou Licenciatura Plena em Pedagogia.<\/p>\n\n\n\n<p class=\"wp-block-paragraph\"><strong>N\u00edvel superior<\/strong><\/p>\n\n\n\n<ul class=\"wp-block-list\">\n<li>Professor IV \u2013 Arte: <strong>1 vaga<\/strong><\/li>\n\n\n\n<li>Professor IV \u2013 Ci\u00eancias da Natureza: <strong>5 vagas<\/strong><\/li>\n\n\n\n<li>Professor IV \u2013 Educa\u00e7\u00e3o F\u00edsica: <strong>2 vagas<\/strong><\/li>\n\n\n\n<li>Professor IV \u2013 Ensino Religioso: <strong>1 vaga<\/strong><\/li>\n\n\n\n<li>Professor IV \u2013 Geografia: <strong>4 vagas<\/strong><\/li>\n\n\n\n<li>Professor IV \u2013 Hist\u00f3ria: <strong>4 vagas<\/strong><\/li>\n\n\n\n<li>Professor IV \u2013 L\u00edngua Inglesa: <strong>1 vaga<\/strong><\/li>\n\n\n\n<li>Professor IV \u2013 L\u00edngua Portuguesa: <strong>6 vagas<\/strong><\/li>\n\n\n\n<li>Professor IV \u2013 Matem\u00e1tica: <strong>6 vagas<\/strong><\/li>\n<\/ul>\n\n\n\n<p class=\"wp-block-paragraph\"><strong>Requisito:<\/strong> n\u00edvel superior com Licenciatura Plena na \u00e1rea de atua\u00e7\u00e3o.<\/p>\n\n\n<div class=\"wp-block-image\">\n<figure class=\"aligncenter size-full is-resized\"><img loading=\"lazy\" decoding=\"async\" width=\"2560\" height=\"1707\" src=\"https:\/\/www.apostilasopcao.com.br\/blog\/wp-content\/uploads\/2026\/09\/Professora-pedindo-a-resposta-convertido-de-jpg-scaled.webp\" alt=\"Professora pedindo a resposta\" class=\"wp-image-15744\" style=\"aspect-ratio:1.4997263977854316;width:534px;height:auto\" srcset=\"https:\/\/www.apostilasopcao.com.br\/blog\/wp-content\/uploads\/2026\/09\/Professora-pedindo-a-resposta-convertido-de-jpg-scaled.webp 2560w, https:\/\/www.apostilasopcao.com.br\/blog\/wp-content\/uploads\/2026\/09\/Professora-pedindo-a-resposta-convertido-de-jpg-300x200.webp 300w, https:\/\/www.apostilasopcao.com.br\/blog\/wp-content\/uploads\/2026\/09\/Professora-pedindo-a-resposta-convertido-de-jpg-1024x683.webp 1024w, https:\/\/www.apostilasopcao.com.br\/blog\/wp-content\/uploads\/2026\/09\/Professora-pedindo-a-resposta-convertido-de-jpg-768x512.webp 768w, https:\/\/www.apostilasopcao.com.br\/blog\/wp-content\/uploads\/2026\/09\/Professora-pedindo-a-resposta-convertido-de-jpg-1536x1024.webp 1536w, https:\/\/www.apostilasopcao.com.br\/blog\/wp-content\/uploads\/2026\/09\/Professora-pedindo-a-resposta-convertido-de-jpg-2048x1365.webp 2048w, https:\/\/www.apostilasopcao.com.br\/blog\/wp-content\/uploads\/2026\/09\/Professora-pedindo-a-resposta-convertido-de-jpg-360x240.webp 360w\" sizes=\"auto, (max-width: 2560px) 100vw, 2560px\" \/><figcaption class=\"wp-element-caption\"><em>Concurso Prefeitura de Valen\u00e7a RJ: Saiu o edital com 100 vagas! <\/em><\/figcaption><\/figure>\n<\/div>\n\n\n<h3 class=\"wp-block-heading\">Concurso Prefeitura de Valen\u00e7a RJ: Sal\u00e1rios<\/h3>\n\n\n\n<p class=\"wp-block-paragraph\">Os sal\u00e1rios iniciais do concurso&nbsp;Prefeitura de Valen\u00e7a RJ variam entre:<\/p>\n\n\n\n<p class=\"wp-block-paragraph\"><strong>N\u00edvel m\u00e9dio<\/strong><\/p>\n\n\n\n<ul class=\"wp-block-list\">\n<li><strong>Professor III:<\/strong> R$ 3.650,83<\/li>\n<\/ul>\n\n\n\n<p class=\"wp-block-paragraph\"><strong>N\u00edvel superior<\/strong><\/p>\n\n\n\n<ul class=\"wp-block-list\">\n<li><strong>Professor IV \u2013 todas as \u00e1reas:<\/strong> R$ 4.468,62.<\/li>\n<\/ul>\n\n\n\n<h2 class=\"wp-block-heading\">Concurso Prefeitura de Valen\u00e7a RJ: Requisitos<\/h2>\n\n\n\n<p class=\"wp-block-paragraph\">Para participar do concurso Prefeitura de Valen\u00e7a RJ, os candidatos devem atender aos seguintes requisitos:<\/p>\n\n\n\n<ul class=\"wp-block-list\">\n<li>Ter nacionalidade brasileira ou portuguesa. No caso de nacionalidade portuguesa, estar amparado pelo Estatuto de Igualdade entre Brasileiros e Portugueses, com reconhecimento do gozo dos direitos pol\u00edticos;<\/li>\n\n\n\n<li>Ter <strong>18 anos completos na data da posse<\/strong>;<\/li>\n\n\n\n<li>Estar em dia com as <strong>obriga\u00e7\u00f5es eleitorais<\/strong> e no pleno exerc\u00edcio dos direitos civis e pol\u00edticos;<\/li>\n\n\n\n<li>Apresentar <strong>certificado de reservista ou de dispensa do servi\u00e7o militar obrigat\u00f3rio<\/strong>, quando estiver sujeito a essa obriga\u00e7\u00e3o;<\/li>\n\n\n\n<li>Possuir os requisitos de escolaridade e demais condi\u00e7\u00f5es exigidas para o exerc\u00edcio do cargo, conforme estabelecido no edital;<\/li>\n\n\n\n<li>Comprovar <strong>aptid\u00e3o f\u00edsica e mental<\/strong> para o exerc\u00edcio das fun\u00e7\u00f5es, mediante avalia\u00e7\u00e3o m\u00e9dica oficial;<\/li>\n\n\n\n<li>Apresentar declara\u00e7\u00e3o sobre o exerc\u00edcio ou n\u00e3o de outro <strong>cargo, emprego ou fun\u00e7\u00e3o p\u00fablica<\/strong>, bem como sobre o recebimento de proventos de aposentadoria ou pens\u00e3o;<\/li>\n\n\n\n<li>Atender aos demais requisitos previstos na <strong>Lei Complementar Municipal n\u00ba 28\/1999<\/strong>, na legisla\u00e7\u00e3o espec\u00edfica do magist\u00e9rio e nas demais normas municipais aplic\u00e1veis \u00e0 investidura em cargo p\u00fablico.<\/li>\n<\/ul>\n\n\n\n<h2 class=\"wp-block-heading\">Etapas de sele\u00e7\u00e3o<\/h2>\n\n\n\n<p class=\"wp-block-paragraph\">Os inscritos no concurso Prefeitura de Valen\u00e7a RJ ser\u00e3o avaliados&nbsp;por meio das seguintes etapas: <\/p>\n\n\n\n<ul class=\"wp-block-list\">\n<li><strong>Prova objetiva:<\/strong>\u00a0eliminat\u00f3ria e classificat\u00f3ria;<\/li>\n\n\n\n<li><strong>Avalia\u00e7\u00e3o de t\u00edtulos:<\/strong>\u00a0classificat\u00f3ria.<\/li>\n<\/ul>\n\n\n\n<h3 class=\"wp-block-heading\">Prova Objetiva<\/h3>\n\n\n\n<p class=\"wp-block-paragraph\">A prova objetiva do concurso da <strong>Prefeitura de Valen\u00e7a RJ<\/strong> est\u00e1 prevista para o dia <strong>22 de novembro de 2026<\/strong> e ter\u00e1 <strong>dura\u00e7\u00e3o de 3 horas<\/strong>.<\/p>\n\n\n\n<p class=\"wp-block-paragraph\">Os candidatos ao cargo de <strong>Professor III<\/strong> realizar\u00e3o a avalia\u00e7\u00e3o no <strong>per\u00edodo da manh\u00e3<\/strong>, enquanto os inscritos para <strong>Professor IV<\/strong> far\u00e3o a prova no <strong>per\u00edodo da tarde<\/strong>.<\/p>\n\n\n\n<p class=\"wp-block-paragraph\">A avalia\u00e7\u00e3o ser\u00e1 composta por <strong>50 quest\u00f5es de m\u00faltipla escolha<\/strong>, cada uma com cinco alternativas e apenas uma resposta correta, totalizando <strong>80 pontos<\/strong>.<\/p>\n\n\n\n<p class=\"wp-block-paragraph\">A distribui\u00e7\u00e3o ser\u00e1:<\/p>\n\n\n\n<ul class=\"wp-block-list\">\n<li><strong>Conhecimentos B\u00e1sicos:<\/strong> 10 quest\u00f5es \u2013 10 pontos\n<ul class=\"wp-block-list\">\n<li>L\u00edngua Portuguesa;<\/li>\n\n\n\n<li>Legisla\u00e7\u00e3o.<\/li>\n<\/ul>\n<\/li>\n\n\n\n<li><strong>Conhecimentos Complementares:<\/strong> 10 quest\u00f5es \u2013 10 pontos\n<ul class=\"wp-block-list\">\n<li>Educa\u00e7\u00e3o Inclusiva.<\/li>\n<\/ul>\n<\/li>\n\n\n\n<li><strong>Conhecimentos Espec\u00edficos:<\/strong> 30 quest\u00f5es \u2013 60 pontos.<\/li>\n<\/ul>\n\n\n\n<p class=\"wp-block-paragraph\">Para ser aprovado e permanecer no concurso, o candidato dever\u00e1 obter <strong>no m\u00ednimo 40 pontos<\/strong> na prova objetiva. Quem alcan\u00e7ar pontua\u00e7\u00e3o inferior ser\u00e1 eliminado.<\/p>\n\n\n\n<p class=\"wp-block-paragraph\">A <strong>avalia\u00e7\u00e3o de t\u00edtulos<\/strong> ter\u00e1 car\u00e1ter classificat\u00f3rio e poder\u00e1 acrescentar <strong>at\u00e9 8 pontos<\/strong> \u00e0 classifica\u00e7\u00e3o final.<\/p>\n\n\n\n<h3 class=\"wp-block-heading\">Avalia\u00e7\u00e3o de T\u00edtulos<\/h3>\n\n\n\n<p class=\"wp-block-paragraph\">A avalia\u00e7\u00e3o de t\u00edtulos do concurso da <strong>Prefeitura de Valen\u00e7a RJ<\/strong> ser\u00e1 aplicada aos candidatos <strong>aprovados na prova objetiva<\/strong> e ter\u00e1 car\u00e1ter <strong>exclusivamente classificat\u00f3rio<\/strong>. A etapa poder\u00e1 acrescentar at\u00e9 <strong>8 pontos<\/strong> \u00e0 nota final.<\/p>\n\n\n<div class=\"wp-block-image\">\n<figure class=\"aligncenter size-full\"><img loading=\"lazy\" decoding=\"async\" width=\"733\" height=\"370\" src=\"https:\/\/www.apostilasopcao.com.br\/blog\/wp-content\/uploads\/2026\/09\/Captura-de-tela-2026-09-02-090844-convertido-de-png.webp\" alt=\"Tabela de t\u00edtulos do t\u00edtulos do concurso Prefeitura de Valen\u00e7a RJ\" class=\"wp-image-15747\" srcset=\"https:\/\/www.apostilasopcao.com.br\/blog\/wp-content\/uploads\/2026\/09\/Captura-de-tela-2026-09-02-090844-convertido-de-png.webp 733w, https:\/\/www.apostilasopcao.com.br\/blog\/wp-content\/uploads\/2026\/09\/Captura-de-tela-2026-09-02-090844-convertido-de-png-300x151.webp 300w\" sizes=\"auto, (max-width: 733px) 100vw, 733px\" \/><\/figure>\n<\/div>\n\n<div class=\"wp-block-image\">\n<figure class=\"aligncenter size-full\"><img loading=\"lazy\" decoding=\"async\" width=\"735\" height=\"182\" src=\"https:\/\/www.apostilasopcao.com.br\/blog\/wp-content\/uploads\/2026\/09\/Captura-de-tela-2026-09-02-090858-convertido-de-png.webp\" alt=\"Tabela de t\u00edtulos do t\u00edtulos do concurso Prefeitura de Valen\u00e7a RJ\" class=\"wp-image-15746\" srcset=\"https:\/\/www.apostilasopcao.com.br\/blog\/wp-content\/uploads\/2026\/09\/Captura-de-tela-2026-09-02-090858-convertido-de-png.webp 735w, https:\/\/www.apostilasopcao.com.br\/blog\/wp-content\/uploads\/2026\/09\/Captura-de-tela-2026-09-02-090858-convertido-de-png-300x74.webp 300w\" sizes=\"auto, (max-width: 735px) 100vw, 735px\" \/><figcaption class=\"wp-element-caption\"><em>Tabela de t\u00edtulos do t\u00edtulos do concurso Prefeitura de Valen\u00e7a RJ<\/em><\/figcaption><\/figure>\n<\/div>\n\n\n<p class=\"wp-block-paragraph\">A documenta\u00e7\u00e3o comprobat\u00f3ria dever\u00e1 ser enviada <strong>exclusivamente por upload<\/strong>, no per\u00edodo de <strong>16 a 18 de dezembro de 2026<\/strong>, conforme convoca\u00e7\u00e3o prevista para <strong>15 de dezembro de 2026<\/strong>.<\/p>\n\n\n\n<p class=\"wp-block-paragraph\">A etapa n\u00e3o ter\u00e1 car\u00e1ter eliminat\u00f3rio, portanto, a aus\u00eancia de t\u00edtulos n\u00e3o eliminar\u00e1 o candidato, apenas impedir\u00e1 o recebimento da pontua\u00e7\u00e3o correspondente.<\/p>\n\n\n\n<p class=\"wp-block-paragraph\"><strong>Quer ficar por dentro de tudo sobre o universo de concursos?&nbsp;<a href=\"https:\/\/www.apostilasopcao.com.br\/blog\/noticias\/\" target=\"_blank\" rel=\"noopener\">Confira as nossas not\u00edcias!<\/a><\/strong><\/p>\n\n\n\n<p class=\"wp-block-paragraph\"><\/p>\n","protected":false},"excerpt":{"rendered":"<p>Foi anunciado o novo concurso Prefeitura de Valen\u00e7a RJ! Oferta\u00a0100 vagas para professores\u00a0da Secretaria Municipal de Educa\u00e7\u00e3o (SME). As inscri\u00e7\u00f5es estar\u00e3o abertas a partir de\u00a01\u00ba de setembro\u00a0e se estendem at\u00e9\u00a05 de outubro\u00a0de 2026. Saiba mais!<\/p>\n","protected":false},"author":13,"featured_media":15748,"comment_status":"closed","ping_status":"closed","sticky":false,"template":"","format":"standard","meta":{"_acf_changed":false,"breadcrumbs_single_post":"","page_title_panel":"","breadcrumbs_single_page":"","single_page_alignment":"","single_page_margin":"","page_structure_type":"","content_style_source":"","content_style":"","blog_post_streched_ed":"","blog_page_streched_ed":"","has_transparent_header":"","disable_transparent_header":"","vertical_spacing_source":"","content_area_spacing":"","single_post_content_background":"","single_page_content_background":"","single_post_boxed_content_spacing":"","single_page_boxed_content_spacing":"","single_post_content_boxed_radius":"","single_page_content_boxed_radius":"","disable_featured_image":"","disable_post_tags":"","disable_author_box":"","disable_posts_navigation":"","disable_comments":"","disable_related_posts":"","disable_header":"","disable_footer":"","footnotes":""},"categories":[4,24],"tags":[1187],"class_list":["post-15742","post","type-post","status-publish","format-standard","has-post-thumbnail","hentry","category-noticias","category-rj","tag-concurso-prefeitura-de-valenca-rj","rishi-post"],"acf":{"data_prova":"20261122","status":"aberto"},"_links":{"self":[{"href":"https:\/\/www.apostilasopcao.com.br\/blog\/wp-json\/wp\/v2\/posts\/15742","targetHints":{"allow":["GET"]}}],"collection":[{"href":"https:\/\/www.apostilasopcao.com.br\/blog\/wp-json\/wp\/v2\/posts"}],"about":[{"href":"https:\/\/www.apostilasopcao.com.br\/blog\/wp-json\/wp\/v2\/types\/post"}],"author":[{"embeddable":true,"href":"https:\/\/www.apostilasopcao.com.br\/blog\/wp-json\/wp\/v2\/users\/13"}],"replies":[{"embeddable":true,"href":"https:\/\/www.apostilasopcao.com.br\/blog\/wp-json\/wp\/v2\/comments?post=15742"}],"version-history":[{"count":2,"href":"https:\/\/www.apostilasopcao.com.br\/blog\/wp-json\/wp\/v2\/posts\/15742\/revisions"}],"predecessor-version":[{"id":15749,"href":"https:\/\/www.apostilasopcao.com.br\/blog\/wp-json\/wp\/v2\/posts\/15742\/revisions\/15749"}],"wp:featuredmedia":[{"embeddable":true,"href":"https:\/\/www.apostilasopcao.com.br\/blog\/wp-json\/wp\/v2\/media\/15748"}],"wp:attachment":[{"href":"https:\/\/www.apostilasopcao.com.br\/blog\/wp-json\/wp\/v2\/media?parent=15742"}],"wp:term":[{"taxonomy":"category","embeddable":true,"href":"https:\/\/www.apostilasopcao.com.br\/blog\/wp-json\/wp\/v2\/categories?post=15742"},{"taxonomy":"post_tag","embeddable":true,"href":"https:\/\/www.apostilasopcao.com.br\/blog\/wp-json\/wp\/v2\/tags?post=15742"}],"curies":[{"name":"wp","href":"https:\/\/api.w.org\/{rel}","templated":true}]}}