{"id":15750,"date":"2026-09-02T10:23:06","date_gmt":"2026-09-02T13:23:06","guid":{"rendered":"https:\/\/www.apostilasopcao.com.br\/blog\/?p=15750"},"modified":"2026-09-02T10:23:10","modified_gmt":"2026-09-02T13:23:10","slug":"prefeitura-de-vera-cruz-sp","status":"publish","type":"post","link":"https:\/\/www.apostilasopcao.com.br\/blog\/prefeitura-de-vera-cruz-sp\/","title":{"rendered":"Concurso Prefeitura de Vera Cruz SP: Edital publicado para Professor!"},"content":{"rendered":"\n<p class=\"wp-block-paragraph\">Ol\u00e1, concurseiros! Foi anunciado o novo concurso Prefeitura de Vera Cruz SP! Oferta\u00a0<strong>13 vagas <\/strong>imediatas\u00a0para cargos de\u00a0n\u00edvel superior. Os sal\u00e1rios iniciais variam entre\u00a0<strong>R$ 3.272,63 a R$ 3.847,80<\/strong>. As inscri\u00e7\u00f5es estar\u00e3o abertas a partir de\u00a0<strong><strong>2<\/strong>9 de agosto<\/strong>\u00a0e se estendem at\u00e9\u00a0<strong><strong><strong>27 de setembro<\/strong><\/strong>\u00a0de 2026<\/strong>. J\u00e1 a prova objetiva est\u00e1 prevista para o dia\u00a0<strong><strong><strong>18 de outubro<\/strong><\/strong><\/strong>\u00a0<strong>de 2026<\/strong>. O valor da taxa de inscri\u00e7\u00e3o \u00e9 de\u00a0<strong><strong><strong>R$ 31,80<\/strong><\/strong><\/strong>.\u00a0Se interessou? Continue lendo e saiba mais!<\/p>\n\n\n\n<h2 class=\"wp-block-heading\">Resumo do edital<\/h2>\n\n\n\n<ul class=\"wp-block-list\">\n<li><strong>Vagas:<\/strong>\u00a013 <\/li>\n\n\n\n<li><strong>Inscri\u00e7\u00f5es:\u00a0<\/strong>29\/08\/2026 a 27\/09\/2026<\/li>\n\n\n\n<li><strong>Taxa de inscri\u00e7\u00e3o:<\/strong>\u00a0R$ 31,80<\/li>\n\n\n\n<li><strong>Provas:\u00a0<\/strong>18\/10\/2026<\/li>\n\n\n\n<li><strong>Sal\u00e1rio inicial:<\/strong>\u00a0R$ 3.272,63 a R$ 3.847,80<\/li>\n\n\n\n<li><strong>Banca:<\/strong>\u00a0Instituto IBEPP<\/li>\n\n\n\n<li><a href=\"https:\/\/www.apostilasopcao.com.br\/blog\/wp-content\/uploads\/2026\/09\/434d951ccb727682cd021cc2c9605ff7.pdf\" target=\"_blank\" rel=\"noreferrer noopener\">Baixe o\u00a0edital<\/a><\/li>\n<\/ul>\n\n\n\n<h2 class=\"wp-block-heading\">Concurso Prefeitura de Vera Cruz SP: Inscri\u00e7\u00f5es<\/h2>\n\n\n\n<p class=\"wp-block-paragraph\">As inscri\u00e7\u00f5es do\u00a0concurso Prefeitura de Vera Cruz SP\u00a0ser\u00e3o realizadas exclusivamente pela internet no site\u00a0<a href=\"https:\/\/portal.institutoibepp.com.br\/edital\/ver\/61\" target=\"_blank\" rel=\"noreferrer noopener\">Instituto IBEPP<\/a>,\u00a0respons\u00e1vel pela organiza\u00e7\u00e3o do certame. Inscri\u00e7\u00f5es estar\u00e3o dispon\u00edveis de\u00a0<strong><strong><strong>2<\/strong>9 de agosto<\/strong><\/strong> <strong>a\u00a0<strong><strong><strong>27 de setembro<\/strong><\/strong><\/strong>\u00a0de 2026<\/strong>. O valor da taxa de inscri\u00e7\u00e3o \u00e9 de <strong><strong><strong>R$ 31,80<\/strong><\/strong><\/strong> para todos os cargos.<\/p>\n\n\n\n<p class=\"wp-block-paragraph\"><strong><em><strong><em>A data limite para pagamento da taxa de inscri\u00e7\u00e3o \u00e9 dia\u00a0<strong><strong>28 de setembro<\/strong><\/strong><\/em><\/strong>\u00a0de 2026.<\/em><\/strong><\/p>\n\n\n\n<h2 class=\"wp-block-heading\">Concurso Prefeitura de Vera Cruz SP: Cargos e vagas<\/h2>\n\n\n\n<p class=\"wp-block-paragraph\">O\u00a0concurso\u00a0Prefeitura de Vera Cruz SP oferta\u00a0<strong>13 vagas <\/strong>imediatas\u00a0para cargos de\u00a0n\u00edvel superior. <\/p>\n\n\n\n<ul class=\"wp-block-list\">\n<li>Professor: 5 vagas;<\/li>\n\n\n\n<li>Professor de L\u00edngua Inglesa: 2 vagas;<\/li>\n\n\n\n<li>Professor PEB I: 5 vagas;<\/li>\n\n\n\n<li>Psicopedagogo: 1 vaga.<\/li>\n<\/ul>\n\n\n<div class=\"wp-block-image\">\n<figure class=\"aligncenter size-full is-resized\"><img loading=\"lazy\" decoding=\"async\" width=\"2560\" height=\"1709\" src=\"https:\/\/www.apostilasopcao.com.br\/blog\/wp-content\/uploads\/2026\/09\/Professor-segurando-o-livro-e-oculos-em-sala-de-aula-1-convertido-de-jpg-scaled.webp\" alt=\"Professor segurando o livro e \u00f3culos em sala de aula \" class=\"wp-image-15752\" style=\"aspect-ratio:1.4979905475356075;width:512px;height:auto\" srcset=\"https:\/\/www.apostilasopcao.com.br\/blog\/wp-content\/uploads\/2026\/09\/Professor-segurando-o-livro-e-oculos-em-sala-de-aula-1-convertido-de-jpg-scaled.webp 2560w, https:\/\/www.apostilasopcao.com.br\/blog\/wp-content\/uploads\/2026\/09\/Professor-segurando-o-livro-e-oculos-em-sala-de-aula-1-convertido-de-jpg-300x200.webp 300w, https:\/\/www.apostilasopcao.com.br\/blog\/wp-content\/uploads\/2026\/09\/Professor-segurando-o-livro-e-oculos-em-sala-de-aula-1-convertido-de-jpg-1024x683.webp 1024w, https:\/\/www.apostilasopcao.com.br\/blog\/wp-content\/uploads\/2026\/09\/Professor-segurando-o-livro-e-oculos-em-sala-de-aula-1-convertido-de-jpg-768x513.webp 768w, https:\/\/www.apostilasopcao.com.br\/blog\/wp-content\/uploads\/2026\/09\/Professor-segurando-o-livro-e-oculos-em-sala-de-aula-1-convertido-de-jpg-1536x1025.webp 1536w, https:\/\/www.apostilasopcao.com.br\/blog\/wp-content\/uploads\/2026\/09\/Professor-segurando-o-livro-e-oculos-em-sala-de-aula-1-convertido-de-jpg-2048x1367.webp 2048w, https:\/\/www.apostilasopcao.com.br\/blog\/wp-content\/uploads\/2026\/09\/Professor-segurando-o-livro-e-oculos-em-sala-de-aula-1-convertido-de-jpg-360x240.webp 360w\" sizes=\"auto, (max-width: 2560px) 100vw, 2560px\" \/><figcaption class=\"wp-element-caption\"><em>Concurso Prefeitura de Vera Cruz SP: Edital publicado para Professor!<\/em><\/figcaption><\/figure>\n<\/div>\n\n\n<h3 class=\"wp-block-heading\">Concurso Prefeitura de Vera Cruz SP: Sal\u00e1rios<\/h3>\n\n\n\n<p class=\"wp-block-paragraph\">Os sal\u00e1rios iniciais do concurso\u00a0Prefeitura de Vera Cruz SP variam entre:<\/p>\n\n\n\n<ul class=\"wp-block-list\">\n<li>Professor: <strong>R$ 3.272,63 <\/strong>para jornada de 20 horas semanais;<\/li>\n\n\n\n<li>Professor de L\u00edngua Inglesa: <strong>R$ 3.847,80<\/strong> para jornada de 30 horas semanais;<\/li>\n\n\n\n<li>Professor PEB I: <strong>R$ 3.847,80<\/strong> para jornada de 30 horas semanaais;<\/li>\n\n\n\n<li>Psicopedagogo: <strong>R$ 3.847,80<\/strong> para jornada de 30 horas semanais.<\/li>\n<\/ul>\n\n\n\n<p class=\"wp-block-paragraph\">Al\u00e9m da remunera\u00e7\u00e3o prevista para cada cargo, os candidatos aprovados ter\u00e3o direito a <strong>cart\u00e3o vale-alimenta\u00e7\u00e3o no valor de R$ 850,00<\/strong>.<\/p>\n\n\n\n<h2 class=\"wp-block-heading\">Concurso Prefeitura de Vera Cruz SP: Requisitos<\/h2>\n\n\n\n<p class=\"wp-block-paragraph\">Para participar do concurso Prefeitura de Vera Cruz SP, os candidatos devem atender aos seguintes requisitos:<\/p>\n\n\n\n<ul class=\"wp-block-list\">\n<li>ser brasileiro nato ou naturalizado ou, no caso de estrangeiro, atender \u00e0s prerrogativas previstas no artigo 12 da Constitui\u00e7\u00e3o Federal e demais disposi\u00e7\u00f5es legais;<\/li>\n\n\n\n<li>ter idade m\u00ednima de 18 anos e n\u00e3o ter atingido, na data da posse, a idade para aposentadoria compuls\u00f3ria;<\/li>\n\n\n\n<li>estar no gozo dos direitos pol\u00edticos e civis e quite com as obriga\u00e7\u00f5es eleitorais e, quando aplic\u00e1vel, militares;<\/li>\n\n\n\n<li>possuir boa sa\u00fade f\u00edsica e mental e aptid\u00e3o para o exerc\u00edcio das atribui\u00e7\u00f5es do cargo, comprovadas por avalia\u00e7\u00e3o m\u00e9dica realizada por profissionais indicados pelo Munic\u00edpio;<\/li>\n\n\n\n<li>n\u00e3o possuir defici\u00eancia incompat\u00edvel com o exerc\u00edcio das atribui\u00e7\u00f5es do cargo;<\/li>\n\n\n\n<li>possuir a escolaridade exigida para o emprego p\u00fablico e, quando necess\u00e1rio, habilita\u00e7\u00e3o profissional regulamentada pelo respectivo \u00f3rg\u00e3o de classe;<\/li>\n\n\n\n<li>ter sido previamente habilitado no concurso p\u00fablico;<\/li>\n\n\n\n<li>n\u00e3o possuir antecedentes civis ou criminais incompat\u00edveis com o exerc\u00edcio do cargo ou contra a Administra\u00e7\u00e3o P\u00fablica;<\/li>\n\n\n\n<li>n\u00e3o ser aposentado por invalidez nem estar sujeito \u00e0 aposentadoria compuls\u00f3ria;<\/li>\n\n\n\n<li>n\u00e3o ter condena\u00e7\u00e3o com tr\u00e2nsito em julgado pelos crimes e atos previstos no edital, incluindo crimes contra a Administra\u00e7\u00e3o P\u00fablica, improbidade administrativa e preju\u00edzo ao er\u00e1rio;<\/li>\n\n\n\n<li>apresentar declara\u00e7\u00e3o de bens;<\/li>\n\n\n\n<li>apresentar os demais documentos exigidos pelo Munic\u00edpio de Vera Cruz\/SP.<\/li>\n<\/ul>\n\n\n\n<h2 class=\"wp-block-heading\">Etapas de sele\u00e7\u00e3o<\/h2>\n\n\n\n<p class=\"wp-block-paragraph\">Os inscritos no concurso Prefeitura de Vera Cruz SP ser\u00e3o avaliados\u00a0por meio das seguintes etapas:<\/p>\n\n\n\n<ul class=\"wp-block-list\">\n<li><strong>Prova objetiva<\/strong>, de car\u00e1ter eliminat\u00f3rio e classificat\u00f3rio;<\/li>\n\n\n\n<li><strong>Prova de t\u00edtulos<\/strong>, de car\u00e1ter classificat\u00f3rio.<\/li>\n<\/ul>\n\n\n\n<h3 class=\"wp-block-heading\">Prova objetiva<\/h3>\n\n\n\n<p class=\"wp-block-paragraph\">A prova objetiva do concurso da Prefeitura de Vera Cruz SP est\u00e1 prevista para o dia <strong>18 de outubro de 2026<\/strong>, em Vera Cruz SP, com dura\u00e7\u00e3o de <strong>3 horas<\/strong>. A aplica\u00e7\u00e3o ser\u00e1 realizada em dois per\u00edodos:<\/p>\n\n\n\n<ul class=\"wp-block-list\">\n<li><strong>9h:<\/strong> Professor e Professor de L\u00edngua Inglesa;<\/li>\n\n\n\n<li><strong>14h:<\/strong> Professor PEB I e Psicopedagogo.<\/li>\n<\/ul>\n\n\n\n<p class=\"wp-block-paragraph\">O exame ser\u00e1 composto por <strong>40 quest\u00f5es de m\u00faltipla escolha<\/strong>, com quatro alternativas cada. A distribui\u00e7\u00e3o da prova ser\u00e1 a mesma para todos os cargos de n\u00edvel superior:<\/p>\n\n\n\n<ul class=\"wp-block-list\">\n<li>Conhecimentos Espec\u00edficos e Legisla\u00e7\u00e3o: 20 quest\u00f5es \u2013 70 pontos<\/li>\n\n\n\n<li>L\u00edngua Portuguesa: 10 quest\u00f5es \u2013 10 pontos<\/li>\n\n\n\n<li>Matem\u00e1tica: 5 quest\u00f5es \u2013 5 pontos<\/li>\n\n\n\n<li>Conhecimentos Gerais e Atualidades: 5 quest\u00f5es \u2013 15 pontos<\/li>\n<\/ul>\n\n\n\n<p class=\"wp-block-paragraph\">A divulga\u00e7\u00e3o dos <strong>locais de prova e do Cart\u00e3o de Confirma\u00e7\u00e3o de Inscri\u00e7\u00e3o<\/strong> est\u00e1 prevista para <strong>5 de outubro de 2026<\/strong>.<\/p>\n\n\n\n<p class=\"wp-block-paragraph\"><em>Ser\u00e1 considerado aprovado o candidato que obtiver no m\u00ednimo 60 pontos. A maior parte da pontua\u00e7\u00e3o estar\u00e1 concentrada em Conhecimentos Espec\u00edficos e Legisla\u00e7\u00e3o, que corresponder\u00e3o a 70% da nota total.<\/em><\/p>\n\n\n\n<p class=\"wp-block-paragraph\">Claro. Segue a vers\u00e3o revisada, mantendo o padr\u00e3o das demais etapas:<\/p>\n\n\n\n<h3 class=\"wp-block-heading\">Prova de t\u00edtulos<\/h3>\n\n\n\n<p class=\"wp-block-paragraph\">A prova de t\u00edtulos do concurso da Prefeitura de Vera Cruz SP ter\u00e1 car\u00e1ter <strong>exclusivamente classificat\u00f3rio<\/strong> e ser\u00e1 aplicada somente aos candidatos <strong>aprovados na prova objetiva<\/strong>, ou seja, que obtiverem <strong>pelo menos 60 pontos<\/strong>.<\/p>\n\n\n\n<p class=\"wp-block-paragraph\">A etapa ter\u00e1 <strong>pontua\u00e7\u00e3o m\u00e1xima de 10 pontos<\/strong>, conforme os crit\u00e9rios estabelecidos no edital.<\/p>\n\n\n<div class=\"wp-block-image\">\n<figure class=\"aligncenter size-full\"><img loading=\"lazy\" decoding=\"async\" width=\"648\" height=\"287\" src=\"https:\/\/www.apostilasopcao.com.br\/blog\/wp-content\/uploads\/2026\/09\/Captura-de-tela-2026-09-02-101059-convertido-de-png.webp\" alt=\"Tabela de t\u00edtulos do concurso Prefeitura de Vera Cruz SP\" class=\"wp-image-15754\" srcset=\"https:\/\/www.apostilasopcao.com.br\/blog\/wp-content\/uploads\/2026\/09\/Captura-de-tela-2026-09-02-101059-convertido-de-png.webp 648w, https:\/\/www.apostilasopcao.com.br\/blog\/wp-content\/uploads\/2026\/09\/Captura-de-tela-2026-09-02-101059-convertido-de-png-300x133.webp 300w\" sizes=\"auto, (max-width: 648px) 100vw, 648px\" \/><\/figure>\n<\/div>\n\n<div class=\"wp-block-image\">\n<figure class=\"aligncenter size-full\"><img loading=\"lazy\" decoding=\"async\" width=\"646\" height=\"775\" src=\"https:\/\/www.apostilasopcao.com.br\/blog\/wp-content\/uploads\/2026\/09\/Captura-de-tela-2026-09-02-101110-convertido-de-png.webp\" alt=\"Tabela de t\u00edtulos do concurso Prefeitura de Vera Cruz SP\" class=\"wp-image-15753\" srcset=\"https:\/\/www.apostilasopcao.com.br\/blog\/wp-content\/uploads\/2026\/09\/Captura-de-tela-2026-09-02-101110-convertido-de-png.webp 646w, https:\/\/www.apostilasopcao.com.br\/blog\/wp-content\/uploads\/2026\/09\/Captura-de-tela-2026-09-02-101110-convertido-de-png-250x300.webp 250w\" sizes=\"auto, (max-width: 646px) 100vw, 646px\" \/><figcaption class=\"wp-element-caption\"><em>Tabela de t\u00edtulos do concurso Prefeitura de Vera Cruz SP<\/em><\/figcaption><\/figure>\n<\/div>\n\n\n<p class=\"wp-block-paragraph\">A pontua\u00e7\u00e3o obtida na prova de t\u00edtulos ser\u00e1 <strong>somada \u00e0 nota da prova objetiva<\/strong> para a defini\u00e7\u00e3o da classifica\u00e7\u00e3o final dos candidatos.<\/p>\n\n\n\n<p class=\"wp-block-paragraph\"><strong>Quer ficar por dentro de tudo sobre o universo de concursos?&nbsp;<a href=\"https:\/\/www.apostilasopcao.com.br\/blog\/noticias\/\" target=\"_blank\" rel=\"noopener\">Confira as nossas not\u00edcias!<\/a><\/strong><\/p>\n\n\n\n<p class=\"wp-block-paragraph\"><\/p>\n","protected":false},"excerpt":{"rendered":"<p>Foi anunciado o novo concurso Prefeitura de Vera Cruz SP! Oferta\u00a013 vagas imediatas\u00a0para cargos de\u00a0n\u00edvel superior. As inscri\u00e7\u00f5es estar\u00e3o abertas a partir de\u00a029 de agosto\u00a0e se estendem at\u00e9\u00a027 de setembro\u00a0de 2026. Saiba mais!<\/p>\n","protected":false},"author":13,"featured_media":15755,"comment_status":"closed","ping_status":"closed","sticky":false,"template":"","format":"standard","meta":{"_acf_changed":false,"breadcrumbs_single_post":"","page_title_panel":"","breadcrumbs_single_page":"","single_page_alignment":"","single_page_margin":"","page_structure_type":"","content_style_source":"","content_style":"","blog_post_streched_ed":"","blog_page_streched_ed":"","has_transparent_header":"","disable_transparent_header":"","vertical_spacing_source":"","content_area_spacing":"","single_post_content_background":"","single_page_content_background":"","single_post_boxed_content_spacing":"","single_page_boxed_content_spacing":"","single_post_content_boxed_radius":"","single_page_content_boxed_radius":"","disable_featured_image":"","disable_post_tags":"","disable_author_box":"","disable_posts_navigation":"","disable_comments":"","disable_related_posts":"","disable_header":"","disable_footer":"","footnotes":""},"categories":[4,6],"tags":[1188],"class_list":["post-15750","post","type-post","status-publish","format-standard","has-post-thumbnail","hentry","category-noticias","category-sp","tag-concurso-prefeitura-de-vera-cruz-sp","rishi-post"],"acf":{"data_prova":"20261018","status":"aberto"},"_links":{"self":[{"href":"https:\/\/www.apostilasopcao.com.br\/blog\/wp-json\/wp\/v2\/posts\/15750","targetHints":{"allow":["GET"]}}],"collection":[{"href":"https:\/\/www.apostilasopcao.com.br\/blog\/wp-json\/wp\/v2\/posts"}],"about":[{"href":"https:\/\/www.apostilasopcao.com.br\/blog\/wp-json\/wp\/v2\/types\/post"}],"author":[{"embeddable":true,"href":"https:\/\/www.apostilasopcao.com.br\/blog\/wp-json\/wp\/v2\/users\/13"}],"replies":[{"embeddable":true,"href":"https:\/\/www.apostilasopcao.com.br\/blog\/wp-json\/wp\/v2\/comments?post=15750"}],"version-history":[{"count":1,"href":"https:\/\/www.apostilasopcao.com.br\/blog\/wp-json\/wp\/v2\/posts\/15750\/revisions"}],"predecessor-version":[{"id":15756,"href":"https:\/\/www.apostilasopcao.com.br\/blog\/wp-json\/wp\/v2\/posts\/15750\/revisions\/15756"}],"wp:featuredmedia":[{"embeddable":true,"href":"https:\/\/www.apostilasopcao.com.br\/blog\/wp-json\/wp\/v2\/media\/15755"}],"wp:attachment":[{"href":"https:\/\/www.apostilasopcao.com.br\/blog\/wp-json\/wp\/v2\/media?parent=15750"}],"wp:term":[{"taxonomy":"category","embeddable":true,"href":"https:\/\/www.apostilasopcao.com.br\/blog\/wp-json\/wp\/v2\/categories?post=15750"},{"taxonomy":"post_tag","embeddable":true,"href":"https:\/\/www.apostilasopcao.com.br\/blog\/wp-json\/wp\/v2\/tags?post=15750"}],"curies":[{"name":"wp","href":"https:\/\/api.w.org\/{rel}","templated":true}]}}