{"id":15770,"date":"2026-09-02T13:54:53","date_gmt":"2026-09-02T16:54:53","guid":{"rendered":"https:\/\/www.apostilasopcao.com.br\/blog\/?p=15770"},"modified":"2026-09-02T13:54:58","modified_gmt":"2026-09-02T16:54:58","slug":"prefeitura-de-arealva-sp","status":"publish","type":"post","link":"https:\/\/www.apostilasopcao.com.br\/blog\/prefeitura-de-arealva-sp\/","title":{"rendered":"Concurso Prefeitura de Arealva SP: Edital aberto com sal\u00e1rios de at\u00e9 R$ 9,8mil!"},"content":{"rendered":"\n<p class=\"wp-block-paragraph\">Ol\u00e1, concurseiros! Foi anunciado o novo concurso Prefeitura de Arealva SP! Oferta\u00a0<strong>9 vagas\u00a0<\/strong>imediatas, al\u00e9m de forma\u00e7\u00e3o de cadastro reserva, para cargos de n\u00edvel fundamental incompleto, fundamental completo, m\u00e9dio e superior. Os sal\u00e1rios iniciais variam entre\u00a0<strong>R$ 1.713,68 a R$ 9.826,50<\/strong>. As inscri\u00e7\u00f5es estar\u00e3o abertas a partir de\u00a0<strong><strong>1\u00ba de setembro<\/strong><\/strong>\u00a0e se estendem at\u00e9\u00a0<strong><strong>12 de outubro<\/strong>\u00a0de 2026<\/strong>. J\u00e1 a prova objetiva est\u00e1 prevista para o dia\u00a0<strong><strong>20 de dezembro<\/strong><\/strong>\u00a0<strong>de 2026<\/strong>. O valor da taxa de inscri\u00e7\u00e3o \u00e9 de\u00a0<strong><strong>R$ 50,00 a R$ 70,00<\/strong><\/strong>. Se interessou? Continue lendo e saiba mais!<\/p>\n\n\n\n<h2 class=\"wp-block-heading\">Resumo do edital<\/h2>\n\n\n\n<ul class=\"wp-block-list\">\n<li><strong>Vagas:<\/strong>\u00a09 + CR<\/li>\n\n\n\n<li><strong>Inscri\u00e7\u00f5es:\u00a0<\/strong>01\/09\/2026 a 12\/10\/2026<\/li>\n\n\n\n<li><strong>Taxa de inscri\u00e7\u00e3o:<\/strong>\u00a0R$ 50,00 a R$ 70,00<\/li>\n\n\n\n<li><strong>Provas:\u00a0<\/strong>20\/12\/2026<\/li>\n\n\n\n<li><strong>Sal\u00e1rio inicial:<\/strong>\u00a0R$ 1.713,68 a R$ 9.826,50<\/li>\n\n\n\n<li><strong>Banca:<\/strong>\u00a0CONSESP<\/li>\n\n\n\n<li><a href=\"https:\/\/www.apostilasopcao.com.br\/blog\/wp-content\/uploads\/2026\/09\/4934_arealvacp001.2026.pdf\" target=\"_blank\" rel=\"noreferrer noopener\">Baixe o\u00a0edital<\/a><\/li>\n<\/ul>\n\n\n\n<h2 class=\"wp-block-heading\">Concurso Prefeitura de Arealva SP: Inscri\u00e7\u00f5es<\/h2>\n\n\n\n<p class=\"wp-block-paragraph\">As inscri\u00e7\u00f5es do\u00a0concurso Prefeitura de Arealva SP\u00a0ser\u00e3o realizadas exclusivamente pela internet no site\u00a0<a href=\"https:\/\/sis.consesp.com.br\/site\/index.php?pg=concursos\/info&amp;codigo=4934\" target=\"_blank\" rel=\"noreferrer noopener\">CONSESP<\/a>,\u00a0respons\u00e1vel pela organiza\u00e7\u00e3o do certame. Inscri\u00e7\u00f5es estar\u00e3o dispon\u00edveis de\u00a0<strong>1\u00ba de setembro a 12 de outubro\u00a0de 2026<\/strong>. O valor da taxa de inscri\u00e7\u00e3o \u00e9 de:<\/p>\n\n\n\n<ul class=\"wp-block-list\">\n<li><strong>R$ 50,00<\/strong> para n\u00edvel fundamental<\/li>\n\n\n\n<li><strong>R$ 60,00<\/strong> para n\u00edvel m\u00e9dio <\/li>\n\n\n\n<li><strong>R$ 70,00<\/strong> para n\u00edvel superior<\/li>\n<\/ul>\n\n\n\n<p class=\"wp-block-paragraph\"><strong><em><strong><em>A data limite para pagamento da taxa de inscri\u00e7\u00e3o \u00e9 dia\u00a0<strong>13 de <strong>outubro<\/strong><\/strong><\/em><\/strong>\u00a0de 2026.<\/em><\/strong><\/p>\n\n\n\n<h2 class=\"wp-block-heading\">Concurso Prefeitura de Arealva SP: Cargos e vagas<\/h2>\n\n\n\n<p class=\"wp-block-paragraph\">O\u00a0concurso\u00a0Prefeitura de Arealva SP oferta\u00a0<strong>9 vagas\u00a0<\/strong>imediatas, al\u00e9m de forma\u00e7\u00e3o de cadastro reserva, para cargos de n\u00edvel fundamental incompleto, fundamental completo, m\u00e9dio e superior. <\/p>\n\n\n\n<p class=\"wp-block-paragraph\"><strong>N\u00edvel superior<\/strong><\/p>\n\n\n\n<ul class=\"wp-block-list\">\n<li>Controlador Interno: 1 vaga;<\/li>\n\n\n\n<li>Engenheiro: cadastro de reserva;<\/li>\n\n\n\n<li>Fiscal de Posturas: 1 vaga;<\/li>\n\n\n\n<li>Fiscal de Tributos: 1 vaga;<\/li>\n\n\n\n<li>Fonoaudi\u00f3logo: 1 vaga;<\/li>\n\n\n\n<li>M\u00e9dico Psiquiatra: 1 vaga;<\/li>\n\n\n\n<li>Procurador Jur\u00eddico: cadastro de reserva;<\/li>\n\n\n\n<li>Psic\u00f3logo: 1 vaga;<\/li>\n\n\n\n<li>Psic\u00f3logo Educacional: cadastro de reserva;<\/li>\n\n\n\n<li>Terapeuta Ocupacional: 1 vaga;<\/li>\n\n\n\n<li>Tesoureiro: 1 vaga.<\/li>\n<\/ul>\n\n\n\n<p class=\"wp-block-paragraph\"><strong>N\u00edvel m\u00e9dio<\/strong><\/p>\n\n\n\n<ul class=\"wp-block-list\">\n<li>Educador Social: 1 vaga.<\/li>\n<\/ul>\n\n\n\n<p class=\"wp-block-paragraph\"><strong>N\u00edvel fundamental<\/strong><\/p>\n\n\n\n<ul class=\"wp-block-list\">\n<li>Coletor de Lixo: cadastro de reserva.<\/li>\n<\/ul>\n\n\n\n<p class=\"wp-block-paragraph\"><strong>N\u00edvel fundamental incompleto<\/strong><\/p>\n\n\n\n<ul class=\"wp-block-list\">\n<li>Ajudante Geral \u2013 Servi\u00e7os Pesados Masculino: cadastro de reserva;<\/li>\n\n\n\n<li>Motorista: cadastro de reserva;<\/li>\n\n\n\n<li>Operador de M\u00e1quinas: cadastro de reserva.<\/li>\n<\/ul>\n\n\n<div class=\"wp-block-image\">\n<figure class=\"aligncenter size-large is-resized\"><img loading=\"lazy\" decoding=\"async\" width=\"1024\" height=\"683\" src=\"https:\/\/www.apostilasopcao.com.br\/blog\/wp-content\/uploads\/2026\/09\/Psicologo-tomando-notas-na-sessao-de-terapia-convertido-de-jpg-1024x683.webp\" alt=\"Psic\u00f3logo tomando notas na sess\u00e3o de terapia\" class=\"wp-image-15773\" style=\"aspect-ratio:1.499292058179946;width:536px;height:auto\" srcset=\"https:\/\/www.apostilasopcao.com.br\/blog\/wp-content\/uploads\/2026\/09\/Psicologo-tomando-notas-na-sessao-de-terapia-convertido-de-jpg-1024x683.webp 1024w, https:\/\/www.apostilasopcao.com.br\/blog\/wp-content\/uploads\/2026\/09\/Psicologo-tomando-notas-na-sessao-de-terapia-convertido-de-jpg-300x200.webp 300w, https:\/\/www.apostilasopcao.com.br\/blog\/wp-content\/uploads\/2026\/09\/Psicologo-tomando-notas-na-sessao-de-terapia-convertido-de-jpg-768x512.webp 768w, https:\/\/www.apostilasopcao.com.br\/blog\/wp-content\/uploads\/2026\/09\/Psicologo-tomando-notas-na-sessao-de-terapia-convertido-de-jpg-1536x1024.webp 1536w, https:\/\/www.apostilasopcao.com.br\/blog\/wp-content\/uploads\/2026\/09\/Psicologo-tomando-notas-na-sessao-de-terapia-convertido-de-jpg-2048x1365.webp 2048w, https:\/\/www.apostilasopcao.com.br\/blog\/wp-content\/uploads\/2026\/09\/Psicologo-tomando-notas-na-sessao-de-terapia-convertido-de-jpg-360x240.webp 360w\" sizes=\"auto, (max-width: 1024px) 100vw, 1024px\" \/><figcaption class=\"wp-element-caption\"><em>Concurso Prefeitura de Arealva SP: Edital aberto com sal\u00e1rios de at\u00e9 R$ 9,8mil! <\/em><\/figcaption><\/figure>\n<\/div>\n\n\n<h3 class=\"wp-block-heading\">Concurso Prefeitura de Arealva SP: Sal\u00e1rios<\/h3>\n\n\n\n<p class=\"wp-block-paragraph\">Os sal\u00e1rios iniciais do concurso\u00a0Prefeitura de Arealva SP variam entre\u00a0<strong>R$ 1.713,68 a R$ 9.826,50<\/strong>.<\/p>\n\n\n\n<p class=\"wp-block-paragraph\"><strong>N\u00edvel superior<\/strong><\/p>\n\n\n\n<ul class=\"wp-block-list\">\n<li>Controlador Interno: R$ 5.207,30 \u2013 40 horas semanais;<\/li>\n\n\n\n<li>Engenheiro: R$ 3.831,84 \u2013 40 horas semanais;<\/li>\n\n\n\n<li>Fiscal de Posturas: R$ 4.257,43 \u2013 40 horas semanais;<\/li>\n\n\n\n<li>Fiscal de Tributos: R$ 5.207,30 \u2013 40 horas semanais;<\/li>\n\n\n\n<li>Fonoaudi\u00f3logo: R$ 2.760,78 \u2013 30 horas semanais;<\/li>\n\n\n\n<li>M\u00e9dico Psiquiatra: R$ 9.826,50 \u2013 20 horas semanais;<\/li>\n\n\n\n<li>Procurador Jur\u00eddico: R$ 7.376,46 \u2013 40 horas semanais;<\/li>\n\n\n\n<li>Psic\u00f3logo: R$ 2.760,78 \u2013 30 horas semanais;<\/li>\n\n\n\n<li>Psic\u00f3logo Educacional: R$ 2.760,78 \u2013 30 horas semanais;<\/li>\n\n\n\n<li>Terapeuta Ocupacional: R$ 2.760,78 \u2013 30 horas semanais;<\/li>\n\n\n\n<li>Tesoureiro: R$ 5.207,30 \u2013 40 horas semanais.<\/li>\n<\/ul>\n\n\n\n<p class=\"wp-block-paragraph\"><strong>N\u00edvel m\u00e9dio<\/strong><\/p>\n\n\n\n<ul class=\"wp-block-list\">\n<li>Educador Social: R$ 1.872,93 \u2013 30 horas semanaais.<\/li>\n<\/ul>\n\n\n\n<p class=\"wp-block-paragraph\"><strong>N\u00edvel fundamental<\/strong><\/p>\n\n\n\n<ul class=\"wp-block-list\">\n<li>Coletor de Lixo: R$ 2.043,33 \u2013 40 horas semanaais.<\/li>\n<\/ul>\n\n\n\n<p class=\"wp-block-paragraph\"><strong>N\u00edvel fundamental incompleto<\/strong><\/p>\n\n\n\n<ul class=\"wp-block-list\">\n<li>Ajudante Geral \u2013 Servi\u00e7os Pesados Masculino: R$ 1.713,68 \u2013 40 horas semanais;<\/li>\n\n\n\n<li>Motorista: R$ 2.070,23 \u2013 40 horas semanais;<\/li>\n\n\n\n<li>Operador de M\u00e1quinas: R$ 1.958,89 \u2013 40 horas semanais.<\/li>\n<\/ul>\n\n\n\n<p class=\"wp-block-paragraph\">Todos os cargos p\u00fablicos fazem jus a <strong>cart\u00e3o-alimenta\u00e7\u00e3o no valor de R$ 800,00 mensais<\/strong>. Os vencimentos informados est\u00e3o atualizados at\u00e9 a data de publica\u00e7\u00e3o do edital.<\/p>\n\n\n\n<h2 class=\"wp-block-heading\">Concurso Prefeitura de Arealva SP: Requisitos<\/h2>\n\n\n\n<p class=\"wp-block-paragraph\">Para participar do concurso Prefeitura de Arealva SP, os candidatos devem atender aos seguintes requisitos:<\/p>\n\n\n\n<ul class=\"wp-block-list\">\n<li>ser brasileiro nato ou naturalizado, conforme o artigo 12 da Constitui\u00e7\u00e3o Federal;<\/li>\n\n\n\n<li>ter, at\u00e9 a data da posse, <strong>idade m\u00ednima de 18 anos<\/strong>;<\/li>\n\n\n\n<li>estar quite com as <strong>obriga\u00e7\u00f5es eleitorais<\/strong>;<\/li>\n\n\n\n<li>estar quite com as <strong>obriga\u00e7\u00f5es militares<\/strong>, quando do sexo masculino;<\/li>\n\n\n\n<li>possuir <strong>boa sa\u00fade f\u00edsica e mental<\/strong> para o exerc\u00edcio das atribui\u00e7\u00f5es do cargo, comprovada por avalia\u00e7\u00e3o m\u00e9dica oficial realizada por profissionais designados pela Prefeitura;<\/li>\n\n\n\n<li>n\u00e3o possuir <strong>antecedentes criminais nos \u00faltimos cinco anos<\/strong> e estar no pleno exerc\u00edcio dos direitos civis e pol\u00edticos;<\/li>\n\n\n\n<li>n\u00e3o ter sido demitido ou exonerado do servi\u00e7o p\u00fablico federal, estadual ou municipal em decorr\u00eancia de processo administrativo, por justa causa ou a bem do servi\u00e7o p\u00fablico, nos \u00faltimos cinco anos;<\/li>\n\n\n\n<li>n\u00e3o ocupar outro emprego ou cargo p\u00fablico, ressalvadas as hip\u00f3teses de acumula\u00e7\u00e3o permitidas pelo artigo 37, inciso XVI, da Constitui\u00e7\u00e3o Federal;<\/li>\n\n\n\n<li>possuir os <strong>requisitos m\u00ednimos exigidos para o cargo<\/strong>, conforme estabelecido no edital.<\/li>\n<\/ul>\n\n\n\n<h2 class=\"wp-block-heading\">Etapas de sele\u00e7\u00e3o<\/h2>\n\n\n\n<p class=\"wp-block-paragraph\">Os inscritos no concurso Prefeitura de Arealva SP ser\u00e3o avaliados\u00a0por meio das seguintes etapas:<\/p>\n\n\n\n<ul class=\"wp-block-list\">\n<li><strong>Prova objetiva: <\/strong>para todos os cargos<\/li>\n\n\n\n<li><strong>Prova discursiva <\/strong>para Procurador Jur\u00eddico <\/li>\n\n\n\n<li><strong>Prova pr\u00e1tica para Ajudante Geral \u2013 Servi\u00e7os Pesados Masculino, Motorista e Operador de M\u00e1quinas<\/strong>.<\/li>\n<\/ul>\n\n\n\n<h3 class=\"wp-block-heading\">Prova objetiva<\/h3>\n\n\n\n<p class=\"wp-block-paragraph\">A prova objetiva do\u00a0concurso Prefeitura de Arealva SP ser\u00e1 realizada na cidade de <strong>Arealva<\/strong> <strong>SP<\/strong>, na data prov\u00e1vel de <strong>20 de dezembro de 2026<\/strong>, com aplica\u00e7\u00e3o em locais e hor\u00e1rios que ser\u00e3o divulgados posteriormente.<\/p>\n\n\n\n<p class=\"wp-block-paragraph\">Para a maioria dos cargos, a prova ter\u00e1 dura\u00e7\u00e3o de <strong>2 horas e 30 minutos<\/strong>, sendo composta por quest\u00f5es de m\u00faltipla escolha, com quatro alternativas cada.<\/p>\n\n\n\n<p class=\"wp-block-paragraph\">Para o cargo de <strong>Procurador Jur\u00eddico<\/strong>, a prova ter\u00e1 dura\u00e7\u00e3o de <strong>4 horas<\/strong> e ser\u00e1 composta por quest\u00f5es objetivas e prova discursiva, na forma de <strong>Parecer Jur\u00eddico<\/strong>.<\/p>\n\n\n\n<p class=\"wp-block-paragraph\"><strong>N\u00edvel superior<\/strong><\/p>\n\n\n\n<ul class=\"wp-block-list\">\n<li><strong>Controlador Interno, Engenheiro, Fiscal de Posturas, Fiscal de Tributos, Fonoaudi\u00f3logo, Psic\u00f3logo, Psic\u00f3logo Educacional, Terapeuta Ocupacional e Tesoureiro:<\/strong>\n<ul class=\"wp-block-list\">\n<li>20 quest\u00f5es de Conhecimentos Espec\u00edficos \u2014 peso 3;<\/li>\n\n\n\n<li>10 quest\u00f5es de L\u00edngua Portuguesa \u2014 peso 1;<\/li>\n\n\n\n<li>10 quest\u00f5es de Inform\u00e1tica \u2014 peso 1.<\/li>\n<\/ul>\n<\/li>\n\n\n\n<li><strong>Procurador Jur\u00eddico:<\/strong>\n<ul class=\"wp-block-list\">\n<li>20 quest\u00f5es de Conhecimentos Espec\u00edficos \u2014 peso 3;<\/li>\n\n\n\n<li>10 quest\u00f5es de L\u00edngua Portuguesa \u2014 peso 1;<\/li>\n\n\n\n<li>10 quest\u00f5es de Inform\u00e1tica \u2014 peso 1;<\/li>\n<\/ul>\n<\/li>\n\n\n\n<li><strong>M\u00e9dico Psiquiatra:<\/strong>\n<ul class=\"wp-block-list\">\n<li>10 quest\u00f5es de Conhecimentos Espec\u00edficos \u2014 peso 3;<\/li>\n\n\n\n<li>10 quest\u00f5es de L\u00edngua Portuguesa \u2014 peso 1;<\/li>\n\n\n\n<li>10 quest\u00f5es de Conhecimentos Gerais em Sa\u00fade P\u00fablica \u2014 peso 1;<\/li>\n\n\n\n<li>10 quest\u00f5es de Inform\u00e1tica \u2014 peso 1.<\/li>\n<\/ul>\n<\/li>\n<\/ul>\n\n\n\n<p class=\"wp-block-paragraph\"><strong>N\u00edvel m\u00e9dio<\/strong><\/p>\n\n\n\n<ul class=\"wp-block-list\">\n<li><strong>Educador Social:<\/strong>\n<ul class=\"wp-block-list\">\n<li>10 quest\u00f5es de Conhecimentos Espec\u00edficos \u2014 peso 3;<\/li>\n\n\n\n<li>10 quest\u00f5es de L\u00edngua Portuguesa \u2014 peso 1;<\/li>\n\n\n\n<li>10 quest\u00f5es de Racioc\u00ednio L\u00f3gico \u2014 peso 1;<\/li>\n\n\n\n<li>10 quest\u00f5es de Inform\u00e1tica \u2014 peso 1.<\/li>\n<\/ul>\n<\/li>\n<\/ul>\n\n\n\n<p class=\"wp-block-paragraph\"><strong>N\u00edvel fundamental completo<\/strong><\/p>\n\n\n\n<ul class=\"wp-block-list\">\n<li><strong>Coletor de Lixo:<\/strong>\n<ul class=\"wp-block-list\">\n<li>10 quest\u00f5es de Conhecimentos Espec\u00edficos \u2014 peso 3;<\/li>\n\n\n\n<li>10 quest\u00f5es de L\u00edngua Portuguesa \u2014 peso 1;<\/li>\n\n\n\n<li>10 quest\u00f5es de Matem\u00e1tica \u2014 peso 1;<\/li>\n\n\n\n<li>10 quest\u00f5es de Racioc\u00ednio L\u00f3gico \u2014 peso 1.<\/li>\n<\/ul>\n<\/li>\n<\/ul>\n\n\n\n<p class=\"wp-block-paragraph\"><strong>N\u00edvel fundamental incompleto<\/strong><\/p>\n\n\n\n<ul class=\"wp-block-list\">\n<li><strong>Motorista e Operador de M\u00e1quinas:<\/strong>\n<ul class=\"wp-block-list\">\n<li>10 quest\u00f5es de Conhecimentos Espec\u00edficos \u2014 peso 3;<\/li>\n\n\n\n<li>10 quest\u00f5es de L\u00edngua Portuguesa \u2014 peso 1;<\/li>\n\n\n\n<li>10 quest\u00f5es de Matem\u00e1tica \u2014 peso 1;<\/li>\n\n\n\n<li>10 quest\u00f5es de Racioc\u00ednio L\u00f3gico \u2014 peso 1;<\/li>\n<\/ul>\n<\/li>\n\n\n\n<li><strong>Ajudante Geral \u2013 Servi\u00e7os Pesados Masculino:<\/strong>\n<ul class=\"wp-block-list\">\n<li>10 quest\u00f5es de Conhecimentos Espec\u00edficos \u2014 peso 3;<\/li>\n\n\n\n<li>10 quest\u00f5es de L\u00edngua Portuguesa \u2014 peso 1;<\/li>\n\n\n\n<li>10 quest\u00f5es de Matem\u00e1tica \u2014 peso 1;<\/li>\n<\/ul>\n<\/li>\n<\/ul>\n\n\n\n<p class=\"wp-block-paragraph\">A avalia\u00e7\u00e3o ser\u00e1 dividida em <strong>Conhecimentos Gerais e Conhecimentos Espec\u00edficos<\/strong>, cada um avaliado de 0 a 100 pontos. O candidato dever\u00e1 obter:<\/p>\n\n\n\n<ul class=\"wp-block-list\">\n<li><strong>m\u00ednimo de 50 pontos na m\u00e9dia ponderada da prova objetiva<\/strong>;<\/li>\n\n\n\n<li><strong>m\u00ednimo de 50 pontos em Conhecimentos Espec\u00edficos<\/strong>.<\/li>\n<\/ul>\n\n\n\n<p class=\"wp-block-paragraph\">O candidato que n\u00e3o atingir qualquer uma dessas pontua\u00e7\u00f5es ser\u00e1 desclassificado.<\/p>\n\n\n\n<h3 class=\"wp-block-heading\">Prova discursiva \u2013 Procurador Jur\u00eddico<\/h3>\n\n\n\n<p class=\"wp-block-paragraph\">A prova discursiva do\u00a0concurso Prefeitura de Arealva SP ser\u00e1 aplicada exclusivamente ao cargo de <strong>Procurador Jur\u00eddico<\/strong> e consistir\u00e1 na elabora\u00e7\u00e3o de um <strong>Parecer Jur\u00eddico<\/strong>, com tema extra\u00eddo do conte\u00fado de Conhecimentos Espec\u00edficos previsto no edital.<\/p>\n\n\n\n<p class=\"wp-block-paragraph\">A etapa ter\u00e1 car\u00e1ter <strong>eliminat\u00f3rio e classificat\u00f3rio<\/strong>, ser\u00e1 avaliada de <strong>0 a 100 pontos<\/strong> e n\u00e3o ter\u00e1 n\u00famero de linhas previamente estabelecido. N\u00e3o ser\u00e1 permitida a consulta a materiais did\u00e1ticos ou legisla\u00e7\u00e3o.<\/p>\n\n\n\n<p class=\"wp-block-paragraph\">A corre\u00e7\u00e3o considerar\u00e1:<\/p>\n\n\n\n<ul class=\"wp-block-list\">\n<li>Estrutura e t\u00e9cnica: 15 pontos;<\/li>\n\n\n\n<li>Relat\u00f3rio: 10 pontos;<\/li>\n\n\n\n<li>Fundamenta\u00e7\u00e3o e argumenta\u00e7\u00e3o jur\u00eddica: 35 pontos;<\/li>\n\n\n\n<li>Conclus\u00e3o opinativa: 25 pontos;<\/li>\n\n\n\n<li>Fechamento: 5 pontos;<\/li>\n\n\n\n<li>Clareza, coer\u00eancia e corre\u00e7\u00e3o de linguagem: 10 pontos.<\/li>\n<\/ul>\n\n\n\n<p class=\"wp-block-paragraph\"><em>Ser\u00e1 aprovado no\u00a0concurso Prefeitura de Arealva SP o candidato que obtiver pelo menos 50 pontos.<\/em><\/p>\n\n\n\n<h3 class=\"wp-block-heading\">Prova pr\u00e1tica<\/h3>\n\n\n\n<p class=\"wp-block-paragraph\">A prova pr\u00e1tica do\u00a0concurso Prefeitura de Arealva SP ser\u00e1 aplicada aos candidatos aprovados e classificados na prova objetiva para os cargos de <strong>Ajudante Geral \u2013 Servi\u00e7os Pesados Masculino, Motorista e Operador de M\u00e1quinas<\/strong>.<\/p>\n\n\n\n<p class=\"wp-block-paragraph\">A data, o local e o hor\u00e1rio ser\u00e3o divulgados posteriormente, juntamente com o resultado da prova objetiva.<\/p>\n\n\n\n<p class=\"wp-block-paragraph\"><strong><em>Prova pr\u00e1tica \u2013 Motorista<\/em><\/strong><\/p>\n\n\n\n<p class=\"wp-block-paragraph\">Para o cargo de Motorista, ser\u00e1 realizado <strong>exame de dire\u00e7\u00e3o veicular<\/strong>, com dura\u00e7\u00e3o m\u00e1xima de <strong>10 minutos<\/strong>.<\/p>\n\n\n\n<p class=\"wp-block-paragraph\">Ser\u00e3o avaliados, entre outros aspectos, os procedimentos antes do in\u00edcio da condu\u00e7\u00e3o, o cumprimento das regras de tr\u00e2nsito, o uso adequado dos comandos do ve\u00edculo, a localiza\u00e7\u00e3o na pista, a velocidade, a sinaliza\u00e7\u00e3o e a seguran\u00e7a durante o percurso.<\/p>\n\n\n\n<p class=\"wp-block-paragraph\">A avalia\u00e7\u00e3o considerar\u00e1 pontua\u00e7\u00e3o negativa conforme as faltas cometidas. O candidato ser\u00e1 desclassificado quando a soma das penalidades ultrapassar <strong>50 pontos<\/strong>.<\/p>\n\n\n\n<p class=\"wp-block-paragraph\"><em>Caso seja utilizado mais de um ve\u00edculo, ser\u00e1 necess\u00e1rio obter pelo menos 50 pontos em cada ve\u00edculo.<\/em><\/p>\n\n\n\n<p class=\"wp-block-paragraph\"><strong><em>Prova pr\u00e1tica \u2013 Operador de M\u00e1quinas<\/em><\/strong><\/p>\n\n\n\n<p class=\"wp-block-paragraph\">A avalia\u00e7\u00e3o verificar\u00e1 a capacidade do candidato para operar o equipamento, incluindo conhecimento do painel e dos comandos, acionamento, acoplagem de implementos, deslocamento e execu\u00e7\u00e3o de tarefa pr\u00f3pria da fun\u00e7\u00e3o.<\/p>\n\n\n\n<p class=\"wp-block-paragraph\">A pontua\u00e7\u00e3o ser\u00e1 distribu\u00edda da seguinte forma:<\/p>\n\n\n\n<ul class=\"wp-block-list\">\n<li>Verifica\u00e7\u00e3o do equipamento: 10 pontos;<\/li>\n\n\n\n<li>Conhecimentos, leitura do painel e defini\u00e7\u00e3o de comandos: 10 pontos;<\/li>\n\n\n\n<li>Seguran\u00e7a de opera\u00e7\u00e3o: 15 pontos;<\/li>\n\n\n\n<li>Habilidade na opera\u00e7\u00e3o do equipamento: 35 pontos;<\/li>\n\n\n\n<li>Produtividade: 30 pontos.<\/li>\n<\/ul>\n\n\n\n<p class=\"wp-block-paragraph\"><em>O tempo m\u00e1ximo de execu\u00e7\u00e3o ser\u00e1 de 10 minutos e a prova valer\u00e1 100 pontos. Ser\u00e1 aprovado <em>no\u00a0concurso Prefeitura de Arealva SP<\/em><\/em> <em>o candidato que alcan\u00e7ar pelo menos 50 pontos.<\/em><\/p>\n\n\n\n<p class=\"wp-block-paragraph\"><strong><em>Prova pr\u00e1tica \u2013 Ajudante Geral<\/em><\/strong><\/p>\n\n\n\n<p class=\"wp-block-paragraph\">A prova pr\u00e1tica para Ajudante Geral \u2013 Servi\u00e7os Pesados Masculino avaliar\u00e1 a capacidade t\u00e9cnica do candidato na execu\u00e7\u00e3o de atividades relacionadas ao cargo, incluindo o conhecimento e o manuseio de ferramentas e materiais.<\/p>\n\n\n\n<p class=\"wp-block-paragraph\"><strong>Ser\u00e3o considerados:<\/strong><\/p>\n\n\n\n<ul class=\"wp-block-list\">\n<li>Conhecimento das ferramentas pr\u00f3prias da fun\u00e7\u00e3o: 10 pontos;<\/li>\n\n\n\n<li>Conhecimento das normas de seguran\u00e7a no trabalho: 15 pontos;<\/li>\n\n\n\n<li>Habilidade no manuseio de ferramentas e equipamentos: 20 pontos;<\/li>\n\n\n\n<li>Produtividade, organiza\u00e7\u00e3o, economia de material, efici\u00eancia e qualidade: 55 pontos.<\/li>\n<\/ul>\n\n\n\n<p class=\"wp-block-paragraph\"><em>O tempo m\u00e1ximo ser\u00e1 de 10 minutos e a prova ter\u00e1 valor de 100 pontos. Ser\u00e1 considerado aprovado <em><em>no\u00a0concurso Prefeitura de Arealva SP<\/em><\/em> <em>o<\/em> candidato que obtiver no m\u00ednimo 50 pontos.<\/em><\/p>\n\n\n\n<p class=\"wp-block-paragraph\"><strong>Quer ficar por dentro de tudo sobre o universo de concursos?&nbsp;<a href=\"https:\/\/www.apostilasopcao.com.br\/blog\/noticias\/\" target=\"_blank\" rel=\"noopener\">Confira as nossas not\u00edcias!<\/a><\/strong><\/p>\n\n\n\n<p class=\"wp-block-paragraph\"><\/p>\n","protected":false},"excerpt":{"rendered":"<p>Foi anunciado o novo concurso Prefeitura de Arealva SP! Oferta\u00a09 vagas\u00a0imediatas, al\u00e9m de forma\u00e7\u00e3o de cadastro reserva, para cargos de n\u00edvel fundamental incompleto, fundamental completo, m\u00e9dio e superior. As inscri\u00e7\u00f5es estar\u00e3o abertas a partir de\u00a01\u00ba de setembro\u00a0e se estendem at\u00e9\u00a012 de outubro\u00a0de 2026. Saiba mais!<\/p>\n","protected":false},"author":13,"featured_media":15772,"comment_status":"closed","ping_status":"closed","sticky":false,"template":"","format":"standard","meta":{"_acf_changed":false,"breadcrumbs_single_post":"","page_title_panel":"","breadcrumbs_single_page":"","single_page_alignment":"","single_page_margin":"","page_structure_type":"","content_style_source":"","content_style":"","blog_post_streched_ed":"","blog_page_streched_ed":"","has_transparent_header":"","disable_transparent_header":"","vertical_spacing_source":"","content_area_spacing":"","single_post_content_background":"","single_page_content_background":"","single_post_boxed_content_spacing":"","single_page_boxed_content_spacing":"","single_post_content_boxed_radius":"","single_page_content_boxed_radius":"","disable_featured_image":"","disable_post_tags":"","disable_author_box":"","disable_posts_navigation":"","disable_comments":"","disable_related_posts":"","disable_header":"","disable_footer":"","footnotes":""},"categories":[4,6],"tags":[1190],"class_list":["post-15770","post","type-post","status-publish","format-standard","has-post-thumbnail","hentry","category-noticias","category-sp","tag-concurso-prefeitura-de-arealva-sp","rishi-post"],"acf":{"data_prova":"20261220","status":"aberto"},"_links":{"self":[{"href":"https:\/\/www.apostilasopcao.com.br\/blog\/wp-json\/wp\/v2\/posts\/15770","targetHints":{"allow":["GET"]}}],"collection":[{"href":"https:\/\/www.apostilasopcao.com.br\/blog\/wp-json\/wp\/v2\/posts"}],"about":[{"href":"https:\/\/www.apostilasopcao.com.br\/blog\/wp-json\/wp\/v2\/types\/post"}],"author":[{"embeddable":true,"href":"https:\/\/www.apostilasopcao.com.br\/blog\/wp-json\/wp\/v2\/users\/13"}],"replies":[{"embeddable":true,"href":"https:\/\/www.apostilasopcao.com.br\/blog\/wp-json\/wp\/v2\/comments?post=15770"}],"version-history":[{"count":1,"href":"https:\/\/www.apostilasopcao.com.br\/blog\/wp-json\/wp\/v2\/posts\/15770\/revisions"}],"predecessor-version":[{"id":15774,"href":"https:\/\/www.apostilasopcao.com.br\/blog\/wp-json\/wp\/v2\/posts\/15770\/revisions\/15774"}],"wp:featuredmedia":[{"embeddable":true,"href":"https:\/\/www.apostilasopcao.com.br\/blog\/wp-json\/wp\/v2\/media\/15772"}],"wp:attachment":[{"href":"https:\/\/www.apostilasopcao.com.br\/blog\/wp-json\/wp\/v2\/media?parent=15770"}],"wp:term":[{"taxonomy":"category","embeddable":true,"href":"https:\/\/www.apostilasopcao.com.br\/blog\/wp-json\/wp\/v2\/categories?post=15770"},{"taxonomy":"post_tag","embeddable":true,"href":"https:\/\/www.apostilasopcao.com.br\/blog\/wp-json\/wp\/v2\/tags?post=15770"}],"curies":[{"name":"wp","href":"https:\/\/api.w.org\/{rel}","templated":true}]}}