{"id":15781,"date":"2026-09-03T10:12:45","date_gmt":"2026-09-03T13:12:45","guid":{"rendered":"https:\/\/www.apostilasopcao.com.br\/blog\/?p=15781"},"modified":"2026-09-03T10:12:49","modified_gmt":"2026-09-03T13:12:49","slug":"camara-de-capinopolis-mg","status":"publish","type":"post","link":"https:\/\/www.apostilasopcao.com.br\/blog\/camara-de-capinopolis-mg\/","title":{"rendered":"Concurso C\u00e2mara de Capin\u00f3polis MG: Edital publicado! At\u00e9 R$ 5,8mil!"},"content":{"rendered":"\n<p class=\"wp-block-paragraph\">Ol\u00e1, concurseiros! Foi anunciado o novo concurso C\u00e2mara de Capin\u00f3polis MG! Oferta\u00a0<strong>5 vagas\u00a0<\/strong>imediatas para n\u00edveis fundamental e superior. Os sal\u00e1rios iniciais variam entre\u00a0<strong>R$ 2.000,00 a R$ 5.800,00<\/strong>. As inscri\u00e7\u00f5es estar\u00e3o abertas a partir de\u00a0<strong><strong>1\u00ba de outubro<\/strong><\/strong>\u00a0e se estendem at\u00e9\u00a0<strong><strong>16 de outubro<\/strong>\u00a0de 2026<\/strong>. J\u00e1 a prova objetiva est\u00e1 prevista para o dia\u00a0<strong><strong>29 de novembro<\/strong><\/strong>\u00a0<strong>de 2026<\/strong>. O valor da taxa de inscri\u00e7\u00e3o \u00e9 de\u00a0<strong><strong>R$ 100,00\u00a0a R$ 150,00<\/strong><\/strong>. Se interessou? Continue lendo e saiba mais!<\/p>\n\n\n\n<h2 class=\"wp-block-heading\">Resumo do edital<\/h2>\n\n\n\n<ul class=\"wp-block-list\">\n<li><strong>Vagas:<\/strong>\u00a05<\/li>\n\n\n\n<li><strong>Inscri\u00e7\u00f5es:\u00a0<\/strong>01\/10\/2026 a 16\/10\/2026<\/li>\n\n\n\n<li><strong>Taxa de inscri\u00e7\u00e3o:<\/strong>\u00a0R$ 100,00 a R$ 150,00<\/li>\n\n\n\n<li><strong>Provas:\u00a0<\/strong>29\/11\/2026<\/li>\n\n\n\n<li><strong>Sal\u00e1rio inicial:<\/strong>\u00a0R$ 2.000,00 a R$ 5.800,00<\/li>\n\n\n\n<li><strong>Banca:<\/strong>\u00a0F\u00eanix Assessoria e Consultoria<\/li>\n\n\n\n<li><a href=\"https:\/\/www.apostilasopcao.com.br\/blog\/wp-content\/uploads\/2026\/09\/d69ba9143779894cec968a21dcc6caae.pdf\" target=\"_blank\" rel=\"noreferrer noopener\">Baixe o\u00a0edital<\/a><\/li>\n<\/ul>\n\n\n\n<h2 class=\"wp-block-heading\">Concurso C\u00e2mara de Capin\u00f3polis MG: Inscri\u00e7\u00f5es<\/h2>\n\n\n\n<p class=\"wp-block-paragraph\">As inscri\u00e7\u00f5es do\u00a0concurso C\u00e2mara de Capin\u00f3polis MG ser\u00e3o realizadas exclusivamente pela internet no site\u00a0<a href=\"https:\/\/portal.fenix.selecao.site\/edital\/ver\/130\" target=\"_blank\" rel=\"noopener\">F\u00eanix Assessoria e Consultoria<\/a>,\u00a0respons\u00e1vel pela organiza\u00e7\u00e3o do certame. Inscri\u00e7\u00f5es estar\u00e3o dispon\u00edveis de\u00a0<strong>\u00a01\u00ba de outubro a 16 de outubro\u00a0de 2026<\/strong>. O valor da taxa de inscri\u00e7\u00e3o \u00e9 de:<\/p>\n\n\n\n<ul class=\"wp-block-list\">\n<li><strong>R$ 100,00<\/strong> para n\u00edvel fundamental<\/li>\n\n\n\n<li><strong>R$ 150,00<\/strong> para n\u00edvel superior <\/li>\n<\/ul>\n\n\n\n<p class=\"wp-block-paragraph\"><strong><em><strong><em>A data limite para pagamento da taxa de inscri\u00e7\u00e3o \u00e9 dia\u00a0<strong>21 de outubro<\/strong><\/em><\/strong>\u00a0de 2026.<\/em><\/strong><\/p>\n\n\n\n<h2 class=\"wp-block-heading\">Concurso C\u00e2mara de Capin\u00f3polis MG: Cargos e vagas<\/h2>\n\n\n\n<p class=\"wp-block-paragraph\">O\u00a0concurso\u00a0C\u00e2mara de Capin\u00f3polis MG oferta\u00a0<strong>5 vagas\u00a0<\/strong>imediatas para n\u00edveis fundamental e superior. <\/p>\n\n\n\n<p class=\"wp-block-paragraph\"><strong>N\u00edvel fundamental<\/strong><\/p>\n\n\n\n<ul class=\"wp-block-list\">\n<li>Auxiliar Legislativo: 1 vaga<\/li>\n\n\n\n<li>Auxiliar de Servi\u00e7os Gerais: 1 vaga<\/li>\n<\/ul>\n\n\n\n<p class=\"wp-block-paragraph\"><strong>N\u00edvel superior<\/strong><\/p>\n\n\n\n<ul class=\"wp-block-list\">\n<li>Contador: 1 vaga<\/li>\n\n\n\n<li>Controlador Interno: 1 vaga<\/li>\n\n\n\n<li>Assistente Legislativo: 1 vaga<\/li>\n<\/ul>\n\n\n<div class=\"wp-block-image\">\n<figure class=\"aligncenter size-large is-resized\"><img loading=\"lazy\" decoding=\"async\" width=\"1024\" height=\"683\" src=\"https:\/\/www.apostilasopcao.com.br\/blog\/wp-content\/uploads\/2026\/09\/homem-escritorio-trabalhando-notebook-1-convertido-de-jpg-1024x683.webp\" alt=\"Homem trabalhando no escrit\u00f3rio \" class=\"wp-image-15784\" style=\"aspect-ratio:1.499292058179946;width:504px;height:auto\" srcset=\"https:\/\/www.apostilasopcao.com.br\/blog\/wp-content\/uploads\/2026\/09\/homem-escritorio-trabalhando-notebook-1-convertido-de-jpg-1024x683.webp 1024w, https:\/\/www.apostilasopcao.com.br\/blog\/wp-content\/uploads\/2026\/09\/homem-escritorio-trabalhando-notebook-1-convertido-de-jpg-300x200.webp 300w, https:\/\/www.apostilasopcao.com.br\/blog\/wp-content\/uploads\/2026\/09\/homem-escritorio-trabalhando-notebook-1-convertido-de-jpg-768x512.webp 768w, https:\/\/www.apostilasopcao.com.br\/blog\/wp-content\/uploads\/2026\/09\/homem-escritorio-trabalhando-notebook-1-convertido-de-jpg-360x240.webp 360w, https:\/\/www.apostilasopcao.com.br\/blog\/wp-content\/uploads\/2026\/09\/homem-escritorio-trabalhando-notebook-1-convertido-de-jpg.webp 1500w\" sizes=\"auto, (max-width: 1024px) 100vw, 1024px\" \/><figcaption class=\"wp-element-caption\"><em>Concurso C\u00e2mara de Capin\u00f3polis MG: Edital publicado! At\u00e9 R$ 5,8mil!<\/em><\/figcaption><\/figure>\n<\/div>\n\n\n<h3 class=\"wp-block-heading\">Concurso C\u00e2mara de Capin\u00f3polis MG: Sal\u00e1rios<\/h3>\n\n\n\n<p class=\"wp-block-paragraph\">Os sal\u00e1rios iniciais do concurso C\u00e2mara de Capin\u00f3polis MG variam entre:<\/p>\n\n\n\n<p class=\"wp-block-paragraph\"><strong>N\u00edvel fundamental<\/strong><\/p>\n\n\n\n<ul class=\"wp-block-list\">\n<li>Auxiliar Legislativo: R$ 2.300,00<\/li>\n\n\n\n<li>Auxiliar de Servi\u00e7os Gerais: R$ 2.000,00<\/li>\n<\/ul>\n\n\n\n<p class=\"wp-block-paragraph\"><strong>N\u00edvel superior<\/strong><\/p>\n\n\n\n<ul class=\"wp-block-list\">\n<li>Contador: R$ 5.800,00<\/li>\n\n\n\n<li>Controlador Interno: R$ 5.800,00<\/li>\n\n\n\n<li>Assistente Legislativo: R$ 5.500,00<\/li>\n<\/ul>\n\n\n\n<h2 class=\"wp-block-heading\">Concurso C\u00e2mara de Capin\u00f3polis MG: Requisitos<\/h2>\n\n\n\n<p class=\"wp-block-paragraph\">Para participar do concurso C\u00e2mara de Capin\u00f3polis MG, os candidatos devem atender aos seguintes requisitos:<\/p>\n\n\n\n<ul class=\"wp-block-list\">\n<li>Ser brasileiro ou estrangeiro, nos termos da Emenda Constitucional n\u00ba 19\/1998;<\/li>\n\n\n\n<li>Ter <strong>18 anos completos<\/strong> at\u00e9 a data da contrata\u00e7\u00e3o;<\/li>\n\n\n\n<li>Estar no gozo dos direitos pol\u00edticos e civis;<\/li>\n\n\n\n<li>Para candidatos do sexo masculino, estar quite com o servi\u00e7o militar;<\/li>\n\n\n\n<li>N\u00e3o possuir antecedentes criminais decorrentes de senten\u00e7a penal condenat\u00f3ria transitada em julgado que impe\u00e7a legalmente o exerc\u00edcio de cargo p\u00fablico;<\/li>\n\n\n\n<li>Comprovar a <strong>escolaridade e as exig\u00eancias espec\u00edficas do cargo<\/strong>, mediante diploma ou certificado emitido por institui\u00e7\u00e3o de ensino reconhecida pelo Minist\u00e9rio da Educa\u00e7\u00e3o e, quando aplic\u00e1vel, registro no \u00f3rg\u00e3o de classe;<\/li>\n\n\n\n<li>Estar quite com as obriga\u00e7\u00f5es eleitorais;<\/li>\n\n\n\n<li>Apresentar todos os documentos pessoais exigidos no momento da convoca\u00e7\u00e3o;<\/li>\n\n\n\n<li>N\u00e3o exercer, de forma remunerada, outro cargo ou fun\u00e7\u00e3o p\u00fablica incompat\u00edvel, ressalvadas as hip\u00f3teses permitidas pelo art. 37, XVI, da Constitui\u00e7\u00e3o Federal;<\/li>\n\n\n\n<li>N\u00e3o ser aposentado por invalidez pelo INSS;<\/li>\n\n\n\n<li>N\u00e3o estar em licen\u00e7a-sa\u00fade ou outra licen\u00e7a remunerada pela Previd\u00eancia Social, quando aplic\u00e1vel;<\/li>\n\n\n\n<li>N\u00e3o ter solicitado vac\u00e2ncia de cargo p\u00fablico por motivo diverso de exonera\u00e7\u00e3o ou demiss\u00e3o;<\/li>\n\n\n\n<li>N\u00e3o ter sido demitido por ato de improbidade ou exonerado a bem do servi\u00e7o p\u00fablico mediante decis\u00e3o transitada em julgado.<\/li>\n<\/ul>\n\n\n\n<h2 class=\"wp-block-heading\">Etapas de sele\u00e7\u00e3o<\/h2>\n\n\n\n<p class=\"wp-block-paragraph\">Os inscritos no concurso C\u00e2mara de Capin\u00f3polis MG ser\u00e3o avaliados\u00a0por meio das seguintes etapas:<\/p>\n\n\n\n<ul class=\"wp-block-list\">\n<li><strong>prova objetiva<\/strong>, de car\u00e1ter eliminat\u00f3rio e classificat\u00f3rio, para todos os cargos.<\/li>\n<\/ul>\n\n\n\n<h3 class=\"wp-block-heading\">Prova objetiva<\/h3>\n\n\n\n<p class=\"wp-block-paragraph\">A prova objetiva do concurso ser\u00e1 realizada no dia <strong>29 de novembro de 2026<\/strong>, das <strong>8h \u00e0s 11h<\/strong>, em local que ser\u00e1 divulgado posteriormente no edital de convoca\u00e7\u00e3o.<\/p>\n\n\n\n<p class=\"wp-block-paragraph\">A prova ser\u00e1 composta por <strong>40 quest\u00f5es de m\u00faltipla escolha<\/strong>, com quatro alternativas (A, B, C e D) e apenas uma resposta correta. Cada quest\u00e3o valer\u00e1 <strong>2,5 pontos<\/strong>, totalizando <strong>100 pontos<\/strong>.<\/p>\n\n\n\n<p class=\"wp-block-paragraph\">A distribui\u00e7\u00e3o das quest\u00f5es ser\u00e1:<\/p>\n\n\n\n<p class=\"wp-block-paragraph\"><strong>Contador<\/strong><\/p>\n\n\n\n<ul class=\"wp-block-list\">\n<li>L\u00edngua Portuguesa: 10 quest\u00f5es<\/li>\n\n\n\n<li>Matem\u00e1tica: 10 quest\u00f5es<\/li>\n\n\n\n<li>Conhecimentos Espec\u00edficos: 20 quest\u00f5es<\/li>\n<\/ul>\n\n\n\n<p class=\"wp-block-paragraph\"><strong>Controlador Interno<\/strong><\/p>\n\n\n\n<ul class=\"wp-block-list\">\n<li>L\u00edngua Portuguesa: 10 quest\u00f5es<\/li>\n\n\n\n<li>Matem\u00e1tica: 10 quest\u00f5es<\/li>\n\n\n\n<li>Conhecimentos Espec\u00edficos: 20 quest\u00f5es<\/li>\n<\/ul>\n\n\n\n<p class=\"wp-block-paragraph\"><strong>Assistente Legislativo<\/strong><\/p>\n\n\n\n<ul class=\"wp-block-list\">\n<li>L\u00edngua Portuguesa: 10 quest\u00f5es<\/li>\n\n\n\n<li>Matem\u00e1tica: 10 quest\u00f5es<\/li>\n\n\n\n<li>Conhecimentos Espec\u00edficos: 20 quest\u00f5es<\/li>\n<\/ul>\n\n\n\n<p class=\"wp-block-paragraph\"><strong>Auxiliar Legislativo<\/strong><\/p>\n\n\n\n<ul class=\"wp-block-list\">\n<li>L\u00edngua Portuguesa: 10 quest\u00f5es<\/li>\n\n\n\n<li>Matem\u00e1tica: 10 quest\u00f5es<\/li>\n\n\n\n<li>Conhecimentos Espec\u00edficos: 20 quest\u00f5es<\/li>\n<\/ul>\n\n\n\n<p class=\"wp-block-paragraph\"><strong>Auxiliar de Servi\u00e7os Gerais<\/strong><\/p>\n\n\n\n<ul class=\"wp-block-list\">\n<li>L\u00edngua Portuguesa: 15 quest\u00f5es<\/li>\n\n\n\n<li>Matem\u00e1tica: 15 quest\u00f5es<\/li>\n\n\n\n<li>Conhecimentos Gerais: 10 quest\u00f5es<\/li>\n<\/ul>\n\n\n\n<p class=\"wp-block-paragraph\">A prova objetiva ter\u00e1 <strong>car\u00e1ter eliminat\u00f3rio<\/strong>. Ser\u00e1 considerado aprovado o candidato que obtiver <strong>nota igual ou superior a 50 pontos<\/strong>. Quem n\u00e3o alcan\u00e7ar a pontua\u00e7\u00e3o m\u00ednima ser\u00e1 eliminado do Concurso P\u00fablico.<\/p>\n\n\n\n<p class=\"wp-block-paragraph\">Em caso de empate na nota final, ter\u00e1 prefer\u00eancia o candidato de <strong>maior idade<\/strong>, considerando a idade completada at\u00e9 o \u00faltimo dia de inscri\u00e7\u00e3o, conforme o disposto no Estatuto da Pessoa Idosa.<\/p>\n\n\n\n<p class=\"wp-block-paragraph\"><strong>Quer ficar por dentro de tudo sobre o universo de concursos?&nbsp;<a href=\"https:\/\/www.apostilasopcao.com.br\/blog\/noticias\/\" target=\"_blank\" rel=\"noopener\">Confira as nossas not\u00edcias!<\/a><\/strong><\/p>\n","protected":false},"excerpt":{"rendered":"<p>Foi anunciado o novo concurso C\u00e2mara de Capin\u00f3polis MG! Oferta\u00a05 vagas\u00a0imediatas para n\u00edveis fundamental e superior. As inscri\u00e7\u00f5es estar\u00e3o abertas a partir de\u00a01\u00ba de outubro\u00a0e se estendem at\u00e9\u00a016 de outubro\u00a0de 2026. Saiba mais!<\/p>\n","protected":false},"author":13,"featured_media":15785,"comment_status":"closed","ping_status":"closed","sticky":false,"template":"","format":"standard","meta":{"_acf_changed":false,"breadcrumbs_single_post":"","page_title_panel":"","breadcrumbs_single_page":"","single_page_alignment":"","single_page_margin":"","page_structure_type":"","content_style_source":"","content_style":"","blog_post_streched_ed":"","blog_page_streched_ed":"","has_transparent_header":"","disable_transparent_header":"","vertical_spacing_source":"","content_area_spacing":"","single_post_content_background":"","single_page_content_background":"","single_post_boxed_content_spacing":"","single_page_boxed_content_spacing":"","single_post_content_boxed_radius":"","single_page_content_boxed_radius":"","disable_featured_image":"","disable_post_tags":"","disable_author_box":"","disable_posts_navigation":"","disable_comments":"","disable_related_posts":"","disable_header":"","disable_footer":"","footnotes":""},"categories":[4,16],"tags":[1192],"class_list":["post-15781","post","type-post","status-publish","format-standard","has-post-thumbnail","hentry","category-noticias","category-mg","tag-concurso-camara-de-capinopolis-mg","rishi-post"],"acf":{"data_prova":"20261129","status":"aberto"},"_links":{"self":[{"href":"https:\/\/www.apostilasopcao.com.br\/blog\/wp-json\/wp\/v2\/posts\/15781","targetHints":{"allow":["GET"]}}],"collection":[{"href":"https:\/\/www.apostilasopcao.com.br\/blog\/wp-json\/wp\/v2\/posts"}],"about":[{"href":"https:\/\/www.apostilasopcao.com.br\/blog\/wp-json\/wp\/v2\/types\/post"}],"author":[{"embeddable":true,"href":"https:\/\/www.apostilasopcao.com.br\/blog\/wp-json\/wp\/v2\/users\/13"}],"replies":[{"embeddable":true,"href":"https:\/\/www.apostilasopcao.com.br\/blog\/wp-json\/wp\/v2\/comments?post=15781"}],"version-history":[{"count":1,"href":"https:\/\/www.apostilasopcao.com.br\/blog\/wp-json\/wp\/v2\/posts\/15781\/revisions"}],"predecessor-version":[{"id":15786,"href":"https:\/\/www.apostilasopcao.com.br\/blog\/wp-json\/wp\/v2\/posts\/15781\/revisions\/15786"}],"wp:featuredmedia":[{"embeddable":true,"href":"https:\/\/www.apostilasopcao.com.br\/blog\/wp-json\/wp\/v2\/media\/15785"}],"wp:attachment":[{"href":"https:\/\/www.apostilasopcao.com.br\/blog\/wp-json\/wp\/v2\/media?parent=15781"}],"wp:term":[{"taxonomy":"category","embeddable":true,"href":"https:\/\/www.apostilasopcao.com.br\/blog\/wp-json\/wp\/v2\/categories?post=15781"},{"taxonomy":"post_tag","embeddable":true,"href":"https:\/\/www.apostilasopcao.com.br\/blog\/wp-json\/wp\/v2\/tags?post=15781"}],"curies":[{"name":"wp","href":"https:\/\/api.w.org\/{rel}","templated":true}]}}