{"id":15799,"date":"2026-09-03T11:52:07","date_gmt":"2026-09-03T14:52:07","guid":{"rendered":"https:\/\/www.apostilasopcao.com.br\/blog\/?p=15799"},"modified":"2026-09-03T11:52:12","modified_gmt":"2026-09-03T14:52:12","slug":"semusa-porto-velho-ro","status":"publish","type":"post","link":"https:\/\/www.apostilasopcao.com.br\/blog\/semusa-porto-velho-ro\/","title":{"rendered":"Concurso SEMUSA Porto Velho RO: Mais de 2 mil vagas! Banca definida!"},"content":{"rendered":"\n<p class=\"wp-block-paragraph\">Aten\u00e7\u00e3o, concurseiros!\u00a0O <strong>concurso SEMUSA Porto Velho RO<\/strong> (Secretaria Municipal de Sa\u00fade de Porto Velho) est\u00e1 avan\u00e7ando para a publica\u00e7\u00e3o do edital. Com a <strong>banca organizadora<\/strong> j\u00e1 contratada, o <strong>Instituto Brasileiro de Gest\u00e3o e Pesquisa (IBGP)<\/strong> ser\u00e1 respons\u00e1vel pela organiza\u00e7\u00e3o do certame, que prev\u00ea <strong>2.248 vagas<\/strong> para cargos de n\u00edveis m\u00e9dio, t\u00e9cnico e superior. <\/p>\n\n\n\n<p class=\"wp-block-paragraph\">Do total, ser\u00e3o <strong>659 vagas imediatas e 1.589 para forma\u00e7\u00e3o de cadastro reserva<\/strong>, aumentando a expectativa pela divulga\u00e7\u00e3o do edital em breve. Se interessou? Continue lendo e saiba mais!<\/p>\n\n\n\n<h2 class=\"wp-block-heading\">Concurso SEMUSA Porto Velho RO: Situa\u00e7\u00e3o atual<\/h2>\n\n\n\n<p class=\"wp-block-paragraph\">O concurso <a href=\"https:\/\/semusa.portovelho.ro.gov.br\/\" target=\"_blank\" rel=\"noreferrer noopener\">SEMUSA Porto Velho RO<\/a><strong> <\/strong>est\u00e1 com<strong> banca organizadora contratada<\/strong>. O <strong>Instituto Brasileiro de Gest\u00e3o e Pesquisa (IBGP)<\/strong> foi oficialmente contratado pela Prefeitura de Porto Velho para organizar o certame.<\/p>\n\n\n\n<p class=\"wp-block-paragraph\">O <a href=\"https:\/\/www.apostilasopcao.com.br\/blog\/wp-content\/uploads\/2026\/09\/sei1483871contratopgm.pdf\" target=\"_blank\" rel=\"noreferrer noopener\">contrato<\/a> foi assinado em <strong>1\u00ba de setembro de 2026<\/strong> e contempla os concursos da <strong>SEMUSA<\/strong> e da <strong>SEMED<\/strong>.<\/p>\n\n\n<div class=\"wp-block-image\">\n<figure class=\"aligncenter size-full is-resized\"><img loading=\"lazy\" decoding=\"async\" width=\"726\" height=\"616\" src=\"https:\/\/www.apostilasopcao.com.br\/blog\/wp-content\/uploads\/2026\/09\/Captura-de-tela-2026-09-03-113316-convertido-de-png.webp\" alt=\"Concurso SEMUSA Porto Velho RO: Mais de 2 mil vagas! Banca definida! \" class=\"wp-image-15801\" style=\"width:616px;height:auto\" srcset=\"https:\/\/www.apostilasopcao.com.br\/blog\/wp-content\/uploads\/2026\/09\/Captura-de-tela-2026-09-03-113316-convertido-de-png.webp 726w, https:\/\/www.apostilasopcao.com.br\/blog\/wp-content\/uploads\/2026\/09\/Captura-de-tela-2026-09-03-113316-convertido-de-png-300x255.webp 300w\" sizes=\"auto, (max-width: 726px) 100vw, 726px\" \/><figcaption class=\"wp-element-caption\"><em>Concurso SEMUSA Porto Velho RO: Mais de 2 mil vagas! Banca definida! <\/em><\/figcaption><\/figure>\n<\/div>\n\n\n<p class=\"wp-block-paragraph\">De acordo com o\u00a0<a href=\"https:\/\/www.apostilasopcao.com.br\/blog\/wp-content\/uploads\/2026\/09\/sei_1428686_termo_de_referencia_de_bens_e_servico___tr_1061.pdf\" target=\"_blank\" rel=\"noreferrer noopener\">Termo de Refer\u00eancia<\/a>, o concurso SEMUSA Porto Velho RO<strong> <\/strong> contar\u00e1 com 2.248 vagas, distribu\u00eddas entre imediatas e cadastro de reserva.<\/p>\n\n\n\n<p class=\"wp-block-paragraph\"> A banca ser\u00e1 respons\u00e1vel pelo planejamento, organiza\u00e7\u00e3o e execu\u00e7\u00e3o do concurso, incluindo inscri\u00e7\u00f5es, elabora\u00e7\u00e3o e aplica\u00e7\u00e3o das provas, an\u00e1lise de recursos e divulga\u00e7\u00e3o dos resultados.<\/p>\n\n\n\n<p class=\"wp-block-paragraph\">De acordo com o contrato, o IBGP dever\u00e1 apresentar um <strong>cronograma detalhado em at\u00e9 30 dias<\/strong> a partir do in\u00edcio da vig\u00eancia contratual.<\/p>\n\n\n\n<p class=\"wp-block-paragraph\">Com a banca j\u00e1 definida e o contrato formalizado, o concurso est\u00e1 em <strong>fase avan\u00e7ada de planejamento<\/strong>, e a publica\u00e7\u00e3o do edital \u00e9 aguardada para os pr\u00f3ximos meses. Todas as etapas presenciais dever\u00e3o ser realizadas em <strong>Porto Velho-RO<\/strong>, abrangendo as zonas urbana e rural.<\/p>\n\n\n\n<h2 class=\"wp-block-heading\">Concurso SEMUSA Porto Velho RO: Como ser\u00e3o as inscri\u00e7\u00f5es?<\/h2>\n\n\n\n<p class=\"wp-block-paragraph\">As inscri\u00e7\u00f5es do concurso SEMUSA Porto Velho RO ser\u00e3o realizadas <strong>pela internet<\/strong>, em per\u00edodo e endere\u00e7o que ainda ser\u00e3o definidos no edital. A organiza\u00e7\u00e3o do concurso ficar\u00e1 sob responsabilidade do <strong>Instituto Brasileiro de Gest\u00e3o e Pesquisa (IBGP)<\/strong>.<\/p>\n\n\n\n<p class=\"wp-block-paragraph\">Conforme as informa\u00e7\u00f5es previstas no <strong>Termo de Refer\u00eancia<\/strong>, documento utilizado para definir as caracter\u00edsticas e o planejamento da contrata\u00e7\u00e3o da banca, as taxas de inscri\u00e7\u00e3o foram estimadas de acordo com o n\u00edvel de escolaridade:<\/p>\n\n\n\n<ul class=\"wp-block-list\">\n<li><strong>N\u00edvel fundamental:<\/strong> R$ 90,00;<\/li>\n\n\n\n<li><strong>N\u00edveis m\u00e9dio e t\u00e9cnico:<\/strong> R$ 105,00;<\/li>\n\n\n\n<li><strong>N\u00edvel superior:<\/strong> R$ 140,00.<\/li>\n<\/ul>\n\n\n\n<p class=\"wp-block-paragraph\">O Termo de Refer\u00eancia tamb\u00e9m prev\u00ea uma estimativa de <strong>at\u00e9 15 mil inscri\u00e7\u00f5es homologadas<\/strong> para os cargos da \u00e1rea da Sa\u00fade.<\/p>\n\n\n\n<p class=\"wp-block-paragraph\">Tamb\u00e9m est\u00e1 prevista a possibilidade de <strong>isen\u00e7\u00e3o da taxa de inscri\u00e7\u00e3o<\/strong>, cujos crit\u00e9rios, procedimentos e prazos dever\u00e3o ser especificados no edital.<\/p>\n\n\n\n<p class=\"wp-block-paragraph\"><strong>Importante:<\/strong> os valores das taxas e demais condi\u00e7\u00f5es indicados no Termo de Refer\u00eancia s\u00e3o previs\u00f5es da contrata\u00e7\u00e3o e podem sofrer altera\u00e7\u00f5es at\u00e9 a publica\u00e7\u00e3o do edital definitivo.<\/p>\n\n\n\n<h2 class=\"wp-block-heading\">Concurso SEMUSA Porto Velho RO: Cargos e vagas previstas<\/h2>\n\n\n\n<p class=\"wp-block-paragraph\">Ao todo, o concurso SEMUSA Porto Velho RO prev\u00ea <strong>2.248 oportunidades<\/strong>, sendo 659 vagas para contrata\u00e7\u00e3o imediata e 1.589 para forma\u00e7\u00e3o de cadastro de reserva (CR).<\/p>\n\n\n\n<p class=\"wp-block-paragraph\">As oportunidades est\u00e3o distribu\u00eddas entre os n\u00edveis fundamental, m\u00e9dio, t\u00e9cnico e superior, conforme previsto no <strong>Termo de Refer\u00eancia<\/strong>:<\/p>\n\n\n\n<p class=\"wp-block-paragraph\"><strong>N\u00edvel superior<\/strong><\/p>\n\n\n\n<ul class=\"wp-block-list\">\n<li>M\u00e9dico 20h: 6 vagas + 9 CR<\/li>\n\n\n\n<li>M\u00e9dico 40h: 15 vagas + 83 CR<\/li>\n\n\n\n<li>M\u00e9dico Pediatra: 5 vagas + 3 CR<\/li>\n\n\n\n<li>M\u00e9dico Ginecologista: 5 vagas + 10 CR<\/li>\n\n\n\n<li>M\u00e9dico Obstetra: 5 vagas + 21 CR<\/li>\n\n\n\n<li>M\u00e9dico Oncologista: 1 vaga + 2 CR<\/li>\n\n\n\n<li>M\u00e9dico Cardiologista: 5 vagas + 4 CR<\/li>\n\n\n\n<li>M\u00e9dico Dermatologista: 1 vaga + 1 CR<\/li>\n\n\n\n<li>M\u00e9dico Endocrinologista: 1 vaga + 3 CR<\/li>\n\n\n\n<li>M\u00e9dico Endocrinopediatra: 1 vaga + 1 CR<\/li>\n\n\n\n<li>M\u00e9dico Geriatra: 1 vaga + 1 CR<\/li>\n\n\n\n<li>M\u00e9dico Infectologista: 1 vaga + 3 CR<\/li>\n\n\n\n<li>M\u00e9dico Mastologista: 1 vaga + 1 CR<\/li>\n\n\n\n<li>M\u00e9dico Nefrologista: 1 vaga + 1 CR<\/li>\n\n\n\n<li>M\u00e9dico Neurologista: 1 vaga + 1 CR<\/li>\n\n\n\n<li>M\u00e9dico Oftalmologista: 1 vaga + 1 CR<\/li>\n\n\n\n<li>M\u00e9dico Ortopedista: 1 vaga + 4 CR<\/li>\n\n\n\n<li>M\u00e9dico Otorrinolaringologista: 1 vaga + 1 CR<\/li>\n\n\n\n<li>M\u00e9dico Pneumologista: 1 vaga + 1 CR<\/li>\n\n\n\n<li>M\u00e9dico Psiquiatra: 5 vagas + 1 CR<\/li>\n\n\n\n<li>M\u00e9dico Radiologista: 5 vagas + 6 CR<\/li>\n\n\n\n<li>M\u00e9dico Urologista: 1 vaga + 1 CR<\/li>\n\n\n\n<li>M\u00e9dico do Trabalho: 1 vaga + 1 CR<\/li>\n\n\n\n<li>M\u00e9dico Veterin\u00e1rio: 1 vaga + 2 CR<\/li>\n\n\n\n<li>Assistente Social: 5 vagas + 21 CR<\/li>\n\n\n\n<li>Terapeuta Ocupacional: 5 vagas + 5 CR<\/li>\n\n\n\n<li>Farmac\u00eautico: 29 vagas + 74 CR<\/li>\n\n\n\n<li>Fonoaudi\u00f3logo: 5 vagas + 10 CR<\/li>\n\n\n\n<li>Fisioterapeuta: 5 vagas + 8 CR<\/li>\n\n\n\n<li>Biom\u00e9dico: 28 vagas + 29 CR<\/li>\n\n\n\n<li>Bioqu\u00edmico: 12 vagas + 14 CR<\/li>\n\n\n\n<li>Psic\u00f3logo: 5 vagas + 20 CR<\/li>\n\n\n\n<li>Nutricionista: 5 vagas + 11 CR<\/li>\n\n\n\n<li>Enfermeiro \u2013 M\u00e9dia e Alta Complexidade: 15 vagas + 49 CR<\/li>\n\n\n\n<li>Enfermeiro \u2013 Aten\u00e7\u00e3o B\u00e1sica: 15 vagas + 30 CR<\/li>\n\n\n\n<li>Enfermeiro \u2013 Sala de Estabiliza\u00e7\u00e3o \u2013 \u00c1rea Rural: 3 vagas + 30 CR<\/li>\n\n\n\n<li>Enfermeiro \u2013 \u00c1rea Rural: 18 vagas + 18 CR<\/li>\n\n\n\n<li>Enfermeiro do Trabalho: 1 vaga + 2 CR<\/li>\n\n\n\n<li>Odont\u00f3logo: 23 vagas + 33 CR<\/li>\n\n\n\n<li>Bi\u00f3logo: 1 vaga + 2 CR<\/li>\n\n\n\n<li>Administrador Hospitalar: 1 vaga + 1 CR<\/li>\n<\/ul>\n\n\n\n<p class=\"wp-block-paragraph\"><strong>N\u00edveis m\u00e9dio e t\u00e9cnico<\/strong><\/p>\n\n\n\n<ul class=\"wp-block-list\">\n<li>T\u00e9cnico em Higiene Dental: 28 vagas + 58 CR<\/li>\n\n\n\n<li>Auxiliar de Odontologia: 28 vagas + 31 CR<\/li>\n\n\n\n<li>T\u00e9cnico em Enfermagem: 43 vagas + 166 CR<\/li>\n\n\n\n<li>T\u00e9cnico em Laborat\u00f3rio: 43 vagas + 90 CR<\/li>\n\n\n\n<li>T\u00e9cnico em Radiologia \u2013 Raio X: 12 vagas + 35 CR<\/li>\n\n\n\n<li>Auxiliar de Farm\u00e1cia: 43 vagas + 113 CR<\/li>\n\n\n\n<li>Agente Comunit\u00e1rio de Sa\u00fade (ACS): 43 vagas + 107 CR<\/li>\n\n\n\n<li>Assistente Administrativo: 38 vagas + 205 CR<\/li>\n\n\n\n<li>Agente de Combate \u00e0s Endemias (ACE): 40 vagas + 100 CR<\/li>\n\n\n\n<li>Cuidador Social: 4 vagas + 10 CR<\/li>\n<\/ul>\n\n\n\n<p class=\"wp-block-paragraph\"><strong>N\u00edvel fundamental e cargos operacionais<\/strong><\/p>\n\n\n\n<ul class=\"wp-block-list\">\n<li>Auxiliar de Servi\u00e7o Veterin\u00e1rio: 1 vaga + 10 CR<\/li>\n\n\n\n<li>Auxiliar de Servi\u00e7os de Sa\u00fade: 1 vaga + 10 CR<\/li>\n\n\n\n<li>Auxiliar de Servi\u00e7os Gerais \u2013 \u00c1rea Rural: 18 vagas + 18 CR<\/li>\n\n\n\n<li>Motorista de Ve\u00edculos de Transporte de Cargas e Passageiros: 58 vagas + 97 CR<\/li>\n\n\n\n<li>Motorista de Ve\u00edculos de Passeio e Duas Rodas: 16 vagas + 20 CR<\/li>\n<\/ul>\n\n\n<div class=\"wp-block-image\">\n<figure class=\"aligncenter size-full is-resized\"><img loading=\"lazy\" decoding=\"async\" width=\"2560\" height=\"1729\" src=\"https:\/\/www.apostilasopcao.com.br\/blog\/wp-content\/uploads\/2026\/09\/Segurando-caneta-Fazendo-prova-da-faculdade-scaled.webp\" alt=\"Segurando caneta-Fazendo prova da faculdade\" class=\"wp-image-15803\" style=\"aspect-ratio:1.4806622811199035;width:526px;height:auto\" srcset=\"https:\/\/www.apostilasopcao.com.br\/blog\/wp-content\/uploads\/2026\/09\/Segurando-caneta-Fazendo-prova-da-faculdade-scaled.webp 2560w, https:\/\/www.apostilasopcao.com.br\/blog\/wp-content\/uploads\/2026\/09\/Segurando-caneta-Fazendo-prova-da-faculdade-300x203.webp 300w, https:\/\/www.apostilasopcao.com.br\/blog\/wp-content\/uploads\/2026\/09\/Segurando-caneta-Fazendo-prova-da-faculdade-1024x692.webp 1024w, https:\/\/www.apostilasopcao.com.br\/blog\/wp-content\/uploads\/2026\/09\/Segurando-caneta-Fazendo-prova-da-faculdade-768x519.webp 768w, https:\/\/www.apostilasopcao.com.br\/blog\/wp-content\/uploads\/2026\/09\/Segurando-caneta-Fazendo-prova-da-faculdade-1536x1038.webp 1536w, https:\/\/www.apostilasopcao.com.br\/blog\/wp-content\/uploads\/2026\/09\/Segurando-caneta-Fazendo-prova-da-faculdade-2048x1383.webp 2048w\" sizes=\"auto, (max-width: 2560px) 100vw, 2560px\" \/><figcaption class=\"wp-element-caption\"><em>Concurso SEMUSA Porto Velho RO: Mais de 2 mil vagas! Banca definida! <\/em><\/figcaption><\/figure>\n<\/div>\n\n\n<h2 class=\"wp-block-heading\">Etapas de sele\u00e7\u00e3o <\/h2>\n\n\n\n<p class=\"wp-block-paragraph\">A sele\u00e7\u00e3o do concurso SEMUSA Porto Velho RO ser\u00e1 realizada por meio de etapas de car\u00e1ter <strong>eliminat\u00f3rio e classificat\u00f3rio<\/strong>, conforme as previs\u00f5es do Termo de Refer\u00eancia. As fases previstas incluem:<\/p>\n\n\n\n<ul class=\"wp-block-list\">\n<li><strong>Prova objetiva:<\/strong> de m\u00faltipla escolha, com quest\u00f5es de conhecimentos gerais e espec\u00edficos, para todos os cargos;<\/li>\n\n\n\n<li><strong>Prova discursiva:<\/strong> prevista para cargos de n\u00edvel superior e para especialistas das \u00e1reas de Educa\u00e7\u00e3o e Sa\u00fade;<\/li>\n\n\n\n<li><strong>Prova de t\u00edtulos:<\/strong> de car\u00e1ter exclusivamente classificat\u00f3rio, destinada aos candidatos de n\u00edvel superior;<\/li>\n\n\n\n<li><strong>Prova pr\u00e1tica:<\/strong> avalia\u00e7\u00e3o de habilidades espec\u00edficas, que poder\u00e1 ser aplicada para determinados cargos t\u00e9cnicos e operacionais;<\/li>\n\n\n\n<li><strong>Procedimento de heteroidentifica\u00e7\u00e3o:<\/strong> destinado aos candidatos que concorrerem \u00e0s vagas reservadas para pessoas negras;<\/li>\n\n\n\n<li><strong>Avalia\u00e7\u00e3o biopsicossocial:<\/strong> destinada aos candidatos que concorrerem \u00e0s vagas reservadas para pessoas com defici\u00eancia (PCD).<\/li>\n<\/ul>\n\n\n\n<p class=\"wp-block-paragraph\"><strong>Quer ficar por dentro de tudo sobre o universo de concursos?&nbsp;<a href=\"https:\/\/www.apostilasopcao.com.br\/blog\/noticias\/\" target=\"_blank\" rel=\"noopener\">Confira as nossas not\u00edcias!<\/a><\/strong><\/p>\n\n\n\n<p class=\"wp-block-paragraph\"><\/p>\n","protected":false},"excerpt":{"rendered":"<p>O concurso SEMUSA Porto Velho RO avan\u00e7a com banca definida: IBGP. O certame prev\u00ea 2.248 oportunidades, sendo 659 vagas imediatas e 1.589 para cadastro reserva, para cargos de n\u00edveis m\u00e9dio, t\u00e9cnico e superior. Saiba mais!<\/p>\n","protected":false},"author":13,"featured_media":15804,"comment_status":"closed","ping_status":"closed","sticky":false,"template":"","format":"standard","meta":{"_acf_changed":false,"breadcrumbs_single_post":"","page_title_panel":"","breadcrumbs_single_page":"","single_page_alignment":"","single_page_margin":"","page_structure_type":"","content_style_source":"","content_style":"","blog_post_streched_ed":"","blog_page_streched_ed":"","has_transparent_header":"","disable_transparent_header":"","vertical_spacing_source":"","content_area_spacing":"","single_post_content_background":"","single_page_content_background":"","single_post_boxed_content_spacing":"","single_page_boxed_content_spacing":"","single_post_content_boxed_radius":"","single_page_content_boxed_radius":"","disable_featured_image":"","disable_post_tags":"","disable_author_box":"","disable_posts_navigation":"","disable_comments":"","disable_related_posts":"","disable_header":"","disable_footer":"","footnotes":""},"categories":[4,26],"tags":[1194],"class_list":["post-15799","post","type-post","status-publish","format-standard","has-post-thumbnail","hentry","category-noticias","category-ro","tag-concurso-semusa-porto-velho-ro","rishi-post"],"acf":{"data_prova":null,"status":"previsto"},"_links":{"self":[{"href":"https:\/\/www.apostilasopcao.com.br\/blog\/wp-json\/wp\/v2\/posts\/15799","targetHints":{"allow":["GET"]}}],"collection":[{"href":"https:\/\/www.apostilasopcao.com.br\/blog\/wp-json\/wp\/v2\/posts"}],"about":[{"href":"https:\/\/www.apostilasopcao.com.br\/blog\/wp-json\/wp\/v2\/types\/post"}],"author":[{"embeddable":true,"href":"https:\/\/www.apostilasopcao.com.br\/blog\/wp-json\/wp\/v2\/users\/13"}],"replies":[{"embeddable":true,"href":"https:\/\/www.apostilasopcao.com.br\/blog\/wp-json\/wp\/v2\/comments?post=15799"}],"version-history":[{"count":1,"href":"https:\/\/www.apostilasopcao.com.br\/blog\/wp-json\/wp\/v2\/posts\/15799\/revisions"}],"predecessor-version":[{"id":15805,"href":"https:\/\/www.apostilasopcao.com.br\/blog\/wp-json\/wp\/v2\/posts\/15799\/revisions\/15805"}],"wp:featuredmedia":[{"embeddable":true,"href":"https:\/\/www.apostilasopcao.com.br\/blog\/wp-json\/wp\/v2\/media\/15804"}],"wp:attachment":[{"href":"https:\/\/www.apostilasopcao.com.br\/blog\/wp-json\/wp\/v2\/media?parent=15799"}],"wp:term":[{"taxonomy":"category","embeddable":true,"href":"https:\/\/www.apostilasopcao.com.br\/blog\/wp-json\/wp\/v2\/categories?post=15799"},{"taxonomy":"post_tag","embeddable":true,"href":"https:\/\/www.apostilasopcao.com.br\/blog\/wp-json\/wp\/v2\/tags?post=15799"}],"curies":[{"name":"wp","href":"https:\/\/api.w.org\/{rel}","templated":true}]}}