{"id":15847,"date":"2026-09-04T13:11:41","date_gmt":"2026-09-04T16:11:41","guid":{"rendered":"https:\/\/www.apostilasopcao.com.br\/blog\/?p=15847"},"modified":"2026-09-04T13:11:45","modified_gmt":"2026-09-04T16:11:45","slug":"camara-de-natercia-mg","status":"publish","type":"post","link":"https:\/\/www.apostilasopcao.com.br\/blog\/camara-de-natercia-mg\/","title":{"rendered":"Concurso C\u00e2mara de Nat\u00e9rcia MG: Edital publicado para n\u00edveis fundamental e m\u00e9dio!"},"content":{"rendered":"\n<p class=\"wp-block-paragraph\">Ol\u00e1, concurseiros! Foi anunciado o novo concurso C\u00e2mara de Nat\u00e9rcia MG! Oferta\u00a0<strong>1 vaga <\/strong>imediata,<strong>\u00a0<\/strong>al\u00e9m de\u00a0cadastro de reserva, para cargos de\u00a0n\u00edveis fundamental e m\u00e9dio. O sal\u00e1rio inicial \u00e9 de <strong>R$ 1.668,22<\/strong>. As inscri\u00e7\u00f5es estar\u00e3o abertas a partir de\u00a0<strong><strong>11 de novembro<\/strong><\/strong>\u00a0e se estendem at\u00e9\u00a0<strong><strong>11 de dezembro<\/strong>\u00a0de 2026<\/strong>. J\u00e1 a prova objetiva est\u00e1 prevista para o dia\u00a0<strong><strong>17 de janeiro de 2027<\/strong><\/strong>. O valor da taxa de inscri\u00e7\u00e3o \u00e9 de\u00a0<strong><strong>R$ 85,00<\/strong><\/strong>. Para se preparar, confira a\u00a0apostila C\u00e2mara de Nat\u00e9rcia MG\u00a0com conte\u00fado completo e atualizado conforme o \u00faltimo edital.<\/p>\n\n\n\n<h2 class=\"wp-block-heading\">Resumo do edital<\/h2>\n\n\n\n<ul class=\"wp-block-list\">\n<li><strong>Vagas:<\/strong>\u00a01 + CR<\/li>\n\n\n\n<li><strong>Inscri\u00e7\u00f5es:\u00a0<\/strong>11\/11\/2026 a 11\/12\/2026<\/li>\n\n\n\n<li><strong>Taxa de inscri\u00e7\u00e3o:<\/strong>\u00a0R$ 85,00<\/li>\n\n\n\n<li><strong>Provas:\u00a0<\/strong>17\/01\/2027<\/li>\n\n\n\n<li><strong>Sal\u00e1rio inicial:<\/strong>\u00a0R$ 1.668,22<\/li>\n\n\n\n<li><strong>Banca:<\/strong> JCM Consultoria Municipal<\/li>\n\n\n\n<li><a href=\"https:\/\/www.apostilasopcao.com.br\/blog\/wp-content\/uploads\/2026\/09\/fa81ff58-5a21-40a9-a4ef-6c83475465f1.pdf\" target=\"_blank\" rel=\"noreferrer noopener\">Baixe o\u00a0edital<\/a><\/li>\n<\/ul>\n\n\n\n<h2 class=\"wp-block-heading\">Concurso C\u00e2mara de Nat\u00e9rcia MG: Inscri\u00e7\u00f5es<\/h2>\n\n\n\n<p class=\"wp-block-paragraph\">As inscri\u00e7\u00f5es do\u00a0concurso C\u00e2mara de Nat\u00e9rcia MG\u00a0ser\u00e3o realizadas exclusivamente pela internet no site\u00a0<a href=\"https:\/\/www.concursosjcm.com.br\/informacoes\/263\/\" target=\"_blank\" rel=\"noopener\">JCM Consultoria Municipal<\/a>,\u00a0respons\u00e1vel pela organiza\u00e7\u00e3o do certame. Inscri\u00e7\u00f5es estar\u00e3o dispon\u00edveis de\u00a0<strong><strong>11 de novembro\u00a0<\/strong>a<strong>\u00a011 de dezembro\u00a0<\/strong>\u00a0de 2026<\/strong>. O valor da taxa de inscri\u00e7\u00e3o \u00e9 de <strong><strong>R$ 85,00<\/strong><\/strong>. <\/p>\n\n\n\n<p class=\"wp-block-paragraph\"><strong><em><strong><em>A data limite para pagamento da taxa de inscri\u00e7\u00e3o \u00e9 dia\u00a0<strong><strong>11 de dezembro<\/strong><\/strong><\/em><\/strong>\u00a0de 2026.<\/em><\/strong><\/p>\n\n\n\n<h3 class=\"wp-block-heading\">Isen\u00e7\u00e3o da taxa<\/h3>\n\n\n\n<p class=\"wp-block-paragraph\">O per\u00edodo para solicita\u00e7\u00e3o de isen\u00e7\u00e3o da taxa de inscri\u00e7\u00e3o do concurso C\u00e2mara de Nat\u00e9rcia MG ser\u00e1 entre os dias\u00a0<strong><strong>11\u00a0<\/strong>e\u00a0<strong>13 de novembro<\/strong>\u00a0de 2026<\/strong>, conforme previsto no edital. Os pedidos podem ser realizados apenas pelos candidatos que se enquadrem em um dos seguintes crit\u00e9rios:<\/p>\n\n\n\n<ul class=\"wp-block-list\">\n<li>Candidatos de baixa renda que comprovem insufici\u00eancia de recursos, incluindo inscritos no Cad\u00danico que atendam ao crit\u00e9rio de renda e candidatos comprovadamente desempregados.<\/li>\n<\/ul>\n\n\n\n<h2 class=\"wp-block-heading\">Concurso C\u00e2mara de Nat\u00e9rcia MG: Cargos e vagas<\/h2>\n\n\n\n<p class=\"wp-block-paragraph\">O\u00a0concurso\u00a0C\u00e2mara de Nat\u00e9rcia MG oferta\u00a0<strong>1 vaga <\/strong>imediata,<strong>\u00a0<\/strong>al\u00e9m de\u00a0cadastro de reserva, para cargos de\u00a0n\u00edveis fundamental e m\u00e9dio.<\/p>\n\n\n\n<p class=\"wp-block-paragraph\"><strong>N\u00edvel fundamental<\/strong><\/p>\n\n\n\n<ul class=\"wp-block-list\">\n<li><strong>Auxiliar de Servi\u00e7os Gerais:<\/strong> CR &#8211; R$ 1.668,22.<\/li>\n<\/ul>\n\n\n\n<p class=\"wp-block-paragraph\"><strong>N\u00edvel m\u00e9dio<\/strong><\/p>\n\n\n\n<ul class=\"wp-block-list\">\n<li><strong>Oficial Legislativo:<\/strong> 1 vaga &#8211; R$ 1.668,22.<\/li>\n<\/ul>\n\n\n<div class=\"wp-block-image\">\n<figure class=\"aligncenter size-large is-resized\"><img loading=\"lazy\" decoding=\"async\" width=\"1024\" height=\"684\" src=\"https:\/\/www.apostilasopcao.com.br\/blog\/wp-content\/uploads\/2026\/09\/Mulher-trabalhando-no-computador-no-escritorio-1024x684.webp\" alt=\"Mulher trabalhando no computador no escrit\u00f3rio\" class=\"wp-image-15850\" style=\"aspect-ratio:1.497091995758491;width:542px;height:auto\" srcset=\"https:\/\/www.apostilasopcao.com.br\/blog\/wp-content\/uploads\/2026\/09\/Mulher-trabalhando-no-computador-no-escritorio-1024x684.webp 1024w, https:\/\/www.apostilasopcao.com.br\/blog\/wp-content\/uploads\/2026\/09\/Mulher-trabalhando-no-computador-no-escritorio-300x200.webp 300w, https:\/\/www.apostilasopcao.com.br\/blog\/wp-content\/uploads\/2026\/09\/Mulher-trabalhando-no-computador-no-escritorio-768x513.webp 768w, https:\/\/www.apostilasopcao.com.br\/blog\/wp-content\/uploads\/2026\/09\/Mulher-trabalhando-no-computador-no-escritorio-1536x1025.webp 1536w, https:\/\/www.apostilasopcao.com.br\/blog\/wp-content\/uploads\/2026\/09\/Mulher-trabalhando-no-computador-no-escritorio-2048x1367.webp 2048w, https:\/\/www.apostilasopcao.com.br\/blog\/wp-content\/uploads\/2026\/09\/Mulher-trabalhando-no-computador-no-escritorio-360x240.webp 360w\" sizes=\"auto, (max-width: 1024px) 100vw, 1024px\" \/><figcaption class=\"wp-element-caption\"><em>Concurso C\u00e2mara de Nat\u00e9rcia MG: Edital publicado para n\u00edveis fundamental e m\u00e9dio!<\/em><\/figcaption><\/figure>\n<\/div>\n\n\n<p class=\"wp-block-paragraph\"><strong>Para quem vai iniciar a prepara\u00e7\u00e3o, a<a href=\"https:\/\/www.apostilasopcao.com.br\/concurso\/camara-de-natercia-mg\" target=\"_blank\" rel=\"noreferrer noopener\">\u00a0apostila\u00a0C\u00e2mara de Nat\u00e9rcia MG<\/a>\u00a0j\u00e1 est\u00e1 dispon\u00edvel com conte\u00fado completo e atualizado conforme o \u00faltimo edital.<\/strong><\/p>\n\n\n\n<h2 class=\"wp-block-heading\">Concurso C\u00e2mara de Nat\u00e9rcia MG: Requisitos<\/h2>\n\n\n\n<p class=\"wp-block-paragraph\">Para participar do concurso C\u00e2mara de Nat\u00e9rcia MG, os candidatos devem atender aos seguintes requisitos: <\/p>\n\n\n\n<ul class=\"wp-block-list\">\n<li>Ser brasileiro nato ou naturalizado ou, no caso de nacionalidade portuguesa, estar amparado pelo Estatuto de Igualdade entre brasileiros e portugueses, com reconhecimento do gozo dos direitos pol\u00edticos;<\/li>\n\n\n\n<li>Ter sido aprovado e classificado no Concurso P\u00fablico, conforme estabelecido no edital;<\/li>\n\n\n\n<li>Estar em dia com as obriga\u00e7\u00f5es militares, quando candidato do sexo masculino;<\/li>\n\n\n\n<li>Gozar dos direitos pol\u00edticos;<\/li>\n\n\n\n<li>Estar em dia com as obriga\u00e7\u00f5es eleitorais;<\/li>\n\n\n\n<li>Ter <strong>idade m\u00ednima de 18 anos<\/strong> no ato da posse;<\/li>\n\n\n\n<li>Possuir, no ato da posse, os requisitos exigidos para o cargo;<\/li>\n\n\n\n<li>Possuir condi\u00e7\u00f5es de <strong>sa\u00fade f\u00edsica e mental compat\u00edveis com o exerc\u00edcio do cargo<\/strong>, comprovadas mediante inspe\u00e7\u00e3o m\u00e9dica determinada pela C\u00e2mara Municipal de Nat\u00e9rcia-MG.<\/li>\n<\/ul>\n\n\n\n<h2 class=\"wp-block-heading\">Etapas de sele\u00e7\u00e3o<\/h2>\n\n\n\n<p class=\"wp-block-paragraph\">Os inscritos no concurso C\u00e2mara de Nat\u00e9rcia MG ser\u00e3o avaliados\u00a0por meio das seguintes etapas: <\/p>\n\n\n\n<ul class=\"wp-block-list\">\n<li><strong>prova objetiva<\/strong>, de car\u00e1ter eliminat\u00f3rio e classificat\u00f3rio.<\/li>\n<\/ul>\n\n\n\n<h3 class=\"wp-block-heading\">Prova objetiva<\/h3>\n\n\n\n<p class=\"wp-block-paragraph\">A prova objetiva do concurso C\u00e2mara de Nat\u00e9rcia MG est\u00e1 prevista para <strong>17 de janeiro de 2027<\/strong>. O local e o hor\u00e1rio de realiza\u00e7\u00e3o ser\u00e3o divulgados em <strong>4 de janeiro de 2027<\/strong>, por meio do Cart\u00e3o de Convoca\u00e7\u00e3o disponibilizado na \u00c1rea do Candidato.<\/p>\n\n\n\n<p class=\"wp-block-paragraph\">A avalia\u00e7\u00e3o ter\u00e1 <strong>30 quest\u00f5es de m\u00faltipla escolha<\/strong>, com quatro alternativas e apenas uma resposta correta, valer\u00e1 <strong>100 pontos<\/strong> e ter\u00e1 dura\u00e7\u00e3o de <strong>3 horas<\/strong>.<\/p>\n\n\n\n<p class=\"wp-block-paragraph\"><strong>Auxiliar de Servi\u00e7os Gerais<\/strong><\/p>\n\n\n\n<ul class=\"wp-block-list\">\n<li>L\u00edngua Portuguesa: 10 quest\u00f5es, valendo 4 pontos cada;<\/li>\n\n\n\n<li>Racioc\u00ednio L\u00f3gico: 20 quest\u00f5es, valendo 3 pontos cada.<\/li>\n<\/ul>\n\n\n\n<p class=\"wp-block-paragraph\"><strong>Oficial Legislativo<\/strong><\/p>\n\n\n\n<ul class=\"wp-block-list\">\n<li>L\u00edngua Portuguesa: 10 quest\u00f5es, valendo 4 pontos cada;<\/li>\n\n\n\n<li>Racioc\u00ednio L\u00f3gico: 10 quest\u00f5es, valendo 3,5 pontos cada;<\/li>\n\n\n\n<li>Inform\u00e1tica: 5 quest\u00f5es, valendo 2,5 pontos cada;<\/li>\n\n\n\n<li>Legisla\u00e7\u00e3o Municipal\/Federal: 5 quest\u00f5es, valendo 2,5 pontos cada.<\/li>\n<\/ul>\n\n\n\n<p class=\"wp-block-paragraph\"><em>Para ser aprovado, o candidato dever\u00e1 obter m\u00ednimo de 50 pontos na prova objetiva.<\/em><\/p>\n\n\n\n<h3 class=\"wp-block-heading\">Somos a melhor Op\u00e7\u00e3o<\/h3>\n\n\n\n<p class=\"wp-block-paragraph\">Voc\u00ea ir\u00e1 participar do concurso C\u00e2mara de Nat\u00e9rcia MG? Somos a melhor Op\u00e7\u00e3o! N\u00f3s contamos com diversos materiais preparat\u00f3rios alinhados e elaborados conforme o edital. Com mais de tr\u00eas d\u00e9cadas de candidatos aprovados, ajudaremos voc\u00ea tamb\u00e9m nesta longa jornada. N\u00e3o perca mais tempo e comece a estudar ainda hoje para o cargo que ir\u00e1 mudar a sua vida!<\/p>\n\n\n\n<ul class=\"wp-block-list\">\n<li><strong>Confira:\u00a0<a href=\"https:\/\/www.apostilasopcao.com.br\/concurso\/camara-de-natercia-mg\" target=\"_blank\" rel=\"noreferrer noopener\">Apostilas C\u00e2mara de Nat\u00e9rcia MG!<\/a><\/strong><\/li>\n<\/ul>\n\n\n\n<p class=\"wp-block-paragraph\"><strong>Quer ficar por dentro de tudo sobre o universo de concursos?&nbsp;<a href=\"https:\/\/www.apostilasopcao.com.br\/blog\/noticias\/\" target=\"_blank\" rel=\"noopener\">Confira as nossas not\u00edcias!<\/a><\/strong><\/p>\n\n\n\n<p class=\"wp-block-paragraph\"><\/p>\n","protected":false},"excerpt":{"rendered":"<p>Foi anunciado o novo concurso C\u00e2mara de Nat\u00e9rcia MG! Oferta\u00a01 vaga imediata,\u00a0al\u00e9m de\u00a0cadastro de reserva, para cargos de\u00a0n\u00edveis fundamental e m\u00e9dio. As inscri\u00e7\u00f5es estar\u00e3o abertas a partir de\u00a011 de novembro\u00a0e se estendem at\u00e9\u00a011 de dezembro\u00a0de 2026. Saiba mais!<\/p>\n","protected":false},"author":13,"featured_media":15848,"comment_status":"closed","ping_status":"closed","sticky":false,"template":"","format":"standard","meta":{"_acf_changed":false,"breadcrumbs_single_post":"","page_title_panel":"","breadcrumbs_single_page":"","single_page_alignment":"","single_page_margin":"","page_structure_type":"","content_style_source":"","content_style":"","blog_post_streched_ed":"","blog_page_streched_ed":"","has_transparent_header":"","disable_transparent_header":"","vertical_spacing_source":"","content_area_spacing":"","single_post_content_background":"","single_page_content_background":"","single_post_boxed_content_spacing":"","single_page_boxed_content_spacing":"","single_post_content_boxed_radius":"","single_page_content_boxed_radius":"","disable_featured_image":"","disable_post_tags":"","disable_author_box":"","disable_posts_navigation":"","disable_comments":"","disable_related_posts":"","disable_header":"","disable_footer":"","footnotes":""},"categories":[4,16],"tags":[1198],"class_list":["post-15847","post","type-post","status-publish","format-standard","has-post-thumbnail","hentry","category-noticias","category-mg","tag-concurso-camara-de-natercia-mg","rishi-post"],"acf":{"data_prova":"20270117","status":"aberto"},"_links":{"self":[{"href":"https:\/\/www.apostilasopcao.com.br\/blog\/wp-json\/wp\/v2\/posts\/15847","targetHints":{"allow":["GET"]}}],"collection":[{"href":"https:\/\/www.apostilasopcao.com.br\/blog\/wp-json\/wp\/v2\/posts"}],"about":[{"href":"https:\/\/www.apostilasopcao.com.br\/blog\/wp-json\/wp\/v2\/types\/post"}],"author":[{"embeddable":true,"href":"https:\/\/www.apostilasopcao.com.br\/blog\/wp-json\/wp\/v2\/users\/13"}],"replies":[{"embeddable":true,"href":"https:\/\/www.apostilasopcao.com.br\/blog\/wp-json\/wp\/v2\/comments?post=15847"}],"version-history":[{"count":1,"href":"https:\/\/www.apostilasopcao.com.br\/blog\/wp-json\/wp\/v2\/posts\/15847\/revisions"}],"predecessor-version":[{"id":15851,"href":"https:\/\/www.apostilasopcao.com.br\/blog\/wp-json\/wp\/v2\/posts\/15847\/revisions\/15851"}],"wp:featuredmedia":[{"embeddable":true,"href":"https:\/\/www.apostilasopcao.com.br\/blog\/wp-json\/wp\/v2\/media\/15848"}],"wp:attachment":[{"href":"https:\/\/www.apostilasopcao.com.br\/blog\/wp-json\/wp\/v2\/media?parent=15847"}],"wp:term":[{"taxonomy":"category","embeddable":true,"href":"https:\/\/www.apostilasopcao.com.br\/blog\/wp-json\/wp\/v2\/categories?post=15847"},{"taxonomy":"post_tag","embeddable":true,"href":"https:\/\/www.apostilasopcao.com.br\/blog\/wp-json\/wp\/v2\/tags?post=15847"}],"curies":[{"name":"wp","href":"https:\/\/api.w.org\/{rel}","templated":true}]}}