{"id":1611,"date":"2025-05-29T11:16:37","date_gmt":"2025-05-29T14:16:37","guid":{"rendered":"https:\/\/www.apostilasopcao.com.br\/blog\/?p=1611"},"modified":"2025-05-29T11:16:39","modified_gmt":"2025-05-29T14:16:39","slug":"conrerp-2","status":"publish","type":"post","link":"https:\/\/www.apostilasopcao.com.br\/blog\/conrerp-2\/","title":{"rendered":"Concurso Conrerp 2: Edital publicado! 60 vagas e at\u00e9 R$3,2 mil!"},"content":{"rendered":"\n<p>Foi publicado o edital do concurso Conrerp 2 (Conselho Regional de Profissionais de Rela\u00e7\u00f5es P\u00fablicas da 2\u00aa Regi\u00e3o)! S\u00e3o ofertadas <strong>60 vagas<\/strong>, sendo 1 imediata e 59 para cadastro de reserva, destinadas aos cargos de <strong>Assistente Administrativo (n\u00edvel m\u00e9dio)<\/strong> e <strong>Agente de Fiscaliza\u00e7\u00e3o (n\u00edvel superior)<\/strong>. As oportunidades s\u00e3o para lota\u00e7\u00e3o na cidade de S\u00e3o Paulo (SP), com sal\u00e1rios de <strong>R$3.000 <\/strong>a<strong> R$3.200<\/strong>. Confira aqui todos os detalhes!<\/p>\n\n\n\n<h2 class=\"wp-block-heading\">Resumo do edital <\/h2>\n\n\n\n<ul class=\"wp-block-list\">\n<li><strong>Vagas:<\/strong> 1 + 59 CR<\/li>\n\n\n\n<li><strong>Inscri\u00e7\u00f5es:<\/strong> 28\/05\/2025 a 07\/07\/2025<\/li>\n\n\n\n<li><strong>Taxas de inscri\u00e7\u00e3o:<\/strong> R$60 e R$65<\/li>\n\n\n\n<li><strong>Prova:<\/strong> 03\/08\/2025<\/li>\n\n\n\n<li><strong>Banca:<\/strong> Instituto Quadrix<\/li>\n\n\n\n<li><a href=\"https:\/\/www.apostilasopcao.com.br\/blog\/wp-content\/uploads\/2025\/05\/edital-conrep.pdf\" target=\"_blank\" rel=\"noreferrer noopener\">Baixe o edital<\/a><\/li>\n<\/ul>\n\n\n\n<h2 class=\"wp-block-heading\">Como se inscrever no concurso Conrerp 2<\/h2>\n\n\n\n<p>As inscri\u00e7\u00f5es para o concurso Conrerp 2 j\u00e1 est\u00e3o abertas e devem ser realizadas at\u00e9 as 23h do dia<strong> 7 de julho de 2025<\/strong>, exclusivamente no site do <a href=\"https:\/\/www.quadrix.org.br\/todos-os-concursos\/inscricoes-abertas\/conrerp2_2025.aspx\" target=\"_blank\" rel=\"noreferrer noopener\">Instituto Quadrix.<\/a><\/p>\n\n\n\n<p>As taxas de inscri\u00e7\u00e3o variam conforme a escolaridade:<\/p>\n\n\n\n<ul class=\"wp-block-list\">\n<li><strong>R$60,00<\/strong> para Assistente Administrativo (n\u00edvel m\u00e9dio)<\/li>\n\n\n\n<li><strong>R$65,00<\/strong> para Agente de Fiscaliza\u00e7\u00e3o (n\u00edvel superior)<\/li>\n<\/ul>\n\n\n\n<p>A taxa deve ser efetuada at\u00e9 o dia <strong>8 de julho de 2025.<\/strong><\/p>\n\n\n\n<p>Candidatos inscritos no Cad\u00danico ou doadores de medula \u00f3ssea podem solicitar isen\u00e7\u00e3o entre os dias <strong>28 <\/strong>e<strong> 30 de maio<\/strong>, conforme previsto em lei.<\/p>\n\n\n\n<h2 class=\"wp-block-heading\">Vagas, cargos e sal\u00e1rios<\/h2>\n\n\n\n<p>O edital est\u00e1 ofertando 60 vagas entre imediatas e cadatro reserva. Confira como est\u00e3o distribu\u00eddas as oportunidades do concurso Conrerp 2:<\/p>\n\n\n\n<p><strong>N\u00edvel m\u00e9dio<\/strong><\/p>\n\n\n\n<ul class=\"wp-block-list\">\n<li>Assistente Administrativo: 25 CR\n<ul class=\"wp-block-list\">\n<li>R$ 3.000,00 + benef\u00edcios<\/li>\n<\/ul>\n<\/li>\n<\/ul>\n\n\n\n<p><strong>N\u00edvel superior<\/strong><\/p>\n\n\n\n<ul class=\"wp-block-list\">\n<li>Agente de Fiscaliza\u00e7\u00e3o: 1 imediata + 34 CR\n<ul class=\"wp-block-list\">\n<li>R$3.200,00 + benef\u00edcios<\/li>\n<\/ul>\n<\/li>\n<\/ul>\n\n\n\n<p>Al\u00e9m dos sal\u00e1rios, os aprovados ter\u00e3o direito a:<\/p>\n\n\n\n<ul class=\"wp-block-list\">\n<li>Vale Refei\u00e7\u00e3o\/Alimenta\u00e7\u00e3o: R$ 500,00 mensais<\/li>\n\n\n\n<li>Vale Transporte<\/li>\n\n\n\n<li>Plano de Cargos e Sal\u00e1rios<\/li>\n<\/ul>\n\n\n\n<p>As contrata\u00e7\u00f5es ser\u00e3o sob o regime da CLT, com lota\u00e7\u00e3o na sede do \u00f3rg\u00e3o, em S\u00e3o Paulo (SP).<\/p>\n\n\n\n<h2 class=\"wp-block-heading\">Requisitos do concurso Conrerp 2<\/h2>\n\n\n\n<p>Para investidura dos cargos do concurso Conrerp 2, os aprovados devem seguir os seguintes requisitos:<\/p>\n\n\n\n<ul class=\"wp-block-list\">\n<li>ser aprovado em todas as fases do concurso p\u00fablico;<\/li>\n\n\n\n<li>ter a nacionalidade brasileira ou portuguesa e, no caso de nacionalidade portuguesa, estar amparado pelo Estatuto de Igualdad e entre Brasileiros e Portugueses, com reconhecimento do gozo dos direitos pol\u00edticos, nos termos do \u00a7 1\u00ba do art. 12 da Constitui\u00e7\u00e3o Federal;<\/li>\n\n\n\n<li>estar em gozo dos direitos pol\u00edticos;<\/li>\n\n\n\n<li>estar quite com as obriga\u00e7\u00f5es militares, em caso de candidato do sexo masculino;<\/li>\n\n\n\n<li>estar quite com as obriga\u00e7\u00f5es eleitorais;<\/li>\n\n\n\n<li>possuir os requisitos exigidos para o exerc\u00edcio do cargo, conforme o Anexo II deste edital;<\/li>\n\n\n\n<li>ter idade m\u00ednima de 18 anos completos na data da contrata\u00e7\u00e3o;<\/li>\n\n\n\n<li>apresentar atestado de pr\u00e9via aprova\u00e7\u00e3o de aptid\u00e3o f\u00edsica e mental para o exerc\u00edcio das atribui\u00e7\u00f5es do cargo;<\/li>\n\n\n\n<li>apresentar declara\u00e7\u00e3o de que n\u00e3o acumula cargo ou fun\u00e7\u00e3o p\u00fablica, ou proventos de inatividade, ressalvadas as possibilidades de acumula\u00e7\u00e3o l\u00edcita previstas no Inciso XVI do art. 37 da Constitui\u00e7\u00e3o Federal;<\/li>\n\n\n\n<li>n\u00e3o estar cumprindo san\u00e7\u00e3o por inidoneidade, aplicada por qualquer \u00f3rg\u00e3o p\u00fablico ou entidade das esferas federal, estadual, municipal ou do Distrito Federal; e<\/li>\n\n\n\n<li>cumprir as determina\u00e7\u00f5es deste edital<\/li>\n<\/ul>\n\n\n\n<h2 class=\"wp-block-heading\">Etapas de sele\u00e7\u00e3o do concurso Conrerp 2<\/h2>\n\n\n\n<p>Todos os candidatos do concurso Conrerp 2 ser\u00e3o avaliados por meio de duas etapas, de car\u00e1ter eliminat\u00f3rio e classificat\u00f3rio. S\u00e3o elas:<\/p>\n\n\n\n<ul class=\"wp-block-list\">\n<li>Prova objetiva<\/li>\n\n\n\n<li>Prova discursiva<\/li>\n<\/ul>\n\n\n\n<h3 class=\"wp-block-heading\">Prova objetiva<\/h3>\n\n\n\n<p>A prova objetiva ser\u00e1 realizada no dia <strong>03 de agosto de 2025<\/strong>, na cidade de S\u00e3o Paulo. Ela contar\u00e1 com 40 quest\u00f5es de m\u00faltipla escolha, valendo 1 ponto cada (total de 40 pontos).<\/p>\n\n\n\n<p>Confira a distribui\u00e7\u00e3o de quest\u00f5es<a href=\"https:\/\/www.apostilasopcao.com.br\/apostilas\">:<\/a><\/p>\n\n\n\n<ul class=\"wp-block-list\">\n<li>Conhecimentos b\u00e1sicos &#8211; 10 quest\u00f5es<\/li>\n\n\n\n<li>Conhecimentos complementares &#8211; 10 quest\u00f5es<\/li>\n\n\n\n<li>Conhecimentos espec\u00edficos &#8211; 20 quest\u00f5es<\/li>\n<\/ul>\n\n\n\n<p>Ser\u00e1 eliminado do concurso Conrerp 2 o candidato que:<\/p>\n\n\n\n<ul class=\"wp-block-list\">\n<li>obtiver menos de 20 pontos na pontua\u00e7\u00e3o total da prova objetiva;<\/li>\n\n\n\n<li>n\u00e3o estiver entre os classificados dentro do n\u00famero de provas discursivas que ser\u00e3o corrigidas, conforme os crit\u00e9rios do edital.<\/li>\n<\/ul>\n\n\n\n<h3 class=\"wp-block-heading\">Prova discursiva<\/h3>\n\n\n\n<p>Aplicada no mesmo dia que a prova objetiva, a prova discursiva exigir\u00e1 uma reda\u00e7\u00e3o de um texto dissertativo, com no m\u00ednimo 20 linhas e no m\u00e1ximo 30 linhas, valendo at\u00e9 10 pontos.<\/p>\n\n\n\n<p>Ser\u00e1 avaliado:<\/p>\n\n\n\n<ul class=\"wp-block-list\">\n<li>Dom\u00ednio do tema;<\/li>\n\n\n\n<li>Capacidade de argumenta\u00e7\u00e3o;<\/li>\n\n\n\n<li>Clareza, coer\u00eancia e coes\u00e3o;<\/li>\n\n\n\n<li>Uso adequado da norma culta da L\u00edngua Portuguesa.<\/li>\n<\/ul>\n\n\n\n<p>As provas discursivas do concurso Conrerp 2 ser\u00e3o corrigidas apenas dos candidatos aprovados na prova objetiva e que estiverem entre os mais bem classificados, conforme os limites definidos a seguir, respeitando os empates na \u00faltima coloca\u00e7\u00e3o:<\/p>\n\n\n\n<figure class=\"wp-block-image size-full\"><img loading=\"lazy\" decoding=\"async\" width=\"952\" height=\"134\" src=\"https:\/\/www.apostilasopcao.com.br\/blog\/wp-content\/uploads\/2025\/05\/discursiva-conrerp.webp\" alt=\"Tabela de provas que ser\u00e3o corrigidas no concurso Conrerp 2\" class=\"wp-image-1615\" srcset=\"https:\/\/www.apostilasopcao.com.br\/blog\/wp-content\/uploads\/2025\/05\/discursiva-conrerp.webp 952w, https:\/\/www.apostilasopcao.com.br\/blog\/wp-content\/uploads\/2025\/05\/discursiva-conrerp-300x42.webp 300w, https:\/\/www.apostilasopcao.com.br\/blog\/wp-content\/uploads\/2025\/05\/discursiva-conrerp-768x108.webp 768w\" sizes=\"auto, (max-width: 952px) 100vw, 952px\" \/><figcaption class=\"wp-element-caption\"><em>Tabela de provas que ser\u00e3o corrigidas no concurso Conrerp 2!<\/em><\/figcaption><\/figure>\n","protected":false},"excerpt":{"rendered":"<p>Est\u00e1 publicado o edital do concurso Conrerp 2!<\/p>\n","protected":false},"author":5,"featured_media":1612,"comment_status":"closed","ping_status":"closed","sticky":false,"template":"","format":"standard","meta":{"_acf_changed":false,"breadcrumbs_single_post":"","page_title_panel":"","breadcrumbs_single_page":"","single_page_alignment":"","single_page_margin":"","page_structure_type":"","content_style_source":"","content_style":"","blog_post_streched_ed":"","blog_page_streched_ed":"","has_transparent_header":"","disable_transparent_header":"","vertical_spacing_source":"","content_area_spacing":"","single_post_content_background":"","single_page_content_background":"","single_post_boxed_content_spacing":"","single_page_boxed_content_spacing":"","single_post_content_boxed_radius":"","single_page_content_boxed_radius":"","disable_featured_image":"","disable_post_tags":"","disable_author_box":"","disable_posts_navigation":"","disable_comments":"","disable_related_posts":"","disable_header":"","disable_footer":"","footnotes":""},"categories":[4,6],"tags":[215],"class_list":["post-1611","post","type-post","status-publish","format-standard","has-post-thumbnail","hentry","category-noticias","category-sp","tag-concurso-conrerp-2","rishi-post"],"acf":{"data_prova":"20250803","status":"aberto"},"_links":{"self":[{"href":"https:\/\/www.apostilasopcao.com.br\/blog\/wp-json\/wp\/v2\/posts\/1611","targetHints":{"allow":["GET"]}}],"collection":[{"href":"https:\/\/www.apostilasopcao.com.br\/blog\/wp-json\/wp\/v2\/posts"}],"about":[{"href":"https:\/\/www.apostilasopcao.com.br\/blog\/wp-json\/wp\/v2\/types\/post"}],"author":[{"embeddable":true,"href":"https:\/\/www.apostilasopcao.com.br\/blog\/wp-json\/wp\/v2\/users\/5"}],"replies":[{"embeddable":true,"href":"https:\/\/www.apostilasopcao.com.br\/blog\/wp-json\/wp\/v2\/comments?post=1611"}],"version-history":[{"count":2,"href":"https:\/\/www.apostilasopcao.com.br\/blog\/wp-json\/wp\/v2\/posts\/1611\/revisions"}],"predecessor-version":[{"id":1618,"href":"https:\/\/www.apostilasopcao.com.br\/blog\/wp-json\/wp\/v2\/posts\/1611\/revisions\/1618"}],"wp:featuredmedia":[{"embeddable":true,"href":"https:\/\/www.apostilasopcao.com.br\/blog\/wp-json\/wp\/v2\/media\/1612"}],"wp:attachment":[{"href":"https:\/\/www.apostilasopcao.com.br\/blog\/wp-json\/wp\/v2\/media?parent=1611"}],"wp:term":[{"taxonomy":"category","embeddable":true,"href":"https:\/\/www.apostilasopcao.com.br\/blog\/wp-json\/wp\/v2\/categories?post=1611"},{"taxonomy":"post_tag","embeddable":true,"href":"https:\/\/www.apostilasopcao.com.br\/blog\/wp-json\/wp\/v2\/tags?post=1611"}],"curies":[{"name":"wp","href":"https:\/\/api.w.org\/{rel}","templated":true}]}}