{"id":1753,"date":"2025-06-06T09:18:25","date_gmt":"2025-06-06T12:18:25","guid":{"rendered":"https:\/\/www.apostilasopcao.com.br\/blog\/?p=1753"},"modified":"2025-06-06T09:43:47","modified_gmt":"2025-06-06T12:43:47","slug":"prefeitura-de-sao-valentim-do-sul-rs","status":"publish","type":"post","link":"https:\/\/www.apostilasopcao.com.br\/blog\/prefeitura-de-sao-valentim-do-sul-rs\/","title":{"rendered":"Concurso Prefeitura de S\u00e3o Valentim do Sul: Saiu edital com 12 vagas!"},"content":{"rendered":"\n<p>Est\u00e1 publicado o edital do concurso Prefeitura de S\u00e3o Valentim do Sul, no Rio Grande do Sul, com <strong>12 vagas<\/strong> imediatas e <strong>cadastro reserva<\/strong> para diversos cargos. As oportunidades s\u00e3o para os <strong>n\u00edveis fundamental, m\u00e9dio e superior<\/strong>, com sal\u00e1rios entre <strong>R$1.836,30 <\/strong>e<strong> R$4.989,95<\/strong>. Se interessou? Confira aqui todos os detalhes!<\/p>\n\n\n\n<h2 class=\"wp-block-heading\">Resumo do edital<\/h2>\n\n\n\n<ul class=\"wp-block-list\">\n<li><strong>Vagas<\/strong>: 12 + CR<\/li>\n\n\n\n<li><strong>Inscri\u00e7\u00f5es<\/strong>: 03\/06\/2025 a 02\/07\/2025<\/li>\n\n\n\n<li><strong>Taxa de inscri\u00e7\u00e3o<\/strong>: R$80 a R$120<\/li>\n\n\n\n<li><strong>Prova<\/strong>: 03\/08\/2025<\/li>\n\n\n\n<li><strong>Banca<\/strong>: Legalle Concursos<\/li>\n\n\n\n<li><a href=\"https:\/\/www.apostilasopcao.com.br\/blog\/wp-content\/uploads\/2025\/06\/edital-sao-valetim.pdf\" target=\"_blank\" rel=\"noreferrer noopener\">Baixe o edital<\/a><\/li>\n<\/ul>\n\n\n\n<h2 class=\"wp-block-heading\">Inscri\u00e7\u00f5es no concurso Prefeitura de S\u00e3o Valentim do Sul<\/h2>\n\n\n\n<p>As inscri\u00e7\u00f5es para o concurso Prefeitura de S\u00e3o Valentim do Sul j\u00e1 est\u00e3o abertas e devem ser realizadas at\u00e9 \u00e0s 18h do dia <strong>2 de julho de 2025<\/strong>, no site da <a href=\"https:\/\/portal.editais.legalleconcursos.com.br\/edital\/ver\/2432\" target=\"_blank\" rel=\"noreferrer noopener\">Legalle Concursos,<\/a> banca organizadora do certame.<\/p>\n\n\n\n<p>Os valores da taxa de inscri\u00e7\u00e3o variam conforme a escolaridade exigida para o cargo:<\/p>\n\n\n\n<ul class=\"wp-block-list\">\n<li><strong>R$80,00<\/strong> para cargos de n\u00edvel fundamental<\/li>\n\n\n\n<li><strong>R$100,00<\/strong> para cargos de n\u00edvel m\u00e9dio<\/li>\n\n\n\n<li><strong>R$120,00<\/strong> para cargos de n\u00edvel superior<\/li>\n<\/ul>\n\n\n\n<p>As taxas devem ser efetuadas at\u00e9 o dia<strong> 3 de julho.<\/strong><\/p>\n\n\n\n<p>Pedidos de isen\u00e7\u00e3o da taxa poder\u00e3o ser feitos entre os dias <strong>3 e 11 de junho de 2025<\/strong>, para candidatos que se enquadrem nos crit\u00e9rios da Lei Federal n\u00ba 13.656\/2018, como membros de fam\u00edlias de baixa renda ou doadores de medula \u00f3ssea.<\/p>\n\n\n\n<p><strong>Aten\u00e7\u00e3o! <\/strong>A Prefeitura disponibilizar\u00e1 computador com acesso \u00e0 internet para os candidatos sem acesso pr\u00f3prio, no setor de Identifica\u00e7\u00e3o, localizado na Rua Jo\u00e3o Scussel, 66, Centro, S\u00e3o Valentim do Sul, de segunda a sexta-feira, das 07h30min \u00e0s 11h30min e das 13h \u00e0s 17h, em dias \u00fateis.<\/p>\n\n\n\n<h2 class=\"wp-block-heading\">Cargos, vagas e sal\u00e1rios do concurso Prefeitura de S\u00e3o Valentim do Sul<\/h2>\n\n\n\n<p>O edital do concurso Prefeitura de S\u00e3o Valentim do Sul traz cargos que exigem diferentes n\u00edveis de escolaridade. A carga hor\u00e1ria varia entre 8h e 40h semanais, e os sal\u00e1rios iniciais v\u00e3o de R$1.836,30 a R$4.989,95.<\/p>\n\n\n\n<p>Abaixo, confira a distribui\u00e7\u00e3o completa das vagas:<\/p>\n\n\n\n<figure style=\"font-size:16px\" class=\"wp-block-table\"><table><thead><tr><th>Cargo<\/th><th>Vagas<\/th><th class=\"has-text-align-center\" data-align=\"center\">Sal\u00e1rio<\/th><th>Escolaridade<\/th><th>Carga hor\u00e1ria<\/th><\/tr><\/thead><tbody><tr><td>Agente Administrativo<\/td><td>1 + CR<\/td><td class=\"has-text-align-center\" data-align=\"center\">R$2.844,27<\/td><td>M\u00e9dio completo<\/td><td>40h<\/td><\/tr><tr><td>Agente de Controle Interno<\/td><td>CR<\/td><td class=\"has-text-align-center\" data-align=\"center\">R$3.043,86<\/td><td>Superior completo<\/td><td>20h<\/td><\/tr><tr><td>Atendente de Consult\u00f3rio Dent\u00e1rio<\/td><td>1<\/td><td class=\"has-text-align-center\" data-align=\"center\">R$1.986,00<\/td><td>M\u00e9dio + habilita\u00e7\u00e3o espec\u00edfica<\/td><td>40h<\/td><\/tr><tr><td>Bi\u00f3logo<\/td><td>1<\/td><td class=\"has-text-align-center\" data-align=\"center\">R$4.989,95<\/td><td>Superior + registro no conselho<\/td><td>40h<\/td><\/tr><tr><td>Fonoaudi\u00f3logo<\/td><td>CR<\/td><td class=\"has-text-align-center\" data-align=\"center\">R$1.746,48<\/td><td>Superior em Fonoaudiologia<\/td><td>8h<\/td><\/tr><tr><td>Mec\u00e2nico<\/td><td>CR<\/td><td class=\"has-text-align-center\" data-align=\"center\">R$3.043,86<\/td><td>Fund. completo + 12 meses de exp.<\/td><td>40h<\/td><\/tr><tr><td>Merendeira \/ Servente<\/td><td>1 + CR<\/td><td class=\"has-text-align-center\" data-align=\"center\">R$1.836,30<\/td><td>Fundamental incompleto<\/td><td>40h<\/td><\/tr><tr><td>Monitor de Educa\u00e7\u00e3o<\/td><td>1 + CR<\/td><td class=\"has-text-align-center\" data-align=\"center\">R$1.836,30<\/td><td>M\u00e9dio completo<\/td><td>40h<\/td><\/tr><tr><td>Motorista<\/td><td>1 + CR<\/td><td class=\"has-text-align-center\" data-align=\"center\">R$3.043,86<\/td><td>Fund. completo + CNH \u201cD\u201d<\/td><td>40h<\/td><\/tr><tr><td>Operador de M\u00e1quinas<\/td><td>1 + CR<\/td><td class=\"has-text-align-center\" data-align=\"center\">R$3.592,76<\/td><td>Fund. incompleto + CNH \u201cC\u201d<\/td><td>40h<\/td><\/tr><tr><td>Oper\u00e1rio<\/td><td>1 + CR<\/td><td class=\"has-text-align-center\" data-align=\"center\">R$1.836,30<\/td><td>Fundamental incompleto<\/td><td>40h<\/td><\/tr><tr><td>Oper\u00e1rio Especializado<\/td><td>1 + CR<\/td><td class=\"has-text-align-center\" data-align=\"center\">R$1.986,00<\/td><td>Fund. completo<\/td><td>40h<\/td><\/tr><tr><td>Professor de Educa\u00e7\u00e3o F\u00edsica<\/td><td>CR<\/td><td class=\"has-text-align-center\" data-align=\"center\">R$2.115,86<\/td><td>Superior completo<\/td><td>20h<\/td><\/tr><tr><td>Professor de Educa\u00e7\u00e3o Infantil<\/td><td>1 + CR<\/td><td class=\"has-text-align-center\" data-align=\"center\">R$2.115,86<\/td><td>M\u00e9dio Normal ou Superior<\/td><td>20h<\/td><\/tr><tr><td>Professor de S\u00e9ries Iniciais<\/td><td>1 + CR<\/td><td class=\"has-text-align-center\" data-align=\"center\">R$2.115,86<\/td><td>M\u00e9dio Normal ou Pedagogia<\/td><td>20h<\/td><\/tr><tr><td>Psic\u00f3logo<\/td><td>1 + CR<\/td><td class=\"has-text-align-center\" data-align=\"center\">R$4.989,95<\/td><td>Superior em Psicologia<\/td><td>30h<\/td><\/tr><tr><td>Psicopedagogo<\/td><td>CR<\/td><td class=\"has-text-align-center\" data-align=\"center\">R$4.291,35<\/td><td>Superior + especializa\u00e7\u00e3o<\/td><td>20h<\/td><\/tr><\/tbody><\/table><\/figure>\n\n\n\n<h2 class=\"wp-block-heading\">Requisitos para investidura no cargo<\/h2>\n\n\n\n<p>Os candidatos aprovados no concurso Prefeitura de S\u00e3o Valentim do Sul dever\u00e3o atender aos seguintes requisitos para posse:<\/p>\n\n\n\n<ul class=\"wp-block-list\">\n<li>Ser brasileiro ou gozar das prerrogativas contidas no \u00a7 1\u00ba, art. 12, da Constitui\u00e7\u00e3o Federal;<\/li>\n\n\n\n<li>comprova\u00e7\u00e3o da idade m\u00ednima de 18 (dezoito) anos, na data da posse;<\/li>\n\n\n\n<li>estar em dia com o Servi\u00e7o Militar, quando do sexo masculino;<\/li>\n\n\n\n<li>estar em dia com as Obriga\u00e7\u00f5es Eleitorais;<\/li>\n\n\n\n<li>possuir a escolaridade e habilita\u00e7\u00f5es exigidas para o cargo, bem como estar em dia com as respectivas entidades profissionais, quando for o caso;<\/li>\n\n\n\n<li>n\u00e3o registrar antecedentes criminais, achando-se em pleno gozo dos direitos civis e pol\u00edticos;<\/li>\n\n\n\n<li>ter plena aptid\u00e3o f\u00edsica, sensorial e mental, atestada por meio de inspe\u00e7\u00e3o realizada pelo Munic\u00edpio; os candidatos aprovados e classificados considerados inaptos quando da realiza\u00e7\u00e3o do exame m\u00e9dico pr\u00e9-admissional, ou que n\u00e3o se sujeitarem \u00e0 realiza\u00e7\u00e3o do mesmo, ser\u00e3o eliminados do processo;<\/li>\n\n\n\n<li>n\u00e3o exercer outro cargo p\u00fablico, exceto se amparado no Artigo 37, Incisos XVI e XVII e \u00a710 da Constitui\u00e7\u00e3o Federal e Emenda Constitucional n.\u00ba 34\/2001;<\/li>\n\n\n\n<li>entregar c\u00f3pia do documento de identidade, do CPF, do PIS ou PASEP, da Certid\u00e3o de Nascimento ou Casamento, da Certid\u00e3o de Nascimentos dos filhos, se houver, e da declara\u00e7\u00e3o de bens;<\/li>\n\n\n\n<li>a n\u00e3o apresenta\u00e7\u00e3o dos documentos acima, por ocasi\u00e3o da posse, implicar\u00e1 na impossibilidade de aproveitamento do candidato aprovado, anulando-se todos os atos e efeitos decorrentes da inscri\u00e7\u00e3o no Concurso.<\/li>\n<\/ul>\n\n\n\n<h2 class=\"wp-block-heading\">Etapas de sele\u00e7\u00e3o <\/h2>\n\n\n\n<p>O concurso Prefeitura de S\u00e3o Valentim do Sul ser\u00e1 composto por at\u00e9 tr\u00eas etapas, conforme o cargo:<\/p>\n\n\n\n<ul class=\"wp-block-list\">\n<li><strong>Prova objetiva:<\/strong>\u00a0para todos os cargos (eliminat\u00f3ria e classificat\u00f3ria);<\/li>\n\n\n\n<li><strong>Prova pr\u00e1tica:<\/strong>\u00a0para cargos como Motorista, Operador de M\u00e1quinas, Mec\u00e2nico, Oper\u00e1rio e Oper\u00e1rio Especializado;<\/li>\n\n\n\n<li><strong>Prova de t\u00edtulos:<\/strong>\u00a0para cargos de Professor de Educa\u00e7\u00e3o F\u00edsica, Educa\u00e7\u00e3o Infantil, S\u00e9ries Iniciais e Psicopedagogo.<\/li>\n<\/ul>\n\n\n\n<h3 class=\"wp-block-heading\">Prova objetiva<\/h3>\n\n\n\n<p>Todos os candidatos do concurso Prefeitura de S\u00e3o Valentim do Sul passar\u00e3o pela prova objetiva, de car\u00e1ter eliminat\u00f3rio e classificat\u00f3rio, com aplica\u00e7\u00e3o prevista para <strong>3 de agosto de 2025<\/strong>. As provas ter\u00e3o de 20 a 40 quest\u00f5es de m\u00faltipla escolha, com conte\u00fados como<a href=\"https:\/\/www.apostilasopcao.com.br\/apostilas\">:<\/a><\/p>\n\n\n\n<ul class=\"wp-block-list\">\n<li>L\u00edngua Portuguesa<\/li>\n\n\n\n<li>Matem\u00e1tica<\/li>\n\n\n\n<li>Conhecimentos gerais\/Atualidades<\/li>\n\n\n\n<li>Legisla\u00e7\u00e3o<\/li>\n\n\n\n<li>Inform\u00e1tica (para alguns cargos)<\/li>\n\n\n\n<li>Fundamentos da Educa\u00e7\u00e3o (cargos da \u00e1rea da educa\u00e7\u00e3o)<\/li>\n\n\n\n<li>Conhecimentos Espec\u00edficos<\/li>\n<\/ul>\n\n\n\n<p>A pontua\u00e7\u00e3o m\u00ednima para aprova\u00e7\u00e3o \u00e9 de 50% do total da prova, al\u00e9m de acerto m\u00ednimo por disciplina, conforme o cargo. <\/p>\n\n\n\n<h3 class=\"wp-block-heading\">Prova pr\u00e1tica<\/h3>\n\n\n\n<p>Destinada aos cargos operacionais, a prova pr\u00e1tica ser\u00e1 aplicada aos classificados dentro do limite previsto no edital. Ser\u00e3o avaliadas habilidades espec\u00edficas no exerc\u00edcio da fun\u00e7\u00e3o, com crit\u00e9rios t\u00e9cnicos e penalidades por faltas. Os cargos que exigem essa etapa s\u00e3o:<\/p>\n\n\n\n<ul class=\"wp-block-list\">\n<li>Mec\u00e2nico<\/li>\n\n\n\n<li>Motorista<\/li>\n\n\n\n<li>Operador de M\u00e1quinas<\/li>\n\n\n\n<li>Oper\u00e1rio<\/li>\n\n\n\n<li>Oper\u00e1rio Especializado<\/li>\n<\/ul>\n\n\n\n<p>Essa etapa vale at\u00e9 30 pontos e o candidato deve obter ao menos 50% de aproveitamento para n\u00e3o ser eliminado.<\/p>\n\n\n\n<h3 class=\"wp-block-heading\">Prova de t\u00edtulos<\/h3>\n\n\n\n<p>A prova de t\u00edtulos ser\u00e1 exclusiva para cargos da \u00e1rea da educa\u00e7\u00e3o e ter\u00e1 car\u00e1ter classificat\u00f3rio. Os t\u00edtulos aceitos no concurso Prefeitura de S\u00e3o Valentim do Sul s\u00e3o:<\/p>\n\n\n\n<figure class=\"wp-block-image size-full\"><img loading=\"lazy\" decoding=\"async\" width=\"971\" height=\"205\" src=\"https:\/\/www.apostilasopcao.com.br\/blog\/wp-content\/uploads\/2025\/06\/titulos-sap-valentim.webp\" alt=\"Tabela de t\u00edtulos do concurso Prefeitura de S\u00e3o Valentim do Sul\" class=\"wp-image-1757\" srcset=\"https:\/\/www.apostilasopcao.com.br\/blog\/wp-content\/uploads\/2025\/06\/titulos-sap-valentim.webp 971w, https:\/\/www.apostilasopcao.com.br\/blog\/wp-content\/uploads\/2025\/06\/titulos-sap-valentim-300x63.webp 300w, https:\/\/www.apostilasopcao.com.br\/blog\/wp-content\/uploads\/2025\/06\/titulos-sap-valentim-768x162.webp 768w\" sizes=\"auto, (max-width: 971px) 100vw, 971px\" \/><figcaption class=\"wp-element-caption\"><em>Tabela de t\u00edtulos do concurso Prefeitura de S\u00e3o Valentim do Sul!<\/em><\/figcaption><\/figure>\n\n\n\n<p>Somente ser\u00e1 considerado o t\u00edtulo de maior pontua\u00e7\u00e3o por candidato.<\/p>\n\n\n\n<p><\/p>\n","protected":false},"excerpt":{"rendered":"<p> O Concurso Prefeitura de S\u00e3o Valentim do Sul est\u00e1 com inscri\u00e7\u00f5es abertas para 12 vagas de n\u00edveis fundamental, m\u00e9dio e superior. Confira!<\/p>\n","protected":false},"author":5,"featured_media":1756,"comment_status":"closed","ping_status":"closed","sticky":false,"template":"","format":"standard","meta":{"_acf_changed":false,"breadcrumbs_single_post":"","page_title_panel":"","breadcrumbs_single_page":"","single_page_alignment":"","single_page_margin":"","page_structure_type":"","content_style_source":"","content_style":"","blog_post_streched_ed":"","blog_page_streched_ed":"","has_transparent_header":"","disable_transparent_header":"","vertical_spacing_source":"","content_area_spacing":"","single_post_content_background":"","single_page_content_background":"","single_post_boxed_content_spacing":"","single_page_boxed_content_spacing":"","single_post_content_boxed_radius":"","single_page_content_boxed_radius":"","disable_featured_image":"","disable_post_tags":"","disable_author_box":"","disable_posts_navigation":"","disable_comments":"","disable_related_posts":"","disable_header":"","disable_footer":"","footnotes":""},"categories":[4,28],"tags":[230],"class_list":["post-1753","post","type-post","status-publish","format-standard","has-post-thumbnail","hentry","category-noticias","category-rs","tag-concurso-prefeitura-de-sao-valentim-do-sul","rishi-post"],"acf":{"data_prova":"20250803","status":"aberto"},"_links":{"self":[{"href":"https:\/\/www.apostilasopcao.com.br\/blog\/wp-json\/wp\/v2\/posts\/1753","targetHints":{"allow":["GET"]}}],"collection":[{"href":"https:\/\/www.apostilasopcao.com.br\/blog\/wp-json\/wp\/v2\/posts"}],"about":[{"href":"https:\/\/www.apostilasopcao.com.br\/blog\/wp-json\/wp\/v2\/types\/post"}],"author":[{"embeddable":true,"href":"https:\/\/www.apostilasopcao.com.br\/blog\/wp-json\/wp\/v2\/users\/5"}],"replies":[{"embeddable":true,"href":"https:\/\/www.apostilasopcao.com.br\/blog\/wp-json\/wp\/v2\/comments?post=1753"}],"version-history":[{"count":3,"href":"https:\/\/www.apostilasopcao.com.br\/blog\/wp-json\/wp\/v2\/posts\/1753\/revisions"}],"predecessor-version":[{"id":1761,"href":"https:\/\/www.apostilasopcao.com.br\/blog\/wp-json\/wp\/v2\/posts\/1753\/revisions\/1761"}],"wp:featuredmedia":[{"embeddable":true,"href":"https:\/\/www.apostilasopcao.com.br\/blog\/wp-json\/wp\/v2\/media\/1756"}],"wp:attachment":[{"href":"https:\/\/www.apostilasopcao.com.br\/blog\/wp-json\/wp\/v2\/media?parent=1753"}],"wp:term":[{"taxonomy":"category","embeddable":true,"href":"https:\/\/www.apostilasopcao.com.br\/blog\/wp-json\/wp\/v2\/categories?post=1753"},{"taxonomy":"post_tag","embeddable":true,"href":"https:\/\/www.apostilasopcao.com.br\/blog\/wp-json\/wp\/v2\/tags?post=1753"}],"curies":[{"name":"wp","href":"https:\/\/api.w.org\/{rel}","templated":true}]}}