{"id":1908,"date":"2025-06-17T11:38:47","date_gmt":"2025-06-17T14:38:47","guid":{"rendered":"https:\/\/www.apostilasopcao.com.br\/blog\/?p=1908"},"modified":"2025-06-23T11:38:34","modified_gmt":"2025-06-23T14:38:34","slug":"cnu-dos-professores","status":"publish","type":"post","link":"https:\/\/www.apostilasopcao.com.br\/blog\/cnu-dos-professores\/","title":{"rendered":"CNU dos Professores: Edital publicado! Confira detalhes e prazos!"},"content":{"rendered":"\n<p>Aten\u00e7\u00e3o, concurseiros! O CNU dos Professores est\u00e1 com <strong>edital publicado!<\/strong> Destinada a mais de <strong>15 \u00e1reas de forma\u00e7\u00e3o<\/strong>, a <a href=\"https:\/\/www.apostilasopcao.com.br\/concurso\/prova-nacional-docente\">Prova Nacional Docente (PND)<\/a> tem como objetivo unificar uma sele\u00e7\u00e3o que pode ser utilizada em <strong>diversos munic\u00edpios<\/strong> como entrada para um cargo p\u00fablico. Quer saber todos os detalhes? Ent\u00e3o, continue lendo e fique por dentro de tudo!<\/p>\n\n\n\n<h2 class=\"wp-block-heading\">Resumo do edital<\/h2>\n\n\n\n<ul class=\"wp-block-list\">\n<li><strong>Inscri\u00e7\u00f5es:<\/strong> 14\/07\/2025 a 25\/07\/2025<\/li>\n\n\n\n<li><strong>Taxa de inscri\u00e7\u00e3o:<\/strong> R$85,00<\/li>\n\n\n\n<li><strong>Prova:<\/strong> 26\/10\/2025<\/li>\n\n\n\n<li><strong>Banca: <\/strong>INEP<\/li>\n\n\n\n<li><a href=\"https:\/\/www.apostilasopcao.com.br\/blog\/wp-content\/uploads\/2025\/06\/edital-cnu.pdf\" target=\"_blank\" rel=\"noreferrer noopener\">Baixe o edital<\/a><\/li>\n<\/ul>\n\n\n\n<h2 class=\"wp-block-heading\">Como se inscrever no CNU dos Professores<\/h2>\n\n\n\n<p>As inscri\u00e7\u00f5es para o CNU dos Professores dever\u00e3o ser realizadas entre os dias <strong>14 e 25 de julho de 2025<\/strong>, exclusivamente pelo portal oficial da <a href=\"https:\/\/www.gov.br\/inep\/pt-br\" target=\"_blank\" rel=\"noreferrer noopener\">PND.<\/a><\/p>\n\n\n\n<p>Para confirmar a participa\u00e7\u00e3o, \u00e9 indispens\u00e1vel realizar o pagamento dentro do prazo. A taxa de inscri\u00e7\u00e3o \u00e9 de <strong>R$85,00<\/strong>, que dever\u00e1 ser paga at\u00e9 o dia <strong>31 de julho de 2025<\/strong>. <\/p>\n\n\n\n<p>No ato da inscri\u00e7\u00e3o, o participante deve selecionar a \u00e1rea espec\u00edfica em que deseja ser avaliado.<\/p>\n\n\n\n<p>Podem se inscrever:<\/p>\n\n\n\n<ul class=\"wp-block-list\">\n<li>Concluintes de cursos de licenciatura que tenham sido inscritos no Enade pelo coordenador do curso;<\/li>\n\n\n\n<li>Demais interessados que desejem participar de concursos p\u00fablicos ou processos seletivos que utilizem a PND como etapa de avalia\u00e7\u00e3o.<\/li>\n<\/ul>\n\n\n\n<p><strong>Importante<\/strong>: A inscri\u00e7\u00e3o na PND n\u00e3o substitui a inscri\u00e7\u00e3o em concursos ou sele\u00e7\u00f5es p\u00fablicas. O candidato dever\u00e1 se inscrever tamb\u00e9m nos certames espec\u00edficos de seu interesse, conforme as regras estabelecidas pelos respectivos entes federativos.<\/p>\n\n\n\n<h3 class=\"wp-block-heading\">Isen\u00e7\u00e3o da taxa<\/h3>\n\n\n\n<p>No CNU dos Professores, haver\u00e1 isen\u00e7\u00e3o do valor da taxa para os candidatos que se enquadrarem em uma das seguintes condi\u00e7\u00f5es:<\/p>\n\n\n\n<ul class=\"wp-block-list\">\n<li>Estudantes habilitados e inscritos como concluintes no Enade das Licenciaturas, conforme indica\u00e7\u00e3o do coordenador de curso;<\/li>\n\n\n\n<li>Pessoas inscritas no Cadastro \u00danico (Cad\u00danico) e em situa\u00e7\u00e3o de vulnerabilidade socioecon\u00f4mica (fam\u00edlia de baixa renda);<\/li>\n\n\n\n<li>Doadores de medula \u00f3ssea registrados em entidades reconhecidas pelo Minist\u00e9rio da Sa\u00fade.<\/li>\n<\/ul>\n\n\n\n<p>O prazo para solicitar a isen\u00e7\u00e3o vai de <strong>30 de junho <\/strong>a <strong>4 de julho de 2025<\/strong>.<\/p>\n\n\n\n<h2 class=\"wp-block-heading\">Etapas da sele\u00e7\u00e3o <\/h2>\n\n\n\n<p>O CNU dos Professores ser\u00e1 composto por uma prova te\u00f3rica e tr\u00eas question\u00e1rios complementares, que juntos t\u00eam como objetivo avaliar n\u00e3o apenas os conhecimentos do participante, mas tamb\u00e9m tra\u00e7ar seu perfil acad\u00eamico e entender o contexto de sua forma\u00e7\u00e3o. <\/p>\n\n\n\n<p>A aplica\u00e7\u00e3o ser\u00e1 feita em todos os estados do Brasil, como tamb\u00e9m o Distrito Federal, no dia <strong>26 de outubro de 2025<\/strong>, no mesmo modelo utilizado pelo Enade.<\/p>\n\n\n\n<p>Durante o processo de avalia\u00e7\u00e3o, os participantes do CNU dos Professores passar\u00e3o pelas seguintes etapas:<\/p>\n\n\n\n<h3 class=\"wp-block-heading\">Prova te\u00f3rica<\/h3>\n\n\n\n<p>A prova te\u00f3rica \u00e9 a principal etapa de <a href=\"https:\/\/www.apostilasopcao.com.br\/apostilas\">avalia\u00e7\u00e3o.<\/a> Nela, o candidato ser\u00e1 testado em dois eixos:<\/p>\n\n\n\n<p><strong>Forma\u00e7\u00e3o Geral Docente<\/strong>: essa parte \u00e9 igual para todos os participantes, independentemente da \u00e1rea de forma\u00e7\u00e3o. Cont\u00e9m:<\/p>\n\n\n\n<ul class=\"wp-block-list\">\n<li>30 quest\u00f5es objetivas (de m\u00faltipla escolha), baseadas em situa\u00e7\u00f5es-problema ligadas \u00e0 pr\u00e1tica pedag\u00f3gica e temas relevantes para a educa\u00e7\u00e3o;<\/li>\n\n\n\n<li>1 quest\u00e3o discursiva, que avalia habilidades como clareza na argumenta\u00e7\u00e3o, coes\u00e3o e coer\u00eancia do texto, uso adequado da norma culta da l\u00edngua portuguesa, vocabul\u00e1rio e estrat\u00e9gias argumentativas.<\/li>\n<\/ul>\n\n\n\n<p><strong>Componente Espec\u00edfico<\/strong>: corresponde \u00e0 \u00e1rea de forma\u00e7\u00e3o escolhida pelo candidato no momento da inscri\u00e7\u00e3o. Essa parte cont\u00e9m:<\/p>\n\n\n\n<ul class=\"wp-block-list\">\n<li>50 quest\u00f5es objetivas, tamb\u00e9m baseadas em situa\u00e7\u00f5es-problema e estudos de caso, espec\u00edficas da \u00e1rea de atua\u00e7\u00e3o docente.<\/li>\n<\/ul>\n\n\n\n<p>A dura\u00e7\u00e3o total da prova ser\u00e1 de 5 horas e 30 minutos, com in\u00edcio \u00e0s <strong>13h30<\/strong> (hor\u00e1rio de Bras\u00edlia). O cronograma do dia da aplica\u00e7\u00e3o ser\u00e1:<\/p>\n\n\n\n<ul class=\"wp-block-list\">\n<li>Abertura dos port\u00f5es: 12h<\/li>\n\n\n\n<li>Fechamento dos port\u00f5es: 13h<\/li>\n\n\n\n<li>In\u00edcio da prova: 13h30<\/li>\n\n\n\n<li>Encerramento: 19h<\/li>\n<\/ul>\n\n\n\n<h4 class=\"wp-block-heading\">\u00c1reas avaliadas no CNU dos Professores<\/h4>\n\n\n\n<p>O participante dever\u00e1 indicar, no ato da inscri\u00e7\u00e3o, <strong>a \u00e1rea espec\u00edfica na qual deseja ser avaliado<\/strong>. Cada \u00e1rea possui uma matriz de refer\u00eancia, que define os conte\u00fados e compet\u00eancias exigidas na prova. Essas matrizes foram publicadas por meio de portarias espec\u00edficas no Di\u00e1rio Oficial da Uni\u00e3o e est\u00e3o dispon\u00edveis no <a href=\"https:\/\/www.gov.br\/inep\/pt-br\/centrais-de-conteudo\/legislacao\/enade\" target=\"_blank\" rel=\"noreferrer noopener\">Portal do Inep.<\/a><\/p>\n\n\n\n<p>Confira as \u00e1reas do CNU dos Professores e suas respectivas portarias:<\/p>\n\n\n\n<p>Confira as \u00e1reas do CNU dos Professores e suas respectivas portarias:<\/p>\n\n\n\n<ul class=\"wp-block-list\">\n<li>\u00c1rea de Avalia\u00e7\u00e3o Geral \u2013 Portaria Inep (Matriz de Refer\u00eancia)<\/li>\n\n\n\n<li>Artes Visuais \u2013 Portaria n\u00ba 316, de 26 de maio de 2025<\/li>\n\n\n\n<li><a href=\"https:\/\/www.apostilasopcao.com.br\/apostila\/pnd-cnu-professores-professor-biologia\">Biologia<\/a>\u00a0\u2013 Portaria n\u00ba 317, de 26 de maio de 2025<\/li>\n\n\n\n<li>Ci\u00eancias Sociais \u2013 Portaria n\u00ba 318, de 26 de maio de 2025<\/li>\n\n\n\n<li><a href=\"https:\/\/www.apostilasopcao.com.br\/apostila\/pnd-cnu-professores-professor-computacao\">Computa\u00e7\u00e3o<\/a>\u00a0\u2013 Portaria n\u00ba 319, de 26 de maio de 2025<\/li>\n\n\n\n<li><a href=\"https:\/\/www.apostilasopcao.com.br\/apostila\/pnd-cnu-professores-professor-educacao-fisica\">Educa\u00e7\u00e3o F\u00edsica<\/a>\u00a0\u2013 Portaria n\u00ba 320, de 26 de maio de 2025<\/li>\n\n\n\n<li><a href=\"https:\/\/www.apostilasopcao.com.br\/apostila\/pnd-cnu-professores-professor-filosofia\">Filosofia<\/a>\u00a0\u2013 Portaria n\u00ba 321, de 26 de maio de 2025<\/li>\n\n\n\n<li><a href=\"https:\/\/www.apostilasopcao.com.br\/apostila\/pnd-cnu-professores-professor-fisica\">F\u00edsica<\/a>\u00a0\u2013 Portaria n\u00ba 322, de 26 de maio de 2025<\/li>\n\n\n\n<li><a href=\"https:\/\/www.apostilasopcao.com.br\/apostila\/pnd-cnu-professores-formacao-geral-docente\">Forma\u00e7\u00e3o Geral Docente<\/a> (comum a todas as \u00e1reas espec\u00edficas)\u00a0\u2013 Portaria n\u00ba 315, de 26 de maio de 2025<\/li>\n\n\n\n<li><a href=\"https:\/\/www.apostilasopcao.com.br\/apostila\/pnd-cnu-professores-professor-geografia\">Geografia<\/a>\u00a0\u2013 Portaria n\u00ba 323, de 26 de maio de 2025<\/li>\n\n\n\n<li><a href=\"https:\/\/www.apostilasopcao.com.br\/apostila\/pnd-cnu-professores-professor-historia\">Hist\u00f3ria<\/a>\u00a0\u2013 Portaria n\u00ba 324, de 26 de maio de 2025<\/li>\n\n\n\n<li><a href=\"https:\/\/www.apostilasopcao.com.br\/apostila\/pnd-cnu-professores-professor-letras-ingles\">Letras Ingl\u00eas<\/a>\u00a0\u2013 Portaria n\u00ba 325, de 26 de maio de 2025<\/li>\n\n\n\n<li><a href=\"https:\/\/www.apostilasopcao.com.br\/apostila\/pnd-cnu-professores-professor-letras-portugues\">Letras Portugu\u00eas<\/a>\u00a0\u2013 Portaria n\u00ba 326, de 26 de maio de 2025<\/li>\n\n\n\n<li>Letras Portugu\u00eas e Espanhol \u2013 Portaria n\u00ba 327, de 26 de maio de 2025<\/li>\n\n\n\n<li>Letras Portugu\u00eas e Ingl\u00eas \u2013 Portaria n\u00ba 328, de 26 de maio de 2025<\/li>\n\n\n\n<li><a href=\"https:\/\/www.apostilasopcao.com.br\/apostila\/pnd-cnu-professores-professor-matematica\">Matem\u00e1tica<\/a>\u00a0\u2013 Portaria n\u00ba 330, de 26 de maio de 2025<\/li>\n\n\n\n<li>M\u00fasica \u2013 Portaria n\u00ba 329, de 26 de maio de 2025<\/li>\n\n\n\n<li><a href=\"https:\/\/www.apostilasopcao.com.br\/apostila\/pnd-cnu-professores-professor-pedagogia\">Pedagogia<\/a>\u00a0\u2013 Portaria n\u00ba 331, de 26 de maio de 2025<\/li>\n\n\n\n<li><a href=\"https:\/\/www.apostilasopcao.com.br\/apostila\/pnd-cnu-professores-professor-quimica\">Qu\u00edmica<\/a>\u00a0\u2013 Portaria n\u00ba 332, de 26 de maio de 2025<\/li>\n\n\n\n<li>\u00c1reas de Avalia\u00e7\u00e3o Espec\u00edficas \u2013 Portaria Inep (Matriz de Refer\u00eancia)<\/li>\n<\/ul>\n\n\n\n<h4 class=\"wp-block-heading\">Question\u00e1rios<\/h4>\n\n\n\n<p>Al\u00e9m da prova te\u00f3rica, o CNU dos Professores inclui tr\u00eas question\u00e1rios obrigat\u00f3rios, que t\u00eam como objetivo aprofundar a an\u00e1lise dos resultados e melhorar os processos de avalia\u00e7\u00e3o dos cursos de forma\u00e7\u00e3o docente. Cada question\u00e1rio avaliar\u00e1 algo diferente, confira:<\/p>\n\n\n\n<ul class=\"wp-block-list\">\n<li><strong>Question\u00e1rio do Participante (Enade)<\/strong>: aplicado apenas aos concluintes inscritos no Enade das Licenciaturas 2025, coleta dados socioecon\u00f4micos e acad\u00eamicos para an\u00e1lise do perfil e das condi\u00e7\u00f5es de forma\u00e7\u00e3o dos estudantes.<\/li>\n\n\n\n<li><strong>Question\u00e1rio Contextual<\/strong>: aplicado a todos os inscritos, re\u00fane informa\u00e7\u00f5es sobre a trajet\u00f3ria educacional e o ambiente de estudos, auxiliando na interpreta\u00e7\u00e3o dos resultados e na avalia\u00e7\u00e3o dos cursos.<\/li>\n\n\n\n<li><strong>Question\u00e1rio de Percep\u00e7\u00e3o da Prova<\/strong>: respondido ap\u00f3s a aplica\u00e7\u00e3o, avalia a opini\u00e3o dos participantes sobre a prova, contribuindo para o aperfei\u00e7oamento da PND e do Enade.<\/li>\n<\/ul>\n\n\n\n<h2 class=\"wp-block-heading\">CNU dos Professores: \u00d3rg\u00e3os que aderiram<\/h2>\n\n\n\n<p>A rela\u00e7\u00e3o oficial dos entes federativos que aderiram ao CNU dos professores ainda n\u00e3o foi divulgada pelo Inep.<\/p>\n\n\n\n<p>Entretanto, segundo uma lista preliminar, 17 estados e mais de mil munic\u00edpios j\u00e1 confirmaram ades\u00e3o \u00e0 PND. Confira, abaixo, quais redes estaduais de educa\u00e7\u00e3o j\u00e1 confirmaram participa\u00e7\u00e3o:<\/p>\n\n\n\n<ul class=\"wp-block-list\">\n<li>Acre<\/li>\n\n\n\n<li>Bahia<\/li>\n\n\n\n<li>Cear\u00e1<\/li>\n\n\n\n<li>Esp\u00edrito Santo<\/li>\n\n\n\n<li>Mato Grosso<\/li>\n\n\n\n<li>Mato Grosso do Sul<\/li>\n\n\n\n<li>Paran\u00e1<\/li>\n\n\n\n<li>Pernambuco<\/li>\n\n\n\n<li>Piau\u00ed<\/li>\n\n\n\n<li>Rio Grande do Norte<\/li>\n\n\n\n<li>Rond\u00f4nia<\/li>\n\n\n\n<li>Roraima<\/li>\n\n\n\n<li>Rio Grande do Sul<\/li>\n\n\n\n<li>Santa Catarina<\/li>\n\n\n\n<li>S\u00e3o Paulo<\/li>\n\n\n\n<li>Sergipe<\/li>\n\n\n\n<li>Tocantins<\/li>\n<\/ul>\n\n\n\n<p>Confira as redes municipais de educa\u00e7\u00e3o que aderiram ao CNU dos Professores:<\/p>\n\n\n\n<p><strong>Acre<\/strong><\/p>\n\n\n\n<ul class=\"wp-block-list\">\n<li>Acrel\u00e2ndia; Capixaba; Epitaciol\u00e2ndia; Marechal Thaumaturgo; Santa Rosa do Purus.<\/li>\n<\/ul>\n\n\n\n<p><strong>Alagoas<\/strong><\/p>\n\n\n\n<ul class=\"wp-block-list\">\n<li>Arapiraca; Cacimbinhas; Coqueiro Seco; Girau do Ponciano; Japaratinga; Jaramataia; Macei\u00f3; Olho d&#8217;\u00c1gua do Casado; Ouro Branco; S\u00e3o Miguel dos Campos; S\u00e3o Sebasti\u00e3o; Senador Rui Palmeira.<\/li>\n<\/ul>\n\n\n\n<p><strong>Amap\u00e1<\/strong><\/p>\n\n\n\n<ul class=\"wp-block-list\">\n<li>Macap\u00e1; Oiapoque; Pracu\u00faba; Vit\u00f3ria do Jari.<\/li>\n<\/ul>\n\n\n\n<p><strong>Amazonas<\/strong><\/p>\n\n\n\n<ul class=\"wp-block-list\">\n<li>Alvar\u00e3es; Amatur\u00e1; Anam\u00e3; Anori; Apu\u00ed; Atalaia do Norte; Autazes; Benjamin Constant; Beruri; Boa Vista do Ramos; Boca do Acre; Caapiranga; Canutama; Carauari; Careiro; Careiro da V\u00e1rzea; Coari; Eirunep\u00e9; Fonte Boa; Guajar\u00e1; Iranduba; Itacoatiara; Itamarati; Japur\u00e1; Juru\u00e1; Manacapuru; Manaquiri; Manicor\u00e9; Mara\u00e3; Mau\u00e9s; Pauini; Santa Isabel do Rio Negro; S\u00e3o Gabriel da Cachoeira; S\u00e3o Paulo de Oliven\u00e7a; Silves; Tabatinga; Tef\u00e9; Uarini; Urucurituba.<\/li>\n<\/ul>\n\n\n\n<p><strong>Bahia<\/strong><\/p>\n\n\n\n<ul class=\"wp-block-list\">\n<li>Alagoinhas; Alcoba\u00e7a; Am\u00e9lia Rodrigues; Angical; Ara\u00e7\u00e1s; Aracatu; Aramari; Baixa Grande; Barreiras; Barro Preto; Barrocas; Boninal; Brumado; Cachoeira; Ca\u00e9m; Caetit\u00e9; Cairu; Camamu; Candeias; C\u00e2ndido Sales; Cansan\u00e7\u00e3o; Capim Grosso; Concei\u00e7\u00e3o do Almeida; Conde\u00faba; Contendas do Sincor\u00e1; Cora\u00e7\u00e3o de Maria; Coronel Jo\u00e3o S\u00e1; Filad\u00e9lfia; Floresta Azul; Gavi\u00e3o; Gl\u00f3ria; Guajeru; Ibipeba; Ibiquera; Igua\u00ed; Ipir\u00e1; Itabela; Itamaraju; Itap\u00e9; Itapebi; Itapicuru; Ituber\u00e1; Jacobina; Jiquiri\u00e7\u00e1; Lajedinho; Lu\u00eds Eduardo Magalh\u00e3es; Macarani; Maiquinique; Mairi; Manoel Vitorino; Mara\u00fa; Monte Santo; Mundo Novo; Muritiba; Nilo Pe\u00e7anha; Nova Cana\u00e3; Nova Soure; Novo Horizonte; Ourol\u00e2ndia; Palmeiras; Paratinga; Pau Brasil; Pedr\u00e3o; Pinda\u00ed; Pira\u00ed do Norte; Ponto Novo; Presidente J\u00e2nio Quadros; Quixabeira; Rafael Jambeiro; Riach\u00e3o das Neves; Rio do Ant\u00f4nio; Rio do Pires; Rodelas; Salvador; Santa Br\u00edgida; Santa In\u00eas; Santa Luzia; Santo Ant\u00f4nio de Jesus; S\u00e3o Gabriel; S\u00e3o Gon\u00e7alo dos Campos; S\u00e3o Jos\u00e9 do Jacu\u00edpe; Serra do Ramalho; Sobradinho; Tapero\u00e1; Tapiramut\u00e1; Teixeira de Freitas; Terra Nova; Valen\u00e7a; Valente; V\u00e1rzea da Ro\u00e7a; V\u00e1rzea do Po\u00e7o; V\u00e1rzea Nova; Wagner; Wanderley.<\/li>\n<\/ul>\n\n\n\n<p><strong>Cear\u00e1<\/strong><\/p>\n\n\n\n<ul class=\"wp-block-list\">\n<li>Altaneira; Apuiar\u00e9s; Assar\u00e9; Aurora; Baixio; Bela Cruz; Brejo Santo; Canind\u00e9; Cari\u00fas; Cedro; Chor\u00f3; Corea\u00fa; Farias Brito; General Sampaio; Hidrol\u00e2ndia; Ic\u00f3; Ipu; Ipueiras; Irau\u00e7uba; Itapaj\u00e9; Itapi\u00fana; Itatira; Jaguaribe; Jaguaruana; Lavras da Mangabeira; Limoeiro do Norte; Meruoca; Nova Russas; Or\u00f3s; Pacatuba; Pacoti; Palm\u00e1cia; Paraipaba; Pedra Branca; Poranga; Quiterian\u00f3polis; Reriutaba; Sobral; Tau\u00e1; Uruoca; V\u00e1rzea Alegre.<\/li>\n<\/ul>\n\n\n\n<p><strong>Esp\u00edrito Santo<\/strong><\/p>\n\n\n\n<ul class=\"wp-block-list\">\n<li>Alegre; Alfredo Chaves; Cachoeiro de Itapemirim; Cariacica; Castelo; Colatina; Ecoporanga; Governador Lindenberg; Ibitirama; I\u00fana; Maril\u00e2ndia; Muniz Freire; Nova Ven\u00e9cia; Pancas; Pedro Can\u00e1rio; Pinheiros; Rio Bananal; Santa Leopoldina; Serra; Vargem Alta; Vit\u00f3ria.<\/li>\n<\/ul>\n\n\n\n<p><strong>Goi\u00e1s<\/strong><\/p>\n\n\n\n<ul class=\"wp-block-list\">\n<li>\u00c1gua Limpa; \u00c1guas Lindas de Goi\u00e1s; Alto Para\u00edso de Goi\u00e1s; An\u00e1polis; Bonfin\u00f3polis; Cabeceiras; Catal\u00e3o; Chapad\u00e3o do C\u00e9u; Colinas do Sul; Corumba\u00edba; Cristalina; Ed\u00e9ia; Estrela do Norte; Formoso; Goian\u00e9sia; Goi\u00e2nia; Ipiranga de Goi\u00e1s; Ipor\u00e1; Itapuranga; Itarum\u00e3; Lagoa Santa; Mina\u00e7u; Montes Claros de Goi\u00e1s; Ner\u00f3polis; Palmeiras de Goi\u00e1s; Palmin\u00f3polis; Para\u00fana; Perol\u00e2ndia; Pires do Rio; Pontalina; Porangatu; Portel\u00e2ndia; Sanclerl\u00e2ndia; Santa Rosa de Goi\u00e1s; Santo Ant\u00f4nio do Descoberto; S\u00e3o Francisco de Goi\u00e1s; S\u00e3o Jo\u00e3o d&#8217;Alian\u00e7a; S\u00e3o Luiz do Norte; Trombas; Vicentin\u00f3polis; Vila Boa.<\/li>\n<\/ul>\n\n\n\n<p><strong>Maranh\u00e3o<\/strong><\/p>\n\n\n\n<ul class=\"wp-block-list\">\n<li>A\u00e7ail\u00e2ndia; Aldeias Altas; Alto Alegre do Maranh\u00e3o; Araioses; Arame; Arari; Bacabal; Balsas; Barra do Corda; Bom Jesus das Selvas; Brejo; Cajapi\u00f3; Carutapera; Caxias; Centro do Guilherme; Centro Novo do Maranh\u00e3o; Colinas; Concei\u00e7\u00e3o do Lago-A\u00e7u; Feira Nova do Maranh\u00e3o; Governador Newton Bello; Humberto de Campos; Itinga do Maranh\u00e3o; Jatob\u00e1; Loreto; Lu\u00eds Domingues; Maraca\u00e7um\u00e9; Matinha; Milagres do Maranh\u00e3o; Mirador; Nina Rodrigues; Nova Olinda do Maranh\u00e3o; Olinda Nova do Maranh\u00e3o; Paraibano; Parnarama; Pedreiras; Ros\u00e1rio; Santa Rita; Santana do Maranh\u00e3o; Santo Ant\u00f4nio dos Lopes; S\u00e3o Bernardo; S\u00e3o Francisco do Maranh\u00e3o; S\u00e3o Jo\u00e3o do Soter; S\u00e3o Jo\u00e3o dos Patos; S\u00e3o Jos\u00e9 de Ribamar; S\u00e3o Jos\u00e9 dos Bas\u00edlios; S\u00e3o Lu\u00eds Gonzaga do Maranh\u00e3o; Satubinha; Tuntum; Vit\u00f3ria do Mearim.<\/li>\n<\/ul>\n\n\n\n<p><strong>Minas Gerais<\/strong><\/p>\n\n\n\n<ul class=\"wp-block-list\">\n<li>Abaet\u00e9; Acaiaca; \u00c1gua Boa; Aimor\u00e9s; Almenara; Alpercata; Alpin\u00f3polis; Alvarenga; Ant\u00f4nio Carlos; Ant\u00f4nio Dias; Ara\u00e7ua\u00ed; Arapu\u00e1; Ara\u00fajos; Arcos; Argirita; Aricanduva; Bandeira do Sul; Barroso; Belo Horizonte; Berilo; Bocai\u00fava; Bom Despacho; Bom Jesus do Galho; Bonfim; Bonito de Minas; Borda da Mata; Bugre; Cabeceira Grande; Caetan\u00f3polis; Cajuri; Camanducaia; Campanha; Campo Florido; Campos Altos; Candeias; Capelinha; Capin\u00f3polis; Capit\u00e3o En\u00e9as; Carana\u00edba; Caranda\u00ed; Caratinga; Carea\u00e7u; Carlos Chagas; Carm\u00e9sia; Carmo do Parana\u00edba; Carm\u00f3polis de Minas; Carvalh\u00f3polis; Carvalhos; Cataguases; Cipot\u00e2nea; Claro dos Po\u00e7\u00f5es; Cl\u00e1udio; Coimbra; Concei\u00e7\u00e3o do Par\u00e1; Concei\u00e7\u00e3o do Rio Verde; Confins; Conselheiro Pena; Cordisburgo; Coromandel; Couto de Magalh\u00e3es de Minas; Cristina; Crucil\u00e2ndia; Delfin\u00f3polis; Desterro do Melo; Diamantina; Dom Bosco; Dom Cavati; Dom Joaquim; Dores de Guanh\u00e3es; Dores do Turvo; Entre Rios de Minas; Esmeraldas; Esp\u00edrito Santo do Dourado; Eugen\u00f3polis; Extrema; Fama; Fel\u00edcio dos Santos; Ferros; Formiga; Francisco S\u00e1; Fronteira; Glaucil\u00e2ndia; Gouveia; Gr\u00e3o Mogol; Guarani; Gurinhat\u00e3; Heliodora; Ibirit\u00e9; Igarap\u00e9; Indaiabira; Inha\u00fama; Ipatinga; Ira\u00ed de Minas; Itabira; Itabirito; Itacambira; Itacarambi; Itajub\u00e1; Itamarandiba; Itanhandu; Itaobim; Ituiutaba; Japonvar; Jo\u00e3o Monlevade; Jo\u00e3o Pinheiro; Juiz de Fora; Juven\u00edlia; Lagamar; Lagoa Formosa; Lagoa Grande; Laranjal; Machacalis; Manhua\u00e7u; Mantena; Mar de Espanha; Maravilhas; Mariana; Marmel\u00f3polis; Matias Cardoso; Medina; Mesquita; Minas Novas; Mira\u00ed; Monte Formoso; Morada Nova de Minas; Morro do Pilar; Nanuque; Nat\u00e9rcia; Nova Bel\u00e9m; Nova Era; Nova M\u00f3dica; Novo Oriente de Minas; Novorizonte; Ol\u00edmpio Noronha; Ouro Branco; Pai Pedro; Paiva; Papagaios; Par\u00e1 de Minas; Paragua\u00e7u; Passa Tempo; Patroc\u00ednio; Perd\u00f5es; Pint\u00f3polis; Piranga; Pirapetinga; Pira\u00faba; Pocrane; Ponte Nova; Presidente Oleg\u00e1rio; Quartel Geral; Reduto; Resende Costa; Rio Piracicaba; Salto da Divisa; Santa B\u00e1rbara; Santa Cruz do Escalvado; Santa Luzia; Santa Maria de Itabira; Santana do Garamb\u00e9u; Santo Ant\u00f4nio do Amparo; Santo Ant\u00f4nio do Jacinto; Santo Ant\u00f4nio do Monte; S\u00e3o Francisco do Gl\u00f3ria; S\u00e3o Geraldo; S\u00e3o Gon\u00e7alo do Par\u00e1; S\u00e3o Gon\u00e7alo do Rio Abaixo; S\u00e3o Gotardo; S\u00e3o Jo\u00e3o del Rei; S\u00e3o Jo\u00e3o do Manteninha; S\u00e3o Jo\u00e3o do Oriente; S\u00e3o Jo\u00e3o do Pacu\u00ed; S\u00e3o Jo\u00e3o Nepomuceno; S\u00e3o Jos\u00e9 da Lapa; S\u00e3o Jos\u00e9 da Varginha; S\u00e3o Jos\u00e9 do Jacuri; S\u00e3o Louren\u00e7o; S\u00e3o Pedro do Sua\u00e7u\u00ed; S\u00e3o Rom\u00e3o; S\u00e3o Sebasti\u00e3o da Bela Vista; S\u00e3o Vicente de Minas; Senhora de Oliveira; Soledade de Minas; Tarumirim; Teixeiras; Te\u00f3filo Otoni; Tr\u00eas Cora\u00e7\u00f5es; Tr\u00eas Marias; Uberaba; Veredinha; Vespasiano; Vi\u00e7osa.<\/li>\n<\/ul>\n\n\n\n<p><strong>Mato Grosso do Sul<\/strong><\/p>\n\n\n\n<ul class=\"wp-block-list\">\n<li>\u00c1gua Clara; Alcin\u00f3polis; Bela Vista; Bodoquena; Campo Grande; Cassil\u00e2ndia; Chapad\u00e3o do Sul; Corumb\u00e1; Costa Rica; Coxim; Douradina; Iguatemi; Inoc\u00eancia; Itapor\u00e3; Itaquira\u00ed; Ivinhema; Japor\u00e3; Jaraguari; Jardim; Juti; Laguna Carap\u00e3; Navira\u00ed; Nioaque; Nova Andradina; Para\u00edso das \u00c1guas; Parana\u00edba; Rio Verde de Mato Grosso; S\u00e3o Gabriel do Oeste; Sete Quedas; Sonora; Taquarussu; Tr\u00eas Lagoas.<\/li>\n<\/ul>\n\n\n\n<p><strong>Mato Grosso<\/strong><\/p>\n\n\n\n<ul class=\"wp-block-list\">\n<li>Acorizal; \u00c1gua Boa; Alta Floresta; Apiac\u00e1s; Bom Jesus do Araguaia; Campin\u00e1polis; Campo Novo do Parecis; Canarana; Carlinda; Chapada dos Guimar\u00e3es; Col\u00edder; Comodoro; Confresa; Cotrigua\u00e7u; Cuiab\u00e1; Diamantino; General Carneiro; Jauru; Juara; Ju\u00edna; Nobres; Nossa Senhora do Livramento; Nova Brasil\u00e2ndia; Nova Monte Verde; Nova Ol\u00edmpia; Nova Ubirat\u00e3; Nova Xavantina; Novo Mundo; Novo S\u00e3o Joaquim; Paranatinga; Peixoto de Azevedo; Pocon\u00e9; Porto Esperidi\u00e3o; S\u00e3o Jos\u00e9 do Xingu; Uni\u00e3o do Sul; Vila Rica.<\/li>\n<\/ul>\n\n\n\n<p><strong>Par\u00e1<\/strong><\/p>\n\n\n\n<ul class=\"wp-block-list\">\n<li>Afu\u00e1; Almeirim; Anapu; Aurora do Par\u00e1; Bel\u00e9m; Breu Branco; Cachoeira do Arari; Cachoeira do Piri\u00e1; Cana\u00e3 dos Caraj\u00e1s; Capanema; Conc\u00f3rdia do Par\u00e1; Curu\u00e7\u00e1; Dom Eliseu; Floresta do Araguaia; Gurup\u00e1; Irituia; Itupiranga; Juruti; Medicil\u00e2ndia; Muan\u00e1; Nova Timboteua; \u00d3bidos; Ouril\u00e2ndia do Norte; Pacaj\u00e1; Palestina do Par\u00e1; Pi\u00e7arra; Placas; Ponta de Pedras; Quatipuru; Santana do Araguaia; Santo Ant\u00f4nio do Tau\u00e1; Tucum\u00e3; Xinguara.<\/li>\n<\/ul>\n\n\n\n<p><strong>Para\u00edba<\/strong><\/p>\n\n\n\n<ul class=\"wp-block-list\">\n<li>Areia; Assun\u00e7\u00e3o; Ba\u00eda da Trai\u00e7\u00e3o; Barra de Santana; Brejo do Cruz; Cajazeiras; Catingueira; Catol\u00e9 do Rocha; Juripiranga; Mari; Mato Grosso; Matur\u00e9ia; Mulungu; Passagem; Paulista; Prata; Salgado de S\u00e3o F\u00e9lix; Santa Rita; S\u00e3o Jos\u00e9 do Bonfim; S\u00e3o Jos\u00e9 do Sabugi; S\u00e3o Jos\u00e9 dos Cordeiros; S\u00e3o Jos\u00e9 dos Ramos; S\u00e3o Sebasti\u00e3o de Lagoa de Ro\u00e7a; Sum\u00e9; Vieir\u00f3polis.<\/li>\n<\/ul>\n\n\n\n<p><strong>Pernambuco<\/strong><\/p>\n\n\n\n<ul class=\"wp-block-list\">\n<li>Agrestina; Altinho; Araripina; Bezerros; Brejo da Madre de Deus; Cabo de Santo Agostinho; Caruaru; Garanhuns; Ipubi; Itacuruba; Jaboat\u00e3o dos Guararapes; Lagoa Grande; Limoeiro; Mirandiba; Moreno; Recife; Santa Cruz; S\u00e3o Jos\u00e9 do Egito; Solid\u00e3o; Tacaratu; Timba\u00faba.<\/li>\n<\/ul>\n\n\n\n<p><strong>Piau\u00ed<\/strong><\/p>\n\n\n\n<ul class=\"wp-block-list\">\n<li>Amarante; Aroazes; Avelino Lopes; Baixa Grande do Ribeiro; Barras; Batalha; Bocaina; Bom Princ\u00edpio do Piau\u00ed; Buriti dos Lopes; Cajazeiras do Piau\u00ed; Campo Alegre do Fidalgo; Cara\u00fabas do Piau\u00ed; Castelo do Piau\u00ed; Caxing\u00f3; Cocal; Cocal dos Alves; Coivaras; Col\u00f4nia do Gurgu\u00e9ia; Concei\u00e7\u00e3o do Canind\u00e9; Corrente; Curimat\u00e1; Demerval Lob\u00e3o; Esperantina; Francisco Ayres; Fronteiras; Ilha Grande; Inhuma; Ipiranga do Piau\u00ed; Jacobina do Piau\u00ed; Jatob\u00e1 do Piau\u00ed; Jerumenha; Jo\u00e3o Costa; Manoel Em\u00eddio; Monsenhor Gil; Monte Alegre do Piau\u00ed; Morro do Chap\u00e9u do Piau\u00ed; Naz\u00e1ria; Nossa Senhora dos Rem\u00e9dios; Paes Landim; Paulistana; Reden\u00e7\u00e3o do Gurgu\u00e9ia; Riacho Frio; Santa Luz; S\u00e3o Jo\u00e3o da Varjota; S\u00e3o Luis do Piau\u00ed; Sussuapara; Uni\u00e3o; Wall Ferraz.<\/li>\n<\/ul>\n\n\n\n<p><strong>Paran\u00e1<\/strong><\/p>\n\n\n\n<ul class=\"wp-block-list\">\n<li>Agudos do Sul; Alto Piquiri; Arapongas; Assis Chateaubriand; Atalaia; Bandeirantes; Barra do Jacar\u00e9; Bela Vista do Para\u00edso; Boa Esperan\u00e7a; Bocai\u00fava do Sul; Braganey; Calif\u00f3rnia; Cambira; Cantagalo; Capanema; Capit\u00e3o Le\u00f4nidas Marques; Catanduvas; Centen\u00e1rio do Sul; C\u00e9u Azul; Chopinzinho; Cidade Ga\u00facha; Colombo; Contenda; Corn\u00e9lio Proc\u00f3pio; Coronel Domingos Soares; Douradina; Doutor Camargo; Doutor Ulysses; Espig\u00e3o Alto do Igua\u00e7u; Fazenda Rio Grande; Fernandes Pinheiro; Figueira; Formosa do Oeste; Francisco Beltr\u00e3o; Gua\u00edra; Guamiranga; Guapirama; Guarapuava; Guaraque\u00e7aba; Hon\u00f3rio Serpa; Iguara\u00e7u; Iguatu; Imba\u00fa; In\u00e1cio Martins; Itaguaj\u00e9; Ivaipor\u00e3; Jacarezinho; Jandaia do Sul; Juranda; Laranjal; Le\u00f3polis; Londrina; Mallet; Mambor\u00ea; Mandagua\u00e7u; Mangueirinha; Marechal C\u00e2ndido Rondon; Marialva; Maring\u00e1; Marmeleiro; Medianeira; Mirador; Nova Alian\u00e7a do Iva\u00ed; Nova Cantu; Nova Esperan\u00e7a; Nova Ol\u00edmpia; Nova Santa B\u00e1rbara; Palmital; Pato Branco; Perobal; Pi\u00ean; Pira\u00ed do Sul; Piraquara; Pitanga; Planalto; Ponta Grossa; Porecatu; Porto Vit\u00f3ria; Presidente Castelo Branco; Quatro Barras; Quatro Pontes; Ramil\u00e2ndia; Realeza; Santa Cec\u00edlia do Pav\u00e3o; Santa Cruz de Monte Castelo; Santo Ant\u00f4nio do Para\u00edso; Santo Ant\u00f4nio do Sudoeste; S\u00e3o Jo\u00e3o do Caiu\u00e1; S\u00e3o Jo\u00e3o do Triunfo; S\u00e3o Pedro do Igua\u00e7u; Sarandi; Saudade do Igua\u00e7u; Sertaneja; Terra Rica; Tomazina; Umuarama.<\/li>\n<\/ul>\n\n\n\n<p><strong>Rio de Janeiro<\/strong><\/p>\n\n\n\n<ul class=\"wp-block-list\">\n<li>Aperib\u00e9; Araruama; Areal; Arraial do Cabo; Barra do Pira\u00ed; Bom Jesus do Itabapoana; Campos dos Goytacazes; Cantagalo; Carapebus; Cardoso Moreira; Casimiro de Abreu; Cordeiro; Engenheiro Paulo de Frontin; Iguaba Grande; Itaocara; Itatiaia; Japeri; Laje do Muria\u00e9; Macuco; Mag\u00e9; Mendes; Nil\u00f3polis; Nova Igua\u00e7u; Para\u00edba do Sul; Paraty; Petr\u00f3polis; Pinheiral; Pira\u00ed; Queimados; Quissam\u00e3; Resende; Rio Bonito; Rio das Flores; Rio das Ostras; Rio de Janeiro; S\u00e3o Fid\u00e9lis; S\u00e3o Jo\u00e3o de Meriti; S\u00e3o Jos\u00e9 de Ub\u00e1; S\u00e3o Jos\u00e9 do Vale do Rio Preto; S\u00e3o Pedro da Aldeia; Sapucaia; Saquarema; Silva Jardim; Tangu\u00e1; Teres\u00f3polis; Trajano de Moraes; Tr\u00eas Rios; Valen\u00e7a; Vassouras.<\/li>\n<\/ul>\n\n\n\n<p><strong>Rio Grande do Norte<\/strong><\/p>\n\n\n\n<ul class=\"wp-block-list\">\n<li>Acari; Alexandria; Almino Afonso; Alto do Rodrigues; Apodi; Areia Branca; Barcelona; Bod\u00f3; Canguaretama; Carna\u00faba dos Dantas; Cerro Cor\u00e1; Coronel Jo\u00e3o Pessoa; Currais Novos; Equador; Esp\u00edrito Santo; Frutuoso Gomes; Goianinha; Guamar\u00e9; Ita\u00fa; Janda\u00edra; Jandu\u00eds; Jardim de Angicos; Jardim do Serid\u00f3; Jucurutu; Lagoa d\u2019Anta; Lagoa de Velhos; Lajes; Lajes Pintadas; Lu\u00eds Gomes; Marcelino Vieira; Martins; Mossor\u00f3; Natal; Olho d\u2019\u00c1gua do Borges; Pedro Avelino; Riacho de Santana; Santana do Serid\u00f3; Santo Ant\u00f4nio; S\u00e3o Bento do Trair\u00ed; S\u00e3o Gon\u00e7alo do Amarante; S\u00e3o Miguel; S\u00e3o Paulo do Potengi; S\u00e3o Rafael; S\u00e3o Tom\u00e9; Serra Caiada; Serra Negra do Norte; Serrinha; Serrinha dos Pintos; S\u00edtio Novo; Taipu; Touros; Triunfo Potiguar; Umarizal; Upanema; Vi\u00e7osa.<\/li>\n<\/ul>\n\n\n\n<p><strong>Rond\u00f4nia<\/strong><\/p>\n\n\n\n<ul class=\"wp-block-list\">\n<li>Alta Floresta D\u2019Oeste; Alto Alegre dos Parecis; Alto Para\u00edso; Ariquemes; Buritis; Cacaul\u00e2ndia; Candeias do Jamari; Castanheiras; Cerejeiras; Chupinguaia; Colorado do Oeste; Corumbiara; Costa Marques; Cujubim; Governador Jorge Teixeira; Guajar\u00e1-Mirim; Itapu\u00e3 do Oeste; Ji-Paran\u00e1; Machadinho D\u2019Oeste; Ministro Andreazza; Mirante da Serra; Monte Negro; Nova Brasil\u00e2ndia D\u2019Oeste; Nova Mamor\u00e9; Nova Uni\u00e3o; Novo Horizonte do Oeste; Ouro Preto do Oeste; Pimenteiras do Oeste; Presidente M\u00e9dici; Rolim de Moura; Santa Luzia D\u2019Oeste; S\u00e3o Felipe D\u2019Oeste; S\u00e3o Francisco do Guapor\u00e9; S\u00e3o Miguel do Guapor\u00e9; Theobroma; Urup\u00e1; Vale do Anari; Vilhena.<\/li>\n<\/ul>\n\n\n\n<p><strong>Roraima<\/strong><\/p>\n\n\n\n<ul class=\"wp-block-list\">\n<li>Amajari; Boa Vista; Cant\u00e1; Caracara\u00ed; Mucaja\u00ed; Normandia; Pacaraima; Rorain\u00f3polis; Uiramut\u00e3.<\/li>\n<\/ul>\n\n\n\n<p><strong>Rio Grande do Sul<\/strong><\/p>\n\n\n\n<ul class=\"wp-block-list\">\n<li>Agudo; Alegrete; Alvorada; Araric\u00e1; Arroio do Sal; Arroio dos Ratos; Balne\u00e1rio Pinhal; Bar\u00e3o do Triunfo; Bom Jesus; Bom Princ\u00edpio; Brochier; Cacequi; Cachoeira do Sul; Campestre da Serra; Campinas do Sul; Canoas; Cap\u00e3o da Canoa; Cap\u00e3o do Le\u00e3o; Capela de Santana; Cara\u00e1; Chiapetta; Chu\u00ed; Cidreira; Condor; Cristal do Sul; Cruzeiro do Sul; Dois Irm\u00e3os; Dois Irm\u00e3os das Miss\u00f5es; Dom Pedrito; Encantado; Erval Grande; Ibiraiaras; Jaguar\u00e3o; Marat\u00e1; Nova Boa Vista; Novo Cabrais; Novo Hamburgo; Os\u00f3rio; Palmeira das Miss\u00f5es; Pareci Novo; Pedras Altas; Peju\u00e7ara; Pelotas; Quatro Irm\u00e3os; Restinga S\u00eaca; Rio Pardo; Roca Sales; Rolante; Salto do Jacu\u00ed; Santa Margarida do Sul; Santa Maria; Santa Tereza; Santiago; Santo Ant\u00f4nio da Patrulha; Santo Ant\u00f4nio das Miss\u00f5es; S\u00e3o Gabriel; S\u00e3o Jos\u00e9 do Hort\u00eancio; S\u00e3o Jos\u00e9 do Inhacor\u00e1; S\u00e3o Jos\u00e9 do Ouro; S\u00e3o Louren\u00e7o do Sul; S\u00e3o Valentim do Sul; S\u00e3o Val\u00e9rio do Sul; S\u00e3o Vicente do Sul; S\u00e9rio; Tapera; Tapes; Tr\u00eas Arroios; Tr\u00eas Forquilhas; Tr\u00eas Passos; Ubiretama; Vera Cruz; Veran\u00f3polis; Vista Alegre do Prata; Xangri-l\u00e1.<\/li>\n<\/ul>\n\n\n\n<p><strong>Santa Catarina<\/strong><\/p>\n\n\n\n<ul class=\"wp-block-list\">\n<li>Agrol\u00e2ndia; \u00c1guas Mornas; Angelina; Anit\u00e1polis; Arabut\u00e3; Araquari; Arroio Trinta; Aurora; Balne\u00e1rio Barra do Sul; Balne\u00e1rio Cambori\u00fa; Balne\u00e1rio Pi\u00e7arras; Bigua\u00e7u; Blumenau; Bocaina do Sul; Bombinhas; Brun\u00f3polis; Caibi; Campo Er\u00ea; Capivari de Baixo; Catanduvas; Cerro Negro; Conc\u00f3rdia; Cordilheira Alta; Coronel Martins; Cunha Por\u00e3; Entre Rios; Faxinal dos Guedes; Flor do Sert\u00e3o; Florian\u00f3polis; Formosa do Sul; Gravatal; Guaramirim; Guatamb\u00fa; Ilhota; Imaru\u00ed; Imbuia; Ipira; Ipua\u00e7u; Irani; It\u00e1; Itapema; Jabor\u00e1; Jaragu\u00e1 do Sul; Jardin\u00f3polis; Jupi\u00e1; Lacerd\u00f3polis; Laguna; Lebon R\u00e9gis; Lind\u00f3ia do Sul; Luiz Alves; Macieira; Major Vieira; Maravilha; Matos Costa; Monda\u00ed; Monte Castelo; Novo Horizonte; Otac\u00edlio Costa; Paial; Palho\u00e7a; Palmeira; Palmitos; Passo de Torres; Penha; Peritiba; Pescaria Brava; Petrol\u00e2ndia; Piratuba; Planalto Alegre; Porto Belo; Presidente Get\u00falio; Presidente Nereu; Rio das Antas; Rio Rufino; Riqueza; Rodeio; Salto Veloso; Santa Terezinha do Progresso; Santiago do Sul; S\u00e3o Bernardino; S\u00e3o Bonif\u00e1cio; S\u00e3o Crist\u00f3v\u00e3o do Sul; S\u00e3o Domingos; S\u00e3o Francisco do Sul; S\u00e3o Jo\u00e3o do Sul; S\u00e3o Joaquim; S\u00e3o Jos\u00e9 do Cerrito; S\u00e3o Miguel da Boa Vista; S\u00e3o Pedro de Alc\u00e2ntara; Saudades; Schroeder; Seara; Tangar\u00e1; Trombudo Central; Tubar\u00e3o; Turvo; Urupema; Vargem Bonita; Videira; Xanxer\u00ea; Xavantina.<\/li>\n<\/ul>\n\n\n\n<p><strong>Sergipe<\/strong><\/p>\n\n\n\n<ul class=\"wp-block-list\">\n<li>Canind\u00e9 de S\u00e3o Francisco; Cedro de S\u00e3o Jo\u00e3o; Divina Pastora; Itaporanga d\u2019Ajuda; Nossa Senhora das Dores; Pedra Mole; Po\u00e7o Redondo; Po\u00e7o Verde; Propri\u00e1; Santa Luzia do Itanhy; Santa Rosa de Lima; Santana do S\u00e3o Francisco; Santo Amaro das Brotas; S\u00e3o Crist\u00f3v\u00e3o; S\u00e3o Domingos; Sim\u00e3o Dias; Umba\u00faba.<\/li>\n<\/ul>\n\n\n\n<p><strong>S\u00e3o Paulo<\/strong><\/p>\n\n\n\n<ul class=\"wp-block-list\">\n<li>Adamantina; Agua\u00ed; Altair; Amparo; Andradina; Aparecida; Aramina; Atibaia; Auriflama; Avar\u00e9; B\u00e1lsamo; Barbosa; Bariri; Barra do Chap\u00e9u; Barueri; Batatais; Bertioga; Boituva; Borborema; Brodowski; Buri; Ca\u00e7apava; Cachoeira Paulista; Cafel\u00e2ndia; Cajati; Capivari; Caraguatatuba; Carapicu\u00edba; C\u00e1ssia dos Coqueiros; Conchal; Cosm\u00f3polis; Cravinhos; Cruzeiro; Cubat\u00e3o; Cunha; Diadema; Elias Fausto; Emilian\u00f3polis; Estrela do Norte; Estrela d\u2019Oeste; Fernand\u00f3polis; Ferraz de Vasconcelos; Franco da Rocha; G\u00e1lia; Gar\u00e7a; Gavi\u00e3o Peixoto; Guai\u00e7ara; Gua\u00edra; Guar\u00e1; Guara\u00e7a\u00ed; Guaraci; Guarant\u00e3; Guararapes; Guaruj\u00e1; Guarulhos; Hortol\u00e2ndia; Ibat\u00e9; Ipaussu; Ipe\u00fana; Irapu\u00e3; Itanha\u00e9m; Itapeva; Itapura; Itaquaquecetuba; Itupeva; Jaborandi; Jambeiro; Jandira; Jardin\u00f3polis; Joan\u00f3polis; Juqui\u00e1; Lagoinha; Leme; Limeira; Lorena; Manduri; Maraca\u00ed; Mari\u00e1polis; Mau\u00e1; Meridiano; Miracatu; Mirante do Paranapanema; Mongagu\u00e1; Monte Alegre do Sul; Monte Alto; Morungaba; Narandiba; Natividade da Serra; Nazar\u00e9 Paulista; Neves Paulista; Nova Europa; Nova Luzit\u00e2nia; Nova Odessa; Orl\u00e2ndia; Osasco; Osvaldo Cruz; Ouroeste; Palmital; Panorama; Para\u00edso; Paulic\u00e9ia; Pederneiras; Pedreira; Piquerobi; Piraju\u00ed; Pirangi; Pirapora do Bom Jesus; Pirassununga; Piratininga; Pitangueiras; Po\u00e1; Pomp\u00e9ia; Pontal; Porangaba; Porto Feliz; Porto Ferreira; Potim; Presidente Epit\u00e1cio; Presidente Venceslau; Promiss\u00e3o; Quintana; Rafard; Reden\u00e7\u00e3o da Serra; Ribeir\u00e3o Branco; Ribeir\u00e3o Preto; Rubi\u00e1cea; Saltinho; Sandovalina; Santa Ad\u00e9lia; Santa B\u00e1rbara d\u2019Oeste; Santa Rita do Passa Quatro; Santo Ant\u00f4nio de Posse; S\u00e3o Bernardo do Campo; S\u00e3o Carlos; S\u00e3o Francisco; S\u00e3o Jos\u00e9 do Rio Pardo; S\u00e3o Jos\u00e9 do Rio Preto; S\u00e3o Jos\u00e9 dos Campos; S\u00e3o Manuel; S\u00e3o Paulo; S\u00e3o Sebasti\u00e3o; S\u00e3o Sim\u00e3o; S\u00e3o Vicente; Serra Azul; Sert\u00e3ozinho; Sever\u00ednia; Sorocaba; Tabatinga; Taia\u00e7u; Tai\u00fava; Tarabai; Tarum\u00e3; Tatu\u00ed; Taubat\u00e9; Turi\u00faba; Turmalina; Ubatuba; Viradouro; Vista Alegre do Alto; Votorantim; Zacarias.<\/li>\n<\/ul>\n\n\n\n<p><strong>Tocantins<\/strong><\/p>\n\n\n\n<ul class=\"wp-block-list\">\n<li>Aragua\u00edna; Bom Jesus do Tocantins; Centen\u00e1rio; Colinas do Tocantins; Formoso do Araguaia; Lajeado; Novo Acordo; Palmas; Peixe; Porto Nacional; Rio Sono; S\u00e3o Val\u00e9rio; S\u00edtio Novo do Tocantins; Taipas do Tocantins; Xambio\u00e1.<\/li>\n<\/ul>\n\n\n\n<h3 class=\"wp-block-heading\">Cronograma do CNU dos Professores<\/h3>\n\n\n\n<p>Confira as principais do CNU dos Professores:<\/p>\n\n\n\n<figure style=\"font-size:16px\" class=\"wp-block-table\"><table class=\"has-fixed-layout\"><tbody><tr><td><s>Edital de ades\u00e3o<\/s><\/td><td><s>12 de fevereiro de 2025<\/s><\/td><\/tr><tr><td><s>Per\u00edodo de ades\u00e3o<\/s><\/td><td><s>at\u00e9 15 de junho de 2025<\/s><\/td><\/tr><tr><td>Prazo de inscri\u00e7\u00e3o<\/td><td>14 de julho e 25 de julho de 2025<\/td><\/tr><tr><td>Pagamento da taxa<\/td><td>14 a 31 de julho de 2025<\/td><\/tr><tr><td>Aplica\u00e7\u00e3o das provas<\/td><td>26 de outubro de 2025<\/td><\/tr><tr><td>Gabaritos preliminares<\/td><td>28 de outubro de 2025<\/td><\/tr><tr><td>Gabaritos oficiais e padr\u00e3o de resposta da quest\u00e3o discursiva<\/td><td>11 de novembro de 2025<\/td><\/tr><tr><td>Divulga\u00e7\u00e3o dos resultados finais<\/td><td>10 de dezembro de 2025<\/td><\/tr><\/tbody><\/table><\/figure>\n\n\n\n<h2 class=\"wp-block-heading\">Programa Mais Professores<\/h2>\n\n\n\n<p>O CNU dos Professores \u00e9 uma das principais iniciativas do Programa Mais Professores para o Brasil, lan\u00e7ado oficialmente em 14 de janeiro de 2025 pelo Minist\u00e9rio da Educa\u00e7\u00e3o (MEC).<\/p>\n\n\n\n<p>O programa foi criado com o objetivo de enfrentar os principais desafios da educa\u00e7\u00e3o b\u00e1sica no pa\u00eds, como a escassez de profissionais qualificados, a falta de concursos regulares em muitos munic\u00edpios e a desvaloriza\u00e7\u00e3o da carreira docente.<\/p>\n\n\n\n<p>A proposta do Programa Mais Professores \u00e9 oferecer novas formas de ingresso na carreira p\u00fablica de professor, al\u00e9m de promover pol\u00edticas de valoriza\u00e7\u00e3o, incentivo \u00e0 forma\u00e7\u00e3o e apoio financeiro para quem deseja atuar em sala de aula.<\/p>\n\n\n\n<p>A cria\u00e7\u00e3o do <strong>CNU dos Professores<\/strong>, por meio da Prova Nacional Docente (PND), \u00e9 uma das medidas centrais do programa, permitindo a realiza\u00e7\u00e3o de um exame nacional unificado que poder\u00e1 ser utilizado por estados e munic\u00edpios como etapa classificat\u00f3ria em concursos p\u00fablicos da \u00e1rea da educa\u00e7\u00e3o.<\/p>\n\n\n\n<p>Al\u00e9m do CNU dos Professores, o programa inclui outras quatro grandes a\u00e7\u00f5es estruturantes:<\/p>\n\n\n\n<ul class=\"wp-block-list\">\n<li><strong>Bolsa P\u00e9-de-Meia Licenciaturas<\/strong>: benef\u00edcio mensal de R$1.050,00 destinado a estudantes de baixa renda que ingressarem em cursos de licenciatura por meio do Enem, com nota m\u00ednima de 650 pontos, utilizando os programas Sisu, Prouni ou Fies. O objetivo \u00e9 incentivar a perman\u00eancia e a conclus\u00e3o do curso superior por futuros professores.<\/li>\n\n\n\n<li><strong>Bolsa Mais Professores<\/strong>: voltada para atrair profissionais da educa\u00e7\u00e3o para \u00e1reas de dif\u00edcil provimento, como regi\u00f5es remotas ou comunidades com maior vulnerabilidade. A iniciativa busca garantir que todas as escolas brasileiras tenham docentes qualificados, especialmente em disciplinas com d\u00e9ficit de profissionais.<\/li>\n\n\n\n<li><strong>Portal Forma\u00e7\u00e3o<\/strong>: plataforma digital desenvolvida pelo MEC que re\u00fane mais de 20 programas de qualifica\u00e7\u00e3o profissional voltados para professores da educa\u00e7\u00e3o b\u00e1sica. Os cursos s\u00e3o oferecidos em parceria com as secretarias de educa\u00e7\u00e3o e universidades p\u00fablicas, visando o aprimoramento cont\u00ednuo da pr\u00e1tica pedag\u00f3gica.<\/li>\n\n\n\n<li><strong>Cart\u00e3o de benef\u00edcios para professores<\/strong>: iniciativa de valoriza\u00e7\u00e3o da carreira docente que prev\u00ea um cart\u00e3o com anuidade gratuita, condi\u00e7\u00f5es especiais de cr\u00e9dito e descontos em redes de hot\u00e9is, livrarias, papelarias e outros servi\u00e7os. O cart\u00e3o ser\u00e1 oferecido por institui\u00e7\u00f5es como Banco do Brasil e Caixa Econ\u00f4mica Federal.<\/li>\n<\/ul>\n\n\n\n<p>Essas a\u00e7\u00f5es integram uma pol\u00edtica nacional robusta voltada para fortalecer a educa\u00e7\u00e3o p\u00fablica e reconhecer o papel essencial do professor no desenvolvimento do pa\u00eds. <\/p>\n\n\n\n<p>Ao unificar o acesso \u00e0 carreira docente, apoiar financeiramente os estudantes de licenciatura e oferecer forma\u00e7\u00e3o continuada, o Programa Mais Professores busca construir uma nova cultura de valoriza\u00e7\u00e3o e reconhecimento da doc\u00eancia no Brasil.<\/p>\n\n\n\n<h2 class=\"wp-block-heading\">Dica Op\u00e7\u00e3o<\/h2>\n\n\n\n<p>Para conquistar uma das vagas no CNU dos Professores, \u00e9 essencial come\u00e7ar a prepara\u00e7\u00e3o o quanto antes e com materiais de qualidade. Estudar com conte\u00fados atualizados, focados no edital e elaborados por especialistas faz toda a diferen\u00e7a na hora da prova. Se voc\u00ea busca pela t\u00e3o sonhada aprova\u00e7\u00e3o, inicie hoje o seus estudos!<\/p>\n\n\n\n<p>Confira: <a href=\"https:\/\/www.apostilasopcao.com.br\/apostila\/pnd-cnu-professores-formacao-geral-docente\">Apostila PND (CNU Professores) 2025 &#8211; Forma\u00e7\u00e3o Geral Docente<\/a><\/p>\n","protected":false},"excerpt":{"rendered":"<p>O CNU dos Professores est\u00e1 com edital publicado! Inscri\u00e7\u00f5es no m\u00eas de julho e provas em outubro. Confira aqui todos os detalhes!<\/p>\n","protected":false},"author":5,"featured_media":1938,"comment_status":"closed","ping_status":"closed","sticky":false,"template":"","format":"standard","meta":{"_acf_changed":false,"breadcrumbs_single_post":"","page_title_panel":"","breadcrumbs_single_page":"","single_page_alignment":"","single_page_margin":"","page_structure_type":"","content_style_source":"","content_style":"","blog_post_streched_ed":"","blog_page_streched_ed":"","has_transparent_header":"","disable_transparent_header":"","vertical_spacing_source":"","content_area_spacing":"","single_post_content_background":"","single_page_content_background":"","single_post_boxed_content_spacing":"","single_page_boxed_content_spacing":"","single_post_content_boxed_radius":"","single_page_content_boxed_radius":"","disable_featured_image":"","disable_post_tags":"","disable_author_box":"","disable_posts_navigation":"","disable_comments":"","disable_related_posts":"","disable_header":"","disable_footer":"","footnotes":""},"categories":[4,154],"tags":[248],"class_list":["post-1908","post","type-post","status-publish","format-standard","has-post-thumbnail","hentry","category-noticias","category-nacional","tag-cnu-dos-professores","rishi-post"],"acf":{"data_prova":"20251026","status":"aberto"},"_links":{"self":[{"href":"https:\/\/www.apostilasopcao.com.br\/blog\/wp-json\/wp\/v2\/posts\/1908","targetHints":{"allow":["GET"]}}],"collection":[{"href":"https:\/\/www.apostilasopcao.com.br\/blog\/wp-json\/wp\/v2\/posts"}],"about":[{"href":"https:\/\/www.apostilasopcao.com.br\/blog\/wp-json\/wp\/v2\/types\/post"}],"author":[{"embeddable":true,"href":"https:\/\/www.apostilasopcao.com.br\/blog\/wp-json\/wp\/v2\/users\/5"}],"replies":[{"embeddable":true,"href":"https:\/\/www.apostilasopcao.com.br\/blog\/wp-json\/wp\/v2\/comments?post=1908"}],"version-history":[{"count":8,"href":"https:\/\/www.apostilasopcao.com.br\/blog\/wp-json\/wp\/v2\/posts\/1908\/revisions"}],"predecessor-version":[{"id":5588,"href":"https:\/\/www.apostilasopcao.com.br\/blog\/wp-json\/wp\/v2\/posts\/1908\/revisions\/5588"}],"wp:featuredmedia":[{"embeddable":true,"href":"https:\/\/www.apostilasopcao.com.br\/blog\/wp-json\/wp\/v2\/media\/1938"}],"wp:attachment":[{"href":"https:\/\/www.apostilasopcao.com.br\/blog\/wp-json\/wp\/v2\/media?parent=1908"}],"wp:term":[{"taxonomy":"category","embeddable":true,"href":"https:\/\/www.apostilasopcao.com.br\/blog\/wp-json\/wp\/v2\/categories?post=1908"},{"taxonomy":"post_tag","embeddable":true,"href":"https:\/\/www.apostilasopcao.com.br\/blog\/wp-json\/wp\/v2\/tags?post=1908"}],"curies":[{"name":"wp","href":"https:\/\/api.w.org\/{rel}","templated":true}]}}