{"id":220,"date":"2025-03-27T08:43:52","date_gmt":"2025-03-27T11:43:52","guid":{"rendered":"https:\/\/www.apostilasopcao.com.br\/blog\/?p=220"},"modified":"2025-03-27T08:57:36","modified_gmt":"2025-03-27T11:57:36","slug":"guarda-de-maraba-pa","status":"publish","type":"post","link":"https:\/\/www.apostilasopcao.com.br\/blog\/guarda-de-maraba-pa\/","title":{"rendered":"Concurso Guarda de Marab\u00e1: Edital publicado! 126 vagas de n\u00edvel m\u00e9dio!"},"content":{"rendered":"\n<p>Foi publicado o edital do concurso Guarda de Marab\u00e1! A sele\u00e7\u00e3o oferta <strong>126 vagas<\/strong> de n\u00edvel m\u00e9dio, com <strong>sal\u00e1rio inicial de R$ 1.839,39<\/strong> e jornada de trabalho de 40 horas semanais. As oportunidades s\u00e3o para candidatos entre 21 e 35 anos e exigem CNH na categoria m\u00ednima AB. O concurso ter\u00e1 duas fases e diversas etapas eliminat\u00f3rias, o que exige prepara\u00e7\u00e3o completa.<\/p>\n\n\n\n<h2 class=\"wp-block-heading\">Inscri\u00e7\u00e3o no Concurso Guarda de Marab\u00e1<\/h2>\n\n\n\n<p>As inscri\u00e7\u00f5es para o concurso Guarda de Marab\u00e1 estar\u00e3o abertas entre os dias <strong>2 de abril e 16 de maio de 2025<\/strong>, exclusivamente pelo site da <strong><a href=\"https:\/\/portalfadesp.org.br\/\" target=\"_blank\" rel=\"noreferrer noopener\">Fadesp<\/a><\/strong>. O valor da taxa de inscri\u00e7\u00e3o \u00e9 de <strong>R$ 90,00<\/strong>.<\/p>\n\n\n\n<p>A taxa de inscri\u00e7\u00e3o dever\u00e1 ser paga at\u00e9 o dia <strong>16 de maio de 2025<\/strong>.<\/p>\n\n\n\n<h3 class=\"wp-block-heading\">Isen\u00e7\u00e3o ou Redu\u00e7\u00e3o da Taxa de Inscri\u00e7\u00e3o<\/h3>\n\n\n\n<p>O edital do concurso Guarda de Marab\u00e1 prev\u00ea isen\u00e7\u00e3o total da taxa de inscri\u00e7\u00e3o para candidatos que se enquadrem nas seguintes condi\u00e7\u00f5es:<\/p>\n\n\n\n<ul class=\"wp-block-list\">\n<li>Estar <strong>inscrito no Cadastro \u00danico (Cad\u00danico)<\/strong> para programas sociais do Governo Federal e ser membro de fam\u00edlia de baixa renda (conforme Decreto n\u00ba 6.135\/2007);<\/li>\n\n\n\n<li>Ser <strong>doador de medula \u00f3ssea<\/strong> devidamente cadastrado em entidades reconhecidas pelo Minist\u00e9rio da Sa\u00fade;<\/li>\n\n\n\n<li>Ser <strong>doadores de sangue regulares<\/strong> nos termos da Lei Municipal n\u00ba 18.005\/2023; e<\/li>\n\n\n\n<li>Ser pessoa com defici\u00eancia (PcD), de acordo com a legisla\u00e7\u00e3o vigente.<\/li>\n<\/ul>\n\n\n\n<p>Os pedidos de isen\u00e7\u00e3o devem ser feitos entre <strong>10 e 11 de abril de 2025<\/strong>, mediante envio de documenta\u00e7\u00e3o comprobat\u00f3ria via sistema da banca.<\/p>\n\n\n\n<h2 class=\"wp-block-heading\">Vagas, Sal\u00e1rios e Requisitos<\/h2>\n\n\n\n<p>Ao todo, o concurso Guarda de Marab\u00e1 oferece <strong>126 vagas<\/strong> imediatas, sendo <strong>120 para ampla concorr\u00eancia<\/strong> e <strong>6 destinadas a pessoas com defici\u00eancia (PcD)<\/strong>. H\u00e1 tamb\u00e9m uma reserva m\u00ednima de 10% das vagas para candidatas do sexo feminino.<\/p>\n\n\n\n<p>Confira os principais requisitos para concorrer:<\/p>\n\n\n\n<ul class=\"wp-block-list\">\n<li><strong>Escolaridade:<\/strong> Ensino M\u00e9dio completo<\/li>\n\n\n\n<li><strong>Idade:<\/strong> M\u00ednima de 21 e m\u00e1xima de 35 anos (na data da inscri\u00e7\u00e3o)<\/li>\n\n\n\n<li><strong>CNH:<\/strong> Categoria AB (no m\u00ednimo)<\/li>\n<\/ul>\n\n\n\n<p>O sal\u00e1rio inicial do cargo de Guarda Municipal \u00e9 de R$ 1.839,39, com carga hor\u00e1ria de 40 horas semanais, distribu\u00eddas em jornadas de 8 horas por dia.<\/p>\n\n\n\n<h2 class=\"wp-block-heading\">Quais s\u00e3o as fun\u00e7\u00f5es de um Guarda Municipal?<\/h2>\n\n\n\n<p>Veja as principais atribui\u00e7\u00f5es do cargo de Guarda Municipal na Prefeitura de Marab\u00e1:<\/p>\n\n\n\n<ul class=\"wp-block-list\">\n<li>Exercer o patrulhamento preventivo e comunit\u00e1rio, promovendo a media\u00e7\u00e3o de conflitos e o respeito aos direitos fundamentais dos cidad\u00e3os;<\/li>\n\n\n\n<li>Prevenir e inibir atos que atentem contra os bens, instala\u00e7\u00f5es e servi\u00e7os municipais; <\/li>\n\n\n\n<li>Realizar atividades visando \u00e0 seguran\u00e7a escolar;<\/li>\n\n\n\n<li>Proteger o patrim\u00f4nio ecol\u00f3gico, cultural, arquitet\u00f4nico e ambiental do Munic\u00edpio, adotando medidas educativas e preventivas;<\/li>\n\n\n\n<li>Promover, em parceria com as comunidades, mecanismos de intera\u00e7\u00e3o com a sociedade civil, a fim de identificar solu\u00e7\u00f5es para problemas e implementar projetos locais voltados a melhoria das condi\u00e7\u00f5es de seguran\u00e7a nas comunidades;<\/li>\n\n\n\n<li>Atuar, em parceria com outros Munic\u00edpios e \u00f3rg\u00e3os estaduais e da Uni\u00e3o, com vistas \u00e0<br>implementa\u00e7\u00e3o de a\u00e7\u00f5es integradas e preventivas;<\/li>\n\n\n\n<li>Atuar, de forma articulada com os \u00f3rg\u00e3os municipais de pol\u00edticas sociais, visando a\u00e7\u00f5es interdisciplinares de seguran\u00e7a no Munic\u00edpio, em conformidade com as diretrizes e pol\u00edticas estabelecidas pela Secretaria de Seguran\u00e7a Institucional;<\/li>\n\n\n\n<li>Estabelecer integra\u00e7\u00e3o com os \u00f3rg\u00e3os de poder de pol\u00edcia administrativa, visando a contribuir para a normaliza\u00e7\u00e3o e a fiscaliza\u00e7\u00e3o das posturas e ordenamento urbano municipal;<\/li>\n\n\n\n<li>Intervir, gerenciar e medir conflitos e crises em bens, servi\u00e7os e instala\u00e7\u00f5es municipais ou relacionadas ao exerc\u00edcio de atividades controladas pelo poder p\u00fablico municipal;<\/li>\n\n\n\n<li>Colaborar, quando solicitada, na fiscaliza\u00e7\u00e3o do uso do solo municipal e nas tarefas inerentes a defesa civil do Munic\u00edpio;<\/li>\n\n\n\n<li>Auxiliar, nos limites de suas atribui\u00e7\u00f5es, as Pol\u00edcias: Estadual, Civil, Militar e Federal; Garantir o exerc\u00edcio do Poder de Pol\u00edcia da Administra\u00e7\u00e3o direta e indireta;<\/li>\n\n\n\n<li>Proteger \u00f3rg\u00e3os, entidades, servi\u00e7os e o patrim\u00f4nio do Munic\u00edpio de Marab\u00e1; e<\/li>\n\n\n\n<li>Exercer a atividade de orienta\u00e7\u00e3o e prote\u00e7\u00e3o dos agentes p\u00fablicos e dos usu\u00e1rios dos servi\u00e7os p\u00fablicos municipais; e outros.<\/li>\n<\/ul>\n\n\n\n<h2 class=\"wp-block-heading\">Quem pode participar do concurso Guarda de Marab\u00e1?<\/h2>\n\n\n\n<p>Segundo o edital do concurso Guarda de Marab\u00e1, estes s\u00e3o os requisitos b\u00e1sicos para assumir o cargo de Guarda Municipal no concurso Guarda de Marab\u00e1:<\/p>\n\n\n\n<ul class=\"wp-block-list\">\n<li>Ser brasileiro nato, naturalizado ou cidad\u00e3o portugu\u00eas e, neste caso, estar amparado pelo estatuto de igualdade entre brasileiros e portugueses, com reconhecimento de gozo de direitos pol\u00edticos, nos termos do \u00a7 1\u00ba, artigo 12, da Constitui\u00e7\u00e3o Federal e do Decreto n\u00ba 70.436\/72;<\/li>\n\n\n\n<li>Gozar dos direitos pol\u00edticos, nos termos do \u00a7 1\u00ba do artigo 12 da Constitui\u00e7\u00e3o Federal;<\/li>\n\n\n\n<li>Estar em dia com as obriga\u00e7\u00f5es eleitorais;<\/li>\n\n\n\n<li>Estar em dia com as obriga\u00e7\u00f5es militares (sexo masculino);<\/li>\n\n\n\n<li>Possuir idade m\u00ednima de 21 (vinte e um) anos e m\u00e1xima de 35 (trinta e cinco) anos na data da solicita\u00e7\u00e3o da inscri\u00e7\u00e3o neste Concurso P\u00fablico;<\/li>\n\n\n\n<li>Ter aptid\u00e3o f\u00edsica e mental para o exerc\u00edcio das atribui\u00e7\u00f5es do cargo, comprovada em exame m\u00e9dico admissional;<\/li>\n\n\n\n<li>Possuir Carteira Nacional de Habilita\u00e7\u00e3o, no m\u00ednimo, Categoria \u201cAB\u201d;<\/li>\n\n\n\n<li>Ser aprovado e classificado na 1\u00aa Fase do Concurso P\u00fablico (Avalia\u00e7\u00e3o de Conhecimentos, Avalia\u00e7\u00e3o de Aptid\u00e3o F\u00edsica e Avalia\u00e7\u00e3o Psicol\u00f3gica), e n\u00e3o ser eliminado na 2\u00aa Fase do Concurso P\u00fablico (Pesquisa Social, Avalia\u00e7\u00e3o Antropom\u00e9trica e M\u00e9dica e Curso de Forma\u00e7\u00e3o), conforme previstos no Decreto n\u00ba. 776\/2010, dispon\u00edvel na p\u00e1gina do Concurso P\u00fablico no portal da Fadesp (https:\/\/portalfadesp.org.br), e que se encontram descritos neste Edital;<\/li>\n\n\n\n<li>Caso o candidato concorra \u00e0s vagas destinadas \u00e0s pessoas com defici\u00eancia, dever\u00e1 apresentar um parecer emitido por especialista, cujo modelo encontra-se no Anexo V deste Edital, especificando sua defici\u00eancia, que dever\u00e1 ser compat\u00edvel com a fun\u00e7\u00e3o de Guarda Municipal. Tal parecer dever\u00e1 apresentar a assinatura, o carimbo e o CRM do m\u00e9dico respons\u00e1vel, com a expressa refer\u00eancia ao c\u00f3digo correspondente da Classifica\u00e7\u00e3o Internacional de Doen\u00e7a \u2013 CID 10\/CID 11; e<\/li>\n\n\n\n<li>N\u00e3o poder\u00e1 ser investido no cargo de Guarda Municipal da Prefeitura de Marab\u00e1 o candidato eliminado em quaisquer das etapas do Concurso P\u00fablico (Avalia\u00e7\u00e3o de Conhecimentos, Avalia\u00e7\u00e3o de Aptid\u00e3o F\u00edsica, Avalia\u00e7\u00e3o Psicol\u00f3gica, Pesquisa Social, Avalia\u00e7\u00e3o Antropom\u00e9trica e M\u00e9dica e Curso de Forma\u00e7\u00e3o), descritas neste Edital.<\/li>\n<\/ul>\n\n\n\n<h2 class=\"wp-block-heading\">Etapas de Sele\u00e7\u00e3o<\/h2>\n\n\n\n<p>O concurso Guarda de Marab\u00e1 ser\u00e1 composto por duas fases, totalizando seis etapas eliminat\u00f3rias e uma classificat\u00f3ria. Abaixo, veja como cada fase ser\u00e1 realizada:<\/p>\n\n\n\n<p><strong>1\u00aa fase<\/strong><\/p>\n\n\n\n<ul class=\"wp-block-list\">\n<li>1\u00aa Etapa \u2013 Avalia\u00e7\u00e3o de Conhecimentos \u2013 De car\u00e1ter eliminat\u00f3rio e classificat\u00f3rio;<\/li>\n\n\n\n<li>2\u00aa Etapa \u2013 Avalia\u00e7\u00e3o de Aptid\u00e3o F\u00edsica \u2013 De car\u00e1ter eliminat\u00f3rio; e<\/li>\n\n\n\n<li>3\u00aa Etapa \u2013 Avalia\u00e7\u00e3o Psicol\u00f3gica \u2013 De car\u00e1ter eliminat\u00f3rio.<\/li>\n<\/ul>\n\n\n\n<p><strong>2\u00aa fase<\/strong><\/p>\n\n\n\n<ul class=\"wp-block-list\">\n<li>1\u00aa Etapa \u2013 Pesquisa Social \u2013 De car\u00e1ter eliminat\u00f3rio;<\/li>\n\n\n\n<li>2\u00aa Etapa \u2013 Avalia\u00e7\u00e3o Antropom\u00e9trica e M\u00e9dica \u2013 De car\u00e1ter eliminat\u00f3rio; e<\/li>\n\n\n\n<li>3\u00aa Etapa \u2013 Curso de Forma\u00e7\u00e3o de Guarda Municipal \u2013 De car\u00e1ter eliminat\u00f3rio.<\/li>\n<\/ul>\n\n\n\n<h3 class=\"wp-block-heading\">Avalia\u00e7\u00e3o de Conhecimentos (Prova Objetiva)<\/h3>\n\n\n\n<p>Prevista para o dia <strong>15 de junho de 2025<\/strong>, a prova objetiva ter\u00e1 40 quest\u00f5es de m\u00faltipla escolha, com peso diferente para cada disciplina e total de 100 pontos. Confira:<\/p>\n\n\n<div class=\"wp-block-image\">\n<figure class=\"aligncenter size-full\"><img loading=\"lazy\" decoding=\"async\" width=\"653\" height=\"169\" src=\"https:\/\/www.apostilasopcao.com.br\/blog\/wp-content\/uploads\/2025\/03\/Capturar-23.webp\" alt=\"Cronograma da prova objetiva concurso Guarda de Marab\u00e1\" class=\"wp-image-227\" srcset=\"https:\/\/www.apostilasopcao.com.br\/blog\/wp-content\/uploads\/2025\/03\/Capturar-23.webp 653w, https:\/\/www.apostilasopcao.com.br\/blog\/wp-content\/uploads\/2025\/03\/Capturar-23-300x78.webp 300w\" sizes=\"auto, (max-width: 653px) 100vw, 653px\" \/><\/figure>\n<\/div>\n\n\n<p>Ser\u00e1 eliminado do concurso Guarda de Marab\u00e1 o candidato que n\u00e3o alcan\u00e7ar pontua\u00e7\u00e3o igual ou superior a <strong>60,0 pontos<\/strong>.<\/p>\n\n\n\n<h3 class=\"wp-block-heading\">Avalia\u00e7\u00e3o de Aptid\u00e3o F\u00edsica<\/h3>\n\n\n\n<p>Etapa eliminat\u00f3ria, marcada para <strong>2 e 3 de agosto de 2025<\/strong>, composta por testes f\u00edsicos exigentes que acontecer\u00e3o na cidade de Marab\u00e1\/PA, com regras pr\u00f3prias definidas no Decreto Municipal n\u00ba 776\/2010. \u00c9 necess\u00e1rio apresentar atestado m\u00e9dico emitido por cardiologista.<\/p>\n\n\n\n<p>Os candidatos ser\u00e3o avaliados por meio das seguintes atividades:<\/p>\n\n\n\n<ul class=\"wp-block-list\">\n<li>Flex\u00e3o\/Sustenta\u00e7\u00e3o na Barra Fixa;<\/li>\n\n\n\n<li>Flex\u00e3o de Bra\u00e7o;<\/li>\n\n\n\n<li>Flex\u00e3o Abdominal (realizada em 1 minuto); e<\/li>\n\n\n\n<li>Corrida de 12 minutos.<\/li>\n<\/ul>\n\n\n\n<h3 class=\"wp-block-heading\">Avalia\u00e7\u00e3o Psicol\u00f3gica<\/h3>\n\n\n\n<p>Aplicada nos dias <strong>16 e 17 de agosto de 2025<\/strong>, essa etapa elimina candidatos que n\u00e3o apresentarem perfil psicol\u00f3gico compat\u00edvel com a fun\u00e7\u00e3o.<\/p>\n\n\n\n<p>A avalia\u00e7\u00e3o psicol\u00f3gica do concurso Guarda de Marab\u00e1 tem como objetivo verificar se o candidato possui o perfil comportamental adequado para exercer as fun\u00e7\u00f5es de Guarda Municipal.<\/p>\n\n\n\n<p>Durante essa etapa, s\u00e3o analisadas habilidades cognitivas, tra\u00e7os de personalidade e compet\u00eancias emocionais. O foco \u00e9 identificar caracter\u00edsticas como resili\u00eancia, equil\u00edbrio emocional, capacidade de lidar com situa\u00e7\u00f5es de press\u00e3o, sociabilidade e tomada de decis\u00e3o, garantindo que o profissional esteja preparado para os desafios da fun\u00e7\u00e3o.<\/p>\n\n\n\n<h3 class=\"wp-block-heading\">Pesquisa Social<\/h3>\n\n\n\n<p>Avalia antecedentes sociais, criminais e a conduta dos candidatos. \u00c9 de car\u00e1ter eliminat\u00f3rio e realizada diretamente pela Prefeitura.<\/p>\n\n\n\n<h3 class=\"wp-block-heading\">Avalia\u00e7\u00e3o Antropom\u00e9trica e M\u00e9dica<\/h3>\n\n\n\n<p>Consiste na an\u00e1lise do biotipo e de exames m\u00e9dicos e laboratoriais exigidos. Os crit\u00e9rios est\u00e3o estabelecidos nas normas do edital e da legisla\u00e7\u00e3o municipal.<\/p>\n\n\n\n<h3 class=\"wp-block-heading\">Curso de Forma\u00e7\u00e3o<\/h3>\n\n\n\n<p>\u00daltima etapa do concurso Guarda de Marab\u00e1, com car\u00e1ter eliminat\u00f3rio e classificat\u00f3rio. O curso ser\u00e1 presencial e integral, com conte\u00fado te\u00f3rico e pr\u00e1tico. Os candidatos precisar\u00e3o de dedica\u00e7\u00e3o exclusiva e aprova\u00e7\u00e3o nas avalia\u00e7\u00f5es finais.<\/p>\n\n\n\n<h2 class=\"wp-block-heading\">\u00daltimo concurso Guarda de Marab\u00e1<\/h2>\n\n\n\n<p>O concurso Guarda de Marab\u00e1 mais recente realizado pela Prefeitura de Marab\u00e1 aconteceu em 2022 e teve como foco a \u00e1rea da educa\u00e7\u00e3o. Na ocasi\u00e3o, foram ofertadas <strong>566 vagas<\/strong> imediatas, al\u00e9m de cadastro reserva, para cargos de professor em diversas disciplinas. Confira a distribui\u00e7\u00e3o:<\/p>\n\n\n\n<ul class=\"wp-block-list\">\n<li>Professor licenciado em Pedagogia: 491 vagas + CR;<\/li>\n\n\n\n<li>Professor de L\u00edngua Portuguesa: 21 vagas + CR;<\/li>\n\n\n\n<li>Professor de Matem\u00e1tica: 23 vagas + CR;<\/li>\n\n\n\n<li>Professor de Hist\u00f3ria: 13 vagas + CR;<\/li>\n\n\n\n<li>Professor de Ci\u00eancias: 11 vagas + CR;<\/li>\n\n\n\n<li>Professor de Educa\u00e7\u00e3o F\u00edsica: 3 vagas + CR; e<\/li>\n\n\n\n<li>Professor de Ingl\u00eas: 4 vagas + CR.<\/li>\n<\/ul>\n\n\n\n<p>A remunera\u00e7\u00e3o inicial era de <strong>R$ 2.381,07<\/strong>, para uma jornada de <strong>20 horas semanais<\/strong>.<\/p>\n\n\n\n<h3 class=\"wp-block-heading\">Como foi a sele\u00e7\u00e3o no \u00faltimo concurso Guarda de Marab\u00e1?<\/h3>\n\n\n\n<p>Os candidatos foram avaliados em duas etapas: <strong>prova objetiva<\/strong> e prova de t\u00edtulos.<\/p>\n\n\n\n<p>A prova objetiva foi composta por quest\u00f5es de m\u00faltipla escolha, com a seguinte distribui\u00e7\u00e3o:<\/p>\n\n\n\n<ul class=\"wp-block-list\">\n<li><strong>L\u00edngua Portuguesa:<\/strong> 10 quest\u00f5es;<\/li>\n\n\n\n<li><strong>Legisla\u00e7\u00e3o Pedag\u00f3gica:<\/strong> 10 quest\u00f5es;<\/li>\n\n\n\n<li><strong>Legisla\u00e7\u00e3o Municipal:<\/strong> 5 quest\u00f5es;<\/li>\n\n\n\n<li><strong>Atualidades:<\/strong> 5 quest\u00f5es; e<\/li>\n\n\n\n<li><strong>Conhecimentos Espec\u00edficos:<\/strong> 20 quest\u00f5es.<\/li>\n<\/ul>\n\n\n\n<h2 class=\"wp-block-heading\">Como se preparar?<\/h2>\n\n\n\n<p>Para quem deseja garantir uma das vagas no concurso Guarda de Marab\u00e1, \u00e9 fundamental iniciar os estudos com anteced\u00eancia e utilizar materiais espec\u00edficos e atualizados.<\/p>\n\n\n\n<p>A Editora Op\u00e7\u00e3o oferece&nbsp;<strong>apostilas completas<\/strong>&nbsp;e&nbsp;<strong>cursos preparat\u00f3rios<\/strong>&nbsp;com conte\u00fado atualizado conforme o edital, abordando todas as disciplinas exigidas na prova.<\/p>\n\n\n\n<p>Aproveite essa oportunidade e comece sua prepara\u00e7\u00e3o agora mesmo!<\/p>\n\n\n\n<h3 class=\"wp-block-heading\">Apostila Prefeitura de Marab\u00e1 &#8211; PA 2025 &#8211; Guarda Civil Municipal<\/h3>\n\n\n\n<p>A\u00a0apostila concurso Guarda de Marab\u00e1\u00a0pode ser o atalho para sua aprova\u00e7\u00e3o! Com conte\u00fado atualizado conforme o \u00faltimo edital, ela re\u00fane teoria completa, quest\u00f5es comentadas e gabaritadas, al\u00e9m de b\u00f4nus exclusivos para potencializar seus estudos. Garanta j\u00e1 a sua e comece sua prepara\u00e7\u00e3o de forma eficiente!<\/p>\n\n\n\n<p>Garanta j\u00e1 a sua <a href=\"https:\/\/www.apostilasopcao.com.br\/apostila\/prefeitura-maraba-pa-guarda-civil-municipal?q=marab%C3%A1\" target=\"_blank\" rel=\"noreferrer noopener\">Apostila Prefeitura de Marab\u00e1 &#8211; PA 2025 &#8211; Guarda Civil Municipal<\/a>.<\/p>\n\n\n\n<p>Confira tamb\u00e9m o <a href=\"https:\/\/www.apostilasopcao.com.br\/curso-online\/curso-guarda-municipal-maraba-pa?q=marab%C3%A1\" target=\"_blank\" rel=\"noreferrer noopener\">Curso Guarda Municipal de Marab\u00e1-PA<\/a> e o <br><a href=\"https:\/\/www.apostilasopcao.com.br\/mapa-de-questoes\/mapa-de-questoes-online-pref-maraba-pa-guarda-civil-municipal?q=marab%C3%A1\" target=\"_blank\" rel=\"noreferrer noopener\">Mapa de Quest\u00f5es Online &#8211; Pref. Marab\u00e1-PA &#8211; Guarda Civil Municipal &#8211; 4 Mil Quest\u00f5es<\/a>.<\/p>\n","protected":false},"excerpt":{"rendered":"<p>A Fadesp publicou o edital do concurso Guarda de Marab\u00e1, que oferece 126 vagas imediatas para candidatos com ensino m\u00e9dio completo. As inscri\u00e7\u00f5es estar\u00e3o abertas de 2 de abril a 16 de maio de 2025. Fique atento aos prazos e garanta sua chance de conquistar a estabilidade!<\/p>\n","protected":false},"author":3,"featured_media":221,"comment_status":"closed","ping_status":"closed","sticky":false,"template":"","format":"standard","meta":{"_acf_changed":false,"breadcrumbs_single_post":"","page_title_panel":"","breadcrumbs_single_page":"","single_page_alignment":"","single_page_margin":"","page_structure_type":"","content_style_source":"","content_style":"","blog_post_streched_ed":"","blog_page_streched_ed":"","has_transparent_header":"","disable_transparent_header":"","vertical_spacing_source":"","content_area_spacing":"","single_post_content_background":"","single_page_content_background":"","single_post_boxed_content_spacing":"","single_page_boxed_content_spacing":"","single_post_content_boxed_radius":"","single_page_content_boxed_radius":"","disable_featured_image":"","disable_post_tags":"","disable_author_box":"","disable_posts_navigation":"","disable_comments":"","disable_related_posts":"","disable_header":"","disable_footer":"","footnotes":""},"categories":[19,4],"tags":[57],"class_list":["post-220","post","type-post","status-publish","format-standard","has-post-thumbnail","hentry","category-pa","category-noticias","tag-concurso-guarda-de-maraba","rishi-post"],"acf":{"data_prova":"20250615","status":false},"_links":{"self":[{"href":"https:\/\/www.apostilasopcao.com.br\/blog\/wp-json\/wp\/v2\/posts\/220","targetHints":{"allow":["GET"]}}],"collection":[{"href":"https:\/\/www.apostilasopcao.com.br\/blog\/wp-json\/wp\/v2\/posts"}],"about":[{"href":"https:\/\/www.apostilasopcao.com.br\/blog\/wp-json\/wp\/v2\/types\/post"}],"author":[{"embeddable":true,"href":"https:\/\/www.apostilasopcao.com.br\/blog\/wp-json\/wp\/v2\/users\/3"}],"replies":[{"embeddable":true,"href":"https:\/\/www.apostilasopcao.com.br\/blog\/wp-json\/wp\/v2\/comments?post=220"}],"version-history":[{"count":1,"href":"https:\/\/www.apostilasopcao.com.br\/blog\/wp-json\/wp\/v2\/posts\/220\/revisions"}],"predecessor-version":[{"id":230,"href":"https:\/\/www.apostilasopcao.com.br\/blog\/wp-json\/wp\/v2\/posts\/220\/revisions\/230"}],"wp:featuredmedia":[{"embeddable":true,"href":"https:\/\/www.apostilasopcao.com.br\/blog\/wp-json\/wp\/v2\/media\/221"}],"wp:attachment":[{"href":"https:\/\/www.apostilasopcao.com.br\/blog\/wp-json\/wp\/v2\/media?parent=220"}],"wp:term":[{"taxonomy":"category","embeddable":true,"href":"https:\/\/www.apostilasopcao.com.br\/blog\/wp-json\/wp\/v2\/categories?post=220"},{"taxonomy":"post_tag","embeddable":true,"href":"https:\/\/www.apostilasopcao.com.br\/blog\/wp-json\/wp\/v2\/tags?post=220"}],"curies":[{"name":"wp","href":"https:\/\/api.w.org\/{rel}","templated":true}]}}