{"id":228,"date":"2025-03-27T09:16:41","date_gmt":"2025-03-27T12:16:41","guid":{"rendered":"https:\/\/www.apostilasopcao.com.br\/blog\/?p=228"},"modified":"2025-05-06T11:08:48","modified_gmt":"2025-05-06T14:08:48","slug":"core-ba","status":"publish","type":"post","link":"https:\/\/www.apostilasopcao.com.br\/blog\/core-ba\/","title":{"rendered":"Concurso Core BA: Edital publicado! 350 vagas!"},"content":{"rendered":"\n<p>O concurso Core BA (Conselho Regional dos Representantes Comerciais do Estado da Bahia) j\u00e1 est\u00e1 com edital publicado! A oferta \u00e9 para <strong>350 vagas<\/strong>, tanto imediatas quanto para cadastro reserva, em cargos de<strong> n\u00edveis fundamental, m\u00e9dio e superior<\/strong>, com sal\u00e1rios que chegam at\u00e9 R$8 mil. Continue comigo e confira todos os detalhes do edital!<\/p>\n\n\n\n<h2 class=\"wp-block-heading\">Inscri\u00e7\u00e3o para o concurso Core BA<\/h2>\n\n\n\n<p>As inscri\u00e7\u00f5es para o concurso Core BA est\u00e3o abertas e seguem at\u00e9 as <strong>23h do dia 7 de abril de 2025<\/strong>, pelo site da banca organizadora, o <a href=\"https:\/\/www.quadrix.org.br\/todos-os-concursos\/inscricoes-abertas\/coreba_2024.aspx\" target=\"_blank\" rel=\"noopener\">Instituto Quadrix.<\/a><\/p>\n\n\n\n<p>As taxas de inscri\u00e7\u00e3o variam conforme o n\u00edvel de escolaridade:<\/p>\n\n\n\n<ul class=\"wp-block-list\">\n<li><strong>R$55,00 <\/strong>para n\u00edvel fundamental<\/li>\n\n\n\n<li><strong>R$75,00<\/strong> para n\u00edvel m\u00e9dio<\/li>\n\n\n\n<li><strong>R$90,00<\/strong> para n\u00edvel superior<\/li>\n<\/ul>\n\n\n\n<p>O pagamento deve ser feito at\u00e9 o dia<strong> 9 de abril de 2025<\/strong>. Candidatos inscritos no Cad\u00danico e doadores de medula \u00f3ssea podem solicitar isen\u00e7\u00e3o da taxa at\u00e9 \u00e0s 18h do dia 26 de fevereiro.<\/p>\n\n\n\n<h2 class=\"wp-block-heading\">Vagas no concurso Core BA<\/h2>\n\n\n\n<p>O concurso Core BA oferece 350 vagas, sendo 5 imediatas e 345 para cadastro reserva, com oportunidades para todos os n\u00edveis de escolaridade. Confira a distribui\u00e7\u00e3o de vagas e suas respectivas remunera\u00e7\u00f5es:<\/p>\n\n\n<div class=\"wp-block-image\">\n<figure class=\"aligncenter size-full\"><img loading=\"lazy\" decoding=\"async\" width=\"894\" height=\"630\" src=\"https:\/\/www.apostilasopcao.com.br\/blog\/wp-content\/uploads\/2025\/03\/vagas-core-ba.webp\" alt=\"Distribui\u00e7\u00e3o de vagas do concurso Core BA\" class=\"wp-image-232\" srcset=\"https:\/\/www.apostilasopcao.com.br\/blog\/wp-content\/uploads\/2025\/03\/vagas-core-ba.webp 894w, https:\/\/www.apostilasopcao.com.br\/blog\/wp-content\/uploads\/2025\/03\/vagas-core-ba-300x211.webp 300w, https:\/\/www.apostilasopcao.com.br\/blog\/wp-content\/uploads\/2025\/03\/vagas-core-ba-768x541.webp 768w\" sizes=\"auto, (max-width: 894px) 100vw, 894px\" \/><figcaption class=\"wp-element-caption\"><em>Distribui\u00e7\u00e3o das vagas do concurso Core Ba!<\/em><\/figcaption><\/figure>\n<\/div>\n\n\n<h3 class=\"wp-block-heading\">N\u00edvel fundamental<\/h3>\n\n\n\n<ul class=\"wp-block-list\">\n<li>Atendente (40 CR): <strong>R$2.166,71<\/strong><\/li>\n<\/ul>\n\n\n\n<h3 class=\"wp-block-heading\">N\u00edvel m\u00e9dio<\/h3>\n\n\n\n<ul class=\"wp-block-list\">\n<li>Auxiliar Administrativo (5+185 CR): <strong>R$3.244,54<\/strong><\/li>\n\n\n\n<li>Fiscal (30 CR): <strong>R$4.127,28<\/strong><\/li>\n\n\n\n<li>T\u00e9cnico de Inform\u00e1tica (30 CR): <strong>R$4.127,28<\/strong><\/li>\n<\/ul>\n\n\n\n<h3 class=\"wp-block-heading\">N\u00edvel superior<\/h3>\n\n\n\n<ul class=\"wp-block-list\">\n<li>Assistente Jur\u00eddico (30 CR): <strong>R$8.325,11<\/strong><\/li>\n\n\n\n<li>Contador (30 CR):<strong> R$6.192,99<\/strong><\/li>\n<\/ul>\n\n\n\n<p>Todos os cargos t\u00eam jornada de 40 horas semanais.<\/p>\n\n\n\n<h2 class=\"wp-block-heading\">Requisitos para participar do concurso Core BA<\/h2>\n\n\n\n<p>Para concorrer a uma das vagas do concurso Core BA, \u00e9 necess\u00e1rio cumprir os seguintes requisitos:<\/p>\n\n\n\n<ul class=\"wp-block-list\">\n<li>Ser aprovado em todas as fases do concurso p\u00fablico, conforme estabelecido neste edital e suas poss\u00edveis retifica\u00e7\u00f5es e aditamentos;<\/li>\n\n\n\n<li>Ter a nacionalidade brasileira ou portuguesa e, no caso de nacionalidade portuguesa, estar amparado pelo Estatuto de Igualdade entre Brasileiros e Portugueses, com reconhecimento do gozo dos direitos pol\u00edticos, nos termos do \u00a7 1\u00ba do art. 12 da Constitui\u00e7\u00e3o Federal;<\/li>\n\n\n\n<li>Estar em gozo dos direitos pol\u00edticos;<\/li>\n\n\n\n<li>Estar quite com as obriga\u00e7\u00f5es militares, no caso de candidato do sexo masculino;<\/li>\n\n\n\n<li>Estar quite com as obriga\u00e7\u00f5es eleitorais;<\/li>\n\n\n\n<li>Possuir os requisitos exigidos para o exerc\u00edcio do cargo, conforme o Anexo II deste edital;<\/li>\n\n\n\n<li>Ter idade m\u00ednima de 18 anos completos na data da contrata\u00e7\u00e3o;<\/li>\n\n\n\n<li>Apresentar atestado de pr\u00e9via aprova\u00e7\u00e3o de aptid\u00e3o f\u00edsica e mental para o exerc\u00edcio das atribui\u00e7\u00f5es do cargo;<\/li>\n\n\n\n<li>Apresentar declara\u00e7\u00e3o de que n\u00e3o acumula cargo ou fun\u00e7\u00e3o p\u00fablica, ou proventos de inatividade, ressalvadas as possibilidades de acumula\u00e7\u00e3o l\u00edcita previstas no Inciso XVI do art. 37 da Constitui\u00e7\u00e3o Federal;<\/li>\n\n\n\n<li>Ter aptid\u00e3o f\u00edsica e mental para o exerc\u00edcio das atribui\u00e7\u00f5es correspondentes ao cargo, o que poder\u00e1 ser aferido mediante per\u00edcia m\u00e9dica, realizada pelo servi\u00e7o m\u00e9dico oficial do CORE-BA, ou, na falta deste, por quem este indicar;<\/li>\n\n\n\n<li>N\u00e3o estar cumprindo san\u00e7\u00e3o por inidoneidade, aplicada por qualquer \u00f3rg\u00e3o p\u00fablico ou entidade das esferas federal, estadual, municipal ou do Distrito Federal;<\/li>\n\n\n\n<li>Cumprir as determina\u00e7\u00f5es deste edital.<\/li>\n<\/ul>\n\n\n\n<h2 class=\"wp-block-heading\">Etapas do concurso Core BA<\/h2>\n\n\n\n<p>A sele\u00e7\u00e3o do concurso Core BA ser\u00e1 composta por prova objetiva para todos os cargos e prova discursiva apenas para os cargos de n\u00edvel superior.<\/p>\n\n\n\n<h3 class=\"wp-block-heading\">Prova objetiva<\/h3>\n\n\n\n<p>A prova objetiva ser\u00e1 aplicada no dia <strong>18 de maio de 2025<\/strong>, em hor\u00e1rios e locais que ainda ser\u00e3o divulgados. <\/p>\n\n\n\n<p>A prova ser\u00e1 composta por 40 quest\u00f5es de m\u00faltipla escolha, distribu\u00eddas assim:<\/p>\n\n\n\n<ul class=\"wp-block-list\">\n<li>15 quest\u00f5es de conhecimentos b\u00e1sicos<\/li>\n\n\n\n<li>5 quest\u00f5es de conhecimentos complementares<\/li>\n\n\n\n<li>20 quest\u00f5es de conhecimentos espec\u00edficos<\/li>\n<\/ul>\n\n\n\n<p>A prova ter\u00e1 valor total de 40 pontos. Ser\u00e1 aprovado o candidato que alcan\u00e7ar no m\u00ednimo 20 pontos.<\/p>\n\n\n\n<h3 class=\"wp-block-heading\">Prova discursiva<\/h3>\n\n\n\n<p>A prova discursiva ser\u00e1 aplicada no mesmo dia da prova objetiva, apenas para os cargos de n\u00edvel superior. O candidato dever\u00e1 redigir um texto dissertativo com tema relacionado aos conhecimentos espec\u00edficos do cargo escolhido.<\/p>\n\n\n\n<p>A reda\u00e7\u00e3o ser\u00e1 analisada com base no dom\u00ednio do tema proposto e na capacidade do candidato em se expressar por escrito, utilizando corretamente a norma culta da L\u00edngua Portuguesa. O texto dever\u00e1 ser dissertativo, seguindo as orienta\u00e7\u00f5es da quest\u00e3o e demonstrando coer\u00eancia e coes\u00e3o.<\/p>\n\n\n\n<p>A nota m\u00e1xima ser\u00e1 de 10 pontos, sendo considerado aprovado quem alcan\u00e7ar pelo menos 5 pontos.<\/p>\n\n\n\n<h2 class=\"wp-block-heading\">Dicas da Editora Op\u00e7\u00e3o<\/h2>\n\n\n\n<p>Se voc\u00ea quer conquistar uma das vagas no concurso Core BA, \u00e9 essencial come\u00e7ar a estudar com anteced\u00eancia e usar materiais atualizados. A Editora Op\u00e7\u00e3o oferece apostilas espec\u00edficas para cada cargo, com conte\u00fado completo, quest\u00f5es comentadas e tudo o que voc\u00ea precisa para se preparar com efici\u00eancia. <\/p>\n\n\n\n<p>Acesse agora e confira nossas apostilas preparat\u00f3rias desenvolvidas por especialistas. Seu caminho at\u00e9 a aprova\u00e7\u00e3o come\u00e7a com uma boa prepara\u00e7\u00e3o!<\/p>\n\n\n\n<p>Confira: <a href=\"https:\/\/www.apostilasopcao.com.br\/concurso\/conselho-regional-dos-representantes-comerciais-da-bahia\">Materiais preparat\u00f3rios para o concurso Core BA<\/a><\/p>\n","protected":false},"excerpt":{"rendered":"<p>Concurso Core BA est\u00e1 com inscri\u00e7\u00f5es abertas at\u00e9 o dia 7 de abril! Vagas para n\u00edveis fundamental, m\u00e9dio e superior!<\/p>\n","protected":false},"author":5,"featured_media":229,"comment_status":"closed","ping_status":"closed","sticky":false,"template":"","format":"standard","meta":{"_acf_changed":false,"breadcrumbs_single_post":"","page_title_panel":"","breadcrumbs_single_page":"","single_page_alignment":"","single_page_margin":"","page_structure_type":"","content_style_source":"","content_style":"","blog_post_streched_ed":"","blog_page_streched_ed":"","has_transparent_header":"","disable_transparent_header":"","vertical_spacing_source":"","content_area_spacing":"","single_post_content_background":"","single_page_content_background":"","single_post_boxed_content_spacing":"","single_page_boxed_content_spacing":"","single_post_content_boxed_radius":"","single_page_content_boxed_radius":"","disable_featured_image":"","disable_post_tags":"","disable_author_box":"","disable_posts_navigation":"","disable_comments":"","disable_related_posts":"","disable_header":"","disable_footer":"","footnotes":""},"categories":[4,10],"tags":[58],"class_list":["post-228","post","type-post","status-publish","format-standard","has-post-thumbnail","hentry","category-noticias","category-ba","tag-concurso-core-ba","rishi-post"],"acf":{"data_prova":"20250518","status":false},"_links":{"self":[{"href":"https:\/\/www.apostilasopcao.com.br\/blog\/wp-json\/wp\/v2\/posts\/228","targetHints":{"allow":["GET"]}}],"collection":[{"href":"https:\/\/www.apostilasopcao.com.br\/blog\/wp-json\/wp\/v2\/posts"}],"about":[{"href":"https:\/\/www.apostilasopcao.com.br\/blog\/wp-json\/wp\/v2\/types\/post"}],"author":[{"embeddable":true,"href":"https:\/\/www.apostilasopcao.com.br\/blog\/wp-json\/wp\/v2\/users\/5"}],"replies":[{"embeddable":true,"href":"https:\/\/www.apostilasopcao.com.br\/blog\/wp-json\/wp\/v2\/comments?post=228"}],"version-history":[{"count":3,"href":"https:\/\/www.apostilasopcao.com.br\/blog\/wp-json\/wp\/v2\/posts\/228\/revisions"}],"predecessor-version":[{"id":234,"href":"https:\/\/www.apostilasopcao.com.br\/blog\/wp-json\/wp\/v2\/posts\/228\/revisions\/234"}],"wp:featuredmedia":[{"embeddable":true,"href":"https:\/\/www.apostilasopcao.com.br\/blog\/wp-json\/wp\/v2\/media\/229"}],"wp:attachment":[{"href":"https:\/\/www.apostilasopcao.com.br\/blog\/wp-json\/wp\/v2\/media?parent=228"}],"wp:term":[{"taxonomy":"category","embeddable":true,"href":"https:\/\/www.apostilasopcao.com.br\/blog\/wp-json\/wp\/v2\/categories?post=228"},{"taxonomy":"post_tag","embeddable":true,"href":"https:\/\/www.apostilasopcao.com.br\/blog\/wp-json\/wp\/v2\/tags?post=228"}],"curies":[{"name":"wp","href":"https:\/\/api.w.org\/{rel}","templated":true}]}}