{"id":250,"date":"2026-01-29T12:08:39","date_gmt":"2026-01-29T15:08:39","guid":{"rendered":"https:\/\/www.apostilasopcao.com.br\/blog\/?p=250"},"modified":"2026-01-29T12:08:41","modified_gmt":"2026-01-29T15:08:41","slug":"pm-pr","status":"publish","type":"post","link":"https:\/\/www.apostilasopcao.com.br\/blog\/pm-pr\/","title":{"rendered":"Concurso PM PR: Vagas ampliadas! Novo edital anunciado!"},"content":{"rendered":"\n<p>Sinto cheiro de concurso Policial na \u00e1rea! Nos \u00faltimos dias, a expectativa por refor\u00e7o no efetivo aumentou ap\u00f3s uma publica\u00e7\u00e3o nas redes sociais do Secret\u00e1rio da Seguran\u00e7a P\u00fablica do Paran\u00e1, Coronel Hudson, indicando que o governo estadual <strong>autorizou a amplia\u00e7\u00e3o do n\u00famero de vagas<\/strong> para Soldado, com a previs\u00e3o de mais <strong>2 mil oportunidades <\/strong>e totalizando <strong>4 mil novos Soldados<\/strong> em rela\u00e7\u00e3o ao quantitativo j\u00e1 estimado para 2025, al\u00e9m de a divulga\u00e7\u00e3o tamb\u00e9m sugerir que um novo concurso PM PR deve ser anunciado em breve, o que mant\u00e9m os concurseiros atentos aos pr\u00f3ximos passos do certame. Para se preparar, confira a\u00a0<a href=\"https:\/\/www.apostilasopcao.com.br\/concurso\/pm-pr-policia-militar-do-parana\">apostila PM PR<\/a>\u00a0com conte\u00fado completo e atualizado conforme o edital!<\/p>\n\n\n\n<h2 class=\"wp-block-heading\">Qual a situa\u00e7\u00e3o atual do concurso PM PR?<\/h2>\n\n\n\n<p>As inscri\u00e7\u00f5es para o concurso PM PR poder\u00e3o ser realizadas entre os dias <strong>14 de abril e 13 <\/strong>O concurso PM PR ganhou um novo cap\u00edtulo e voltou a movimentar os candidatos que aguardam mais oportunidades na Seguran\u00e7a P\u00fablica do Paran\u00e1. O tema ganhou for\u00e7a ap\u00f3s declara\u00e7\u00e3o do Secret\u00e1rio da Seguran\u00e7a P\u00fablica do estado, coronel Hudson Le\u00f4ncio Teixeira.<\/p>\n\n\n\n<p>Segundo o secret\u00e1rio, o governador Ratinho J\u00fanior autorizou a amplia\u00e7\u00e3o do n\u00famero de contrata\u00e7\u00f5es previstas para os \u00faltimos concursos da Pol\u00edcia Militar do Paran\u00e1. A medida tem impacto direto no refor\u00e7o do efetivo.<\/p>\n\n\n\n<p>Em v\u00eddeo divulgado nas redes sociais na \u00faltima quinta-feira (22), Hudson afirmou que a mudan\u00e7a permitir\u00e1 a convoca\u00e7\u00e3o de 4 mil policiais militares aprovados. O n\u00famero representa um avan\u00e7o expressivo em rela\u00e7\u00e3o ao planejamento inicial.<\/p>\n\n\n\n<p>O secret\u00e1rio tamb\u00e9m mencionou o Corpo de Bombeiros do Paran\u00e1 (CBM PR). A previs\u00e3o \u00e9 de contrata\u00e7\u00e3o de 1.200 bombeiros militares, mas o destaque ficou para a expans\u00e3o das vagas destinadas \u00e0 PM PR.<\/p>\n\n\n\n<p>Com a autoriza\u00e7\u00e3o do governo estadual, o quantitativo inicialmente previsto foi dobrado. A expectativa anterior era convocar 2 mil policiais militares e 600 bombeiros.<\/p>\n\n\n\n<p>Al\u00e9m do aumento nas convoca\u00e7\u00f5es, o secret\u00e1rio sinalizou que novos editais do concurso PM PR devem ser publicados. A informa\u00e7\u00e3o indica que o Paran\u00e1 se prepara para iniciar um novo ciclo de sele\u00e7\u00e3o.<\/p>\n\n\n\n<p>Apesar da confirma\u00e7\u00e3o, ainda n\u00e3o h\u00e1 detalhes oficiais sobre n\u00famero de vagas, cargos contemplados e crit\u00e9rios do pr\u00f3ximo concurso. Por isso, os candidatos seguem atentos \u00e0s pr\u00f3ximas atualiza\u00e7\u00f5es.<\/p>\n\n\n\n<p>Para que um novo edital seja oficializado, o processo ainda depende de etapas administrativas. Entre elas, est\u00e1 a defini\u00e7\u00e3o da banca organizadora, que ser\u00e1 respons\u00e1vel por conduzir as inscri\u00e7\u00f5es, receber a documenta\u00e7\u00e3o e aplicar as provas.<\/p>\n\n\n\n<h2 class=\"wp-block-heading\">Concurso PM PR: Resultados publicados!<\/h2>\n\n\n\n<p>O concurso PM PR segue em andamento e recebeu novas atualiza\u00e7\u00f5es nos \u00faltimos dias. Em 5 de janeiro de 2026, a banca organizadora IBFC divulgou o resultado definitivo da avalia\u00e7\u00e3o psicol\u00f3gica, etapa de car\u00e1ter eliminat\u00f3rio do certame.<\/p>\n\n\n\n<p>Na sequ\u00eancia, os candidatos foram convocados para o Exame de Sanidade F\u00edsica. A aplica\u00e7\u00e3o est\u00e1 prevista para o dia 7 de janeiro de 2026.<\/p>\n\n\n\n<p>Essa fase \u00e9 essencial para a continuidade dos participantes na sele\u00e7\u00e3o, j\u00e1 que define quais candidatos seguem aptos para as pr\u00f3ximas etapas. Com o cronograma em andamento, a expectativa agora \u00e9 pela conclus\u00e3o das fases restantes.<\/p>\n\n\n\n<p>Os candidatos devem acompanhar a divulga\u00e7\u00e3o de novos resultados e convoca\u00e7\u00f5es, que continuam sendo publicados no site oficial do IBFC.<\/p>\n\n\n\n<h2 class=\"wp-block-heading\">Como foram as inscri\u00e7\u00f5es do concurso PM PR 2025?<\/h2>\n\n\n\n<p>De acordo com o site oficial do Estado, o concurso PM PR contou com mais de&nbsp;<strong>30,3 mil inscri\u00e7\u00f5es<\/strong>, superando as expectativas e mostrando o alto interesse pela carreira militar no Paran\u00e1.<\/p>\n\n\n\n<p>As inscri\u00e7\u00f5es no concurso PM PR Soldado foram realizadas at\u00e9 \u00e0s 23 horas do dia 19 de maio de 2025, no site da banca&nbsp;<a href=\"https:\/\/concursos.ibfc.org.br\/informacoes\/476\/\" target=\"_blank\" rel=\"noreferrer noopener\">IBFC<\/a>&nbsp;(Instituto Brasileiro de Forma\u00e7\u00e3o e Capacita\u00e7\u00e3o).<\/p>\n\n\n\n<p>As inscri\u00e7\u00f5es foram prorrogadas segundo a retifica\u00e7\u00e3o do edital publicada no dia 13 de maio de 2025.<\/p>\n\n\n\n<h3 class=\"wp-block-heading\">Taxa de inscri\u00e7\u00e3o<\/h3>\n\n\n\n<p>O valor da taxa de inscri\u00e7\u00e3o foi de R$130,00. Os pedidos de isen\u00e7\u00e3o da taxa de inscri\u00e7\u00e3o foram realizados entre os dias&nbsp;<strong>14 e 16 de abril<\/strong>&nbsp;pelos candidatos que se enquadram em um dos seguintes crit\u00e9rios:<\/p>\n\n\n\n<ul class=\"wp-block-list\">\n<li>Doadores de sangue ou medula \u00f3ssea;<\/li>\n\n\n\n<li>Convocados ou nomeados pela Justi\u00e7a Eleitoral do Paran\u00e1; e<\/li>\n\n\n\n<li>Inscritos no Cadastro \u00danico (Cad\u00danico).<\/li>\n<\/ul>\n\n\n\n<h2 class=\"wp-block-heading\">Concurso PM PR: Cargos, vagas e sal\u00e1rios<\/h2>\n\n\n\n<p>O concurso PM PR Soldado oferece\u00a0<strong>2.000 vagas de n\u00edvel superior<\/strong>,\u00a0distribu\u00eddas entre ampla concorr\u00eancia e candidatos autodeclarados afrodescendentes, com lota\u00e7\u00f5es em diferentes regi\u00f5es do estado.<\/p>\n\n\n\n<p>Confira a distribui\u00e7\u00e3o regional das vagas:<\/p>\n\n\n\n<p><strong>1\u00aa Regi\u00e3o\/Curitiba<\/strong><\/p>\n\n\n\n<ul class=\"wp-block-list\">\n<li>Ampla concorr\u00eancia: 645 vagas<\/li>\n\n\n\n<li>Afrodescendentes: 72 vagas<\/li>\n\n\n\n<li>Total: 717 vagas<\/li>\n<\/ul>\n\n\n\n<p><strong>2\u00aa Regi\u00e3o\/Londrina<\/strong><\/p>\n\n\n\n<ul class=\"wp-block-list\">\n<li>Ampla concorr\u00eancia: 293 vagas<\/li>\n\n\n\n<li>Afrodescendentes: 33 vagas<\/li>\n\n\n\n<li>Total: 326 vagas<\/li>\n<\/ul>\n\n\n\n<p><strong>3\u00aa Regi\u00e3o\/Maring\u00e1<\/strong><\/p>\n\n\n\n<ul class=\"wp-block-list\">\n<li>Ampla concorr\u00eancia: 366 vagas<\/li>\n\n\n\n<li>Afrodescendentes: 41 vagas<\/li>\n\n\n\n<li>Total: 407 vagas<\/li>\n<\/ul>\n\n\n\n<p><strong>4\u00aa Regi\u00e3o\/Ponta Grossa<\/strong><\/p>\n\n\n\n<ul class=\"wp-block-list\">\n<li>Ampla Concorr\u00eancia: 196 vagas<\/li>\n\n\n\n<li>Afrodescendentes: 22 vagas<\/li>\n\n\n\n<li>Total: 218 vagas<\/li>\n<\/ul>\n\n\n\n<p><strong>5\u00aa Regi\u00e3o\/Cascavel<\/strong><\/p>\n\n\n\n<ul class=\"wp-block-list\">\n<li>Ampla Concorr\u00eancia: 299 vagas<\/li>\n\n\n\n<li>Afrodescendentes: 33 vagas<\/li>\n\n\n\n<li>Total: 332 vagas<\/li>\n<\/ul>\n\n\n\n<p><strong>Para se preparar, confira a\u00a0<a href=\"https:\/\/www.apostilasopcao.com.br\/concurso\/pm-pr-policia-militar-do-parana\">apostila PM PR<\/a>\u00a0com conte\u00fado completo e atualizado conforme o edital!<\/strong><\/p>\n\n\n\n<h3 class=\"wp-block-heading\">Sal\u00e1rios <\/h3>\n\n\n\n<p>O PM do Paran\u00e1 receber\u00e1 sal\u00e1rios de at\u00e9 R$6.101,87. Ao ingressar na PM, durante o Curso de Forma\u00e7\u00e3o de Pra\u00e7as (CFP), ser\u00e1 Aluno-Soldado de 3\u00aa Classe PM e ter\u00e1 remunera\u00e7\u00e3o inicial de&nbsp;<strong>R$ 2.530,12<\/strong>.<\/p>\n\n\n\n<p>Depois de aprovado no CFP, passa a ser considerado Aluno-Soldado Operacional 2\u00aa Classe e frequentar\u00e1 o Treinamento Operacional por cerca de 1 ano. Nesse posto, o profissional ser\u00e1 remunerado com vencimentos de&nbsp;<strong>R$ 3.795,18.<\/strong><\/p>\n\n\n\n<p>Ao finalizar o Treinamento Operacional, ser\u00e1 considerado Soldado de 1\u00aa Classe e receber\u00e1 sal\u00e1rios de&nbsp;<strong>R$ 6.101,87<\/strong>.<\/p>\n\n\n\n<p>Al\u00e9m da respectiva bolsa-aux\u00edlio ou subs\u00eddio, os militares estaduais percebem um aux\u00edlio-alimenta\u00e7\u00e3o no valor de R$ 834,74.<\/p>\n\n\n\n<p>Os aprovados ser\u00e3o contratados pelo regime estatut\u00e1rio, que assegura estabilidade ao servidor.<\/p>\n\n\n\n<h2 class=\"wp-block-heading\">Quais os requisitos para participar do concurso PM PR?<\/h2>\n\n\n\n<p>O concurso da PM PR exige que os candidatos atendam aos seguintes requisitos:<\/p>\n\n\n\n<ul class=\"wp-block-list\">\n<li>Diploma de conclus\u00e3o de curso superior completo em qualquer \u00e1rea de gradua\u00e7\u00e3o,\u00a0devidamente registrado, em institui\u00e7\u00e3o de ensino p\u00fablica ou privada reconhecida pelos \u00f3rg\u00e3os competentes.<\/li>\n\n\n\n<li>Ter no m\u00e1ximo 30 anos de idade no primeiro dia das inscri\u00e7\u00f5es, ou seja, n\u00e3o ter completado 31 anos at\u00e9 essa data.<\/li>\n\n\n\n<li>Possuir Permiss\u00e3o para Dirigir ou Carteira Nacional de Habilita\u00e7\u00e3o, categoria \u201cB\u201d, no m\u00ednimo.<\/li>\n\n\n\n<li>Estar quite com as obriga\u00e7\u00f5es militares e eleitorais.<\/li>\n<\/ul>\n\n\n\n<h3 class=\"wp-block-heading\">Tem limite de idade para participar do concurso PM PR?<\/h3>\n\n\n\n<p>Para participar do concurso da Pol\u00edcia Militar do Paran\u00e1, \u00e9 necess\u00e1rio&nbsp;<strong>ter no m\u00e1ximo 30 anos de idade<\/strong>&nbsp;no primeiro dia das inscri\u00e7\u00f5es. Isso significa que o candidato n\u00e3o pode ter completado 31 anos at\u00e9 essa data, independentemente da data da prova ou outras etapas.<\/p>\n\n\n\n<h3 class=\"wp-block-heading\">O concurso PM PR exige curso superior?<\/h3>\n\n\n\n<p>Sim, a PM PR exige\u00a0<strong>curso superior completo em qualquer \u00e1rea de gradua\u00e7\u00e3o<\/strong>. O candidato deve apresentar diploma devidamente registrado, emitido por institui\u00e7\u00e3o de ensino p\u00fablica ou privada reconhecida pelos \u00f3rg\u00e3os competentes. Essa \u00e9 uma exig\u00eancia obrigat\u00f3ria para investidura no cargo.<\/p>\n\n\n\n<h2 class=\"wp-block-heading\">O que faz um Soldado do concurso PM PR?<\/h2>\n\n\n\n<p>O Soldado da PM PR realiza policiamento ostensivo, atua em opera\u00e7\u00f5es especiais, controla dist\u00farbios civis e executa mandados de pris\u00e3o. Ele tamb\u00e9m desempenha fun\u00e7\u00f5es no policiamento comunit\u00e1rio, estabelecendo um relacionamento pr\u00f3ximo com a popula\u00e7\u00e3o.<\/p>\n\n\n\n<p>Suas a\u00e7\u00f5es tamb\u00e9m incluem a participa\u00e7\u00e3o em opera\u00e7\u00f5es em regi\u00f5es de fronteira e eventos de grande porte, sempre com responsabilidade e colabora\u00e7\u00e3o com outras for\u00e7as de seguran\u00e7a.<\/p>\n\n\n\n<p>O soldado deve atuar com disciplina, honestidade, equil\u00edbrio emocional e preparo f\u00edsico e intelectual, seguindo as leis e regulamentos da corpora\u00e7\u00e3o, estando preparado para exercer outras atividades de interesse da sociedade.<\/p>\n\n\n\n<p>Confira quais s\u00e3o as principais atribui\u00e7\u00f5es previstas no edital da PM PR:<\/p>\n\n\n\n<ul class=\"wp-block-list\">\n<li>Exercer, com dignidade e efici\u00eancia, as fun\u00e7\u00f5es que lhes forem atribu\u00eddas;<\/li>\n\n\n\n<li>Pautar a conduta pela fiel observ\u00e2ncia \u00e0s leis, regulamentos, instru\u00e7\u00f5es e ordens emanadas de autoridades competentes;<\/li>\n\n\n\n<li>Zelar pela honra e reputa\u00e7\u00e3o de sua classe, observando comportamento irrepreens\u00edvel na vida p\u00fablica e particular, e cumprir com exatid\u00e3o seus deveres para com a sociedade;<\/li>\n\n\n\n<li>Exercer a pol\u00edcia ostensiva e a preserva\u00e7\u00e3o da ordem p\u00fablica, por meio do apoio e execu\u00e7\u00e3o de a\u00e7\u00f5es e opera\u00e7\u00f5es policiais militares;<\/li>\n\n\n\n<li>Atuar na atividade de policiamento ostensivo, nos seus mais diversos tipos, modalidades e processos, inclusive com a condu\u00e7\u00e3o de viaturas policiais;<\/li>\n\n\n\n<li>Estabelecer relacionamento direto com a popula\u00e7\u00e3o visando o policiamento de proximidade (Pol\u00edcia Comunit\u00e1ria);<\/li>\n\n\n\n<li>Adotar as provid\u00eancias legais e administrativas quando da constata\u00e7\u00e3o de atos il\u00edcitos ou de ind\u00edcios de sua ocorr\u00eancia;<\/li>\n\n\n\n<li>Executar mandados de pris\u00e3o e ordens judiciais de reintegra\u00e7\u00e3o de posse;<\/li>\n\n\n\n<li>Exercer atividades de controle de dist\u00farbios civis;<\/li>\n\n\n\n<li>Atuar em opera\u00e7\u00f5es policiais ordin\u00e1rias e especiais (ex: futebol, manifesta\u00e7\u00f5es, opera\u00e7\u00e3o ver\u00e3o no litoral, shows, etc.);<\/li>\n\n\n\n<li>Atuar em opera\u00e7\u00f5es em regi\u00f5es fronteiri\u00e7as, inclusive com a participa\u00e7\u00e3o e em conjunto com outras for\u00e7as de seguran\u00e7a p\u00fablica;<\/li>\n\n\n\n<li>Demonstrar capacidade de trabalho em equipe com responsabilidade, lealdade e bom senso;<\/li>\n\n\n\n<li>Atuar com disciplina, honestidade, sociabilidade e senso de organiza\u00e7\u00e3o;<\/li>\n\n\n\n<li>Demonstrar na atua\u00e7\u00e3o: equil\u00edbrio emocional, disciplina, honestidade, sociabilidade e senso de organiza\u00e7\u00e3o;<\/li>\n\n\n\n<li>Estar preparado f\u00edsica, moral e intelectualmente para o perfeito desempenho de suas fun\u00e7\u00f5es;<\/li>\n\n\n\n<li>Executar outros encargos e atividades de interesse da Corpora\u00e7\u00e3o.<\/li>\n<\/ul>\n\n\n\n<h2 class=\"wp-block-heading\">Quais foram as etapas de sele\u00e7\u00e3o do concurso PM PR?<\/h2>\n\n\n\n<p>O concurso PM PR \u00e9 composto pelas seguintes etapas:<\/p>\n\n\n\n<ul class=\"wp-block-list\">\n<li>Prova Objetiva, de car\u00e1ter eliminat\u00f3rio e classificat\u00f3rio<\/li>\n\n\n\n<li>Prova Discursiva, de car\u00e1ter eliminat\u00f3rio e classificat\u00f3rio<\/li>\n\n\n\n<li>Exame de Capacidade F\u00edsica (ECAFI), de car\u00e1ter eliminat\u00f3rio<\/li>\n\n\n\n<li>Avalia\u00e7\u00e3o Psicol\u00f3gica (AP), de car\u00e1ter eliminat\u00f3rio<\/li>\n\n\n\n<li>Exame de Sanidade F\u00edsica (ESAFI), de car\u00e1ter eliminat\u00f3rio<\/li>\n\n\n\n<li>Investiga\u00e7\u00e3o Social, de car\u00e1ter eliminat\u00f3rio<\/li>\n<\/ul>\n\n\n\n<p>As provas objetiva e discursiva tiveram a dura\u00e7\u00e3o de 5 horas e foram aplicadas no dia 29 de junho de 2025.<\/p>\n\n\n\n<h3 class=\"wp-block-heading\">Locais de prova<\/h3>\n\n\n\n<p>As provas objetivas e discursivas foram realizadas nas seguintes cidades:<\/p>\n\n\n\n<ul class=\"wp-block-list\">\n<li>Curitiba;<\/li>\n\n\n\n<li>Cascavel;<\/li>\n\n\n\n<li>Campo Mour\u00e3o;<\/li>\n\n\n\n<li>Foz do Igua\u00e7u;<\/li>\n\n\n\n<li>Guarapuava;<\/li>\n\n\n\n<li>Jacarezinho;<\/li>\n\n\n\n<li>Londrina;<\/li>\n\n\n\n<li>Maring\u00e1;<\/li>\n\n\n\n<li>Paranagu\u00e1;<\/li>\n\n\n\n<li>Pato Branco;<\/li>\n\n\n\n<li>Ponta Grossa; e<\/li>\n\n\n\n<li>Umuarama.<\/li>\n<\/ul>\n\n\n\n<h3 class=\"wp-block-heading\">Prova Objetiva<\/h3>\n\n\n\n<p>A&nbsp;<strong>prova objetiva<\/strong>&nbsp;foi composta por 60 quest\u00f5es de m\u00faltipla escolha, com 5 alternativas, sendo 1 correta.<\/p>\n\n\n\n<p>Confira as disciplinas que foram exigidas:<\/p>\n\n\n\n<ul class=\"wp-block-list\">\n<li>Conhecimentos Gerais (40 quest\u00f5es)\n<ul class=\"wp-block-list\">\n<li>L\u00edngua Portuguesa: 12 quest\u00f5es;<\/li>\n\n\n\n<li>Racioc\u00ednio Matem\u00e1tico: 7 quest\u00f5es;<\/li>\n\n\n\n<li>Geografia: 7 quest\u00f5es;<\/li>\n\n\n\n<li>Hist\u00f3ria: 7 quest\u00f5es;<\/li>\n\n\n\n<li>No\u00e7\u00f5es de Inform\u00e1tica: 7 quest\u00f5es.<\/li>\n<\/ul>\n<\/li>\n\n\n\n<li>Conhecimentos Espec\u00edficos (20 quest\u00f5es)\n<ul class=\"wp-block-list\">\n<li>Legisla\u00e7\u00e3o espec\u00edfica: 20 quest\u00f5es.<\/li>\n<\/ul>\n<\/li>\n<\/ul>\n\n\n\n<p>A prova foi avaliada em escala de 0 a 80 pontos e foram considerados aprovados, os candidatos que, cumulativamente:<\/p>\n\n\n\n<ul class=\"wp-block-list\">\n<li>tenham alcan\u00e7ado, no m\u00ednimo, 12 (doze) pontos na prova de conhecimentos gerais;<\/li>\n\n\n\n<li>tenham alcan\u00e7ado, no m\u00ednimo, 12 (doze) pontos na prova de conhecimentos espec\u00edficos; e<\/li>\n\n\n\n<li>tenham alcan\u00e7ado, no m\u00ednimo, 32 (trinta e dois) pontos do total da prova objetiva.<\/li>\n<\/ul>\n\n\n\n<h3 class=\"wp-block-heading\">Somos a melhor Op\u00e7\u00e3o<\/h3>\n\n\n\n<p>Quer conquistar uma vaga no concurso PM PR? Somos a melhore Op\u00e7\u00e3o! N\u00f3s preparamos diversos materiais realmente focados conforme o edital que te ajudar\u00e3o a conquistar o cargo dos sonhos. N\u00e3o perca mais tempo e comece a se preparar ainda hoje!<\/p>\n\n\n\n<p><strong>Confira:\u00a0<a href=\"https:\/\/www.apostilasopcao.com.br\/concurso\/pm-pr-policia-militar-do-parana\">Apostilas PM PR<\/a>!<\/strong><\/p>\n\n\n\n<h3 class=\"wp-block-heading\">Prova Discursiva<\/h3>\n\n\n\n<p>A&nbsp;<strong>prova discursiva<\/strong>&nbsp;foi composta por uma reda\u00e7\u00e3o, com o tema revelado no momento da prova. O candidato deveria escrever de 20 a 25 linhas, conforme os seguintes crit\u00e9rios:<\/p>\n\n\n\n<ul class=\"wp-block-list\">\n<li><strong>Progress\u00e3o<\/strong>: grau de informatividade e coer\u00eancia \u2013 4 pontos<\/li>\n\n\n\n<li><strong>Qualidade do conte\u00fado<\/strong>: capacidade do candidato para selecionar, relacionar, organizar e interpretar fatos, informa\u00e7\u00f5es, opini\u00f5es e argumentos, em defesa de um ponto de vista, demonstrando conhecimento dos mecanismos lingu\u00edstico-discursivos necess\u00e1rios para a constru\u00e7\u00e3o do seu texto \u2013 6 pontos<\/li>\n\n\n\n<li><strong>Coes\u00e3o<\/strong>: uso adequado e expressivo dos recursos lingu\u00edsticos como atividade de composi\u00e7\u00e3o textual \u2013 6 pontos<\/li>\n\n\n\n<li><strong>Norma padr\u00e3o<\/strong>: dom\u00ednio da norma padr\u00e3o formal da L\u00edngua Portuguesa \u2013 4 pontos<\/li>\n<\/ul>\n\n\n\n<p>Somente foram corrigidas as provas discursivas dos candidatos que foram habilitados na prova objetiva e que estivessem classificados dentro do limite, conforme o quadro abaixo, observadas as Regi\u00f5es , categorias de concorr\u00eancia e os empates na \u00faltima posi\u00e7\u00e3o de classifica\u00e7\u00e3o, se houver.<\/p>\n\n\n\n<figure class=\"wp-block-image size-full\"><img loading=\"lazy\" decoding=\"async\" width=\"481\" height=\"120\" src=\"https:\/\/www.apostilasopcao.com.br\/blog\/wp-content\/uploads\/2025\/03\/image-2.png\" alt=\"categorias de concorr\u00eancia e os empates do concurso PM PR\" class=\"wp-image-9626\" srcset=\"https:\/\/www.apostilasopcao.com.br\/blog\/wp-content\/uploads\/2025\/03\/image-2.png 481w, https:\/\/www.apostilasopcao.com.br\/blog\/wp-content\/uploads\/2025\/03\/image-2-300x75.png 300w\" sizes=\"auto, (max-width: 481px) 100vw, 481px\" \/><\/figure>\n\n\n\n<h3 class=\"wp-block-heading\">Exame de Capacidade F\u00edsica (ECAFI)<\/h3>\n\n\n\n<p>Ap\u00f3s a aprova\u00e7\u00e3o nas etapas anteriores, os candidatos foram convocados para o&nbsp;<strong>Exame de Capacidade F\u00edsica (ECAFI)<\/strong>, que avaliou o condicionamento f\u00edsico, com crit\u00e9rios distintos para homens e mulheres:<\/p>\n\n\n\n<p><strong>Para candidatos do sexo masculino<\/strong><\/p>\n\n\n\n<ul class=\"wp-block-list\">\n<li>Barra fixa: 6 repeti\u00e7\u00f5es de flex\u00e3o<\/li>\n\n\n\n<li>Abdominal: 31 repeti\u00e7\u00f5es<\/li>\n\n\n\n<li>Corrida de 300 metros: tempo m\u00e1ximo de 56 segundos<\/li>\n\n\n\n<li>Corrida de 2.400 metros: tempo m\u00e1ximo de 11 minutos e 58 segundos<\/li>\n<\/ul>\n\n\n\n<p><strong>Para candidatas do sexo feminino<\/strong><\/p>\n\n\n\n<ul class=\"wp-block-list\">\n<li>Barra fixa (isometria): sustenta\u00e7\u00e3o por 15 segundos<\/li>\n\n\n\n<li>Abdominal: 26 repeti\u00e7\u00f5es<\/li>\n\n\n\n<li>Corrida de 300 metros: tempo m\u00e1ximo de 64 segundos<\/li>\n\n\n\n<li>Corrida de 2.400 metros: tempo m\u00e1ximo de 14 minutos e 7 segundos<\/li>\n<\/ul>\n\n\n\n<p>Foram considerados \u201captos\u201d, os candidatos que atingirem o desempenho m\u00ednimo indicado para cada teste.<\/p>\n\n\n\n<h3 class=\"wp-block-heading\">Avalia\u00e7\u00e3o Psicol\u00f3gica<\/h3>\n\n\n\n<p>Os candidatos aprovados no Exame de Conhecimentos e Aptid\u00e3o F\u00edsica (ECAFI) seguiram para a etapa de Avalia\u00e7\u00e3o Psicol\u00f3gica.<\/p>\n\n\n\n<p>Nesta fase, \u00e9 realizada uma an\u00e1lise t\u00e9cnica detalhada, utilizando m\u00e9todos cient\u00edficos reconhecidos, com o objetivo de verificar se o perfil psicol\u00f3gico do candidato \u00e9 compat\u00edvel com as caracter\u00edsticas exigidas para o desempenho do cargo pretendido.<\/p>\n\n\n\n<h3 class=\"wp-block-heading\">Exame de Sanidade F\u00edsica (ESAFI)<\/h3>\n\n\n\n<p>O Exame de Sanidade F\u00edsica (ESAFI) \u00e9aplicado aos candidatos que obtiveram aprova\u00e7\u00e3o no ECAFI. Esta etapa \u00e9 composta por duas fases:<\/p>\n\n\n\n<ul class=\"wp-block-list\">\n<li>Envio eletr\u00f4nico de exames m\u00e9dicos para o portal da banca organizadora;<\/li>\n\n\n\n<li>Avalia\u00e7\u00e3o presencial, abrangendo exames m\u00e9dicos e odontol\u00f3gicos realizados por meio de anamnese, exame cl\u00ednico e an\u00e1lise dos exames previamente enviados.<\/li>\n<\/ul>\n\n\n\n<h3 class=\"wp-block-heading\">Investiga\u00e7\u00e3o Social<\/h3>\n\n\n\n<p>Os aprovados no ECAFI tamb\u00e9m passam pela fase de Investiga\u00e7\u00e3o Social.<\/p>\n\n\n\n<p>Nesta etapa \u00e9 feita uma an\u00e1lise rigorosa e abrangente do comportamento do candidato em sua vida pessoal e profissional. S\u00e3o avaliados aspectos sociais, \u00e9ticos, educacionais e quaisquer outros relevantes para sua atua\u00e7\u00e3o no cargo. Al\u00e9m disso, \u00e9 verificada a exist\u00eancia de antecedentes policiais ou criminais que possam desqualificar o candidato para a fun\u00e7\u00e3o.<\/p>\n\n\n\n<p>O concurso PM PR Soldado ter\u00e1 a validade de 1 ano, podendo ser prorrogado pelo mesmo per\u00edodo uma \u00fanica vez, de acordo com o crit\u00e9rio da corpora\u00e7\u00e3o.<\/p>\n\n\n\n<h2 class=\"wp-block-heading\">Como foi o \u00faltimo concurso PM PR?<\/h2>\n\n\n\n<p>O \u00faltimo concurso da Pol\u00edcia Militar PR foi publicado em&nbsp;<strong>2020<\/strong>, sob organiza\u00e7\u00e3o da UFPR (Universidade Federal do Paran\u00e1).<\/p>\n\n\n\n<p>A sele\u00e7\u00e3o ofertou<strong>&nbsp;2.400 vagas<\/strong>&nbsp;para Soldado de&nbsp;<strong>n\u00edvel m\u00e9dio<\/strong>, distribu\u00eddas entre 2.000 vagas para Soldado Policial Militar e 400 vagas para Soldado Bombeiro Militar: 400 vagas<\/p>\n\n\n\n<p>As vagas foram divididas nos Comandos Regionais da PM nas cidades de Londrina, Maring\u00e1, Ponta Grossa e Cascavel.<\/p>\n\n\n\n<p>O aprovado recebeu uma bolsa-aux\u00edlio no valor de&nbsp;<strong>R$1.933,63<\/strong>&nbsp;no cargo de Soldado 2\u00aa Classe.<\/p>\n\n\n\n<p>Ap\u00f3s o t\u00e9rmino no Curso de Forma\u00e7\u00e3o de Pra\u00e7as e t\u00e9rmino do est\u00e1gio probat\u00f3rio, os ganhos passaram a ser de&nbsp;<strong>R$4.263,67<\/strong>.<\/p>\n\n\n\n<h3 class=\"wp-block-heading\">Provas e etapas de sele\u00e7\u00e3o<\/h3>\n\n\n\n<p>O concurso foi realizado em duas fases, sendo elas:<\/p>\n\n\n\n<ul class=\"wp-block-list\">\n<li><strong>1\u00aa fase<\/strong>\n<ul class=\"wp-block-list\">\n<li>prova objetiva, de car\u00e1ter eliminat\u00f3rio e classificat\u00f3rio;<\/li>\n\n\n\n<li>prova discursiva, de car\u00e1ter eliminat\u00f3rio e classificat\u00f3rio.<\/li>\n<\/ul>\n<\/li>\n\n\n\n<li><strong>2\u00aa fase<\/strong>\n<ul class=\"wp-block-list\">\n<li>exame de capacidade f\u00edsica (ECAFI), de car\u00e1ter eliminat\u00f3rio;<\/li>\n\n\n\n<li>exame de sanidade f\u00edsica (ESAFI), de car\u00e1ter eliminat\u00f3rio;<\/li>\n\n\n\n<li>avalia\u00e7\u00e3o psicol\u00f3gica (AP), de car\u00e1ter eliminat\u00f3rio;<\/li>\n\n\n\n<li>investiga\u00e7\u00e3o social (IS), de car\u00e1ter eliminat\u00f3rio.<\/li>\n<\/ul>\n<\/li>\n<\/ul>\n\n\n\n<p>As provas foram aplicadas nas seguintes cidades:&nbsp;Campo Mour\u00e3o, Cascavel, Curitiba, Foz do Igua\u00e7u, Francisco Beltr\u00e3o, Guarapuava, Ivaipor\u00e3, Jacarezinho, Londrina, Maring\u00e1, Ponta Grossa, Paranagu\u00e1, Paranava\u00ed, Tel\u00eamaco Borba, Umuarama e Uni\u00e3o da Vit\u00f3ria.<\/p>\n\n\n\n<h4 class=\"wp-block-heading\">Prova objetiva<\/h4>\n\n\n\n<p>Esta etapa foi composta por<strong>&nbsp;60 quest\u00f5es<\/strong>&nbsp;de m\u00faltipla escolha, onde foram cobradas as seguintes disciplinas: L\u00edngua Portuguesa (15), Racioc\u00ednio Matem\u00e1tico (12), Geografia (12), Hist\u00f3ria (10), Inform\u00e1tica (07) e Legisla\u00e7\u00e3o\/Estatuto da Crian\u00e7a e do Adolescente \u2013 ECA (04).<\/p>\n\n\n\n<p>Em uma escala de 0 \u00e0 100 pontos, foi considerado<strong>&nbsp;aprovado<\/strong>&nbsp;o candidato que alcan\u00e7aram, no m\u00ednimo, 20 pontos no total da prova.<\/p>\n\n\n\n<h4 class=\"wp-block-heading\">Prova Discursiva<\/h4>\n\n\n\n<p>Nesta fase o candidato teve que elaborar&nbsp;<strong>uma reda\u00e7\u00e3o&nbsp;<\/strong>avaliada em at\u00e9 40 pontos e e foi considerado<strong>&nbsp;desclassificado<\/strong>&nbsp;o candidato que obteve nota inferior a 10 pontos.<\/p>\n\n\n\n<h4 class=\"wp-block-heading\">Exame de Capacidade F\u00edsica \u2013 ECAFI<\/h4>\n\n\n\n<p>O ECAFI foi um conjunto de provas compostas de exerc\u00edcios f\u00edsicos que avaliam par\u00e2metros de for\u00e7a, coordena\u00e7\u00e3o e equil\u00edbrio din\u00e2mico e\/ou flexibilidade, pot\u00eancia muscular, capacidade aer\u00f3bica e anaer\u00f3bica e velocidade do candidato.<\/p>\n\n\n\n<p>O ECAFI ser\u00e1 composto pelo Teste de Sufici\u00eancia F\u00edsica (TSF) para os candidatos aos cargos de Soldado PM.<\/p>\n\n\n\n<p>Para ser considerado&nbsp;<strong>apto<\/strong>, o candidato teve que obter, no m\u00ednimo, 11 pontos dos 15 poss\u00edveis na somat\u00f3ria de pontos dos respectivos testes.<\/p>\n\n\n\n<p>As provas do TAF para ingresso nos cargos de Soldado PM ser\u00e3o assim divididas:<\/p>\n\n\n\n<ul class=\"wp-block-list\">\n<li><strong>Masculino:\u00a0<\/strong>03 (tr\u00eas) testes, sendo: Shuttle Run, tra\u00e7\u00e3o em barra fixa e corrida de 2.400 metros.<\/li>\n\n\n\n<li><strong>Feminino:<\/strong>\u00a003 (tr\u00eas) testes, sendo: Shuttle Run, isometria em barra fixa e corrida de 2.400 metros.<\/li>\n<\/ul>\n\n\n\n<h3 class=\"wp-block-heading\">Curso de Forma\u00e7\u00e3o<\/h3>\n\n\n\n<p>Os aprovados no concurso p\u00fablico da PM PR deveriam frequentar, na condi\u00e7\u00e3o de Soldados de 2\u00aa Classe, o Curso de Forma\u00e7\u00e3o de Soldados, conforme estabelecido pela Diretoria de Ensino e Pesquisa da Pol\u00edcia Militar.<\/p>\n\n\n\n<p>O Curso de Forma\u00e7\u00e3o de Soldados era realizado nas Escolas de Forma\u00e7\u00e3o, Aperfei\u00e7oamento e Especializa\u00e7\u00e3o de Pra\u00e7as, no Centro de Ensino e Instru\u00e7\u00e3o, e tamb\u00e9m podia ser descentralizado para qualquer Unidade da Pol\u00edcia Militar no Estado, na Capital e no Interior.<\/p>\n\n\n\n<p>O objetivo do Curso de Forma\u00e7\u00e3o de Soldado Policial Militar era proporcionar ao militar estadual os conhecimentos necess\u00e1rios para executar atividades de pol\u00edcia ostensiva e preserva\u00e7\u00e3o da ordem p\u00fablica, atrav\u00e9s dos tipos, modalidades e processos de policiamento ostensivo e velado, previstos nas Constitui\u00e7\u00f5es Federal e Estadual e legisla\u00e7\u00f5es e atos normativos vigentes, em regime de dedica\u00e7\u00e3o exclusiva.<\/p>\n\n\n\n<p>Isso inclu\u00eda atividades noturnas, feriados e finais de semana, sem libera\u00e7\u00e3o para frequ\u00eancia a outros cursos ou atividades estranhas \u00e0 Corpora\u00e7\u00e3o, podendo ainda sujeitar-se ao regime de internato.<\/p>\n\n\n\n<p><strong>Quer ficar por dentro de tudo sobre o universo de concursos?&nbsp;<a href=\"https:\/\/www.apostilasopcao.com.br\/blog\/noticias\/\">Confira as nossas not\u00edcias!<\/a><\/strong><\/p>\n","protected":false},"excerpt":{"rendered":"<p>Sinto cheiro de concurso Policial na \u00e1rea! Nos \u00faltimos dias, a expectativa por refor\u00e7o no efetivo aumentou ap\u00f3s uma publica\u00e7\u00e3o nas redes sociais do Secret\u00e1rio da Seguran\u00e7a P\u00fablica do Paran\u00e1, [&hellip;]<\/p>\n","protected":false},"author":12,"featured_media":9630,"comment_status":"closed","ping_status":"closed","sticky":false,"template":"","format":"standard","meta":{"_acf_changed":false,"breadcrumbs_single_post":"","page_title_panel":"","breadcrumbs_single_page":"","single_page_alignment":"","single_page_margin":"","page_structure_type":"","content_style_source":"","content_style":"","blog_post_streched_ed":"","blog_page_streched_ed":"","has_transparent_header":"","disable_transparent_header":"","vertical_spacing_source":"","content_area_spacing":"","single_post_content_background":"","single_page_content_background":"","single_post_boxed_content_spacing":"","single_page_boxed_content_spacing":"","single_post_content_boxed_radius":"","single_page_content_boxed_radius":"","disable_featured_image":"","disable_post_tags":"","disable_author_box":"","disable_posts_navigation":"","disable_comments":"","disable_related_posts":"","disable_header":"","disable_footer":"","footnotes":""},"categories":[4,23],"tags":[64],"class_list":["post-250","post","type-post","status-publish","format-standard","has-post-thumbnail","hentry","category-noticias","category-pr","tag-concurso-pm-pr","rishi-post"],"acf":{"data_prova":"20261231","status":"previsto"},"_links":{"self":[{"href":"https:\/\/www.apostilasopcao.com.br\/blog\/wp-json\/wp\/v2\/posts\/250","targetHints":{"allow":["GET"]}}],"collection":[{"href":"https:\/\/www.apostilasopcao.com.br\/blog\/wp-json\/wp\/v2\/posts"}],"about":[{"href":"https:\/\/www.apostilasopcao.com.br\/blog\/wp-json\/wp\/v2\/types\/post"}],"author":[{"embeddable":true,"href":"https:\/\/www.apostilasopcao.com.br\/blog\/wp-json\/wp\/v2\/users\/12"}],"replies":[{"embeddable":true,"href":"https:\/\/www.apostilasopcao.com.br\/blog\/wp-json\/wp\/v2\/comments?post=250"}],"version-history":[{"count":6,"href":"https:\/\/www.apostilasopcao.com.br\/blog\/wp-json\/wp\/v2\/posts\/250\/revisions"}],"predecessor-version":[{"id":9632,"href":"https:\/\/www.apostilasopcao.com.br\/blog\/wp-json\/wp\/v2\/posts\/250\/revisions\/9632"}],"wp:featuredmedia":[{"embeddable":true,"href":"https:\/\/www.apostilasopcao.com.br\/blog\/wp-json\/wp\/v2\/media\/9630"}],"wp:attachment":[{"href":"https:\/\/www.apostilasopcao.com.br\/blog\/wp-json\/wp\/v2\/media?parent=250"}],"wp:term":[{"taxonomy":"category","embeddable":true,"href":"https:\/\/www.apostilasopcao.com.br\/blog\/wp-json\/wp\/v2\/categories?post=250"},{"taxonomy":"post_tag","embeddable":true,"href":"https:\/\/www.apostilasopcao.com.br\/blog\/wp-json\/wp\/v2\/tags?post=250"}],"curies":[{"name":"wp","href":"https:\/\/api.w.org\/{rel}","templated":true}]}}