{"id":2668,"date":"2026-04-13T08:46:12","date_gmt":"2026-04-13T11:46:12","guid":{"rendered":"https:\/\/www.apostilasopcao.com.br\/blog\/?p=2668"},"modified":"2026-04-13T08:46:15","modified_gmt":"2026-04-13T11:46:15","slug":"mp-go","status":"publish","type":"post","link":"https:\/\/www.apostilasopcao.com.br\/blog\/mp-go\/","title":{"rendered":"Concurso MP GO 2026: Edital em abril! AOCP \u00e9 a banca!"},"content":{"rendered":"\n<p>Boas not\u00edcias concurseiros! O concurso MP GO avan\u00e7a com novidades importantes e deve ter seu edital publicado ainda neste m\u00eas de abril. A sele\u00e7\u00e3o j\u00e1 conta com banca organizadora definida, o <strong>Instituto AOCP<\/strong>, que ser\u00e1 respons\u00e1vel por todas as etapas do certame. As oportunidades ser\u00e3o destinadas a candidatos de n\u00edvel superior, com oferta de vagas imediatas e forma\u00e7\u00e3o de cadastro de reserva, tanto para servidores quanto para o programa de Resid\u00eancia. Outro destaque \u00e9 a recente reestrutura\u00e7\u00e3o do Plano de Cargos, Carreiras e Vencimentos dos servidores do \u00f3rg\u00e3o, que promoveu mudan\u00e7as significativas na organiza\u00e7\u00e3o das carreiras, cria\u00e7\u00e3o de novos cargos e amplia\u00e7\u00e3o de vagas. Para se preparar, confira a\u00a0<a href=\"https:\/\/www.apostilasopcao.com.br\/concurso\/mp-go-ministerio-publico-de-goias\">apostila MP GO<\/a>\u00a0com conte\u00fado completo e atualizado conforme o edital!<\/p>\n\n\n\n<h2 class=\"wp-block-heading\">Concurso MP GO: Situa\u00e7\u00e3o atual<\/h2>\n\n\n\n<p>O concurso MP GO segue em est\u00e1gio avan\u00e7ado e tem edital confirmado para o m\u00eas de abril. De acordo com a <strong>Assessoria de Comunica\u00e7\u00e3o do \u00f3rg\u00e3o<\/strong>, o documento est\u00e1 em fase final de ajustes junto ao <strong>Instituto AOCP<\/strong>, banca respons\u00e1vel pela organiza\u00e7\u00e3o da sele\u00e7\u00e3o. A expectativa \u00e9 de que o cronograma seja divulgado em breve, com inscri\u00e7\u00f5es e provas ainda previstas para o primeiro semestre de 2026.<\/p>\n\n\n\n<figure class=\"wp-block-image size-full\"><img loading=\"lazy\" decoding=\"async\" width=\"429\" height=\"347\" src=\"https:\/\/www.apostilasopcao.com.br\/blog\/wp-content\/uploads\/2026\/02\/Captura-de-tela-2026-04-13-083411-convertido-de-png.webp\" alt=\"Concurso MP GO\" class=\"wp-image-12008\" srcset=\"https:\/\/www.apostilasopcao.com.br\/blog\/wp-content\/uploads\/2026\/02\/Captura-de-tela-2026-04-13-083411-convertido-de-png.webp 429w, https:\/\/www.apostilasopcao.com.br\/blog\/wp-content\/uploads\/2026\/02\/Captura-de-tela-2026-04-13-083411-convertido-de-png-300x243.webp 300w\" sizes=\"auto, (max-width: 429px) 100vw, 429px\" \/><\/figure>\n\n\n\n<figure class=\"wp-block-image size-full\"><img loading=\"lazy\" decoding=\"async\" width=\"512\" height=\"312\" src=\"https:\/\/www.apostilasopcao.com.br\/blog\/wp-content\/uploads\/2026\/02\/Captura-de-tela-2026-04-13-083448-convertido-de-png.webp\" alt=\"Concurso MP GO\" class=\"wp-image-12009\" srcset=\"https:\/\/www.apostilasopcao.com.br\/blog\/wp-content\/uploads\/2026\/02\/Captura-de-tela-2026-04-13-083448-convertido-de-png.webp 512w, https:\/\/www.apostilasopcao.com.br\/blog\/wp-content\/uploads\/2026\/02\/Captura-de-tela-2026-04-13-083448-convertido-de-png-300x183.webp 300w\" sizes=\"auto, (max-width: 512px) 100vw, 512px\" \/><\/figure>\n\n\n\n<p>O certame tem como principal objetivo suprir o <strong>d\u00e9ficit de servidores<\/strong>, especialmente em <strong>\u00e1reas administrativas e t\u00e9cnicas<\/strong>. A previs\u00e3o \u00e9 de oferta para cargos como <strong>T\u00e9cnico Ministerial <\/strong>\u2013 \u00c1rea de Apoio, Secret\u00e1rio Auxiliar e Oficial do Minist\u00e9rio P\u00fablico, com lota\u00e7\u00e3o inicial em Goi\u00e2nia, al\u00e9m da forma\u00e7\u00e3o de cadastro de reserva.<\/p>\n\n\n\n<p>Outro ponto de destaque \u00e9 a recente reestrutura\u00e7\u00e3o do <strong>Plano de Cargos, Carreiras e Vencimentos<\/strong>, que impulsionou a realiza\u00e7\u00e3o do concurso e tornou as oportunidades mais atrativas. Com isso, os sal\u00e1rios iniciais variam de<strong> R$ 5.613,54 <\/strong>para cargos de n\u00edvel m\u00e9dio a <strong>R$ 11.406,85 <\/strong>para n\u00edvel superior, al\u00e9m dos benef\u00edcios previstos em lei.<\/p>\n\n\n\n<p>Apesar dos avan\u00e7os, o \u00f3rg\u00e3o ainda <strong>n\u00e3o divulgou<\/strong> oficialmente o <strong>n\u00famero de vagas<\/strong>, os cargos detalhados nem o cronograma completo, informa\u00e7\u00f5es que devem ser confirmadas com a publica\u00e7\u00e3o do edital.<\/p>\n\n\n\n<h2 class=\"wp-block-heading\">Nova lei reestrutura as carreiras do MP GO<\/h2>\n\n\n\n<p>A Lei n\u00ba 24.024\/2026, publicada no <strong>Di\u00e1rio Oficial do Estado de Goi\u00e1s<\/strong>, promoveu uma ampla reformula\u00e7\u00e3o no Plano de Cargos, Carreiras e Vencimentos (PCCV) dos servidores dos Quadros de Servi\u00e7os Auxiliares do Minist\u00e9rio P\u00fablico do Estado de Goi\u00e1s.<\/p>\n\n\n\n<p>A norma reorganiza a estrutura funcional do \u00f3rg\u00e3o, redefine cargos, atualiza regras de progress\u00e3o e estabelece uma pol\u00edtica de valoriza\u00e7\u00e3o salarial escalonada, fortalecendo o cen\u00e1rio institucional que antecede o novo concurso MP GO.<\/p>\n\n\n\n<p>O novo marco legal disciplina aspectos como evolu\u00e7\u00e3o funcional, reajustes graduais, cria\u00e7\u00e3o e extin\u00e7\u00e3o de cargos e mecanismos de governan\u00e7a interna. A proposta \u00e9 modernizar a carreira e tornar o crescimento profissional mais estruturado e previs\u00edvel.<\/p>\n\n\n\n<p><strong>Para se preparar, confira a\u00a0<a href=\"https:\/\/www.apostilasopcao.com.br\/concurso\/mp-go-ministerio-publico-de-goias\" target=\"_blank\" rel=\"noreferrer noopener\">apostila MP GO\u00a0<\/a>com conte\u00fado completo e atualizado conforme os \u00faltimos editais!<\/strong><\/p>\n\n\n\n<h3 class=\"wp-block-heading\">Reorganiza\u00e7\u00e3o dos cargos<\/h3>\n\n\n\n<p>Entre as mudan\u00e7as promovidas pela lei est\u00e1 a transforma\u00e7\u00e3o de diversos cargos de n\u00edveis fundamental e m\u00e9dio na carreira unificada de T\u00e9cnico(a) Ministerial, subdividida em:<\/p>\n\n\n\n<ul class=\"wp-block-list\">\n<li>\u00c1rea de Apoio, voltada \u00e0s atividades administrativas gerais;<\/li>\n\n\n\n<li>\u00c1rea Especializada, destinada a fun\u00e7\u00f5es que exigem conhecimentos t\u00e9cnicos espec\u00edficos.<\/li>\n<\/ul>\n\n\n\n<p>Tamb\u00e9m foi institu\u00eddo quadro de extin\u00e7\u00e3o para cargos de n\u00edvel fundamental e para o cargo de Analista Legislativo, que deixar\u00e3o de ser ofertados em futuros concursos e ser\u00e3o gradualmente extintos conforme ocorrer vac\u00e2ncia.<\/p>\n\n\n\n<p>Al\u00e9m disso, a legisla\u00e7\u00e3o autorizou a cria\u00e7\u00e3o de novos cargos efetivos de T\u00e9cnico Ministerial, bem como cargos em comiss\u00e3o, como Assessor de Promotor, e fun\u00e7\u00f5es de confian\u00e7a, como Chefe de Secretaria III, ampliando a estrutura organizacional do \u00f3rg\u00e3o.<\/p>\n\n\n\n<h3 class=\"wp-block-heading\">Progress\u00e3o e desenvolvimento na carreira<\/h3>\n\n\n\n<p>A carreira passa a ser estruturada em Classes e N\u00edveis. As Classes representam a progress\u00e3o vertical, enquanto os N\u00edveis correspondem \u00e0 evolu\u00e7\u00e3o horizontal dentro da mesma classe.<\/p>\n\n\n\n<p>A promo\u00e7\u00e3o vertical exige interst\u00edcio m\u00ednimo de dois anos na classe atual, perman\u00eancia no \u00faltimo n\u00edvel e cumprimento dos crit\u00e9rios de avalia\u00e7\u00e3o previstos em regulamento. J\u00e1 a promo\u00e7\u00e3o horizontal ocorre dentro da pr\u00f3pria classe, tamb\u00e9m condicionada a interst\u00edcio m\u00ednimo de dois anos.<\/p>\n\n\n\n<p>As progress\u00f5es seguem crit\u00e9rios alternados de antiguidade e merecimento, exigindo estabilidade no cargo e assiduidade m\u00ednima de 75% no per\u00edodo avaliativo.<\/p>\n\n\n\n<h3 class=\"wp-block-heading\">Estrutura salarial e reajustes graduais<\/h3>\n\n\n\n<p>A Lei n\u00ba 24.024\/2026 institui novas tabelas de vencimentos para cargos efetivos, cargos em comiss\u00e3o e fun\u00e7\u00f5es de confian\u00e7a, com implementa\u00e7\u00e3o progressiva at\u00e9 2029.<\/p>\n\n\n\n<p>No caso dos cargos efetivos, a diferen\u00e7a salarial entre as classes ser\u00e1 implementada de forma progressiva at\u00e9 atingir 10% em janeiro de 2028. J\u00e1 a varia\u00e7\u00e3o entre os n\u00edveis dentro de cada classe ser\u00e1 ampliada gradualmente, chegando a 6% em janeiro de 2029, o que fortalece a valoriza\u00e7\u00e3o da progress\u00e3o na carreira.<\/p>\n\n\n\n<p>Para os cargos em comiss\u00e3o, organizados de CC-1 a CC-10, a pol\u00edtica de remunera\u00e7\u00e3o prev\u00ea reajustes anuais escalonados, com percentuais entre aproximadamente 1,9% e 2% ao ano, totalizando um aumento acumulado de cerca de 8% at\u00e9 2029.<\/p>\n\n\n\n<p>Confira os valores atualizados:<\/p>\n\n\n\n<p><strong>N\u00edvel m\u00e9dio<\/strong><\/p>\n\n\n\n<ul class=\"wp-block-list\">\n<li>A-1: R$ 4.437,22<\/li>\n\n\n\n<li>A-2: R$ 4.525,96<\/li>\n\n\n\n<li>A-3: R$ 4.616,48<\/li>\n\n\n\n<li>B-1: R$ 4.939,64<\/li>\n\n\n\n<li>B-2: R$ 5.038,42<\/li>\n\n\n\n<li>B-3: R$ 5.139,19<\/li>\n\n\n\n<li>C-1: R$ 5.498,94<\/li>\n\n\n\n<li>C-2: R$ 5.608,92<\/li>\n\n\n\n<li>C-3: R$ 5.721,09<\/li>\n\n\n\n<li>D-1: R$ 6.121,57<\/li>\n\n\n\n<li>D-2: R$ 6.244,00<\/li>\n\n\n\n<li>D-3: R$ 6.368,88<\/li>\n\n\n\n<li>E-1: R$ 6.814,70<\/li>\n\n\n\n<li>E-2: R$ 6.951,00<\/li>\n\n\n\n<li>E-3: R$ 7.090,02<\/li>\n<\/ul>\n\n\n\n<p><strong>N\u00edvel superior<\/strong><\/p>\n\n\n\n<ul class=\"wp-block-list\">\n<li>E-3: R$ 14.241,60<\/li>\n\n\n\n<li>A-1: R$ 8.912,97<\/li>\n\n\n\n<li>A-2: R$ 9.091,22<\/li>\n\n\n\n<li>A-3: R$ 9.273,05<\/li>\n\n\n\n<li>B-1: R$ 9.922,16<\/li>\n\n\n\n<li>B-2: R$ 10.120,60<\/li>\n\n\n\n<li>B-3: R$ 10.323,01<\/li>\n\n\n\n<li>C-1: R$ 11.045,63<\/li>\n\n\n\n<li>C-2: R$ 11.266,54<\/li>\n\n\n\n<li>C-3: R$ 11.491,87<\/li>\n\n\n\n<li>D-1: R$ 12.296,30<\/li>\n\n\n\n<li>D-2: R$ 12.542,23<\/li>\n\n\n\n<li>D-3: R$ 12.793,07<\/li>\n\n\n\n<li>E-1: R$ 13.688,59<\/li>\n\n\n\n<li>E-2: R$ 13.962,36<\/li>\n<\/ul>\n\n\n\n<h3 class=\"wp-block-heading\">Governan\u00e7a e regras administrativas<\/h3>\n\n\n\n<p>O novo PCCV tamb\u00e9m estabelece medidas voltadas \u00e0 governan\u00e7a e \u00e0 transpar\u00eancia. Foi criada uma Comiss\u00e3o Especial de Promo\u00e7\u00e3o, composta por quatro membros indicados pela administra\u00e7\u00e3o e quatro representantes eleitos pelos servidores, respons\u00e1vel pela condu\u00e7\u00e3o dos processos de progress\u00e3o funcional.<\/p>\n\n\n\n<p>A legisla\u00e7\u00e3o refor\u00e7a a veda\u00e7\u00e3o ao nepotismo, proibindo a nomea\u00e7\u00e3o de parentes at\u00e9 o terceiro grau para cargos em comiss\u00e3o ou fun\u00e7\u00f5es de confian\u00e7a, salvo nos casos em que o servidor seja efetivo e n\u00e3o exista subordina\u00e7\u00e3o direta.<\/p>\n\n\n\n<p>Outro ponto relevante \u00e9 a fixa\u00e7\u00e3o da data-base para revis\u00e3o geral anual da remunera\u00e7\u00e3o no m\u00eas de maio, conferindo maior previsibilidade \u00e0 pol\u00edtica salarial do Minist\u00e9rio P\u00fablico de Goi\u00e1s.<\/p>\n\n\n\n<h2 class=\"wp-block-heading\">Concurso MP GO em andamento<\/h2>\n\n\n\n<p>Al\u00e9m dessa nova sele\u00e7\u00e3o, existe tamb\u00e9m um concurso MP GO em andamento. O certame disponibiliza <strong>1 vaga imediata<\/strong> para o cargo de Oficial de Promotoria, com atua\u00e7\u00e3o prevista na comarca de Vian\u00f3polis.<\/p>\n\n\n\n<p>A fun\u00e7\u00e3o exige n\u00edvel fundamental completo e Carteira Nacional de Habilita\u00e7\u00e3o nas categorias A e B. A remunera\u00e7\u00e3o inicial \u00e9 de <strong>R$ 4.542,73<\/strong> para carga hor\u00e1ria semanal de 40 horas, al\u00e9m de benef\u00edcios como aux\u00edlio-alimenta\u00e7\u00e3o, aux\u00edlio-transporte, aux\u00edlio-creche e aux\u00edlio-sa\u00fade.<\/p>\n\n\n\n<p>O cargo integra a \u00e1rea auxiliar do Minist\u00e9rio P\u00fablico de Goi\u00e1s e envolve atividades de apoio administrativo e tarefas operacionais que garantem o funcionamento adequado das Promotorias de Justi\u00e7a.<\/p>\n\n\n\n<h3 class=\"wp-block-heading\">Etapas de sele\u00e7\u00e3o<\/h3>\n\n\n\n<p>Os concurso do concurso MP GO ser\u00e1 composto por quatro etapas:<\/p>\n\n\n\n<ul class=\"wp-block-list\">\n<li><strong>Prova objetiva<\/strong>: car\u00e1ter eliminat\u00f3rio e classificat\u00f3rio<\/li>\n\n\n\n<li><strong>Prova discursiva<\/strong>: car\u00e1ter eliminat\u00f3rio e classificat\u00f3rio<\/li>\n\n\n\n<li><strong>Prova de reda\u00e7\u00e3o<\/strong>: car\u00e1ter eliminat\u00f3rio e classificat\u00f3rio<\/li>\n\n\n\n<li><strong>Avalia\u00e7\u00e3o de t\u00edtulos<\/strong>: car\u00e1ter classificat\u00f3rio<\/li>\n<\/ul>\n\n\n\n<h4 class=\"wp-block-heading\">Prova Objetiva<\/h4>\n\n\n\n<p>A prova objetiva do concurso MP GO est\u00e1 marcada para o dia 26 de abril de 2026. Essa fase contar\u00e1 com 50 quest\u00f5es de m\u00faltipla escolha, cada uma com quatro alternativas, e valer\u00e1 ao todo 5 pontos na composi\u00e7\u00e3o da nota final.<\/p>\n\n\n\n<p>A estrutura da avalia\u00e7\u00e3o inclui as seguintes disciplinas e quantidades de quest\u00f5es:<\/p>\n\n\n\n<ul class=\"wp-block-list\">\n<li>L\u00edngua portuguesa: 10 quest\u00f5es<\/li>\n\n\n\n<li>Matem\u00e1tica: 5 quest\u00f5es<\/li>\n\n\n\n<li>Hist\u00f3ria do Brasil: 5 quest\u00f5es<\/li>\n\n\n\n<li>Geografia: 5 quest\u00f5es<\/li>\n\n\n\n<li>Inform\u00e1tica b\u00e1sica: 5 quest\u00f5es<\/li>\n\n\n\n<li>Legisla\u00e7\u00e3o do MP GO: 20 quest\u00f5es<\/li>\n<\/ul>\n\n\n\n<p>Para ter a prova discursiva e a reda\u00e7\u00e3o corrigidas no concurso MP GO, o candidato precisa atingir pelo menos 2,5 pontos na prova objetiva. <\/p>\n\n\n\n<h5 class=\"wp-block-heading\">Somos a melhor Op\u00e7\u00e3o<\/h5>\n\n\n\n<p>Voc\u00ea ir\u00e1 participar do concurso MP GO? Somos a melhor Op\u00e7\u00e3o! N\u00f3s contamos com diversos materiais preparat\u00f3rios alinhados e elaborados conforme o edital. Com mais de tr\u00eas d\u00e9cadas de candidatos aprovados, ajudaremos voc\u00ea tamb\u00e9m nesta longa jornada. N\u00e3o perca mais tempo e comece a estudar ainda hoje para o cargo que ir\u00e1 mudar a sua vida!<\/p>\n\n\n\n<ul class=\"wp-block-list\">\n<li><strong>Confira:&nbsp;<\/strong><a href=\"https:\/\/www.apostilasopcao.com.br\/concurso\/mp-go-ministerio-publico-de-goias\">Apostila MP GO!<\/a><\/li>\n<\/ul>\n\n\n\n<h4 class=\"wp-block-heading\">Prova discursiva <\/h4>\n\n\n\n<p>A prova discursiva do concurso MP GO ser\u00e1 realizada no mesmo dia da prova objetiva, em 26 de abril de 2026, e aplicada no mesmo turno. Essa etapa tem car\u00e1ter eliminat\u00f3rio e classificat\u00f3rio, com pontua\u00e7\u00e3o m\u00e1xima de 2 pontos. O participante dever\u00e1 responder duas quest\u00f5es, cada uma com extens\u00e3o entre 5 e 15 linhas.<\/p>\n\n\n\n<p>O conte\u00fado da avalia\u00e7\u00e3o tratar\u00e1 das atividades t\u00edpicas do cargo, das atribui\u00e7\u00f5es institucionais e da estrutura do Minist\u00e9rio P\u00fablico de Goi\u00e1s. A etapa exige conhecimento do assunto, clareza na exposi\u00e7\u00e3o das ideias, boa capacidade argumentativa e dom\u00ednio da norma-padr\u00e3o da l\u00edngua portuguesa.<\/p>\n\n\n\n<p>A banca levar\u00e1 em conta:<\/p>\n\n\n\n<ul class=\"wp-block-list\">\n<li>atendimento ao tema proposto;<\/li>\n\n\n\n<li>clareza e l\u00f3gica do racioc\u00ednio;<\/li>\n\n\n\n<li>capacidade argumentativa;<\/li>\n\n\n\n<li>uso correto da l\u00edngua portuguesa.<\/li>\n<\/ul>\n\n\n\n<h4 class=\"wp-block-heading\">Prova de reda\u00e7\u00e3o <\/h4>\n\n\n\n<p>A reda\u00e7\u00e3o do concurso MP GO ser\u00e1 aplicada no mesmo dia das demais provas escritas, em 26 de abril de 2026. Essa etapa ter\u00e1 valor m\u00e1ximo de 3 pontos e exigir\u00e1 a elabora\u00e7\u00e3o de um texto dissertativo e\/ou descritivo, com extens\u00e3o m\u00ednima de 15 linhas e m\u00e1xima de 30 linhas, conforme tema estabelecido pela banca organizadora.<\/p>\n\n\n\n<p>Na avalia\u00e7\u00e3o da reda\u00e7\u00e3o, ser\u00e3o considerados:<\/p>\n\n\n\n<ul class=\"wp-block-list\">\n<li>estrutura e organiza\u00e7\u00e3o textual;<\/li>\n\n\n\n<li>desenvolvimento adequado do tema;<\/li>\n\n\n\n<li>clareza, coes\u00e3o e coer\u00eancia;<\/li>\n\n\n\n<li>dom\u00ednio da l\u00edngua portuguesa (acentua\u00e7\u00e3o, grafia, concord\u00e2ncia, reg\u00eancia, morfossintaxe, pontua\u00e7\u00e3o e propriedade vocabular).<\/li>\n<\/ul>\n\n\n\n<p>Textos que n\u00e3o abordarem o tema proposto, apresentarem n\u00famero de linhas abaixo do m\u00ednimo exigido, contiverem identifica\u00e7\u00e3o indevida do candidato ou deixarem de ser entregues ter\u00e3o nota zero automaticamente.<\/p>\n\n\n\n<h4 class=\"wp-block-heading\">Avalia\u00e7\u00e3o de t\u00edtulos <\/h4>\n\n\n\n<p>A an\u00e1lise de t\u00edtulos do concurso MP GO ocorrer\u00e1 somente ap\u00f3s a divulga\u00e7\u00e3o das notas da prova discursiva e da reda\u00e7\u00e3o. Essa etapa possui car\u00e1ter exclusivamente classificat\u00f3rio e pode acrescentar at\u00e9 0,5 ponto \u00e0 nota final do candidato. O per\u00edodo para envio da documenta\u00e7\u00e3o ficar\u00e1 aberto de 14 a 17 de agosto de 2026.<\/p>\n\n\n\n<p>Entre os t\u00edtulos aceitos pelo concurso MP GO, est\u00e3o:<\/p>\n\n\n\n<figure class=\"wp-block-image size-large\"><img loading=\"lazy\" decoding=\"async\" width=\"1024\" height=\"280\" src=\"https:\/\/www.apostilasopcao.com.br\/blog\/wp-content\/uploads\/2025\/07\/tabela-de-pontuacao-do-concurso-MP-GO-1-1024x280.png\" alt=\"Tabela de distribui\u00e7\u00e3o de pontos da avalia\u00e7\u00e3o de t\u00edtulos do concurso MP GO\n\" class=\"wp-image-2688\" srcset=\"https:\/\/www.apostilasopcao.com.br\/blog\/wp-content\/uploads\/2025\/07\/tabela-de-pontuacao-do-concurso-MP-GO-1-1024x280.png 1024w, https:\/\/www.apostilasopcao.com.br\/blog\/wp-content\/uploads\/2025\/07\/tabela-de-pontuacao-do-concurso-MP-GO-1-300x82.png 300w, https:\/\/www.apostilasopcao.com.br\/blog\/wp-content\/uploads\/2025\/07\/tabela-de-pontuacao-do-concurso-MP-GO-1-768x210.png 768w, https:\/\/www.apostilasopcao.com.br\/blog\/wp-content\/uploads\/2025\/07\/tabela-de-pontuacao-do-concurso-MP-GO-1.png 1215w\" sizes=\"auto, (max-width: 1024px) 100vw, 1024px\" \/><\/figure>\n\n\n\n<h2 class=\"wp-block-heading\">Como foi o \u00faltimo concurso MP GO?<\/h2>\n\n\n\n<p>O \u00faltimo concurso MP GO ofertou tr\u00eas vagas imediatas para cargos de n\u00edvel fundamental, distribu\u00eddas em diferentes comarcas do Estado de Goi\u00e1s. As oportunidades foram organizadas da seguinte forma:<\/p>\n\n\n\n<ul class=\"wp-block-list\">\n<li>Comarca de Santa Terezinha de Goi\u00e1s: 1 vaga para Oficial de Promotoria<\/li>\n\n\n\n<li>Comarca de Itau\u00e7u: 1 vaga para Secret\u00e1rio Auxiliar<\/li>\n\n\n\n<li>Comarca de Mauril\u00e2ndia: 1 vaga para Secret\u00e1rio Auxiliar<\/li>\n<\/ul>\n\n\n\n<p>A remunera\u00e7\u00e3o inicial para os cargos foi de R$4.542,73, acrescida de benef\u00edcios como aux\u00edlio-alimenta\u00e7\u00e3o, aux\u00edlio-transporte e aux\u00edlio-creche. A jornada de trabalho estabelecida foi de 40 horas semanais.<\/p>\n\n\n\n<h3 class=\"wp-block-heading\">Etapas de sele\u00e7\u00e3o<\/h3>\n\n\n\n<p>O concurso foi composto por quatro fases avaliativas:<\/p>\n\n\n\n<ul class=\"wp-block-list\">\n<li>Prova objetiva (eliminat\u00f3ria e classificat\u00f3ria)<\/li>\n\n\n\n<li>Prova discursiva (eliminat\u00f3ria e classificat\u00f3ria)<\/li>\n\n\n\n<li>Prova de reda\u00e7\u00e3o (eliminat\u00f3ria e classificat\u00f3ria)<\/li>\n\n\n\n<li>Prova de t\u00edtulos (classificat\u00f3ria)<\/li>\n<\/ul>\n\n\n\n<h4 class=\"wp-block-heading\">Prova objetiva<\/h4>\n\n\n\n<p>A aplica\u00e7\u00e3o da prova objetiva ocorreu em datas diferentes, conforme a comarca de lota\u00e7\u00e3o:<\/p>\n\n\n\n<ul class=\"wp-block-list\">\n<li>Mauril\u00e2ndia: 19 de outubro<\/li>\n\n\n\n<li>Itau\u00e7u: 23 de novembro<\/li>\n\n\n\n<li>Santa Terezinha de Goi\u00e1s: 30 de novembro<\/li>\n<\/ul>\n\n\n\n<p><\/p>\n\n\n\n<p>A avalia\u00e7\u00e3o contou com 50 quest\u00f5es de m\u00faltipla escolha, distribu\u00eddas entre as seguintes disciplinas:<\/p>\n\n\n\n<ul class=\"wp-block-list\">\n<li>L\u00edngua Portuguesa: 10 quest\u00f5es<\/li>\n\n\n\n<li>Matem\u00e1tica: 5 quest\u00f5es<\/li>\n\n\n\n<li>Hist\u00f3ria do Brasil: 5 quest\u00f5es<\/li>\n\n\n\n<li>Geografia: 5 quest\u00f5es<\/li>\n\n\n\n<li>Inform\u00e1tica B\u00e1sica: 5 quest\u00f5es<\/li>\n\n\n\n<li>Legisla\u00e7\u00e3o do MP GO: 20 quest\u00f5es<\/li>\n<\/ul>\n\n\n\n<h4 class=\"wp-block-heading\">Prova discursiva<\/h4>\n\n\n\n<p>A prova discursiva foi composta por duas quest\u00f5es relacionadas \u00e0s atribui\u00e7\u00f5es do cargo e a conte\u00fados vinculados \u00e0 estrutura e \u00e0s fun\u00e7\u00f5es do Minist\u00e9rio P\u00fablico de Goi\u00e1s. Cada resposta deveria conter entre 5 e 15 linhas, com pontua\u00e7\u00e3o variando de 0 a 1 ponto por quest\u00e3o.<\/p>\n\n\n\n<h4 class=\"wp-block-heading\">Prova de reda\u00e7\u00e3o<\/h4>\n\n\n\n<p>A etapa de reda\u00e7\u00e3o exigiu a elabora\u00e7\u00e3o de um texto dissertativo e\/ou descritivo, com tema definido pela banca organizadora. O texto deveria ter entre 15 e 30 linhas, com pontua\u00e7\u00e3o de 0 a 3 pontos.<\/p>\n\n\n\n<h4 class=\"wp-block-heading\">Prova de t\u00edtulos<\/h4>\n\n\n\n<p>Entre os documentos aceitos na etapa de t\u00edtulos do concurso MP GO estiveram:<\/p>\n\n\n\n<figure class=\"wp-block-image size-large\"><img loading=\"lazy\" decoding=\"async\" width=\"1024\" height=\"280\" src=\"https:\/\/www.apostilasopcao.com.br\/blog\/wp-content\/uploads\/2025\/07\/tabela-de-pontuacao-do-concurso-MP-GO-1-1024x280.png\" alt=\"Tabela de distribui\u00e7\u00e3o de pontos da avalia\u00e7\u00e3o de t\u00edtulos do concurso MP GO\n\" class=\"wp-image-2688\" srcset=\"https:\/\/www.apostilasopcao.com.br\/blog\/wp-content\/uploads\/2025\/07\/tabela-de-pontuacao-do-concurso-MP-GO-1-1024x280.png 1024w, https:\/\/www.apostilasopcao.com.br\/blog\/wp-content\/uploads\/2025\/07\/tabela-de-pontuacao-do-concurso-MP-GO-1-300x82.png 300w, https:\/\/www.apostilasopcao.com.br\/blog\/wp-content\/uploads\/2025\/07\/tabela-de-pontuacao-do-concurso-MP-GO-1-768x210.png 768w, https:\/\/www.apostilasopcao.com.br\/blog\/wp-content\/uploads\/2025\/07\/tabela-de-pontuacao-do-concurso-MP-GO-1.png 1215w\" sizes=\"auto, (max-width: 1024px) 100vw, 1024px\" \/><\/figure>\n\n\n\n<p><\/p>\n\n\n\n<p><strong>Quer ficar por dentro de tudo sobre o universo de concursos?&nbsp;<a href=\"https:\/\/www.apostilasopcao.com.br\/blog\/noticias\/\">Confira as nossas not\u00edcias!<\/a><\/strong><\/p>\n\n\n\n<p><\/p>\n","protected":false},"excerpt":{"rendered":"<p>Um novo edital do concurso MP GO deve sair em breve! S\u00e3o previstas oportunidades para n\u00edvel superior, com sal\u00e1rios de at\u00e9 R$11 mil. Confira!<\/p>\n","protected":false},"author":13,"featured_media":10833,"comment_status":"closed","ping_status":"closed","sticky":false,"template":"","format":"standard","meta":{"_acf_changed":false,"breadcrumbs_single_post":"","page_title_panel":"","breadcrumbs_single_page":"","single_page_alignment":"","single_page_margin":"","page_structure_type":"","content_style_source":"","content_style":"","blog_post_streched_ed":"","blog_page_streched_ed":"","has_transparent_header":"","disable_transparent_header":"","vertical_spacing_source":"","content_area_spacing":"","single_post_content_background":"","single_page_content_background":"","single_post_boxed_content_spacing":"","single_page_boxed_content_spacing":"","single_post_content_boxed_radius":"","single_page_content_boxed_radius":"","disable_featured_image":"","disable_post_tags":"","disable_author_box":"","disable_posts_navigation":"","disable_comments":"","disable_related_posts":"","disable_header":"","disable_footer":"","footnotes":""},"categories":[4,14],"tags":[294],"class_list":["post-2668","post","type-post","status-publish","format-standard","has-post-thumbnail","hentry","category-noticias","category-go","tag-concurso-mp-go","rishi-post"],"acf":{"data_prova":null,"status":"previsto"},"_links":{"self":[{"href":"https:\/\/www.apostilasopcao.com.br\/blog\/wp-json\/wp\/v2\/posts\/2668","targetHints":{"allow":["GET"]}}],"collection":[{"href":"https:\/\/www.apostilasopcao.com.br\/blog\/wp-json\/wp\/v2\/posts"}],"about":[{"href":"https:\/\/www.apostilasopcao.com.br\/blog\/wp-json\/wp\/v2\/types\/post"}],"author":[{"embeddable":true,"href":"https:\/\/www.apostilasopcao.com.br\/blog\/wp-json\/wp\/v2\/users\/13"}],"replies":[{"embeddable":true,"href":"https:\/\/www.apostilasopcao.com.br\/blog\/wp-json\/wp\/v2\/comments?post=2668"}],"version-history":[{"count":15,"href":"https:\/\/www.apostilasopcao.com.br\/blog\/wp-json\/wp\/v2\/posts\/2668\/revisions"}],"predecessor-version":[{"id":12010,"href":"https:\/\/www.apostilasopcao.com.br\/blog\/wp-json\/wp\/v2\/posts\/2668\/revisions\/12010"}],"wp:featuredmedia":[{"embeddable":true,"href":"https:\/\/www.apostilasopcao.com.br\/blog\/wp-json\/wp\/v2\/media\/10833"}],"wp:attachment":[{"href":"https:\/\/www.apostilasopcao.com.br\/blog\/wp-json\/wp\/v2\/media?parent=2668"}],"wp:term":[{"taxonomy":"category","embeddable":true,"href":"https:\/\/www.apostilasopcao.com.br\/blog\/wp-json\/wp\/v2\/categories?post=2668"},{"taxonomy":"post_tag","embeddable":true,"href":"https:\/\/www.apostilasopcao.com.br\/blog\/wp-json\/wp\/v2\/tags?post=2668"}],"curies":[{"name":"wp","href":"https:\/\/api.w.org\/{rel}","templated":true}]}}