{"id":2801,"date":"2025-07-21T13:21:33","date_gmt":"2025-07-21T16:21:33","guid":{"rendered":"https:\/\/www.apostilasopcao.com.br\/blog\/?p=2801"},"modified":"2025-08-05T13:21:14","modified_gmt":"2025-08-05T16:21:14","slug":"cim-amifri-sc","status":"publish","type":"post","link":"https:\/\/www.apostilasopcao.com.br\/blog\/cim-amifri-sc\/","title":{"rendered":"Concurso CIM AMIFRI: Edital publicado! Sal\u00e1rio de R$11 mil!"},"content":{"rendered":"\n<p>O edital do concurso CIM AMIFRI (<a href=\"https:\/\/www.apostilasopcao.com.br\/concurso\/consorcio-intermunicipal-multifinalitario-da-regiao-da-amfri\" data-type=\"link\" data-id=\"https:\/\/www.apostilasopcao.com.br\/concurso\/consorcio-intermunicipal-multifinalitario-da-regiao-da-amfri\">Cons\u00f3rcio Intermunicipal Multifinalit\u00e1rio da Regi\u00e3o da AMIFRI<\/a>), em Santa Catarina, foi publicado! S\u00e3o 4 vagas imediatas, al\u00e9m de cadastro reserva, com sal\u00e1rios que podem chegar a R$ 11 mil. As oportunidades s\u00e3o para cargos de n\u00edveis m\u00e9dio e superior. Confira os detalhes<\/p>\n\n\n\n<h2 class=\"wp-block-heading\">Resumo do edital <\/h2>\n\n\n\n<ul class=\"wp-block-list\">\n<li>Vagas: 4 + CR<\/li>\n\n\n\n<li>Inscri\u00e7\u00f5es:&nbsp;21\/07\/2025 a 22\/08\/2025<\/li>\n\n\n\n<li>Taxa de Inscri\u00e7\u00e3o: R$ 70,00 a R$ 80,00<\/li>\n\n\n\n<li>Prova: 21\/09\/2025<\/li>\n\n\n\n<li>Banca: INDEPAC<\/li>\n\n\n\n<li><a href=\"https:\/\/www.apostilasopcao.com.br\/blog\/wp-content\/uploads\/2025\/07\/AMFRI-SC.pdf\" data-type=\"link\" data-id=\"https:\/\/www.apostilasopcao.com.br\/blog\/wp-content\/uploads\/2025\/07\/AMFRI-SC.pdf\">Baixe o edital<\/a><\/li>\n<\/ul>\n\n\n\n<h3 class=\"wp-block-heading\"><strong>Inscri\u00e7\u00f5es para o concurso CIM-AMFRI<\/strong><\/h3>\n\n\n\n<p>Os interessados no concurso CIM AMIFRI dever\u00e3o se inscrever entre os dias 21 de julho e 22 de agosto de 2025, exclusivamente&nbsp;<a href=\"https:\/\/indepac.selecao.net.br\/\" data-type=\"link\" data-id=\"https:\/\/indepac.selecao.net.br\/\" target=\"_blank\" rel=\"noreferrer noopener\">pelo site da INDEPAC<\/a>, banca organizadora do concurso.<\/p>\n\n\n\n<p>A taxa de inscri\u00e7\u00e3o varia de acordo com o n\u00edvel de escolaridade:<\/p>\n\n\n\n<ul class=\"wp-block-list\">\n<li>N\u00edvel m\u00e9dio: R$ 70,00.<\/li>\n\n\n\n<li>N\u00edvel superior: R$ 80,00.<\/li>\n<\/ul>\n\n\n\n<p>A taxa de inscri\u00e7\u00e3o deve ser efetuada at\u00e9 o dia&nbsp;25 de agosto de 2025<\/p>\n\n\n\n<p>Candidatos que sejam doadores de sangue, de medula \u00f3ssea, desempregados ou em situa\u00e7\u00e3o de car\u00eancia t\u00eam direito \u00e0 isen\u00e7\u00e3o da taxa de inscri\u00e7\u00e3o. A solicita\u00e7\u00e3o deve ser feita entre os dias 21 e 25 de julho de 2025.<\/p>\n\n\n\n<h2 class=\"wp-block-heading\">Cargos, vagas e sal\u00e1rios <\/h2>\n\n\n\n<p>O concurso CIM AMIFRI est\u00e1 oferecendo 4 vagas imediatas, al\u00e9m da possibilidade de forma\u00e7\u00e3o de cadastro reserva. Confira:<\/p>\n\n\n\n<h3 class=\"wp-block-heading\">N\u00edvel m\u00e9dio <\/h3>\n\n\n\n<ul class=\"wp-block-list\">\n<li><a href=\"https:\/\/www.apostilasopcao.com.br\/apostila\/cim-amfri-auxiliar-administrativo\" data-type=\"link\" data-id=\"https:\/\/www.apostilasopcao.com.br\/apostila\/cim-amfri-auxiliar-administrativo\">Auxiliar Administrativo<\/a>\n<ul class=\"wp-block-list\">\n<li> 1 vaga + Cadastro Reserva<\/li>\n\n\n\n<li>Sal\u00e1rio: R$ 4.426,53<\/li>\n<\/ul>\n<\/li>\n<\/ul>\n\n\n\n<h3 class=\"wp-block-heading\">N\u00edvel superior <\/h3>\n\n\n\n<ul class=\"wp-block-list\">\n<li>Analista de Recursos Humanos\n<ul class=\"wp-block-list\">\n<li>1 vaga + Cadastro Reserva<\/li>\n\n\n\n<li>Sal\u00e1rio: R$ 9.273,12<\/li>\n<\/ul>\n<\/li>\n<\/ul>\n\n\n\n<ul class=\"wp-block-list\">\n<li>Analista T\u00e9cnico N\u00edvel I\n<ul class=\"wp-block-list\">\n<li>1 vaga + Cadastro Reserva<\/li>\n\n\n\n<li>Sal\u00e1rio: R$ 9.273,12<\/li>\n<\/ul>\n<\/li>\n<\/ul>\n\n\n\n<ul class=\"wp-block-list\">\n<li>M\u00e9dico(a) Veterin\u00e1rio(a)\n<ul class=\"wp-block-list\">\n<li>1 vaga + Cadastro Reserva<\/li>\n\n\n\n<li>Sal\u00e1rio: R$ 11.135,94<\/li>\n<\/ul>\n<\/li>\n<\/ul>\n\n\n\n<h2 class=\"wp-block-heading\">Requisitos para participar do concurso CIM AMIFRI<\/h2>\n\n\n\n<p>Para participar do concurso CIM AMIFRI, os candidatos devem atender aos requisitos b\u00e1sicos:<\/p>\n\n\n\n<ul class=\"wp-block-list\">\n<li>Ter nacionalidade brasileira ou portuguesa, amparada pelo Estatuto da Igualdade entre brasileiros e portugueses, conforme disposto nos termos do Par\u00e1grafo 1\u00ba, Artigo 12, da Constitui\u00e7\u00e3o Federal e do Decreto Federal n.\u00ba 70.436\/72;<\/li>\n\n\n\n<li>Ter, na data da contrata\u00e7\u00e3o, idade m\u00ednima de 18 (dezoito) anos completos;<\/li>\n\n\n\n<li>No caso do sexo masculino, estar em dia com o Servi\u00e7o Militar, nos termos do Decreto n\u00ba 57.654\/66, alterado pelo Decreto n\u00ba 93.670\/86;<\/li>\n\n\n\n<li>Ser eleitor e estar quite com a Justi\u00e7a Eleitoral;<\/li>\n\n\n\n<li>Possuir documenta\u00e7\u00e3o comprobat\u00f3ria, no ato da contrata\u00e7\u00e3o, dos requisitos m\u00ednimos exigidos para o emprego, conforme especificado na Tabela I, do Cap\u00edtulo 1, e a documenta\u00e7\u00e3o comprobat\u00f3ria determinada no item 11.5 do Cap\u00edtulo 11 deste edital;<\/li>\n\n\n\n<li>Ter aptid\u00e3o f\u00edsica e mental e n\u00e3o possuir defici\u00eancia f\u00edsica incompat\u00edvel com o exerc\u00edcio do emprego, comprovada em inspe\u00e7\u00e3o realizada pelo Servi\u00e7o M\u00e9dico indicado pelo CIM-AMFRI;<\/li>\n\n\n\n<li>N\u00e3o ter sido demitido ou exonerado do Servi\u00e7o P\u00fablico (Federal, Estadual ou Municipal) em consequ\u00eancia de processo administrativo;<\/li>\n\n\n\n<li>N\u00e3o ter sido condenado por crime contra o Patrim\u00f4nio, Administra\u00e7\u00e3o, a F\u00e9 P\u00fablica, contra os Costumes e os previstos na Lei Federal n.\u00ba 11.343, de 23\/08\/2006;<\/li>\n\n\n\n<li>N\u00e3o estar, no ato da contrata\u00e7\u00e3o, incompatibilizado para nova contrata\u00e7\u00e3o em novo emprego p\u00fablico;<\/li>\n\n\n\n<li>N\u00e3o estar com idade de aposentadoria compuls\u00f3ria;<\/li>\n\n\n\n<li>N\u00e3o receber proventos de aposentadoria ou remunera\u00e7\u00e3o de cargo, emprego ou fun\u00e7\u00e3o p\u00fablica, ressalvados os cargos acumul\u00e1veis previstos na Constitui\u00e7\u00e3o Federal.<\/li>\n<\/ul>\n\n\n\n<h2 class=\"wp-block-heading\">Etapas de sele\u00e7\u00e3o <\/h2>\n\n\n\n<p>O concurso CIM AMIFRI ser\u00e1 composto por uma etapa:<\/p>\n\n\n\n<ul class=\"wp-block-list\">\n<li>Prova objetiva: car\u00e1ter eliminat\u00f3rio e classificat\u00f3rio.<\/li>\n<\/ul>\n\n\n\n<h3 class=\"wp-block-heading\">Prova objetiva <\/h3>\n\n\n\n<p>A prova objetiva do concurso CIM AMIFRI est\u00e3o agendadas para o dia 21 de setembro, na cidade de Itaja\u00ed\/SC, com local e hor\u00e1rio a serem informados a partir de 10 de setembro de 2025. A prova contar\u00e1 com 40 quest\u00f5es de diversas disciplinas, confira:<\/p>\n\n\n\n<ul class=\"wp-block-list\">\n<li>L\u00edngua Portuguesa: 10 quest\u00f5es;<\/li>\n\n\n\n<li>Matem\u00e1tica: 5 quest\u00f5es;<\/li>\n\n\n\n<li>Conhecimentos Gerais: 5 quest\u00f5es;<\/li>\n\n\n\n<li>Conhecimentos Espec\u00edficos; 20 quest\u00f5es.<\/li>\n<\/ul>\n\n\n\n<p>A prova valer\u00e1 100 pontos. Para ser considerado aprovado o candidato deve obter uma pontua\u00e7\u00e3o iguala ou superior a 50 pontos.<\/p>\n\n\n\n<h2 class=\"wp-block-heading\">Dica op\u00e7\u00e3o <\/h2>\n\n\n\n<p>Quer conquistar sua vaga com confian\u00e7a e efici\u00eancia? Comece agora com a Apostila Op\u00e7\u00e3o!<\/p>\n\n\n\n<p>Com conte\u00fado atualizado, teoria clara, exerc\u00edcios comentados e recursos que facilitam a memoriza\u00e7\u00e3o, ela \u00e9 o material certo para quem tem pouco tempo e grandes objetivos.<\/p>\n\n\n\n<p>Garanta a sua hoje e d\u00ea o primeiro passo rumo \u00e0 aprova\u00e7\u00e3o!<\/p>\n\n\n\n<ul class=\"wp-block-list\">\n<li>Confira: <a href=\"https:\/\/www.apostilasopcao.com.br\/concurso\/consorcio-intermunicipal-multifinalitario-da-regiao-da-amfri\" data-type=\"link\" data-id=\"https:\/\/www.apostilasopcao.com.br\/concurso\/consorcio-intermunicipal-multifinalitario-da-regiao-da-amfri\">Apostila preparat\u00f3ria para o concurso CIM AMIFRI<\/a>.<\/li>\n<\/ul>\n\n\n\n<p><\/p>\n","protected":false},"excerpt":{"rendered":"<p>O edital do concurso CIM AMIFRI foi publicado com vagas para os n\u00edveis m\u00e9dio e superior. Sal\u00e1rio de at\u00e9 R$11 mil! Confira todos os detalhes!<\/p>\n","protected":false},"author":11,"featured_media":2806,"comment_status":"closed","ping_status":"closed","sticky":false,"template":"","format":"standard","meta":{"_acf_changed":false,"breadcrumbs_single_post":"","page_title_panel":"","breadcrumbs_single_page":"","single_page_alignment":"","single_page_margin":"","page_structure_type":"","content_style_source":"","content_style":"","blog_post_streched_ed":"","blog_page_streched_ed":"","has_transparent_header":"","disable_transparent_header":"","vertical_spacing_source":"","content_area_spacing":"","single_post_content_background":"","single_page_content_background":"","single_post_boxed_content_spacing":"","single_page_boxed_content_spacing":"","single_post_content_boxed_radius":"","single_page_content_boxed_radius":"","disable_featured_image":"","disable_post_tags":"","disable_author_box":"","disable_posts_navigation":"","disable_comments":"","disable_related_posts":"","disable_header":"","disable_footer":"","footnotes":""},"categories":[4,29],"tags":[303],"class_list":["post-2801","post","type-post","status-publish","format-standard","has-post-thumbnail","hentry","category-noticias","category-sc","tag-concurso-cim-amifri","rishi-post"],"acf":{"data_prova":"20250921","status":"aberto"},"_links":{"self":[{"href":"https:\/\/www.apostilasopcao.com.br\/blog\/wp-json\/wp\/v2\/posts\/2801","targetHints":{"allow":["GET"]}}],"collection":[{"href":"https:\/\/www.apostilasopcao.com.br\/blog\/wp-json\/wp\/v2\/posts"}],"about":[{"href":"https:\/\/www.apostilasopcao.com.br\/blog\/wp-json\/wp\/v2\/types\/post"}],"author":[{"embeddable":true,"href":"https:\/\/www.apostilasopcao.com.br\/blog\/wp-json\/wp\/v2\/users\/11"}],"replies":[{"embeddable":true,"href":"https:\/\/www.apostilasopcao.com.br\/blog\/wp-json\/wp\/v2\/comments?post=2801"}],"version-history":[{"count":6,"href":"https:\/\/www.apostilasopcao.com.br\/blog\/wp-json\/wp\/v2\/posts\/2801\/revisions"}],"predecessor-version":[{"id":3500,"href":"https:\/\/www.apostilasopcao.com.br\/blog\/wp-json\/wp\/v2\/posts\/2801\/revisions\/3500"}],"wp:featuredmedia":[{"embeddable":true,"href":"https:\/\/www.apostilasopcao.com.br\/blog\/wp-json\/wp\/v2\/media\/2806"}],"wp:attachment":[{"href":"https:\/\/www.apostilasopcao.com.br\/blog\/wp-json\/wp\/v2\/media?parent=2801"}],"wp:term":[{"taxonomy":"category","embeddable":true,"href":"https:\/\/www.apostilasopcao.com.br\/blog\/wp-json\/wp\/v2\/categories?post=2801"},{"taxonomy":"post_tag","embeddable":true,"href":"https:\/\/www.apostilasopcao.com.br\/blog\/wp-json\/wp\/v2\/tags?post=2801"}],"curies":[{"name":"wp","href":"https:\/\/api.w.org\/{rel}","templated":true}]}}