{"id":2843,"date":"2025-07-22T13:35:21","date_gmt":"2025-07-22T16:35:21","guid":{"rendered":"https:\/\/www.apostilasopcao.com.br\/blog\/?p=2843"},"modified":"2025-08-05T12:50:59","modified_gmt":"2025-08-05T15:50:59","slug":"crp-sp","status":"publish","type":"post","link":"https:\/\/www.apostilasopcao.com.br\/blog\/crp-sp\/","title":{"rendered":"Concurso CRP SP: Edital publicado! 520 vagas!"},"content":{"rendered":"\n<p>Foi publicado o edital do Concurso CRP SP (<a href=\"https:\/\/www.apostilasopcao.com.br\/concurso\/crp-sp-conselho-regional-de-psicologia-de-sao-paulo\" data-type=\"link\" data-id=\"https:\/\/www.apostilasopcao.com.br\/concurso\/crp-sp-conselho-regional-de-psicologia-de-sao-paulo\">Conselho Regional de Psicologia da 6\u00aa Regi\u00e3o<\/a>), com a oferta de 520 vagas, sendo 6 imediatas e 514 para cadastro reserva. As oportunidades s\u00e3o para os n\u00edveis m\u00e9dio, t\u00e9cnico e superior, com sal\u00e1rios iniciais que v\u00e3o de R$ 4.659,07 a R$ 9.453,19. Confira todos os detalhes!<\/p>\n\n\n\n<h2 class=\"wp-block-heading\">Resumo do edital<\/h2>\n\n\n\n<ul class=\"wp-block-list\">\n<li>Vagas: 6 + 514 CR<\/li>\n\n\n\n<li>Inscri\u00e7\u00f5es: 01\/07\/2025 a 06\/08\/2025<\/li>\n\n\n\n<li>Taxa de Inscri\u00e7\u00e3o: R$ 58,00 at\u00e9 R$ 63,00<\/li>\n\n\n\n<li>Prova: 14\/09\/2025<\/li>\n\n\n\n<li>Banca: Instituto Quadrix.<\/li>\n\n\n\n<li><a href=\"https:\/\/www.apostilasopcao.com.br\/blog\/wp-content\/uploads\/2025\/07\/EDITAL-DO-CONCURSO-CRP-SP.pdf\" data-type=\"link\" data-id=\"https:\/\/www.apostilasopcao.com.br\/blog\/wp-content\/uploads\/2025\/07\/EDITAL-DO-CONCURSO-CRP-SP.pdf\">Baixe o edital<\/a><\/li>\n<\/ul>\n\n\n\n<h2 class=\"wp-block-heading\">Inscri\u00e7\u00f5es <\/h2>\n\n\n\n<p>Os interessados no concurso CRP SP dever\u00e3o se inscrever entre os dias 1\u00ba de julho e 6 de agosto de 2025, exclusivamente&nbsp;<a href=\"https:\/\/www.quadrix.org.br\/\" data-type=\"link\" data-id=\"https:\/\/www.quadrix.org.br\/\" target=\"_blank\" rel=\"noreferrer noopener\">pelo site Instituto Quadrix<\/a>, banca organizadora do concurso.<\/p>\n\n\n\n<p>A taxa de inscri\u00e7\u00e3o varia de acordo com o n\u00edvel de escolaridade:<\/p>\n\n\n\n<ul class=\"wp-block-list\">\n<li>N\u00edvel m\u00e9dio e t\u00e9cnico: R$ 58,00.<\/li>\n\n\n\n<li>N\u00edvel superior: R$ 63,00.<\/li>\n<\/ul>\n\n\n\n<p>A taxa de inscri\u00e7\u00e3o deve ser paga at\u00e9 a data de vencimento indicada no boleto banc\u00e1rio.<\/p>\n\n\n\n<p>O prazo para solicitar a isen\u00e7\u00e3o da taxa de inscri\u00e7\u00e3o j\u00e1 terminou. O benef\u00edcio foi concedido a candidatos inscritos no Cad\u00danico e doadores de medula \u00f3ssea.<\/p>\n\n\n\n<h2 class=\"wp-block-heading\">Vagas, cargos e sal\u00e1rios<\/h2>\n\n\n\n<p>O concurso CRP SP contempla cargos em diversas \u00e1reas, com carga hor\u00e1ria de 30 horas semanais e vagas distribu\u00eddas entre a sede na capital paulista e 10 subsedes no interior. Veja como as oportunidades est\u00e3o organizadas:<\/p>\n\n\n\n<h3 class=\"wp-block-heading\">N\u00edvel m\u00e9dio<\/h3>\n\n\n\n<ul class=\"wp-block-list\">\n<li><a href=\"https:\/\/www.apostilasopcao.com.br\/apostila\/crp-sp-profissional-suporte-administrativo\" data-type=\"link\" data-id=\"https:\/\/www.apostilasopcao.com.br\/apostila\/crp-sp-profissional-suporte-administrativo\">Profissional de Suporte Administrativo<\/a>\n<ul class=\"wp-block-list\">\n<li>R$ 4.659,07<\/li>\n<\/ul>\n<\/li>\n<\/ul>\n\n\n\n<p>Distribui\u00e7\u00e3o de vagas:<\/p>\n\n\n\n<ul class=\"wp-block-list\">\n<li>Sede (S\u00e3o Paulo)\n<ul class=\"wp-block-list\">\n<li>30 vagas de cadastro reserva<\/li>\n<\/ul>\n<\/li>\n\n\n\n<li>Subsede Alto Tiet\u00ea (Mogi das Cruzes)\n<ul class=\"wp-block-list\">\n<li>20 vagas de cadastro reserva<\/li>\n<\/ul>\n<\/li>\n\n\n\n<li>Subsede Assis (Assis)\n<ul class=\"wp-block-list\">\n<li>20 vagas de cadastro reserva<\/li>\n<\/ul>\n<\/li>\n\n\n\n<li>Subsede Baixada Santista e Vale do Ribeira (Santos)\n<ul class=\"wp-block-list\">\n<li>20 vagas de cadastro reserva<\/li>\n<\/ul>\n<\/li>\n\n\n\n<li>Subsede Bauru (Bauru)\n<ul class=\"wp-block-list\">\n<li>20 vagas de cadastro reserva<\/li>\n<\/ul>\n<\/li>\n\n\n\n<li>Subsede Campinas (Campinas)\n<ul class=\"wp-block-list\">\n<li>1 vaga imediata<\/li>\n\n\n\n<li>19 vagas de cadastro reserva<\/li>\n<\/ul>\n<\/li>\n\n\n\n<li>Subsede Grande ABC (Santo Andr\u00e9)\n<ul class=\"wp-block-list\">\n<li>20 vagas de cadastro reserva<\/li>\n<\/ul>\n<\/li>\n\n\n\n<li>Subsede Metropolitana (S\u00e3o Paulo)\n<ul class=\"wp-block-list\">\n<li>1 vaga imediata<\/li>\n\n\n\n<li>29 vagas de cadastro reserva<\/li>\n<\/ul>\n<\/li>\n\n\n\n<li>Subsede Ribeir\u00e3o Preto (Ribeir\u00e3o Preto)\n<ul class=\"wp-block-list\">\n<li>20 vagas de cadastro reserva<\/li>\n<\/ul>\n<\/li>\n\n\n\n<li>Subsede S\u00e3o Jos\u00e9 do Rio Preto (S\u00e3o Jos\u00e9 do Rio Preto)\n<ul class=\"wp-block-list\">\n<li>20 vagas de cadastro reserva<\/li>\n<\/ul>\n<\/li>\n\n\n\n<li>Subsede Sorocaba (Sorocaba)\n<ul class=\"wp-block-list\">\n<li>20 vagas de cadastro reserva<\/li>\n<\/ul>\n<\/li>\n\n\n\n<li>Subsede Vale do Para\u00edba e Litoral Norte (Taubat\u00e9)\n<ul class=\"wp-block-list\">\n<li>20 vagas de cadastro reserva<\/li>\n<\/ul>\n<\/li>\n<\/ul>\n\n\n\n<h3 class=\"wp-block-heading\">N\u00edvel t\u00e9cnico <\/h3>\n\n\n\n<ul class=\"wp-block-list\">\n<li><a href=\"https:\/\/www.apostilasopcao.com.br\/apostila\/crp-sp-tecnico-esp-suporte-administrativo-tec-tecnolo-info-comunicacao\" data-type=\"link\" data-id=\"https:\/\/www.apostilasopcao.com.br\/apostila\/crp-sp-tecnico-esp-suporte-administrativo-tec-tecnolo-info-comunicacao\">T\u00e9cnico Especializado em Suporte Administrativo<\/a><\/li>\n<\/ul>\n\n\n\n<ul class=\"wp-block-list\">\n<li>R$ 5.874,49<\/li>\n<\/ul>\n\n\n\n<p>Distribui\u00e7\u00e3o das vagas (+ CR):<\/p>\n\n\n\n<ul class=\"wp-block-list\">\n<li><a href=\"https:\/\/www.apostilasopcao.com.br\/apostila\/crp-sp-tecnico-especializado-suporte-adm-tecnico-administracao\" data-type=\"link\" data-id=\"https:\/\/www.apostilasopcao.com.br\/apostila\/crp-sp-tecnico-especializado-suporte-adm-tecnico-administracao\">T\u00e9cnico em Administra\u00e7\u00e3o<\/a> \u2013 Sede (S\u00e3o Paulo)\n<ul class=\"wp-block-list\">\n<li>10 vagas de cadastro reserva<\/li>\n<\/ul>\n<\/li>\n\n\n\n<li>T\u00e9cnico em Arquivologia \u2013 Sede (S\u00e3o Paulo)\n<ul class=\"wp-block-list\">\n<li>10 vagas de cadastro reserva<\/li>\n<\/ul>\n<\/li>\n\n\n\n<li>T\u00e9cnico em Contabilidade \u2013 Sede (S\u00e3o Paulo)\n<ul class=\"wp-block-list\">\n<li>10 vagas de cadastro reserva<\/li>\n<\/ul>\n<\/li>\n\n\n\n<li>T\u00e9cnico em Secretariado \u2013 Sede (S\u00e3o Paulo)\n<ul class=\"wp-block-list\">\n<li>10 vagas de cadastro reserva<\/li>\n<\/ul>\n<\/li>\n\n\n\n<li>T\u00e9cnico em Seguran\u00e7a do Trabalho \u2013 Sede (S\u00e3o Paulo)\n<ul class=\"wp-block-list\">\n<li>10 vagas de cadastro reserva<\/li>\n<\/ul>\n<\/li>\n\n\n\n<li>T\u00e9cnico em Tecnologia da Informa\u00e7\u00e3o e Comunica\u00e7\u00e3o \u2013 Sede (S\u00e3o Paulo)\n<ul class=\"wp-block-list\">\n<li>10 vagas de cadastro reserva<\/li>\n<\/ul>\n<\/li>\n<\/ul>\n\n\n\n<ul class=\"wp-block-list\">\n<li><\/li>\n<\/ul>\n\n\n\n<h3 class=\"wp-block-heading\">N\u00edvel superior<\/h3>\n\n\n\n<ul class=\"wp-block-list\">\n<li>Analista em Gest\u00e3o \n<ul class=\"wp-block-list\">\n<li> R$ 8.102,73<\/li>\n<\/ul>\n<\/li>\n<\/ul>\n\n\n\n<p>Distribui\u00e7\u00e3o de vagas:<\/p>\n\n\n\n<ul class=\"wp-block-list\">\n<li>Administrador(a) \u2013 Sede (S\u00e3o Paulo)\n<ul class=\"wp-block-list\">\n<li>10 vagas de cadastro reserva<\/li>\n<\/ul>\n<\/li>\n\n\n\n<li>Analista Financeiro \u2013 Sede (S\u00e3o Paulo)\n<ul class=\"wp-block-list\">\n<li>10 vagas de cadastro reserva<\/li>\n<\/ul>\n<\/li>\n\n\n\n<li>Compras e Licita\u00e7\u00f5es \u2013 Sede (S\u00e3o Paulo)\n<ul class=\"wp-block-list\">\n<li>10 vagas de cadastro reserva<\/li>\n<\/ul>\n<\/li>\n\n\n\n<li>Comunica\u00e7\u00e3o \u2013 Sede (S\u00e3o Paulo)\n<ul class=\"wp-block-list\">\n<li>10 vagas de cadastro reserva<\/li>\n<\/ul>\n<\/li>\n<\/ul>\n\n\n\n<ul class=\"wp-block-list\">\n<li>Especialista em Gest\u00e3o \n<ul class=\"wp-block-list\">\n<li>R$ 9.453,19<\/li>\n<\/ul>\n<\/li>\n<\/ul>\n\n\n\n<p>Distribui\u00e7\u00e3o de vagas:<\/p>\n\n\n\n<ul class=\"wp-block-list\">\n<li>Advogado(a) \u2013 Sede (S\u00e3o Paulo)\n<ul class=\"wp-block-list\">\n<li>1 vaga imediata<\/li>\n\n\n\n<li>9 vagas de cadastro reserva<\/li>\n<\/ul>\n<\/li>\n\n\n\n<li>Contador(a) \u2013 Sede (S\u00e3o Paulo)\n<ul class=\"wp-block-list\">\n<li>10 vagas de cadastro reserva<\/li>\n<\/ul>\n<\/li>\n\n\n\n<li>Documental \u2013 Sede (S\u00e3o Paulo)\n<ul class=\"wp-block-list\">\n<li>10 vagas de cadastro reserva<\/li>\n<\/ul>\n<\/li>\n\n\n\n<li>Psic\u00f3logo(a) Organizacional \u2013 Sede (S\u00e3o Paulo)\n<ul class=\"wp-block-list\">\n<li>10 vagas de cadastro reserva<\/li>\n<\/ul>\n<\/li>\n\n\n\n<li>Tecnologia da Informa\u00e7\u00e3o e Comunica\u00e7\u00e3o \u2013 Sede (S\u00e3o Paulo)\n<ul class=\"wp-block-list\">\n<li>10 vagas de cadastro reserva<\/li>\n<\/ul>\n<\/li>\n<\/ul>\n\n\n\n<ul class=\"wp-block-list\">\n<li>Especialista T\u00e9cnico \u2013 Psic\u00f3logo\/a\n<ul class=\"wp-block-list\">\n<li> R$ 9.453,19<\/li>\n<\/ul>\n<\/li>\n<\/ul>\n\n\n\n<p>Distribui\u00e7\u00e3o de vagas:<\/p>\n\n\n\n<ul class=\"wp-block-list\">\n<li>Subsede Alto Tiet\u00ea (Mogi das Cruzes)\n<ul class=\"wp-block-list\">\n<li>10 vagas de cadastro reserva<\/li>\n<\/ul>\n<\/li>\n\n\n\n<li>Subsede Assis (Assis)\n<ul class=\"wp-block-list\">\n<li>1 vaga imediata<\/li>\n\n\n\n<li>9 vagas de cadastro reserva<\/li>\n<\/ul>\n<\/li>\n\n\n\n<li>Subsede Baixada Santista (Santos)\n<ul class=\"wp-block-list\">\n<li>1 vaga imediata<\/li>\n\n\n\n<li>9 vagas de cadastro reserva<\/li>\n<\/ul>\n<\/li>\n\n\n\n<li>Subsede Bauru (Bauru)\n<ul class=\"wp-block-list\">\n<li>1 vaga imediata<\/li>\n\n\n\n<li>9 vagas de cadastro reserva<\/li>\n<\/ul>\n<\/li>\n\n\n\n<li>Subsede Campinas (Campinas)\n<ul class=\"wp-block-list\">\n<li>10 vagas de cadastro reserva<\/li>\n<\/ul>\n<\/li>\n\n\n\n<li>Subsede Grande ABC (Santo Andr\u00e9)\n<ul class=\"wp-block-list\">\n<li>10 vagas de cadastro reserva<\/li>\n<\/ul>\n<\/li>\n\n\n\n<li>Subsede Metropolitana (S\u00e3o Paulo)\n<ul class=\"wp-block-list\">\n<li>10 vagas de cadastro reserva<\/li>\n<\/ul>\n<\/li>\n\n\n\n<li>Subsede Ribeir\u00e3o Preto (Ribeir\u00e3o Preto)\n<ul class=\"wp-block-list\">\n<li>10 vagas de cadastro reserva<\/li>\n<\/ul>\n<\/li>\n\n\n\n<li>Subsede S\u00e3o Jos\u00e9 do Rio Preto (S\u00e3o Jos\u00e9 do Rio Preto)\n<ul class=\"wp-block-list\">\n<li>10 vagas de cadastro reserva<\/li>\n<\/ul>\n<\/li>\n\n\n\n<li>Subsede Sorocaba (Sorocaba)\n<ul class=\"wp-block-list\">\n<li>10 vagas de cadastro reserva<\/li>\n<\/ul>\n<\/li>\n\n\n\n<li>Subsede Vale do Para\u00edba e Litoral Norte (Taubat\u00e9)\n<ul class=\"wp-block-list\">\n<li>10 vagas de cadastro reserva<\/li>\n<\/ul>\n<\/li>\n<\/ul>\n\n\n\n<p>Al\u00e9m do sal\u00e1rio base, os candidatos aprovados no concurso CRP SP ter\u00e3o acesso a v\u00e1rios benef\u00edcios:<\/p>\n\n\n\n<ul class=\"wp-block-list\">\n<li>Vale Refei\u00e7\u00e3o: R$ 1.662,54\/m\u00eas (R$ 75,57 por dia \u00fatil)<\/li>\n\n\n\n<li>Vale Alimenta\u00e7\u00e3o: R$ 1.007,23\/m\u00eas<\/li>\n\n\n\n<li>Plano de Sa\u00fade M\u00e9dico e Odontol\u00f3gico<\/li>\n\n\n\n<li>Plano de Cargos e Sal\u00e1rios<\/li>\n\n\n\n<li>Vale Transporte, conforme legisla\u00e7\u00e3o vigente<\/li>\n<\/ul>\n\n\n\n<h2 class=\"wp-block-heading\">Requisitos para participar do concurso CRP SP <\/h2>\n\n\n\n<p>Para participar do concurso CRP SP, os candidatos devem atender aos requisitos abaixo: <\/p>\n\n\n\n<ul class=\"wp-block-list\">\n<li>Ser aprovado em todas as fases do concurso p\u00fablico;<\/li>\n\n\n\n<li>Ter a nacionalidade brasileira ou portuguesa e, no caso de nacionalidade portuguesa, estar amparado pelo Estatuto de Igualdade entre Brasileiros e Portugueses, com reconhecimento do gozo dos direitos pol\u00edticos, nos termos do \u00a7 1\u00ba do art. 12 da Constitui\u00e7\u00e3o Federal;<\/li>\n\n\n\n<li>Estar em gozo dos direitos pol\u00edticos;<\/li>\n\n\n\n<li>Estar quite com as obriga\u00e7\u00f5es militares, em caso de candidato do sexo masculino;<\/li>\n\n\n\n<li>Estar quite com as obriga\u00e7\u00f5es eleitorais;<\/li>\n\n\n\n<li>Possuir os requisitos exigidos para o exerc\u00edcio do cargo, conforme o Anexo II deste edital;<\/li>\n\n\n\n<li>Ter idade m\u00ednima de 18 anos completos na data da contrata\u00e7\u00e3o;<\/li>\n\n\n\n<li>Apresentar atestado de pr\u00e9via aprova\u00e7\u00e3o de aptid\u00e3o f\u00edsica e mental para o exerc\u00edcio das atribui\u00e7\u00f5es do cargo;<\/li>\n\n\n\n<li>Apresentar declara\u00e7\u00e3o de que n\u00e3o acumula cargo ou fun\u00e7\u00e3o p\u00fablica, ou proventos de inatividade, ressalvadas as possibilidades de acumula\u00e7\u00e3o l\u00edcita previstas no Inciso XVI do art. 37 da Constitui\u00e7\u00e3o Federal;<\/li>\n\n\n\n<li>N\u00e3o estar cumprindo san\u00e7\u00e3o por inidoneidade, aplicada por qualquer \u00f3rg\u00e3o p\u00fablico ou entidade das esferas federal, estadual, municipal ou do Distrito Federal;<\/li>\n\n\n\n<li>Cumprir as determina\u00e7\u00f5es deste edital.<\/li>\n<\/ul>\n\n\n\n<h2 class=\"wp-block-heading\">Etapas de sele\u00e7\u00e3o<\/h2>\n\n\n\n<p>O concurso CRP SP ser\u00e1 composto por tr\u00eas etapas: <\/p>\n\n\n\n<ul class=\"wp-block-list\">\n<li>Prova objetiva: car\u00e1ter eliminat\u00f3rio e classificat\u00f3rio (para todos os cargos);<\/li>\n\n\n\n<li>Prova discursiva: car\u00e1ter eliminat\u00f3rio e classificat\u00f3rio (para os cargos de n\u00edvel superior Analista em Gest\u00e3o e Especialista em Gest\u00e3o);<\/li>\n\n\n\n<li>Avalia\u00e7\u00e3o de t\u00edtulos: de car\u00e1ter classificat\u00f3rio (para os cargos de n\u00edvel t\u00e9cnico e de n\u00edvel superior).<\/li>\n<\/ul>\n\n\n\n<h3 class=\"wp-block-heading\">Prova objetiva<\/h3>\n\n\n\n<p>As provas objetivas do concurso CRP SP est\u00e3o marcadas para o dia 14 de setembro de 2025 e ser\u00e3o aplicadas em 11 cidades do estado de S\u00e3o Paulo: Assis, Bauru, Campinas, Mogi das Cruzes, Ribeir\u00e3o Preto, Santo Andr\u00e9, Santos, S\u00e3o Jos\u00e9 do Rio Preto, S\u00e3o Paulo (capital), Sorocaba e Taubat\u00e9.<\/p>\n\n\n\n<p>Essa etapa ser\u00e1 obrigat\u00f3ria para todos os cargos e contar\u00e1 com 120 quest\u00f5es, seguindo o modelo de Certo ou Errado. As disciplinas da prova ser\u00e3o divididas da seguinte forma:<\/p>\n\n\n\n<ul class=\"wp-block-list\">\n<li>Conhecimentos B\u00e1sicos: 40 itens<\/li>\n\n\n\n<li>Conhecimentos Complementares: 30 itens<\/li>\n\n\n\n<li>Conhecimentos Espec\u00edficos: 50 itens<\/li>\n<\/ul>\n\n\n\n<p>Para ser aprovado, o candidato precisa atingir a pontua\u00e7\u00e3o m\u00ednima em cada parte da prova. Veja os crit\u00e9rios de elimina\u00e7\u00e3o:<\/p>\n\n\n\n<ul class=\"wp-block-list\">\n<li>Conhecimentos B\u00e1sicos: pelo menos 10 pontos<\/li>\n\n\n\n<li>Conhecimentos Complementares: pelo menos 8 pontos<\/li>\n\n\n\n<li>Conhecimentos Espec\u00edficos: pelo menos 12 pontos<\/li>\n\n\n\n<li>Nota total m\u00ednima: 34 pontos<\/li>\n<\/ul>\n\n\n\n<h3 class=\"wp-block-heading\">Prova discursiva <\/h3>\n\n\n\n<p>A prova discursiva ser\u00e1 aplicada exclusivamente para os cargos de Analista em Gest\u00e3o e Especialista em Gest\u00e3o.<\/p>\n\n\n\n<p>Nessa etapa, o candidato dever\u00e1 produzir um texto dissertativo entre 20 e 30 linhas, com tema relacionado \u00e0 \u00e1rea de atua\u00e7\u00e3o do cargo escolhido.<\/p>\n\n\n\n<p>A avalia\u00e7\u00e3o levar\u00e1 em conta os seguintes crit\u00e9rios:<\/p>\n\n\n\n<ul class=\"wp-block-list\">\n<li>Dom\u00ednio do conte\u00fado abordado<\/li>\n\n\n\n<li>Qualidade da argumenta\u00e7\u00e3o e profundidade da an\u00e1lise<\/li>\n\n\n\n<li>Coer\u00eancia e coes\u00e3o na constru\u00e7\u00e3o do texto<\/li>\n\n\n\n<li>Corre\u00e7\u00e3o gramatical e uso adequado da norma culta da L\u00edngua Portuguesa<\/li>\n<\/ul>\n\n\n\n<p>A nota m\u00e1xima ser\u00e1 de 10 pontos, sendo considerado aprovado o candidato que obtiver nota igual ou superior a 5 pontos.<\/p>\n\n\n\n<h3 class=\"wp-block-heading\">Avalia\u00e7\u00e3o de t\u00edtulos<\/h3>\n\n\n\n<p>A avalia\u00e7\u00e3o de t\u00edtulos ser\u00e1 destinada apenas aos cargos de n\u00edvel t\u00e9cnico e superior. Veja abaixo quais documentos ser\u00e3o considerados no concurso CRP SP:<\/p>\n\n\n\n<figure class=\"wp-block-image size-large\"><img loading=\"lazy\" decoding=\"async\" width=\"1024\" height=\"360\" src=\"https:\/\/www.apostilasopcao.com.br\/blog\/wp-content\/uploads\/2025\/07\/avaliacao-de-titulos-do-concurso-CRP-SP-1024x360.png\" alt=\"\" class=\"wp-image-2846\" srcset=\"https:\/\/www.apostilasopcao.com.br\/blog\/wp-content\/uploads\/2025\/07\/avaliacao-de-titulos-do-concurso-CRP-SP-1024x360.png 1024w, https:\/\/www.apostilasopcao.com.br\/blog\/wp-content\/uploads\/2025\/07\/avaliacao-de-titulos-do-concurso-CRP-SP-300x105.png 300w, https:\/\/www.apostilasopcao.com.br\/blog\/wp-content\/uploads\/2025\/07\/avaliacao-de-titulos-do-concurso-CRP-SP-768x270.png 768w, https:\/\/www.apostilasopcao.com.br\/blog\/wp-content\/uploads\/2025\/07\/avaliacao-de-titulos-do-concurso-CRP-SP.png 1352w\" sizes=\"auto, (max-width: 1024px) 100vw, 1024px\" \/><\/figure>\n\n\n\n<figure class=\"wp-block-image size-large\"><img loading=\"lazy\" decoding=\"async\" width=\"1024\" height=\"354\" src=\"https:\/\/www.apostilasopcao.com.br\/blog\/wp-content\/uploads\/2025\/07\/AVALIACAO-DE-TITULOS-DO-CONCURSO-CRP-SP-3-1024x354.png\" alt=\"\" class=\"wp-image-2850\" srcset=\"https:\/\/www.apostilasopcao.com.br\/blog\/wp-content\/uploads\/2025\/07\/AVALIACAO-DE-TITULOS-DO-CONCURSO-CRP-SP-3-1024x354.png 1024w, https:\/\/www.apostilasopcao.com.br\/blog\/wp-content\/uploads\/2025\/07\/AVALIACAO-DE-TITULOS-DO-CONCURSO-CRP-SP-3-300x104.png 300w, https:\/\/www.apostilasopcao.com.br\/blog\/wp-content\/uploads\/2025\/07\/AVALIACAO-DE-TITULOS-DO-CONCURSO-CRP-SP-3-768x266.png 768w, https:\/\/www.apostilasopcao.com.br\/blog\/wp-content\/uploads\/2025\/07\/AVALIACAO-DE-TITULOS-DO-CONCURSO-CRP-SP-3.png 1321w\" sizes=\"auto, (max-width: 1024px) 100vw, 1024px\" \/><\/figure>\n\n\n\n<h2 class=\"wp-block-heading\">Dica op\u00e7\u00e3o <\/h2>\n\n\n\n<p>Garanta agora a sua prepara\u00e7\u00e3o com a Apostila Op\u00e7\u00e3o!<\/p>\n\n\n\n<p>Com conte\u00fado atualizado conforme o edital do CRP SP, teoria clara, exerc\u00edcios pr\u00e1ticos e dicas exclusivas, voc\u00ea estuda com efici\u00eancia e foco no que realmente cai na prova.<br>N\u00e3o deixe a concorr\u00eancia sair na frente \u2014 comece a estudar hoje mesmo com a Apostila Op\u00e7\u00e3o e aumente suas chances de aprova\u00e7\u00e3o!<\/p>\n\n\n\n<ul class=\"wp-block-list\">\n<li>Confira:<a href=\"https:\/\/www.apostilasopcao.com.br\/concurso\/crp-sp-conselho-regional-de-psicologia-de-sao-paulo\" data-type=\"link\" data-id=\"https:\/\/www.apostilasopcao.com.br\/concurso\/crp-sp-conselho-regional-de-psicologia-de-sao-paulo\"> Apostila preparat\u00f3ria do concurso CRP SP. <\/a><\/li>\n<\/ul>\n\n\n\n<p><\/p>\n","protected":false},"excerpt":{"rendered":"<p>O edital do concurso CRP SP foi publicado com 520 vagas para n\u00edveis m\u00e9dio, t\u00e9cnico e superior. Sal\u00e1rios de at\u00e9 R$9 mil!. Confira! <\/p>\n","protected":false},"author":11,"featured_media":2845,"comment_status":"closed","ping_status":"closed","sticky":false,"template":"","format":"standard","meta":{"_acf_changed":false,"breadcrumbs_single_post":"","page_title_panel":"","breadcrumbs_single_page":"","single_page_alignment":"","single_page_margin":"","page_structure_type":"","content_style_source":"","content_style":"","blog_post_streched_ed":"","blog_page_streched_ed":"","has_transparent_header":"","disable_transparent_header":"","vertical_spacing_source":"","content_area_spacing":"","single_post_content_background":"","single_page_content_background":"","single_post_boxed_content_spacing":"","single_page_boxed_content_spacing":"","single_post_content_boxed_radius":"","single_page_content_boxed_radius":"","disable_featured_image":"","disable_post_tags":"","disable_author_box":"","disable_posts_navigation":"","disable_comments":"","disable_related_posts":"","disable_header":"","disable_footer":"","footnotes":""},"categories":[4,6],"tags":[307],"class_list":["post-2843","post","type-post","status-publish","format-standard","has-post-thumbnail","hentry","category-noticias","category-sp","tag-concurso-crp-sp","rishi-post"],"acf":{"data_prova":"20250914","status":"aberto"},"_links":{"self":[{"href":"https:\/\/www.apostilasopcao.com.br\/blog\/wp-json\/wp\/v2\/posts\/2843","targetHints":{"allow":["GET"]}}],"collection":[{"href":"https:\/\/www.apostilasopcao.com.br\/blog\/wp-json\/wp\/v2\/posts"}],"about":[{"href":"https:\/\/www.apostilasopcao.com.br\/blog\/wp-json\/wp\/v2\/types\/post"}],"author":[{"embeddable":true,"href":"https:\/\/www.apostilasopcao.com.br\/blog\/wp-json\/wp\/v2\/users\/11"}],"replies":[{"embeddable":true,"href":"https:\/\/www.apostilasopcao.com.br\/blog\/wp-json\/wp\/v2\/comments?post=2843"}],"version-history":[{"count":8,"href":"https:\/\/www.apostilasopcao.com.br\/blog\/wp-json\/wp\/v2\/posts\/2843\/revisions"}],"predecessor-version":[{"id":3486,"href":"https:\/\/www.apostilasopcao.com.br\/blog\/wp-json\/wp\/v2\/posts\/2843\/revisions\/3486"}],"wp:featuredmedia":[{"embeddable":true,"href":"https:\/\/www.apostilasopcao.com.br\/blog\/wp-json\/wp\/v2\/media\/2845"}],"wp:attachment":[{"href":"https:\/\/www.apostilasopcao.com.br\/blog\/wp-json\/wp\/v2\/media?parent=2843"}],"wp:term":[{"taxonomy":"category","embeddable":true,"href":"https:\/\/www.apostilasopcao.com.br\/blog\/wp-json\/wp\/v2\/categories?post=2843"},{"taxonomy":"post_tag","embeddable":true,"href":"https:\/\/www.apostilasopcao.com.br\/blog\/wp-json\/wp\/v2\/tags?post=2843"}],"curies":[{"name":"wp","href":"https:\/\/api.w.org\/{rel}","templated":true}]}}