{"id":2889,"date":"2025-07-24T08:12:26","date_gmt":"2025-07-24T11:12:26","guid":{"rendered":"https:\/\/www.apostilasopcao.com.br\/blog\/?p=2889"},"modified":"2025-07-24T13:42:34","modified_gmt":"2025-07-24T16:42:34","slug":"prefeitura-de-alpinopolis-mg","status":"publish","type":"post","link":"https:\/\/www.apostilasopcao.com.br\/blog\/prefeitura-de-alpinopolis-mg\/","title":{"rendered":"Concurso Prefeitura de Alpin\u00f3polis-MG: Edital publicado para todos os n\u00edveis!"},"content":{"rendered":"\n<p>O edital do concurso<a href=\"https:\/\/www.apostilasopcao.com.br\/\" data-type=\"link\" data-id=\"https:\/\/www.apostilasopcao.com.br\/\"> Prefeitura de Alpin\u00f3polis-MG<\/a>, no estado de Minas Gerais, foi publicado! Est\u00e3o dispon\u00edveis 129 vagas imediatas para cargos de n\u00edveis fundamental, m\u00e9dio\/t\u00e9cnico e superior, al\u00e9m de forma\u00e7\u00e3o de cadastro reserva. Os sal\u00e1rios iniciais variam de <strong>R$\u202f1.601,49 a R$\u202f5.350,36<\/strong>. Confira!<\/p>\n\n\n\n<h2 class=\"wp-block-heading\">Resumo do edital<\/h2>\n\n\n\n<ul class=\"wp-block-list\">\n<li>Vagas: 129 + CR<\/li>\n\n\n\n<li>Inscri\u00e7\u00f5es: 22\/09\/2025 a 21\/10\/2025<\/li>\n\n\n\n<li>Taxa de Inscri\u00e7\u00e3o:&nbsp;R$ 60,00 a R$ 100,00.<\/li>\n\n\n\n<li>Prova: 23\/11\/2025<\/li>\n\n\n\n<li>Banca: Instituto IBDO<\/li>\n\n\n\n<li><a href=\"https:\/\/www.apostilasopcao.com.br\/blog\/wp-content\/uploads\/2025\/07\/e11f690c-b512-4875-9f33-a7b0a5e588a8-ALPINOPOLIS.pdf\" data-type=\"link\" data-id=\"https:\/\/www.apostilasopcao.com.br\/blog\/wp-content\/uploads\/2025\/07\/e11f690c-b512-4875-9f33-a7b0a5e588a8-ALPINOPOLIS.pdf\">Baixe o edital<\/a><\/li>\n<\/ul>\n\n\n\n<h2 class=\"wp-block-heading\"> Inscri\u00e7\u00f5es<\/h2>\n\n\n\n<p>Os interessados no concurso Prefeitura de Alpin\u00f3polis-MG dever\u00e3o se inscrever entre os dias 22 de setembro e 21 de outubro de 2025, exclusivamente&nbsp;pelo <a href=\"https:\/\/concursos.ibdoprojetos.org.br\/\" target=\"_blank\" data-type=\"link\" data-id=\"https:\/\/concursos.ibdoprojetos.org.br\/\" rel=\"noreferrer noopener\">site do Instituto IBDO<\/a>, banca organizadora do concurso.<\/p>\n\n\n\n<p>A taxa de inscri\u00e7\u00e3o varia de acordo com o n\u00edvel de escolaridade:<\/p>\n\n\n\n<ul class=\"wp-block-list\">\n<li>N\u00edvel fundamental incompleto R$ 60,00.<\/li>\n\n\n\n<li>N\u00edvel fundamental completo: 70,00.<\/li>\n\n\n\n<li>N\u00edvel m\u00e9dio e t\u00e9cnico: R$ 80,00.<\/li>\n\n\n\n<li>N\u00edvel superior: R$ 100,00.<\/li>\n<\/ul>\n\n\n\n<p>A taxa de inscri\u00e7\u00e3o deve ser paga at\u00e9 o dia 22 de outubro de 2025.<\/p>\n\n\n\n<p>Candidatos inscritos no Cad\u00danico e candidatos que possuem hipossufici\u00eancia de recursos financeiros poder\u00e3o solicitar a  isen\u00e7\u00e3o de taxa de inscri\u00e7\u00e3o. A solicita\u00e7\u00e3o dever\u00e1 ser feita entre os dias 22 de setembro e 24 de setembro de 2025.<\/p>\n\n\n\n<h2 class=\"wp-block-heading\">Cargos, vagas e sal\u00e1rios<\/h2>\n\n\n\n<p>O concurso Prefeitura de Alpin\u00f3polis-MG est\u00e1 oferecendo 129 vagas imediatas, al\u00e9m de oportunidades para cadastro reserva. Confira:<\/p>\n\n\n\n<h3 class=\"wp-block-heading\">N\u00edvel Fundamental Incompleto <\/h3>\n\n\n\n<ul class=\"wp-block-list\">\n<li>Auxiliar de Servi\u00e7os Gerais\n<ul class=\"wp-block-list\">\n<li>2 vagas<\/li>\n\n\n\n<li>Sal\u00e1rio: R$ 1.601,49<\/li>\n<\/ul>\n<\/li>\n\n\n\n<li>Coveiro\n<ul class=\"wp-block-list\">\n<li>2 vagas<\/li>\n\n\n\n<li>Sal\u00e1rio: R$ 2.787,09<\/li>\n<\/ul>\n<\/li>\n\n\n\n<li>Gari\n<ul class=\"wp-block-list\">\n<li>2 vagas<\/li>\n\n\n\n<li>Sal\u00e1rio: R$ 1.601,49<\/li>\n<\/ul>\n<\/li>\n\n\n\n<li>Motorista (CNH D)\n<ul class=\"wp-block-list\">\n<li>13 vagas<\/li>\n\n\n\n<li>Sal\u00e1rio: R$ 2.111,81<\/li>\n<\/ul>\n<\/li>\n\n\n\n<li>Oper\u00e1rio\n<ul class=\"wp-block-list\">\n<li>2 vagas<\/li>\n\n\n\n<li>Sal\u00e1rio: R$ 1.601,49<\/li>\n<\/ul>\n<\/li>\n\n\n\n<li>Operador de M\u00e1quinas Pesadas (CNH D)\n<ul class=\"wp-block-list\">\n<li> 2 vagas<\/li>\n\n\n\n<li>Sal\u00e1rio: R$ 2.821,27<\/li>\n<\/ul>\n<\/li>\n\n\n\n<li>Pedreiro\n<ul class=\"wp-block-list\">\n<li>1 vaga<\/li>\n\n\n\n<li>Sal\u00e1rio: R$ 2.235,06<\/li>\n<\/ul>\n<\/li>\n\n\n\n<li>Vigia\n<ul class=\"wp-block-list\">\n<li>2 vagas<\/li>\n\n\n\n<li>Sal\u00e1rio: R$ 1.601,49<\/li>\n<\/ul>\n<\/li>\n<\/ul>\n\n\n\n<h3 class=\"wp-block-heading\">N\u00edvel Fundamental Completo<\/h3>\n\n\n\n<ul class=\"wp-block-list\">\n<li>Auxiliar de Fiscaliza\u00e7\u00e3o\n<ul class=\"wp-block-list\">\n<li>Cadastro reserva<\/li>\n\n\n\n<li>Sal\u00e1rio: R$ 1.601,49<\/li>\n<\/ul>\n<\/li>\n\n\n\n<li>Fiscal de Obras\n<ul class=\"wp-block-list\">\n<li>Cadastro reserva<\/li>\n\n\n\n<li>Sal\u00e1rio: R$ 1.795,34<\/li>\n<\/ul>\n<\/li>\n<\/ul>\n\n\n\n<h3 class=\"wp-block-heading\">N\u00edvel M\u00e9dio \/ T\u00e9cnico<\/h3>\n\n\n\n<ul class=\"wp-block-list\">\n<li>Agente Administrativo\n<ul class=\"wp-block-list\">\n<li>3 vagas<\/li>\n\n\n\n<li>Sal\u00e1rio: R$ 2.673,75<\/li>\n<\/ul>\n<\/li>\n\n\n\n<li>Eletricista (com curso t\u00e9cnico em Eletrot\u00e9cnica)\n<ul class=\"wp-block-list\">\n<li>Cadastro reserva<\/li>\n\n\n\n<li> Sal\u00e1rio: R$ 2.185,15<\/li>\n<\/ul>\n<\/li>\n\n\n\n<li>Encarregado do Arquivo\n<ul class=\"wp-block-list\">\n<li>1 vaga<\/li>\n\n\n\n<li>Sal\u00e1rio: R$ 1.795,34<\/li>\n<\/ul>\n<\/li>\n\n\n\n<li>Fiscal de Postura\n<ul class=\"wp-block-list\">\n<li>1 vaga<\/li>\n\n\n\n<li>Sal\u00e1rio: R$ 1.795,34<\/li>\n<\/ul>\n<\/li>\n\n\n\n<li>Fiscal de Tributos\n<ul class=\"wp-block-list\">\n<li>Cadastro reserva<\/li>\n\n\n\n<li>Sal\u00e1rio: R$ 1.795,34<\/li>\n<\/ul>\n<\/li>\n\n\n\n<li>Monitor\n<ul class=\"wp-block-list\">\n<li>9 vagas<\/li>\n\n\n\n<li>Sal\u00e1rio: R$ 1.601,49<\/li>\n<\/ul>\n<\/li>\n\n\n\n<li>Monitor (Primeira Inf\u00e2ncia)\n<ul class=\"wp-block-list\">\n<li>13 vagas<\/li>\n\n\n\n<li>Sal\u00e1rio: R$ 2.447,50<\/li>\n<\/ul>\n<\/li>\n\n\n\n<li>Recepcionista\n<ul class=\"wp-block-list\">\n<li>2 vagas<\/li>\n\n\n\n<li>Sal\u00e1rio: R$ 1.601,49<\/li>\n<\/ul>\n<\/li>\n\n\n\n<li>T\u00e9cnico de Enfermagem\n<ul class=\"wp-block-list\">\n<li>Cadastro reserva<\/li>\n\n\n\n<li>Sal\u00e1rio: R$ 2.051,83<\/li>\n<\/ul>\n<\/li>\n<\/ul>\n\n\n\n<h3 class=\"wp-block-heading\">N\u00edvel Superior<\/h3>\n\n\n\n<ul class=\"wp-block-list\">\n<li>Analista de Sistemas\n<ul class=\"wp-block-list\">\n<li>1 vaga<\/li>\n\n\n\n<li>Sal\u00e1rio: R$ 3.928,06<\/li>\n<\/ul>\n<\/li>\n\n\n\n<li>Arquiteto\n<ul class=\"wp-block-list\">\n<li>2 vagas<\/li>\n\n\n\n<li>Sal\u00e1rio: R$ 4.616,68<\/li>\n<\/ul>\n<\/li>\n\n\n\n<li>Assistente Social\n<ul class=\"wp-block-list\">\n<li>Cadastro reserva<\/li>\n\n\n\n<li>Sal\u00e1rio: R$ 3.077,72<\/li>\n<\/ul>\n<\/li>\n\n\n\n<li>Assistente Social da Educa\u00e7\u00e3o Infantil e Ensino Fundamental I\n<ul class=\"wp-block-list\">\n<li>1 vaga<\/li>\n\n\n\n<li>Sal\u00e1rio: R$ 3.667,47<\/li>\n<\/ul>\n<\/li>\n\n\n\n<li>Contador\n<ul class=\"wp-block-list\">\n<li>1 vaga<\/li>\n\n\n\n<li>Sal\u00e1rio: R$ 5.642,62<\/li>\n<\/ul>\n<\/li>\n\n\n\n<li>Enfermeiro\n<ul class=\"wp-block-list\">\n<li>Cadastro reserva<\/li>\n\n\n\n<li>Sal\u00e1rio: R$ 3.077,72<\/li>\n<\/ul>\n<\/li>\n\n\n\n<li>Engenheiro Ambiental\n<ul class=\"wp-block-list\">\n<li>1 vaga<\/li>\n\n\n\n<li>Sal\u00e1rio: R$ 4.966,34<\/li>\n<\/ul>\n<\/li>\n\n\n\n<li>Engenheiro Civil\n<ul class=\"wp-block-list\">\n<li>2 vagas<\/li>\n\n\n\n<li>Sal\u00e1rio: R$ 4.966,34<\/li>\n<\/ul>\n<\/li>\n\n\n\n<li>Farmac\u00eautico\n<ul class=\"wp-block-list\">\n<li>1 vaga<\/li>\n\n\n\n<li> Sal\u00e1rio: R$ 3.077,72<\/li>\n<\/ul>\n<\/li>\n\n\n\n<li>Fisioterapeuta\n<ul class=\"wp-block-list\">\n<li>2 vagas<\/li>\n\n\n\n<li>Sal\u00e1rio: R$ 3.077,72<\/li>\n<\/ul>\n<\/li>\n\n\n\n<li>Fonoaudi\u00f3logo\n<ul class=\"wp-block-list\">\n<li>1 vaga<\/li>\n\n\n\n<li>Sal\u00e1rio: R$ 3.077,72<\/li>\n<\/ul>\n<\/li>\n\n\n\n<li>M\u00e9dico Veterin\u00e1rio\n<ul class=\"wp-block-list\">\n<li>Cadastro reserva<\/li>\n\n\n\n<li>Sal\u00e1rio: R$ 5.350,36<\/li>\n<\/ul>\n<\/li>\n\n\n\n<li>M\u00e9dico\n<ul class=\"wp-block-list\">\n<li>1 vaga<\/li>\n\n\n\n<li>Sal\u00e1rio: R$ 5.350,36<\/li>\n<\/ul>\n<\/li>\n\n\n\n<li>Monitor de Esporte\n<ul class=\"wp-block-list\">\n<li>Cadastro reserva<\/li>\n\n\n\n<li>Sal\u00e1rio: R$ 2.308,31<\/li>\n<\/ul>\n<\/li>\n\n\n\n<li>Nutricionista\n<ul class=\"wp-block-list\">\n<li>1 vaga<\/li>\n\n\n\n<li>Sal\u00e1rio: R$ 3.077,72<\/li>\n<\/ul>\n<\/li>\n\n\n\n<li>Professor de Apoio\n<ul class=\"wp-block-list\">\n<li>11 vagas<\/li>\n\n\n\n<li>Sal\u00e1rio: R$ 3.042,26<\/li>\n<\/ul>\n<\/li>\n\n\n\n<li>Professor de Recurso\n<ul class=\"wp-block-list\">\n<li>1 vaga<\/li>\n\n\n\n<li>Sal\u00e1rio: R$ 3.042,26<\/li>\n<\/ul>\n<\/li>\n<\/ul>\n\n\n\n<h2 class=\"wp-block-heading\">Requisitos para participar do concurso Prefeitura de Alpin\u00f3polis NG <\/h2>\n\n\n\n<p>Para participar do concurso Prefeitura de Alpin\u00f3polis-MG, os candidatos devem atender aos requisitos abaixo:<\/p>\n\n\n\n<ul class=\"wp-block-list\">\n<li>Possuir nacionalidade brasileira; no caso de nacionalidade portuguesa, estar amparado pelo Estatuto de Igualdade entre brasileiros e portugueses, com reconhecimento do gozo dos direitos pol\u00edticos, conforme o disposto no art. 13 do Decreto Federal n\u00ba 70.436, de 18\/04\/1972 e art. 12, \u00a71\u00ba c\/c art. 37, inciso I da Constitui\u00e7\u00e3o da Rep\u00fablica.<\/li>\n\n\n\n<li>Ter completado 18 (dezoito) anos de idade.<\/li>\n\n\n\n<li>Estar plenamente no gozo de seus direitos pol\u00edticos.<\/li>\n\n\n\n<li>Estar em dia com as obriga\u00e7\u00f5es eleitorais.<\/li>\n\n\n\n<li>Estar em dia com suas obriga\u00e7\u00f5es militares.<\/li>\n\n\n\n<li>Gozar de boa sa\u00fade f\u00edsica e mental, e n\u00e3o ser portador de defici\u00eancia incompat\u00edvel com o exerc\u00edcio das fun\u00e7\u00f5es que lhe ser\u00e3o atribu\u00eddas.<\/li>\n\n\n\n<li>Possuir habilita\u00e7\u00e3o profissional e t\u00e9cnica para o exerc\u00edcio da fun\u00e7\u00e3o, quando for o caso.<\/li>\n\n\n\n<li>Ter n\u00edvel de escolaridade conforme exigido no quadro de vagas previsto no item 1.2 do edital.<\/li>\n\n\n\n<li>Ter capacita\u00e7\u00e3o t\u00e9cnica para o exerc\u00edcio do cargo.<\/li>\n<\/ul>\n\n\n\n<h2 class=\"wp-block-heading\">Etapas de sele\u00e7\u00e3o <\/h2>\n\n\n\n<p>O concurso Prefeitura de Alpin\u00f3polis-MG ser\u00e1 composto por tr\u00eas etapas:<\/p>\n\n\n\n<ul class=\"wp-block-list\">\n<li>Prova objetiva: car\u00e1ter eliminat\u00f3rio e classificat\u00f3rio (para todos os cargos);<\/li>\n\n\n\n<li>Prova de t\u00edtulos: car\u00e1ter classificat\u00f3rio (para todos os cargos de n\u00edvel superior);<\/li>\n\n\n\n<li>Prova pr\u00e1tica:&nbsp;car\u00e1ter eliminat\u00f3rio (para o cargo de operador de M\u00e1quinas Pesadas).<\/li>\n<\/ul>\n\n\n\n<h3 class=\"wp-block-heading\">Prova objetiva<\/h3>\n\n\n\n<p>A prova objetiva do concurso Prefeitura de Alpin\u00f3polis-MG ser\u00e1 aplicada no dia 23 de novembro de 2025. Confira as disciplinas que ser\u00e3o cobradas em cada n\u00edvel de escolaridade:<\/p>\n\n\n\n<figure class=\"wp-block-image size-full\"><img loading=\"lazy\" decoding=\"async\" width=\"874\" height=\"531\" src=\"https:\/\/www.apostilasopcao.com.br\/blog\/wp-content\/uploads\/2025\/07\/Prova-objetiva-do-concurso-Prefeitura-de-Alpinopolis1.png\" alt=\"tabela da prova objetiva do concurso Prefeitura de Alpin\u00f3polis.\n\" class=\"wp-image-2902\" srcset=\"https:\/\/www.apostilasopcao.com.br\/blog\/wp-content\/uploads\/2025\/07\/Prova-objetiva-do-concurso-Prefeitura-de-Alpinopolis1.png 874w, https:\/\/www.apostilasopcao.com.br\/blog\/wp-content\/uploads\/2025\/07\/Prova-objetiva-do-concurso-Prefeitura-de-Alpinopolis1-300x182.png 300w, https:\/\/www.apostilasopcao.com.br\/blog\/wp-content\/uploads\/2025\/07\/Prova-objetiva-do-concurso-Prefeitura-de-Alpinopolis1-768x467.png 768w\" sizes=\"auto, (max-width: 874px) 100vw, 874px\" \/><\/figure>\n\n\n\n<figure class=\"wp-block-image size-full\"><img loading=\"lazy\" decoding=\"async\" width=\"866\" height=\"541\" src=\"https:\/\/www.apostilasopcao.com.br\/blog\/wp-content\/uploads\/2025\/07\/Prova-objetiva-do-concurso-Prefeitura-de-Alpinopolis2.png\" alt=\"Tabela da prova objetiva do concurso Prefeitura de Alpin\u00f3polis.\n\" class=\"wp-image-2903\" srcset=\"https:\/\/www.apostilasopcao.com.br\/blog\/wp-content\/uploads\/2025\/07\/Prova-objetiva-do-concurso-Prefeitura-de-Alpinopolis2.png 866w, https:\/\/www.apostilasopcao.com.br\/blog\/wp-content\/uploads\/2025\/07\/Prova-objetiva-do-concurso-Prefeitura-de-Alpinopolis2-300x187.png 300w, https:\/\/www.apostilasopcao.com.br\/blog\/wp-content\/uploads\/2025\/07\/Prova-objetiva-do-concurso-Prefeitura-de-Alpinopolis2-768x480.png 768w\" sizes=\"auto, (max-width: 866px) 100vw, 866px\" \/><\/figure>\n\n\n\n<figure class=\"wp-block-image size-full\"><img loading=\"lazy\" decoding=\"async\" width=\"849\" height=\"96\" src=\"https:\/\/www.apostilasopcao.com.br\/blog\/wp-content\/uploads\/2025\/07\/Prova-objetiva-do-concurso-Prefeitura-de-Alpinopolis3.png\" alt=\"tabela da prova objetiva do concurso Prefeitura de Alpin\u00f3polis.\n\" class=\"wp-image-2904\" srcset=\"https:\/\/www.apostilasopcao.com.br\/blog\/wp-content\/uploads\/2025\/07\/Prova-objetiva-do-concurso-Prefeitura-de-Alpinopolis3.png 849w, https:\/\/www.apostilasopcao.com.br\/blog\/wp-content\/uploads\/2025\/07\/Prova-objetiva-do-concurso-Prefeitura-de-Alpinopolis3-300x34.png 300w, https:\/\/www.apostilasopcao.com.br\/blog\/wp-content\/uploads\/2025\/07\/Prova-objetiva-do-concurso-Prefeitura-de-Alpinopolis3-768x87.png 768w\" sizes=\"auto, (max-width: 849px) 100vw, 849px\" \/><\/figure>\n\n\n\n<h3 class=\"wp-block-heading\">Prova de t\u00edtulos <\/h3>\n\n\n\n<p>A prova de t\u00edtulos do concurso Prefeitura de Alpin\u00f3polis-MG ser\u00e1 somente para os cargos n\u00edvel superior. Ser\u00e3o considerados os seguintes t\u00edtulos, para efeitos do presente certame:<\/p>\n\n\n\n<figure class=\"wp-block-image size-full is-resized\"><img loading=\"lazy\" decoding=\"async\" width=\"695\" height=\"508\" src=\"https:\/\/www.apostilasopcao.com.br\/blog\/wp-content\/uploads\/2025\/07\/avaliacao-de-titulos-do-concurso-Prefeitura-de-Alpinopolis3.png\" alt=\"bela da avalia\u00e7\u00e3o de t\u00edtulos do concurso Prefeitura de Alpin\u00f3polis.\n\" class=\"wp-image-2905\" style=\"width:728px;height:auto\" srcset=\"https:\/\/www.apostilasopcao.com.br\/blog\/wp-content\/uploads\/2025\/07\/avaliacao-de-titulos-do-concurso-Prefeitura-de-Alpinopolis3.png 695w, https:\/\/www.apostilasopcao.com.br\/blog\/wp-content\/uploads\/2025\/07\/avaliacao-de-titulos-do-concurso-Prefeitura-de-Alpinopolis3-300x219.png 300w\" sizes=\"auto, (max-width: 695px) 100vw, 695px\" \/><\/figure>\n\n\n\n<p>Os t\u00edtulos poder\u00e3o ser acumulados at\u00e9 o limite m\u00e1ximo de 10 pontos, desde que sejam compat\u00edveis com o cargo escolhido pelo candidato.<\/p>\n\n\n\n<h3 class=\"wp-block-heading\">Prova pr\u00e1tica <\/h3>\n\n\n\n<p>A prova pr\u00e1tica do concurso Prefeitura de Alpin\u00f3polis-MG, ser\u00e1 aplicada exclusivamente aos candidatos ao cargo de Operador de M\u00e1quinas Pesadas que forem aprovados na prova objetiva. A aplica\u00e7\u00e3o est\u00e1 prevista para o dia 11 de janeiro de 2026.<\/p>\n\n\n\n<p>Essa etapa tem como objetivo avaliar, na pr\u00e1tica, a capacidade do candidato para desempenhar as atividades do cargo. A execu\u00e7\u00e3o ser\u00e1 realizada com m\u00e1quinas como p\u00e1 carregadeira, britador, retroescavadeira ou motoniveladora, a depender da disponibilidade no momento da aplica\u00e7\u00e3o. A avalia\u00e7\u00e3o ser\u00e1 feita por um profissional qualificado, com base em um laudo t\u00e9cnico.<\/p>\n\n\n\n<p>A nota m\u00e1xima da prova pr\u00e1tica \u00e9 100 pontos, sendo considerado <strong>apto<\/strong> o candidato que obtiver 70 pontos ou mais. Quem for avaliado como inapto ser\u00e1 automaticamente eliminado do concurso.<\/p>\n\n\n\n<h4 class=\"wp-block-heading\">Crit\u00e9rios de avalia\u00e7\u00e3o:<\/h4>\n\n\n\n<p>A pontua\u00e7\u00e3o ser\u00e1 distribu\u00edda da seguinte forma:<\/p>\n\n\n\n<ul class=\"wp-block-list\">\n<li>Verifica\u00e7\u00e3o da m\u00e1quina antes do funcionamento: 10 pontos<\/li>\n\n\n\n<li>Conhecimento sobre o funcionamento da m\u00e1quina: 10 pontos<\/li>\n\n\n\n<li>Desempenho na condu\u00e7\u00e3o da m\u00e1quina: 70 pontos<\/li>\n\n\n\n<li>Desempenho no estacionamento da m\u00e1quina: 10 pontos<\/li>\n<\/ul>\n\n\n\n<p>Durante a avalia\u00e7\u00e3o, ser\u00e3o observados aspectos como:<\/p>\n\n\n\n<ul class=\"wp-block-list\">\n<li>Capacidade de opera\u00e7\u00e3o da m\u00e1quina<\/li>\n\n\n\n<li>Aten\u00e7\u00e3o e percep\u00e7\u00e3o ao manusear os equipamentos<\/li>\n\n\n\n<li>Habilidade t\u00e9cnica<\/li>\n\n\n\n<li>Conhecimento de normas de seguran\u00e7a<\/li>\n\n\n\n<li>Identifica\u00e7\u00e3o de itens de manuten\u00e7\u00e3o di\u00e1ria<\/li>\n\n\n\n<li>Condu\u00e7\u00e3o da m\u00e1quina at\u00e9 o local de trabalho<\/li>\n\n\n\n<li>Recoloca\u00e7\u00e3o da m\u00e1quina em sua posi\u00e7\u00e3o de origem com todos os procedimentos corretos (motor desligado, c\u00e2mbio engrenado, freio de m\u00e3o acionado, entre outros)<\/li>\n<\/ul>\n\n\n\n<p>A prova ser\u00e1 realizada em canteiro de obras, com ve\u00edculos espec\u00edficos da categoria exigida para o cargo.<\/p>\n\n\n\n<h2 class=\"wp-block-heading\">Dica op\u00e7\u00e3o <\/h2>\n\n\n\n<p><strong>Quer garantir sua aprova\u00e7\u00e3o no concurso da Prefeitura de Alpin\u00f3polis-MG?<\/strong><\/p>\n\n\n\n<p>Estude com a <strong>Apostila Op\u00e7\u00e3o<\/strong>, o material mais completo e atualizado conforme o edital! Conte\u00fado elaborado por especialistas, com teoria clara, exerc\u00edcios comentados e tudo o que voc\u00ea precisa para acelerar sua prepara\u00e7\u00e3o.<\/p>\n\n\n\n<p><strong>N\u00e3o deixe para depois! Comece agora com a Apostila Op\u00e7\u00e3o e saia na frente da concorr\u00eancia!<\/strong><\/p>\n\n\n\n<ul class=\"wp-block-list\">\n<li>Confira:<a href=\"https:\/\/www.apostilasopcao.com.br\/\" data-type=\"link\" data-id=\"https:\/\/www.apostilasopcao.com.br\/\"> Apostila preparat\u00f3ria do concurso Prefeitura de Alpin\u00f3polis.<\/a><\/li>\n<\/ul>\n\n\n\n<p><\/p>\n","protected":false},"excerpt":{"rendered":"<p>O edital do concurso Prefeitura de Alpin\u00f3polis-MG, no estado de Minas Gerais, foi publicado! Est\u00e3o dispon\u00edveis 129 vagas imediatas para cargos de n\u00edveis fundamental, m\u00e9dio\/t\u00e9cnico e superior, al\u00e9m de forma\u00e7\u00e3o [&hellip;]<\/p>\n","protected":false},"author":11,"featured_media":2890,"comment_status":"closed","ping_status":"closed","sticky":false,"template":"","format":"standard","meta":{"_acf_changed":false,"breadcrumbs_single_post":"","page_title_panel":"","breadcrumbs_single_page":"","single_page_alignment":"","single_page_margin":"","page_structure_type":"","content_style_source":"","content_style":"","blog_post_streched_ed":"","blog_page_streched_ed":"","has_transparent_header":"","disable_transparent_header":"","vertical_spacing_source":"","content_area_spacing":"","single_post_content_background":"","single_page_content_background":"","single_post_boxed_content_spacing":"","single_page_boxed_content_spacing":"","single_post_content_boxed_radius":"","single_page_content_boxed_radius":"","disable_featured_image":"","disable_post_tags":"","disable_author_box":"","disable_posts_navigation":"","disable_comments":"","disable_related_posts":"","disable_header":"","disable_footer":"","footnotes":""},"categories":[4,16],"tags":[310],"class_list":["post-2889","post","type-post","status-publish","format-standard","has-post-thumbnail","hentry","category-noticias","category-mg","tag-concurso-prefeitura-de-alpinopolis-mg","rishi-post"],"acf":{"data_prova":"20251123","status":"aberto"},"_links":{"self":[{"href":"https:\/\/www.apostilasopcao.com.br\/blog\/wp-json\/wp\/v2\/posts\/2889","targetHints":{"allow":["GET"]}}],"collection":[{"href":"https:\/\/www.apostilasopcao.com.br\/blog\/wp-json\/wp\/v2\/posts"}],"about":[{"href":"https:\/\/www.apostilasopcao.com.br\/blog\/wp-json\/wp\/v2\/types\/post"}],"author":[{"embeddable":true,"href":"https:\/\/www.apostilasopcao.com.br\/blog\/wp-json\/wp\/v2\/users\/11"}],"replies":[{"embeddable":true,"href":"https:\/\/www.apostilasopcao.com.br\/blog\/wp-json\/wp\/v2\/comments?post=2889"}],"version-history":[{"count":8,"href":"https:\/\/www.apostilasopcao.com.br\/blog\/wp-json\/wp\/v2\/posts\/2889\/revisions"}],"predecessor-version":[{"id":2972,"href":"https:\/\/www.apostilasopcao.com.br\/blog\/wp-json\/wp\/v2\/posts\/2889\/revisions\/2972"}],"wp:featuredmedia":[{"embeddable":true,"href":"https:\/\/www.apostilasopcao.com.br\/blog\/wp-json\/wp\/v2\/media\/2890"}],"wp:attachment":[{"href":"https:\/\/www.apostilasopcao.com.br\/blog\/wp-json\/wp\/v2\/media?parent=2889"}],"wp:term":[{"taxonomy":"category","embeddable":true,"href":"https:\/\/www.apostilasopcao.com.br\/blog\/wp-json\/wp\/v2\/categories?post=2889"},{"taxonomy":"post_tag","embeddable":true,"href":"https:\/\/www.apostilasopcao.com.br\/blog\/wp-json\/wp\/v2\/tags?post=2889"}],"curies":[{"name":"wp","href":"https:\/\/api.w.org\/{rel}","templated":true}]}}