{"id":2953,"date":"2025-07-25T14:02:48","date_gmt":"2025-07-25T17:02:48","guid":{"rendered":"https:\/\/www.apostilasopcao.com.br\/blog\/?p=2953"},"modified":"2025-08-05T13:37:11","modified_gmt":"2025-08-05T16:37:11","slug":"cref-es","status":"publish","type":"post","link":"https:\/\/www.apostilasopcao.com.br\/blog\/cref-es\/","title":{"rendered":"Concurso CREF ES: Saiu o edital com 80 vagas!"},"content":{"rendered":"\n<p>O edital do concurso CREF ES (<a href=\"https:\/\/www.apostilasopcao.com.br\/concurso\/cref-22-regiao-conselho-regional-de-educacao-fisica-da-22-regiao\" data-type=\"link\" data-id=\"https:\/\/www.apostilasopcao.com.br\/concurso\/cref-22-regiao-conselho-regional-de-educacao-fisica-da-22-regiao\">Conselho Regional de Educa\u00e7\u00e3o F\u00edsica da 22\u00aa Regi\u00e3o<\/a>) j\u00e1 foi publicado! S\u00e3o 80 vagas ao todo, sendo 2 imediatas e 78 para cadastro de reserva, distribu\u00eddas entre os cargos de Assistente Administrativo I e Agente de Fiscal de Postura I. Os sal\u00e1rios iniciais variam de <strong>R$ 2.310,00 a R$ 4.500,00<\/strong>, al\u00e9m de benef\u00edcios. Confira!<\/p>\n\n\n\n<h2 class=\"wp-block-heading\">Resumo do edital<\/h2>\n\n\n\n<ul class=\"wp-block-list\">\n<li>Vagas: 2 + 78 CR<\/li>\n\n\n\n<li>Inscri\u00e7\u00f5es: 09\/07\/2025 a 18\/08\/2025<\/li>\n\n\n\n<li>Taxa de Inscri\u00e7\u00e3o:&nbsp;R$ 60,00 a R$ 70,00<\/li>\n\n\n\n<li>Prova: 14\/09\/2025<\/li>\n\n\n\n<li>Banca: Instituto Quadrix <\/li>\n\n\n\n<li><a href=\"https:\/\/www.apostilasopcao.com.br\/blog\/wp-content\/uploads\/2025\/07\/1_cref-22-es_concurso_publico_2025_edital_1_abertura-2.pdf\" data-type=\"link\" data-id=\"https:\/\/www.apostilasopcao.com.br\/blog\/wp-content\/uploads\/2025\/07\/1_cref-22-es_concurso_publico_2025_edital_1_abertura-2.pdf\">Baixe o edital<\/a><\/li>\n<\/ul>\n\n\n\n<h2 class=\"wp-block-heading\">Inscri\u00e7\u00f5es no concurso CREF ES<\/h2>\n\n\n\n<p>Os interessados no concurso CREF ES dever\u00e3o se inscrever entre os dias 9 de julho e 18 de agosto de 2025, exclusivamente&nbsp;pelo&nbsp;<a href=\"https:\/\/www.quadrix.org.br\/\" target=\"_blank\" data-type=\"link\" data-id=\"https:\/\/www.quadrix.org.br\/\" rel=\"noreferrer noopener\">site do Instituto Quadrix<\/a>, banca organizadora do concurso.<\/p>\n\n\n\n<p>A taxa de inscri\u00e7\u00e3o varia de acordo com o n\u00edvel de escolaridade:<\/p>\n\n\n\n<ul class=\"wp-block-list\">\n<li>N\u00edvel m\u00e9dio: R$ 60,00<\/li>\n\n\n\n<li>N\u00edvel superior: R$ 70,00<\/li>\n<\/ul>\n\n\n\n<p>A taxa de inscri\u00e7\u00e3o deve ser paga at\u00e9 o dia 20 de agosto de 2025.<\/p>\n\n\n\n<p>Os candidatos inscritos no Cad\u00danico ou doadores de medula \u00f3ssea puderam solicitar a isen\u00e7\u00e3o da taxa de inscri\u00e7\u00e3o no per\u00edodo de 9 a 11 de julho de 2025.<\/p>\n\n\n\n<h2 class=\"wp-block-heading\">Cargos, vagas e sal\u00e1rios<\/h2>\n\n\n\n<p>O concurso CREF ES oferece 2 vagas imediatas e 78 vagas para forma\u00e7\u00e3o de cadastro reserva. Confira:<\/p>\n\n\n\n<h3 class=\"wp-block-heading\">N\u00edvel superior<\/h3>\n\n\n\n<ul class=\"wp-block-list\">\n<li>Agente de Fiscal de Postura I\n<ul class=\"wp-block-list\">\n<li>2 vagas + 48 cadastro reserva<\/li>\n\n\n\n<li>Sal\u00e1rio: R$ 4.500,00<\/li>\n<\/ul>\n<\/li>\n<\/ul>\n\n\n\n<h3 class=\"wp-block-heading\">N\u00edvel m\u00e9dio<\/h3>\n\n\n\n<ul class=\"wp-block-list\">\n<li><a href=\"https:\/\/www.apostilasopcao.com.br\/apostila\/cref-es-assistente-administrativo\" data-type=\"link\" data-id=\"https:\/\/www.apostilasopcao.com.br\/apostila\/cref-es-assistente-administrativo\">Assistente Administrativo I<\/a>\n<ul class=\"wp-block-list\">\n<li> 30 cadastro reserva<\/li>\n\n\n\n<li>Sal\u00e1rio: R$ 2.310,00<\/li>\n<\/ul>\n<\/li>\n<\/ul>\n\n\n\n<p>Os candidatos aprovados no concurso CREF ES receber\u00e3o, al\u00e9m do sal\u00e1rio-base, os seguintes benef\u00edcios:<\/p>\n\n\n\n<ul class=\"wp-block-list\">\n<li>Vale-refei\u00e7\u00e3o de R$50,00 por dia \u00fatil;<\/li>\n\n\n\n<li>Plano de sa\u00fade completo (m\u00e9dico, hospitalar e odontol\u00f3gico);<\/li>\n\n\n\n<li>Vale-transporte;<\/li>\n\n\n\n<li>Acesso ao Plano de Cargos e Sal\u00e1rios do \u00f3rg\u00e3o.<\/li>\n<\/ul>\n\n\n\n<h2 class=\"wp-block-heading\">Requisitos para participar do concurso CREF ES<\/h2>\n\n\n\n<p>Para participar do concurso CREF ES, os candidatos devem atender aos requisitos abaixo: <\/p>\n\n\n\n<ul class=\"wp-block-list\">\n<li>Ser aprovado em todas as fases do concurso p\u00fablico;<\/li>\n\n\n\n<li>Ter a nacionalidade brasileira ou portuguesa e, no caso de nacionalidade portuguesa, estar amparado pelo Estatuto de Igualdade entre Brasileiros e Portugueses, com reconhecimento do gozo dos direitos pol\u00edticos, nos termos do \u00a7 1\u00ba do art. 12 da Constitui\u00e7\u00e3o Federal;<\/li>\n\n\n\n<li>Estar em gozo dos direitos pol\u00edticos;<\/li>\n\n\n\n<li>Estar quite com as obriga\u00e7\u00f5es militares, em caso de candidato do sexo masculino;<\/li>\n\n\n\n<li>Estar quite com as obriga\u00e7\u00f5es eleitorais;<\/li>\n\n\n\n<li>Possuir os requisitos exigidos para o exerc\u00edcio do cargo, conforme o Anexo II deste edital;<\/li>\n\n\n\n<li>Ter idade m\u00ednima de 18 anos completos na data da contrata\u00e7\u00e3o;<\/li>\n\n\n\n<li>Apresentar atestado de pr\u00e9via aprova\u00e7\u00e3o de aptid\u00e3o f\u00edsica e mental para o exerc\u00edcio das atribui\u00e7\u00f5es do cargo;<\/li>\n\n\n\n<li>Apresentar declara\u00e7\u00e3o de que n\u00e3o acumula cargo ou fun\u00e7\u00e3o p\u00fablica, ou proventos de inatividade, ressalvadas as possibilidades de acumula\u00e7\u00e3o l\u00edcita previstas no Inciso XVI do art. 37 da Constitui\u00e7\u00e3o Federal;<\/li>\n\n\n\n<li>N\u00e3o estar cumprindo san\u00e7\u00e3o por inidoneidade, aplicada por qualquer \u00f3rg\u00e3o p\u00fablico ou entidade das esferas federal, estadual, municipal ou do Distrito Federal.<\/li>\n<\/ul>\n\n\n\n<h2 class=\"wp-block-heading\">Etapas de sele\u00e7\u00e3o <\/h2>\n\n\n\n<p>O concurso CREF ES ser\u00e1 composto por at\u00e9 tr\u00eas etapas, que variam conforme o cargo escolhido:<\/p>\n\n\n\n<ul class=\"wp-block-list\">\n<li>Prova objetiva: car\u00e1ter eliminat\u00f3rio e classificat\u00f3rio;<\/li>\n\n\n\n<li>Prova dissertativa: car\u00e1ter eliminat\u00f3rio e classificat\u00f3rio;<\/li>\n\n\n\n<li>Prova de t\u00edtulos: classificat\u00f3rio.<\/li>\n<\/ul>\n\n\n\n<h3 class=\"wp-block-heading\">Prova objetiva<\/h3>\n\n\n\n<p>As provas objetivas est\u00e3o previstas para o dia 14 de setembro de 2025, no per\u00edodo da tarde, na cidade de Vit\u00f3ria\/ES.<\/p>\n\n\n\n<p>A prova objetiva ter\u00e1 120 quest\u00f5es no modelo \u201cCerto ou Errado\u201d, sendo poss\u00edvel assinalar apenas uma alternativa por quest\u00e3o. Cada resposta correta acrescentar\u00e1 +1 ponto, enquanto cada erro reduzir\u00e1 -1 ponto. Itens em branco ou com mais de uma marca\u00e7\u00e3o n\u00e3o receber\u00e3o pontua\u00e7\u00e3o.<\/p>\n\n\n\n<p>A distribui\u00e7\u00e3o das quest\u00f5es ser\u00e1 a seguinte:<\/p>\n\n\n\n<ul class=\"wp-block-list\">\n<li>Conhecimentos B\u00e1sicos: 40 quest\u00f5es;<\/li>\n\n\n\n<li>Conhecimentos Complementares: 30 quest\u00f5es;<\/li>\n\n\n\n<li>Conhecimentos Espec\u00edficos: 50 quest\u00f5es.<\/li>\n<\/ul>\n\n\n\n<p>As disciplinas de Conhecimentos B\u00e1sicos incluem:<\/p>\n\n\n\n<ul class=\"wp-block-list\">\n<li>L\u00edngua Portuguesa<\/li>\n\n\n\n<li>Racioc\u00ednio L\u00f3gico e Matem\u00e1tica<\/li>\n\n\n\n<li>No\u00e7\u00f5es de Inform\u00e1tica<\/li>\n<\/ul>\n\n\n\n<p>Para ser considerado aprovado na prova objetiva, o candidato dever\u00e1:<\/p>\n\n\n\n<ul class=\"wp-block-list\">\n<li>Obter pelo menos 10 pontos em Conhecimentos B\u00e1sicos;<\/li>\n\n\n\n<li>Obter pelo menos 8 pontos em Conhecimentos Complementares;<\/li>\n\n\n\n<li>Obter pelo menos 12 pontos em Conhecimentos Espec\u00edficos;<\/li>\n\n\n\n<li>Alcan\u00e7ar no m\u00ednimo 34 pontos no total da prova.<\/li>\n<\/ul>\n\n\n\n<h3 class=\"wp-block-heading\">Prova discursiva <\/h3>\n\n\n\n<p>A prova discursiva ser\u00e1 aplicada no mesmo dia da prova objetiva, 14 de setembro de 2025, e ter\u00e1 como objetivo a elabora\u00e7\u00e3o de um texto dissertativo de 20 a 30 linhas.<\/p>\n\n\n\n<p>O tema da reda\u00e7\u00e3o ser\u00e1 definido conforme o cargo pretendido:<\/p>\n\n\n\n<ul class=\"wp-block-list\">\n<li>Assistente Administrativo I: tema relacionado a Atualidades;<\/li>\n\n\n\n<li>Agente de Fiscal de Postura I: tema voltado para Conhecimentos Espec\u00edficos da fun\u00e7\u00e3o.<\/li>\n<\/ul>\n\n\n\n<p>A avalia\u00e7\u00e3o considerar\u00e1 dois grupos de crit\u00e9rios:<\/p>\n\n\n\n<ul class=\"wp-block-list\">\n<li>Aspectos formais e lingu\u00edsticos (estrutura, coer\u00eancia, coes\u00e3o, tipo textual e linguagem): at\u00e9 5 pontos;<\/li>\n\n\n\n<li>Aspectos t\u00e9cnicos (conhecimento e argumenta\u00e7\u00e3o sobre o tema): at\u00e9 5 pontos.<\/li>\n<\/ul>\n\n\n\n<p>Ser\u00e1 desclassificado o candidato que n\u00e3o atender ao padr\u00e3o exigido, fugir do tema proposto, redigir em desacordo com as normas ou apresentar letra ileg\u00edvel.<\/p>\n\n\n\n<h3 class=\"wp-block-heading\">Prova de t\u00edtulos <\/h3>\n\n\n\n<p>Ser\u00e3o chamados para a avalia\u00e7\u00e3o de t\u00edtulos apenas os candidatos aprovados na prova discursiva. Essa fase ser\u00e1 exclusiva para os inscritos em cargos de n\u00edvel superior. A pontua\u00e7\u00e3o m\u00e1xima da avalia\u00e7\u00e3o de t\u00edtulos ser\u00e1 de 10 pontos, mesmo que a soma dos documentos apresentados ultrapasse esse valor.<\/p>\n\n\n\n<p>Confira abaixo quais s\u00e3o os t\u00edtulos que ser\u00e3o considerados na avalia\u00e7\u00e3o do concurso CREF ES:<\/p>\n\n\n\n<figure class=\"wp-block-image size-large\"><img loading=\"lazy\" decoding=\"async\" width=\"1024\" height=\"330\" src=\"https:\/\/www.apostilasopcao.com.br\/blog\/wp-content\/uploads\/2025\/07\/tabela-de-valiacao-de-titulos-do-concurso-CREF-ES-1024x330.png\" alt=\"Tabela de avalia\u00e7\u00e3o do concurso CREF ES.\" class=\"wp-image-2975\" srcset=\"https:\/\/www.apostilasopcao.com.br\/blog\/wp-content\/uploads\/2025\/07\/tabela-de-valiacao-de-titulos-do-concurso-CREF-ES-1024x330.png 1024w, https:\/\/www.apostilasopcao.com.br\/blog\/wp-content\/uploads\/2025\/07\/tabela-de-valiacao-de-titulos-do-concurso-CREF-ES-300x97.png 300w, https:\/\/www.apostilasopcao.com.br\/blog\/wp-content\/uploads\/2025\/07\/tabela-de-valiacao-de-titulos-do-concurso-CREF-ES-768x248.png 768w, https:\/\/www.apostilasopcao.com.br\/blog\/wp-content\/uploads\/2025\/07\/tabela-de-valiacao-de-titulos-do-concurso-CREF-ES.png 1340w\" sizes=\"auto, (max-width: 1024px) 100vw, 1024px\" \/><\/figure>\n\n\n\n<h2 class=\"wp-block-heading\">Dica op\u00e7\u00e3o <\/h2>\n\n\n\n<p><strong>Garanta j\u00e1 sua aprova\u00e7\u00e3o com a Apostila Op\u00e7\u00e3o!<\/strong><\/p>\n\n\n\n<p>Estude com o material mais completo e atualizado do mercado, elaborado por especialistas em concursos p\u00fablicos.<\/p>\n\n\n\n<ul class=\"wp-block-list\">\n<li>Teoria e exerc\u00edcios comentados para fixar melhor o conte\u00fado.<\/li>\n\n\n\n<li> Dicas e macetes que aceleram seu aprendizado.<\/li>\n\n\n\n<li>Quest\u00f5es gabaritadas com base no edital do seu concurso.<\/li>\n<\/ul>\n\n\n\n<p>Com a Apostila Op\u00e7\u00e3o, voc\u00ea estuda no seu ritmo e aumenta suas chances de conquistar a vaga dos sonhos!<\/p>\n\n\n\n<ul class=\"wp-block-list\">\n<li>Confira: <a href=\"https:\/\/www.apostilasopcao.com.br\/concurso\/cref-22-regiao-conselho-regional-de-educacao-fisica-da-22-regiao\" data-type=\"link\" data-id=\"https:\/\/www.apostilasopcao.com.br\/concurso\/cref-22-regiao-conselho-regional-de-educacao-fisica-da-22-regiao\">Apostila preparat\u00f3ria para o concurso CREF ES.<\/a><\/li>\n<\/ul>\n\n\n\n<p><\/p>\n","protected":false},"excerpt":{"rendered":"<p>O edital do concurso CREF ES foi publicado com 80 vagas para n\u00edvel superior e m\u00e9dio. Sal\u00e1rios de at\u00e9 R$4,5 mil. Confira! <\/p>\n","protected":false},"author":11,"featured_media":2954,"comment_status":"closed","ping_status":"closed","sticky":false,"template":"","format":"standard","meta":{"_acf_changed":false,"breadcrumbs_single_post":"","page_title_panel":"","breadcrumbs_single_page":"","single_page_alignment":"","single_page_margin":"","page_structure_type":"","content_style_source":"","content_style":"","blog_post_streched_ed":"","blog_page_streched_ed":"","has_transparent_header":"","disable_transparent_header":"","vertical_spacing_source":"","content_area_spacing":"","single_post_content_background":"","single_page_content_background":"","single_post_boxed_content_spacing":"","single_page_boxed_content_spacing":"","single_post_content_boxed_radius":"","single_page_content_boxed_radius":"","disable_featured_image":"","disable_post_tags":"","disable_author_box":"","disable_posts_navigation":"","disable_comments":"","disable_related_posts":"","disable_header":"","disable_footer":"","footnotes":""},"categories":[4,13],"tags":[315],"class_list":["post-2953","post","type-post","status-publish","format-standard","has-post-thumbnail","hentry","category-noticias","category-es","tag-concurso-cref-es","rishi-post"],"acf":{"data_prova":"20250914","status":"aberto"},"_links":{"self":[{"href":"https:\/\/www.apostilasopcao.com.br\/blog\/wp-json\/wp\/v2\/posts\/2953","targetHints":{"allow":["GET"]}}],"collection":[{"href":"https:\/\/www.apostilasopcao.com.br\/blog\/wp-json\/wp\/v2\/posts"}],"about":[{"href":"https:\/\/www.apostilasopcao.com.br\/blog\/wp-json\/wp\/v2\/types\/post"}],"author":[{"embeddable":true,"href":"https:\/\/www.apostilasopcao.com.br\/blog\/wp-json\/wp\/v2\/users\/11"}],"replies":[{"embeddable":true,"href":"https:\/\/www.apostilasopcao.com.br\/blog\/wp-json\/wp\/v2\/comments?post=2953"}],"version-history":[{"count":11,"href":"https:\/\/www.apostilasopcao.com.br\/blog\/wp-json\/wp\/v2\/posts\/2953\/revisions"}],"predecessor-version":[{"id":3508,"href":"https:\/\/www.apostilasopcao.com.br\/blog\/wp-json\/wp\/v2\/posts\/2953\/revisions\/3508"}],"wp:featuredmedia":[{"embeddable":true,"href":"https:\/\/www.apostilasopcao.com.br\/blog\/wp-json\/wp\/v2\/media\/2954"}],"wp:attachment":[{"href":"https:\/\/www.apostilasopcao.com.br\/blog\/wp-json\/wp\/v2\/media?parent=2953"}],"wp:term":[{"taxonomy":"category","embeddable":true,"href":"https:\/\/www.apostilasopcao.com.br\/blog\/wp-json\/wp\/v2\/categories?post=2953"},{"taxonomy":"post_tag","embeddable":true,"href":"https:\/\/www.apostilasopcao.com.br\/blog\/wp-json\/wp\/v2\/tags?post=2953"}],"curies":[{"name":"wp","href":"https:\/\/api.w.org\/{rel}","templated":true}]}}