{"id":2982,"date":"2025-12-18T12:29:39","date_gmt":"2025-12-18T15:29:39","guid":{"rendered":"https:\/\/www.apostilasopcao.com.br\/blog\/?p=2982"},"modified":"2025-12-18T12:32:16","modified_gmt":"2025-12-18T15:32:16","slug":"prefeitura-sao-jose-dos-campos-sp-educacao","status":"publish","type":"post","link":"https:\/\/www.apostilasopcao.com.br\/blog\/prefeitura-sao-jose-dos-campos-sp-educacao\/","title":{"rendered":"Concurso Prefeitura de S\u00e3o Jos\u00e9 dos Campos-SP: Saiu edital com 18 vagas!"},"content":{"rendered":"\n<p>Aten\u00e7\u00e3o concurseiros! O Concurso Prefeitura de S\u00e3o Jos\u00e9 dos Campos est\u00e1 com edital publicado e oferta <strong>18 vagas imediatas<\/strong> para cargos de <strong>n\u00edvel superior<\/strong>, todas destinadas \u00e0 <strong>carreira do magist\u00e9rio<\/strong>, nos cargos de <strong>Professor I e Professor II<\/strong>, distribu\u00eddos entre diferentes especialidades. A remunera\u00e7\u00e3o inicial \u00e9 de <strong>R$ 24,38 por hora-aula<\/strong>, acrescida do valor referente \u00e0 Hora de Trabalho Coletivo (HTC). As inscri\u00e7\u00f5es poder\u00e3o ser realizadas no per\u00edodo de <strong>5 de janeiro a 3 de fevereiro de 2026<\/strong>, e as provas objetivas est\u00e3o previstas para o dia <strong>29 de mar\u00e7o de 2026<\/strong>. Para se preparar, confira a\u00a0<a href=\"https:\/\/www.apostilasopcao.com.br\/concurso\/prefeitura-municipal-de-sao-jose-dos-campos-sp\">apostila Prefeitura de S\u00e3o Jos\u00e9 dos Campos-SP<\/a>\u00a0com conte\u00fado completo e atualizado conforme o edital!<\/p>\n\n\n\n<h2 class=\"wp-block-heading\">Resumo do edital<\/h2>\n\n\n\n<ul class=\"wp-block-list\">\n<li>Vagas: 18<\/li>\n\n\n\n<li>Inscri\u00e7\u00f5es: 05\/01\/2026 a 03\/02\/2026<\/li>\n\n\n\n<li>Taxa de Inscri\u00e7\u00e3o: R$98,80<\/li>\n\n\n\n<li>Prova: 29\/03\/2026<\/li>\n\n\n\n<li>Banca: Funda\u00e7\u00e3o Get\u00falio Vargas (FGV)<\/li>\n\n\n\n<li><a href=\"https:\/\/www.apostilasopcao.com.br\/blog\/wp-content\/uploads\/2025\/12\/edital-sjc.pdf\">Baixe o edital do concurso Prefeitura de S\u00e3o Jos\u00e9 dos Campos<\/a><\/li>\n<\/ul>\n\n\n\n<h2 class=\"wp-block-heading\">Como se inscrever no concurso Prefeitura de S\u00e3o Jos\u00e9?<\/h2>\n\n\n\n<p>As inscri\u00e7\u00f5es do concurso Prefeitura de S\u00e3o Jos\u00e9 dos Campos-SP dever\u00e3o ser realizadas exclusivamente pela internet, por meio do site da <a href=\"https:\/\/conhecimento.fgv.br\/concursos\/prefsjceducacao25\" target=\"_blank\" rel=\"noreferrer noopener\">Funda\u00e7\u00e3o Get\u00falio Vargas (FGV)<\/a>, banca organizadora do certame, no per\u00edodo das <strong>16h do dia 5 de janeiro de 2026 at\u00e9 as 16h do dia 3 de fevereiro de 2026<\/strong>, considerando o hor\u00e1rio oficial de Bras\u00edlia (DF).<\/p>\n\n\n\n<p>O valor da taxa de inscri\u00e7\u00e3o \u00e9 de <strong>R$ 98,80<\/strong>, e o pagamento dever\u00e1 ser efetuado at\u00e9 o dia<strong> 4 de fevereiro de 2026<\/strong>. A inscri\u00e7\u00e3o somente ser\u00e1 confirmada ap\u00f3s a compensa\u00e7\u00e3o banc\u00e1ria.<\/p>\n\n\n\n<h3 class=\"wp-block-heading\">Isen\u00e7\u00e3o da taxa de inscri\u00e7\u00e3o<\/h3>\n\n\n\n<p>Poder\u00e3o solicitar a isen\u00e7\u00e3o da taxa de inscri\u00e7\u00e3o os candidatos pertencentes a fam\u00edlias inscritas no <strong>Cad\u00danico<\/strong>. O pedido de isen\u00e7\u00e3o dever\u00e1 ser realizado exclusivamente pelo sistema da FGV, no per\u00edodo das <strong>16h do dia 5 de janeiro at\u00e9 as 16h do dia 7 de janeiro de 2026<\/strong>, mediante envio da documenta\u00e7\u00e3o exigida no edital.<\/p>\n\n\n\n<h2 class=\"wp-block-heading\">Cargos, vagas e sal\u00e1rios<\/h2>\n\n\n\n<p>O concurso Prefeitura de S\u00e3o Jos\u00e9 dos Campos-SP oferta <strong>18 vagas<\/strong> destinadas exclusivamente aos cargos de Professor, todos com exig\u00eancia de <strong>n\u00edvel superior<\/strong>.<\/p>\n\n\n\n<p>A remunera\u00e7\u00e3o \u00e9 calculada por hora-aula, no valor de R$ 24,38, acrescida da Hora de Trabalho Coletivo (HTC), correspondente a 20% do vencimento base. Em caso de ac\u00famulo de cargos, a jornada de trabalho n\u00e3o poder\u00e1 ultrapassar 65 horas semanais ou 78 hora-aula semanais.<\/p>\n\n\n\n<p>Confira, a seguir, a distribui\u00e7\u00e3o das vagas por cargo:<\/p>\n\n\n\n<ul class=\"wp-block-list\">\n<li>Professor I: 10 vagas<br>R$ 24,38 por hora-aula + HTC (20% do vencimento base)<\/li>\n\n\n\n<li>Professor II \u2013 Artes: 1 vaga<br>R$ 24,38 por hora-aula + HTC (20% do vencimento base)<\/li>\n\n\n\n<li>Professor II \u2013 Ci\u00eancias: 1 vaga<br>R$ 24,38 por hora-aula + HTC (20% do vencimento base)<\/li>\n\n\n\n<li>Professor II \u2013 Educa\u00e7\u00e3o F\u00edsica: 1 vaga<br>R$ 24,38 por hora-aula + HTC (20% do vencimento base)<\/li>\n\n\n\n<li>Professor II \u2013 Geografia: 1 vaga<br>R$ 24,38 por hora-aula + HTC (20% do vencimento base)<\/li>\n\n\n\n<li>Professor II \u2013 Hist\u00f3ria: 1 vaga<br>R$ 24,38 por hora-aula + HTC (20% do vencimento base)<\/li>\n\n\n\n<li>Professor II \u2013 Ingl\u00eas: 1 vaga<br>R$ 24,38 por hora-aula + HTC (20% do vencimento base)<\/li>\n\n\n\n<li>Professor II \u2013 Matem\u00e1tica: 1 vaga<br>R$ 24,38 por hora-aula + HTC (20% do vencimento base)<\/li>\n\n\n\n<li>Professor II \u2013 Portugu\u00eas: 1 vaga<br>R$ 24,38 por hora-aula + HTC (20% do vencimento base)<\/li>\n<\/ul>\n\n\n\n<p><strong>Para quem vai iniciar a prepara\u00e7\u00e3o, as\u00a0apostilas Prefeitura de S\u00e3o Jos\u00e9 dos Campos\u00a0j\u00e1 est\u00e3o dispon\u00edveis com conte\u00fado completo e atualizado conforme o edital! Confira<\/strong><\/p>\n\n\n\n<ul class=\"wp-block-list\">\n<li><strong><a href=\"https:\/\/www.apostilasopcao.com.br\/apostila\/prefeitura-sao-jose-campos-sp-professor-arte\">Apostila Prefeitura de S\u00e3o Jos\u00e9 dos Campos &#8211; SP 2026 &#8211; Professor II &#8211; Arte<\/a><\/strong><\/li>\n\n\n\n<li><strong><a href=\"https:\/\/www.apostilasopcao.com.br\/apostila\/prefeitura-sao-jose-campos-sp-professor-conhecimentos-gerais\">Apostila Prefeitura de S\u00e3o Jos\u00e9 dos Campos &#8211; SP 2026 &#8211; Professor II &#8211; Conhecimentos Gerais<\/a><\/strong><\/li>\n\n\n\n<li><strong><a href=\"https:\/\/www.apostilasopcao.com.br\/apostila\/prefeitura-sao-jose-campos-sp-professor\">Apostila Prefeitura de S\u00e3o Jos\u00e9 dos Campos &#8211; SP 2026 &#8211; Professor I<\/a><\/strong><\/li>\n\n\n\n<li><strong><a href=\"https:\/\/www.apostilasopcao.com.br\/apostila\/prefeitura-sao-jose-campos-sp-professor-matematica\">Apostila Prefeitura de S\u00e3o Jos\u00e9 dos Campos &#8211; SP 2026 &#8211; Professor II &#8211; Matem\u00e1tica<\/a><\/strong><\/li>\n\n\n\n<li><strong><a href=\"https:\/\/www.apostilasopcao.com.br\/apostila\/prefeitura-sao-jose-campos-sp-professor-lingua-portuguesa\">Apostila Prefeitura de S\u00e3o Jos\u00e9 dos Campos &#8211; SP 2026 &#8211; Professor II &#8211; L\u00edngua Portuguesa<\/a><\/strong><\/li>\n\n\n\n<li><strong><a href=\"https:\/\/www.apostilasopcao.com.br\/apostila\/prefeitura-sao-jose-campos-sp-professor-ingles\">Apostila Prefeitura de S\u00e3o Jos\u00e9 dos Campos &#8211; SP 2026 &#8211; Professor II &#8211; Ingl\u00eas<\/a><\/strong><\/li>\n\n\n\n<li><strong><a href=\"https:\/\/www.apostilasopcao.com.br\/apostila\/prefeitura-sao-jose-campos-sp-professor-historia\">Apostila Prefeitura de S\u00e3o Jos\u00e9 dos Campos &#8211; SP 2026 &#8211; Professor II &#8211; Hist\u00f3ria<\/a><\/strong><\/li>\n\n\n\n<li><strong><a href=\"https:\/\/www.apostilasopcao.com.br\/apostila\/prefeitura-sao-jose-campos-sp-professor-geografia\">Apostila Prefeitura de S\u00e3o Jos\u00e9 dos Campos &#8211; SP 2026 &#8211; Professor II &#8211; Geografia<\/a><\/strong><\/li>\n<\/ul>\n\n\n\n<h2 class=\"wp-block-heading\">Requisitos para participar do concurso Prefeitura de S\u00e3o Jos\u00e9 dos Campos <\/h2>\n\n\n\n<p>Para participar do concurso Prefeitura de S\u00e3o Jos\u00e9 dos Campos, os candidatos devem atender aos requisitos abaixo:<\/p>\n\n\n\n<ul class=\"wp-block-list\">\n<li>Ter sido classificado no Concurso P\u00fablico na forma estabelecida neste Edital, em seus anexos e eventuais retifica\u00e7\u00f5es;<\/li>\n\n\n\n<li>Possuir nacionalidade brasileira;<\/li>\n\n\n\n<li>Encontrar-se em dia com as obriga\u00e7\u00f5es militares nos termos da Lei de Servi\u00e7o Militar, no caso de candidato do sexo masculino;<\/li>\n\n\n\n<li>Possuir, no m\u00ednimo, 18 (dezoito) anos de idade completos;<\/li>\n\n\n\n<li>Possuir certificado, devidamente registrado, de conclus\u00e3o do curso de n\u00edvel superior;<\/li>\n\n\n\n<li>Ser eleitor e achar-se em gozo dos seus direitos pol\u00edticos;<\/li>\n\n\n\n<li>Quita\u00e7\u00e3o com as obriga\u00e7\u00f5es eleitorais;<\/li>\n\n\n\n<li>Comprovar aptid\u00e3o f\u00edsica e mental, mediante exames m\u00e9dicos;<\/li>\n\n\n\n<li>Certid\u00e3o negativa dos distribuidores criminais.<\/li>\n<\/ul>\n\n\n\n<h2 class=\"wp-block-heading\">Etapas de Sele\u00e7\u00e3o<\/h2>\n\n\n\n<p>Os candidatos do concurso Prefeitura de S\u00e3o Jos\u00e9 dos Campos-SP ser\u00e3o avaliados por meio de tr\u00eas etapas distintas de sele\u00e7\u00e3o, conforme previsto em edital:<\/p>\n\n\n\n<ul class=\"wp-block-list\">\n<li>Prova objetiva, de car\u00e1ter eliminat\u00f3rio e classificat\u00f3rio;<\/li>\n\n\n\n<li>Reda\u00e7\u00e3o, de car\u00e1ter eliminat\u00f3rio e classificat\u00f3rio;<\/li>\n\n\n\n<li>Avalia\u00e7\u00e3o de t\u00edtulos, de car\u00e1ter classificat\u00f3rio.<\/li>\n<\/ul>\n\n\n\n<h3 class=\"wp-block-heading\">Prova Objetiva<\/h3>\n\n\n\n<p>A prova objetiva do concurso Prefeitura de S\u00e3o Jos\u00e9 dos Campos ser\u00e1 aplicada no dia\u00a0<strong>29 de mar\u00e7o de 2026<\/strong>, no munic\u00edpio de S\u00e3o Jos\u00e9 dos Campos (SP), em turnos distintos conforme o cargo:<\/p>\n\n\n\n<ul class=\"wp-block-list\">\n<li><strong>Manh\u00e3 (08h \u00e0s 12h30):<\/strong>\u00a0Professor I<\/li>\n\n\n\n<li><strong>Tarde (15h \u00e0s 19h30):<\/strong>\u00a0Professor II<\/li>\n<\/ul>\n\n\n\n<p>A avalia\u00e7\u00e3o ser\u00e1 composta por quest\u00f5es de m\u00faltipla escolha, com cinco alternativas, sendo apenas uma correta. Cada quest\u00e3o valer\u00e1 1 ponto.<\/p>\n\n\n\n<p>Confira a distribui\u00e7\u00e3o das quest\u00f5es:<\/p>\n\n\n\n<p><strong>Professor I<\/strong><\/p>\n\n\n\n<ul class=\"wp-block-list\">\n<li>Conhecimentos Gerais \u2013 30 quest\u00f5es\n<ul class=\"wp-block-list\">\n<li>Legisla\u00e7\u00e3o Educacional<\/li>\n\n\n\n<li>Fundamentos Te\u00f3ricos e Metodol\u00f3gicos do Ensino da L\u00edngua Portuguesa<\/li>\n\n\n\n<li>Fundamentos Te\u00f3ricos e Metodol\u00f3gicos do Ensino da Matem\u00e1tica<\/li>\n\n\n\n<li>Fundamentos da Educa\u00e7\u00e3o<\/li>\n<\/ul>\n<\/li>\n\n\n\n<li>Conhecimentos Espec\u00edficos \u2013 30 quest\u00f5es<\/li>\n<\/ul>\n\n\n\n<p><strong>Professor II<\/strong><\/p>\n\n\n\n<ul class=\"wp-block-list\">\n<li>Conhecimentos Gerais \u2013 40 quest\u00f5es\n<ul class=\"wp-block-list\">\n<li>L\u00edngua Portuguesa<\/li>\n\n\n\n<li>Legisla\u00e7\u00e3o Educacional<\/li>\n\n\n\n<li>Fundamentos da Educa\u00e7\u00e3o<\/li>\n<\/ul>\n<\/li>\n\n\n\n<li>Conhecimentos Espec\u00edficos \u2013 30 quest\u00f5es<\/li>\n<\/ul>\n\n\n\n<p>Ser\u00e1 considerado aprovado o candidato que obtiver no m\u00ednimo 50% de acertos em Conhecimentos Gerais e 50% em Conhecimentos Espec\u00edficos.<\/p>\n\n\n\n<h3 class=\"wp-block-heading\">Somos a melhor Op\u00e7\u00e3o<\/h3>\n\n\n\n<p>Quer conquistar uma vaga no concurso Prefeitura de S\u00e3o Jos\u00e9 dos Campos? Somos a melhore Op\u00e7\u00e3o! N\u00f3s preparamos diversos materiais realmente focados conforme o edital que te ajudar\u00e3o a conquistar o cargo dos sonhos. N\u00e3o perca mais tempo e comece a se preparar ainda hoje!<\/p>\n\n\n\n<p><strong>Confira:\u00a0<a href=\"https:\/\/www.apostilasopcao.com.br\/concurso\/prefeitura-municipal-de-sao-jose-dos-campos-sp\">Apostilas Prefeitura de S\u00e3o Jos\u00e9 dos Campos<\/a>!<\/strong><\/p>\n\n\n\n<h2 class=\"wp-block-heading\">Reda\u00e7\u00e3o<\/h2>\n\n\n\n<p>A prova de reda\u00e7\u00e3o ser\u00e1 aplicada no mesmo dia da prova objetiva e ter\u00e1 valor m\u00e1ximo de 10 pontos. O texto dever\u00e1 ser elaborado no g\u00eanero dissertativo-argumentativo, com extens\u00e3o m\u00ednima de 20 e m\u00e1xima de 30 linhas.<\/p>\n\n\n\n<p>Na corre\u00e7\u00e3o, ser\u00e3o considerados os seguintes crit\u00e9rios de avalia\u00e7\u00e3o:<\/p>\n\n\n\n<figure class=\"wp-block-image size-full\"><img loading=\"lazy\" decoding=\"async\" width=\"600\" height=\"234\" src=\"https:\/\/www.apostilasopcao.com.br\/blog\/wp-content\/uploads\/2025\/07\/image.png\" alt=\"Crit\u00e9rios de corre\u00e7\u00e3o da prova de reda\u00e7\u00e3o do concurso Prefeitura de S\u00e3o Jos\u00e9 dos Campos\" class=\"wp-image-7898\" srcset=\"https:\/\/www.apostilasopcao.com.br\/blog\/wp-content\/uploads\/2025\/07\/image.png 600w, https:\/\/www.apostilasopcao.com.br\/blog\/wp-content\/uploads\/2025\/07\/image-300x117.png 300w\" sizes=\"auto, (max-width: 600px) 100vw, 600px\" \/><\/figure>\n\n\n\n<figure class=\"wp-block-image size-full\"><img loading=\"lazy\" decoding=\"async\" width=\"605\" height=\"293\" src=\"https:\/\/www.apostilasopcao.com.br\/blog\/wp-content\/uploads\/2025\/07\/image-1.png\" alt=\"Crit\u00e9rios de corre\u00e7\u00e3o da prova de reda\u00e7\u00e3o do concurso Prefeitura de S\u00e3o Jos\u00e9 dos Campos\" class=\"wp-image-7899\" srcset=\"https:\/\/www.apostilasopcao.com.br\/blog\/wp-content\/uploads\/2025\/07\/image-1.png 605w, https:\/\/www.apostilasopcao.com.br\/blog\/wp-content\/uploads\/2025\/07\/image-1-300x145.png 300w\" sizes=\"auto, (max-width: 605px) 100vw, 605px\" \/><\/figure>\n\n\n\n<p>Ser\u00e1 eliminado o candidato que obtiver nota inferior a 5 pontos.<\/p>\n\n\n\n<h3 class=\"wp-block-heading\">Avalia\u00e7\u00e3o de t\u00edtulos<\/h3>\n\n\n\n<p>A avalia\u00e7\u00e3o de t\u00edtulos ter\u00e1 car\u00e1ter exclusivamente classificat\u00f3rio e ser\u00e1 destinada aos candidatos aprovados na prova objetiva. Ser\u00e3o considerados t\u00edtulos acad\u00eamicos na \u00e1rea educacional, observados os crit\u00e9rios, pontua\u00e7\u00f5es e limites m\u00e1ximos estabelecidos em edital:<\/p>\n\n\n\n<figure class=\"wp-block-image size-full\"><img loading=\"lazy\" decoding=\"async\" width=\"599\" height=\"283\" src=\"https:\/\/www.apostilasopcao.com.br\/blog\/wp-content\/uploads\/2025\/07\/image-2.png\" alt=\"Avalia\u00e7\u00e3o de t\u00edtulos concurso Prefeitura de S\u00e3o Jos\u00e9 dos Campos\" class=\"wp-image-7902\" srcset=\"https:\/\/www.apostilasopcao.com.br\/blog\/wp-content\/uploads\/2025\/07\/image-2.png 599w, https:\/\/www.apostilasopcao.com.br\/blog\/wp-content\/uploads\/2025\/07\/image-2-300x142.png 300w\" sizes=\"auto, (max-width: 599px) 100vw, 599px\" \/><\/figure>\n\n\n\n<p>A pontua\u00e7\u00e3o m\u00e1xima nessa etapa ser\u00e1 de 6 pontos, utilizada apenas para fins de classifica\u00e7\u00e3o final no concurso Prefeitura de S\u00e3o Jos\u00e9 dos Campos-SP.<\/p>\n\n\n\n<h2 class=\"wp-block-heading\">Concurso Prefeitura de S\u00e3o Jos\u00e9 dos Campos em andamento<\/h2>\n\n\n\n<p>Al\u00e9m dessa nova sele\u00e7\u00e3o, existe um concurso Prefeitura de S\u00e3o Jos\u00e9 dos Campos-SP para cargos tempor\u00e1rios em andamento. S\u00e3o ofertadas oportunidades em cadastro reserva para as seguintes carreiras:<\/p>\n\n\n\n<ul class=\"wp-block-list\">\n<li>Professor I<\/li>\n\n\n\n<li>Professor II \u2013 Ci\u00eancias<\/li>\n\n\n\n<li>Professor II \u2013 Artes<\/li>\n\n\n\n<li>Professor II \u2013 Educa\u00e7\u00e3o F\u00edsica<\/li>\n\n\n\n<li>Professor II \u2013 Geografia<\/li>\n\n\n\n<li>Professor II \u2013 Hist\u00f3ria<\/li>\n\n\n\n<li>Professor II \u2013 Ingl\u00eas<\/li>\n\n\n\n<li>Professor II \u2013 L\u00edngua Portuguesa<\/li>\n\n\n\n<li>Professor II \u2013 Matem\u00e1tica<\/li>\n<\/ul>\n\n\n\n<p>Todas as fun\u00e7\u00f5es t\u00eam como exig\u00eancia o ensino superior completo e oferecem vencimento de&nbsp;<strong>R$24,32 por hora-aula.<\/strong><\/p>\n\n\n\n<p>A jornada de trabalho varia de acordo com a necessidade da Secretaria de Educa\u00e7\u00e3o, e o edital permite que o profissional acumule mais de uma fun\u00e7\u00e3o. Nesse caso, a carga hor\u00e1ria total n\u00e3o poder\u00e1 ultrapassar 65 horas semanais ou 78 horas-aula semanais, o que pode resultar em uma remunera\u00e7\u00e3o de at\u00e9&nbsp;<strong>R$8.212,66<\/strong>.<\/p>\n\n\n\n<h3 class=\"wp-block-heading\">Etapas de sele\u00e7\u00e3o<\/h3>\n\n\n\n<p>O concurso Prefeitura de S\u00e3o Jos\u00e9 dos Campos-SP est\u00e1 contando com apenas uma etapas de sele\u00e7\u00e3o: a prova objetiva.<\/p>\n\n\n\n<h4 class=\"wp-block-heading\">Prova Objetiva<\/h4>\n\n\n\n<p>A aplica\u00e7\u00e3o da prova objetiva ocorreu no dia<strong>&nbsp;28 de setembro de 2025<\/strong>. Ela foi composta por 40 quest\u00f5es, distribu\u00eddas da seguinte forma:<\/p>\n\n\n\n<ul class=\"wp-block-list\">\n<li>L\u00edngua Portuguesa \u2013 10 quest\u00f5es<\/li>\n\n\n\n<li>Matem\u00e1tica \u2013 5 quest\u00f5es<\/li>\n\n\n\n<li>Inform\u00e1tica \u2013 5 quest\u00f5es<\/li>\n\n\n\n<li>Conhecimentos Pedag\u00f3gicos \u2013 10 quest\u00f5es<\/li>\n\n\n\n<li>Conhecimentos Espec\u00edficos \u2013 10 quest\u00f5es<\/li>\n<\/ul>\n\n\n\n<p>Cada quest\u00e3o vale 1 ponto. Foi eliminado o candidato que n\u00e3o atingiu no m\u00ednimo 15 acertos.<\/p>\n\n\n\n<p><strong>Quer ficar por dentro de tudo sobre o universo de concursos?&nbsp;<a href=\"https:\/\/www.apostilasopcao.com.br\/blog\/noticias\/\">Confira as nossas not\u00edcias!<\/a><\/strong><\/p>\n","protected":false},"excerpt":{"rendered":"<p>O novo edital publicado do concurso Prefeitura de S\u00e3o Jos\u00e9 dos Campos-SP oferece 18 vagas para professores de n\u00edvel superior, com provas marcadas para mar\u00e7o. Saiba mais!<\/p>\n","protected":false},"author":12,"featured_media":7906,"comment_status":"closed","ping_status":"closed","sticky":false,"template":"","format":"standard","meta":{"_acf_changed":false,"breadcrumbs_single_post":"","page_title_panel":"","breadcrumbs_single_page":"","single_page_alignment":"","single_page_margin":"","page_structure_type":"","content_style_source":"","content_style":"","blog_post_streched_ed":"","blog_page_streched_ed":"","has_transparent_header":"","disable_transparent_header":"","vertical_spacing_source":"","content_area_spacing":"","single_post_content_background":"","single_page_content_background":"","single_post_boxed_content_spacing":"","single_page_boxed_content_spacing":"","single_post_content_boxed_radius":"","single_page_content_boxed_radius":"","disable_featured_image":"","disable_post_tags":"","disable_author_box":"","disable_posts_navigation":"","disable_comments":"","disable_related_posts":"","disable_header":"","disable_footer":"","footnotes":""},"categories":[4,6],"tags":[316],"class_list":["post-2982","post","type-post","status-publish","format-standard","has-post-thumbnail","hentry","category-noticias","category-sp","tag-concurso-prefeitura-de-sao-jose-dos-campos-sp","rishi-post"],"acf":{"data_prova":"20260329","status":"aberto"},"_links":{"self":[{"href":"https:\/\/www.apostilasopcao.com.br\/blog\/wp-json\/wp\/v2\/posts\/2982","targetHints":{"allow":["GET"]}}],"collection":[{"href":"https:\/\/www.apostilasopcao.com.br\/blog\/wp-json\/wp\/v2\/posts"}],"about":[{"href":"https:\/\/www.apostilasopcao.com.br\/blog\/wp-json\/wp\/v2\/types\/post"}],"author":[{"embeddable":true,"href":"https:\/\/www.apostilasopcao.com.br\/blog\/wp-json\/wp\/v2\/users\/12"}],"replies":[{"embeddable":true,"href":"https:\/\/www.apostilasopcao.com.br\/blog\/wp-json\/wp\/v2\/comments?post=2982"}],"version-history":[{"count":28,"href":"https:\/\/www.apostilasopcao.com.br\/blog\/wp-json\/wp\/v2\/posts\/2982\/revisions"}],"predecessor-version":[{"id":7913,"href":"https:\/\/www.apostilasopcao.com.br\/blog\/wp-json\/wp\/v2\/posts\/2982\/revisions\/7913"}],"wp:featuredmedia":[{"embeddable":true,"href":"https:\/\/www.apostilasopcao.com.br\/blog\/wp-json\/wp\/v2\/media\/7906"}],"wp:attachment":[{"href":"https:\/\/www.apostilasopcao.com.br\/blog\/wp-json\/wp\/v2\/media?parent=2982"}],"wp:term":[{"taxonomy":"category","embeddable":true,"href":"https:\/\/www.apostilasopcao.com.br\/blog\/wp-json\/wp\/v2\/categories?post=2982"},{"taxonomy":"post_tag","embeddable":true,"href":"https:\/\/www.apostilasopcao.com.br\/blog\/wp-json\/wp\/v2\/tags?post=2982"}],"curies":[{"name":"wp","href":"https:\/\/api.w.org\/{rel}","templated":true}]}}