{"id":3102,"date":"2025-07-29T10:54:01","date_gmt":"2025-07-29T13:54:01","guid":{"rendered":"https:\/\/www.apostilasopcao.com.br\/blog\/?p=3102"},"modified":"2025-08-05T14:00:46","modified_gmt":"2025-08-05T17:00:46","slug":"prefeitura-de-varginha-mg","status":"publish","type":"post","link":"https:\/\/www.apostilasopcao.com.br\/blog\/prefeitura-de-varginha-mg\/","title":{"rendered":"Concurso Prefeitura de Varginha-MG: Saiu o edital! 849 vagas de todos os n\u00edveis!"},"content":{"rendered":"\n<p>O edital do concurso <a href=\"https:\/\/www.apostilasopcao.com.br\/concurso\/prefeitura-municipal-de-varginha-mg\" data-type=\"link\" data-id=\"https:\/\/www.apostilasopcao.com.br\/concurso\/prefeitura-municipal-de-varginha-mg\">Prefeitura de Varginha<\/a>, em Minas Gerais, j\u00e1 foi publicado e oferece 849 vagas imediatas, al\u00e9m de cadastro reserva para diversos cargos de n\u00edveis fundamental, m\u00e9dio, t\u00e9cnico e superior. As remunera\u00e7\u00f5es variam de R$ 1.973,95 a R$ 8.632,82. Confira todos os detalhes!<\/p>\n\n\n\n<h2 class=\"wp-block-heading\">Resumo do edital<\/h2>\n\n\n\n<ul class=\"wp-block-list\">\n<li>Vagas: 849 + CR<\/li>\n\n\n\n<li>Inscri\u00e7\u00f5es: 24\/07\/2025 a 25\/08\/2025<\/li>\n\n\n\n<li>Taxa de Inscri\u00e7\u00e3o: R$ 55,00 a&nbsp;R$ 97,00<\/li>\n\n\n\n<li>Prova: 19\/10\/2025 e 26\/10\/2025<\/li>\n\n\n\n<li>Banca: Avan\u00e7a SP <\/li>\n\n\n\n<li><a href=\"https:\/\/www.apostilasopcao.com.br\/blog\/wp-content\/uploads\/2025\/07\/bbf347a7-caf3-4217-8384-d1fecd8e8711.pdf\" data-type=\"link\" data-id=\"https:\/\/www.apostilasopcao.com.br\/blog\/wp-content\/uploads\/2025\/07\/bbf347a7-caf3-4217-8384-d1fecd8e8711.pdf\">Baixe o edital<\/a><\/li>\n<\/ul>\n\n\n\n<h2 class=\"wp-block-heading\">Inscri\u00e7\u00e3o<\/h2>\n\n\n\n<p>Os interessados no concurso Prefeitura de Varginha dever\u00e3o se inscrever entre os dias 24 de julho e 25 de agosto de 2025, exclusivamente&nbsp;pelo&nbsp;<a href=\"https:\/\/www.avancasp.org.br\/informacoes\/197\/\" target=\"_blank\" data-type=\"link\" data-id=\"https:\/\/www.avancasp.org.br\/informacoes\/197\/\" rel=\"noreferrer noopener\">site da Avan\u00e7a SP<\/a>, banca organizadora do concurso.<\/p>\n\n\n\n<p>A taxa de inscri\u00e7\u00e3o varia de acordo com o n\u00edvel de escolaridade:<\/p>\n\n\n\n<ul class=\"wp-block-list\">\n<li> N\u00edvel fundamental: R$ 55,00<\/li>\n<\/ul>\n\n\n\n<ul class=\"wp-block-list\">\n<li>N\u00edvel m\u00e9dio\/t\u00e9cnico: R$ 73,00<\/li>\n\n\n\n<li>N\u00edvel superior: R$ &nbsp;97,00<\/li>\n<\/ul>\n\n\n\n<p>A taxa de inscri\u00e7\u00e3o deve ser paga at\u00e9 o dia 26 de agosto de 2025.<\/p>\n\n\n\n<p>Candidatos inscritos no Cad\u00danico poder\u00e3o solicitar isen\u00e7\u00e3o da taxa de inscri\u00e7\u00e3o entre os dias 24 e 29 de julho de 2025.<\/p>\n\n\n\n<h2 class=\"wp-block-heading\">Cargos, vagas e sal\u00e1rios<\/h2>\n\n\n\n<p>O concurso Prefeitura de Varginha oferece 849 vagas imediatas, al\u00e9m de oportunidades para forma\u00e7\u00e3o de cadastro reserva. Confira:<\/p>\n\n\n\n<h3 class=\"wp-block-heading\">N\u00edvel fundamental<\/h3>\n\n\n\n<ul class=\"wp-block-list\">\n<li>Motorista\n<ul class=\"wp-block-list\">\n<li>8 vagas + CR<\/li>\n\n\n\n<li>Sal\u00e1rio: R$ 2.062,33<\/li>\n<\/ul>\n<\/li>\n\n\n\n<li>Operador de Ve\u00edculos Pesados\n<ul class=\"wp-block-list\">\n<li>2 vagas + CR<\/li>\n\n\n\n<li>Sal\u00e1rio: R$ 2.062,33<\/li>\n<\/ul>\n<\/li>\n\n\n\n<li>Tratorista\n<ul class=\"wp-block-list\">\n<li>2 vagas + CR<\/li>\n\n\n\n<li>Sal\u00e1rio: R$ 2.062,33<\/li>\n<\/ul>\n<\/li>\n<\/ul>\n\n\n\n<h3 class=\"wp-block-heading\"> N\u00edvel m\u00e9dio\/t\u00e9cnico<\/h3>\n\n\n\n<ul class=\"wp-block-list\">\n<li>Agente Fiscal\n<ul class=\"wp-block-list\">\n<li>8 vagas + CR<\/li>\n\n\n\n<li>Sal\u00e1rio: R$ 3.093,55<\/li>\n<\/ul>\n<\/li>\n\n\n\n<li><a href=\"https:\/\/www.apostilasopcao.com.br\/apostila\/prefeitura-varginha-mg-auxiliar-creche\" data-type=\"link\" data-id=\"https:\/\/www.apostilasopcao.com.br\/apostila\/prefeitura-varginha-mg-auxiliar-creche\">Auxiliar de Creche<\/a>\n<ul class=\"wp-block-list\">\n<li>60 vagas + CR<\/li>\n\n\n\n<li>Sal\u00e1rio: R$ 1.973,95<\/li>\n<\/ul>\n<\/li>\n\n\n\n<li>Auxiliar de Dentista\n<ul class=\"wp-block-list\">\n<li>15 vagas + CR<\/li>\n\n\n\n<li>Sal\u00e1rio: R$ 1.973,95<\/li>\n<\/ul>\n<\/li>\n\n\n\n<li>Desenhista\n<ul class=\"wp-block-list\">\n<li>2 vagas + CR<\/li>\n\n\n\n<li>Sal\u00e1rio: R$ 3.682,91<\/li>\n<\/ul>\n<\/li>\n\n\n\n<li><a href=\"https:\/\/www.apostilasopcao.com.br\/apostila\/prefeitura-varginha-mg-oficial-administracao\" data-type=\"link\" data-id=\"https:\/\/www.apostilasopcao.com.br\/apostila\/prefeitura-varginha-mg-oficial-administracao\">Oficial de Administra\u00e7\u00e3o<\/a>\n<ul class=\"wp-block-list\">\n<li>70 vagas + CR<\/li>\n\n\n\n<li>Sal\u00e1rio: R$ 1.973,95<\/li>\n<\/ul>\n<\/li>\n\n\n\n<li><a href=\"https:\/\/www.apostilasopcao.com.br\/apostila\/prefeitura-varginha-mg-tecnico-enfermagem-urgencia-emergencia\" data-type=\"link\" data-id=\"https:\/\/www.apostilasopcao.com.br\/apostila\/prefeitura-varginha-mg-tecnico-enfermagem-urgencia-emergencia\">T\u00e9cnico em Enfermagem \u2013 Urg\u00eancia e Emerg\u00eancia<\/a>\n<ul class=\"wp-block-list\">\n<li>8 vagas + CR<\/li>\n\n\n\n<li>Sal\u00e1rio: R$ 1.973,95<\/li>\n<\/ul>\n<\/li>\n\n\n\n<li>T\u00e9cnico em Enfermagem \u2013 US\n<ul class=\"wp-block-list\">\n<li>41 vagas + CR<\/li>\n\n\n\n<li>Sal\u00e1rio: R$ 1.973,95<\/li>\n<\/ul>\n<\/li>\n\n\n\n<li>T\u00e9cnico em Inform\u00e1tica\n<ul class=\"wp-block-list\">\n<li>1 vaga + CR<\/li>\n\n\n\n<li>Sal\u00e1rio: R$ 3.240,92<\/li>\n<\/ul>\n<\/li>\n\n\n\n<li>T\u00e9cnico em Laborat\u00f3rio\n<ul class=\"wp-block-list\">\n<li>3 vagas + CR<\/li>\n\n\n\n<li>Sal\u00e1rio: R$ 1.973,95<\/li>\n<\/ul>\n<\/li>\n\n\n\n<li>T\u00e9cnico em Raio X\n<ul class=\"wp-block-list\">\n<li>1 vaga + CR<\/li>\n\n\n\n<li>Sal\u00e1rio: R$ 2.805,60<\/li>\n<\/ul>\n<\/li>\n<\/ul>\n\n\n\n<h3 class=\"wp-block-heading\">N\u00edvel superior<\/h3>\n\n\n\n<ul class=\"wp-block-list\">\n<li>Administrador\n<ul class=\"wp-block-list\">\n<li>2 vagas + Cadastro de Reserva<\/li>\n\n\n\n<li>Sal\u00e1rio: R$ 6.275,76<\/li>\n<\/ul>\n<\/li>\n\n\n\n<li>Arquiteto\n<ul class=\"wp-block-list\">\n<li>2 vagas + Cadastro de Reserva<\/li>\n\n\n\n<li>Sal\u00e1rio: R$ 6.275,76<\/li>\n<\/ul>\n<\/li>\n\n\n\n<li>Artista Design\n<ul class=\"wp-block-list\">\n<li>1  vaga + Cadastro de Reserva<\/li>\n\n\n\n<li>Sal\u00e1rio: R$ 6.275,76<\/li>\n<\/ul>\n<\/li>\n\n\n\n<li>Assistente Social\n<ul class=\"wp-block-list\">\n<li>7 vagas + Cadastro de Reserva<\/li>\n\n\n\n<li>Sal\u00e1rio: R$ 7.277,53<\/li>\n<\/ul>\n<\/li>\n\n\n\n<li>Assistente Social Escolar\n<ul class=\"wp-block-list\">\n<li>4 vagas + Cadastro de Reserva<\/li>\n\n\n\n<li>Sal\u00e1rio: R$ 7.277,53<\/li>\n<\/ul>\n<\/li>\n\n\n\n<li>Auditor Fiscal Tribut\u00e1rio\n<ul class=\"wp-block-list\">\n<li>1 vaga + Cadastro de Reserva<\/li>\n\n\n\n<li>Sal\u00e1rio: R$ 6.275,76<\/li>\n<\/ul>\n<\/li>\n\n\n\n<li>Bi\u00f3logo\n<ul class=\"wp-block-list\">\n<li>2 vagas + Cadastro de Reserva<\/li>\n\n\n\n<li>Sal\u00e1rio: R$ 7.277,53<\/li>\n<\/ul>\n<\/li>\n\n\n\n<li>Contador\n<ul class=\"wp-block-list\">\n<li>1 vaga + Cadastro de Reserva<\/li>\n\n\n\n<li>Sal\u00e1rio: R$ 6.275,76<\/li>\n<\/ul>\n<\/li>\n\n\n\n<li>Dentista \u2013 Endodontista\n<ul class=\"wp-block-list\">\n<li>2 vagas + Cadastro de Reserva<\/li>\n\n\n\n<li>Sal\u00e1rio: R$ 8.632,82<\/li>\n<\/ul>\n<\/li>\n\n\n\n<li>Dentista \u2013 Odontologia para pacientes com necessidades especiais\n<ul class=\"wp-block-list\">\n<li>1 vaga + Cadastro de Reserva<\/li>\n\n\n\n<li>Sal\u00e1rio: R$ 8.632,82<\/li>\n<\/ul>\n<\/li>\n\n\n\n<li>Dentista \u2013 Odontopediatra\n<ul class=\"wp-block-list\">\n<li>2 vagas + Cadastro de Reserva<\/li>\n\n\n\n<li>Sal\u00e1rio: R$ 8.632,82<\/li>\n<\/ul>\n<\/li>\n\n\n\n<li>Dentista \u2013 Ortodontista\n<ul class=\"wp-block-list\">\n<li>1 vaga + Cadastro de Reserva<\/li>\n\n\n\n<li>Sal\u00e1rio: R$ 8.632,82<\/li>\n<\/ul>\n<\/li>\n\n\n\n<li>Dentista \u2013 Periodontista\n<ul class=\"wp-block-list\">\n<li>1 vaga + Cadastro de Reserva<\/li>\n\n\n\n<li>Sal\u00e1rio: R$ 8.632,82<\/li>\n<\/ul>\n<\/li>\n\n\n\n<li>Dentista Cirurgi\u00e3o de Sa\u00fade da Fam\u00edlia\n<ul class=\"wp-block-list\">\n<li>19 vagas + Cadastro de Reserva<\/li>\n\n\n\n<li>Sal\u00e1rio: R$ 8.632,82<\/li>\n<\/ul>\n<\/li>\n\n\n\n<li>Economista\n<ul class=\"wp-block-list\">\n<li>2 vagas + Cadastro de Reserva<\/li>\n\n\n\n<li>Sal\u00e1rio: R$ 6.275,76<\/li>\n<\/ul>\n<\/li>\n\n\n\n<li>Educador Infantil\n<ul class=\"wp-block-list\">\n<li>78 vagas + Cadastro de Reserva<\/li>\n\n\n\n<li>Sal\u00e1rio: R$ 5.339,28<\/li>\n<\/ul>\n<\/li>\n\n\n\n<li>Enfermeiro\n<ul class=\"wp-block-list\">\n<li>25 vagas + Cadastro de Reserva<\/li>\n\n\n\n<li>Sal\u00e1rio: R$ 7.277,53<\/li>\n<\/ul>\n<\/li>\n\n\n\n<li>Enfermeiro \u2013 Urg\u00eancia e Emerg\u00eancia\n<ul class=\"wp-block-list\">\n<li>10 vagas + Cadastro de Reserva<\/li>\n\n\n\n<li>Sal\u00e1rio: R$ 7.277,53<\/li>\n<\/ul>\n<\/li>\n\n\n\n<li>Engenheiro Agr\u00f4nomo\n<ul class=\"wp-block-list\">\n<li>1 vaga + Cadastro de Reserva<\/li>\n\n\n\n<li>Sal\u00e1rio: R$ 6.275,76<\/li>\n<\/ul>\n<\/li>\n\n\n\n<li>Engenheiro Ambiental\n<ul class=\"wp-block-list\">\n<li>1 vaga + Cadastro de Reserva<\/li>\n\n\n\n<li>Sal\u00e1rio: R$ 6.275,76<\/li>\n<\/ul>\n<\/li>\n\n\n\n<li>Engenheiro Civil\n<ul class=\"wp-block-list\">\n<li>2 vagas + Cadastro de Reserva<\/li>\n\n\n\n<li>Sal\u00e1rio: R$ 6.275,76<\/li>\n<\/ul>\n<\/li>\n\n\n\n<li>Engenheiro de Tr\u00e1fego\n<ul class=\"wp-block-list\">\n<li>1 vaga + Cadastro de Reserva<\/li>\n\n\n\n<li>Sal\u00e1rio: R$ 6.275,76<\/li>\n<\/ul>\n<\/li>\n\n\n\n<li>Engenheiro Eletricista\n<ul class=\"wp-block-list\">\n<li>1 vaga + Cadastro de Reserva<\/li>\n\n\n\n<li>Sal\u00e1rio: R$ 6.275,76<\/li>\n<\/ul>\n<\/li>\n\n\n\n<li>Farmac\u00eautico Bioqu\u00edmico\n<ul class=\"wp-block-list\">\n<li>6 vagas + Cadastro de Reserva<\/li>\n\n\n\n<li>Sal\u00e1rio: R$ 7.277,53<\/li>\n<\/ul>\n<\/li>\n\n\n\n<li>Fisioterapeuta\n<ul class=\"wp-block-list\">\n<li>3 vagas + Cadastro de Reserva<\/li>\n\n\n\n<li>Sal\u00e1rio: R$ 7.277,53<\/li>\n<\/ul>\n<\/li>\n\n\n\n<li>Fonoaudi\u00f3logo\n<ul class=\"wp-block-list\">\n<li>5 vagas + Cadastro de Reserva<\/li>\n\n\n\n<li>Sal\u00e1rio: R$ 7.277,53<\/li>\n<\/ul>\n<\/li>\n\n\n\n<li>Inspetor Escolar\n<ul class=\"wp-block-list\">\n<li>2 vagas + Cadastro de Reserva<\/li>\n\n\n\n<li>Sal\u00e1rio: R$ 6.275,76<\/li>\n<\/ul>\n<\/li>\n\n\n\n<li>M\u00e9dico \u2013 Acupunturista\n<ul class=\"wp-block-list\">\n<li>1 vaga + Cadastro de Reserva<\/li>\n\n\n\n<li>Sal\u00e1rio: R$ 8.632,82<\/li>\n<\/ul>\n<\/li>\n\n\n\n<li>M\u00e9dico \u2013 Alergologista Pediatra\n<ul class=\"wp-block-list\">\n<li>1 vaga + Cadastro de Reserva<\/li>\n\n\n\n<li>Sal\u00e1rio: R$ 4.394,91<\/li>\n<\/ul>\n<\/li>\n\n\n\n<li>M\u00e9dico \u2013 Angiologista\n<ul class=\"wp-block-list\">\n<li>2 vagas + Cadastro de Reserva<\/li>\n\n\n\n<li>Sal\u00e1rio: R$ 8.632,82<\/li>\n<\/ul>\n<\/li>\n\n\n\n<li>M\u00e9dico \u2013 Cardiologista\n<ul class=\"wp-block-list\">\n<li>4 vagas + Cadastro de Reserva<\/li>\n\n\n\n<li>Sal\u00e1rio: R$ 8.632,82<\/li>\n<\/ul>\n<\/li>\n\n\n\n<li>M\u00e9dico \u2013 Cardiologista Pediatra\n<ul class=\"wp-block-list\">\n<li>1 vaga + Cadastro de Reserva<\/li>\n\n\n\n<li>Sal\u00e1rio: R$ 4.394,91<\/li>\n<\/ul>\n<\/li>\n\n\n\n<li>M\u00e9dico \u2013 Cirurgi\u00e3o Cabe\u00e7a e Pesco\u00e7o\n<ul class=\"wp-block-list\">\n<li>1 vaga + Cadastro de Reserva<\/li>\n\n\n\n<li>Sal\u00e1rio: R$ 8.632,82<\/li>\n<\/ul>\n<\/li>\n\n\n\n<li>M\u00e9dico \u2013 Cirurgi\u00e3o Geral\n<ul class=\"wp-block-list\">\n<li>4 vagas + Cadastro de Reserva<\/li>\n\n\n\n<li>Sal\u00e1rio: R$ 8.632,82<\/li>\n<\/ul>\n<\/li>\n\n\n\n<li>M\u00e9dico \u2013 Cirurgi\u00e3o Geral (Plantonista)\n<ul class=\"wp-block-list\">\n<li>5 vagas + Cadastro de Reserva<\/li>\n\n\n\n<li>Sal\u00e1rio: R$ 5.179,69<\/li>\n<\/ul>\n<\/li>\n\n\n\n<li>M\u00e9dico \u2013 Cl\u00ednico Geral\n<ul class=\"wp-block-list\">\n<li>69 vagas + Cadastro de Reserva<\/li>\n\n\n\n<li>Sal\u00e1rio: R$ 8.632,82<\/li>\n<\/ul>\n<\/li>\n\n\n\n<li>M\u00e9dico \u2013 Cl\u00ednico Geral (Plantonista)\n<ul class=\"wp-block-list\">\n<li>9 vagas + Cadastro de Reserva<\/li>\n\n\n\n<li>Sal\u00e1rio: R$ 5.179,69<\/li>\n<\/ul>\n<\/li>\n\n\n\n<li>M\u00e9dico \u2013 Cl\u00ednico Regulador\n<ul class=\"wp-block-list\">\n<li>2 vagas + Cadastro de Reserva<\/li>\n\n\n\n<li>Sal\u00e1rio: R$ 8.632,82<\/li>\n<\/ul>\n<\/li>\n\n\n\n<li>M\u00e9dico \u2013 Dermatologista\n<ul class=\"wp-block-list\">\n<li>1 vaga + Cadastro de Reserva<\/li>\n\n\n\n<li>Sal\u00e1rio: R$ 8.632,82<\/li>\n<\/ul>\n<\/li>\n\n\n\n<li>M\u00e9dico \u2013 Endocrinologista\n<ul class=\"wp-block-list\">\n<li>5 vagas + Cadastro de Reserva<\/li>\n\n\n\n<li>Sal\u00e1rio: R$ 8.632,82<\/li>\n<\/ul>\n<\/li>\n\n\n\n<li>M\u00e9dico \u2013 Endocrinologista Pediatra\n<ul class=\"wp-block-list\">\n<li>1 vaga + Cadastro de Reserva<\/li>\n\n\n\n<li>Sal\u00e1rio: R$ 4.394,91<\/li>\n<\/ul>\n<\/li>\n\n\n\n<li>M\u00e9dico \u2013 Gastroenterologista\n<ul class=\"wp-block-list\">\n<li>1 vaga + Cadastro de Reserva<\/li>\n\n\n\n<li>Sal\u00e1rio: R$ 8.632,82<\/li>\n<\/ul>\n<\/li>\n\n\n\n<li>M\u00e9dico \u2013 Gastroenterologista Pediatra\n<ul class=\"wp-block-list\">\n<li>1 vaga + Cadastro de Reserva<\/li>\n\n\n\n<li>Sal\u00e1rio: R$ 4.394,91<\/li>\n<\/ul>\n<\/li>\n\n\n\n<li>M\u00e9dico \u2013 Geriatra\n<ul class=\"wp-block-list\">\n<li>5 vagas + Cadastro de Reserva<\/li>\n\n\n\n<li>Sal\u00e1rio: R$ 8.632,82<\/li>\n<\/ul>\n<\/li>\n\n\n\n<li>M\u00e9dico \u2013 Ginecologista\n<ul class=\"wp-block-list\">\n<li>10 vagas + Cadastro de Reserva<\/li>\n\n\n\n<li>Sal\u00e1rio: R$ 8.632,82<\/li>\n<\/ul>\n<\/li>\n\n\n\n<li>M\u00e9dico \u2013 Hematologista\n<ul class=\"wp-block-list\">\n<li>1 vaga + Cadastro de Reserva<\/li>\n\n\n\n<li>Sal\u00e1rio: R$ 8.632,82<\/li>\n<\/ul>\n<\/li>\n\n\n\n<li>M\u00e9dico \u2013 Infectologista\n<ul class=\"wp-block-list\">\n<li>1 vaga + Cadastro de Reserva<\/li>\n\n\n\n<li>Sal\u00e1rio: R$ 8.632,82<\/li>\n<\/ul>\n<\/li>\n\n\n\n<li>M\u00e9dico \u2013 Neurologista\n<ul class=\"wp-block-list\">\n<li>2 vagas + Cadastro de Reserva<\/li>\n\n\n\n<li>Sal\u00e1rio: R$ 8.632,82<\/li>\n<\/ul>\n<\/li>\n\n\n\n<li>M\u00e9dico \u2013 Neuropediatra\n<ul class=\"wp-block-list\">\n<li>2 vagas + Cadastro de Reserva<\/li>\n\n\n\n<li>Sal\u00e1rio: R$ 8.632,82<\/li>\n<\/ul>\n<\/li>\n\n\n\n<li>M\u00e9dico \u2013 Oftalmologista\n<ul class=\"wp-block-list\">\n<li>2 vagas + Cadastro de Reserva<\/li>\n\n\n\n<li>Sal\u00e1rio: R$ 8.632,82<\/li>\n<\/ul>\n<\/li>\n\n\n\n<li>M\u00e9dico \u2013 Ortopedista\n<ul class=\"wp-block-list\">\n<li>4 vagas + Cadastro de Reserva<\/li>\n\n\n\n<li>Sal\u00e1rio: R$ 8.632,82<\/li>\n<\/ul>\n<\/li>\n\n\n\n<li>M\u00e9dico \u2013 Otorrinolaringologista\n<ul class=\"wp-block-list\">\n<li>2 vagas + Cadastro de Reserva<\/li>\n\n\n\n<li>Sal\u00e1rio: R$ 8.632,82<\/li>\n<\/ul>\n<\/li>\n\n\n\n<li>M\u00e9dico \u2013 Pediatra\n<ul class=\"wp-block-list\">\n<li>15 vagas + Cadastro de Reserva<\/li>\n\n\n\n<li>Sal\u00e1rio: R$ 8.632,82<\/li>\n<\/ul>\n<\/li>\n\n\n\n<li>M\u00e9dico \u2013 Pediatra (Plantonista)\n<ul class=\"wp-block-list\">\n<li>12 vagas + Cadastro de Reserva<\/li>\n\n\n\n<li>Sal\u00e1rio: R$ 5.179,69<\/li>\n<\/ul>\n<\/li>\n\n\n\n<li>M\u00e9dico \u2013 Pneumologista\n<ul class=\"wp-block-list\">\n<li>2 vagas + Cadastro de Reserva<\/li>\n\n\n\n<li>Sal\u00e1rio: R$ 4.394,91<\/li>\n<\/ul>\n<\/li>\n\n\n\n<li>M\u00e9dico \u2013 Pneumologista Pediatra\n<ul class=\"wp-block-list\">\n<li>1 vaga + Cadastro de Reserva<\/li>\n\n\n\n<li>Sal\u00e1rio: R$ 4.394,91<\/li>\n<\/ul>\n<\/li>\n\n\n\n<li>M\u00e9dico \u2013 Psiquiatra\n<ul class=\"wp-block-list\">\n<li>10 vagas + Cadastro de Reserva<\/li>\n\n\n\n<li>Sal\u00e1rio: R$ 8.632,82<\/li>\n<\/ul>\n<\/li>\n\n\n\n<li>M\u00e9dico \u2013 Radiologista\n<ul class=\"wp-block-list\">\n<li>2 vagas + Cadastro de Reserva<\/li>\n\n\n\n<li>Sal\u00e1rio: R$ 8.632,82<\/li>\n<\/ul>\n<\/li>\n\n\n\n<li>M\u00e9dico \u2013 Urologista\n<ul class=\"wp-block-list\">\n<li>3 vagas + Cadastro de Reserva<\/li>\n\n\n\n<li>Sal\u00e1rio: R$ 8.632,82<\/li>\n<\/ul>\n<\/li>\n\n\n\n<li>M\u00e9dico da Fam\u00edlia \u2013 PSF\n<ul class=\"wp-block-list\">\n<li>36 vagas + Cadastro de Reserva<\/li>\n\n\n\n<li>Sal\u00e1rio: R$ 19.639,94<\/li>\n<\/ul>\n<\/li>\n\n\n\n<li>M\u00e9dico do Trabalho\n<ul class=\"wp-block-list\">\n<li>1 vaga + Cadastro de Reserva<\/li>\n\n\n\n<li>Sal\u00e1rio: R$ 8.632,82<\/li>\n<\/ul>\n<\/li>\n\n\n\n<li>Nutricionista\n<ul class=\"wp-block-list\">\n<li>5 vagas + Cadastro de Reserva<\/li>\n\n\n\n<li>Sal\u00e1rio: R$ 7.277,53<\/li>\n<\/ul>\n<\/li>\n\n\n\n<li>Orientador Escolar\n<ul class=\"wp-block-list\">\n<li>6 vagas + Cadastro de Reserva<\/li>\n\n\n\n<li>Sal\u00e1rio: R$ 6.275,76<\/li>\n<\/ul>\n<\/li>\n\n\n\n<li>Paisagista\n<ul class=\"wp-block-list\">\n<li>1 vaga + Cadastro de Reserva<\/li>\n\n\n\n<li>Sal\u00e1rio: R$ 6.275,76<\/li>\n<\/ul>\n<\/li>\n\n\n\n<li>Professor PII\n<ul class=\"wp-block-list\">\n<li>119 vagas + Cadastro de Reserva<\/li>\n\n\n\n<li>Sal\u00e1rio: R$ 2.805,60<\/li>\n<\/ul>\n<\/li>\n\n\n\n<li>Professor PII \u2013 Arte\n<ul class=\"wp-block-list\">\n<li>5 vagas + Cadastro de Reserva<\/li>\n\n\n\n<li>Sal\u00e1rio: R$ 2.805,60<\/li>\n<\/ul>\n<\/li>\n\n\n\n<li>Professor PII \u2013 Ci\u00eancias\n<ul class=\"wp-block-list\">\n<li>3 vagas + Cadastro de Reserva<\/li>\n\n\n\n<li>Sal\u00e1rio: R$ 2.805,60<\/li>\n<\/ul>\n<\/li>\n\n\n\n<li>Professor PII \u2013 Geografia\n<ul class=\"wp-block-list\">\n<li>4 vagas + Cadastro de Reserva<\/li>\n\n\n\n<li>Sal\u00e1rio: R$ 2.805,60<\/li>\n<\/ul>\n<\/li>\n\n\n\n<li>Professor PII \u2013 Hist\u00f3ria\n<ul class=\"wp-block-list\">\n<li>2 vagas + Cadastro de Reserva<\/li>\n\n\n\n<li>Sal\u00e1rio: R$ 2.805,60<\/li>\n<\/ul>\n<\/li>\n\n\n\n<li>Professor PII \u2013 Matem\u00e1tica\n<ul class=\"wp-block-list\">\n<li>5 vagas + Cadastro de Reserva<\/li>\n\n\n\n<li>Sal\u00e1rio: R$ 2.805,60<\/li>\n<\/ul>\n<\/li>\n\n\n\n<li>Professor PII \u2013 Educa\u00e7\u00e3o F\u00edsica\n<ul class=\"wp-block-list\">\n<li>8 vagas + Cadastro de Reserva<\/li>\n\n\n\n<li>Sal\u00e1rio: R$ 2.805,60<\/li>\n<\/ul>\n<\/li>\n\n\n\n<li>Professor PII \u2013 Ensino Religioso\n<ul class=\"wp-block-list\">\n<li>5 vagas + Cadastro de Reserva<\/li>\n\n\n\n<li>Sal\u00e1rio: R$ 2.805,60<\/li>\n<\/ul>\n<\/li>\n\n\n\n<li>Professor PII \u2013 L\u00edngua Inglesa\n<ul class=\"wp-block-list\">\n<li>5 vagas + Cadastro de Reserva<\/li>\n\n\n\n<li>Sal\u00e1rio: R$ 2.805,60<\/li>\n<\/ul>\n<\/li>\n\n\n\n<li>Professor PII \u2013 L\u00edngua Portuguesa\n<ul class=\"wp-block-list\">\n<li>5 vagas + Cadastro de Reserva<\/li>\n\n\n\n<li>Sal\u00e1rio: R$ 2.805,60<\/li>\n<\/ul>\n<\/li>\n\n\n\n<li>Psic\u00f3logo\n<ul class=\"wp-block-list\">\n<li>9 vagas + Cadastro de Reserva<\/li>\n\n\n\n<li>Sal\u00e1rio: R$ 7.277,53<\/li>\n<\/ul>\n<\/li>\n\n\n\n<li>Psic\u00f3logo Escolar e Educacional\n<ul class=\"wp-block-list\">\n<li>4 vagas + Cadastro de Reserva<\/li>\n\n\n\n<li>Sal\u00e1rio: R$ 7.277,53<\/li>\n<\/ul>\n<\/li>\n\n\n\n<li>Psicopedagogo\n<ul class=\"wp-block-list\">\n<li>1 vaga + Cadastro de Reserva<\/li>\n\n\n\n<li>Sal\u00e1rio: R$ 6.275,76<\/li>\n<\/ul>\n<\/li>\n\n\n\n<li>Supervisor Pedag\u00f3gico\n<ul class=\"wp-block-list\">\n<li>20 vagas + Cadastro de Reserva<\/li>\n\n\n\n<li>Sal\u00e1rio: R$ 6.275,76<\/li>\n<\/ul>\n<\/li>\n\n\n\n<li>T\u00e9cnico Desportivo\n<ul class=\"wp-block-list\">\n<li>13 vagas + Cadastro de Reserva<\/li>\n\n\n\n<li>Sal\u00e1rio: R$ 6.275,76<\/li>\n<\/ul>\n<\/li>\n\n\n\n<li>Terapeuta Ocupacional\n<ul class=\"wp-block-list\">\n<li>2 vagas + Cadastro de Reserva<\/li>\n\n\n\n<li>Sal\u00e1rio: R$ 7.277,53<\/li>\n<\/ul>\n<\/li>\n\n\n\n<li>Veterin\u00e1rio\n<ul class=\"wp-block-list\">\n<li>4 vagas + Cadastro de Reserva<\/li>\n\n\n\n<li>Sal\u00e1rio: R$ 7.277,53<\/li>\n<\/ul>\n<\/li>\n<\/ul>\n\n\n\n<h2 class=\"wp-block-heading\">Requisitos para participar do concurso Prefeitura de Varginha<\/h2>\n\n\n\n<p>Para participar do concurso Prefeitura de varginha, os candidatos devem atender aos requisitos abaixo:<\/p>\n\n\n\n<ul class=\"wp-block-list\">\n<li>Ter sido aprovado e classificado no Concurso P\u00fablico na forma estabelecida neste Edital, em seus anexos e eventuais retifica\u00e7\u00f5es.<\/li>\n\n\n\n<li>Ter nacionalidade brasileira ou ser naturalizado com igualdade de direitos; no caso de nacionalidade portuguesa, estar amparado pelo Estatuto de Igualdade entre brasileiros e portugueses, com reconhecimento do gozo dos direitos pol\u00edticos, nos termos do \u00a71\u00ba do art. 12 da Constitui\u00e7\u00e3o da Rep\u00fablica Federativa do Brasil e na forma do disposto no art. 13 do Decreto Federal n\u00ba 70.436, de 18 de abril de 1972.<\/li>\n\n\n\n<li>Ter idade m\u00ednima de 18 (dezoito) anos completos ou ser emancipado na data da nomea\u00e7\u00e3o.<\/li>\n\n\n\n<li>Estar em pleno gozo dos direitos pol\u00edticos.<\/li>\n\n\n\n<li>Estar quite com as obriga\u00e7\u00f5es eleitorais.<\/li>\n\n\n\n<li>Estar quite com os deveres do servi\u00e7o militar, se do sexo masculino.<\/li>\n\n\n\n<li>Ter aptid\u00e3o f\u00edsica e mental para o exerc\u00edcio do cargo, bem como n\u00e3o apresentar defici\u00eancia que o incapacite para o exerc\u00edcio das fun\u00e7\u00f5es do cargo, conforme exame admissional a ser realizado pela Prefeitura Municipal de Varginha.<\/li>\n\n\n\n<li>N\u00e3o ter sido condenado \u00e0 pena privativa de liberdade transitada em julgado ou qualquer outra condena\u00e7\u00e3o incompat\u00edvel com o cargo.<\/li>\n\n\n\n<li>Estar inscrito regularmente no Cadastro de Pessoas F\u00edsicas (CPF).<\/li>\n\n\n\n<li>Comprovar o atendimento dos requisitos m\u00ednimos exigidos para o cargo, quando for o caso, na data da nomea\u00e7\u00e3o.<\/li>\n\n\n\n<li>Cumprir as determina\u00e7\u00f5es deste Edital.<\/li>\n\n\n\n<li>N\u00e3o ter sido demitido a bem do servi\u00e7o p\u00fablico nos \u00e2mbitos federal, estadual ou municipal.<\/li>\n\n\n\n<li>N\u00e3o estar aposentado pelo servi\u00e7o de qualquer dos entes federativos ou ser detentor de emprego, cargo ou fun\u00e7\u00e3o p\u00fablica, exceto nas hip\u00f3teses permitidas pelas al\u00edneas \u201ca\u201d, \u201cb\u201d e \u201cc\u201d do inciso XVI do artigo 37 da Constitui\u00e7\u00e3o Federal de 1988.<\/li>\n<\/ul>\n\n\n\n<h2 class=\"wp-block-heading\">Etapas de sele\u00e7\u00e3o<\/h2>\n\n\n\n<p>O concurso Prefeitura de Varginha ser\u00e1 composto por tr\u00eas etapas:<\/p>\n\n\n\n<ul class=\"wp-block-list\">\n<li>Prova objetiva: car\u00e1ter classificat\u00f3rio e eliminat\u00f3rio (para todos os cargos);<\/li>\n\n\n\n<li>Prova de t\u00edtulos: car\u00e1ter classificat\u00f3rio (para cargos do magist\u00e9rio); e<\/li>\n\n\n\n<li>Prova pr\u00e1tica: car\u00e1ter classificat\u00f3rio (para cargos de Motorista, Operador de Ve\u00edculos Pesados e Tratorista).<\/li>\n<\/ul>\n\n\n\n<h3 class=\"wp-block-heading\">Prova objetiva<\/h3>\n\n\n\n<p>A aplica\u00e7\u00e3o da prova objetiva do concurso Prefeitura de Varginha ocorrer\u00e1 nos dias 19 e 26 de outubro, confira as disciplinas cobradas para cada cargo:<\/p>\n\n\n\n<figure class=\"wp-block-image size-full\"><img loading=\"lazy\" decoding=\"async\" width=\"724\" height=\"638\" src=\"https:\/\/www.apostilasopcao.com.br\/blog\/wp-content\/uploads\/2025\/07\/tabela-da-prova-objetiva-do-concurso-Prefitura-de-Varginha-1.png\" alt=\"Tabela do concurso Prefeitura de Varginha.\n\" class=\"wp-image-3108\" srcset=\"https:\/\/www.apostilasopcao.com.br\/blog\/wp-content\/uploads\/2025\/07\/tabela-da-prova-objetiva-do-concurso-Prefitura-de-Varginha-1.png 724w, https:\/\/www.apostilasopcao.com.br\/blog\/wp-content\/uploads\/2025\/07\/tabela-da-prova-objetiva-do-concurso-Prefitura-de-Varginha-1-300x264.png 300w\" sizes=\"auto, (max-width: 724px) 100vw, 724px\" \/><\/figure>\n\n\n\n<figure class=\"wp-block-image size-full\"><img loading=\"lazy\" decoding=\"async\" width=\"720\" height=\"541\" src=\"https:\/\/www.apostilasopcao.com.br\/blog\/wp-content\/uploads\/2025\/07\/tabela-da-prova-objetiva-do-concurso-Prefitura-de-Varginha-2-c.png\" alt=\"Tabela da prova objetiva do concurso Prefeitura de Varginha.\n\" class=\"wp-image-3110\" srcset=\"https:\/\/www.apostilasopcao.com.br\/blog\/wp-content\/uploads\/2025\/07\/tabela-da-prova-objetiva-do-concurso-Prefitura-de-Varginha-2-c.png 720w, https:\/\/www.apostilasopcao.com.br\/blog\/wp-content\/uploads\/2025\/07\/tabela-da-prova-objetiva-do-concurso-Prefitura-de-Varginha-2-c-300x225.png 300w\" sizes=\"auto, (max-width: 720px) 100vw, 720px\" \/><\/figure>\n\n\n\n<p>Para ser aprovado nesta etapa, o candidato precisar\u00e1 alcan\u00e7ar, no m\u00ednimo, 50% da pontua\u00e7\u00e3o total, em uma escala que vai de 0 a 100 pontos.<\/p>\n\n\n\n<h3 class=\"wp-block-heading\">Prova pr\u00e1tica<\/h3>\n\n\n\n<p>A prova pr\u00e1tica do concurso Prefeitura de Varginha ser\u00e1 aplicada para os cargos de Motorista, Operador de Ve\u00edculos Pesados e Tratorista.<\/p>\n\n\n\n<p>Nessa fase, os candidatos realizar\u00e3o atividades ligadas \u00e0s atribui\u00e7\u00f5es do cargo, sendo avaliados por crit\u00e9rios objetivos. O objetivo \u00e9 verificar a habilidade pr\u00e1tica e a capacidade t\u00e9cnica necess\u00e1rias para o desempenho das fun\u00e7\u00f5es.<\/p>\n\n\n\n<h3 class=\"wp-block-heading\">Prova de t\u00edtulos<\/h3>\n\n\n\n<p>A prova de t\u00edtulos ser\u00e1 utilizada exclusivamente para a classifica\u00e7\u00e3o final e ter\u00e1 como objetivo avaliar as titula\u00e7\u00f5es acad\u00eamicas dos candidatos. A pontua\u00e7\u00e3o ser\u00e1 atribu\u00edda conforme os crit\u00e9rios previstos no edital, considerando cursos de especializa\u00e7\u00e3o, mestrado e doutorado. Confira:<\/p>\n\n\n\n<figure class=\"wp-block-image size-full\"><img loading=\"lazy\" decoding=\"async\" width=\"813\" height=\"318\" src=\"https:\/\/www.apostilasopcao.com.br\/blog\/wp-content\/uploads\/2025\/07\/tabela-da-prova-de-titulos-do-concurso-Prefitura-de-Varginha.png\" alt=\"Tabela da prova de \u00b4t\u00edtulos do concurso Prefeitura de Varginha.\n\" class=\"wp-image-3111\" srcset=\"https:\/\/www.apostilasopcao.com.br\/blog\/wp-content\/uploads\/2025\/07\/tabela-da-prova-de-titulos-do-concurso-Prefitura-de-Varginha.png 813w, https:\/\/www.apostilasopcao.com.br\/blog\/wp-content\/uploads\/2025\/07\/tabela-da-prova-de-titulos-do-concurso-Prefitura-de-Varginha-300x117.png 300w, https:\/\/www.apostilasopcao.com.br\/blog\/wp-content\/uploads\/2025\/07\/tabela-da-prova-de-titulos-do-concurso-Prefitura-de-Varginha-768x300.png 768w\" sizes=\"auto, (max-width: 813px) 100vw, 813px\" \/><\/figure>\n\n\n\n<h2 class=\"wp-block-heading\">Dica op\u00e7\u00e3o <\/h2>\n\n\n\n<p> Quer garantir sua prepara\u00e7\u00e3o?<br>Garanta j\u00e1 a Apostila Op\u00e7\u00e3o, feita especialmente para este concurso:<\/p>\n\n\n\n<ul class=\"wp-block-list\">\n<li>Conte\u00fado 100% atualizado e de acordo com o edital<\/li>\n\n\n\n<li>Exerc\u00edcios comentados e quest\u00f5es recentes da banca<\/li>\n\n\n\n<li>Linguagem simples e objetiva para facilitar o aprendizado<\/li>\n<\/ul>\n\n\n\n<p>N\u00e3o perca tempo!<\/p>\n\n\n\n<ul class=\"wp-block-list\">\n<li>Confira: <a href=\"https:\/\/www.apostilasopcao.com.br\/concurso\/prefeitura-municipal-de-varginha-mg\" data-type=\"link\" data-id=\"https:\/\/www.apostilasopcao.com.br\/concurso\/prefeitura-municipal-de-varginha-mg\">Apostila do concurso Prefeitura de Varginha.<\/a><\/li>\n<\/ul>\n\n\n\n<p><\/p>\n","protected":false},"excerpt":{"rendered":"<p>O edital do concurso Prefeitura de Varginha foi publicado com 849 vagas para todos os n\u00edveis de escolaridade! Sal\u00e1rios de at\u00e9 R$8 mil! Confira! <\/p>\n","protected":false},"author":11,"featured_media":3103,"comment_status":"closed","ping_status":"closed","sticky":false,"template":"","format":"standard","meta":{"_acf_changed":false,"breadcrumbs_single_post":"","page_title_panel":"","breadcrumbs_single_page":"","single_page_alignment":"","single_page_margin":"","page_structure_type":"","content_style_source":"","content_style":"","blog_post_streched_ed":"","blog_page_streched_ed":"","has_transparent_header":"","disable_transparent_header":"","vertical_spacing_source":"","content_area_spacing":"","single_post_content_background":"","single_page_content_background":"","single_post_boxed_content_spacing":"","single_page_boxed_content_spacing":"","single_post_content_boxed_radius":"","single_page_content_boxed_radius":"","disable_featured_image":"","disable_post_tags":"","disable_author_box":"","disable_posts_navigation":"","disable_comments":"","disable_related_posts":"","disable_header":"","disable_footer":"","footnotes":""},"categories":[4,16],"tags":[322],"class_list":["post-3102","post","type-post","status-publish","format-standard","has-post-thumbnail","hentry","category-noticias","category-mg","tag-concurso-prefeitura-de-varginha-mg","rishi-post"],"acf":{"data_prova":"20251019","status":"aberto"},"_links":{"self":[{"href":"https:\/\/www.apostilasopcao.com.br\/blog\/wp-json\/wp\/v2\/posts\/3102","targetHints":{"allow":["GET"]}}],"collection":[{"href":"https:\/\/www.apostilasopcao.com.br\/blog\/wp-json\/wp\/v2\/posts"}],"about":[{"href":"https:\/\/www.apostilasopcao.com.br\/blog\/wp-json\/wp\/v2\/types\/post"}],"author":[{"embeddable":true,"href":"https:\/\/www.apostilasopcao.com.br\/blog\/wp-json\/wp\/v2\/users\/11"}],"replies":[{"embeddable":true,"href":"https:\/\/www.apostilasopcao.com.br\/blog\/wp-json\/wp\/v2\/comments?post=3102"}],"version-history":[{"count":9,"href":"https:\/\/www.apostilasopcao.com.br\/blog\/wp-json\/wp\/v2\/posts\/3102\/revisions"}],"predecessor-version":[{"id":3523,"href":"https:\/\/www.apostilasopcao.com.br\/blog\/wp-json\/wp\/v2\/posts\/3102\/revisions\/3523"}],"wp:featuredmedia":[{"embeddable":true,"href":"https:\/\/www.apostilasopcao.com.br\/blog\/wp-json\/wp\/v2\/media\/3103"}],"wp:attachment":[{"href":"https:\/\/www.apostilasopcao.com.br\/blog\/wp-json\/wp\/v2\/media?parent=3102"}],"wp:term":[{"taxonomy":"category","embeddable":true,"href":"https:\/\/www.apostilasopcao.com.br\/blog\/wp-json\/wp\/v2\/categories?post=3102"},{"taxonomy":"post_tag","embeddable":true,"href":"https:\/\/www.apostilasopcao.com.br\/blog\/wp-json\/wp\/v2\/tags?post=3102"}],"curies":[{"name":"wp","href":"https:\/\/api.w.org\/{rel}","templated":true}]}}