{"id":3135,"date":"2025-07-29T13:36:37","date_gmt":"2025-07-29T16:36:37","guid":{"rendered":"https:\/\/www.apostilasopcao.com.br\/blog\/?p=3135"},"modified":"2025-08-05T13:55:08","modified_gmt":"2025-08-05T16:55:08","slug":"agsus","status":"publish","type":"post","link":"https:\/\/www.apostilasopcao.com.br\/blog\/agsus\/","title":{"rendered":"Concurso AgSUS: Saiu o edital com 130 vagas e iniciais de at\u00e9 R$ 16mil!"},"content":{"rendered":"\n<p>O edital do concurso AgSUS (<a href=\"https:\/\/www.apostilasopcao.com.br\/concurso\/agencia-brasileira-de-apoio-a-gestao-do-sus\" data-type=\"link\" data-id=\"https:\/\/www.apostilasopcao.com.br\/concurso\/agencia-brasileira-de-apoio-a-gestao-do-sus\">Ag\u00eancia Brasileira de Apoio \u00e0 Gest\u00e3o do SUS<\/a>) foi publicado com 130 vagas imediatas, al\u00e9m de forma\u00e7\u00e3o de cadastro de reserva, para cargos de n\u00edveis m\u00e9dio e superior. As remunera\u00e7\u00f5es iniciais podem chegar a <strong>R$16 mil<\/strong>. Confira os detalhes!<\/p>\n\n\n\n<h2 class=\"wp-block-heading\">Resumo do edital<\/h2>\n\n\n\n<ul class=\"wp-block-list\">\n<li>Vagas: 130 + CR<\/li>\n\n\n\n<li>Inscri\u00e7\u00f5es: 28\/07\/2025 a 25\/08\/2025<\/li>\n\n\n\n<li>Taxa de Inscri\u00e7\u00e3o:&nbsp;R$ 70,00 a R$ 120,00<\/li>\n\n\n\n<li>Prova: 12\/10\/2025<\/li>\n\n\n\n<li>Banca: FGV<\/li>\n\n\n\n<li><a href=\"https:\/\/www.apostilasopcao.com.br\/blog\/wp-content\/uploads\/2025\/07\/versao-final-rev-agsus-minuta-do-edital-de-abertuta-v-4-1.pdf\" data-type=\"link\" data-id=\"https:\/\/www.apostilasopcao.com.br\/blog\/wp-content\/uploads\/2025\/07\/versao-final-rev-agsus-minuta-do-edital-de-abertuta-v-4-1.pdf\">Baixe o edital<\/a><\/li>\n<\/ul>\n\n\n\n<h2 class=\"wp-block-heading\"> Inscri\u00e7\u00e3o<\/h2>\n\n\n\n<p>Os interessados no concurso AgSUS dever\u00e3o se inscrever entre os dias 28 de julho e 25 de agosto de 2025, exclusivamente&nbsp;pelo<a href=\"https:\/\/conhecimento.fgv.br\/concursos\" target=\"_blank\" data-type=\"link\" data-id=\"https:\/\/conhecimento.fgv.br\/concursos\" rel=\"noreferrer noopener\">&nbsp;site da FGV<\/a>, banca organizadora do concurso.<\/p>\n\n\n\n<p>A taxa de inscri\u00e7\u00e3o varia de acordo com o n\u00edvel de escolaridade:<\/p>\n\n\n\n<ul class=\"wp-block-list\">\n<li>N\u00edvel m\u00e9dio: R$ 70,00<\/li>\n\n\n\n<li>N\u00edvel superior: R$ 120,00<\/li>\n<\/ul>\n\n\n\n<p>A taxa de inscri\u00e7\u00e3o deve ser paga at\u00e9 o dia 26 de agosto de 2025<\/p>\n\n\n\n<p>Poder\u00e3o solicitar a isen\u00e7\u00e3o candidatos inscritos no Cad\u00danico e membros de fam\u00edlias de baixa renda. Os pedidos de isen\u00e7\u00e3o da taxa de inscri\u00e7\u00e3o poder\u00e3o ser feitos entre <strong>28 e 30 de julho de 2025<\/strong>, diretamente no site da FGV, mediante envio da documenta\u00e7\u00e3o exigida.<\/p>\n\n\n\n<h2 class=\"wp-block-heading\">Cargos, vagas e sal\u00e1rios<\/h2>\n\n\n\n<p>O concurso AgSUS oferece <strong>130 vagas imediatas<\/strong>, al\u00e9m de oportunidades para forma\u00e7\u00e3o de cadastro reserva. Confira:<\/p>\n\n\n\n<h3 class=\"wp-block-heading\">N\u00edvel m\u00e9dio<\/h3>\n\n\n\n<ul class=\"wp-block-list\">\n<li><strong><a href=\"https:\/\/www.apostilasopcao.com.br\/apostila\/agsus-auxiliar-gestao\" data-type=\"link\" data-id=\"https:\/\/www.apostilasopcao.com.br\/apostila\/agsus-auxiliar-gestao\">Auxiliar de Gest\u00e3o<\/a><\/strong>\n<ul class=\"wp-block-list\">\n<li>24 vagas + CR<\/li>\n\n\n\n<li>Sal\u00e1rio: R$ 4.000,00<\/li>\n<\/ul>\n<\/li>\n<\/ul>\n\n\n\n<h3 class=\"wp-block-heading\">N\u00edvel superior <\/h3>\n\n\n\n<ul class=\"wp-block-list\">\n<li><strong><a href=\"https:\/\/www.apostilasopcao.com.br\/apostila\/agsus-analista-gestao-administrativo\" data-type=\"link\" data-id=\"https:\/\/www.apostilasopcao.com.br\/apostila\/agsus-analista-gestao-administrativo\">Analista de Gest\u00e3o \u2013 Administrativo<\/a><\/strong>\n<ul class=\"wp-block-list\">\n<li>45 vagas + CR<\/li>\n\n\n\n<li>Sal\u00e1rio: R$ 8.800,00<\/li>\n<\/ul>\n<\/li>\n\n\n\n<li><strong>Analista de Gest\u00e3o \u2013 Advogado<\/strong>\n<ul class=\"wp-block-list\">\n<li>4 vagas + CR<\/li>\n\n\n\n<li>Sal\u00e1rio: R$ 8.800,00<\/li>\n<\/ul>\n<\/li>\n\n\n\n<li><strong>Analista de Gest\u00e3o \u2013 Arquiteto<\/strong>\n<ul class=\"wp-block-list\">\n<li>1 vaga + CR<\/li>\n\n\n\n<li>Sal\u00e1rio: R$ 10.302,00<\/li>\n<\/ul>\n<\/li>\n\n\n\n<li><strong>Analista de Gest\u00e3o \u2013 Comunica\u00e7\u00e3o Social<\/strong>\n<ul class=\"wp-block-list\">\n<li>1 vaga + CR<\/li>\n\n\n\n<li>Sal\u00e1rio: R$ 8.800,00<\/li>\n<\/ul>\n<\/li>\n\n\n\n<li><strong>Analista de Gest\u00e3o \u2013 Contabilidade<\/strong>\n<ul class=\"wp-block-list\">\n<li>3 vagas + CR<\/li>\n\n\n\n<li>Sal\u00e1rio: R$ 8.800,00<\/li>\n<\/ul>\n<\/li>\n\n\n\n<li><strong>Analista de Gest\u00e3o \u2013 Designer Gr\u00e1fico<\/strong>\n<ul class=\"wp-block-list\">\n<li>1 vaga + CR<\/li>\n\n\n\n<li>Sal\u00e1rio: R$ 8.800,00<\/li>\n<\/ul>\n<\/li>\n\n\n\n<li><strong>Analista de Gest\u00e3o \u2013 Enfermeiro do Trabalho<\/strong>\n<ul class=\"wp-block-list\">\n<li>1 vaga + CR<\/li>\n\n\n\n<li>Sal\u00e1rio: R$ 8.800,00<\/li>\n<\/ul>\n<\/li>\n\n\n\n<li><strong>Analista de Gest\u00e3o \u2013 Engenharia Civil<\/strong>\n<ul class=\"wp-block-list\">\n<li>1 vaga + CR<\/li>\n\n\n\n<li>Sal\u00e1rio: R$ 10.302,00<\/li>\n<\/ul>\n<\/li>\n\n\n\n<li><strong>Analista de Gest\u00e3o \u2013 Engenharia de Seguran\u00e7a do Trabalho<\/strong>\n<ul class=\"wp-block-list\">\n<li>1 vaga + CR<\/li>\n\n\n\n<li>Sal\u00e1rio: R$ 10.302,00<\/li>\n<\/ul>\n<\/li>\n\n\n\n<li><strong>Analista de Gest\u00e3o \u2013 Engenharia El\u00e9trica<\/strong>\n<ul class=\"wp-block-list\">\n<li>1 vaga + CR<\/li>\n\n\n\n<li>Sal\u00e1rio: R$ 10.302,00<\/li>\n<\/ul>\n<\/li>\n\n\n\n<li><strong>Analista de Gest\u00e3o \u2013 Medicina do Trabalho<\/strong>\n<ul class=\"wp-block-list\">\n<li>1 vaga + CR<\/li>\n\n\n\n<li>Sal\u00e1rio: R$ 16.663,50<\/li>\n<\/ul>\n<\/li>\n\n\n\n<li><strong>Analista de Gest\u00e3o \u2013 Psicologia<\/strong>\n<ul class=\"wp-block-list\">\n<li>3 vagas + CR<\/li>\n\n\n\n<li>Sal\u00e1rio: R$ 8.800,00<\/li>\n<\/ul>\n<\/li>\n\n\n\n<li><strong>Analista de Gest\u00e3o \u2013 Sa\u00fade P\u00fablica<\/strong>\n<ul class=\"wp-block-list\">\n<li>40 vagas + CR<\/li>\n\n\n\n<li>Sal\u00e1rio: R$ 8.800,00<\/li>\n<\/ul>\n<\/li>\n\n\n\n<li><strong>Analista de Gest\u00e3o \u2013 Tecnologia da Informa\u00e7\u00e3o<\/strong>\n<ul class=\"wp-block-list\">\n<li>3 vagas + CR<\/li>\n\n\n\n<li>Sal\u00e1rio: R$ 8.800,00<\/li>\n<\/ul>\n<\/li>\n<\/ul>\n\n\n\n<h2 class=\"wp-block-heading\">Requisitos para participar do concurso AgSUS<\/h2>\n\n\n\n<p>Para participar do concurso AgSUS, os candidatos devem atender aos requisitos abaixo: <\/p>\n\n\n\n<ul class=\"wp-block-list\">\n<li>Ter sido aprovado no processo seletivo, na forma estabelecida neste edital, em seus anexos e em suas retifica\u00e7\u00f5es;<\/li>\n\n\n\n<li>Apresentar os documentos comprobat\u00f3rios da escolaridade e dos requisitos constantes no Anexo II;<\/li>\n\n\n\n<li>Atender, se pessoa com defici\u00eancia, \u00e0s exig\u00eancias definidas no art. 4\u00ba do Decreto Federal n\u00ba 3.298\/1999, que regulamenta a Lei Federal n\u00ba 7.853\/1989 e altera\u00e7\u00f5es posteriores;<\/li>\n\n\n\n<li>Estar em dia com as obriga\u00e7\u00f5es eleitorais, requisito comprovado mediante certid\u00e3o emitida pelo Tribunal Regional Eleitoral (TRE), que poder\u00e1 ser obtida no site www.tse.gov.br, em Certid\u00f5es\/Certificado de Quita\u00e7\u00e3o Eleitoral;<\/li>\n\n\n\n<li>Estar em dia com os deveres do servi\u00e7o militar, para os candidatos do sexo masculino (Leis n\u00ba 4.375\/1964 e n\u00ba 4.754\/1965 e Decreto n\u00ba 57.654\/1966);<\/li>\n\n\n\n<li>Estar apto f\u00edsica e mentalmente para o exerc\u00edcio das atribui\u00e7\u00f5es do cargo, o que ser\u00e1 verificado por meio de per\u00edcia m\u00e9dica oficial;<\/li>\n\n\n\n<li>Ter, no m\u00ednimo, 18 (dezoito) anos de idade<\/li>\n<\/ul>\n\n\n\n<h2 class=\"wp-block-heading\"> Etapas de sele\u00e7\u00e3o<\/h2>\n\n\n\n<p>O concurso AgSUS ser\u00e1 composto pelas seguintes etapas:<\/p>\n\n\n\n<ul class=\"wp-block-list\">\n<li>Prova objetiva: car\u00e1ter eliminat\u00f3rio e classificat\u00f3rio;<\/li>\n\n\n\n<li>Avalia\u00e7\u00e3o de experi\u00eancia profissional: car\u00e1ter classificat\u00f3rio;<\/li>\n\n\n\n<li>Per\u00edcia m\u00e9dica: destinada aos candidatos que se declararem pessoas com defici\u00eancia;<\/li>\n\n\n\n<li>Heteroidentifica\u00e7\u00e3o:  voltada aos candidatos que se autodeclararem negros ou ind\u00edgenas.<\/li>\n<\/ul>\n\n\n\n<h4 class=\"wp-block-heading\">Prova objetiva<\/h4>\n\n\n\n<p>A prova objetiva do concurso AgSUS ser\u00e1 aplicada em <strong>12 de outubro de 2025<\/strong>, na cidade de Bras\u00edlia\/DF. O exame ter\u00e1 <strong>70 quest\u00f5es de m\u00faltipla escolha<\/strong>, sendo 40 de conhecimentos gerais e 30 de conhecimentos espec\u00edficos.<\/p>\n\n\n\n<h5 class=\"wp-block-heading\">Auxiliar de Gest\u00e3o<\/h5>\n\n\n\n<ul class=\"wp-block-list\">\n<li>L\u00edngua Portuguesa: 15 quest\u00f5es;<\/li>\n\n\n\n<li>Racioc\u00ednio L\u00f3gico e Matem\u00e1tico: 10 quest\u00f5es;<\/li>\n\n\n\n<li>Legisla\u00e7\u00e3o: 5 quest\u00f5es;<\/li>\n\n\n\n<li>No\u00e7\u00f5es de Inform\u00e1tica: 10 quest\u00f5es;<\/li>\n\n\n\n<li>Conhecimentos Espec\u00edficos: 30 quest\u00f5es.<\/li>\n<\/ul>\n\n\n\n<h5 class=\"wp-block-heading\">Analista de Gest\u00e3o \u2013 Administrativo<\/h5>\n\n\n\n<ul class=\"wp-block-list\">\n<li>L\u00edngua Portuguesa: 15 quest\u00f5es;<\/li>\n\n\n\n<li>Racioc\u00ednio L\u00f3gico e Matem\u00e1tico: 10 quest\u00f5es;<\/li>\n\n\n\n<li>Legisla\u00e7\u00e3o: 5 quest\u00f5es;<\/li>\n\n\n\n<li>No\u00e7\u00f5es de Inform\u00e1tica: 10 quest\u00f5es;<\/li>\n\n\n\n<li>Conhecimentos Espec\u00edficos: 30 quest\u00f5es.<\/li>\n<\/ul>\n\n\n\n<h5 class=\"wp-block-heading\"> Auxiliar de Gest\u00e3o \u2013 Demais Especialidades<\/h5>\n\n\n\n<ul class=\"wp-block-list\">\n<li>L\u00edngua Portuguesa: 15 quest\u00f5es;<\/li>\n\n\n\n<li>Racioc\u00ednio L\u00f3gico e Matem\u00e1tico: 05 quest\u00f5es;<\/li>\n\n\n\n<li>Legisla\u00e7\u00e3o: 10 quest\u00f5es;<\/li>\n\n\n\n<li>No\u00e7\u00f5es de Inform\u00e1tica: 10 quest\u00f5es;<\/li>\n\n\n\n<li>Conhecimentos Espec\u00edficos: 30 quest\u00f5es.<\/li>\n<\/ul>\n\n\n\n<p>Para ser aprovado, o candidato dever\u00e1 obter no m\u00ednimo 20 acertos em conhecimentos gerais, 15 acertos em conhecimentos espec\u00edficos e n\u00e3o zerar nenhuma disciplina.<\/p>\n\n\n\n<h4 class=\"wp-block-heading\">Avalia\u00e7\u00e3o de experi\u00eancia profissional<\/h4>\n\n\n\n<p>Essa etapa ser\u00e1 exclusiva para os cargos de n\u00edvel superior e ter\u00e1 <strong>pontua\u00e7\u00e3o m\u00e1xima de 10 pontos<\/strong>. Ser\u00e3o considerados os per\u00edodos de experi\u00eancia profissional na \u00e1rea de gest\u00e3o ou de assist\u00eancia em sa\u00fade p\u00fablica ou sa\u00fade ind\u00edgena. Confira os crit\u00e9rios de avalia\u00e7\u00e3o:<\/p>\n\n\n\n<figure class=\"wp-block-image size-full\"><img loading=\"lazy\" decoding=\"async\" width=\"904\" height=\"63\" src=\"https:\/\/www.apostilasopcao.com.br\/blog\/wp-content\/uploads\/2025\/07\/tabela-de-avaliacao-de-experencia-profissional-1.png\" alt=\"Tabela de experi\u00eancia profissional do concurso AgSUS.\n\" class=\"wp-image-3140\" srcset=\"https:\/\/www.apostilasopcao.com.br\/blog\/wp-content\/uploads\/2025\/07\/tabela-de-avaliacao-de-experencia-profissional-1.png 904w, https:\/\/www.apostilasopcao.com.br\/blog\/wp-content\/uploads\/2025\/07\/tabela-de-avaliacao-de-experencia-profissional-1-300x21.png 300w, https:\/\/www.apostilasopcao.com.br\/blog\/wp-content\/uploads\/2025\/07\/tabela-de-avaliacao-de-experencia-profissional-1-768x54.png 768w\" sizes=\"auto, (max-width: 904px) 100vw, 904px\" \/><\/figure>\n\n\n\n<figure class=\"wp-block-image size-full\"><img loading=\"lazy\" decoding=\"async\" width=\"791\" height=\"489\" src=\"https:\/\/www.apostilasopcao.com.br\/blog\/wp-content\/uploads\/2025\/07\/tabela-de-avaliacao-de-experencia-profissional-2.png\" alt=\"Tabela de avalia\u00e7\u00e3o profissional do concurso AgSUS.\" class=\"wp-image-3141\" srcset=\"https:\/\/www.apostilasopcao.com.br\/blog\/wp-content\/uploads\/2025\/07\/tabela-de-avaliacao-de-experencia-profissional-2.png 791w, https:\/\/www.apostilasopcao.com.br\/blog\/wp-content\/uploads\/2025\/07\/tabela-de-avaliacao-de-experencia-profissional-2-300x185.png 300w, https:\/\/www.apostilasopcao.com.br\/blog\/wp-content\/uploads\/2025\/07\/tabela-de-avaliacao-de-experencia-profissional-2-768x475.png 768w\" sizes=\"auto, (max-width: 791px) 100vw, 791px\" \/><\/figure>\n\n\n\n<figure class=\"wp-block-image size-full\"><img loading=\"lazy\" decoding=\"async\" width=\"817\" height=\"480\" src=\"https:\/\/www.apostilasopcao.com.br\/blog\/wp-content\/uploads\/2025\/07\/tabela-de-avaliacao-de-experencia-profissional-3.png\" alt=\"Tabela de avalia\u00e7\u00e3o profissional do concurso AgSUS. \n\" class=\"wp-image-3142\" srcset=\"https:\/\/www.apostilasopcao.com.br\/blog\/wp-content\/uploads\/2025\/07\/tabela-de-avaliacao-de-experencia-profissional-3.png 817w, https:\/\/www.apostilasopcao.com.br\/blog\/wp-content\/uploads\/2025\/07\/tabela-de-avaliacao-de-experencia-profissional-3-300x176.png 300w, https:\/\/www.apostilasopcao.com.br\/blog\/wp-content\/uploads\/2025\/07\/tabela-de-avaliacao-de-experencia-profissional-3-768x451.png 768w\" sizes=\"auto, (max-width: 817px) 100vw, 817px\" \/><\/figure>\n\n\n\n<h2 class=\"wp-block-heading\">Dica op\u00e7\u00e3o <\/h2>\n\n\n\n<p>Garanta sua aprova\u00e7\u00e3o no Concurso AgSUS!<\/p>\n\n\n\n<p>Estude com a Apostila Op\u00e7\u00e3o, elaborada de acordo com o edital oficial, com conte\u00fado atualizado e focado no que realmente cai na prova.<\/p>\n\n\n\n<ul class=\"wp-block-list\">\n<li>Material completo e f\u00e1cil de entender<\/li>\n\n\n\n<li>Conte\u00fado organizado por especialistas<\/li>\n\n\n\n<li>Exerc\u00edcios comentados para fixa\u00e7\u00e3o<\/li>\n\n\n\n<li>B\u00f4nus com dicas de estudo e planejamento<\/li>\n<\/ul>\n\n\n\n<p>N\u00e3o perca tempo! Quanto antes voc\u00ea come\u00e7ar, maiores ser\u00e3o as chances de conquistar a sua vaga.<\/p>\n\n\n\n<ul class=\"wp-block-list\">\n<li>Confira: <a href=\"https:\/\/www.apostilasopcao.com.br\/concurso\/agencia-brasileira-de-apoio-a-gestao-do-sus\" data-type=\"link\" data-id=\"https:\/\/www.apostilasopcao.com.br\/concurso\/agencia-brasileira-de-apoio-a-gestao-do-sus\">Apostila do concurso AgSUS. <\/a><\/li>\n<\/ul>\n\n\n\n<p><\/p>\n","protected":false},"excerpt":{"rendered":"<p>O concurso AgSUS oferece 130 vagas imediatas, al\u00e9m de cadastro de reserva, para cargos de n\u00edveis m\u00e9dio e superior. As remunera\u00e7\u00f5es iniciais chegam a R$ 16 mil.<\/p>\n","protected":false},"author":11,"featured_media":3139,"comment_status":"closed","ping_status":"closed","sticky":false,"template":"","format":"standard","meta":{"_acf_changed":false,"breadcrumbs_single_post":"","page_title_panel":"","breadcrumbs_single_page":"","single_page_alignment":"","single_page_margin":"","page_structure_type":"","content_style_source":"","content_style":"","blog_post_streched_ed":"","blog_page_streched_ed":"","has_transparent_header":"","disable_transparent_header":"","vertical_spacing_source":"","content_area_spacing":"","single_post_content_background":"","single_page_content_background":"","single_post_boxed_content_spacing":"","single_page_boxed_content_spacing":"","single_post_content_boxed_radius":"","single_page_content_boxed_radius":"","disable_featured_image":"","disable_post_tags":"","disable_author_box":"","disable_posts_navigation":"","disable_comments":"","disable_related_posts":"","disable_header":"","disable_footer":"","footnotes":""},"categories":[4,154],"tags":[324],"class_list":["post-3135","post","type-post","status-publish","format-standard","has-post-thumbnail","hentry","category-noticias","category-nacional","tag-concurso-agsus","rishi-post"],"acf":{"data_prova":"20251012","status":"aberto"},"_links":{"self":[{"href":"https:\/\/www.apostilasopcao.com.br\/blog\/wp-json\/wp\/v2\/posts\/3135","targetHints":{"allow":["GET"]}}],"collection":[{"href":"https:\/\/www.apostilasopcao.com.br\/blog\/wp-json\/wp\/v2\/posts"}],"about":[{"href":"https:\/\/www.apostilasopcao.com.br\/blog\/wp-json\/wp\/v2\/types\/post"}],"author":[{"embeddable":true,"href":"https:\/\/www.apostilasopcao.com.br\/blog\/wp-json\/wp\/v2\/users\/11"}],"replies":[{"embeddable":true,"href":"https:\/\/www.apostilasopcao.com.br\/blog\/wp-json\/wp\/v2\/comments?post=3135"}],"version-history":[{"count":7,"href":"https:\/\/www.apostilasopcao.com.br\/blog\/wp-json\/wp\/v2\/posts\/3135\/revisions"}],"predecessor-version":[{"id":3520,"href":"https:\/\/www.apostilasopcao.com.br\/blog\/wp-json\/wp\/v2\/posts\/3135\/revisions\/3520"}],"wp:featuredmedia":[{"embeddable":true,"href":"https:\/\/www.apostilasopcao.com.br\/blog\/wp-json\/wp\/v2\/media\/3139"}],"wp:attachment":[{"href":"https:\/\/www.apostilasopcao.com.br\/blog\/wp-json\/wp\/v2\/media?parent=3135"}],"wp:term":[{"taxonomy":"category","embeddable":true,"href":"https:\/\/www.apostilasopcao.com.br\/blog\/wp-json\/wp\/v2\/categories?post=3135"},{"taxonomy":"post_tag","embeddable":true,"href":"https:\/\/www.apostilasopcao.com.br\/blog\/wp-json\/wp\/v2\/tags?post=3135"}],"curies":[{"name":"wp","href":"https:\/\/api.w.org\/{rel}","templated":true}]}}