{"id":3145,"date":"2025-07-29T13:44:51","date_gmt":"2025-07-29T16:44:51","guid":{"rendered":"https:\/\/www.apostilasopcao.com.br\/blog\/?p=3145"},"modified":"2025-07-29T13:44:53","modified_gmt":"2025-07-29T16:44:53","slug":"prefeitura-de-aparecida-do-rio-doce-go","status":"publish","type":"post","link":"https:\/\/www.apostilasopcao.com.br\/blog\/prefeitura-de-aparecida-do-rio-doce-go\/","title":{"rendered":"Concurso Prefeitura de Aparecida do Rio Doce-GO: 64 vagas para todos os n\u00edveis!"},"content":{"rendered":"\n<p>O edital do concurso<a href=\"https:\/\/www.apostilasopcao.com.br\/\" data-type=\"link\" data-id=\"https:\/\/www.apostilasopcao.com.br\/\"> Prefeitura de Aparecida do Rio Doce<\/a>, em Goi\u00e1s, oferece 64 vagas imediatas, al\u00e9m de forma\u00e7\u00e3o de cadastro de reserva. As oportunidades s\u00e3o para cargos de n\u00edvel fundamental, m\u00e9dio, t\u00e9cnico e superior, com sal\u00e1rios que podem chegar a R$ 5,3 mil. Confira!<\/p>\n\n\n\n<h2 class=\"wp-block-heading\">Resumo do edital<\/h2>\n\n\n\n<ul class=\"wp-block-list\">\n<li>Vagas: 64+ CR <\/li>\n\n\n\n<li>Inscri\u00e7\u00f5es: 31\/08\/2025 a 30\/09\/2025<\/li>\n\n\n\n<li>Taxa de Inscri\u00e7\u00e3o: R$ 80,00 a R$ 130,00<\/li>\n\n\n\n<li>Prova: 09\/11\/2025<\/li>\n\n\n\n<li>Banca: Itame <\/li>\n\n\n\n<li><a href=\"https:\/\/www.apostilasopcao.com.br\/blog\/wp-content\/uploads\/2025\/07\/ff1c9b10-391a-40c4-85c9-340bd8f22214-GO.pdf\" data-type=\"link\" data-id=\"https:\/\/www.apostilasopcao.com.br\/blog\/wp-content\/uploads\/2025\/07\/ff1c9b10-391a-40c4-85c9-340bd8f22214-GO.pdf\">Baixe o edital<\/a><\/li>\n<\/ul>\n\n\n\n<h2 class=\"wp-block-heading\">Inscri\u00e7\u00f5es<\/h2>\n\n\n\n<p>Os interessados no concurso Prefeitura de Aparecida do Rio Doce dever\u00e3o se inscrever entre os dias 31 de agosto e 30 de setembro de 2025, exclusivamente&nbsp;pelo&nbsp;<a href=\"https:\/\/www.itame.com.br\/site\/index.aspx\" target=\"_blank\" data-type=\"link\" data-id=\"https:\/\/www.itame.com.br\/site\/index.aspx\" rel=\"noreferrer noopener\">site do Itame<\/a>, banca organizadora do concurso.<\/p>\n\n\n\n<p>A taxa de inscri\u00e7\u00e3o varia de acordo com o n\u00edvel de escolaridade:<\/p>\n\n\n\n<ul class=\"wp-block-list\">\n<li>N\u00edvel fundamental completo\/incompleto: R$ 80,00<\/li>\n\n\n\n<li>N\u00edvel m\u00e9dio: R$ 100,00<\/li>\n\n\n\n<li>N\u00edvel superior: R$ 130,00<\/li>\n<\/ul>\n\n\n\n<p>A taxa de inscri\u00e7\u00e3o deve ser paga at\u00e9 o dia 3 de outubro de 2025.<\/p>\n\n\n\n<p>Poder\u00e1 solicitar a isen\u00e7\u00e3o da taxa de inscri\u00e7\u00e3o o candidato de baixa renda, inscrito no Cad\u00danico , que declarar ser membro de fam\u00edlia economicamente hipossuficiente. A solicita\u00e7\u00e3o deve ser feita entre os dias dias 31 de agosto de 2025 a 6 de setembro de 2025.<\/p>\n\n\n\n<h2 class=\"wp-block-heading\">Cargos, vagas e sal\u00e1rios<\/h2>\n\n\n\n<p>O concurso da Prefeitura de Aparecida do Rio Doce oferece 64 vagas imediatas, al\u00e9m de oportunidades para forma\u00e7\u00e3o de cadastro de reserva. Confira:<\/p>\n\n\n\n<h3 class=\"wp-block-heading\">N\u00edvel fundamental incompleto<\/h3>\n\n\n\n<ul class=\"wp-block-list\">\n<li><strong>Gari<\/strong>\n<ul class=\"wp-block-list\">\n<li>3 vagas efetivas + 8 CR<\/li>\n\n\n\n<li>Sal\u00e1rio: R$ 1.383,47<\/li>\n\n\n\n<li>Carga hor\u00e1ria: 40h semanais<\/li>\n<\/ul>\n<\/li>\n\n\n\n<li><strong>Guarda Noturno<\/strong>\n<ul class=\"wp-block-list\">\n<li>3 vagas efetivas + 8 CR<\/li>\n\n\n\n<li>Sal\u00e1rio: R$ 1.383,47<\/li>\n\n\n\n<li>Carga hor\u00e1ria: 40h semanais<\/li>\n<\/ul>\n<\/li>\n<\/ul>\n\n\n\n<h3 class=\"wp-block-heading\">N\u00edvel fundamental completo<\/h3>\n\n\n\n<ul class=\"wp-block-list\">\n<li><strong>Eletricista<\/strong>\n<ul class=\"wp-block-list\">\n<li>1 vaga efetiva + 3 CR<\/li>\n\n\n\n<li>Sal\u00e1rio: R$ 1.669,70<\/li>\n\n\n\n<li>Carga hor\u00e1ria: 40h semanais<\/li>\n<\/ul>\n<\/li>\n\n\n\n<li><strong>Merendeira<\/strong>\n<ul class=\"wp-block-list\">\n<li>2 vagas efetivas + 5 CR<\/li>\n\n\n\n<li>Sal\u00e1rio: R$ 1.383,47<\/li>\n\n\n\n<li>Carga hor\u00e1ria: 40h semanais<\/li>\n<\/ul>\n<\/li>\n\n\n\n<li><strong>Motorista de Transporte Escolar<\/strong>\n<ul class=\"wp-block-list\">\n<li>5 vagas efetivas + 17 CR<\/li>\n\n\n\n<li>Sal\u00e1rio: R$ 2.623,81<\/li>\n\n\n\n<li>Carga hor\u00e1ria: 40h semanais<\/li>\n<\/ul>\n<\/li>\n\n\n\n<li><strong>Motorista da Sa\u00fade<\/strong>\n<ul class=\"wp-block-list\">\n<li>4 vagas efetivas + 11 CR<\/li>\n\n\n\n<li>Sal\u00e1rio: R$ 2.623,81<\/li>\n\n\n\n<li>Carga hor\u00e1ria: 40h semanais<\/li>\n<\/ul>\n<\/li>\n\n\n\n<li><strong>Operador de M\u00e1quinas<\/strong>\n<ul class=\"wp-block-list\">\n<li>1 vaga efetiva + 3 CR<\/li>\n\n\n\n<li>Sal\u00e1rio: R$ 2.385,27<\/li>\n\n\n\n<li>Carga hor\u00e1ria: 40h semanais<\/li>\n<\/ul>\n<\/li>\n<\/ul>\n\n\n\n<h3 class=\"wp-block-heading\">N\u00edvel m\u00e9dio\/t\u00e9cnico<\/h3>\n\n\n\n<ul class=\"wp-block-list\">\n<li><strong>Auxiliar de Dentista<\/strong>\n<ul class=\"wp-block-list\">\n<li>2 vagas efetivas + 5 CR<\/li>\n\n\n\n<li>Sal\u00e1rio: R$ 1.550,45<\/li>\n\n\n\n<li>Carga hor\u00e1ria: 40h semanais<\/li>\n<\/ul>\n<\/li>\n\n\n\n<li><strong>Lactarista<\/strong>\n<ul class=\"wp-block-list\">\n<li>1 vaga efetiva + 3 CR<\/li>\n\n\n\n<li>Sal\u00e1rio: R$ 1.431,17<\/li>\n\n\n\n<li>Carga hor\u00e1ria: 40h semanais<\/li>\n<\/ul>\n<\/li>\n\n\n\n<li><strong>Monitor Escolar<\/strong>\n<ul class=\"wp-block-list\">\n<li>5 vagas efetivas + 17 CR<\/li>\n\n\n\n<li>Sal\u00e1rio: R$ 1.669,70<\/li>\n\n\n\n<li>Carga hor\u00e1ria: 40h semanais<\/li>\n<\/ul>\n<\/li>\n\n\n\n<li><strong>T\u00e9cnico em Enfermagem<\/strong>\n<ul class=\"wp-block-list\">\n<li>4 vagas efetivas + 11 CR<\/li>\n\n\n\n<li>Sal\u00e1rio: R$ 2.623,81<\/li>\n\n\n\n<li>Carga hor\u00e1ria: 40h semanais<\/li>\n<\/ul>\n<\/li>\n\n\n\n<li><strong>T\u00e9cnico em Radiologia<\/strong>\n<ul class=\"wp-block-list\">\n<li>1 vaga efetiva + 3 CR<\/li>\n\n\n\n<li>Sal\u00e1rio: R$ 2.623,81<\/li>\n\n\n\n<li>Carga hor\u00e1ria: 24h semanais<\/li>\n<\/ul>\n<\/li>\n<\/ul>\n\n\n\n<h3 class=\"wp-block-heading\">N\u00edvel Superior<\/h3>\n\n\n\n<ul class=\"wp-block-list\">\n<li><strong>Agente de Contrata\u00e7\u00e3o<\/strong>\n<ul class=\"wp-block-list\">\n<li>1 vaga efetiva + 3 CR<\/li>\n\n\n\n<li>Sal\u00e1rio: R$ 3.577,93<\/li>\n\n\n\n<li>Carga hor\u00e1ria: 40h semanais<\/li>\n<\/ul>\n<\/li>\n\n\n\n<li><strong>Agente de Recursos Humanos<\/strong>\n<ul class=\"wp-block-list\">\n<li>1 vaga efetiva + 3 CR<\/li>\n\n\n\n<li>Sal\u00e1rio: R$ 3.577,93<\/li>\n\n\n\n<li>Carga hor\u00e1ria: 40h semanais<\/li>\n<\/ul>\n<\/li>\n\n\n\n<li><strong>Assistente Social<\/strong>\n<ul class=\"wp-block-list\">\n<li>1 vaga efetiva + 3 CR<\/li>\n\n\n\n<li>Sal\u00e1rio: R$ 3.577,93<\/li>\n\n\n\n<li>Carga hor\u00e1ria: 30h semanais<\/li>\n<\/ul>\n<\/li>\n\n\n\n<li><strong>Enfermeiro<\/strong>\n<ul class=\"wp-block-list\">\n<li>1 vaga efetiva + 3 CR<\/li>\n\n\n\n<li>Sal\u00e1rio: R$ 2.862,33<\/li>\n\n\n\n<li>Carga hor\u00e1ria: 40h semanais<\/li>\n<\/ul>\n<\/li>\n\n\n\n<li><strong>Farmac\u00eautico<\/strong>\n<ul class=\"wp-block-list\">\n<li>2 vagas efetivas + 5 CR<\/li>\n\n\n\n<li>Sal\u00e1rio: R$ 3.577,93<\/li>\n\n\n\n<li>Carga hor\u00e1ria: 40h semanais<\/li>\n<\/ul>\n<\/li>\n\n\n\n<li><strong>Fiscal Arrecadador<\/strong>\n<ul class=\"wp-block-list\">\n<li>1 vaga efetiva + 3 CR<\/li>\n\n\n\n<li>Sal\u00e1rio: R$ 2.385,27<\/li>\n\n\n\n<li>Carga hor\u00e1ria: 40h semanais<\/li>\n<\/ul>\n<\/li>\n\n\n\n<li><strong>Fisioterapeuta<\/strong>\n<ul class=\"wp-block-list\">\n<li>2 vagas efetivas + 5 CR<\/li>\n\n\n\n<li>Sal\u00e1rio: R$ 3.577,93<\/li>\n\n\n\n<li>Carga hor\u00e1ria: 30h semanais<\/li>\n<\/ul>\n<\/li>\n\n\n\n<li><strong>Fonoaudi\u00f3logo<\/strong>\n<ul class=\"wp-block-list\">\n<li>1 vaga efetiva + 3 CR<\/li>\n\n\n\n<li>Sal\u00e1rio: R$ 9.541,12<\/li>\n\n\n\n<li>Carga hor\u00e1ria: 40h semanais<\/li>\n<\/ul>\n<\/li>\n\n\n\n<li><strong>Nutricionista<\/strong>\n<ul class=\"wp-block-list\">\n<li>2 vagas efetivas + 5 CR<\/li>\n\n\n\n<li>Sal\u00e1rio: R$ 3.577,93<\/li>\n\n\n\n<li>Carga hor\u00e1ria: 40h semanais<\/li>\n<\/ul>\n<\/li>\n\n\n\n<li><strong>Odont\u00f3logo<\/strong>\n<ul class=\"wp-block-list\">\n<li>2 vagas efetivas + 5 CR<\/li>\n\n\n\n<li>Sal\u00e1rio: R$ 3.577,93<\/li>\n\n\n\n<li>Carga hor\u00e1ria: 40h semanais<\/li>\n<\/ul>\n<\/li>\n\n\n\n<li><strong>Professor N\u00edvel III \u2013 L\u00edngua Inglesa<\/strong>\n<ul class=\"wp-block-list\">\n<li>1 vaga efetiva + 3 CR<\/li>\n\n\n\n<li>Sal\u00e1rio: R$ 5.366,71<\/li>\n\n\n\n<li>Carga hor\u00e1ria: 40h semanais<\/li>\n<\/ul>\n<\/li>\n\n\n\n<li><strong>Professor N\u00edvel III \u2013 L\u00edngua Portuguesa<\/strong>\n<ul class=\"wp-block-list\">\n<li>1 vaga efetiva + 3 CR<\/li>\n\n\n\n<li>Sal\u00e1rio: R$ 5.366,71<\/li>\n\n\n\n<li>Carga hor\u00e1ria: 40h semanais<\/li>\n<\/ul>\n<\/li>\n\n\n\n<li><strong>Professor N\u00edvel III \u2013 Matem\u00e1tica<\/strong>\n<ul class=\"wp-block-list\">\n<li>1 vaga efetiva + 3 CR<\/li>\n\n\n\n<li>Sal\u00e1rio: R$ 5.366,71<\/li>\n\n\n\n<li>Carga hor\u00e1ria: 40h semanais<\/li>\n<\/ul>\n<\/li>\n\n\n\n<li><strong>Professor N\u00edvel III \u2013 Pedagogia<\/strong>\n<ul class=\"wp-block-list\">\n<li>9 vagas efetivas + 28 CR<\/li>\n\n\n\n<li>Sal\u00e1rio: R$ 5.366,71<\/li>\n\n\n\n<li>Carga hor\u00e1ria: 40h semanais<\/li>\n<\/ul>\n<\/li>\n\n\n\n<li><strong>Psic\u00f3logo<\/strong>\n<ul class=\"wp-block-list\">\n<li>2 vagas efetivas + 5 CR<\/li>\n\n\n\n<li>Sal\u00e1rio: R$ 3.577,93<\/li>\n\n\n\n<li>Carga hor\u00e1ria: 40h semanais<\/li>\n<\/ul>\n<\/li>\n\n\n\n<li><strong>Secret\u00e1rio Escolar<\/strong>\n<ul class=\"wp-block-list\">\n<li>1 vaga efetiva + 3 CR<\/li>\n\n\n\n<li>Sal\u00e1rio: R$ 2.385,27<\/li>\n\n\n\n<li>Carga hor\u00e1ria: 40h semanais<\/li>\n<\/ul>\n<\/li>\n<\/ul>\n\n\n\n<h2 class=\"wp-block-heading\">Requisitos para participar do concurso Prefeitura de Aparecida do Rio Doce<\/h2>\n\n\n\n<p>Para participar do concurso Prefeitura de Aparecida do Rio Doce, os candidatos devem atender aos requisitos abaixo: <\/p>\n\n\n\n<ul class=\"wp-block-list\">\n<li>Ser brasileiro nato, naturalizado ou cidad\u00e3o portugu\u00eas com igualdade de direitos e obriga\u00e7\u00f5es civis e pol\u00edticos.<\/li>\n\n\n\n<li>Possuir no m\u00ednimo 18 anos completos na data da posse.<\/li>\n\n\n\n<li>Comprovar quita\u00e7\u00e3o com as obriga\u00e7\u00f5es eleitorais e, se homem, com o servi\u00e7o militar.<\/li>\n\n\n\n<li>Estar em pleno gozo dos direitos civis e pol\u00edticos.<\/li>\n\n\n\n<li>Comprovar aptid\u00e3o f\u00edsica e mental por meio dos exames exigidos no edital ou na convoca\u00e7\u00e3o para posse.<\/li>\n\n\n\n<li>Comprovar os pr\u00e9-requisitos ou habilita\u00e7\u00f5es exigidas para o cargo, incluindo registro no \u00f3rg\u00e3o de classe competente, quando necess\u00e1rio.<\/li>\n\n\n\n<li>N\u00e3o ter sido respons\u00e1vel por atos julgados irregulares por decis\u00e3o definitiva do Tribunal de Contas da Uni\u00e3o, do Estado, dos Munic\u00edpios ou de Conselho de Contas Municipal.<\/li>\n\n\n\n<li>N\u00e3o estar cumprindo nem ter sofrido penalidade por pr\u00e1tica de improbidade administrativa em \u00f3rg\u00e3o p\u00fablico.<\/li>\n\n\n\n<li>N\u00e3o possuir san\u00e7\u00e3o que impe\u00e7a o exerc\u00edcio de cargo ou emprego p\u00fablico.<\/li>\n\n\n\n<li>Ser aprovado em todas as etapas do concurso.<\/li>\n\n\n\n<li>Comprovar o n\u00edvel de escolaridade e demais requisitos exigidos para posse.<\/li>\n\n\n\n<li>Apresentar certid\u00f5es negativas criminais da Justi\u00e7a Estadual, Federal e do cart\u00f3rio distribuidor c\u00edvel da comarca de resid\u00eancia.<\/li>\n\n\n\n<li>Atender \u00e0s demais exig\u00eancias previstas na legisla\u00e7\u00e3o vigente.<\/li>\n<\/ul>\n\n\n\n<h2 class=\"wp-block-heading\">Etapas de sele\u00e7\u00e3o<\/h2>\n\n\n\n<p>O concurso ser\u00e1 composto por at\u00e9 quatro fases, conforme o cargo:<\/p>\n\n\n\n<ul class=\"wp-block-list\">\n<li>Prova objetiva: car\u00e1ter eliminat\u00f3rio e classificat\u00f3rio para todos os cargos;<\/li>\n\n\n\n<li>Prova de reda\u00e7\u00e3o:&nbsp;para os cargos de Professor N\u00edvel III &#8211; L\u00edngua Inglesa, Professor N\u00edvel III &#8211; L\u00edngua Portuguesa, Professor N\u00edvel III &#8211; Matem\u00e1tica e Professor N\u00edvel III &#8211; Pedagogia;<\/li>\n\n\n\n<li>Prova de t\u00edtulos: car\u00e1ter classificat\u00f3rio para os Professores, Fisioterapeuta, Fonoaudi\u00f3logo, Odont\u00f3logo e Psic\u00f3logo;<\/li>\n\n\n\n<li>Prova de aptid\u00e3o f\u00edsica: de car\u00e1ter eliminat\u00f3rio para Gari e Guarda Noturno;<\/li>\n\n\n\n<li>Prova pr\u00e1tica: de car\u00e1ter eliminat\u00f3rio e classificat\u00f3rio para Motorista e Operador de M\u00e1quinas.<\/li>\n<\/ul>\n\n\n\n<h4 class=\"wp-block-heading\">Prova Objetiva<\/h4>\n\n\n\n<p>As provas objetivas est\u00e3o previstas para o dia 9 de novembro de 2025. A confirma\u00e7\u00e3o da data, assim como os locais de aplica\u00e7\u00e3o, ser\u00e1 divulgada em 3 de novembro no site oficial do concurso. Confira as disciplinas cobradas de acordo cada cargo:<\/p>\n\n\n\n<figure class=\"wp-block-image size-full\"><img loading=\"lazy\" decoding=\"async\" width=\"871\" height=\"453\" src=\"https:\/\/www.apostilasopcao.com.br\/blog\/wp-content\/uploads\/2025\/07\/tabela-dA-PROVA-OBJRTIVA-DO-CONCURSO-DE-GO-1.png\" alt=\"tabela da prova objetiva do concurso Prefeitura de Aparecida do Rio Doce.\" class=\"wp-image-3149\" srcset=\"https:\/\/www.apostilasopcao.com.br\/blog\/wp-content\/uploads\/2025\/07\/tabela-dA-PROVA-OBJRTIVA-DO-CONCURSO-DE-GO-1.png 871w, https:\/\/www.apostilasopcao.com.br\/blog\/wp-content\/uploads\/2025\/07\/tabela-dA-PROVA-OBJRTIVA-DO-CONCURSO-DE-GO-1-300x156.png 300w, https:\/\/www.apostilasopcao.com.br\/blog\/wp-content\/uploads\/2025\/07\/tabela-dA-PROVA-OBJRTIVA-DO-CONCURSO-DE-GO-1-768x399.png 768w\" sizes=\"auto, (max-width: 871px) 100vw, 871px\" \/><\/figure>\n\n\n\n<figure class=\"wp-block-image size-full\"><img loading=\"lazy\" decoding=\"async\" width=\"863\" height=\"242\" src=\"https:\/\/www.apostilasopcao.com.br\/blog\/wp-content\/uploads\/2025\/07\/tabela-dA-PROVA-OBJRTIVA-DO-CONCURSO-DE-GO-2.png\" alt=\"tabela da prova objetiva do concurso Prefeitura de Aparecida do Rio Doce.\" class=\"wp-image-3150\" srcset=\"https:\/\/www.apostilasopcao.com.br\/blog\/wp-content\/uploads\/2025\/07\/tabela-dA-PROVA-OBJRTIVA-DO-CONCURSO-DE-GO-2.png 863w, https:\/\/www.apostilasopcao.com.br\/blog\/wp-content\/uploads\/2025\/07\/tabela-dA-PROVA-OBJRTIVA-DO-CONCURSO-DE-GO-2-300x84.png 300w, https:\/\/www.apostilasopcao.com.br\/blog\/wp-content\/uploads\/2025\/07\/tabela-dA-PROVA-OBJRTIVA-DO-CONCURSO-DE-GO-2-768x215.png 768w\" sizes=\"auto, (max-width: 863px) 100vw, 863px\" \/><\/figure>\n\n\n\n<figure class=\"wp-block-image size-full\"><img loading=\"lazy\" decoding=\"async\" width=\"857\" height=\"258\" src=\"https:\/\/www.apostilasopcao.com.br\/blog\/wp-content\/uploads\/2025\/07\/tabela-dA-PROVA-OBJRTIVA-DO-CONCURSO-DE-GO-3.png\" alt=\"Tabela da prova objetiva do concurso Prefeitura de Aparecida do Rio Doce.\" class=\"wp-image-3151\" srcset=\"https:\/\/www.apostilasopcao.com.br\/blog\/wp-content\/uploads\/2025\/07\/tabela-dA-PROVA-OBJRTIVA-DO-CONCURSO-DE-GO-3.png 857w, https:\/\/www.apostilasopcao.com.br\/blog\/wp-content\/uploads\/2025\/07\/tabela-dA-PROVA-OBJRTIVA-DO-CONCURSO-DE-GO-3-300x90.png 300w, https:\/\/www.apostilasopcao.com.br\/blog\/wp-content\/uploads\/2025\/07\/tabela-dA-PROVA-OBJRTIVA-DO-CONCURSO-DE-GO-3-768x231.png 768w\" sizes=\"auto, (max-width: 857px) 100vw, 857px\" \/><\/figure>\n\n\n\n<h4 class=\"wp-block-heading\">Prova de Reda\u00e7\u00e3o<\/h4>\n\n\n\n<p>A prova discursiva de reda\u00e7\u00e3o ser\u00e1 aplicada apenas aos candidatos aos cargos de Professor N\u00edvel III (L\u00edngua Inglesa, L\u00edngua Portuguesa, Matem\u00e1tica e Pedagogia) e consistir\u00e1 na elabora\u00e7\u00e3o de um texto dissertativo-argumentativo.<\/p>\n\n\n\n<p>Ela ocorrer\u00e1 no mesmo dia da prova objetiva, com acr\u00e9scimo de 30 minutos ao tempo total da avalia\u00e7\u00e3o.<\/p>\n\n\n\n<p>O texto dever\u00e1 ter entre 20 e 25 linhas, ser escrito de forma leg\u00edvel e abordar o tema proposto pela banca. Para ser aprovado, o candidato precisar\u00e1 obter nota igual ou superior a 10 pontos.<\/p>\n\n\n\n<h4 class=\"wp-block-heading\">Prova de T\u00edtulos<\/h4>\n\n\n\n<p>A prova de t\u00edtulos, ser\u00e1 destinada aos candidatos aprovados nas provas objetivas e de reda\u00e7\u00e3o para os cargos de Professor N\u00edvel III \u2013 L\u00edngua Inglesa, L\u00edngua Portuguesa, Matem\u00e1tica e Pedagogia.<\/p>\n\n\n\n<p>Tamb\u00e9m haver\u00e1 prova de t\u00edtulos para os cargos de Fisioterapeuta, Fonoaudi\u00f3logo, Odont\u00f3logo e Psic\u00f3logo, sendo aplicada aos candidatos aprovados e classificados na prova objetiva. <\/p>\n\n\n\n<p>Confira os t\u00edtulos que ser\u00e3o aceitos:<\/p>\n\n\n\n<figure class=\"wp-block-image size-full\"><img loading=\"lazy\" decoding=\"async\" width=\"851\" height=\"379\" src=\"https:\/\/www.apostilasopcao.com.br\/blog\/wp-content\/uploads\/2025\/07\/tabela-dA-PROVA-de-titulos-DO-CONCURSO-DE-GO-33.png\" alt=\"tabela de avalia\u00e7\u00e3o de t\u00edtulos do concurso Prefeitura de Aparecida do Rio Doce.\n\" class=\"wp-image-3153\" srcset=\"https:\/\/www.apostilasopcao.com.br\/blog\/wp-content\/uploads\/2025\/07\/tabela-dA-PROVA-de-titulos-DO-CONCURSO-DE-GO-33.png 851w, https:\/\/www.apostilasopcao.com.br\/blog\/wp-content\/uploads\/2025\/07\/tabela-dA-PROVA-de-titulos-DO-CONCURSO-DE-GO-33-300x134.png 300w, https:\/\/www.apostilasopcao.com.br\/blog\/wp-content\/uploads\/2025\/07\/tabela-dA-PROVA-de-titulos-DO-CONCURSO-DE-GO-33-768x342.png 768w\" sizes=\"auto, (max-width: 851px) 100vw, 851px\" \/><\/figure>\n\n\n\n<h4 class=\"wp-block-heading\">Prova de Aptid\u00e3o F\u00edsica<\/h4>\n\n\n\n<p>A prova de aptid\u00e3o f\u00edsica ser\u00e1 realizada apenas para os candidatos aos cargos de Gari e Guarda Noturno que forem aprovados e classificados na prova objetiva.<\/p>\n\n\n\n<p>Ela acontecer\u00e1 nos dias 20 e\/ou 21 de dezembro de 2025, no munic\u00edpio de Aparecida do Rio Doce (GO). Os locais e hor\u00e1rios ser\u00e3o informados no site da itame, sendo de responsabilidade do candidato comparecer no local definido.<\/p>\n\n\n\n<p>A prova tem como objetivo avaliar se o candidato possui condi\u00e7\u00f5es f\u00edsicas para desempenhar as atividades exigidas pelo cargo.<\/p>\n\n\n\n<h4 class=\"wp-block-heading\">Prova pr\u00e1tica <\/h4>\n\n\n\n<p>As provas pr\u00e1ticas do concurso da Prefeitura de Aparecida do Rio Doce ser\u00e3o realizadas para os cargos de <strong>Operador de M\u00e1quinas<\/strong> e <strong>Motorista de Transporte Escolar<\/strong>, sendo etapas presenciais que avaliam as habilidades espec\u00edficas de cada fun\u00e7\u00e3o.<\/p>\n\n\n\n<p>Para o cargo de Operador de M\u00e1quinas, a prova ter\u00e1 car\u00e1ter eliminat\u00f3rio e classificat\u00f3rio. O candidato dever\u00e1 apresentar documento de identifica\u00e7\u00e3o com foto, comprovante de inscri\u00e7\u00e3o e Carteira Nacional de Habilita\u00e7\u00e3o. O exame ser\u00e1 aplicado nos dias <strong>20 e\/ou 21 de dezembro de 2025<\/strong> e ir\u00e1 avaliar conhecimentos pr\u00e1ticos relacionados ao painel de instrumentos, sistemas hidr\u00e1ulico, de arrefecimento e eletr\u00f4nico, al\u00e9m de aspectos como material rodante, abastecimento, funcionamento do motor, pontos de lubrifica\u00e7\u00e3o, partida, deslocamento e manobras.<\/p>\n\n\n\n<p>J\u00e1 para o cargo de <strong>Motorista de Transporte Escolar<\/strong>, a prova pr\u00e1tica ter\u00e1 car\u00e1ter <strong>classificat\u00f3rio<\/strong> e ser\u00e1 realizada nas mesmas datas: <strong>20 e 21 de dezembro de 2025<\/strong>. Essa etapa tem como objetivo verificar a capacidade t\u00e9cnica do candidato para conduzir o transporte escolar, considerando as exig\u00eancias espec\u00edficas da fun\u00e7\u00e3o.<\/p>\n\n\n\n<p>Em ambos os casos, os locais e hor\u00e1rios ser\u00e3o divulgados em edital espec\u00edfico nos sites Itame e Aparecida do Rio Doce, e caber\u00e1 ao candidato acompanhar todas as publica\u00e7\u00f5es.<\/p>\n\n\n\n<p>Somente os candidatos <strong>aprovados na prova objetiva<\/strong> ser\u00e3o convocados para a realiza\u00e7\u00e3o das provas pr\u00e1ticas.<\/p>\n\n\n\n<h2 class=\"wp-block-heading\">Dica op\u00e7\u00e3o <\/h2>\n\n\n\n<p>Garanta j\u00e1 a sua prepara\u00e7\u00e3o com a Apostila Op\u00e7\u00e3o para o Concurso  Prefeitura de Aparecida do Rio Doce!<br>Com conte\u00fado atualizado e focado no edital, voc\u00ea vai estudar de forma pr\u00e1tica, objetiva e aumentar muito suas chances de aprova\u00e7\u00e3o.<\/p>\n\n\n\n<ul class=\"wp-block-list\">\n<li><strong>Teoria simplificada e direta ao ponto<\/strong><\/li>\n\n\n\n<li><strong>Exerc\u00edcios gabaritados para fixa\u00e7\u00e3o<\/strong><\/li>\n\n\n\n<li><strong>Conte\u00fado 100% de acordo com o edital<\/strong><\/li>\n<\/ul>\n\n\n\n<p>N\u00e3o perca tempo! Clique aqui e compre agora a sua apostila para sair na frente da concorr\u00eancia e conquistar a t\u00e3o sonhada vaga no servi\u00e7o p\u00fablico!<\/p>\n\n\n\n<ul class=\"wp-block-list\">\n<li>Confira: <a href=\"https:\/\/www.apostilasopcao.com.br\/\" data-type=\"link\" data-id=\"https:\/\/www.apostilasopcao.com.br\/\">Apostila do concurso Prefeitura de Aparecida do Rio Doce.<\/a><\/li>\n<\/ul>\n\n\n\n<p><\/p>\n","protected":false},"excerpt":{"rendered":"<p>O concurso Prefeitura de Aparecida do Rio Doce oferece 64 vagas imediatas. Sal\u00e1rios de at\u00e9 R$ 5,3 mil. Confira!<\/p>\n","protected":false},"author":11,"featured_media":3146,"comment_status":"closed","ping_status":"closed","sticky":false,"template":"","format":"standard","meta":{"_acf_changed":false,"breadcrumbs_single_post":"","page_title_panel":"","breadcrumbs_single_page":"","single_page_alignment":"","single_page_margin":"","page_structure_type":"","content_style_source":"","content_style":"","blog_post_streched_ed":"","blog_page_streched_ed":"","has_transparent_header":"","disable_transparent_header":"","vertical_spacing_source":"","content_area_spacing":"","single_post_content_background":"","single_page_content_background":"","single_post_boxed_content_spacing":"","single_page_boxed_content_spacing":"","single_post_content_boxed_radius":"","single_page_content_boxed_radius":"","disable_featured_image":"","disable_post_tags":"","disable_author_box":"","disable_posts_navigation":"","disable_comments":"","disable_related_posts":"","disable_header":"","disable_footer":"","footnotes":""},"categories":[4,14],"tags":[325],"class_list":["post-3145","post","type-post","status-publish","format-standard","has-post-thumbnail","hentry","category-noticias","category-go","tag-concurso-prefeitura-de-aparecida-do-rio-doce-go","rishi-post"],"acf":{"data_prova":"20251109","status":"aberto"},"_links":{"self":[{"href":"https:\/\/www.apostilasopcao.com.br\/blog\/wp-json\/wp\/v2\/posts\/3145","targetHints":{"allow":["GET"]}}],"collection":[{"href":"https:\/\/www.apostilasopcao.com.br\/blog\/wp-json\/wp\/v2\/posts"}],"about":[{"href":"https:\/\/www.apostilasopcao.com.br\/blog\/wp-json\/wp\/v2\/types\/post"}],"author":[{"embeddable":true,"href":"https:\/\/www.apostilasopcao.com.br\/blog\/wp-json\/wp\/v2\/users\/11"}],"replies":[{"embeddable":true,"href":"https:\/\/www.apostilasopcao.com.br\/blog\/wp-json\/wp\/v2\/comments?post=3145"}],"version-history":[{"count":4,"href":"https:\/\/www.apostilasopcao.com.br\/blog\/wp-json\/wp\/v2\/posts\/3145\/revisions"}],"predecessor-version":[{"id":3168,"href":"https:\/\/www.apostilasopcao.com.br\/blog\/wp-json\/wp\/v2\/posts\/3145\/revisions\/3168"}],"wp:featuredmedia":[{"embeddable":true,"href":"https:\/\/www.apostilasopcao.com.br\/blog\/wp-json\/wp\/v2\/media\/3146"}],"wp:attachment":[{"href":"https:\/\/www.apostilasopcao.com.br\/blog\/wp-json\/wp\/v2\/media?parent=3145"}],"wp:term":[{"taxonomy":"category","embeddable":true,"href":"https:\/\/www.apostilasopcao.com.br\/blog\/wp-json\/wp\/v2\/categories?post=3145"},{"taxonomy":"post_tag","embeddable":true,"href":"https:\/\/www.apostilasopcao.com.br\/blog\/wp-json\/wp\/v2\/tags?post=3145"}],"curies":[{"name":"wp","href":"https:\/\/api.w.org\/{rel}","templated":true}]}}