{"id":329,"date":"2025-04-02T10:10:56","date_gmt":"2025-04-02T13:10:56","guid":{"rendered":"https:\/\/www.apostilasopcao.com.br\/blog\/?p=329"},"modified":"2025-05-06T11:02:32","modified_gmt":"2025-05-06T14:02:32","slug":"crc-sc","status":"publish","type":"post","link":"https:\/\/www.apostilasopcao.com.br\/blog\/crc-sc\/","title":{"rendered":"Concurso CRC SC: Edital publicado! Iniciais de R$6 mil!"},"content":{"rendered":"\n<p>Ol\u00e1, concurseiros! O edital do <a href=\"https:\/\/www.apostilasopcao.com.br\/apostilas\/sc\">concurso CRC SC<\/a> (Conselho Regional de Contabilidade de Santa Catarina) foi divulgado com oportunidades para<strong> n\u00edveis m\u00e9dio e superior<\/strong>, com sal\u00e1rios iniciais que chegam at\u00e9 <strong>R$6 mil<\/strong>. Continue comigo para entender todos os detalhes do edital!<\/p>\n\n\n\n<h2 class=\"wp-block-heading\">Inscri\u00e7\u00e3o no concurso CRC SC<\/h2>\n\n\n\n<p>As inscri\u00e7\u00f5es para o concurso CRC SC j\u00e1 est\u00e3o abertas e podem ser realizadas at\u00e9 o dia <strong>25 de abril de 2025<\/strong>, exclusivamente pelo site da banca organizadora, a <a href=\"https:\/\/www.concursos.ieses.org\/\" target=\"_blank\" rel=\"noreferrer noopener\">IESES<\/a>. A taxa de inscri\u00e7\u00e3o varia conforme o n\u00edvel do cargo:<\/p>\n\n\n\n<ul class=\"wp-block-list\">\n<li><strong>R$95,00<\/strong> para cargos de n\u00edvel m\u00e9dio<\/li>\n\n\n\n<li><strong>R$110,00<\/strong> para cargos de n\u00edvel superior<\/li>\n<\/ul>\n\n\n\n<p>A taxa de inscri\u00e7\u00e3o deve ser efetuada at\u00e9 o \u00faltimo dia de inscri\u00e7\u00f5es, ou seja, no dia 25.<\/p>\n\n\n\n<p>Os candidatos que atenderem aos crit\u00e9rios do edital podem solicitar isen\u00e7\u00e3o da taxa at\u00e9 o dia <strong>4 de abril de 2025<\/strong>. <\/p>\n\n\n\n<h2 class=\"wp-block-heading\">Vagas, cargos e sal\u00e1rios do concurso CRC SC<\/h2>\n\n\n\n<p>O concurso CRC SC est\u00e1 ofertando 1 vaga imediata e forma\u00e7\u00e3o de cadastro reserva. As oportunidades contemplam cargos de n\u00edvel m\u00e9dio e superior. Confira:<\/p>\n\n\n\n<figure class=\"wp-block-image size-full\"><img loading=\"lazy\" decoding=\"async\" width=\"864\" height=\"331\" src=\"https:\/\/www.apostilasopcao.com.br\/blog\/wp-content\/uploads\/2025\/04\/cargos-do-crc-sc.webp\" alt=\"Cargos do concurso CRC SC.\" class=\"wp-image-330\" srcset=\"https:\/\/www.apostilasopcao.com.br\/blog\/wp-content\/uploads\/2025\/04\/cargos-do-crc-sc.webp 864w, https:\/\/www.apostilasopcao.com.br\/blog\/wp-content\/uploads\/2025\/04\/cargos-do-crc-sc-300x115.webp 300w, https:\/\/www.apostilasopcao.com.br\/blog\/wp-content\/uploads\/2025\/04\/cargos-do-crc-sc-768x294.webp 768w\" sizes=\"auto, (max-width: 864px) 100vw, 864px\" \/><\/figure>\n\n\n\n<h3 class=\"wp-block-heading\">Cargos de n\u00edvel m\u00e9dio<\/h3>\n\n\n\n<ul class=\"wp-block-list\">\n<li><a href=\"https:\/\/www.apostilasopcao.com.br\/apostila\/crc-sc-auxiliar-tecnico\">Auxiliar T\u00e9cnico<\/a> \u2013 1 vaga | Sal\u00e1rio: R$ 2.600,00<\/li>\n\n\n\n<li>Assistente de Suporte em Inform\u00e1tica \u2013 CR | Sal\u00e1rio: R$ 3.833,79<\/li>\n<\/ul>\n\n\n\n<h3 class=\"wp-block-heading\">Cargos de n\u00edvel superior<\/h3>\n\n\n\n<ul class=\"wp-block-list\">\n<li>Advogado \u2013 CR | Sal\u00e1rio: R$ 6.286,60<\/li>\n\n\n\n<li>Contador \u2013 CR | Sal\u00e1rio: R$ 6.286,60<\/li>\n\n\n\n<li>Fiscal \u2013 CR | Sal\u00e1rio: R$ 6.286,60<\/li>\n<\/ul>\n\n\n\n<h3 class=\"wp-block-heading\">Benef\u00edcios<\/h3>\n\n\n\n<p>Al\u00e9m do sal\u00e1rio base, o concurso CRC SC oferece benef\u00edcios por acordo coletivo:<\/p>\n\n\n\n<ul class=\"wp-block-list\">\n<li>Vale-alimenta\u00e7\u00e3o: R$1.500,00 (valor de refer\u00eancia em jan\/2025)<\/li>\n\n\n\n<li>Plano de Sa\u00fade e Odontol\u00f3gico (com coparticipa\u00e7\u00e3o)<\/li>\n\n\n\n<li>Vale-transporte ou aux\u00edlio equivalente ao deslocamento<\/li>\n\n\n\n<li>Aux\u00edlio-creche<\/li>\n<\/ul>\n\n\n\n<h2 class=\"wp-block-heading\">Atribui\u00e7\u00f5es dos cargos no concurso CRC SC<\/h2>\n\n\n\n<p>Conhe\u00e7a em detalhes as responsabilidades de cada cargo oferecido no concurso CRC SC. Entender as atribui\u00e7\u00f5es \u00e9 essencial para escolher a fun\u00e7\u00e3o mais compat\u00edvel com seu perfil profissional e tamb\u00e9m para se preparar melhor para a prova.<\/p>\n\n\n\n<h3 class=\"wp-block-heading\">Auxiliar T\u00e9cnico<\/h3>\n\n\n\n<p>O Auxiliar T\u00e9cnico \u00e9 o profissional respons\u00e1vel por realizar atividades administrativas de apoio nas diversas \u00e1reas da institui\u00e7\u00e3o. Entre suas principais fun\u00e7\u00f5es est\u00e3o:<\/p>\n\n\n\n<ul class=\"wp-block-list\">\n<li>Atendimento ao p\u00fablico interno e externo, presencialmente, por telefone ou via sistemas institucionais;<\/li>\n\n\n\n<li>Emiss\u00e3o, organiza\u00e7\u00e3o, controle e arquivamento de documentos diversos;<\/li>\n\n\n\n<li>Elabora\u00e7\u00e3o de relat\u00f3rios, planilhas e correspond\u00eancias;<\/li>\n\n\n\n<li>Suporte direto a processos administrativos e operacionais do setor em que estiver lotado;<\/li>\n\n\n\n<li>Cumprimento de normas e procedimentos internos, visando a efici\u00eancia do servi\u00e7o p\u00fablico.<\/li>\n<\/ul>\n\n\n\n<p>Trata-se de uma fun\u00e7\u00e3o que exige proatividade, organiza\u00e7\u00e3o e boa comunica\u00e7\u00e3o, j\u00e1 que o Auxiliar T\u00e9cnico atua como elo entre os setores do CRC SC.<\/p>\n\n\n\n<h3 class=\"wp-block-heading\">Assistente de Suporte em Inform\u00e1tica<\/h3>\n\n\n\n<p>O Assistente de Suporte em Inform\u00e1tica atua de forma t\u00e9cnica no suporte aos usu\u00e1rios e na manuten\u00e7\u00e3o de recursos tecnol\u00f3gicos da institui\u00e7\u00e3o. Suas principais atribui\u00e7\u00f5es incluem:<\/p>\n\n\n\n<ul class=\"wp-block-list\">\n<li>Diagn\u00f3stico e corre\u00e7\u00e3o de falhas em equipamentos de inform\u00e1tica (hardware e software);<\/li>\n\n\n\n<li>Instala\u00e7\u00e3o e configura\u00e7\u00e3o de sistemas operacionais, programas e perif\u00e9ricos;<\/li>\n\n\n\n<li>Suporte t\u00e9cnico presencial ou remoto a servidores e colaboradores;<\/li>\n\n\n\n<li>Monitoramento de redes e servidores para garantir a continuidade dos servi\u00e7os;<\/li>\n\n\n\n<li>Colabora\u00e7\u00e3o com projetos de moderniza\u00e7\u00e3o e seguran\u00e7a da informa\u00e7\u00e3o.<\/li>\n<\/ul>\n\n\n\n<p>Esse profissional \u00e9 essencial para assegurar o bom funcionamento da infraestrutura de TI do CRC SC, contribuindo para a agilidade e estabilidade das rotinas administrativas.<\/p>\n\n\n\n<h3 class=\"wp-block-heading\">Advogado<\/h3>\n\n\n\n<p>O cargo de Advogado exige forma\u00e7\u00e3o superior em Direito e registro ativo na OAB. O profissional \u00e9 respons\u00e1vel por toda a assessoria jur\u00eddica do CRC SC, sendo suas atribui\u00e7\u00f5es:<\/p>\n\n\n\n<ul class=\"wp-block-list\">\n<li>Representar judicial e extrajudicialmente o Conselho, defendendo seus interesses perante \u00f3rg\u00e3os p\u00fablicos e privados;<\/li>\n\n\n\n<li>Elaborar pareceres jur\u00eddicos, minutas de contratos, conv\u00eanios e outros documentos legais;<\/li>\n\n\n\n<li>Acompanhar processos judiciais e administrativos de interesse da autarquia;<\/li>\n\n\n\n<li>Orientar juridicamente as a\u00e7\u00f5es e decis\u00f5es da diretoria e demais setores;<\/li>\n\n\n\n<li>Zelar pelo cumprimento das normas legais e institucionais em todas as esferas de atua\u00e7\u00e3o.<\/li>\n<\/ul>\n\n\n\n<p>Esse cargo demanda profundo conhecimento t\u00e9cnico, capacidade anal\u00edtica e dom\u00ednio da legisla\u00e7\u00e3o vigente.<\/p>\n\n\n\n<h3 class=\"wp-block-heading\">Contador<\/h3>\n\n\n\n<p>O Contador do CRC SC atua nas \u00e1reas cont\u00e1bil, patrimonial e de pessoal, garantindo a legalidade e regularidade das movimenta\u00e7\u00f5es financeiras. Entre suas atividades est\u00e3o:<\/p>\n\n\n\n<ul class=\"wp-block-list\">\n<li>Escritura\u00e7\u00e3o cont\u00e1bil e an\u00e1lise de balancetes, balan\u00e7os e demonstra\u00e7\u00f5es financeiras;<\/li>\n\n\n\n<li>Controle de patrim\u00f4nio e acompanhamento da execu\u00e7\u00e3o or\u00e7ament\u00e1ria;<\/li>\n\n\n\n<li>Atendimento a auditorias internas e externas;<\/li>\n\n\n\n<li>Elabora\u00e7\u00e3o de relat\u00f3rios gerenciais e pareceres t\u00e9cnicos;<\/li>\n\n\n\n<li>Aplica\u00e7\u00e3o das normas do setor p\u00fablico (como as do TCU e STN), respeitando os princ\u00edpios cont\u00e1beis e a legisla\u00e7\u00e3o aplic\u00e1vel.<\/li>\n<\/ul>\n\n\n\n<p>\u00c9 uma fun\u00e7\u00e3o estrat\u00e9gica para manter a transpar\u00eancia, responsabilidade fiscal e integridade das contas da autarquia.<\/p>\n\n\n\n<h3 class=\"wp-block-heading\">Fiscal<\/h3>\n\n\n\n<p>O Fiscal tem papel central na miss\u00e3o institucional do CRC SC, atuando na orienta\u00e7\u00e3o, fiscaliza\u00e7\u00e3o e controle do exerc\u00edcio profissional da contabilidade em Santa Catarina. Suas principais responsabilidades s\u00e3o:<\/p>\n\n\n\n<ul class=\"wp-block-list\">\n<li>Realizar visitas t\u00e9cnicas e dilig\u00eancias em escrit\u00f3rios e empresas para verificar o exerc\u00edcio regular da profiss\u00e3o;<\/li>\n\n\n\n<li>Verificar o cumprimento das normas do Conselho Federal de Contabilidade e da legisla\u00e7\u00e3o pertinente;<\/li>\n\n\n\n<li>Lavrar autos de infra\u00e7\u00e3o, relat\u00f3rios de fiscaliza\u00e7\u00e3o e notifica\u00e7\u00f5es;<\/li>\n\n\n\n<li>Prestar esclarecimentos e orienta\u00e7\u00f5es t\u00e9cnicas aos profissionais da \u00e1rea cont\u00e1bil;<\/li>\n\n\n\n<li>Alimentar sistemas e bancos de dados com informa\u00e7\u00f5es sobre suas fiscaliza\u00e7\u00f5es.<\/li>\n<\/ul>\n\n\n\n<p>Esse cargo exige ampla mobilidade, postura \u00e9tica, conhecimento aprofundado das normativas cont\u00e1beis e forte capacidade de comunica\u00e7\u00e3o interpessoal.<\/p>\n\n\n\n<h2 class=\"wp-block-heading\">Requisitos para participar do concurso CRC SC<\/h2>\n\n\n\n<p>Para assumir um dos cargos ofertados pelo concurso CRC SC, o candidato deve cumprir os seguintes requisitos:<\/p>\n\n\n\n<ul class=\"wp-block-list\">\n<li>Ter nacionalidade brasileira ou portuguesa (com reconhecimento de direitos)<\/li>\n\n\n\n<li>Estar em dia com obriga\u00e7\u00f5es eleitorais e, se homem, com obriga\u00e7\u00f5es militares<\/li>\n\n\n\n<li>Ter no m\u00ednimo 18 anos<\/li>\n\n\n\n<li>Possuir aptid\u00e3o f\u00edsica e mental<\/li>\n\n\n\n<li>Apresentar escolaridade exigida no momento da posse<\/li>\n<\/ul>\n\n\n\n<p><strong>Importante:<\/strong> Para cargos de n\u00edvel superior, \u00e9 exigido registro ativo no respectivo conselho de classe.<\/p>\n\n\n\n<h2 class=\"wp-block-heading\">Etapas de sele\u00e7\u00e3o do concurso CRC SC<\/h2>\n\n\n\n<p>O concurso CRC SC ser\u00e1 composto por uma \u00fanica etapa: a prova objetiva, de car\u00e1ter eliminat\u00f3rio e classificat\u00f3rio.<\/p>\n\n\n\n<p>A prova ser\u00e1 aplicada em <strong>18 de maio de 2025<\/strong>, em oito cidades catarinenses. O local e o hor\u00e1rio exato ainda ser\u00e3o divulgados.<\/p>\n\n\n\n<h3 class=\"wp-block-heading\">Prova objetiva<\/h3>\n\n\n\n<p>A avalia\u00e7\u00e3o ser\u00e1 constitu\u00edda por um total de 40 quest\u00f5es objetivas, cada uma com quatro op\u00e7\u00f5es de resposta, das quais apenas uma ser\u00e1 considerada correta. Ela ser\u00e1 dividida em dois blocos:<\/p>\n\n\n\n<p><strong>Conhecimentos gerais (20 quest\u00f5es)<\/strong><\/p>\n\n\n\n<ul class=\"wp-block-list\">\n<li>L\u00edngua Portuguesa \u2013 5 quest\u00f5es<\/li>\n\n\n\n<li>Matem\u00e1tica e Racioc\u00ednio L\u00f3gico \u2013 5 quest\u00f5es<\/li>\n\n\n\n<li>Legisla\u00e7\u00e3o Espec\u00edfica do CRC SC \u2013 10 quest\u00f5es<\/li>\n<\/ul>\n\n\n\n<p><strong>Conhecimentos espec\u00edficos (20 quest\u00f5es)<\/strong><\/p>\n\n\n\n<p>As quest\u00f5es dessa parte abordar\u00e3o conte\u00fados t\u00e9cnicos espec\u00edficos para o cargo escolhido.<\/p>\n\n\n\n<h3 class=\"wp-block-heading\">Locais de prova<\/h3>\n\n\n\n<p>As provas do concurso CRC SC ser\u00e3o realizadas nas seguintes cidades de Santa Catarina:<\/p>\n\n\n\n<ul class=\"wp-block-list\">\n<li>Florian\u00f3polis<\/li>\n\n\n\n<li>Crici\u00fama<\/li>\n\n\n\n<li>Lages<\/li>\n\n\n\n<li>Joa\u00e7aba<\/li>\n\n\n\n<li>Chapec\u00f3<\/li>\n\n\n\n<li>Joinville<\/li>\n\n\n\n<li>Itaja\u00ed<\/li>\n\n\n\n<li>Blumenau<\/li>\n<\/ul>\n\n\n\n<h2 class=\"wp-block-heading\">Dica Op\u00e7\u00e3o<\/h2>\n\n\n\n<p>Se o seu objetivo \u00e9 conquistar uma vaga no concurso CRC SC, este \u00e9 o momento de come\u00e7ar! Preparamos materiais focados no edital, com tudo o que voc\u00ea precisa para estudar de forma pr\u00e1tica e eficiente. Com dedica\u00e7\u00e3o e os conte\u00fados certos, a sua aprova\u00e7\u00e3o est\u00e1 ao seu alcance.<\/p>\n\n\n\n<p>Confira: <a href=\"https:\/\/www.apostilasopcao.com.br\/apostila\/crc-sc-auxiliar-tecnico\">Apostila CRC-SC 2025 &#8211; Auxiliar T\u00e9cnico<\/a><\/p>\n","protected":false},"excerpt":{"rendered":"<p>Est\u00e3o abertas as inscri\u00e7\u00f5es do concurso CRC SC!<\/p>\n","protected":false},"author":5,"featured_media":332,"comment_status":"closed","ping_status":"closed","sticky":false,"template":"","format":"standard","meta":{"_acf_changed":false,"breadcrumbs_single_post":"","page_title_panel":"","breadcrumbs_single_page":"","single_page_alignment":"","single_page_margin":"","page_structure_type":"","content_style_source":"","content_style":"","blog_post_streched_ed":"","blog_page_streched_ed":"","has_transparent_header":"","disable_transparent_header":"","vertical_spacing_source":"","content_area_spacing":"","single_post_content_background":"","single_page_content_background":"","single_post_boxed_content_spacing":"","single_page_boxed_content_spacing":"","single_post_content_boxed_radius":"","single_page_content_boxed_radius":"","disable_featured_image":"","disable_post_tags":"","disable_author_box":"","disable_posts_navigation":"","disable_comments":"","disable_related_posts":"","disable_header":"","disable_footer":"","footnotes":""},"categories":[29,4],"tags":[86],"class_list":["post-329","post","type-post","status-publish","format-standard","has-post-thumbnail","hentry","category-sc","category-noticias","tag-concurso-crc-sc","rishi-post"],"acf":{"data_prova":"20250518","status":false},"_links":{"self":[{"href":"https:\/\/www.apostilasopcao.com.br\/blog\/wp-json\/wp\/v2\/posts\/329","targetHints":{"allow":["GET"]}}],"collection":[{"href":"https:\/\/www.apostilasopcao.com.br\/blog\/wp-json\/wp\/v2\/posts"}],"about":[{"href":"https:\/\/www.apostilasopcao.com.br\/blog\/wp-json\/wp\/v2\/types\/post"}],"author":[{"embeddable":true,"href":"https:\/\/www.apostilasopcao.com.br\/blog\/wp-json\/wp\/v2\/users\/5"}],"replies":[{"embeddable":true,"href":"https:\/\/www.apostilasopcao.com.br\/blog\/wp-json\/wp\/v2\/comments?post=329"}],"version-history":[{"count":3,"href":"https:\/\/www.apostilasopcao.com.br\/blog\/wp-json\/wp\/v2\/posts\/329\/revisions"}],"predecessor-version":[{"id":352,"href":"https:\/\/www.apostilasopcao.com.br\/blog\/wp-json\/wp\/v2\/posts\/329\/revisions\/352"}],"wp:featuredmedia":[{"embeddable":true,"href":"https:\/\/www.apostilasopcao.com.br\/blog\/wp-json\/wp\/v2\/media\/332"}],"wp:attachment":[{"href":"https:\/\/www.apostilasopcao.com.br\/blog\/wp-json\/wp\/v2\/media?parent=329"}],"wp:term":[{"taxonomy":"category","embeddable":true,"href":"https:\/\/www.apostilasopcao.com.br\/blog\/wp-json\/wp\/v2\/categories?post=329"},{"taxonomy":"post_tag","embeddable":true,"href":"https:\/\/www.apostilasopcao.com.br\/blog\/wp-json\/wp\/v2\/tags?post=329"}],"curies":[{"name":"wp","href":"https:\/\/api.w.org\/{rel}","templated":true}]}}