{"id":364,"date":"2025-09-08T12:59:06","date_gmt":"2025-09-08T15:59:06","guid":{"rendered":"https:\/\/www.apostilasopcao.com.br\/blog\/?p=364"},"modified":"2025-09-10T13:52:54","modified_gmt":"2025-09-10T16:52:54","slug":"prefeitura-de-osasco-sp","status":"publish","type":"post","link":"https:\/\/www.apostilasopcao.com.br\/blog\/prefeitura-de-osasco-sp\/","title":{"rendered":"Concurso SME Osasco: Edital publicado! 146 vagas!"},"content":{"rendered":"\n<p>Aten\u00e7\u00e3o, concurseiros! Foi publicado o edital do concurso SME Osasco <a href=\"https:\/\/www.apostilasopcao.com.br\/concurso\/secretaria-municipal-de-educacao-de-osasco\">(Secretaria Municipal de Educa\u00e7\u00e3o)<\/a> com <strong>146 vagas<\/strong> para diversos cargos de n\u00edveis fundamental, m\u00e9dio, t\u00e9cnico e superior. As remunera\u00e7\u00f5es iniciais variam de <strong>R$1.677,87 a R$3.999,49<\/strong>. Ficou interessado(a)? Venha saber todos os detalhes sobre a sele\u00e7\u00e3o!<\/p>\n\n\n\n<h2 class=\"wp-block-heading\">Como fazer a inscri\u00e7\u00e3o no concurso SME Osasco?<\/h2>\n\n\n\n<p>Os interessados pelo concurso SME Osasco poder\u00e3o se inscrever das <strong>10h do dia 11 de setembro at\u00e9 \u00e0s 23h59min do dia 16 de outubro de 2025,<\/strong> atrav\u00e9s do site da <a href=\"https:\/\/www.vunesp.com.br\/PMOS2501\" target=\"_blank\" rel=\"noopener\">Funda\u00e7\u00e3o Vunesp<\/a>, banca organizadora respons\u00e1vel pelo certame. <\/p>\n\n\n\n<p>O valor das taxas de inscri\u00e7\u00e3o variam de acordo com o n\u00edvel de escolaridade do cargo pretendido pelo candidato. Confira:<\/p>\n\n\n\n<ul class=\"wp-block-list\">\n<li>R$54,90 para n\u00edvel fundamental;<\/li>\n\n\n\n<li>R$67,90 para n\u00edvel m\u00e9dio; e<\/li>\n\n\n\n<li>R$98,80 para n\u00edvel superior.<\/li>\n<\/ul>\n\n\n\n<p><\/p>\n\n\n\n<p>Para ter sua inscri\u00e7\u00e3o homologada, o candidato deve efetuar o pagamento das taxas de inscri\u00e7\u00e3o at\u00e9 a data limite de <strong>17 de outubro. <\/strong><\/p>\n\n\n\n<p>Os candidatos poder\u00e3o solicitar a isen\u00e7\u00e3o dessas taxas entre os dias <strong>11 e 12 de setembro de 2025<\/strong>, desde que se enquadrem em algum dos seguintes requisitos:<\/p>\n\n\n\n<ul class=\"wp-block-list\">\n<li> candidato que realizou 2 (duas) doa\u00e7\u00f5es de sangue nos 12 (doze) meses antecedentes \u00e0 inscri\u00e7\u00e3o deste Concurso p\u00fablico; e<\/li>\n\n\n\n<li>resida no Munic\u00edpio de Osasco.<\/li>\n<\/ul>\n\n\n\n<h2 class=\"wp-block-heading\">Cargos, vagas e sal\u00e1rios<\/h2>\n\n\n\n<p>O concurso SME Osasco est\u00e1 ofertando <strong>146 vagas<\/strong> para cargos de n\u00edveis fundamental, m\u00e9dio, t\u00e9cnico e superior. Confira como essas oportunidades est\u00e3o sendo distribu\u00eddas e suas respectivas remunera\u00e7\u00f5es:<\/p>\n\n\n\n<figure class=\"wp-block-table\"><table class=\"has-fixed-layout\"><thead><tr><th>Cargos<\/th><th>Vagas<\/th><th>Remunera\u00e7\u00e3o<\/th><th>Requisitos<\/th><\/tr><\/thead><tbody><tr><td><a href=\"https:\/\/www.apostilasopcao.com.br\/apostila\/sme-osasco-sp-servente-escola\">Servente de Escola<\/a><\/td><td>50<\/td><td>R$ 1.677,87 + Abono(1)<\/td><td>Ensino Fundamental Incompleto (4\u00aa s\u00e9rie do 1\u00ba grau).<\/td><\/tr><tr><td><a href=\"https:\/\/www.apostilasopcao.com.br\/apostila\/sme-osasco-sp-zelador-escola\">Zelador de Escola<\/a><\/td><td>30<\/td><td>R$ 1.677,87 + Abono(1)<\/td><td>Ensino Fundamental Incompleto (4\u00aa s\u00e9rie do 1\u00ba grau).<\/td><\/tr><tr><td><a href=\"https:\/\/www.apostilasopcao.com.br\/apostila\/sme-osasco-sp-oficial-escola\">Oficial de Escola<\/a><\/td><td>50<\/td><td>R$ 2.039,47<\/td><td>Ensino M\u00e9dio Completo.<\/td><\/tr><tr><td><a href=\"https:\/\/www.apostilasopcao.com.br\/apostila\/sme-osasco-sp-professor-adjunto-educacao-basica\">Professor Adjunto de Educa\u00e7\u00e3o B\u00e1sica I<\/a><\/td><td>10<\/td><td>R$ 3.635,90<\/td><td>Gradua\u00e7\u00e3o em licenciatura plena em Pedagogia ou ensino m\u00e9dio na modalidade Normal.<\/td><\/tr><tr><td>Professor Adjunto de Educa\u00e7\u00e3o B\u00e1sica II \u2013 Defici\u00eancia Auditiva<\/td><td>01<\/td><td>R$ 3.999,49<\/td><td>Licenciatura plena em Pedagogia para Educa\u00e7\u00e3o Infantil, Ensino Fundamental, Ensino M\u00e9dio e Educa\u00e7\u00e3o Especial. Certificado de profici\u00eancia em LIBRAS.<\/td><\/tr><tr><td>Professor Adjunto de Educa\u00e7\u00e3o B\u00e1sica II \u2013 Defici\u00eancia Mental<\/td><td>01<\/td><td>R$ 3.999,49<\/td><td>Licenciatura plena em Pedagogia para Educa\u00e7\u00e3o Infantil, Ensino Fundamental, Ensino M\u00e9dio e Educa\u00e7\u00e3o Especial.<\/td><\/tr><tr><td>Professor Adjunto de Educa\u00e7\u00e3o B\u00e1sica II \u2013 Educa\u00e7\u00e3o Art\u00edstica<\/td><td>01<\/td><td>R$ 3.999,49<\/td><td>Licenciatura plena em Educa\u00e7\u00e3o Art\u00edstica para Educa\u00e7\u00e3o Infantil, Ensino Fundamental, Ensino M\u00e9dio e Educa\u00e7\u00e3o Especial.<\/td><\/tr><tr><td>Professor Adjunto de Educa\u00e7\u00e3o B\u00e1sica II \u2013 Educa\u00e7\u00e3o F\u00edsica<\/td><td>01<\/td><td>R$ 3.999,49<\/td><td>Licenciatura plena em Educa\u00e7\u00e3o F\u00edsica para Educa\u00e7\u00e3o Infantil, Ensino Fundamental, Ensino M\u00e9dio e Educa\u00e7\u00e3o Especial. Registro no CREF-SP.<\/td><\/tr><tr><td>Professor Adjunto de Educa\u00e7\u00e3o B\u00e1sica II \u2013 Ingl\u00eas<\/td><td>01<\/td><td>R$ 3.999,49<\/td><td>Licenciatura plena em Letras, habilita\u00e7\u00e3o em Ingl\u00eas, para Educa\u00e7\u00e3o Infantil, Ensino Fundamental, Ensino M\u00e9dio e Educa\u00e7\u00e3o Especial.<\/td><\/tr><tr><td>Professor Adjunto de Educa\u00e7\u00e3o B\u00e1sica II \u2013 Defici\u00eancia Visual<\/td><td>01<\/td><td>R$ 3.999,49<\/td><td>Licenciatura plena em Pedagogia para Educa\u00e7\u00e3o Infantil, Ensino Fundamental, Ensino M\u00e9dio e Educa\u00e7\u00e3o Especial.<\/td><\/tr><\/tbody><\/table><\/figure>\n\n\n\n<p>Al\u00e9m do vencimento base, os servidores ter\u00e3o direito aos seguintes benef\u00edcios:<\/p>\n\n\n\n<ul class=\"wp-block-list\">\n<li>cesta b\u00e1sica mensal, nos termos do artigo 85, da Lei Org\u00e2nica do Munic\u00edpio de Osasco, de 5 de abril de 1990, e do Decreto n\u00ba 12.055, de 28 de maio de 2019;<\/li>\n\n\n\n<li>aux\u00edlio transporte, nos termos da Lei n\u00ba 3.751, de 24 de fevereiro de 2003.<\/li>\n\n\n\n<li>vale cesta de natal, nos termos da Lei Complementar n\u00ba 400, de 13 de dezembro de 2022.<\/li>\n<\/ul>\n\n\n\n<h2 class=\"wp-block-heading\">Requisitos b\u00e1sicos<\/h2>\n\n\n\n<p>Confira quais s\u00e3o os requisitos b\u00e1sicos exigidos para a participa\u00e7\u00e3o no concurso SME Osasco:<\/p>\n\n\n\n<ul class=\"wp-block-list\">\n<li>Ser brasileiro, nato ou naturalizado, ou gozar das prerrogativas previstas no art. 12 da Constitui\u00e7\u00e3o Federal e demais disposi\u00e7\u00f5es de lei, no caso de estrangeiros<\/li>\n\n\n\n<li>Ter, no m\u00ednimo, 18 anos de idade<\/li>\n\n\n\n<li>Quando do sexo masculino, estar em dia com as obriga\u00e7\u00f5es militares<\/li>\n\n\n\n<li>Ser eleitor<\/li>\n\n\n\n<li>Estar com o CPF regularizado<\/li>\n\n\n\n<li>A exist\u00eancia ou n\u00e3o de pend\u00eancias jur\u00eddico-criminais, mediante a apresenta\u00e7\u00e3o de atestado de antecedentes criminais<\/li>\n\n\n\n<li>Ter aptid\u00e3o f\u00edsica e mental para o exerc\u00edcio das atribui\u00e7\u00f5es do cargo, comprovada por meio de exame m\u00e9dico admissional<\/li>\n\n\n\n<li>N\u00e3o ter sofrido, quando do exerc\u00edcio de cargo ou fun\u00e7\u00e3o p\u00fablica, demiss\u00e3o a bem do servi\u00e7o p\u00fablico, por justa causa, ou possuir quaisquer penalidades, inclusive por meio de processo administrativo ou disciplinar<\/li>\n\n\n\n<li>Estar ciente de que a Prefeitura Municipal de Osasco poder\u00e1, se julgar necess\u00e1rio, solicitar a entrega de outros documentos<\/li>\n\n\n\n<li>N\u00e3o receber proventos de aposentadoria de que trata o artigo 40 ou dos artigos 42 e 142 da Constitui\u00e7\u00e3o Federal, ressalvados os casos previstos na Constitui\u00e7\u00e3o Federal<\/li>\n<\/ul>\n\n\n\n<h2 class=\"wp-block-heading\">Etapas de sele\u00e7\u00e3o do concurso SME Osasco<\/h2>\n\n\n\n<p>Os candidatos do concurso SME Osasco ser\u00e3o avaliados por meio de provas objetivas, provas pr\u00e1ticas e de provas de t\u00edtulos.<\/p>\n\n\n\n<p>Vamos conferir com mais detalhes?<\/p>\n\n\n\n<h3 class=\"wp-block-heading\">Prova Objetiva<\/h3>\n\n\n\n<p>A prova objetiva para todos os cargos tem data prevista para sua realiza\u00e7\u00e3o em <strong>14 de dezembro de 2025, <\/strong>na seguinte conformidade:<\/p>\n\n\n\n<ul class=\"wp-block-list\">\n<li><strong>no per\u00edodo da manh\u00e3, para os cargos de:<\/strong> Servente de Escola, Zelador de Escola, Professor Adjunto de Educa\u00e7\u00e3o B\u00e1sica I, Professor Adjunto de Educa\u00e7\u00e3o B\u00e1sica II &#8211; Defici\u00eancia Auditiva, Professor Adjunto de Educa\u00e7\u00e3o B\u00e1sica II &#8211; Defici\u00eancia Mental, Professor Adjunto de Educa\u00e7\u00e3o B\u00e1sica II &#8211; Educa\u00e7\u00e3o Art\u00edstica, Professor Adjunto de Educa\u00e7\u00e3o B\u00e1sica II &#8211; Educa\u00e7\u00e3o F\u00edsica, Professor Adjunto de Educa\u00e7\u00e3o B\u00e1sica II \u2013 Ingl\u00eas e Professor Adjunto de Educa\u00e7\u00e3o B\u00e1sica II &#8211; Defici\u00eancia Visual<\/li>\n\n\n\n<li><strong>no per\u00edodo da tarde, para o cargo de:<\/strong> Oficial de Escola.<\/li>\n<\/ul>\n\n\n\n<p><\/p>\n\n\n\n<p>A avali\u00e7\u00e3o para todos os cargos ter\u00e1 dura\u00e7\u00e3o de 3 horas, composta de quest\u00f5es de m\u00faltipla escolha, com 5 alternativas cada quest\u00e3o, sendo apenas uma alternativa correta.<\/p>\n\n\n\n<p>A avalia\u00e7\u00e3o ser\u00e1 versada sobre as seguintes disciplinas:<\/p>\n\n\n\n<p><strong>Servente de Escola<\/strong><\/p>\n\n\n\n<ul class=\"wp-block-list\">\n<li>L\u00edngua Portuguesa<\/li>\n\n\n\n<li>Matem\u00e1tica<\/li>\n\n\n\n<li>Conhecimentos Espec\u00edficos<\/li>\n<\/ul>\n\n\n\n<p><strong>Zelador de Escola <\/strong><\/p>\n\n\n\n<ul class=\"wp-block-list\">\n<li>L\u00edngua Portuguesa<\/li>\n\n\n\n<li>Matem\u00e1tica<\/li>\n\n\n\n<li>Conhecimentos Espec\u00edficos<\/li>\n<\/ul>\n\n\n\n<p><strong>Oficial de Escola <\/strong><\/p>\n\n\n\n<ul class=\"wp-block-list\">\n<li>L\u00edngua Portuguesa<\/li>\n\n\n\n<li>Matem\u00e1tica<\/li>\n\n\n\n<li>Conhecimentos Espec\u00edficos<\/li>\n<\/ul>\n\n\n\n<p><strong>Professor Adjunto de Educa\u00e7\u00e3o B\u00e1sica I<\/strong><\/p>\n\n\n\n<ul class=\"wp-block-list\">\n<li>L\u00edngua Portuguesa<\/li>\n\n\n\n<li>Matem\u00e1tica<\/li>\n\n\n\n<li>Conhecimentos Espec\u00edficos<\/li>\n\n\n\n<li>Conhecimentos Pedag\u00f3gicos &amp; Legisla\u00e7\u00e3o<\/li>\n<\/ul>\n\n\n\n<p><strong>Todos os demais cargos de Professor Adjunto<\/strong><\/p>\n\n\n\n<ul class=\"wp-block-list\">\n<li>L\u00edngua Portuguesa<\/li>\n\n\n\n<li>Matem\u00e1tica<\/li>\n\n\n\n<li>Conhecimentos Pedag\u00f3gicos &amp; Legisla\u00e7\u00e3o<\/li>\n\n\n\n<li>Conhecimentos Espec\u00edficos<\/li>\n<\/ul>\n\n\n\n<h3 class=\"wp-block-heading\">Somos a melhor Op\u00e7\u00e3o<\/h3>\n\n\n\n<p>Vai prestar o concurso SME Osasco? Conte com a nossa ajuda para conquistar sua aprova\u00e7\u00e3o! Disponibilizamos materiais completos e atualizados de acordo com o edital, elaborados especialmente para potencializar seus estudos. Com mais de 30 anos de experi\u00eancia e milhares de candidatos aprovados, temos a expertise necess\u00e1ria para orientar sua prepara\u00e7\u00e3o. D\u00ea o primeiro passo agora mesmo e comece a estudar para alcan\u00e7ar o cargo que transformar\u00e1 a sua vida.<\/p>\n\n\n\n<ul class=\"wp-block-list\">\n<li><strong>Confira: <a href=\"https:\/\/www.apostilasopcao.com.br\/concurso\/secretaria-municipal-de-educacao-de-osasco\">Materiais preparat\u00f3rios para o concurso SME Osasco!<\/a><\/strong><\/li>\n<\/ul>\n\n\n\n<h3 class=\"wp-block-heading\">Prova Pr\u00e1tica<\/h3>\n\n\n\n<p>A prova pr\u00e1tica ter\u00e1 car\u00e1ter eliminat\u00f3rio e classificat\u00f3rio, sendo avaliada em uma escala que varia de 0 a 100 pontos. Para ser considerado habilitado nessa etapa, o candidato dever\u00e1 alcan\u00e7ar, no m\u00ednimo, 50 pontos.<\/p>\n\n\n\n<p>Ser\u00e1 eliminado do concurso p\u00fablico o candidato que n\u00e3o comparecer \u00e0 prova pr\u00e1tica, bem como aquele que n\u00e3o atingir a pontua\u00e7\u00e3o m\u00ednima exigida. Tamb\u00e9m ser\u00e3o eliminados os candidatos habilitados na prova objetiva que, por classifica\u00e7\u00e3o, n\u00e3o forem convocados para a realiza\u00e7\u00e3o da prova pr\u00e1tica.<\/p>\n\n\n\n<h3 class=\"wp-block-heading\">Prova de T\u00edtulos<\/h3>\n\n\n\n<p>Confira quais t\u00edtulos ser\u00e3o avaliados no concurso SME Osasco:<\/p>\n\n\n\n<figure class=\"wp-block-image size-full\"><img loading=\"lazy\" decoding=\"async\" width=\"652\" height=\"434\" src=\"https:\/\/www.apostilasopcao.com.br\/blog\/wp-content\/uploads\/2025\/09\/titulos-concurso-sme-osasco.webp\" alt=\"Tabela de t\u00edtulos do concurso SME Osasco!\" class=\"wp-image-4499\" srcset=\"https:\/\/www.apostilasopcao.com.br\/blog\/wp-content\/uploads\/2025\/09\/titulos-concurso-sme-osasco.webp 652w, https:\/\/www.apostilasopcao.com.br\/blog\/wp-content\/uploads\/2025\/09\/titulos-concurso-sme-osasco-300x200.webp 300w, https:\/\/www.apostilasopcao.com.br\/blog\/wp-content\/uploads\/2025\/09\/titulos-concurso-sme-osasco-360x240.webp 360w\" sizes=\"auto, (max-width: 652px) 100vw, 652px\" \/><figcaption class=\"wp-element-caption\">Tabela de t\u00edtulos do concurso SME Osasco!<\/figcaption><\/figure>\n\n\n\n<h2 class=\"wp-block-heading\">Edital em andamento<\/h2>\n\n\n\n<p>H\u00e1 um edital em andamento do concurso Prefeitura de Osasco! O certame conta com <strong>131 vagas imediatas<\/strong>, distribu\u00eddas entre diferentes cargos da \u00e1rea da Sa\u00fade. As jornadas variam de 30 a 40 horas semanais. Confira a distribui\u00e7\u00e3o:<\/p>\n\n\n\n<h3 class=\"wp-block-heading\">Cargos de n\u00edvel fundamental<\/h3>\n\n\n\n<ul class=\"wp-block-list\">\n<li>Condutor de Ve\u00edculos de Urg\u00eancia \u2013 SAMU (30 vagas)<br>Sal\u00e1rio: R$2.130,50<\/li>\n<\/ul>\n\n\n\n<h3 class=\"wp-block-heading\">Cargos de n\u00edvel m\u00e9dio<\/h3>\n\n\n\n<ul class=\"wp-block-list\">\n<li>R\u00e1dio Operador \u2013 SAMU (5 vagas)<br>Sal\u00e1rio: R$1.589,80<\/li>\n\n\n\n<li>Telefonista Auxiliar de Regula\u00e7\u00e3o M\u00e9dica \u2013 SAMU (5 vagas)<br>Sal\u00e1rio: R$1.589,80<\/li>\n\n\n\n<li>T\u00e9cnico de Enfermagem Intervencionista \u2013 SAMU (50 vagas)<br>Sal\u00e1rio: R$2.855,07<\/li>\n<\/ul>\n\n\n\n<h3 class=\"wp-block-heading\">Cargos de n\u00edvel superior<\/h3>\n\n\n\n<ul class=\"wp-block-list\">\n<li>Enfermeiro de Estrat\u00e9gia de Sa\u00fade da Fam\u00edlia \u2013 ESF (36 vagas)<br>Sal\u00e1rio: R$7.214,80<\/li>\n\n\n\n<li>Enfermeiro Intervencionista \u2013 SAMU (5 vagas)<br>Sal\u00e1rio: R$5.411,11<\/li>\n<\/ul>\n\n\n\n<p><\/p>\n\n\n\n<p>Al\u00e9m dos vencimentos mensais, os aprovados no concurso Prefeitura de Osasco ter\u00e3o direito aos seguintes benef\u00edcios:<\/p>\n\n\n\n<ul class=\"wp-block-list\">\n<li>Vale Cesta de Natal.<\/li>\n\n\n\n<li>Cesta b\u00e1sica mensal;<\/li>\n\n\n\n<li>Aux\u00edlio transporte;<\/li>\n\n\n\n<li>Pr\u00eamio incentivo (para profissionais enquadrados na legisla\u00e7\u00e3o);<\/li>\n<\/ul>\n\n\n\n<h3 class=\"wp-block-heading\">Etapas de sele\u00e7\u00e3o do Concurso Prefeitura de Osasco<\/h3>\n\n\n\n<p>O concurso Prefeitura de Osasco avaliar\u00e1 os candidatos por meio de uma&nbsp;prova objetiva&nbsp;(para todos os cargos) e&nbsp;prova pr\u00e1tica&nbsp;(para o cargo de Condutor de Ve\u00edculo de Urg\u00eancia \u2013 SAMU).<\/p>\n\n\n\n<h4 class=\"wp-block-heading\">Prova Objetiva<\/h4>\n\n\n\n<p>Aplicada a todos os cargos, a prova objetiva ocorreu no&nbsp;<strong>dia 20 de julho de 2025<\/strong>, no per\u00edodo da tarde.<\/p>\n\n\n\n<p>A estrutura da prova varia conforme o n\u00edvel de escolaridade:<\/p>\n\n\n\n<p><strong>N\u00edvel Fundamental<\/strong><\/p>\n\n\n\n<ul class=\"wp-block-list\">\n<li>L\u00edngua Portuguesa: 10 quest\u00f5es<\/li>\n\n\n\n<li>Matem\u00e1tica: 10 quest\u00f5es<\/li>\n\n\n\n<li>Conhecimentos Espec\u00edficos: 10 quest\u00f5es<\/li>\n<\/ul>\n\n\n\n<p><strong>N\u00edvel M\u00e9dio\/T\u00e9cnico<\/strong><\/p>\n\n\n\n<ul class=\"wp-block-list\">\n<li>L\u00edngua Portuguesa: 10 quest\u00f5es<\/li>\n\n\n\n<li>Matem\u00e1tica: 10 quest\u00f5es<\/li>\n\n\n\n<li>Conhecimentos Espec\u00edficos: 20 quest\u00f5es<\/li>\n<\/ul>\n\n\n\n<p><strong>N\u00edvel Superior<\/strong><\/p>\n\n\n\n<ul class=\"wp-block-list\">\n<li>L\u00edngua Portuguesa: 15 quest\u00f5es<\/li>\n\n\n\n<li>Pol\u00edtica de Sa\u00fade: 10 quest\u00f5es<\/li>\n\n\n\n<li>Conhecimentos Espec\u00edficos: 25 quest\u00f5es<\/li>\n<\/ul>\n\n\n\n<p><\/p>\n\n\n\n<p>A prova ter\u00e1 valor m\u00e1ximo de 100 pontos e ser\u00e1 considerado aprovado o candidato que obtiver&nbsp;<strong>pelo menos 50 pontos<\/strong>. <\/p>\n\n\n\n<h4 class=\"wp-block-heading\">Prova Pr\u00e1tica<\/h4>\n\n\n\n<p>Apenas para o cargo de Condutor de Ve\u00edculos de Urg\u00eancia \u2013 SAMU. A prova pr\u00e1tica ser\u00e1 aplicada aos 300 melhores colocados na prova objetiva (285 da ampla concorr\u00eancia e 15 PCDs).<\/p>\n\n\n\n<p>O exame ter\u00e1 cerca de 20 minutos de dura\u00e7\u00e3o e avaliar\u00e1 a capacidade do candidato de conduzir o ve\u00edculo conforme as exig\u00eancias da fun\u00e7\u00e3o. Ser\u00e1 necess\u00e1rio obter no m\u00ednimo&nbsp;<strong>50 pontos<\/strong>&nbsp;de 100 poss\u00edveis.<\/p>\n\n\n\n<p><\/p>\n\n\n\n<p><strong>Boa prova e bons estudos!<\/strong><\/p>\n","protected":false},"excerpt":{"rendered":"<p>O concurso SME Osasco est\u00e1 ofertando 146 vagas para cargos de todos os n\u00edveis de escolaridade. Confira!<\/p>\n","protected":false},"author":8,"featured_media":4503,"comment_status":"closed","ping_status":"closed","sticky":false,"template":"","format":"standard","meta":{"_acf_changed":false,"breadcrumbs_single_post":"","page_title_panel":"","breadcrumbs_single_page":"","single_page_alignment":"","single_page_margin":"","page_structure_type":"","content_style_source":"","content_style":"","blog_post_streched_ed":"","blog_page_streched_ed":"","has_transparent_header":"","disable_transparent_header":"","vertical_spacing_source":"","content_area_spacing":"","single_post_content_background":"","single_page_content_background":"","single_post_boxed_content_spacing":"","single_page_boxed_content_spacing":"","single_post_content_boxed_radius":"","single_page_content_boxed_radius":"","disable_featured_image":"","disable_post_tags":"","disable_author_box":"","disable_posts_navigation":"","disable_comments":"","disable_related_posts":"","disable_header":"","disable_footer":"","footnotes":""},"categories":[4,6],"tags":[92],"class_list":["post-364","post","type-post","status-publish","format-standard","has-post-thumbnail","hentry","category-noticias","category-sp","tag-concurso-prefeitura-de-osasco","rishi-post"],"acf":{"data_prova":"20250720","status":"aberto"},"_links":{"self":[{"href":"https:\/\/www.apostilasopcao.com.br\/blog\/wp-json\/wp\/v2\/posts\/364","targetHints":{"allow":["GET"]}}],"collection":[{"href":"https:\/\/www.apostilasopcao.com.br\/blog\/wp-json\/wp\/v2\/posts"}],"about":[{"href":"https:\/\/www.apostilasopcao.com.br\/blog\/wp-json\/wp\/v2\/types\/post"}],"author":[{"embeddable":true,"href":"https:\/\/www.apostilasopcao.com.br\/blog\/wp-json\/wp\/v2\/users\/8"}],"replies":[{"embeddable":true,"href":"https:\/\/www.apostilasopcao.com.br\/blog\/wp-json\/wp\/v2\/comments?post=364"}],"version-history":[{"count":7,"href":"https:\/\/www.apostilasopcao.com.br\/blog\/wp-json\/wp\/v2\/posts\/364\/revisions"}],"predecessor-version":[{"id":4586,"href":"https:\/\/www.apostilasopcao.com.br\/blog\/wp-json\/wp\/v2\/posts\/364\/revisions\/4586"}],"wp:featuredmedia":[{"embeddable":true,"href":"https:\/\/www.apostilasopcao.com.br\/blog\/wp-json\/wp\/v2\/media\/4503"}],"wp:attachment":[{"href":"https:\/\/www.apostilasopcao.com.br\/blog\/wp-json\/wp\/v2\/media?parent=364"}],"wp:term":[{"taxonomy":"category","embeddable":true,"href":"https:\/\/www.apostilasopcao.com.br\/blog\/wp-json\/wp\/v2\/categories?post=364"},{"taxonomy":"post_tag","embeddable":true,"href":"https:\/\/www.apostilasopcao.com.br\/blog\/wp-json\/wp\/v2\/tags?post=364"}],"curies":[{"name":"wp","href":"https:\/\/api.w.org\/{rel}","templated":true}]}}