{"id":3711,"date":"2025-11-28T12:45:18","date_gmt":"2025-11-28T15:45:18","guid":{"rendered":"https:\/\/www.apostilasopcao.com.br\/blog\/?p=3711"},"modified":"2026-02-11T08:19:39","modified_gmt":"2026-02-11T11:19:39","slug":"concurso-unificado-pe","status":"publish","type":"post","link":"https:\/\/www.apostilasopcao.com.br\/blog\/concurso-unificado-pe\/","title":{"rendered":"Concurso Unificado PE: Inscri\u00e7\u00f5es prorrogadas! 462 vagas!"},"content":{"rendered":"\n<p>Aten\u00e7\u00e3o concurseiros! As inscri\u00e7\u00f5es para o concurso Unificado PE foram prorrogadas at\u00e9 <strong>30 de novembro<\/strong>, mantendo a oferta de <strong>462 vagas<\/strong> para diversos \u00f3rg\u00e3os do governo estadual, com sal\u00e1rios iniciais que podem chegar a <strong>R$ 11 mil<\/strong>; as <strong>provas objetivas<\/strong> ser\u00e3o aplicadas nos dias <strong>18 e 25 de janeiro de 2026<\/strong>, conforme o cargo escolhido, e a taxa de inscri\u00e7\u00e3o varia de <strong>R$ 90,00 a R$ 190,00<\/strong>. Para se preparar, confira a\u00a0<a href=\"https:\/\/www.apostilasopcao.com.br\/concurso\/concurso-publico-unificado-do-estado-do-pernambuco\">apostila Unificado PE<\/a>\u00a0com conte\u00fado completo e atualizado conforme o edital.<\/p>\n\n\n\n<h2 class=\"wp-block-heading\">Resumo do edital<\/h2>\n\n\n\n<ul class=\"wp-block-list\">\n<li><strong>Vagas:<\/strong>\u00a0462<\/li>\n\n\n\n<li><strong>Inscri\u00e7\u00f5es:<\/strong>\u00a030\/10\/2025 a 30\/11\/2025<\/li>\n\n\n\n<li><strong>Taxa de inscri\u00e7\u00e3o:<\/strong>&nbsp;R$90,00 e R$190,00<\/li>\n\n\n\n<li><strong>Prova:<\/strong>&nbsp;18\/01\/2026 e 25\/01\/2026<\/li>\n\n\n\n<li><strong>Banca:<\/strong>&nbsp;Funda\u00e7\u00e3o Carlos Chagas<\/li>\n\n\n\n<li><a href=\"https:\/\/www.apostilasopcao.com.br\/blog\/wp-content\/uploads\/2025\/10\/cpupe125_edital_de_abertura_versao_publicacao_30_10_25.pdf\" target=\"_blank\" rel=\"noreferrer noopener\">Baixe o edital<\/a><\/li>\n<\/ul>\n\n\n\n<h2 class=\"wp-block-heading\">Como se inscrever no concurso Unificado PE<\/h2>\n\n\n\n<p>As inscri\u00e7\u00f5es do concurso Unificado PE foram prorrogadas, e os candidatos agora poder\u00e3o se inscrever at\u00e9 <strong>30 de novembro de 2025<\/strong>, diretamente no site da banca organizadora, a <a href=\"https:\/\/www.concursosfcc.com.br\/concursos\/cpupe125\/index.html\" target=\"_blank\" rel=\"noreferrer noopener\">Funda\u00e7\u00e3o Carlos Chagas (FCC)<\/a>, respons\u00e1vel pela condu\u00e7\u00e3o de todas as etapas do certame.<\/p>\n\n\n\n<p>Durante o cadastro, o candidato dever\u00e1:<\/p>\n\n\n\n<ul class=\"wp-block-list\">\n<li>preencher o formul\u00e1rio de inscri\u00e7\u00e3o corretamente;<\/li>\n\n\n\n<li>anexar uma foto recente, mostrando rosto e ombros descobertos;<\/li>\n\n\n\n<li>gerar o boleto banc\u00e1rio e efetuar o pagamento at\u00e9 o dia <strong>1\u00ba de dezembro de 2025<\/strong>.<\/li>\n<\/ul>\n\n\n\n<p>A inscri\u00e7\u00e3o s\u00f3 ser\u00e1 efetivada ap\u00f3s a confirma\u00e7\u00e3o do pagamento da taxa, conforme os valores:<\/p>\n\n\n\n<ul class=\"wp-block-list\">\n<li><strong>R$90,00<\/strong> para cargos de n\u00edvel m\u00e9dio;<\/li>\n\n\n\n<li><strong>R$130,00<\/strong> para cargos de n\u00edvel superior;<\/li>\n\n\n\n<li><strong>R$190,00<\/strong> para o cargo de Gestor Governamental.<\/li>\n<\/ul>\n\n\n\n<h3 class=\"wp-block-heading\">Isen\u00e7\u00e3o da taxa<\/h3>\n\n\n\n<p>O concurso Unificado PE concedeu isen\u00e7\u00e3o total da taxa de inscri\u00e7\u00e3o aos candidatos que se enquadraram nas condi\u00e7\u00f5es previstas em lei. O pedido p\u00f4de ser feito at\u00e9 <strong>3 de novembro de 2025<\/strong>, no site da FCC, mediante envio da documenta\u00e7\u00e3o comprobat\u00f3ria.<\/p>\n\n\n\n<p>Puderam solicitar isen\u00e7\u00e3o:<\/p>\n\n\n\n<ul class=\"wp-block-list\">\n<li>inscritos no Cad\u00danico;<\/li>\n\n\n\n<li>membros de fam\u00edlias de baixa renda (Decreto n\u00ba 11.016\/2022);<\/li>\n\n\n\n<li>doadores regulares de sangue e medula \u00f3ssea;<\/li>\n\n\n\n<li>doadores de livros ao Banco do Livro de Pernambuco;<\/li>\n\n\n\n<li>concluintes de ensino m\u00e9dio ou t\u00e9cnico em escola p\u00fablica nos \u00faltimos tr\u00eas anos;<\/li>\n\n\n\n<li>pessoas com defici\u00eancia (com laudo m\u00e9dico);<\/li>\n\n\n\n<li>doadoras de leite materno;<\/li>\n\n\n\n<li>jurados do Tribunal do J\u00fari em Pernambuco nos \u00faltimos dois anos.<\/li>\n<\/ul>\n\n\n\n<h3 class=\"wp-block-heading\">Locais de prova<\/h3>\n\n\n\n<p>Os candidatos poder\u00e3o escolher o munic\u00edpio onde desejam realizar as provas no momento da inscri\u00e7\u00e3o. As avalia\u00e7\u00f5es ser\u00e3o aplicadas nas seguintes cidades:<\/p>\n\n\n\n<ul class=\"wp-block-list\">\n<li>Afogados da Ingazeira<\/li>\n\n\n\n<li>Araripina<\/li>\n\n\n\n<li>Arcoverde<\/li>\n\n\n\n<li>Carpina<\/li>\n\n\n\n<li>Caruaru<\/li>\n\n\n\n<li>Floresta<\/li>\n\n\n\n<li>Palmares<\/li>\n\n\n\n<li>Petrolina<\/li>\n\n\n\n<li>Recife<\/li>\n\n\n\n<li>Salgueiro<\/li>\n<\/ul>\n\n\n\n<p>\u00c9 importante lembrar que o local da prova <strong>n\u00e3o define a lota\u00e7\u00e3o do cargo<\/strong>, que ser\u00e1 determinada conforme as necessidades de cada \u00f3rg\u00e3o estadual.<\/p>\n\n\n\n<h2 class=\"wp-block-heading\">Cargos, vagas e sal\u00e1rios<\/h2>\n\n\n\n<p>O concurso Unificado PE oferece <strong>460 vagas imediatas<\/strong> em \u00f3rg\u00e3os e funda\u00e7\u00f5es do estado. As oportunidades contemplam <strong>n\u00edvel m\u00e9dio, t\u00e9cnico e superior<\/strong>, com remunera\u00e7\u00f5es entre <strong>R$2.189,17 e R$11.359,85<\/strong>, variando conforme o cargo e o \u00f3rg\u00e3o de lota\u00e7\u00e3o. Confira:<\/p>\n\n\n\n<h3 class=\"wp-block-heading\">Bloco1 \u2013 Forma\u00e7\u00e3o espec\u00edfica de n\u00edvel superior<\/h3>\n\n\n\n<p><strong>Ag\u00eancia de Regula\u00e7\u00e3o de Pernambuco \u2013 ARPE<\/strong><\/p>\n\n\n\n<ul class=\"wp-block-list\">\n<li>Analista de Regula\u00e7\u00e3o dos Servi\u00e7os P\u00fablicos Delegados | at\u00e9 R$ 7.935,19\n<ul class=\"wp-block-list\">\n<li>Administra\u00e7\u00e3o (AC: 05; PcD: 01; PP: 02)<\/li>\n\n\n\n<li>Contabilidade (AC: 01; PcD: 01)<\/li>\n\n\n\n<li>Economia (AC: 01; PcD: 01)<\/li>\n\n\n\n<li>Engenharia Civil (AC: 09; PcD: 01; PP: 03)<\/li>\n\n\n\n<li>Engenharia de Energia (AC: 01)<\/li>\n\n\n\n<li>Engenharia de Saneamento (AC: 04; PcD: 01; PP: 02)<\/li>\n\n\n\n<li>Engenharia El\u00e9trica (AC: 01)<\/li>\n\n\n\n<li>Engenharia Mec\u00e2nica (AC: 01)<\/li>\n\n\n\n<li>Engenharia Qu\u00edmica (AC: 03; PcD: 01; PP: 01)<\/li>\n\n\n\n<li>Jur\u00eddica (AC: 05; PcD: 01; PP: 02)<\/li>\n\n\n\n<li>Tecnologia da Informa\u00e7\u00e3o (AC: 01; PcD: 01)<\/li>\n<\/ul>\n<\/li>\n<\/ul>\n\n\n\n<p><strong>Ag\u00eancia Estadual de Tecnologia da Informa\u00e7\u00e3o \u2013 ATI<\/strong><\/p>\n\n\n\n<ul class=\"wp-block-list\">\n<li>Analista em Gest\u00e3o de Tecnologia da Informa\u00e7\u00e3o e Comunica\u00e7\u00e3o | at\u00e9 R$ 9.906,00\n<ul class=\"wp-block-list\">\n<li>Analista Consultor (AC: 17; PcD: 02; PP: 07; Ind\u00edgenas: 01; Quilombolas: 01)<\/li>\n\n\n\n<li>Analista de Aplica\u00e7\u00f5es (AC: 13; PcD: 02; PP: 06; Ind\u00edgenas: 01)<\/li>\n\n\n\n<li>Analista de Informa\u00e7\u00f5es (AC: 13; PcD: 01; PP: 05; Ind\u00edgenas: 01)<\/li>\n\n\n\n<li>Analista de Suporte (AC: 11; PcD: 01; PP: 05; Ind\u00edgenas: 01)<\/li>\n<\/ul>\n<\/li>\n<\/ul>\n\n\n\n<p><strong>Ag\u00eancia Estadual de Meio Ambiente \u2013 CPRH<\/strong><\/p>\n\n\n\n<ul class=\"wp-block-list\">\n<li>Analista em Gest\u00e3o Ambiental | at\u00e9 R$ 5.280,00\n<ul class=\"wp-block-list\">\n<li>Arquitetura e Urbanismo (AC: 01)<\/li>\n\n\n\n<li>Administra\u00e7\u00e3o (AC: 01; PcD: 01)<\/li>\n\n\n\n<li>Agronomia (AC: 01; PcD: 01)<\/li>\n\n\n\n<li>Biologia (AC: 06; PcD: 01; PP: 03)<\/li>\n\n\n\n<li>Ci\u00eancias Cont\u00e1beis (AC: 01; PcD: 01)<\/li>\n\n\n\n<li>Direito (AC: 03; PcD: 01; PP: 02)<\/li>\n\n\n\n<li>Engenharia Ambiental \u2013 Caruaru (AC: 01)<\/li>\n\n\n\n<li>Engenharia Ambiental \u2013 Recife (AC: 04; PcD: 01; PP: 02)<\/li>\n\n\n\n<li>Engenharia Cartogr\u00e1fica (AC: 01; PcD: 01)<\/li>\n\n\n\n<li>Engenharia Civil (AC: 01; PcD: 01)<\/li>\n\n\n\n<li>Engenharia de Minas (AC: 01; PcD: 01)<\/li>\n\n\n\n<li>Engenharia Florestal \u2013 Araripina (AC: 01)<\/li>\n\n\n\n<li>Engenharia Florestal \u2013 Recife (AC: 04; PcD: 01; PP: 02)<\/li>\n\n\n\n<li>Geografia (AC: 01)<\/li>\n\n\n\n<li>Geologia (AC: 01)<\/li>\n\n\n\n<li>Medicina Veterin\u00e1ria (AC: 03; PcD: 01; PP: 02)<\/li>\n\n\n\n<li>Psicologia (AC: 01)<\/li>\n\n\n\n<li>Qu\u00edmica (AC: 01; PcD: 01)<\/li>\n<\/ul>\n<\/li>\n<\/ul>\n\n\n\n<p><strong>Funda\u00e7\u00e3o de Aposentadorias e Pens\u00f5es dos Servidores do Estado de Pernambuco \u2013 FUNAPE<\/strong><\/p>\n\n\n\n<ul class=\"wp-block-list\">\n<li>Analista Jur\u00eddico-Previdenci\u00e1rio | R$ 5.354,54\n<ul class=\"wp-block-list\">\n<li>Analista Jur\u00eddico-Previdenci\u00e1rio (AC: 03; PcD: 01; PP: 02)<\/li>\n<\/ul>\n<\/li>\n<\/ul>\n\n\n\n<p><strong>Funda\u00e7\u00e3o de Atendimento Socioeducativo \u2013 FUNASE<\/strong><\/p>\n\n\n\n<ul class=\"wp-block-list\">\n<li>Analista em Gest\u00e3o Socioeducativa | R$ 4.828,90\n<ul class=\"wp-block-list\">\n<li>Assistente Social (AC: 05; PcD: 01; PP: 01)<\/li>\n\n\n\n<li>Nutricionista (AC: 03; PcD: 02; PP: 01)<\/li>\n\n\n\n<li>Pedagogo&nbsp;(AC: 05; PcD: 01; PP: 02)<\/li>\n\n\n\n<li>Psic\u00f3logo (AC: 05; PcD: 02; PP: 01)<\/li>\n<\/ul>\n<\/li>\n<\/ul>\n\n\n\n<p><strong>Instituto de Pesos e Medidas de Pernambuco \u2013 IPEM<\/strong><\/p>\n\n\n\n<ul class=\"wp-block-list\">\n<li>Analista de Gest\u00e3o em Metrologia e Qualidade Industrial | R$ 3.298,02\n<ul class=\"wp-block-list\">\n<li>Analista de Sistemas Informatizados (AC: 01)<\/li>\n\n\n\n<li>Analista em Estat\u00edstica (AC: 01)<\/li>\n\n\n\n<li>Analista Jur\u00eddico (AC: 01)<\/li>\n<\/ul>\n<\/li>\n<\/ul>\n\n\n\n<p><strong>Secretaria de Administra\u00e7\u00e3o \u2013 SAD<\/strong><\/p>\n\n\n\n<ul class=\"wp-block-list\">\n<li>Gestor Governamental | at\u00e9 R$ 11.359,85\n<ul class=\"wp-block-list\">\n<li>Administrativa \u2013 Qualifica\u00e7\u00e3o: Contador (AC: 18; PcD: 02; PP: 07; Ind\u00edgenas: 01; Quilombolas: 01)<\/li>\n<\/ul>\n<\/li>\n<\/ul>\n\n\n\n<h3 class=\"wp-block-heading\">Bloco 2 \u2013 Qualquer \u00e1rea de forma\u00e7\u00e3o de n\u00edvel superior<\/h3>\n\n\n\n<p><strong>Funda\u00e7\u00e3o de Aposentadorias e Pens\u00f5es dos Servidores do Estado de Pernambuco \u2013 FUNAPE<\/strong><\/p>\n\n\n\n<ul class=\"wp-block-list\">\n<li>Analista em Gest\u00e3o Previdenci\u00e1ria | R$ 5.354,54\n<ul class=\"wp-block-list\">\n<li>Analista em Gest\u00e3o Previdenci\u00e1ria (AC: 09; PcD: 01; PP: 04)<\/li>\n<\/ul>\n<\/li>\n<\/ul>\n\n\n\n<p><strong>Secretaria de Administra\u00e7\u00e3o \u2013 SAD<\/strong><\/p>\n\n\n\n<ul class=\"wp-block-list\">\n<li>Gestor Governamental | at\u00e9 R$ 11.359,85\n<ul class=\"wp-block-list\">\n<li>Administrativa (AC: 34; PcD: 03; PP: 13; Ind\u00edgenas: 02; Quilombolas: 01)<\/li>\n<\/ul>\n<\/li>\n<\/ul>\n\n\n\n<p><strong>Secretaria da Controladoria-Geral do Estado \u2013 SCGE<\/strong><\/p>\n\n\n\n<ul class=\"wp-block-list\">\n<li>Gestor Governamental \u2013 Especialidade: Controle Interno | at\u00e9 R$ 11.359,85\n<ul class=\"wp-block-list\">\n<li>Finan\u00e7as P\u00fablicas (AC: 08; PcD: 01; PP: 03)<\/li>\n\n\n\n<li>Obras P\u00fablicas (AC: 04; PcD: 01; PP: 02)<\/li>\n\n\n\n<li>Sa\u00fade (AC: 03; PcD: 01; PP: 01)<\/li>\n\n\n\n<li>Tecnologia da Informa\u00e7\u00e3o (AC: 03; PcD: 01; PP: 01)<\/li>\n<\/ul>\n<\/li>\n<\/ul>\n\n\n\n<p><strong>Secretaria de Planejamento, Gest\u00e3o e Desenvolvimento Regional \u2013 SEPLAG<\/strong><\/p>\n\n\n\n<ul class=\"wp-block-list\">\n<li>Gestor Governamental | at\u00e9 R$ 11.359,85\n<ul class=\"wp-block-list\">\n<li>Planejamento, Or\u00e7amento e Gest\u00e3o (AC: 16; PcD: 02; PP: 07; Ind\u00edgenas: 01; Quilombolas: 01)<\/li>\n<\/ul>\n<\/li>\n<\/ul>\n\n\n\n<h3 class=\"wp-block-heading\">Bloco 3 \u2013 N\u00edvel m\u00e9dio<\/h3>\n\n\n\n<p><strong>Ag\u00eancia Estadual de Meio Ambiente \u2013 CPRH<\/strong><\/p>\n\n\n\n<ul class=\"wp-block-list\">\n<li>Assistente em Gest\u00e3o Ambiental | at\u00e9 R$ 2.870,00\n<ul class=\"wp-block-list\">\n<li>Assistente Administrativo&nbsp;(AC: 09; PcD: 01; PP: 04)<\/li>\n\n\n\n<li>T\u00e9cnico em Contabilidade (AC: 01; PcD: 01; PP: 01)<\/li>\n\n\n\n<li>T\u00e9cnico em Meio Ambiente (AC: 09; PcD: 01; PP: 04)<\/li>\n\n\n\n<li>T\u00e9cnico em Qu\u00edmica (AC: 01)<\/li>\n\n\n\n<li>T\u00e9cnico em Qu\u00edmica Laboratorial (AC: 03; PcD: 01; PP: 02)<\/li>\n\n\n\n<li>T\u00e9cnico em Saneamento Ambiental (AC: 02; PcD: 01; PP: 01)<\/li>\n<\/ul>\n<\/li>\n<\/ul>\n\n\n\n<p><strong>Instituto de Pesos e Medidas de Pernambuco \u2013 IPEM<\/strong><\/p>\n\n\n\n<ul class=\"wp-block-list\">\n<li>Assistente de Gest\u00e3o em Metrologia e Qualidade Industrial | R$ 2.189,17\n<ul class=\"wp-block-list\">\n<li>Agente Administrativo (AC: 03; PcD: 01; PP: 02)<\/li>\n\n\n\n<li>Agente de Fiscaliza\u00e7\u00e3o Metrol\u00f3gica Legal e Qualidade&nbsp;\u2013 Recife (AC: 15; PcD: 02; PP: 06; Ind\u00edgenas: 01)<\/li>\n\n\n\n<li>Agente de Fiscaliza\u00e7\u00e3o Metrol\u00f3gica Legal e Qualidade&nbsp;\u2013 Caruaru (AC: 01; PcD: 01; PP: 01)<\/li>\n\n\n\n<li>Agente de Fiscaliza\u00e7\u00e3o Metrol\u00f3gica Legal e Qualidade&nbsp;\u2013 Petrolina (AC: 01; PcD: 01; PP: 01; Quilombolas: 01)<\/li>\n<\/ul>\n<\/li>\n<\/ul>\n\n\n\n<p><\/p>\n\n\n\n<p>Para quem vai iniciar a prepara\u00e7\u00e3o,&nbsp;as apostilas Unificado PE&nbsp;j\u00e1 est\u00e3o dispon\u00edveis com conte\u00fado completo e atualizado conforme o edital. Confira!<\/p>\n\n\n\n<ul class=\"wp-block-list\">\n<li><a href=\"https:\/\/www.apostilasopcao.com.br\/apostila\/cpu-pe-nivel-superior-pedagogo\">Apostila Concurso Unificado Pernambuco 2025 &#8211; Bloco 1 &#8211; N\u00edvel Superior &#8211; Pedagogo<\/a><\/li>\n\n\n\n<li><a href=\"https:\/\/www.apostilasopcao.com.br\/apostila\/cpu-pe-nivel-medio-agente-administrativo\">Apostila Concurso Unificado Pernambuco 2025 &#8211; Bloco 3 &#8211; N\u00edvel M\u00e9dio &#8211; Agente Administrativo<\/a><\/li>\n\n\n\n<li><a href=\"https:\/\/www.apostilasopcao.com.br\/apostila\/cpu-pe-ag-fiscalizacao-metrologica-legal-qualidade\">Apostila CPU-PE 2025 &#8211; Bloco 3 &#8211; Agente de Fiscaliza\u00e7\u00e3o Metrol\u00f3gica Legal e Qualidade<\/a><\/li>\n\n\n\n<li><a href=\"https:\/\/www.apostilasopcao.com.br\/apostila\/cpu-pe-nivel-medio-assistente-administrativo\">Apostila Concurso Unificado Pernambuco 2025 &#8211; Bloco 3 &#8211; N\u00edvel M\u00e9dio &#8211; Assistente Administrativo<\/a><\/li>\n<\/ul>\n\n\n\n<h2 class=\"wp-block-heading\">Onde os aprovados ir\u00e3o atuar<\/h2>\n\n\n\n<p>A distribui\u00e7\u00e3o das vagas do concurso Unificado Pernambuco foi organizada conforme as necessidades de cada \u00f3rg\u00e3o estadual e a \u00e1rea de atua\u00e7\u00e3o dos cargos. A defini\u00e7\u00e3o das lota\u00e7\u00f5es segue o que est\u00e1 estabelecido no edital e busca atender \u00e0 estrutura administrativa do Estado.<\/p>\n\n\n\n<p>Os Gestores Governamentais ter\u00e3o atua\u00e7\u00e3o em diferentes secretarias, de acordo com a especialidade:<\/p>\n\n\n\n<ul class=\"wp-block-list\">\n<li><strong>Administrativa e Cont\u00e1bil:<\/strong> exercer\u00e3o suas fun\u00e7\u00f5es na Secretaria de Administra\u00e7\u00e3o (SAD) e em outros \u00f3rg\u00e3os da administra\u00e7\u00e3o direta, integrantes do Sistema Estadual de Gest\u00e3o Administrativa.<\/li>\n\n\n\n<li><strong>Planejamento, Or\u00e7amento e Gest\u00e3o:<\/strong> ser\u00e3o lotados na Secretaria de Planejamento, Gest\u00e3o e Desenvolvimento Regional (SEPLAG), podendo atuar tanto na sede central quanto em n\u00facleos regionais.<\/li>\n\n\n\n<li><strong>Controle Interno:<\/strong> trabalhar\u00e3o na Secretaria da Controladoria-Geral do Estado (SCGE), incluindo suas unidades setoriais vinculadas ao Sistema Estadual de Controle Interno.<\/li>\n<\/ul>\n\n\n\n<p>Os Analistas em Gest\u00e3o Socioeducativa (FUNASE) ter\u00e3o lota\u00e7\u00e3o definida de acordo com o polo selecionado no ato da inscri\u00e7\u00e3o, sendo distribu\u00eddos da seguinte forma:<\/p>\n\n\n\n<ul class=\"wp-block-list\">\n<li><strong>Polo 1:<\/strong> Petrolina;<\/li>\n\n\n\n<li><strong>Polo 2:<\/strong> Arcoverde, Caruaru, Garanhuns ou Vit\u00f3ria de Santo Ant\u00e3o;<\/li>\n\n\n\n<li><strong>Polo 3:<\/strong> Regi\u00e3o Metropolitana do Recife ou Timba\u00faba.<\/li>\n<\/ul>\n\n\n\n<p>Os demais cargos ter\u00e3o lota\u00e7\u00e3o <strong>na cidade do Recife<\/strong>, onde se encontram as sedes administrativas e t\u00e9cnicas dessas institui\u00e7\u00f5es.<\/p>\n\n\n\n<p>O edital tamb\u00e9m prev\u00ea que, conforme a necessidade do servi\u00e7o p\u00fablico, os servidores poder\u00e3o ser <strong>temporariamente deslocados para outras localidades<\/strong> do Estado de Pernambuco, garantindo o funcionamento das unidades regionais e o atendimento \u00e0s demandas administrativas.<\/p>\n\n\n\n<h2 class=\"wp-block-heading\">Requisitos para investidura<\/h2>\n\n\n\n<p>Para investidura dos cargos do concurso Unificado PE, \u00e9 necess\u00e1rio que os candidatos atendam aos seguintes requisitos b\u00e1sicos:<\/p>\n\n\n\n<ul class=\"wp-block-list\">\n<li>ter sido aprovado e classificado no Concurso P\u00fablico Unificado;<\/li>\n\n\n\n<li>ter nacionalidade brasileira ou portuguesa. No caso de nacionalidade portuguesa, estar amparado pelo Estatuto de Igualdade entre Brasileiros e Portugueses, com reconhecimento do gozo dos direitos pol\u00edticos, na forma do artigo 12, \u00a7 1\u00ba, da Constitui\u00e7\u00e3o da Rep\u00fablica Federativa do Brasil de 1988, com reda\u00e7\u00e3o dada pela Emenda Constitucional n\u00ba 03\/1994, nos termos do Decreto Federal n\u00ba 3.927\/2001;<\/li>\n\n\n\n<li>gozar dos direitos pol\u00edticos;<\/li>\n\n\n\n<li>estar quite com as obriga\u00e7\u00f5es eleitorais;<\/li>\n\n\n\n<li>estar quite com as obriga\u00e7\u00f5es do Servi\u00e7o Militar (se candidato do sexo masculino);<\/li>\n\n\n\n<li>ter idade m\u00ednima de 18 (dezoito) anos completos na data da posse, ou ser emancipado civilmente;<\/li>\n\n\n\n<li>gozar de boa sa\u00fade, comprovada em inspe\u00e7\u00e3o m\u00e9dica pela Ger\u00eancia Geral de Sa\u00fade e Seguran\u00e7a do Trabalho do Estado da Secretaria de Administra\u00e7\u00e3o (SAD);<\/li>\n\n\n\n<li>n\u00e3o acumular cargos, empregos ou fun\u00e7\u00f5es p\u00fablicas, a n\u00e3o ser nos casos constitucionalmente permitidos;<\/li>\n\n\n\n<li>possuir os documentos comprobat\u00f3rios da escolaridade;<\/li>\n<\/ul>\n\n\n\n<h2 class=\"wp-block-heading\">Etapas de sele\u00e7\u00e3o<\/h2>\n\n\n\n<p>O concurso Unificado PE ser\u00e1 composto por duas etapas obrigat\u00f3rias, com car\u00e1ter eliminat\u00f3rio e classificat\u00f3rio:<\/p>\n\n\n\n<ul class=\"wp-block-list\">\n<li><strong>Prova objetiva<\/strong> \u2013 avaliar\u00e1 conhecimentos gerais e espec\u00edficos;<\/li>\n\n\n\n<li><strong>Prova discursiva<\/strong> \u2013 avaliar\u00e1 a capacidade de argumenta\u00e7\u00e3o, interpreta\u00e7\u00e3o e dom\u00ednio da escrita.<\/li>\n<\/ul>\n\n\n\n<p>As provas foram agendadas para diferentes dias:<\/p>\n\n\n\n<ul class=\"wp-block-list\">\n<li><strong>18 de janeiro de 2026:<\/strong>&nbsp;cargos de n\u00edvel superior com forma\u00e7\u00e3o espec\u00edfica;<\/li>\n\n\n\n<li><strong>25 de janeiro de 2026:<\/strong>&nbsp;cargos de n\u00edvel superior com forma\u00e7\u00e3o geral e n\u00edvel m\u00e9dio.<\/li>\n<\/ul>\n\n\n\n<h3 class=\"wp-block-heading\">Prova objetiva<\/h3>\n\n\n\n<p>A prova objetiva ser\u00e1 composta por quest\u00f5es de m\u00faltipla escolha, com cinco alternativas e apenas uma correta. A estrutura varia conforme o cargo:<\/p>\n\n\n\n<ul class=\"wp-block-list\">\n<li><strong>Gestor Governamental (5 horas de dura\u00e7\u00e3o)<\/strong>\n<ul class=\"wp-block-list\">\n<li>30 quest\u00f5es de Conhecimentos Gerais (peso 1)<\/li>\n\n\n\n<li>40 quest\u00f5es de Conhecimentos Espec\u00edficos (peso 3)<\/li>\n<\/ul>\n<\/li>\n\n\n\n<li><strong>Demais cargos (4 horas de dura\u00e7\u00e3o)<\/strong>\n<ul class=\"wp-block-list\">\n<li>30 quest\u00f5es de Conhecimentos Gerais (peso 1)<\/li>\n\n\n\n<li>30 quest\u00f5es de Conhecimentos Espec\u00edficos (peso 3)<\/li>\n<\/ul>\n<\/li>\n<\/ul>\n\n\n\n<p>O candidato precisar\u00e1 atingir pontua\u00e7\u00e3o igual ou superior a 200 pontos para ser considerado aprovado.<\/p>\n\n\n\n<h4 class=\"wp-block-heading\">Somos a melhor Op\u00e7\u00e3o<\/h4>\n\n\n\n<p>Quer conquistar uma vaga no concurso Unificado Pernambuco? Somos a melhore Op\u00e7\u00e3o! N\u00f3s preparamos diversos materiais realmente focados conforme o edital publicado que te ajudar\u00e3o a conquistar o cargo dos sonhos. N\u00e3o perca mais tempo e comece a se preparar ainda hoje!<\/p>\n\n\n\n<ul class=\"wp-block-list\">\n<li><strong>Confira:&nbsp;<a href=\"https:\/\/www.apostilasopcao.com.br\/concurso\/concurso-publico-unificado-do-estado-do-pernambuco\">Materiais preparat\u00f3rios para o concurso&nbsp;Unificado PE!<\/a><\/strong><\/li>\n<\/ul>\n\n\n\n<h3 class=\"wp-block-heading\">Prova discursiva<\/h3>\n\n\n\n<p>A segunda etapa do concurso Unificado Pernambuco ser\u00e1 a prova discursiva, aplicada no mesmo dia da prova objetiva. Confira o que ser\u00e1 avaliado:<\/p>\n\n\n\n<ul class=\"wp-block-list\">\n<li><strong>N\u00edvel superior:<\/strong> os candidatos responder\u00e3o duas quest\u00f5es pr\u00e1ticas, em formato de estudo de caso, abordando situa\u00e7\u00f5es reais da \u00e1rea de atua\u00e7\u00e3o. A prova exigir\u00e1 dom\u00ednio t\u00e9cnico, capacidade anal\u00edtica e clareza de argumenta\u00e7\u00e3o.<\/li>\n\n\n\n<li><strong>N\u00edvel m\u00e9dio:<\/strong> os candidatos far\u00e3o uma reda\u00e7\u00e3o dissertativo-argumentativa, com tema de interesse geral. O texto deve ter entre 20 e 30 linhas, respeitando a norma-padr\u00e3o da L\u00edngua Portuguesa.<\/li>\n<\/ul>\n\n\n\n<p>A pontua\u00e7\u00e3o m\u00e1xima \u00e9 de 100 pontos, sendo necess\u00e1rio atingir m\u00ednimo de 50 pontos para cargos de n\u00edvel superior e 60 pontos para cargos de n\u00edvel m\u00e9dio.<\/p>\n\n\n\n<p>A avalia\u00e7\u00e3o considerar\u00e1 crit\u00e9rios como coer\u00eancia, coes\u00e3o, estrutura textual, dom\u00ednio gramatical e adequa\u00e7\u00e3o ao tema proposto. <\/p>\n\n\n\n<h2 class=\"wp-block-heading\">Pernambuco sai na frente com concurso unificado<\/h2>\n\n\n\n<p>Pernambuco tornou-se o primeiro estado do pa\u00eds a anunciar oficialmente a ado\u00e7\u00e3o de um modelo unificado de sele\u00e7\u00e3o para o servi\u00e7o p\u00fablico. A iniciativa coloca o estado na vanguarda das reformas administrativas, priorizando efici\u00eancia, transpar\u00eancia e democratiza\u00e7\u00e3o do acesso aos cargos p\u00fablicos.<\/p>\n\n\n\n<p>Al\u00e9m de inovar no formato de sele\u00e7\u00e3o, o governo estadual estuda medidas para agilizar a <strong>convoca\u00e7\u00e3o e nomea\u00e7\u00e3o<\/strong> dos aprovados, com o objetivo de reduzir a burocracia e garantir que os novos servidores assumam suas fun\u00e7\u00f5es de forma mais r\u00e1pida e eficiente. A expectativa \u00e9 de fortalecer a capacidade de resposta do estado \u00e0s demandas da popula\u00e7\u00e3o.<\/p>\n\n\n\n<p>Paralelamente, no cen\u00e1rio federal, o Congresso Nacional debate a Reforma Administrativa, que inclui a possibilidade de expandir o modelo unificado para estados e munic\u00edpios. Caso seja aprovada, a medida poder\u00e1 consolidar os concursos unificados como <strong>novo padr\u00e3o nacional<\/strong>, transformando significativamente a forma de ingresso no servi\u00e7o p\u00fablico brasileiro.<\/p>\n\n\n\n<p><strong>Quer ficar por dentro de tudo sobre o universo de concursos?&nbsp;<a href=\"https:\/\/www.apostilasopcao.com.br\/blog\/noticias\/\">Confira as nossas not\u00edcias!<\/a><\/strong><\/p>\n","protected":false},"excerpt":{"rendered":"<p>As inscri\u00e7\u00f5es do concurso Unificado PE foram prorrogadas at\u00e9 o dia 30 de novembro, e o certame mant\u00e9m a oferta de 462 vagas distribu\u00eddas entre diferentes \u00f3rg\u00e3os do governo estadual. Saiba mais!<\/p>\n","protected":false},"author":12,"featured_media":5236,"comment_status":"closed","ping_status":"closed","sticky":false,"template":"","format":"standard","meta":{"_acf_changed":false,"breadcrumbs_single_post":"","page_title_panel":"","breadcrumbs_single_page":"","single_page_alignment":"","single_page_margin":"","page_structure_type":"","content_style_source":"","content_style":"","blog_post_streched_ed":"","blog_page_streched_ed":"","has_transparent_header":"","disable_transparent_header":"","vertical_spacing_source":"","content_area_spacing":"","single_post_content_background":"","single_page_content_background":"","single_post_boxed_content_spacing":"","single_page_boxed_content_spacing":"","single_post_content_boxed_radius":"","single_page_content_boxed_radius":"","disable_featured_image":"","disable_post_tags":"","disable_author_box":"","disable_posts_navigation":"","disable_comments":"","disable_related_posts":"","disable_header":"","disable_footer":"","footnotes":""},"categories":[4,21],"tags":[354],"class_list":["post-3711","post","type-post","status-publish","format-standard","has-post-thumbnail","hentry","category-noticias","category-pe","tag-concurso-unificado-pe","rishi-post"],"acf":{"data_prova":"20260125","status":"aberto"},"_links":{"self":[{"href":"https:\/\/www.apostilasopcao.com.br\/blog\/wp-json\/wp\/v2\/posts\/3711","targetHints":{"allow":["GET"]}}],"collection":[{"href":"https:\/\/www.apostilasopcao.com.br\/blog\/wp-json\/wp\/v2\/posts"}],"about":[{"href":"https:\/\/www.apostilasopcao.com.br\/blog\/wp-json\/wp\/v2\/types\/post"}],"author":[{"embeddable":true,"href":"https:\/\/www.apostilasopcao.com.br\/blog\/wp-json\/wp\/v2\/users\/12"}],"replies":[{"embeddable":true,"href":"https:\/\/www.apostilasopcao.com.br\/blog\/wp-json\/wp\/v2\/comments?post=3711"}],"version-history":[{"count":24,"href":"https:\/\/www.apostilasopcao.com.br\/blog\/wp-json\/wp\/v2\/posts\/3711\/revisions"}],"predecessor-version":[{"id":10282,"href":"https:\/\/www.apostilasopcao.com.br\/blog\/wp-json\/wp\/v2\/posts\/3711\/revisions\/10282"}],"wp:featuredmedia":[{"embeddable":true,"href":"https:\/\/www.apostilasopcao.com.br\/blog\/wp-json\/wp\/v2\/media\/5236"}],"wp:attachment":[{"href":"https:\/\/www.apostilasopcao.com.br\/blog\/wp-json\/wp\/v2\/media?parent=3711"}],"wp:term":[{"taxonomy":"category","embeddable":true,"href":"https:\/\/www.apostilasopcao.com.br\/blog\/wp-json\/wp\/v2\/categories?post=3711"},{"taxonomy":"post_tag","embeddable":true,"href":"https:\/\/www.apostilasopcao.com.br\/blog\/wp-json\/wp\/v2\/tags?post=3711"}],"curies":[{"name":"wp","href":"https:\/\/api.w.org\/{rel}","templated":true}]}}