{"id":4025,"date":"2026-01-16T11:29:13","date_gmt":"2026-01-16T14:29:13","guid":{"rendered":"https:\/\/www.apostilasopcao.com.br\/blog\/?p=4025"},"modified":"2026-01-16T11:40:48","modified_gmt":"2026-01-16T14:40:48","slug":"enem","status":"publish","type":"post","link":"https:\/\/www.apostilasopcao.com.br\/blog\/enem\/","title":{"rendered":"Enem 2026: Resultado divulgado! Informa\u00e7\u00f5es completas!"},"content":{"rendered":"\n<p>O <strong>resultado<\/strong> do Enem 2025 foi divulgado na madrugada desta sexta-feira, 16 de janeiro, pelo Minist\u00e9rio da Educa\u00e7\u00e3o, e os estudantes que participaram da edi\u00e7\u00e3o j\u00e1 podem consultar as notas na P\u00e1gina do Participante. Enquanto os candidatos regulares acompanham os pr\u00f3ximos passos para ingresso no ensino superior por meio do Sisu e do Prouni, os treineiros aguardam a libera\u00e7\u00e3o do desempenho, prevista para a primeira quinzena de mar\u00e7o, conforme o edital. Para se preparar, confira a<a href=\"https:\/\/www.apostilasopcao.com.br\/concurso\/enem-exame-nacional-do-ensino-medio\">\u00a0apostila Enem<\/a>\u00a0com conte\u00fado completo e atualizado conforme o edital!<\/p>\n\n\n\n<h2 class=\"wp-block-heading\">Como acessar o resultado do ENEM?<\/h2>\n\n\n\n<p>Consultar a nota do Enem 2025 \u00e9 um passo essencial para os candidatos que desejam disputar vagas no Sisu, no Prouni ou no Fies. O acesso ao resultado \u00e9 feito de forma on-line, diretamente na P\u00e1gina do Participante, utilizando a conta gov.br. A seguir, veja o passo a passo completo para conferir suas notas:<\/p>\n\n\n\n<h3 class=\"wp-block-heading\">Passo 1: Acesse a P\u00e1gina do Participante<\/h3>\n\n\n\n<p>Entre no site oficial do Inep e clique na op\u00e7\u00e3o <a href=\"https:\/\/enem.inep.gov.br\/participante\/#!\/\" target=\"_blank\" rel=\"noreferrer noopener\">P\u00e1gina do Participante<\/a>.<\/p>\n\n\n\n<figure class=\"wp-block-image size-full\"><img loading=\"lazy\" decoding=\"async\" width=\"799\" height=\"293\" src=\"https:\/\/www.apostilasopcao.com.br\/blog\/wp-content\/uploads\/2025\/08\/image-8.png\" alt=\"Passo 1: Acesse a P\u00e1gina do Participante ENEM. Concurso 2026.\" class=\"wp-image-8890\" srcset=\"https:\/\/www.apostilasopcao.com.br\/blog\/wp-content\/uploads\/2025\/08\/image-8.png 799w, https:\/\/www.apostilasopcao.com.br\/blog\/wp-content\/uploads\/2025\/08\/image-8-300x110.png 300w, https:\/\/www.apostilasopcao.com.br\/blog\/wp-content\/uploads\/2025\/08\/image-8-768x282.png 768w\" sizes=\"auto, (max-width: 799px) 100vw, 799px\" \/><\/figure>\n\n\n\n<h3 class=\"wp-block-heading\">Passo 2: Fa\u00e7a login com a conta gov.br<\/h3>\n\n\n\n<p>Clique em <strong>\u201cEntrar com gov.br\u201d<\/strong> e informe seu <strong>CPF<\/strong> e a <strong>senha cadastrada<\/strong>.<\/p>\n\n\n\n<figure class=\"wp-block-image size-full\"><img loading=\"lazy\" decoding=\"async\" width=\"363\" height=\"301\" src=\"https:\/\/www.apostilasopcao.com.br\/blog\/wp-content\/uploads\/2025\/08\/image-9.png\" alt=\"Passo 2: Fa\u00e7a login com a conta gov.br ENEM. Concurso 2026.\" class=\"wp-image-8891\" srcset=\"https:\/\/www.apostilasopcao.com.br\/blog\/wp-content\/uploads\/2025\/08\/image-9.png 363w, https:\/\/www.apostilasopcao.com.br\/blog\/wp-content\/uploads\/2025\/08\/image-9-300x249.png 300w\" sizes=\"auto, (max-width: 363px) 100vw, 363px\" \/><\/figure>\n\n\n\n<h3 class=\"wp-block-heading\">Passo 3: Localize a aba \u201cResultado\u201d<\/h3>\n\n\n\n<p>Ap\u00f3s o login, procure pela op\u00e7\u00e3o <strong>\u201cResultado\u201d<\/strong> no menu principal da P\u00e1gina do Participante.<\/p>\n\n\n\n<figure class=\"wp-block-image size-large\"><img loading=\"lazy\" decoding=\"async\" width=\"1024\" height=\"437\" src=\"https:\/\/www.apostilasopcao.com.br\/blog\/wp-content\/uploads\/2025\/08\/image-10-1024x437.png\" alt=\"Passo 3: Localize a aba \u201cResultado\u201d ENEM. Concurso 2026\" class=\"wp-image-8892\" srcset=\"https:\/\/www.apostilasopcao.com.br\/blog\/wp-content\/uploads\/2025\/08\/image-10-1024x437.png 1024w, https:\/\/www.apostilasopcao.com.br\/blog\/wp-content\/uploads\/2025\/08\/image-10-300x128.png 300w, https:\/\/www.apostilasopcao.com.br\/blog\/wp-content\/uploads\/2025\/08\/image-10-768x328.png 768w, https:\/\/www.apostilasopcao.com.br\/blog\/wp-content\/uploads\/2025\/08\/image-10-1536x656.png 1536w, https:\/\/www.apostilasopcao.com.br\/blog\/wp-content\/uploads\/2025\/08\/image-10.png 1581w\" sizes=\"auto, (max-width: 1024px) 100vw, 1024px\" \/><\/figure>\n\n\n\n<h3 class=\"wp-block-heading\">Passo 4: Selecione o ano de 2025<\/h3>\n\n\n\n<p>Clique no <strong>ano de 2025<\/strong> para visualizar as notas do Enem 2025.<\/p>\n\n\n\n<figure class=\"wp-block-image size-full\"><img loading=\"lazy\" decoding=\"async\" width=\"835\" height=\"503\" src=\"https:\/\/www.apostilasopcao.com.br\/blog\/wp-content\/uploads\/2025\/08\/image-12.png\" alt=\"Passo 4: Selecione o ano de 2025 ENEM. Concurso 2026\" class=\"wp-image-8894\" srcset=\"https:\/\/www.apostilasopcao.com.br\/blog\/wp-content\/uploads\/2025\/08\/image-12.png 835w, https:\/\/www.apostilasopcao.com.br\/blog\/wp-content\/uploads\/2025\/08\/image-12-300x181.png 300w, https:\/\/www.apostilasopcao.com.br\/blog\/wp-content\/uploads\/2025\/08\/image-12-768x463.png 768w\" sizes=\"auto, (max-width: 835px) 100vw, 835px\" \/><\/figure>\n\n\n\n<h3 class=\"wp-block-heading\">Passo 5: Confira suas notas<\/h3>\n\n\n\n<p>Veja a pontua\u00e7\u00e3o em cada \u00e1rea do conhecimento: Linguagens, Ci\u00eancias Humanas, Ci\u00eancias da Natureza, Matem\u00e1tica e Reda\u00e7\u00e3o.<\/p>\n\n\n\n<figure class=\"wp-block-image size-large\"><img loading=\"lazy\" decoding=\"async\" width=\"1024\" height=\"626\" src=\"https:\/\/www.apostilasopcao.com.br\/blog\/wp-content\/uploads\/2025\/08\/image-13-1024x626.png\" alt=\"Passo 5: Confira suas notas ENEM. Concurso 2026\" class=\"wp-image-8895\" srcset=\"https:\/\/www.apostilasopcao.com.br\/blog\/wp-content\/uploads\/2025\/08\/image-13-1024x626.png 1024w, https:\/\/www.apostilasopcao.com.br\/blog\/wp-content\/uploads\/2025\/08\/image-13-300x183.png 300w, https:\/\/www.apostilasopcao.com.br\/blog\/wp-content\/uploads\/2025\/08\/image-13-768x470.png 768w, https:\/\/www.apostilasopcao.com.br\/blog\/wp-content\/uploads\/2025\/08\/image-13.png 1290w\" sizes=\"auto, (max-width: 1024px) 100vw, 1024px\" \/><\/figure>\n\n\n\n<h2 class=\"wp-block-heading\">Onde usar a nota do Enem 2025: Sisu, Prouni e Fies<\/h2>\n\n\n\n<p>Ap\u00f3s conferir o resultado do Enem 2025, o candidato pode utilizar a pontua\u00e7\u00e3o para participar dos <strong>principais programas federais<\/strong> de acesso ao ensino superior. A nota do exame \u00e9 o crit\u00e9rio central de sele\u00e7\u00e3o para diferentes modalidades de ingresso em universidades p\u00fablicas e institui\u00e7\u00f5es privadas. Confira as principais op\u00e7\u00f5es:<\/p>\n\n\n\n<ul class=\"wp-block-list\">\n<li><strong>Sisu<\/strong>: sistema unificado de sele\u00e7\u00e3o que utiliza a nota do Enem para ingresso em universidades p\u00fablicas. As inscri\u00e7\u00f5es est\u00e3o previstas para o per\u00edodo de <strong>19 a 23 de janeiro de 2026<\/strong>.<\/li>\n\n\n\n<li><strong>Prouni<\/strong>: programa que concede <strong>bolsas de estudo integrais e parciais<\/strong> em institui\u00e7\u00f5es privadas de ensino superior, com inscri\u00e7\u00f5es previstas de <strong>26 a 29 de janeiro de 2026<\/strong>.<\/li>\n\n\n\n<li><strong>Fies<\/strong>: programa de financiamento estudantil que permite cursar o ensino superior com pagamento facilitado ap\u00f3s a formatura. At\u00e9 o momento, o cronograma de inscri\u00e7\u00f5es ainda n\u00e3o foi divulgado.<\/li>\n<\/ul>\n\n\n\n<p>\u00c9 importante destacar que candidatos que realizaram o Enem na condi\u00e7\u00e3o de <strong>treineiro<\/strong> n\u00e3o podem utilizar a nota para concorrer a vagas ou benef\u00edcios nesses programas, conforme as regras do edital.<\/p>\n\n\n\n<h2 class=\"wp-block-heading\">O que \u00e9 o ENEM e para que serve?<\/h2>\n\n\n\n<p>Criado em 1998 pelo Minist\u00e9rio da Educa\u00e7\u00e3o (MEC), o exame surgiu inicialmente com a finalidade de avaliar o desempenho dos estudantes ao final da educa\u00e7\u00e3o b\u00e1sica, mas passou por uma reformula\u00e7\u00e3o significativa em 2009, quando teve sua metodologia aperfei\u00e7oada e passou a ser utilizado como instrumento de sele\u00e7\u00e3o para o ingresso em universidades e programas federais.<\/p>\n\n\n\n<p>Atualmente, o Enem vai al\u00e9m da avalia\u00e7\u00e3o educacional e se consolidou como crit\u00e9rio central de acesso a pol\u00edticas p\u00fablicas como o <strong>Sisu (Sistema de Sele\u00e7\u00e3o Unificada)<\/strong>, o <strong>Prouni (Programa Universidade para Todos)<\/strong> e o <strong>Fies (Fundo de Financiamento Estudantil)<\/strong>, al\u00e9m de ser aceito por diversas institui\u00e7\u00f5es privadas de ensino superior.<\/p>\n\n\n\n<p>O exame tamb\u00e9m possui reconhecimento internacional, sendo utilizado por universidades estrangeiras, especialmente em Portugal, onde mais de 50 institui\u00e7\u00f5es adotam a nota do Enem como forma de ingresso. Podem participar do Enem candidatos que j\u00e1 conclu\u00edram ou estejam concluindo o ensino m\u00e9dio, com o objetivo de concorrer a vagas no ensino superior.<\/p>\n\n\n\n<p>J\u00e1 os estudantes que ainda n\u00e3o finalizaram essa etapa podem se inscrever como <strong>treineiros<\/strong>, utilizando o resultado exclusivamente para autoavalia\u00e7\u00e3o de conhecimentos, sem possibilidade de uso da nota para ingresso em programas ou institui\u00e7\u00f5es.<\/p>\n\n\n\n<p>Aplicado anualmente, o Enem \u00e9 composto por quatro provas objetivas: <strong>Linguagens, Matem\u00e1tica, Ci\u00eancias Humanas e Ci\u00eancias da Natureza<\/strong>, al\u00e9m de uma <strong>reda\u00e7\u00e3o dissertativo-argumentativa<\/strong>.<\/p>\n\n\n\n<p>A pontua\u00e7\u00e3o \u00e9 calculada por meio da <strong>Teoria da Resposta ao Item (TRI)<\/strong>, metodologia que considera n\u00e3o apenas o n\u00famero de acertos, mas tamb\u00e9m a coer\u00eancia das respostas, tornando o exame mais criterioso e estrat\u00e9gico.<\/p>\n\n\n\n<h2 class=\"wp-block-heading\">Como fazer a inscri\u00e7\u00e3o no Enem 2026?<\/h2>\n\n\n\n<p>Os interessados em participar do Exame Nacional do Ensino M\u00e9dio 2026 dever\u00e3o realizar a inscri\u00e7\u00e3o em datas que ainda ser\u00e3o divulgadas pelo Instituto Nacional de Estudos e Pesquisas Educacionais An\u00edsio Teixeira (Inep), \u00f3rg\u00e3o respons\u00e1vel pela organiza\u00e7\u00e3o do exame. O processo de inscri\u00e7\u00e3o \u00e9 feito exclusivamente pela internet, por meio da <strong>P\u00e1gina do Participante<\/strong>.<\/p>\n\n\n\n<p>Para se inscrever, \u00e9 indispens\u00e1vel possuir <strong>login e senha da conta gov.br<\/strong>, utilizados para acessar a P\u00e1gina do Participante, ambiente no qual ficam dispon\u00edveis todas as informa\u00e7\u00f5es do Enem, como confirma\u00e7\u00e3o da inscri\u00e7\u00e3o, local de prova, acompanhamento do cronograma e consulta aos resultados.<\/p>\n\n\n\n<p>Na edi\u00e7\u00e3o do Enem 2025, a inscri\u00e7\u00e3o s\u00f3 foi efetivada ap\u00f3s o pagamento da <strong>taxa de inscri\u00e7\u00e3o no valor de R$ 85,00<\/strong>, dentro do prazo estabelecido em edital. A expectativa \u00e9 que o Enem 2026 mantenha procedimento semelhante, com divulga\u00e7\u00e3o oficial do valor e das regras pelo Inep.<\/p>\n\n\n\n<h3 class=\"wp-block-heading\">Como fazer o Enem 2026 de gra\u00e7a?<\/h3>\n\n\n\n<p>O Inep ainda n\u00e3o divulgou o prazo oficial para solicitar a <strong>isen\u00e7\u00e3o da taxa de inscri\u00e7\u00e3o do Enem 2026<\/strong>, mas a tend\u00eancia \u00e9 que o procedimento siga o mesmo padr\u00e3o das edi\u00e7\u00f5es anteriores, com pedido feito exclusivamente pela P\u00e1gina do Participante.<\/p>\n\n\n\n<p>\u00c9 importante lembrar que, mesmo com a isen\u00e7\u00e3o aprovada, o candidato <strong>ainda precisar\u00e1 realizar a inscri\u00e7\u00e3o no Enem dentro do per\u00edodo definido pelo Inep<\/strong>, pois a concess\u00e3o do benef\u00edcio n\u00e3o efetiva automaticamente a participa\u00e7\u00e3o no exame. Para ter direito \u00e0 isen\u00e7\u00e3o, ser\u00e1 necess\u00e1rio atender a pelo menos um dos crit\u00e9rios abaixo:<\/p>\n\n\n\n<ul class=\"wp-block-list\">\n<li>Estar cursando o <strong>3\u00ba ano do ensino m\u00e9dio em escola p\u00fablica<\/strong> em 2026;<\/li>\n\n\n\n<li>Ser participante do <strong>programa P\u00e9-de-Meia<\/strong>;<\/li>\n\n\n\n<li>Ter cursado <strong>todo o ensino m\u00e9dio em escola p\u00fablica<\/strong> ou como <strong>bolsista integral em escola privada<\/strong>;<\/li>\n\n\n\n<li>Estar inscrito no <strong>Cadastro \u00danico (Cad\u00danico)<\/strong>, com <strong>renda familiar de at\u00e9 tr\u00eas sal\u00e1rios m\u00ednimos<\/strong> ou <strong>renda per capita de at\u00e9 meio sal\u00e1rio m\u00ednimo<\/strong>.<\/li>\n<\/ul>\n\n\n\n<h2 class=\"wp-block-heading\">Principais datas do Enem 2026!<\/h2>\n\n\n\n<p>O Enem 2026 ainda n\u00e3o teve datas oficialmente divulgadas, uma vez que o cronograma da edi\u00e7\u00e3o de 2025 segue em andamento. Por esse motivo, o <strong>edital do Exame Nacional do Ensino M\u00e9dio 2026<\/strong> deve ser publicado apenas mais \u00e0 frente, respeitando o padr\u00e3o adotado pelo Inep em anos anteriores.<\/p>\n\n\n\n<p>Com base no calend\u00e1rio das \u00faltimas edi\u00e7\u00f5es do exame, j\u00e1 \u00e9 poss\u00edvel tra\u00e7ar <strong>estimativas n\u00e3o oficiais<\/strong> para o Enem 2026. A expectativa \u00e9 que o edital, documento que re\u00fane todas as informa\u00e7\u00f5es essenciais sobre o exame, seja divulgado <strong>em maio de 2026<\/strong>, per\u00edodo em que tradicionalmente tamb\u00e9m ocorre a abertura das inscri\u00e7\u00f5es. A aplica\u00e7\u00e3o das provas costuma acontecer <strong>em novembro<\/strong>, com a divulga\u00e7\u00e3o dos gabaritos ainda no mesmo m\u00eas. J\u00e1 o <strong>resultado final do Enem 2026<\/strong> deve ser publicado, como de costume, <strong>em janeiro de 2027<\/strong>.<\/p>\n\n\n\n<p>Al\u00e9m dessas etapas principais, o cronograma do Enem inclui outras fases importantes que os candidatos devem acompanhar atentamente. Confira, a seguir, os eventos previstos:<\/p>\n\n\n\n<ul class=\"wp-block-list\">\n<li>Per\u00edodo para pedidos de isen\u00e7\u00e3o da taxa de inscri\u00e7\u00e3o e justificativa de aus\u00eancia na edi\u00e7\u00e3o anterior<\/li>\n\n\n\n<li>Resultado preliminar da isen\u00e7\u00e3o e da justificativa de aus\u00eancia<\/li>\n\n\n\n<li>Prazo para interposi\u00e7\u00e3o de recursos sobre isen\u00e7\u00e3o e justificativa de aus\u00eancia<\/li>\n\n\n\n<li>Resultado definitivo da isen\u00e7\u00e3o e justificativa de aus\u00eancia<\/li>\n\n\n\n<li>Per\u00edodo de inscri\u00e7\u00f5es<\/li>\n\n\n\n<li>Aplica\u00e7\u00e3o das provas<\/li>\n\n\n\n<li>Per\u00edodo para pedidos de reaplica\u00e7\u00e3o<\/li>\n\n\n\n<li>Divulga\u00e7\u00e3o dos gabaritos<\/li>\n\n\n\n<li>Reaplica\u00e7\u00e3o das provas<\/li>\n<\/ul>\n\n\n\n<p>Vale destacar que todas essas datas s\u00e3o <strong>apenas proje\u00e7\u00f5es<\/strong>, baseadas em edi\u00e7\u00f5es anteriores do exame. A confirma\u00e7\u00e3o oficial do cronograma do Enem 2026 ocorrer\u00e1 somente com a publica\u00e7\u00e3o do edital pelo Inep.<\/p>\n\n\n\n<h2 class=\"wp-block-heading\">Enem 2026 ter\u00e1 mudan\u00e7as? Veja o que j\u00e1 foi anunciado!<\/h2>\n\n\n\n<p>O Minist\u00e9rio da Educa\u00e7\u00e3o (MEC) anunciou mudan\u00e7as relevantes previstas para o <strong>Enem 2026<\/strong>, com destaque para a amplia\u00e7\u00e3o do papel do exame no sistema educacional brasileiro. A principal novidade \u00e9 que, a partir da pr\u00f3xima edi\u00e7\u00e3o, o Enem tamb\u00e9m dever\u00e1 ser utilizado como instrumento de <strong>avalia\u00e7\u00e3o da qualidade do ensino m\u00e9dio<\/strong>, indo al\u00e9m da fun\u00e7\u00e3o tradicional de acesso ao ensino superior.<\/p>\n\n\n\n<p>Segundo o ministro da Educa\u00e7\u00e3o, <strong>Camilo Santana<\/strong>, a proposta \u00e9 aproveitar a alta ades\u00e3o dos estudantes ao exame para transform\u00e1-lo em um <strong>diagn\u00f3stico nacional mais abrangente<\/strong>, capaz de avaliar o desempenho da educa\u00e7\u00e3o b\u00e1sica em escala nacional, e n\u00e3o apenas servir como crit\u00e9rio de sele\u00e7\u00e3o para universidades. A iniciativa ser\u00e1 implementada em parceria com o <strong>Inep<\/strong> e com as <strong>redes estaduais de ensino<\/strong>, permitindo a an\u00e1lise da aprendizagem dos alunos do <strong>3\u00ba ano do ensino m\u00e9dio<\/strong> em todo o pa\u00eds.<\/p>\n\n\n\n<p>De acordo com o ministro, os estudos t\u00e9cnicos necess\u00e1rios j\u00e1 foram realizados, e o novo modelo poder\u00e1 oferecer um retrato mais fiel e detalhado do n\u00edvel de aprendizagem dos estudantes brasileiros. Mesmo com essa amplia\u00e7\u00e3o de escopo, o Enem continuar\u00e1 cobrando as compet\u00eancias e habilidades previstas na <strong>Base Nacional Comum Curricular (BNCC)<\/strong>, mantendo a estrutura pedag\u00f3gica do exame.<\/p>\n\n\n\n<p>Outra possibilidade em an\u00e1lise pelo MEC \u00e9 a <strong>aplica\u00e7\u00e3o do Enem em pa\u00edses do Mercosul<\/strong>, como Argentina, Uruguai e Paraguai, o que ampliaria o alcance do exame para al\u00e9m do territ\u00f3rio nacional. Apesar das mudan\u00e7as anunciadas, o Enem seguir\u00e1 sendo utilizado normalmente para o <strong>Sisu, Prouni e Fies<\/strong>, al\u00e9m de permanecer v\u00e1lido para <strong>certifica\u00e7\u00e3o do ensino m\u00e9dio<\/strong>, conforme as regras atualmente vigentes.<\/p>\n\n\n\n<h2 class=\"wp-block-heading\">Quando ser\u00e3o as provas do Enem 2026?<\/h2>\n\n\n\n<p>As provas do Exame Nacional do Ensino M\u00e9dio (Enem) 2026 ser\u00e3o aplicadas em <strong>dois domingos consecutivos<\/strong>, conforme o modelo tradicional do exame, com datas que ainda ser\u00e3o divulgadas oficialmente pelo Inep.<\/p>\n\n\n\n<p>Para consultar o local de prova, o participante dever\u00e1 acessar a P\u00e1gina do Participante do Enem, onde ficar\u00e1 dispon\u00edvel o Cart\u00e3o de Confirma\u00e7\u00e3o de Inscri\u00e7\u00e3o, documento que informa endere\u00e7o, data, hor\u00e1rio e sala de aplica\u00e7\u00e3o. O acesso \u00e9 feito de forma on-line e exige login com a conta gov.br.<\/p>\n\n\n\n<h3 class=\"wp-block-heading\">Como conferir os locais de prova do Enem 2026?<\/h3>\n\n\n\n<p>Saber onde voc\u00ea far\u00e1 a prova \u00e9 um passo essencial para evitar imprevistos no dia. Essa informa\u00e7\u00e3o \u00e9 disponibilizada no Cart\u00e3o de Confirma\u00e7\u00e3o de Inscri\u00e7\u00e3o, que pode ser consultado na P\u00e1gina do Participante. Para acessar:<\/p>\n\n\n\n<ul class=\"wp-block-list\">\n<li>Entre no site oficial do Enem e clique em <a href=\"https:\/\/enem.inep.gov.br\/participante\/\" target=\"_blank\" rel=\"noreferrer noopener\">\u201cP\u00e1gina do Participante\u201d<\/a>.<\/li>\n\n\n\n<li>Fa\u00e7a login com sua conta gov.br.<\/li>\n\n\n\n<li>No menu lateral, selecione a op\u00e7\u00e3o \u201cAplica\u00e7\u00e3o\u201d.<\/li>\n\n\n\n<li>Clique no bot\u00e3o azul \u201cLocal de Prova\u201d dentro do chat do sistema.<\/li>\n<\/ul>\n\n\n\n<figure class=\"wp-block-image size-full\"><img loading=\"lazy\" decoding=\"async\" width=\"1017\" height=\"451\" src=\"https:\/\/www.apostilasopcao.com.br\/blog\/wp-content\/uploads\/2025\/08\/enem-1.webp\" alt=\"locais de prova do Enem 2025\" class=\"wp-image-4028\" srcset=\"https:\/\/www.apostilasopcao.com.br\/blog\/wp-content\/uploads\/2025\/08\/enem-1.webp 1017w, https:\/\/www.apostilasopcao.com.br\/blog\/wp-content\/uploads\/2025\/08\/enem-1-300x133.webp 300w, https:\/\/www.apostilasopcao.com.br\/blog\/wp-content\/uploads\/2025\/08\/enem-1-768x341.webp 768w\" sizes=\"auto, (max-width: 1017px) 100vw, 1017px\" \/><figcaption class=\"wp-element-caption\"><em>Como conferir os locais de prova do Enem 2026!<\/em><\/figcaption><\/figure>\n\n\n\n<p>O cart\u00e3o mostrar\u00e1 o endere\u00e7o exato do local, n\u00famero de inscri\u00e7\u00e3o, hor\u00e1rios e orienta\u00e7\u00f5es adicionais. Recomenda-se imprimir ou salvar o documento no celular e, se poss\u00edvel, visitar o local alguns dias antes da prova para calcular o tempo de deslocamento.<\/p>\n\n\n\n<p><strong>Lembre-se: <\/strong>atrasos n\u00e3o s\u00e3o tolerados no Enem 2026. Os port\u00f5es abrem \u00e0s 12h e fecham \u00e0s 13h (hor\u00e1rio de Bras\u00edlia), e qualquer atraso impede a participa\u00e7\u00e3o. Por isso, organize-se com anteced\u00eancia para que o dia da prova seja tranquilo e sem surpresas desagrad\u00e1veis.<\/p>\n\n\n\n<h2 class=\"wp-block-heading\">Como s\u00e3o as provas do Enem?<\/h2>\n\n\n\n<p>O Enem 2025 \u00e9 aplicado em dois domingos e re\u00fane quatro provas objetivas (cada uma com 45 quest\u00f5es de m\u00faltipla escolha) e uma reda\u00e7\u00e3o. <\/p>\n\n\n\n<p>No total, s\u00e3o <strong>180 quest\u00f5es objetivas<\/strong> distribu\u00eddas em dois dias de exame. Entender essa estrutura e o que cada \u00e1rea cobra  ajuda a estudar com foco, controlar a ansiedade e organizar o tempo no dia da prova.<\/p>\n\n\n\n<p>Confira como ser\u00e1 a distribui\u00e7\u00e3o por dia no Enem 2026:<\/p>\n\n\n\n<p><strong>Primeiro dia de prova <\/strong><\/p>\n\n\n\n<ul class=\"wp-block-list\">\n<li>Linguagens, C\u00f3digos e suas Tecnologias (45 quest\u00f5es)<\/li>\n\n\n\n<li>Ci\u00eancias Humanas e suas Tecnologias (45 quest\u00f5es)<\/li>\n\n\n\n<li>Reda\u00e7\u00e3o<\/li>\n\n\n\n<li>Dura\u00e7\u00e3o: at\u00e9 5h30<\/li>\n<\/ul>\n\n\n\n<p><strong>Segundo dia de prova<\/strong><\/p>\n\n\n\n<ul class=\"wp-block-list\">\n<li>Ci\u00eancias da Natureza e suas Tecnologias (45 quest\u00f5es)<\/li>\n\n\n\n<li>Matem\u00e1tica e suas Tecnologias (45 quest\u00f5es)<\/li>\n\n\n\n<li>Dura\u00e7\u00e3o: at\u00e9 5h<\/li>\n<\/ul>\n\n\n\n<h3 class=\"wp-block-heading\">Somos a melhor Op\u00e7\u00e3o<\/h3>\n\n\n\n<p>Quer conquistar uma vaga no Enem? Somos a melhore Op\u00e7\u00e3o! N\u00f3s preparamos diversos materiais realmente focados conforme o edital que te ajudar\u00e3o a conquistar o cargo dos sonhos. N\u00e3o perca mais tempo e comece a se preparar ainda hoje!<\/p>\n\n\n\n<p><strong>Confira:&nbsp;<a href=\"https:\/\/www.apostilasopcao.com.br\/concurso\/enem-exame-nacional-do-ensino-medio\">Apostilas Enem<\/a>!<\/strong><\/p>\n\n\n\n<h2 class=\"wp-block-heading\">O que vai cair no Enem 2026?<\/h2>\n\n\n\n<p>Com base no edital da edi\u00e7\u00e3o de 2025, o Enem 2026 dever\u00e1 cobrar os seguintes conte\u00fados:<\/p>\n\n\n\n<ul class=\"wp-block-list\">\n<li><strong>Linguagens<\/strong>: interpreta\u00e7\u00e3o de textos (verbais e n\u00e3o verbais), g\u00eaneros textuais, figuras de linguagem, varia\u00e7\u00e3o lingu\u00edstica; em Literatura, escolas e leituras de obras; em l\u00edngua estrangeira, leitura e interpreta\u00e7\u00e3o (sem gram\u00e1tica pesada).<\/li>\n\n\n\n<li><strong>Humanas<\/strong>: cidadania e direitos humanos, globaliza\u00e7\u00e3o, meio ambiente, Brasil Rep\u00fablica, Segunda Guerra, Hist\u00f3ria e Cultura Afro-Brasileira e Ind\u00edgena, al\u00e9m de leitura cr\u00edtica de mapas, tabelas e gr\u00e1ficos.<\/li>\n\n\n\n<li><strong>Natureza<\/strong>: ecologia (conceitos e aplica\u00e7\u00f5es), energia e eletricidade, cinem\u00e1tica e din\u00e2mica, sa\u00fade e sistema imunit\u00e1rio, liga\u00e7\u00f5es qu\u00edmicas, rea\u00e7\u00f5es e eletroqu\u00edmica \u2014 sempre com forte contextualiza\u00e7\u00e3o do cotidiano.<\/li>\n\n\n\n<li><strong>Matem\u00e1tica<\/strong>: porcentagem e finan\u00e7as, proporcionalidade, fun\u00e7\u00f5es (1\u00ba e 2\u00ba grau), estat\u00edstica b\u00e1sica, geometria plana\/espacial e racioc\u00ednio alg\u00e9brico aplicado a problemas reais.<\/li>\n<\/ul>\n\n\n\n<h2 class=\"wp-block-heading\">Como ser\u00e1 a reda\u00e7\u00e3o do Enem 2026<\/h2>\n\n\n\n<p>A reda\u00e7\u00e3o do Enem 2026 \u00e9 um texto dissertativo-argumentativo (m\u00ednimo 7 e m\u00e1ximo 30 linhas), com base em um tema relacionado a algum problema social, cient\u00edfico, cultural ou pol\u00edtico.<\/p>\n\n\n\n<p>O objetivo \u00e9 defender uma tese com argumentos consistentes e apresentar uma proposta de interven\u00e7\u00e3o para o problema, <strong>respeitando os direitos humanos<\/strong>.<\/p>\n\n\n\n<h3 class=\"wp-block-heading\">O que \u00e9 necess\u00e1rio e como estruturar?<\/h3>\n\n\n\n<p><strong>Introdu\u00e7\u00e3o<\/strong><\/p>\n\n\n\n<ul class=\"wp-block-list\">\n<li>Apresente o <strong>tema<\/strong> e a <strong>tese<\/strong> (seu posicionamento). Contextualize com repert\u00f3rio pertinente (dados, conceitos, obras, marcos legais).<\/li>\n<\/ul>\n\n\n\n<p><strong>Desenvolvimento (2 ou 3 par\u00e1grafos)<\/strong><\/p>\n\n\n\n<ul class=\"wp-block-list\">\n<li>Traga <strong>argumentos<\/strong> bem explicados, <strong>conex\u00f5es l\u00f3gicas<\/strong>, exemplos, dados e conceitos de \u00e1reas como Sociologia, Filosofia, Hist\u00f3ria, Geografia, Ci\u00eancias, Cultura, etc. Use <strong>coes\u00e3o<\/strong> (conectivos) para sustentar a linha de racioc\u00ednio.<\/li>\n<\/ul>\n\n\n\n<p><strong>Conclus\u00e3o com proposta de interven\u00e7\u00e3o<\/strong><\/p>\n\n\n\n<ul class=\"wp-block-list\">\n<li>Detalhe <strong>quem faz o qu\u00ea, como, para qu\u00ea e com qual efeito<\/strong>.\n<ul class=\"wp-block-list\">\n<li>Agente (ex.: MEC, escolas, m\u00eddia, ONGs, empresas, fam\u00edlias);<\/li>\n\n\n\n<li>A\u00e7\u00e3o\/Medida (o que ser\u00e1 feito);<\/li>\n\n\n\n<li>Meio\/Modo (como executar, por quais instrumentos\/pol\u00edticas);<\/li>\n\n\n\n<li>Finalidade\/Efeito (resultado esperado);<\/li>\n\n\n\n<li>Detalhamento (ex.: prazos, etapas, parcerias, campanhas, forma\u00e7\u00e3o, or\u00e7amento).<\/li>\n<\/ul>\n<\/li>\n<\/ul>\n\n\n\n<p>Confira quais s\u00e3o as 5 compet\u00eancias avaliadas no Enem 2025 (200 pontos cada, total 1000):<\/p>\n\n\n\n<ul class=\"wp-block-list\">\n<li>Dom\u00ednio da norma-padr\u00e3o (corre\u00e7\u00e3o gramatical, ortografia, sintaxe).<\/li>\n\n\n\n<li>Compreens\u00e3o do tema e do tipo textual + uso de repert\u00f3rio sociocultural produtivo e pertinente.<\/li>\n\n\n\n<li>Sele\u00e7\u00e3o, organiza\u00e7\u00e3o e interpreta\u00e7\u00e3o de informa\u00e7\u00f5es\/argumentos para sustentar um ponto de vista.<\/li>\n\n\n\n<li>Coes\u00e3o e coer\u00eancia na constru\u00e7\u00e3o da argumenta\u00e7\u00e3o (progress\u00e3o e articula\u00e7\u00e3o de ideias).<\/li>\n\n\n\n<li>Proposta de interven\u00e7\u00e3o detalhada, exequ\u00edvel e respeitosa aos direitos humanos.<\/li>\n<\/ul>\n\n\n\n<p>No Enem 2025, a reda\u00e7\u00e3o pode receber nota zero em casos de fuga ao tema, menos de sete linhas, c\u00f3pia dos textos motivadores, desrespeito aos direitos humanos ou inclus\u00e3o de marcas indevidas como assinaturas e desenhos.<\/p>\n\n\n\n<h2 class=\"wp-block-heading\">Quais foram os \u00faltimos temas de reda\u00e7\u00e3o?<\/h2>\n\n\n\n<p>Confira quais foram os \u00faltimos temas de reda\u00e7\u00e3o no Enem:<\/p>\n\n\n\n<p><strong>2019<\/strong><\/p>\n\n\n\n<ul class=\"wp-block-list\">\n<li>Enem Regular: Democratiza\u00e7\u00e3o do acesso ao cinema no Brasil<\/li>\n\n\n\n<li>Enem PPL: Combate ao uso indiscriminado das tecnologias digitais de informa\u00e7\u00e3o por crian\u00e7as<\/li>\n<\/ul>\n\n\n\n<p><strong>2020<\/strong><\/p>\n\n\n\n<ul class=\"wp-block-list\">\n<li>Enem Impresso: O Estigma Associado \u00e0s Doen\u00e7as Mentais na Sociedade Brasileira<\/li>\n\n\n\n<li>Enem Digital: O desafio de reduzir as desigualdades entre as regi\u00f5es do Brasil<\/li>\n\n\n\n<li>Enem PPL: A falta de empatia nas rela\u00e7\u00f5es sociais no Brasil<\/li>\n<\/ul>\n\n\n\n<p><strong>2021<\/strong><\/p>\n\n\n\n<ul class=\"wp-block-list\">\n<li>Enem Regular: Invisibilidade e Registro Civil: garantia de acesso \u00e0 cidadania no Brasil<\/li>\n\n\n\n<li>Enem PPL: Reconhecimento da contribui\u00e7\u00e3o das mulheres nas ci\u00eancias da sa\u00fade no Brasil<\/li>\n<\/ul>\n\n\n\n<p><strong>2022<\/strong><\/p>\n\n\n\n<ul class=\"wp-block-list\">\n<li>Enem Regular: Desafios para a valoriza\u00e7\u00e3o de comunidades e povos tradicionais no Brasil<\/li>\n\n\n\n<li>Enem PPL: Medidas para o enfrentamento da recorr\u00eancia da inseguran\u00e7a alimentar no Brasil<\/li>\n<\/ul>\n\n\n\n<p><strong>2023<\/strong><\/p>\n\n\n\n<ul class=\"wp-block-list\">\n<li>Enem Regular: Desafios para o enfrentamento da invisibilidade do trabalho de cuidado realizado pela mulher no Brasil<\/li>\n\n\n\n<li>Enem PPL: Desafios para a (re)inser\u00e7\u00e3o socioecon\u00f4mica da popula\u00e7\u00e3o em situa\u00e7\u00e3o de rua no Brasil<\/li>\n<\/ul>\n\n\n\n<p><strong>2024<\/strong><\/p>\n\n\n\n<ul class=\"wp-block-list\">\n<li>Enem Regular: Desafios para a valoriza\u00e7\u00e3o da heran\u00e7a africana no Brasil<\/li>\n\n\n\n<li>Enem PPL: Desafios para a valoriza\u00e7\u00e3o da arte de periferia no cen\u00e1rio cultural brasileiro<\/li>\n<\/ul>\n\n\n\n<p><strong>2025<\/strong><\/p>\n\n\n\n<ul class=\"wp-block-list\">\n<li>Enem Regular: Perspectivas acerca do envelhecimento na sociedade brasileira<\/li>\n\n\n\n<li>Enem PPL: A idade m\u00ednima para o trabalho como forma de prote\u00e7\u00e3o \u00e0 inf\u00e2ncia<\/li>\n<\/ul>\n\n\n\n<h3 class=\"wp-block-heading\">Quais situa\u00e7\u00f5es levam \u00e0 elimina\u00e7\u00e3o no Enem?<\/h3>\n\n\n\n<p>\u00c9 fundamental que os candidatos conhe\u00e7am as regras do Exame Nacional do Ensino M\u00e9dio, pois o descumprimento das normas pode resultar em <strong>elimina\u00e7\u00e3o imediata<\/strong>. De acordo com o edital, ser\u00e1 automaticamente eliminado do Enem o participante que:<\/p>\n\n\n\n<ul class=\"wp-block-list\">\n<li>Prestar, em qualquer documento ou no sistema de inscri\u00e7\u00e3o, declara\u00e7\u00e3o falsa ou inexata;<\/li>\n\n\n\n<li>Permanecer no local de provas sem documento de identifica\u00e7\u00e3o v\u00e1lido;<\/li>\n\n\n\n<li>Perturbar, de qualquer forma, a ordem no local de aplica\u00e7\u00e3o das provas;<\/li>\n\n\n\n<li>Comunicar-se ou tentar comunicar-se, verbalmente, por escrito ou por qualquer outro meio, com pessoa que n\u00e3o seja da equipe de aplica\u00e7\u00e3o, a partir das 13h (hor\u00e1rio de Bras\u00edlia);<\/li>\n\n\n\n<li>Utilizar ou tentar utilizar meio fraudulento em benef\u00edcio pr\u00f3prio ou de terceiros em qualquer etapa do exame;<\/li>\n\n\n\n<li>Utilizar livros, anota\u00e7\u00f5es, pap\u00e9is ou impressos durante a aplica\u00e7\u00e3o das provas;<\/li>\n\n\n\n<li>Receber, de qualquer pessoa, informa\u00e7\u00f5es referentes ao conte\u00fado das provas;<\/li>\n\n\n\n<li>Registrar ou divulgar, por imagem, v\u00eddeo ou som, a realiza\u00e7\u00e3o da prova ou qualquer material utilizado no exame;<\/li>\n\n\n\n<li>Levar ou ingerir bebidas alco\u00f3licas, utilizar drogas il\u00edcitas, cigarro ou produtos derivados do tabaco no local de prova, conforme a legisla\u00e7\u00e3o vigente;<\/li>\n\n\n\n<li>Ausentar-se da sala de provas, a partir das 13h (hor\u00e1rio de Bras\u00edlia), sem o acompanhamento de um fiscal;<\/li>\n\n\n\n<li>Deixar a sala de provas em definitivo antes de decorridas duas horas do in\u00edcio do exame;<\/li>\n\n\n\n<li>Recusar-se, injustificadamente, a cumprir procedimentos de seguran\u00e7a e protocolos definidos pelo Inep;<\/li>\n\n\n\n<li>Recusar-se a permitir a vistoria de objetos pessoais, artigos religiosos (como v\u00e9u, quip\u00e1 ou similares), lanche ou a submiss\u00e3o \u00e0 revista eletr\u00f4nica, conforme orienta\u00e7\u00e3o da coordena\u00e7\u00e3o e da equipe de aplica\u00e7\u00e3o.<\/li>\n<\/ul>\n\n\n\n<p>O conhecimento dessas regras \u00e9 essencial para evitar imprevistos e garantir a participa\u00e7\u00e3o v\u00e1lida no Enem.<\/p>\n\n\n\n<h2 class=\"wp-block-heading\">Como usar a nota do Enem 2025 no Sisu<\/h2>\n\n\n\n<p>O <strong>Sistema de Sele\u00e7\u00e3o Unificada (Sisu)<\/strong> \u00e9 a principal forma de ingresso em <strong>universidades p\u00fablicas federais e estaduais<\/strong> no Brasil, reunindo vagas de institui\u00e7\u00f5es de ensino superior em um processo seletivo <strong>on-line e gratuito<\/strong>, coordenado pelo Minist\u00e9rio da Educa\u00e7\u00e3o.<\/p>\n\n\n\n<p>Para participar do Sisu 2026, \u00e9 necess\u00e1rio ter feito o <strong>Enem 2025<\/strong>, obtido nota maior que zero na reda\u00e7\u00e3o e alcan\u00e7ar a nota de corte do curso pretendido, que varia conforme a concorr\u00eancia e o desempenho dos candidatos inscritos. De acordo com o cronograma divulgado pelo MEC, as <strong>inscri\u00e7\u00f5es do Sisu 2026 est\u00e3o previstas para ocorrer de 19 a 23 de janeiro de 2026<\/strong>.<\/p>\n\n\n\n<p>Durante esse per\u00edodo, o candidato poder\u00e1 escolher <strong>at\u00e9 duas op\u00e7\u00f5es de curso<\/strong>, alterando-as quantas vezes desejar, de acordo com as notas de corte parciais atualizadas diariamente pelo sistema. A classifica\u00e7\u00e3o final considera exclusivamente a <strong>\u00faltima op\u00e7\u00e3o registrada<\/strong> dentro do prazo de inscri\u00e7\u00e3o.<\/p>\n\n\n\n<h2 class=\"wp-block-heading\">Como usar a nota do Enem no Prouni<\/h2>\n\n\n\n<p>O Programa Universidade para Todos (Prouni) concede <strong>bolsas de estudo integrais (100%) ou parciais (50%)<\/strong> em institui\u00e7\u00f5es privadas de ensino superior. Para participar do Prouni 2026, o candidato dever\u00e1 se inscrever no per\u00edodo definido pelo Minist\u00e9rio da Educa\u00e7\u00e3o, com <strong>inscri\u00e7\u00f5es previstas de 26 a 29 de janeiro de 2026<\/strong>.<\/p>\n\n\n\n<p>Al\u00e9m do prazo de inscri\u00e7\u00e3o, \u00e9 necess\u00e1rio atender aos crit\u00e9rios socioecon\u00f4micos do programa: renda familiar mensal de at\u00e9 1,5 sal\u00e1rio m\u00ednimo por pessoa para concorrer \u00e0s bolsas integrais, ou at\u00e9 3 sal\u00e1rios m\u00ednimos por pessoa para as bolsas parciais.<\/p>\n\n\n\n<p>Tamb\u00e9m \u00e9 <strong>obrigat\u00f3rio <\/strong>ter participado do Enem 2025, obtido nota superior a zero na reda\u00e7\u00e3o e alcan\u00e7ado a pontua\u00e7\u00e3o m\u00ednima exigida em edital. O candidato deve, ainda, ter cursado todo o ensino m\u00e9dio em escola p\u00fablica ou como bolsista integral em escola privada.<\/p>\n\n\n\n<p>O Prouni \u00e9 uma das principais alternativas para quem n\u00e3o conquistou vaga pelo Sisu, permitindo o ingresso no ensino superior privado com <strong>redu\u00e7\u00e3o significativa de custos<\/strong>, mantendo o acesso \u00e0 forma\u00e7\u00e3o acad\u00eamica de qualidade.<\/p>\n\n\n\n<h2 class=\"wp-block-heading\">Como usar a nota do Enem no Fies<\/h2>\n\n\n\n<p>O Fundo de Financiamento Estudantil (Fies) \u00e9 um programa do Governo Federal que oferece <strong>financiamento para cursos de gradua\u00e7\u00e3o em institui\u00e7\u00f5es privadas<\/strong> de ensino superior, com condi\u00e7\u00f5es facilitadas de pagamento. Para o Fies 2026, o Minist\u00e9rio da Educa\u00e7\u00e3o ainda <strong>n\u00e3o divulgou o cronograma oficial <\/strong>de inscri\u00e7\u00f5es, e as datas ser\u00e3o confirmadas posteriormente por meio de edital.<\/p>\n\n\n\n<p>Para participar do programa, o candidato deve ter realizado qualquer edi\u00e7\u00e3o do Enem a partir de 2010, obtido nota superior a zero na reda\u00e7\u00e3o e alcan\u00e7ado m\u00e9dia m\u00ednima de 450 pontos nas provas objetivas. Tamb\u00e9m \u00e9 necess\u00e1rio comprovar renda familiar mensal per capita de at\u00e9 tr\u00eas sal\u00e1rios m\u00ednimos e estar matriculado, ou apto a se matricular, em uma institui\u00e7\u00e3o de ensino superior participante do Fies.<\/p>\n\n\n\n<p>O financiamento pode cobrir parte ou a totalidade do valor da mensalidade, conforme a modalidade escolhida. O pagamento ocorre somente ap\u00f3s a conclus\u00e3o do curso, com possibilidade de parcelamento em longo prazo e condi\u00e7\u00f5es diferenciadas, de acordo com as regras vigentes do programa.<\/p>\n\n\n\n<h2 class=\"wp-block-heading\">O que \u00e9 o programa P\u00e9-de-Meia e quem tem direito?<\/h2>\n\n\n\n<p>Estudantes do ensino m\u00e9dio da rede p\u00fablica que participam do Enem podem ter direito ao <strong>P\u00e9-de-Meia<\/strong>, programa de incentivo financeiro criado pelo governo federal com o objetivo de estimular a perman\u00eancia e a conclus\u00e3o dos estudos.<\/p>\n\n\n\n<p>Entre os benef\u00edcios previstos, est\u00e1 o pagamento de um valor adicional de <strong>R$ 200<\/strong> para alunos que realizarem o Enem no <strong>3\u00ba ano do ensino m\u00e9dio<\/strong>. No entanto, \u00e9 importante destacar que a simples participa\u00e7\u00e3o no exame n\u00e3o garante automaticamente o recebimento do aux\u00edlio.<\/p>\n\n\n\n<p>Para ter direito aos valores do programa P\u00e9-de-Meia, o estudante deve atender aos seguintes crit\u00e9rios:<\/p>\n\n\n\n<ul class=\"wp-block-list\">\n<li>Estar matriculado no ensino m\u00e9dio da rede p\u00fablica;<\/li>\n\n\n\n<li>Estar inscrito no Cad\u00danico (Cadastro \u00danico para Programas Sociais);<\/li>\n\n\n\n<li>Cumprir os requisitos m\u00ednimos de frequ\u00eancia escolar e concluir as etapas letivas previstas.<\/li>\n<\/ul>\n\n\n\n<p>Alunos que j\u00e1 conclu\u00edram o ensino m\u00e9dio antes da cria\u00e7\u00e3o do programa ou que estudaram em escola particular n\u00e3o t\u00eam direito ao benef\u00edcio, mesmo que tenham participado do Enem. Por isso, \u00e9 fundamental acompanhar as regras do programa e manter os dados atualizados no Cad\u00danico.<\/p>\n\n\n\n<h2 class=\"wp-block-heading\">Como foi a aplica\u00e7\u00e3o do Enem 2025?<\/h2>\n\n\n\n<p>As provas do Enem 2025 foram aplicadas em dois domingos consecutivos, nos dias <strong>9 e 16 de novembro<\/strong>, seguindo o modelo tradicional do exame. De acordo com balan\u00e7o oficial divulgado pelo Inep, a edi\u00e7\u00e3o contou com <strong>4.811.338 inscritos confirmados<\/strong> em todo o pa\u00eds.<\/p>\n\n\n\n<p>A aplica\u00e7\u00e3o ocorreu em dois dias, sempre no per\u00edodo da tarde, considerando o hor\u00e1rio de Bras\u00edlia, com a seguinte organiza\u00e7\u00e3o:<\/p>\n\n\n\n<ul class=\"wp-block-list\">\n<li>Abertura dos port\u00f5es: 12h<\/li>\n\n\n\n<li>Fechamento dos port\u00f5es: 13h<\/li>\n\n\n\n<li>In\u00edcio das provas: 13h30<\/li>\n<\/ul>\n\n\n\n<p>O Enem 2025 manteve o formato consolidado, com <strong>quest\u00f5es objetivas e reda\u00e7\u00e3o dissertativo-argumentativa no primeiro dia<\/strong>, al\u00e9m da divis\u00e3o das \u00e1reas do conhecimento ao longo dos dois domingos, conforme o padr\u00e3o adotado nas \u00faltimas edi\u00e7\u00f5es.<\/p>\n\n\n\n<h3 class=\"wp-block-heading\">Quais quest\u00f5es foram anuladas no Enem 2025?<\/h3>\n\n\n\n<p>No segundo dia de provas do Enem 2025, o Inep confirmou a <strong>anula\u00e7\u00e3o de tr\u00eas quest\u00f5es<\/strong>, que variaram de acordo com a cor do caderno aplicado. Confira a rela\u00e7\u00e3o completa:<\/p>\n\n\n\n<ul class=\"wp-block-list\">\n<li>Amarelo (Caderno 5): 115, 121 e 178;<\/li>\n\n\n\n<li>Cinza (Caderno 6): 115, 118 e 172;<\/li>\n\n\n\n<li>Azul (Caderno 7): 123, 132 e 174;<\/li>\n\n\n\n<li>Verde (Caderno 8): 132, 135 e 168;<\/li>\n\n\n\n<li>Roxo (Caderno 12): 115, 118 e 172;<\/li>\n\n\n\n<li>Laranja (Caderno 11): 115, 118 e 172.<\/li>\n<\/ul>\n\n\n\n<p>A anula\u00e7\u00e3o ocorreu ap\u00f3s a constata\u00e7\u00e3o de que uma <strong>live realizada dias antes da prova<\/strong> apresentou quest\u00f5es de Matem\u00e1tica e Ci\u00eancias Biol\u00f3gicas muito semelhantes \u00e0s aplicadas no segundo dia do exame.<\/p>\n\n\n\n<p>Segundo as apura\u00e7\u00f5es, o respons\u00e1vel pela transmiss\u00e3o havia participado de <strong>pr\u00e9-testes do Inep<\/strong>, o que lhe deu acesso pr\u00e9vio a itens que poderiam ser utilizados na avalia\u00e7\u00e3o, comprometendo a isonomia do processo.<\/p>\n\n\n\n<p><strong>Quer ficar por dentro de tudo sobre o universo de concursos?&nbsp;<a href=\"https:\/\/www.apostilasopcao.com.br\/blog\/noticias\/\">Confira as nossas not\u00edcias!<\/a><\/strong><\/p>\n","protected":false},"excerpt":{"rendered":"<p>O resultado do Enem 2025 j\u00e1 foi divulgado e os candidatos podem consultar as notas na P\u00e1gina do Participante. Veja como acessar o desempenho, confira os pr\u00f3ximos prazos do Sisu, Prouni e Fies e acompanhe todas as informa\u00e7\u00f5es atualizadas sobre o exame!<\/p>\n","protected":false},"author":12,"featured_media":8900,"comment_status":"closed","ping_status":"closed","sticky":false,"template":"","format":"standard","meta":{"_acf_changed":false,"breadcrumbs_single_post":"","page_title_panel":"","breadcrumbs_single_page":"","single_page_alignment":"","single_page_margin":"","page_structure_type":"","content_style_source":"","content_style":"","blog_post_streched_ed":"","blog_page_streched_ed":"","has_transparent_header":"","disable_transparent_header":"","vertical_spacing_source":"","content_area_spacing":"","single_post_content_background":"","single_page_content_background":"","single_post_boxed_content_spacing":"","single_page_boxed_content_spacing":"","single_post_content_boxed_radius":"","single_page_content_boxed_radius":"","disable_featured_image":"","disable_post_tags":"","disable_author_box":"","disable_posts_navigation":"","disable_comments":"","disable_related_posts":"","disable_header":"","disable_footer":"","footnotes":""},"categories":[4,154],"tags":[368],"class_list":["post-4025","post","type-post","status-publish","format-standard","has-post-thumbnail","hentry","category-noticias","category-nacional","tag-enem-2025","rishi-post"],"acf":{"data_prova":"20251109","status":"aberto"},"_links":{"self":[{"href":"https:\/\/www.apostilasopcao.com.br\/blog\/wp-json\/wp\/v2\/posts\/4025","targetHints":{"allow":["GET"]}}],"collection":[{"href":"https:\/\/www.apostilasopcao.com.br\/blog\/wp-json\/wp\/v2\/posts"}],"about":[{"href":"https:\/\/www.apostilasopcao.com.br\/blog\/wp-json\/wp\/v2\/types\/post"}],"author":[{"embeddable":true,"href":"https:\/\/www.apostilasopcao.com.br\/blog\/wp-json\/wp\/v2\/users\/12"}],"replies":[{"embeddable":true,"href":"https:\/\/www.apostilasopcao.com.br\/blog\/wp-json\/wp\/v2\/comments?post=4025"}],"version-history":[{"count":9,"href":"https:\/\/www.apostilasopcao.com.br\/blog\/wp-json\/wp\/v2\/posts\/4025\/revisions"}],"predecessor-version":[{"id":8907,"href":"https:\/\/www.apostilasopcao.com.br\/blog\/wp-json\/wp\/v2\/posts\/4025\/revisions\/8907"}],"wp:featuredmedia":[{"embeddable":true,"href":"https:\/\/www.apostilasopcao.com.br\/blog\/wp-json\/wp\/v2\/media\/8900"}],"wp:attachment":[{"href":"https:\/\/www.apostilasopcao.com.br\/blog\/wp-json\/wp\/v2\/media?parent=4025"}],"wp:term":[{"taxonomy":"category","embeddable":true,"href":"https:\/\/www.apostilasopcao.com.br\/blog\/wp-json\/wp\/v2\/categories?post=4025"},{"taxonomy":"post_tag","embeddable":true,"href":"https:\/\/www.apostilasopcao.com.br\/blog\/wp-json\/wp\/v2\/tags?post=4025"}],"curies":[{"name":"wp","href":"https:\/\/api.w.org\/{rel}","templated":true}]}}