{"id":4031,"date":"2026-02-03T09:34:23","date_gmt":"2026-02-03T12:34:23","guid":{"rendered":"https:\/\/www.apostilasopcao.com.br\/blog\/?p=4031"},"modified":"2026-02-03T09:34:41","modified_gmt":"2026-02-03T12:34:41","slug":"procon-rj","status":"publish","type":"post","link":"https:\/\/www.apostilasopcao.com.br\/blog\/procon-rj\/","title":{"rendered":"Concurso Procon RJ: Editais publicados! 30 vagas!"},"content":{"rendered":"\n<p>Boas not\u00edcias concurseiros! O concurso Procon RJ teve editais publicados ofertando <strong>30 vagas imediatas<\/strong> para cargos de <strong>n\u00edveis m\u00e9dio, t\u00e9cnico e superior<\/strong>, com remunera\u00e7\u00e3o inicial de at\u00e9 <strong>R$6,2 mil<\/strong>. As inscri\u00e7\u00f5es est\u00e3o abertas e encerram no dia <strong>9 de mar\u00e7o<\/strong>, os valores da taxa de inscri\u00e7\u00e3o variam de <strong>R$110,00 a R$114,00<\/strong>. As provas est\u00e3o marcadas para o dia <strong>26 de abril de 2026<\/strong>. Para se preparar, confira a\u00a0<a href=\"https:\/\/www.apostilasopcao.com.br\/concurso\/instituto-estadual-de-protecao-e-defesa-do-consumidor\">apostila Procon RJ<\/a>\u00a0com conte\u00fado completo e atualizado conforme o edital!<\/p>\n\n\n\n<h2 class=\"wp-block-heading\">Resumo do edital<\/h2>\n\n\n\n<ul class=\"wp-block-list\">\n<li><strong>Vagas:<\/strong>&nbsp;30<\/li>\n\n\n\n<li><strong>Inscri\u00e7\u00f5es:<\/strong>&nbsp;02\/02\/2026 a 09\/03\/2026<\/li>\n\n\n\n<li><strong>Taxa de inscri\u00e7\u00e3o:<\/strong>&nbsp;R$110,00 a R$114,00<\/li>\n\n\n\n<li><strong>Prova:<\/strong>&nbsp;26\/04\/2026<\/li>\n\n\n\n<li><strong>Banca:<\/strong>&nbsp;Idecan<\/li>\n\n\n\n<li><a href=\"https:\/\/www.apostilasopcao.com.br\/blog\/wp-content\/uploads\/2026\/02\/edital-procon-rj-2026.pdf\">Baixe o edital do concurso Procon<\/a><\/li>\n<\/ul>\n\n\n\n<h2 class=\"wp-block-heading\">Concurso Procon RJ: Inscri\u00e7\u00f5es abertas!<\/h2>\n\n\n\n<p>As inscri\u00e7\u00f5es do concurso Procon RJ est\u00e3o abertas e devem ser realizadas exclusivamente no site da banca organizadora <a href=\"https:\/\/concurso.idecan.org.br\/\" target=\"_blank\" rel=\"noreferrer noopener\">Idecan<\/a>, no per\u00edodo de <strong>2 de fevereiro a 9 de mar\u00e7o de 2026<\/strong>.<\/p>\n\n\n\n<p>Os valores da taxa de inscri\u00e7\u00e3o variam de acordo com o n\u00edvel de escolaridade pretendido:<\/p>\n\n\n\n<ul class=\"wp-block-list\">\n<li>R$110,00 para cargos de N\u00edveis M\u00e9dio e T\u00e9cnico;<\/li>\n\n\n\n<li>R$114,00 para cargos de N\u00edvel Superior.<\/li>\n<\/ul>\n\n\n\n<p>O pagamento da taxa de inscri\u00e7\u00e3o deve ser efetuado at\u00e9 o dia <strong>10 de mar\u00e7o de 2026<\/strong>.<\/p>\n\n\n\n<h3 class=\"wp-block-heading\">Isen\u00e7\u00e3o da taxa de inscri\u00e7\u00e3o<\/h3>\n\n\n\n<p>O edital do concurso Procon RJ prev\u00ea a isen\u00e7\u00e3o da taxa de inscri\u00e7\u00e3o para candidatos que se enquadrem em um dos seguintes casos:<\/p>\n\n\n\n<ul class=\"wp-block-list\">\n<li>Inscritos no Cad\u00danico, cuja renda familiar mensal per capita seja inferior ou igual a meio sal\u00e1rio-m\u00ednimo nacional, conforme o Decreto Federal n\u00ba 6.593\/2008, Decreto Federal n\u00ba 11.016\/2022;<\/li>\n\n\n\n<li>Mulheres v\u00edtimas de viol\u00eancia dom\u00e9stica, conforme Lei Estadual n\u00ba 10.932\/2025;<\/li>\n<\/ul>\n\n\n\n<ul class=\"wp-block-list\">\n<li>Pessoas que compuserem mesa receptadora de votos em se\u00e7\u00e3o eleitoral da Justi\u00e7a Eleitoral, no Estado do Rio de Janeiro, em dia de elei\u00e7\u00e3o, considerando cada turno como uma elei\u00e7\u00e3o;<\/li>\n<\/ul>\n\n\n\n<p>O edital do concurso Procon RJ prev\u00ea a <strong>isen\u00e7\u00e3o parcial da taxa de inscri\u00e7\u00e3o<\/strong> para candidatos que se enquadrem em um dos seguintes casos:<\/p>\n\n\n\n<ul class=\"wp-block-list\">\n<li>Doador de sangue em entidades reconhecidas pelo Minist\u00e9rio da Sa\u00fade, conforme a Lei Estadual n\u00ba 8.920\/2020.<\/li>\n<\/ul>\n\n\n\n<p>A solicita\u00e7\u00e3o da isen\u00e7\u00e3o da taxa de inscri\u00e7\u00e3o do concurso Procon RJ dever\u00e1 ser feita entre os dias <strong>2 e 3 de fevereiro de 2026<\/strong>.<\/p>\n\n\n\n<h2 class=\"wp-block-heading\">Cargos, vagas e sal\u00e1rios previstos<\/h2>\n\n\n\n<p>O concurso Procon RJ oferta <strong>30 vagas imediatas<\/strong>, distribu\u00eddas entre n\u00edveis m\u00e9dio, t\u00e9cnico e superior. Confira a distribui\u00e7\u00e3o de vagas:<\/p>\n\n\n\n<p><strong>N\u00edvel m\u00e9dio<\/strong><\/p>\n\n\n\n<ul class=\"wp-block-list\">\n<li>Agente Administrativo \u2013 2 vagas<br>R$ 2.199,85<\/li>\n\n\n\n<li>Agente de Prote\u00e7\u00e3o e Defesa do Consumidor &#8211; 8 vagas<br>R$ 2.514,11<\/li>\n<\/ul>\n\n\n\n<p><strong>N\u00edvel t\u00e9cnico<\/strong><\/p>\n\n\n\n<ul class=\"wp-block-list\">\n<li>T\u00e9cnico de Inform\u00e1tica \u2013 1 vaga <br>R$ 2.514,11<\/li>\n<\/ul>\n\n\n\n<p><strong>N\u00edvel superior<\/strong><\/p>\n\n\n\n<ul class=\"wp-block-list\">\n<li>Analista de Prote\u00e7\u00e3o e Defesa do Consumidor \u2013 15 vagas<br>R$ 6.285,25<\/li>\n\n\n\n<li>Advogado &#8211; 4 vagas<br>R$6.285,25<\/li>\n<\/ul>\n\n\n\n<p>A jornada de trabalho \u00e9 de <strong>40 horas semanais<\/strong> para todos os cargos do concurso Procon RJ.<\/p>\n\n\n\n<p><strong>Para quem vai iniciar a prepara\u00e7\u00e3o, a\u00a0<a href=\"https:\/\/www.apostilasopcao.com.br\/concurso\/instituto-estadual-de-protecao-e-defesa-do-consumidor\">apostila Procon RJ<\/a>\u00a0j\u00e1 est\u00e1 dispon\u00edvel com conte\u00fado completo e atualizado conforme o edital! <\/strong><\/p>\n\n\n\n<h3 class=\"wp-block-heading\">Benef\u00edcios<\/h3>\n\n\n\n<p>Todos os cargos acima ainda contam com a rubrica remunerat\u00f3ria de <strong>Gratifica\u00e7\u00e3o de Desempenho de Atividade (GDA)<\/strong>, nos seguintes valores:<\/p>\n\n\n\n<ul class=\"wp-block-list\">\n<li>R$ 1.885,59 para o cargo de Analista de Prote\u00e7\u00e3o e Defesa do Consumidor;<\/li>\n\n\n\n<li>R$ 754,24 para os cargos de Agente de Prote\u00e7\u00e3o e Defesa do Consumidor e T\u00e9cnico em Inform\u00e1tica;<\/li>\n\n\n\n<li>R$ 659,95 para o cargo de Agente Administrativo.<\/li>\n<\/ul>\n\n\n\n<p>Al\u00e9m disso, os servidores tamb\u00e9m recebem <strong>Adicional de Qualifica\u00e7\u00e3o<\/strong>, com valor vari\u00e1vel conforme o grau de qualifica\u00e7\u00e3o obtido.<\/p>\n\n\n\n<h2 class=\"wp-block-heading\">Requisitos b\u00e1sicos<\/h2>\n\n\n\n<p>Para tomar posse dos cargos no concurso Procon RJ, os candidatos devem atender aos seguintes requisitos b\u00e1sicos:<\/p>\n\n\n\n<ul class=\"wp-block-list\">\n<li>Ter sido aprovada em todas as fases do Concurso P\u00fablico;<\/li>\n\n\n\n<li>Ter no m\u00ednimo 18 (dezoito) anos na data da posse;<\/li>\n\n\n\n<li>Ter nacionalidade brasileira. No caso de nacionalidade portuguesa,<\/li>\n\n\n\n<li>Estar amparado pelo estatuto de igualdade entre brasileiros e portugueses, com reconhecimento do gozo dos direitos pol\u00edticos, na forma do artigo 12, \u00a7 1\u00ba da Constitui\u00e7\u00e3o da Rep\u00fablica Federativa do Brasil de 1988, com reda\u00e7\u00e3o dada pela Emenda Constitucional n\u00ba 03\/94, nos termos do Decreto n\u00ba 3.927\/2001;<\/li>\n\n\n\n<li>Ter situa\u00e7\u00e3o regularizada com as obriga\u00e7\u00f5es perante o servi\u00e7o militar, se do sexo masculino;<\/li>\n\n\n\n<li>Ter situa\u00e7\u00e3o regularizada perante a legisla\u00e7\u00e3o eleitoral;<\/li>\n\n\n\n<li>Possuir a forma\u00e7\u00e3o exigida para o cargo;<\/li>\n\n\n\n<li>Estar inscrita e ter a sua situa\u00e7\u00e3o regularizada perante o Conselho Regional de sua categoria profissional, quando for o caso;<\/li>\n\n\n\n<li>Apresentar declara\u00e7\u00e3o firmada pela pr\u00f3pria pessoa candidata da qual conste n\u00e3o haver sofrido condena\u00e7\u00e3o por \u00f3rg\u00e3o colegiado ou condena\u00e7\u00e3o definitiva;<\/li>\n\n\n\n<li>Ser considerada APTA no exame m\u00e9dico pr\u00e9-admissional, com vistas \u00e0 avalia\u00e7\u00e3o da aptid\u00e3o f\u00edsica e mental para o cargo, de responsabilidade da Superintend\u00eancia Central de Per\u00edcias M\u00e9dicas e Sa\u00fade Ocupacional do Estado do Rio de Janeiro;<\/li>\n\n\n\n<li>N\u00e3o ter sido demitida a bem do servi\u00e7o p\u00fablico, em qualquer Poder, nas esferas Estadual, Municipal ou Federal.<\/li>\n\n\n\n<li>N\u00e3o apresentar qualquer anota\u00e7\u00e3o nas certid\u00f5es de antecedentes criminais, na Justi\u00e7a Federal, nas informa\u00e7\u00f5es pesquisadas junto aos \u00f3rg\u00e3os de seguran\u00e7a e intelig\u00eancia, que evidencie rela\u00e7\u00e3o de incompatibilidade entre a natureza do crime e as atribui\u00e7\u00f5es do cargo pretendido.<\/li>\n<\/ul>\n\n\n\n<h2 class=\"wp-block-heading\">Atribui\u00e7\u00f5es dos cargos<\/h2>\n\n\n\n<p>Os cargos do concurso Procon RJ abrangem atividades de atendimento ao consumidor, fiscaliza\u00e7\u00e3o, suporte t\u00e9cnico e gest\u00e3o administrativa. Confira as principais fun\u00e7\u00f5es previstas no edital:<\/p>\n\n\n\n<p><strong>AGENTE ADMINISTRATIVO<\/strong><\/p>\n\n\n\n<ul class=\"wp-block-list\">\n<li>Planejar e executar atividades de suporte \u00e0 gest\u00e3o dos processos administrativos, conforme as exig\u00eancias das diferentes \u00e1reas de atua\u00e7\u00e3o<\/li>\n\n\n\n<li>Realizar atendimento \u00e0 popula\u00e7\u00e3o, prestando orienta\u00e7\u00f5es relacionadas \u00e0s atribui\u00e7\u00f5es do cargo<\/li>\n\n\n\n<li>Monitorar informa\u00e7\u00f5es e rotinas administrativas<\/li>\n<\/ul>\n\n\n\n<p><strong>ANALISTA DE PROTE\u00c7\u00c3O E DEFESA DO CONSUMIDOR<\/strong><\/p>\n\n\n\n<ul class=\"wp-block-list\">\n<li>Analisar e instruir reclama\u00e7\u00f5es, consultas e den\u00fancias de consumidores, solucionando ou propondo solu\u00e7\u00f5es<\/li>\n\n\n\n<li>Elaborar estudos t\u00e9cnicos sobre temas relevantes e\/ou de maior incid\u00eancia na \u00e1rea de prote\u00e7\u00e3o e defesa do consumidor<\/li>\n\n\n\n<li>Manifestar-se de forma conclusiva nos procedimentos sob sua responsabilidade, sugerindo medidas e encaminhamentos para solu\u00e7\u00e3o<\/li>\n\n\n\n<li>Aplicar san\u00e7\u00f5es administrativas, quando cab\u00edvel<\/li>\n\n\n\n<li>Propor a elabora\u00e7\u00e3o de laudos t\u00e9cnicos, pareceres, pesquisas t\u00e9cnico-cient\u00edficas, testes, an\u00e1lises, diagn\u00f3sticos e outros documentos necess\u00e1rios ao desempenho das atividades<\/li>\n<\/ul>\n\n\n\n<p><strong>AGENTE DE PROTE\u00c7\u00c3O E DEFESA DO CONSUMIDOR<\/strong><\/p>\n\n\n\n<ul class=\"wp-block-list\">\n<li>Atender consumidores, prestando informa\u00e7\u00f5es e orienta\u00e7\u00f5es sobre rela\u00e7\u00f5es de consumo<\/li>\n\n\n\n<li>Realizar coletas de campo para subsidiar estudos, pesquisas t\u00e9cnicas e fiscaliza\u00e7\u00f5es<\/li>\n\n\n\n<li>Lavrar autos de infra\u00e7\u00e3o durante a\u00e7\u00f5es fiscalizat\u00f3rias<\/li>\n<\/ul>\n\n\n\n<p><strong>T\u00c9CNICO EM INFORM\u00c1TICA<\/strong><\/p>\n\n\n\n<ul class=\"wp-block-list\">\n<li>Prestar assist\u00eancia e suporte t\u00e9cnico aos usu\u00e1rios<\/li>\n\n\n\n<li>Instalar, supervisionar e monitorar equipamentos de inform\u00e1tica e seus perif\u00e9ricos<\/li>\n\n\n\n<li>Padronizar a instala\u00e7\u00e3o de softwares<\/li>\n<\/ul>\n\n\n\n<h2 class=\"wp-block-heading\">Quais as etapas de sele\u00e7\u00e3o do concurso Procon RJ?<\/h2>\n\n\n\n<p>O concurso Procon RJ ser\u00e1 composto pelas seguintes etapas de sele\u00e7\u00e3o:<\/p>\n\n\n\n<ul class=\"wp-block-list\">\n<li>Prova Objetiva, de car\u00e1ter eliminat\u00f3rio e classificat\u00f3rio;<\/li>\n\n\n\n<li>Prova Discursiva,  de car\u00e1ter eliminat\u00f3rio e classificat\u00f3rio;<\/li>\n\n\n\n<li>Prova de T\u00edtulos, de car\u00e1ter classificat\u00f3rio.<\/li>\n<\/ul>\n\n\n\n<p>As provas objetivas ser\u00e3o aplicadas nas cidade de:<\/p>\n\n\n\n<ul class=\"wp-block-list\">\n<li>Rio de Janeiro<\/li>\n\n\n\n<li>Niter\u00f3i<\/li>\n\n\n\n<li>Duque de Caxias<\/li>\n\n\n\n<li>Petr\u00f3polis<\/li>\n\n\n\n<li>Maca\u00e9<\/li>\n\n\n\n<li>Volta Redonda<\/li>\n\n\n\n<li>Campos dos Goytacazes<\/li>\n\n\n\n<li>Angra dos Reis<\/li>\n<\/ul>\n\n\n\n<h3 class=\"wp-block-heading\">Prova Objetiva<\/h3>\n\n\n\n<p>A prova objetiva ser\u00e1 aplicada no dia <strong>26 de abril de 2026<\/strong> e, conforme o edital, ser\u00e1 composta por <strong>60 quest\u00f5es <\/strong>de m\u00faltipla escolha, com cinco alternativas (A a E) e apenas uma correta. <\/p>\n\n\n\n<p>A aplica\u00e7\u00e3o ocorrer\u00e1 em dois turnos, de acordo com o n\u00edvel do cargo:<\/p>\n\n\n\n<ul class=\"wp-block-list\">\n<li><strong>N\u00edvel Superior (Analista de Prote\u00e7\u00e3o e Defesa do Consumidor)<\/strong>: manh\u00e3, das <strong>08h00 \u00e0s 12h00<\/strong><\/li>\n\n\n\n<li><strong>N\u00edvel M\u00e9dio e M\u00e9dio\/T\u00e9cnico (Agente Administrativo, Agente de Prote\u00e7\u00e3o e Defesa do Consumidor e T\u00e9cnico em Inform\u00e1tica)<\/strong>: tarde, das <strong>15h00 \u00e0s 19h00<\/strong> <\/li>\n<\/ul>\n\n\n\n<p>Cada quest\u00e3o ter\u00e1 peso 1,0, totalizando <strong>60 pontos<\/strong>. Confira a seguir a distribui\u00e7\u00e3o das quest\u00f5es:<\/p>\n\n\n\n<h4 class=\"wp-block-heading\">Agente de Prote\u00e7\u00e3o e Defesa do Consumidor (N\u00edvel M\u00e9dio)<\/h4>\n\n\n\n<p><strong>Conhecimentos B\u00e1sicos<\/strong><\/p>\n\n\n\n<ul class=\"wp-block-list\">\n<li>L\u00edngua Portuguesa: <strong>20<\/strong><\/li>\n\n\n\n<li>Racioc\u00ednio L\u00f3gico: <strong>05<\/strong><\/li>\n\n\n\n<li>Tecnologia da Informa\u00e7\u00e3o: <strong>05<\/strong><\/li>\n<\/ul>\n\n\n\n<p><strong>Conhecimentos Espec\u00edficos<\/strong><\/p>\n\n\n\n<ul class=\"wp-block-list\">\n<li>Direito do Consumidor: <strong>15<\/strong><\/li>\n\n\n\n<li>Direito Administrativo: <strong>15<\/strong><\/li>\n<\/ul>\n\n\n\n<h4 class=\"wp-block-heading\">Agente Administrativo (N\u00edvel M\u00e9dio)<\/h4>\n\n\n\n<p><strong>Conhecimentos B\u00e1sicos<\/strong><\/p>\n\n\n\n<ul class=\"wp-block-list\">\n<li>L\u00edngua Portuguesa: <strong>10<\/strong><\/li>\n\n\n\n<li>Racioc\u00ednio L\u00f3gico: <strong>05<\/strong><\/li>\n\n\n\n<li>Tecnologia da Informa\u00e7\u00e3o: <strong>05<\/strong><\/li>\n<\/ul>\n\n\n\n<p><strong>Conhecimentos Espec\u00edficos<\/strong><\/p>\n\n\n\n<ul class=\"wp-block-list\">\n<li>Direito do Consumidor: <strong>15<\/strong><\/li>\n\n\n\n<li>Direito Administrativo: <strong>05<\/strong><\/li>\n\n\n\n<li>Conhecimentos Espec\u00edficos ao Cargo: <strong>20<\/strong><\/li>\n<\/ul>\n\n\n\n<h4 class=\"wp-block-heading\">T\u00e9cnico em Inform\u00e1tica (N\u00edvel M\u00e9dio\/M\u00e9dio T\u00e9cnico)<\/h4>\n\n\n\n<p><strong>Conhecimentos B\u00e1sicos<\/strong><\/p>\n\n\n\n<ul class=\"wp-block-list\">\n<li>L\u00edngua Portuguesa: <strong>10<\/strong><\/li>\n\n\n\n<li>Racioc\u00ednio L\u00f3gico: <strong>05<\/strong><\/li>\n<\/ul>\n\n\n\n<p><strong>Conhecimentos Espec\u00edficos<\/strong><\/p>\n\n\n\n<ul class=\"wp-block-list\">\n<li>Direito do Consumidor: <strong>15<\/strong><\/li>\n\n\n\n<li>Direito Administrativo: <strong>10<\/strong><\/li>\n\n\n\n<li>Conhecimentos Espec\u00edficos ao Cargo: <strong>20<\/strong><\/li>\n<\/ul>\n\n\n\n<h4 class=\"wp-block-heading\">Analista de Prote\u00e7\u00e3o e Defesa do Consumidor (N\u00edvel Superior)<\/h4>\n\n\n\n<p><strong>Conhecimentos B\u00e1sicos<\/strong><\/p>\n\n\n\n<ul class=\"wp-block-list\">\n<li>L\u00edngua Portuguesa: <strong>10<\/strong><\/li>\n\n\n\n<li>Racioc\u00ednio L\u00f3gico: <strong>05<\/strong><\/li>\n\n\n\n<li>Matem\u00e1tica Financeira: <strong>05<\/strong><\/li>\n\n\n\n<li>Tecnologia da Informa\u00e7\u00e3o: <strong>05<\/strong><\/li>\n<\/ul>\n\n\n\n<p><strong>Conhecimentos Espec\u00edficos<\/strong><\/p>\n\n\n\n<ul class=\"wp-block-list\">\n<li>Economia: <strong>05<\/strong><\/li>\n\n\n\n<li>Direito do Consumidor: <strong>15<\/strong><\/li>\n\n\n\n<li>Direito Administrativo: <strong>05<\/strong><\/li>\n\n\n\n<li>Direito Civil e Processo Civil: <strong>05<\/strong><\/li>\n\n\n\n<li>Direito Constitucional: <strong>05<\/strong><\/li>\n<\/ul>\n\n\n\n<h4 class=\"wp-block-heading\">Advogado<\/h4>\n\n\n\n<p><strong>Conhecimentos B\u00e1sicos<\/strong><\/p>\n\n\n\n<ul class=\"wp-block-list\">\n<li>L\u00edngua Portuguesa: <strong>10 quest\u00f5es<\/strong><\/li>\n<\/ul>\n\n\n\n<p><strong>Conhecimentos Espec\u00edficos<\/strong><\/p>\n\n\n\n<ul class=\"wp-block-list\">\n<li>Estatuto da Advocacia e C\u00f3digo de \u00c9tica e Disciplina da OAB: <strong>5 quest\u00f5es<\/strong><\/li>\n\n\n\n<li>Direito Constitucional: <strong>5 quest\u00f5es<\/strong><\/li>\n\n\n\n<li>Direito do Consumidor: <strong>10 quest\u00f5es<\/strong><\/li>\n\n\n\n<li>Direito Administrativo: <strong>10 quest\u00f5es<\/strong><\/li>\n\n\n\n<li>Direito Empresarial: <strong>5 quest\u00f5es<\/strong><\/li>\n\n\n\n<li>Direito Financeiro e Tribut\u00e1rio: <strong>5 quest\u00f5es<\/strong><\/li>\n\n\n\n<li>Direito Civil: <strong>5 quest\u00f5es<\/strong><\/li>\n\n\n\n<li>Direito Processual Civil: <strong>5 quest\u00f5es<\/strong><\/li>\n<\/ul>\n\n\n\n<p>Ser\u00e1 considerada aprovada na prova objetiva a pessoa candidata que, cumulativamente:<\/p>\n\n\n\n<ul class=\"wp-block-list\">\n<li>Obtiver m\u00ednimo de 40% de acertos no conjunto de disciplinas<\/li>\n\n\n\n<li>Alcan\u00e7ar 60% do total de pontos da prova objetiva<\/li>\n\n\n\n<li>N\u00e3o obtiver nota 0,00 em nenhuma disciplina <\/li>\n<\/ul>\n\n\n\n<p>Al\u00e9m disso, para seguir no certame, o candidato precisa estar classificado dentro do limite previsto no edital do concurso Procon RJ, que considera at\u00e9 <strong>20 vezes o n\u00famero de vagas<\/strong>.<\/p>\n\n\n\n<h3 class=\"wp-block-heading\">Somos a melhor Op\u00e7\u00e3o<\/h3>\n\n\n\n<p>Quer conquistar uma vaga no concurso Procon RJ? Somos a melhore Op\u00e7\u00e3o! N\u00f3s preparamos diversos materiais realmente focados conforme o edital que te ajudar\u00e3o a conquistar o cargo dos sonhos. N\u00e3o perca mais tempo e comece a se preparar ainda hoje!<\/p>\n\n\n\n<ul class=\"wp-block-list\">\n<li><strong>Confira:&nbsp;<a href=\"https:\/\/www.apostilasopcao.com.br\/concurso\/instituto-estadual-de-protecao-e-defesa-do-consumidor\">Apostilas Procon RJ<\/a>!<\/strong><\/li>\n<\/ul>\n\n\n\n<h3 class=\"wp-block-heading\">Prova discursiva<\/h3>\n\n\n\n<p>A prova discursiva do concurso Procon RJ ter\u00e1 car\u00e1ter <strong>eliminat\u00f3rio e classificat\u00f3rio<\/strong> e ser\u00e1 aplicada no mesmo dia e hor\u00e1rio da prova objetiva, dentro do per\u00edodo previsto no edital. Essa etapa ser\u00e1 elaborada com base no conte\u00fado program\u00e1tico da prova objetiva.<\/p>\n\n\n\n<p>A avalia\u00e7\u00e3o discursiva do concurso Procon RJ ser\u00e1 composta por <strong>1 (uma) quest\u00e3o aberta<\/strong>, com valor total de <strong>30 pontos<\/strong>. Para ser aprovado, o candidato dever\u00e1 atingir <strong>no m\u00ednimo 60% da pontua\u00e7\u00e3o<\/strong>, ou seja, <strong>18 pontos<\/strong>.<\/p>\n\n\n\n<p>A quest\u00e3o aberta consistir\u00e1 na produ\u00e7\u00e3o de um <strong>texto argumentativo<\/strong>, a partir da an\u00e1lise de um caso pr\u00e1tico formulado pela banca examinadora. O enunciado poder\u00e1 apresentar uma quest\u00e3o \u00fanica ou ser dividido em quesitos, abordando temas previstos no conte\u00fado program\u00e1tico. O texto dever\u00e1 ter:<\/p>\n\n\n\n<ul class=\"wp-block-list\">\n<li><strong>m\u00ednimo de 30 linhas<\/strong><\/li>\n\n\n\n<li><strong>m\u00e1ximo de 40 linhas<\/strong><\/li>\n<\/ul>\n\n\n\n<p>A corre\u00e7\u00e3o da prova discursiva ser\u00e1 realizada <strong>apenas para os candidatos que forem aprovados na prova objetiva<\/strong> e que estiverem <strong>classificados at\u00e9 20 vezes o n\u00famero de vagas imediatas<\/strong>, considerando separadamente as modalidades de ampla concorr\u00eancia e reserva de vagas, conforme os crit\u00e9rios de desempate previstos no edital. <\/p>\n\n\n\n<p>A prova discursiva ser\u00e1 avaliada com base nos seguintes crit\u00e9rios:<\/p>\n\n\n\n<figure class=\"wp-block-image size-large\"><img loading=\"lazy\" decoding=\"async\" width=\"1024\" height=\"305\" src=\"https:\/\/www.apostilasopcao.com.br\/blog\/wp-content\/uploads\/2025\/11\/image-68-1024x305.png\" alt=\"Crit\u00e9rios de corre\u00e7\u00e3o da prova discursiva do concurso Procon RJ\" class=\"wp-image-9769\" srcset=\"https:\/\/www.apostilasopcao.com.br\/blog\/wp-content\/uploads\/2025\/11\/image-68-1024x305.png 1024w, https:\/\/www.apostilasopcao.com.br\/blog\/wp-content\/uploads\/2025\/11\/image-68-300x89.png 300w, https:\/\/www.apostilasopcao.com.br\/blog\/wp-content\/uploads\/2025\/11\/image-68-768x229.png 768w, https:\/\/www.apostilasopcao.com.br\/blog\/wp-content\/uploads\/2025\/11\/image-68.png 1481w\" sizes=\"auto, (max-width: 1024px) 100vw, 1024px\" \/><\/figure>\n\n\n\n<p>A prova discursiva ser\u00e1 corrigida em uma escala de <strong>0 a 30 pontos<\/strong>. Para ser considerada classificada nesta etapa, a pessoa candidata dever\u00e1 obter <strong>no m\u00ednimo 60% da pontua\u00e7\u00e3o total<\/strong>, ou seja, <strong>18 pontos<\/strong>, e tamb\u00e9m ficar classificada at\u00e9 20 vezes o n\u00famero de vagas previstas no edital do concurso Procon RJ.<\/p>\n\n\n\n<h3 class=\"wp-block-heading\">Prova de T\u00edtulos<\/h3>\n\n\n\n<p>A Prova de T\u00edtulos ter\u00e1 car\u00e1ter <strong>exclusivamente classificat\u00f3rio<\/strong>, para candidatos de n\u00edvel superior. Ser\u00e3o convocadas para essa etapa as pessoas candidatas que:<\/p>\n\n\n\n<ul class=\"wp-block-list\">\n<li>forem aprovadas nas provas objetiva e discursiva<\/li>\n\n\n\n<li>estiverem <strong>classificadas at\u00e9 20 vezes o n\u00famero de vagas imediatas<\/strong>, considerando separadamente cada modalidade (ampla concorr\u00eancia e reserva de vagas)<\/li>\n\n\n\n<li>respeitarem os crit\u00e9rios de desempate previstos no edital do concurso Procon RJ<\/li>\n<\/ul>\n\n\n\n<p>A etapa consistir\u00e1 na an\u00e1lise dos seguintes t\u00edtulos:<\/p>\n\n\n\n<figure class=\"wp-block-image size-large\"><img loading=\"lazy\" decoding=\"async\" width=\"1024\" height=\"138\" src=\"https:\/\/www.apostilasopcao.com.br\/blog\/wp-content\/uploads\/2025\/11\/image-69-1024x138.png\" alt=\"T\u00edtulos avaliados no concurso Procon RJ\" class=\"wp-image-9770\" srcset=\"https:\/\/www.apostilasopcao.com.br\/blog\/wp-content\/uploads\/2025\/11\/image-69-1024x138.png 1024w, https:\/\/www.apostilasopcao.com.br\/blog\/wp-content\/uploads\/2025\/11\/image-69-300x40.png 300w, https:\/\/www.apostilasopcao.com.br\/blog\/wp-content\/uploads\/2025\/11\/image-69-768x104.png 768w, https:\/\/www.apostilasopcao.com.br\/blog\/wp-content\/uploads\/2025\/11\/image-69.png 1482w\" sizes=\"auto, (max-width: 1024px) 100vw, 1024px\" \/><\/figure>\n\n\n\n<h2 class=\"wp-block-heading\">Como foi o \u00faltimo concurso Procon RJ<\/h2>\n\n\n\n<p>O \u00faltimo concurso Procon RJ aconteceu em 2011 e foi organizado pela Funda\u00e7\u00e3o Ceperj. Na ocasi\u00e3o, foram oferecidas 181 vagas para cargos de n\u00edveis m\u00e9dio, m\u00e9dio\/t\u00e9cnico e superior, com sal\u00e1rios variando entre R$ 1.470,00 e R$ 4.200,00.<\/p>\n\n\n\n<p>A distribui\u00e7\u00e3o das oportunidades foi a seguinte:<\/p>\n\n\n\n<p><strong>N\u00edvel m\u00e9dio<\/strong><\/p>\n\n\n\n<ul class=\"wp-block-list\">\n<li>Assistente Administrativo\/Agente Administrativo: 25 vagas;<\/li>\n\n\n\n<li>Assistente T\u00e9cnico\/Agente de Prote\u00e7\u00e3o e Defesa do Consumidor: 50 vagas.<\/li>\n<\/ul>\n\n\n\n<p><strong>N\u00edvel m\u00e9dio\/t\u00e9cnico<\/strong><\/p>\n\n\n\n<ul class=\"wp-block-list\">\n<li>Assistente T\u00e9cnico\/T\u00e9cnico em Contabilidade: 3 vagas;<\/li>\n\n\n\n<li>Assistente T\u00e9cnico\/T\u00e9cnico em Inform\u00e1tica: 3 vagas.<\/li>\n<\/ul>\n\n\n\n<p><strong>N\u00edvel superior<\/strong><\/p>\n\n\n\n<ul class=\"wp-block-list\">\n<li>Especialista\/Analista de Prote\u00e7\u00e3o e Defesa do Consumidor: 80 vagas;<\/li>\n\n\n\n<li>Analista Administrativo\/Executivo P\u00fablico: 10 vagas;<\/li>\n\n\n\n<li>Especialista\/Advogado: 10 vagas.<\/li>\n<\/ul>\n\n\n\n<p>O processo seletivo foi composto por tr\u00eas etapas:<\/p>\n\n\n\n<ul class=\"wp-block-list\">\n<li>Prova objetiva \u2013 com 60 quest\u00f5es de m\u00faltipla escolha sobre conhecimentos b\u00e1sicos e espec\u00edficos;<\/li>\n\n\n\n<li>Prova discursiva \u2013 com uma quest\u00e3o relacionada \u00e0 \u00e1rea de atua\u00e7\u00e3o do cargo;<\/li>\n\n\n\n<li>Curso de forma\u00e7\u00e3o \u2013 de car\u00e1ter eliminat\u00f3rio e classificat\u00f3rio.<\/li>\n<\/ul>\n\n\n\n<p>Este concurso representou a primeira e \u00fanica sele\u00e7\u00e3o da hist\u00f3ria do Procon RJ at\u00e9 ent\u00e3o. Desde ent\u00e3o, a autarquia n\u00e3o contratou novos servidores efetivos por concurso p\u00fablico, o que refor\u00e7a a import\u00e2ncia do edital de 2025.<\/p>\n\n\n\n<p><strong>Quer ficar por dentro de tudo sobre o universo de concursos?&nbsp;<a href=\"https:\/\/www.apostilasopcao.com.br\/blog\/noticias\/\">Confira as nossas not\u00edcias!<\/a><\/strong><\/p>\n","protected":false},"excerpt":{"rendered":"<p>O concurso Procon RJ teve seu edital publicado! Com 30 vagas, para cargos de n\u00edveis m\u00e9dio, t\u00e9cnico e superior. Confira aqui!<\/p>\n","protected":false},"author":12,"featured_media":9766,"comment_status":"closed","ping_status":"closed","sticky":false,"template":"","format":"standard","meta":{"_acf_changed":false,"breadcrumbs_single_post":"","page_title_panel":"","breadcrumbs_single_page":"","single_page_alignment":"","single_page_margin":"","page_structure_type":"","content_style_source":"","content_style":"","blog_post_streched_ed":"","blog_page_streched_ed":"","has_transparent_header":"","disable_transparent_header":"","vertical_spacing_source":"","content_area_spacing":"","single_post_content_background":"","single_page_content_background":"","single_post_boxed_content_spacing":"","single_page_boxed_content_spacing":"","single_post_content_boxed_radius":"","single_page_content_boxed_radius":"","disable_featured_image":"","disable_post_tags":"","disable_author_box":"","disable_posts_navigation":"","disable_comments":"","disable_related_posts":"","disable_header":"","disable_footer":"","footnotes":""},"categories":[4,24],"tags":[369],"class_list":["post-4031","post","type-post","status-publish","format-standard","has-post-thumbnail","hentry","category-noticias","category-rj","tag-concurso-procon-rj","rishi-post"],"acf":{"data_prova":"20260426","status":"aberto"},"_links":{"self":[{"href":"https:\/\/www.apostilasopcao.com.br\/blog\/wp-json\/wp\/v2\/posts\/4031","targetHints":{"allow":["GET"]}}],"collection":[{"href":"https:\/\/www.apostilasopcao.com.br\/blog\/wp-json\/wp\/v2\/posts"}],"about":[{"href":"https:\/\/www.apostilasopcao.com.br\/blog\/wp-json\/wp\/v2\/types\/post"}],"author":[{"embeddable":true,"href":"https:\/\/www.apostilasopcao.com.br\/blog\/wp-json\/wp\/v2\/users\/12"}],"replies":[{"embeddable":true,"href":"https:\/\/www.apostilasopcao.com.br\/blog\/wp-json\/wp\/v2\/comments?post=4031"}],"version-history":[{"count":16,"href":"https:\/\/www.apostilasopcao.com.br\/blog\/wp-json\/wp\/v2\/posts\/4031\/revisions"}],"predecessor-version":[{"id":9808,"href":"https:\/\/www.apostilasopcao.com.br\/blog\/wp-json\/wp\/v2\/posts\/4031\/revisions\/9808"}],"wp:featuredmedia":[{"embeddable":true,"href":"https:\/\/www.apostilasopcao.com.br\/blog\/wp-json\/wp\/v2\/media\/9766"}],"wp:attachment":[{"href":"https:\/\/www.apostilasopcao.com.br\/blog\/wp-json\/wp\/v2\/media?parent=4031"}],"wp:term":[{"taxonomy":"category","embeddable":true,"href":"https:\/\/www.apostilasopcao.com.br\/blog\/wp-json\/wp\/v2\/categories?post=4031"},{"taxonomy":"post_tag","embeddable":true,"href":"https:\/\/www.apostilasopcao.com.br\/blog\/wp-json\/wp\/v2\/tags?post=4031"}],"curies":[{"name":"wp","href":"https:\/\/api.w.org\/{rel}","templated":true}]}}