{"id":424,"date":"2025-04-08T10:27:51","date_gmt":"2025-04-08T13:27:51","guid":{"rendered":"https:\/\/www.apostilasopcao.com.br\/blog\/?p=424"},"modified":"2025-05-09T09:23:14","modified_gmt":"2025-05-09T12:23:14","slug":"emparn","status":"publish","type":"post","link":"https:\/\/www.apostilasopcao.com.br\/blog\/emparn\/","title":{"rendered":"Concurso EMPARN: Edital publicado! Vagas de n\u00edveis m\u00e9dio e superior!"},"content":{"rendered":"\n<p>O concurso EMPARN <a href=\"https:\/\/www.apostilasopcao.com.br\/concurso\/empresa-de-pesquisa-agropecuaria-do-rio-grande-do-norte\">(Empresa de Pesquisa Agropecu\u00e1ria do Rio Grande do Norte)<\/a> j\u00e1 est\u00e1 com edital publicado! A sele\u00e7\u00e3o oferece <strong>16 vagas imediatas, al\u00e9m de oportunidades em cadastro reserva<\/strong>. H\u00e1 cargos para <strong>n\u00edveis m\u00e9dio, t\u00e9cnico e superior<\/strong>, com sal\u00e1rios iniciais que chegam a <strong>R$9,7 mil<\/strong>. As inscri\u00e7\u00f5es j\u00e1 est\u00e3o abertas e as provas ocorrer\u00e3o em junho. Continue comigo e confira todos os detalhes do edital!<\/p>\n\n\n\n<h2 class=\"wp-block-heading\">Inscri\u00e7\u00e3o no concurso EMPARN 2025<\/h2>\n\n\n\n<p>As inscri\u00e7\u00f5es para o concurso EMPARN j\u00e1 est\u00e3o abertas e poder\u00e3o ser feitas at\u00e9 as 23h59min do dia<strong> 18 de maio de 2025<\/strong>, exclusivamente pelo site da banca organizadora, <a href=\"https:\/\/ps-adm-756.selecao.net.br\/informacoes\/84\/\" target=\"_blank\" rel=\"noreferrer noopener\">Idecan.<\/a><\/p>\n\n\n\n<p>Para se inscrever, o candidato dever\u00e1:<\/p>\n\n\n\n<ul class=\"wp-block-list\">\n<li>Preencher o formul\u00e1rio eletr\u00f4nico no site do Idecan;<\/li>\n\n\n\n<li>Efetuar o pagamento da taxa de inscri\u00e7\u00e3o:\n<ul class=\"wp-block-list\">\n<li><strong>R$100,00<\/strong> para cargos de n\u00edvel m\u00e9dio\/t\u00e9cnico;<\/li>\n\n\n\n<li><strong>R$150,00<\/strong> para cargos de n\u00edvel superior.<\/li>\n<\/ul>\n<\/li>\n<\/ul>\n\n\n\n<p>O pagamento da taxa poder\u00e1 ser feito at\u00e9 o dia<strong> 19 de maio de 2025<\/strong>.<\/p>\n\n\n\n<h3 class=\"wp-block-heading\">Isen\u00e7\u00e3o da taxa<\/h3>\n\n\n\n<p>Candidatos que se enquadrarem nos crit\u00e9rios abaixo podem solicitar isen\u00e7\u00e3o da taxa nos dias <strong>7 e 8 de abril<\/strong>, tamb\u00e9m no site da banca:<\/p>\n\n\n\n<ul class=\"wp-block-list\">\n<li>Inscritos no Cadastro \u00danico (Cad\u00danico);<\/li>\n\n\n\n<li>Doadores regulares de sangue ou de medula \u00f3ssea;<\/li>\n\n\n\n<li>Doadoras regulares de leite materno;<\/li>\n\n\n\n<li>Candidatos com defici\u00eancia;<\/li>\n\n\n\n<li>Eleitores convocados para atua\u00e7\u00e3o na Justi\u00e7a Eleitoral.<\/li>\n<\/ul>\n\n\n\n<h2 class=\"wp-block-heading\">Vagas e sal\u00e1rios do concurso EMPARN<\/h2>\n\n\n\n<p>O concurso EMPARN oferece 16 vagas imediatas e forma\u00e7\u00e3o de cadastro reserva. Confira abaixo a distribui\u00e7\u00e3o de cargos, escolaridade, vagas e remunera\u00e7\u00f5es:<\/p>\n\n\n\n<p><strong>N\u00edvel M\u00e9dio<\/strong><\/p>\n\n\n\n<figure class=\"wp-block-table aligncenter\"><table class=\"has-fixed-layout\"><thead><tr><th>Cargo<\/th><th class=\"has-text-align-center\" data-align=\"center\">Vagas<\/th><th class=\"has-text-align-center\" data-align=\"center\">Sal\u00e1rio Inicial<\/th><\/tr><\/thead><tbody><tr><td><a href=\"https:\/\/www.apostilasopcao.com.br\/apostila\/emparn-assistente-administrativo\">Assistente Administrativo<\/a><\/td><td class=\"has-text-align-center\" data-align=\"center\">2 + CR<\/td><td class=\"has-text-align-center\" data-align=\"center\">R$2.184,38<\/td><\/tr><\/tbody><\/table><\/figure>\n\n\n\n<p><strong>N\u00edvel T\u00e9cnico<\/strong><\/p>\n\n\n\n<figure class=\"wp-block-table aligncenter\"><table class=\"has-fixed-layout\"><thead><tr><th>Cargo<\/th><th class=\"has-text-align-center\" data-align=\"center\">Vagas<\/th><th class=\"has-text-align-center\" data-align=\"center\">Sal\u00e1rio Inicial<\/th><\/tr><\/thead><tbody><tr><td>T\u00e9cnico em Laborat\u00f3rio<\/td><td class=\"has-text-align-center\" data-align=\"center\">1 + CR<\/td><td class=\"has-text-align-center\" data-align=\"center\">R$2.184,38<\/td><\/tr><tr><td>T\u00e9cnico Agr\u00edcola\/Agropecu\u00e1ria<\/td><td class=\"has-text-align-center\" data-align=\"center\">1 + CR<\/td><td class=\"has-text-align-center\" data-align=\"center\">R$2.184,38<\/td><\/tr><\/tbody><\/table><\/figure>\n\n\n\n<p><strong>N\u00edvel Superior \u2013 Pesquisador<\/strong><\/p>\n\n\n\n<figure class=\"wp-block-table aligncenter\"><table class=\"has-fixed-layout\"><thead><tr><th>Cargo<\/th><th>Vagas<\/th><th>Sal\u00e1rio Inicial<\/th><\/tr><\/thead><tbody><tr><td>Meteorologia \u2013 Modelagem Din\u00e2mica\/Estoc\u00e1stica em Tempo e Clima<\/td><td>1 + CR<\/td><td>R$9.714,41<\/td><\/tr><tr><td>Produ\u00e7\u00e3o Animal \u2013 Forragicultura<\/td><td>1 + CR<\/td><td>R$9.714,41<\/td><\/tr><tr><td>Produ\u00e7\u00e3o Animal \u2013 Avicultura<\/td><td>1 + CR<\/td><td>R$9.714,41<\/td><\/tr><tr><td>Produ\u00e7\u00e3o Vegetal \u2013 Fitotecnia\/Melhoramento Vegetal<\/td><td>1 + CR<\/td><td>R$9.714,41<\/td><\/tr><tr><td>Produ\u00e7\u00e3o Vegetal \u2013 Fitotecnia\/Fitossanidade<\/td><td>1 + CR<\/td><td>R$9.714,41<\/td><\/tr><tr><td>Aquicultura \u2013 Sistemas de Produ\u00e7\u00e3o Aqu\u00edcola e Intera\u00e7\u00f5es Ambientais<\/td><td>1 + CR<\/td><td>R$9.714,41<\/td><\/tr><\/tbody><\/table><\/figure>\n\n\n\n<h3 class=\"wp-block-heading\">N\u00edvel Superior \u2013 Analista<\/h3>\n\n\n\n<figure class=\"wp-block-table aligncenter\"><table class=\"has-fixed-layout\"><thead><tr><th>Cargo<\/th><th class=\"has-text-align-center\" data-align=\"center\">Vagas<\/th><th class=\"has-text-align-center\" data-align=\"center\">Sal\u00e1rio Inicial<\/th><\/tr><\/thead><tbody><tr><td>Analista em Contabilidade<\/td><td class=\"has-text-align-center\" data-align=\"center\">1 + CR<\/td><td class=\"has-text-align-center\" data-align=\"center\">R$2.556,86<\/td><\/tr><tr><td>Analista em Administra\u00e7\u00e3o<\/td><td class=\"has-text-align-center\" data-align=\"center\">2 + CR<\/td><td class=\"has-text-align-center\" data-align=\"center\">R$4.676,98<\/td><\/tr><tr><td><a href=\"https:\/\/www.apostilasopcao.com.br\/apostila\/emparn-analista-administracao\">Analista em Direito<\/a><\/td><td class=\"has-text-align-center\" data-align=\"center\">1 + CR<\/td><td class=\"has-text-align-center\" data-align=\"center\">R$4.676,98<\/td><\/tr><tr><td><a href=\"https:\/\/www.apostilasopcao.com.br\/apostila\/emparn-analista-gestao-pessoas\">Analista em Gest\u00e3o de Pessoas<\/a><\/td><td class=\"has-text-align-center\" data-align=\"center\">1 + CR<\/td><td class=\"has-text-align-center\" data-align=\"center\">R$4.676,98<\/td><\/tr><tr><td><a href=\"https:\/\/www.apostilasopcao.com.br\/apostila\/emparn-analista-gestao-estrategica\">Analista em Gest\u00e3o Estrat\u00e9gica<\/a><\/td><td class=\"has-text-align-center\" data-align=\"center\">1 + CR<\/td><td class=\"has-text-align-center\" data-align=\"center\">R$4.676,98<\/td><\/tr><\/tbody><\/table><\/figure>\n\n\n\n<p>A carga hor\u00e1ria de trabalho \u00e9 de 40 horas semanais.<\/p>\n\n\n\n<h2 class=\"wp-block-heading\">Requisitos do concurso EMPARN<\/h2>\n\n\n\n<p>Cada cargo exige uma forma\u00e7\u00e3o espec\u00edfica. Abaixo, listamos os requisitos espec\u00edficos:<\/p>\n\n\n\n<p><strong>Pesquisador \u2013 Meteorologia: Modelagem Din\u00e2mica e Estoc\u00e1stica<\/strong><\/p>\n\n\n\n<ul class=\"wp-block-list\">\n<li>Gradua\u00e7\u00e3o: Meteorologia, Ci\u00eancias Atmosf\u00e9ricas, Geoci\u00eancias ou Geof\u00edsica.<\/li>\n\n\n\n<li>Doutorado: Ci\u00eancias Clim\u00e1ticas, Meteorologia, Ci\u00eancias Atmosf\u00e9ricas, Geoci\u00eancias ou Geof\u00edsica (com foco em Modelagem Din\u00e2mica\/Estoc\u00e1stica).<\/li>\n<\/ul>\n\n\n\n<p><strong>Pesquisador \u2013 Produ\u00e7\u00e3o Animal: Forragicultura<\/strong><\/p>\n\n\n\n<ul class=\"wp-block-list\">\n<li>Gradua\u00e7\u00e3o: Zootecnia, Agronomia ou Engenharia Agron\u00f4mica.<\/li>\n\n\n\n<li>Doutorado: Zootecnia ou Agronomia (com concentra\u00e7\u00e3o em Forragicultura).<\/li>\n<\/ul>\n\n\n\n<p><strong>Pesquisador \u2013 Produ\u00e7\u00e3o Animal: Avicultura<\/strong><\/p>\n\n\n\n<ul class=\"wp-block-list\">\n<li>Gradua\u00e7\u00e3o: Medicina Veterin\u00e1ria, Zootecnia ou Ci\u00eancia Animal.<\/li>\n\n\n\n<li>Doutorado: Zootecnia, Medicina Veterin\u00e1ria, Produ\u00e7\u00e3o Animal ou Ci\u00eancia Animal (com foco em Avicultura).<\/li>\n<\/ul>\n\n\n\n<p><strong>Pesquisador \u2013 Produ\u00e7\u00e3o Vegetal: Fitotecnia e Melhoramento Vegetal<\/strong><\/p>\n\n\n\n<ul class=\"wp-block-list\">\n<li>Gradua\u00e7\u00e3o: Engenharia Agron\u00f4mica, Agronomia, Ci\u00eancias Biol\u00f3gicas ou Biologia.<\/li>\n\n\n\n<li>Doutorado: Agronomia, Fitotecnia ou Gen\u00e9tica (com concentra\u00e7\u00e3o em Fitotecnia\/Melhoramento Vegetal).<\/li>\n<\/ul>\n\n\n\n<p><strong>Pesquisador \u2013 Produ\u00e7\u00e3o Vegetal: Fitotecnia e Fitossanidade<\/strong><\/p>\n\n\n\n<ul class=\"wp-block-list\">\n<li>Gradua\u00e7\u00e3o: Engenharia Agron\u00f4mica, Agronomia, Engenharia Florestal, Ci\u00eancias Biol\u00f3gicas ou Biologia.<\/li>\n\n\n\n<li>Doutorado: Entomologia, Fitossanidade ou Agronomia (com foco em Entomologia\/Fitopatologia).<\/li>\n<\/ul>\n\n\n\n<p><strong>Pesquisador \u2013 Aquicultura: Sistemas de Produ\u00e7\u00e3o Aqu\u00edcola<\/strong><\/p>\n\n\n\n<ul class=\"wp-block-list\">\n<li>Gradua\u00e7\u00e3o: Engenharia de Pesca, Engenharia de Aquicultura, Zootecnia, Engenharia Agron\u00f4mica, Agronomia, Ci\u00eancias Biol\u00f3gicas, Biologia ou Medicina Veterin\u00e1ria.<\/li>\n\n\n\n<li>Doutorado: Aquicultura, Zootecnia, Ci\u00eancias Veterin\u00e1rias, Agronomia ou Ci\u00eancias Biol\u00f3gicas (com concentra\u00e7\u00e3o em Sistemas de Produ\u00e7\u00e3o Aqu\u00edcola).<\/li>\n<\/ul>\n\n\n\n<p><strong>Analista \u2013 Contabilidade<\/strong><\/p>\n\n\n\n<ul class=\"wp-block-list\">\n<li>Gradua\u00e7\u00e3o em Ci\u00eancias Cont\u00e1beis.<\/li>\n\n\n\n<li>Registro no conselho de classe e experi\u00eancia m\u00ednima de 2 anos.<\/li>\n<\/ul>\n\n\n\n<p><strong>Analista \u2013 Administra\u00e7\u00e3o<\/strong><\/p>\n\n\n\n<ul class=\"wp-block-list\">\n<li>Gradua\u00e7\u00e3o em Administra\u00e7\u00e3o ou Economia.<\/li>\n\n\n\n<li>Mestrado em Administra\u00e7\u00e3o ou Engenharia de Produ\u00e7\u00e3o (com foco em Gest\u00e3o de Empresas).<\/li>\n<\/ul>\n\n\n\n<p><strong>Analista \u2013 Direito<\/strong><\/p>\n\n\n\n<ul class=\"wp-block-list\">\n<li>Gradua\u00e7\u00e3o em Direito.<\/li>\n\n\n\n<li>Experi\u00eancia m\u00ednima de 2 anos e mestrado em Direito (com concentra\u00e7\u00e3o em Direito Administrativo).<\/li>\n<\/ul>\n\n\n\n<p><strong>Analista \u2013 Gest\u00e3o de Pessoas<\/strong><\/p>\n\n\n\n<ul class=\"wp-block-list\">\n<li>Gradua\u00e7\u00e3o em Administra\u00e7\u00e3o, Psicologia ou Servi\u00e7o Social.<\/li>\n\n\n\n<li>Mestrado em Administra\u00e7\u00e3o (com foco em Gest\u00e3o de Empresas ou Recursos Humanos).<\/li>\n<\/ul>\n\n\n\n<p><strong>Analista \u2013 Gest\u00e3o Estrat\u00e9gica<\/strong><\/p>\n\n\n\n<ul class=\"wp-block-list\">\n<li>Gradua\u00e7\u00e3o em Administra\u00e7\u00e3o, Economia, Engenharia Agron\u00f4mica ou Sociologia.<\/li>\n\n\n\n<li>Mestrado em Administra\u00e7\u00e3o ou Economia (com foco em Planejamento Estrat\u00e9gico).<\/li>\n<\/ul>\n\n\n\n<p><strong>T\u00e9cnico Agr\u00edcola ou em Agropecu\u00e1ria<\/strong><\/p>\n\n\n\n<ul class=\"wp-block-list\">\n<li>Ensino m\u00e9dio completo com curso t\u00e9cnico na \u00e1rea agr\u00edcola ou agropecu\u00e1ria.<\/li>\n<\/ul>\n\n\n\n<p><strong>T\u00e9cnico em Laborat\u00f3rio<\/strong><\/p>\n\n\n\n<ul class=\"wp-block-list\">\n<li>Ensino m\u00e9dio completo com curso t\u00e9cnico em laborat\u00f3rio, qu\u00edmica ou meio ambiente.<\/li>\n<\/ul>\n\n\n\n<p><strong>Assistente Administrativo<\/strong><\/p>\n\n\n\n<ul class=\"wp-block-list\">\n<li>Ensino m\u00e9dio completo.<\/li>\n<\/ul>\n\n\n\n<h2 class=\"wp-block-heading\">Etapas de sele\u00e7\u00e3o do concurso EMPARN<\/h2>\n\n\n\n<p>O concurso EMPARN contar\u00e1 com tr\u00eas etapas, sendo:<\/p>\n\n\n\n<ul class=\"wp-block-list\">\n<li>Prova objetiva, de car\u00e1ter eliminat\u00f3rio e classificat\u00f3rio, para todos os cargos;<\/li>\n\n\n\n<li>Prova discurisva, de car\u00e1ter eliminat\u00f3rio e classificat\u00f3rio, para os cargos de n\u00edvel superior;<\/li>\n\n\n\n<li>An\u00e1lise de t\u00edtulos, de car\u00e1ter classificat\u00f3rio, para o cargo de Pesquisador.<\/li>\n<\/ul>\n\n\n\n<h3 class=\"wp-block-heading\">Prova objetiva<\/h3>\n\n\n\n<p>Todos os candidatos realizar\u00e3o a prova objetiva que ser\u00e1 aplicado no dia <strong>22 de junho<\/strong>, em diferentes turnos, sendo:<\/p>\n\n\n\n<ul class=\"wp-block-list\">\n<li>Per\u00edodo da manh\u00e3 (8h \u00e0s 12h): m\u00e9dio\/t\u00e9cnico;<\/li>\n\n\n\n<li>Per\u00edodo da tarde (15h \u00e0s 20h): superior<\/li>\n<\/ul>\n\n\n\n<p>A prova contar\u00e1 com 50 quest\u00f5es de m\u00faltipla escolha, conforme a seguinte estrutura:<\/p>\n\n\n\n<figure class=\"wp-block-table aligncenter\" style=\"font-size:15px\"><table><thead><tr><th>Disciplina<\/th><th>Quest\u00f5es<\/th><th>Peso<\/th><th>Pontos<\/th><\/tr><\/thead><tbody><tr><td>L\u00edngua Portuguesa<\/td><td>10<\/td><td>1,0<\/td><td>10<\/td><\/tr><tr><td>Racioc\u00ednio L\u00f3gico Matem\u00e1tico<\/td><td>5<\/td><td>1,0<\/td><td>5<\/td><\/tr><tr><td>Inform\u00e1tica<\/td><td>5<\/td><td>1,0<\/td><td>5<\/td><\/tr><tr><td>Hist\u00f3ria e Aspectos Geoecon\u00f4micos do RN<\/td><td>5<\/td><td>1,0<\/td><td>5<\/td><\/tr><tr><td>Conhecimentos Espec\u00edficos<\/td><td>25<\/td><td>2,0<\/td><td>50<\/td><\/tr><tr><td><strong>Total<\/strong><\/td><td><strong>50<\/strong><\/td><td>\u2013<\/td><td><strong>75<\/strong><\/td><\/tr><\/tbody><\/table><\/figure>\n\n\n\n<p>Crit\u00e9rios de aprova\u00e7\u00e3o:<\/p>\n\n\n\n<ul class=\"wp-block-list\">\n<li>M\u00ednimo de 60% da nota total (45 pontos);<\/li>\n\n\n\n<li>N\u00e3o zerar nenhuma disciplina.<\/li>\n<\/ul>\n\n\n\n<h3 class=\"wp-block-heading\">Prova discursiva<\/h3>\n\n\n\n<p>Para todos os cargos de n\u00edvel superior, a prova discursiva ser\u00e1 aplicada no mesmo dia e hor\u00e1rio da prova objetiva, e ser\u00e1 composta por duas quest\u00f5es dissertativas sobre conhecimentos espec\u00edficos. Os candidatos devem escrever textos entre 15 e 20 linhas.<\/p>\n\n\n\n<p>Ser\u00e1 necess\u00e1rio atingir pelo menos 60% de aproveitamento (18 pontos em 30 poss\u00edveis) para ser aprovado.<\/p>\n\n\n\n<p>Confira os crit\u00e9rios que ser\u00e3o avaliados na prova do concurso EMPARN:<\/p>\n\n\n<div class=\"wp-block-image\">\n<figure class=\"aligncenter size-full\"><img loading=\"lazy\" decoding=\"async\" width=\"732\" height=\"404\" src=\"https:\/\/www.apostilasopcao.com.br\/blog\/wp-content\/uploads\/2025\/04\/criterios-discursiva.webp\" alt=\"Crit\u00e9rios de corre\u00e7\u00e3o da prova discursiva do concurso EMPARN.\" class=\"wp-image-426\" srcset=\"https:\/\/www.apostilasopcao.com.br\/blog\/wp-content\/uploads\/2025\/04\/criterios-discursiva.webp 732w, https:\/\/www.apostilasopcao.com.br\/blog\/wp-content\/uploads\/2025\/04\/criterios-discursiva-300x166.webp 300w\" sizes=\"auto, (max-width: 732px) 100vw, 732px\" \/><figcaption class=\"wp-element-caption\"><em>Crit\u00e9rios de corre\u00e7\u00e3o da prova discursiva do concurso EMPARN!<\/em><\/figcaption><\/figure>\n<\/div>\n\n\n<h3 class=\"wp-block-heading\">An\u00e1lise de t\u00edtulos<\/h3>\n\n\n\n<p>Destinada exclusivamente aos cargos de Pesquisador, essa etapa tem car\u00e1ter classificat\u00f3rio e analisar\u00e1 a forma\u00e7\u00e3o acad\u00eamica e experi\u00eancia profissional dos candidatos aprovados nas provas anteriores.<\/p>\n\n\n\n<h2 class=\"wp-block-heading\">Dica Op\u00e7\u00e3o<\/h2>\n\n\n\n<p>Se o seu objetivo \u00e9 ser aprovado no concurso EMPARN, ent\u00e3o \u00e9 hora de se dedicar de verdade. A jornada n\u00e3o \u00e9 f\u00e1cil, mas com os materiais certos, foco e disciplina, voc\u00ea tem tudo para alcan\u00e7ar essa conquista. Acredite no seu potencial e comece agora a sua prepara\u00e7\u00e3o com quem quer ver voc\u00ea vencer!<\/p>\n\n\n\n<p>Confira: <a href=\"https:\/\/www.apostilasopcao.com.br\/apostila\/emparn-assistente-administrativo\">Apostila EMPARN 2025 &#8211; Assistente Administrativo<\/a><\/p>\n","protected":false},"excerpt":{"rendered":"<p>Est\u00e3o abertas as inscri\u00e7\u00f5es para o concurso EMPARN!<\/p>\n","protected":false},"author":5,"featured_media":425,"comment_status":"closed","ping_status":"closed","sticky":false,"template":"","format":"standard","meta":{"_acf_changed":false,"breadcrumbs_single_post":"","page_title_panel":"","breadcrumbs_single_page":"","single_page_alignment":"","single_page_margin":"","page_structure_type":"","content_style_source":"","content_style":"","blog_post_streched_ed":"","blog_page_streched_ed":"","has_transparent_header":"","disable_transparent_header":"","vertical_spacing_source":"","content_area_spacing":"","single_post_content_background":"","single_page_content_background":"","single_post_boxed_content_spacing":"","single_page_boxed_content_spacing":"","single_post_content_boxed_radius":"","single_page_content_boxed_radius":"","disable_featured_image":"","disable_post_tags":"","disable_author_box":"","disable_posts_navigation":"","disable_comments":"","disable_related_posts":"","disable_header":"","disable_footer":"","footnotes":""},"categories":[4,25],"tags":[102],"class_list":["post-424","post","type-post","status-publish","format-standard","has-post-thumbnail","hentry","category-noticias","category-rn","tag-concurso-emparn","rishi-post"],"acf":{"data_prova":"20250622","status":false},"_links":{"self":[{"href":"https:\/\/www.apostilasopcao.com.br\/blog\/wp-json\/wp\/v2\/posts\/424","targetHints":{"allow":["GET"]}}],"collection":[{"href":"https:\/\/www.apostilasopcao.com.br\/blog\/wp-json\/wp\/v2\/posts"}],"about":[{"href":"https:\/\/www.apostilasopcao.com.br\/blog\/wp-json\/wp\/v2\/types\/post"}],"author":[{"embeddable":true,"href":"https:\/\/www.apostilasopcao.com.br\/blog\/wp-json\/wp\/v2\/users\/5"}],"replies":[{"embeddable":true,"href":"https:\/\/www.apostilasopcao.com.br\/blog\/wp-json\/wp\/v2\/comments?post=424"}],"version-history":[{"count":5,"href":"https:\/\/www.apostilasopcao.com.br\/blog\/wp-json\/wp\/v2\/posts\/424\/revisions"}],"predecessor-version":[{"id":1122,"href":"https:\/\/www.apostilasopcao.com.br\/blog\/wp-json\/wp\/v2\/posts\/424\/revisions\/1122"}],"wp:featuredmedia":[{"embeddable":true,"href":"https:\/\/www.apostilasopcao.com.br\/blog\/wp-json\/wp\/v2\/media\/425"}],"wp:attachment":[{"href":"https:\/\/www.apostilasopcao.com.br\/blog\/wp-json\/wp\/v2\/media?parent=424"}],"wp:term":[{"taxonomy":"category","embeddable":true,"href":"https:\/\/www.apostilasopcao.com.br\/blog\/wp-json\/wp\/v2\/categories?post=424"},{"taxonomy":"post_tag","embeddable":true,"href":"https:\/\/www.apostilasopcao.com.br\/blog\/wp-json\/wp\/v2\/tags?post=424"}],"curies":[{"name":"wp","href":"https:\/\/api.w.org\/{rel}","templated":true}]}}