{"id":438,"date":"2025-04-09T08:38:26","date_gmt":"2025-04-09T11:38:26","guid":{"rendered":"https:\/\/www.apostilasopcao.com.br\/blog\/?p=438"},"modified":"2025-05-06T10:55:22","modified_gmt":"2025-05-06T13:55:22","slug":"trf4","status":"publish","type":"post","link":"https:\/\/www.apostilasopcao.com.br\/blog\/trf4\/","title":{"rendered":"Concurso TRF4: Edital publicado! Vagas para T\u00e9cnicos e Analistas!"},"content":{"rendered":"\n<p>Foi publicado o edital do concurso TRF4 <a href=\"https:\/\/www.apostilasopcao.com.br\/concurso\/tribunal-regional-federal-da-4-regiao\">(Tribunal Regional Federal da 4\u00aa Regi\u00e3o)!<\/a> As oportunidades s\u00e3o para forma\u00e7\u00e3o de cadastro de reserva nos cargos de <strong>T\u00e9cnico e Analista Judici\u00e1rio<\/strong>. Todas as fun\u00e7\u00f5es exigem <strong>n\u00edvel superior completo<\/strong>, e os sal\u00e1rios podem ultrapassar os <strong>R$18 mil,<\/strong> a depender da carreira escolhida. As inscri\u00e7\u00f5es come\u00e7am a partir do dia <strong>14 de abril<\/strong> e voc\u00ea n\u00e3o pode ficar de fora! Continue comigo para saber todos os detalhes do concurso TRF4!<\/p>\n\n\n\n<h2 class=\"wp-block-heading\">Inscri\u00e7\u00f5es no concurso TRF4<\/h2>\n\n\n\n<p>As inscri\u00e7\u00f5es para o concurso TRF4 estar\u00e3o abertas a partir das 10h do dia <strong>14 de abril <\/strong>e ir\u00e3o at\u00e9 \u00e0s 23h59min do dia <strong>14 de maio de 2025<\/strong>, exclusivamente pelo site da <a href=\"https:\/\/www.concursosfcc.com.br\/concursoNovo.html\" target=\"_blank\" rel=\"noreferrer noopener\">Funda\u00e7\u00e3o Carlos Chagas.<\/a> <\/p>\n\n\n\n<p>As inscri\u00e7\u00f5es s\u00f3 ser\u00e3o homologadas p\u00f3s o pagamento das taxas, que ser\u00e3o os seguintes valores:<\/p>\n\n\n\n<ul class=\"wp-block-list\">\n<li><strong>R$80<\/strong> para os cargos de T\u00e9cnico Judici\u00e1rio;<\/li>\n\n\n\n<li><strong>R$100<\/strong> para os cargos de Analista Judici\u00e1rio.<\/li>\n<\/ul>\n\n\n\n<p>Quem n\u00e3o puder arcar com a taxa poder\u00e1 solicitar isen\u00e7\u00e3o entre os dias <strong>14 e 18 de abril<\/strong>, desde que atenda aos crit\u00e9rios: estar inscrito no Cad\u00danico e ser de fam\u00edlia de baixa renda ou ser doador de medula \u00f3ssea.<\/p>\n\n\n\n<h2 class=\"wp-block-heading\">Vagas e cargos do concurso TRF4<\/h2>\n\n\n\n<p>O concurso visa preencher cadastro de reserva, ou seja, n\u00e3o h\u00e1 vagas imediatas previstas. A validade do certame ser\u00e1 de dois anos, prorrog\u00e1vel por mais dois, per\u00edodo durante o qual os aprovados poder\u00e3o ser convocados conforme a necessidade do \u00f3rg\u00e3o.<\/p>\n\n\n\n<p>A seguir, veja todos os cargos e especialidades ofertados no concurso TRF4:<\/p>\n\n\n\n<h3 class=\"wp-block-heading\">Cargos de Analista Judici\u00e1rio<\/h3>\n\n\n\n<p><strong>\u00c1rea Judici\u00e1ria<\/strong><\/p>\n\n\n\n<ul class=\"wp-block-list\">\n<li><a href=\"https:\/\/www.apostilasopcao.com.br\/apostila\/trf-4-analista-judiciario-area-jud-oficial-justica-avaliador-federal\">\u00c1rea Judici\u00e1ria<\/a><\/li>\n\n\n\n<li>Oficial de Justi\u00e7a Avaliador Federal<\/li>\n<\/ul>\n\n\n\n<p><strong>Apoio Especializado<\/strong><\/p>\n\n\n\n<ul class=\"wp-block-list\">\n<li>An\u00e1lise de Sistemas de Informa\u00e7\u00e3o<\/li>\n\n\n\n<li>Governan\u00e7a e Gest\u00e3o de TI<\/li>\n\n\n\n<li>Seguran\u00e7a da Informa\u00e7\u00e3o<\/li>\n\n\n\n<li>Suporte em Tecnologia da Informa\u00e7\u00e3o<\/li>\n\n\n\n<li><a href=\"https:\/\/www.apostilasopcao.com.br\/apostila\/trf-4-analista-judiciario-contabilidade\">Contabilidade<\/a><\/li>\n\n\n\n<li>Engenharia Mec\u00e2nica<\/li>\n\n\n\n<li>Engenharia Civil<\/li>\n\n\n\n<li>Engenharia El\u00e9trica<\/li>\n\n\n\n<li>Psicologia<\/li>\n\n\n\n<li>Medicina (do Trabalho)<\/li>\n\n\n\n<li>Medicina (Cardiologia)<\/li>\n\n\n\n<li><a href=\"https:\/\/www.apostilasopcao.com.br\/apostila\/trf-4-analista-judiciario-enfermagem\">Enfermagem<\/a><\/li>\n\n\n\n<li><a href=\"https:\/\/www.apostilasopcao.com.br\/apostila\/trf-4-analista-judiciario-servico-social\">Servi\u00e7o Social<\/a><\/li>\n\n\n\n<li>Arquitetura<\/li>\n\n\n\n<li>Biblioteconomia<\/li>\n<\/ul>\n\n\n\n<h3 class=\"wp-block-heading\">Cargos de T\u00e9cnico Judici\u00e1rio<\/h3>\n\n\n\n<p><strong>\u00c1rea Administrativa<\/strong><\/p>\n\n\n\n<ul class=\"wp-block-list\">\n<li><a href=\"https:\/\/www.apostilasopcao.com.br\/apostila\/trf-4-tecnico-judiciario-administrativa\">\u00c1rea Administrativa<\/a><\/li>\n\n\n\n<li>Agente da Pol\u00edcia Judicial<\/li>\n<\/ul>\n\n\n\n<p><strong>Apoio Especializado<\/strong><\/p>\n\n\n\n<ul class=\"wp-block-list\">\n<li>Desenvolvimento de Sistemas de Informa\u00e7\u00e3o<\/li>\n\n\n\n<li>Suporte T\u00e9cnico<\/li>\n\n\n\n<li>Edifica\u00e7\u00f5es<\/li>\n\n\n\n<li><a href=\"https:\/\/www.apostilasopcao.com.br\/apostila\/trf-4-tecnico-judiciario-contabilidade\">Contabilidade<\/a><\/li>\n<\/ul>\n\n\n\n<h2 class=\"wp-block-heading\">Sal\u00e1rios e benef\u00edcios do concurso TRF4<\/h2>\n\n\n\n<p>Os sal\u00e1rios ofertados no concurso TRF4 s\u00e3o bastante atrativos e j\u00e1 incluem gratifica\u00e7\u00f5es e benef\u00edcios. Confira a seguir os sal\u00e1rios iniciais:<\/p>\n\n\n\n<ul class=\"wp-block-list\">\n<li>T\u00e9cnico Judici\u00e1rio \u2013 \u00c1rea Administrativa: <strong>R$10.836,93<\/strong> (R$9.052,51 de vencimento base + R$1.784,42 de aux\u00edlio-alimenta\u00e7\u00e3o)<\/li>\n\n\n\n<li>T\u00e9cnico Judici\u00e1rio \u2013 Pol\u00edcia Judicial: <strong>R$12.157,09<\/strong> (R$9.052,51 de vencimento base + R$1.784,42 de aux\u00edlio-alimenta\u00e7\u00e3o + R$1.320,16 de Gratifica\u00e7\u00e3o de Atividades de Seguran\u00e7a)<\/li>\n\n\n\n<li>Analista Judici\u00e1rio \u2013 Geral: <strong>R$16.637,08<\/strong> (R$14.852,66 de vencimento base + R$1.784,42 de aux\u00edlio-alimenta\u00e7\u00e3o)<\/li>\n\n\n\n<li>Analista Judici\u00e1rio \u2013 Oficial de Justi\u00e7a: <strong>R$18.803,09<\/strong> (R$14.852,66 de vencimento base + R$1.784,42 de aux\u00edlio-alimenta\u00e7\u00e3o + R$2.166,01 de Gratifica\u00e7\u00e3o de Atividade Externa)<\/li>\n<\/ul>\n\n\n\n<h2 class=\"wp-block-heading\">Requisitos para participar<\/h2>\n\n\n\n<p>Os requisitos acad\u00eamicos para cada cargo ofertado no concurso TRF4, s\u00e3o:<\/p>\n\n\n\n<p><strong>T\u00e9cnico Judici\u00e1rio<\/strong><\/p>\n\n\n\n<figure style=\"font-size:15px\" class=\"wp-block-table\"><table class=\"has-fixed-layout\"><thead><tr><th>Cargo<\/th><th>Requisitos<\/th><\/tr><\/thead><tbody><tr><td>T\u00e9cnico Judici\u00e1rio \u2013 \u00c1rea Administrativa<\/td><td>Gradua\u00e7\u00e3o em qualquer \u00e1rea<\/td><\/tr><tr><td>T\u00e9cnico Judici\u00e1rio \u2013 \u00c1rea Administrativa \/ Agente da Pol\u00edcia Judicial<\/td><td>Gradua\u00e7\u00e3o em qualquer \u00e1rea + CNH categoria D<\/td><\/tr><tr><td>T\u00e9cnico Judici\u00e1rio \u2013 Apoio Especializado \/ Desenvolvimento de Sistemas de Informa\u00e7\u00e3o<\/td><td>Curso superior na \u00e1rea de Tecnologia da Informa\u00e7\u00e3o<\/td><\/tr><tr><td>T\u00e9cnico Judici\u00e1rio \u2013 Apoio Especializado \/ Suporte T\u00e9cnico<\/td><td>Curso superior na \u00e1rea de TI ou \u00e1reas afins<\/td><\/tr><tr><td>T\u00e9cnico Judici\u00e1rio \u2013 Apoio Especializado \/ Edifica\u00e7\u00f5es<\/td><td>Curso superior na \u00e1rea de Constru\u00e7\u00e3o Civil ou Edifica\u00e7\u00f5es<\/td><\/tr><tr><td>T\u00e9cnico Judici\u00e1rio \u2013 Apoio Especializado \/ Contabilidade<\/td><td>Curso superior em Ci\u00eancias Cont\u00e1beis<\/td><\/tr><\/tbody><\/table><\/figure>\n\n\n\n<p><strong>Analista Judici\u00e1rio<\/strong><\/p>\n\n\n\n<figure style=\"font-size:16px\" class=\"wp-block-table\"><table class=\"has-fixed-layout\"><thead><tr><th>Cargo<\/th><th>Requisitos<\/th><\/tr><\/thead><tbody><tr><td>Analista Judici\u00e1rio \u2013 \u00c1rea Judici\u00e1ria<\/td><td>Gradua\u00e7\u00e3o em Direito<\/td><\/tr><tr><td>Analista Judici\u00e1rio \u2013 \u00c1rea Judici\u00e1ria \/ Oficial de Justi\u00e7a Avaliador Federal<\/td><td>Gradua\u00e7\u00e3o em Direito<\/td><\/tr><tr><td>Analista Judici\u00e1rio \u2013 Apoio Especializado \/ An\u00e1lise de Sistemas de Informa\u00e7\u00e3o<\/td><td>Gradua\u00e7\u00e3o na \u00e1rea de Tecnologia da Informa\u00e7\u00e3o<\/td><\/tr><tr><td>Analista Judici\u00e1rio \u2013 Apoio Especializado \/ Governan\u00e7a e Gest\u00e3o de TI<\/td><td>Gradua\u00e7\u00e3o em TI ou Administra\u00e7\u00e3o com \u00eanfase em TI<\/td><\/tr><tr><td>Analista Judici\u00e1rio \u2013 Apoio Especializado \/ Seguran\u00e7a da Informa\u00e7\u00e3o<\/td><td>Gradua\u00e7\u00e3o em \u00e1rea de TI<\/td><\/tr><tr><td>Analista Judici\u00e1rio \u2013 Apoio Especializado \/ Suporte em Tecnologia da Informa\u00e7\u00e3o<\/td><td>Gradua\u00e7\u00e3o em \u00e1rea de TI<\/td><\/tr><tr><td>Analista Judici\u00e1rio \u2013 Apoio Especializado \/ Contabilidade<\/td><td>Gradua\u00e7\u00e3o em Ci\u00eancias Cont\u00e1beis<\/td><\/tr><tr><td>Analista Judici\u00e1rio \u2013 Apoio Especializado \/ Engenharia Mec\u00e2nica<\/td><td>Gradua\u00e7\u00e3o em Engenharia Mec\u00e2nica<\/td><\/tr><tr><td>Analista Judici\u00e1rio \u2013 Apoio Especializado \/ Engenharia Civil<\/td><td>Gradua\u00e7\u00e3o em Engenharia Civil<\/td><\/tr><tr><td>Analista Judici\u00e1rio \u2013 Apoio Especializado \/ Engenharia El\u00e9trica<\/td><td>Gradua\u00e7\u00e3o em Engenharia El\u00e9trica<\/td><\/tr><tr><td>Analista Judici\u00e1rio \u2013 Apoio Especializado \/ Psicologia<\/td><td>Gradua\u00e7\u00e3o em Psicologia + registro no conselho competente<\/td><\/tr><tr><td>Analista Judici\u00e1rio \u2013 Apoio Especializado \/ Medicina (do Trabalho)<\/td><td>Gradua\u00e7\u00e3o em Medicina + especializa\u00e7\u00e3o em Medicina do Trabalho + CRM<\/td><\/tr><tr><td>Analista Judici\u00e1rio \u2013 Apoio Especializado \/ Medicina (Cardiologia)<\/td><td>Gradua\u00e7\u00e3o em Medicina + especializa\u00e7\u00e3o em Cardiologia + CRM<\/td><\/tr><tr><td>Analista Judici\u00e1rio \u2013 Apoio Especializado \/ Enfermagem<\/td><td>Gradua\u00e7\u00e3o em Enfermagem + registro no conselho competente<\/td><\/tr><tr><td>Analista Judici\u00e1rio \u2013 Apoio Especializado \/ Servi\u00e7o Social<\/td><td>Gradua\u00e7\u00e3o em Servi\u00e7o Social + registro no conselho competente<\/td><\/tr><tr><td>Analista Judici\u00e1rio \u2013 Apoio Especializado \/ Arquitetura<\/td><td>Gradua\u00e7\u00e3o em Arquitetura + registro no conselho competente<\/td><\/tr><tr><td>Analista Judici\u00e1rio \u2013 Apoio Especializado \/ Biblioteconomia<\/td><td>Gradua\u00e7\u00e3o em Biblioteconomia + registro no conselho competente<\/td><\/tr><\/tbody><\/table><\/figure>\n\n\n\n<p>Al\u00e9m dos requisitos espec\u00edficos, o candidato precisa comprovar:<\/p>\n\n\n\n<ul class=\"wp-block-list\">\n<li>Nacionalidade brasileira ou portuguesa (com reconhecimento de igualdade);<\/li>\n\n\n\n<li>Idade m\u00ednima de 18 anos completos;<\/li>\n\n\n\n<li>Estar em dia com as obriga\u00e7\u00f5es eleitorais e militares;<\/li>\n\n\n\n<li>Aptid\u00e3o f\u00edsica e mental para o exerc\u00edcio do cargo.<\/li>\n<\/ul>\n\n\n\n<p>No caso do cargo de Agente da Pol\u00edcia Judicial, \u00e9 obrigat\u00f3rio possuir CNH na categoria \u201cB\u201d ou superior.<\/p>\n\n\n\n<h2 class=\"wp-block-heading\">Etapas do concurso TRF4<\/h2>\n\n\n\n<p>O concurso TRF4 ser\u00e1 composto pelas seguintes fases:<\/p>\n\n\n\n<ul class=\"wp-block-list\">\n<li>Prova objetiva (todos os cargos)<\/li>\n\n\n\n<li>Prova discursiva (todos os cargos)\n<ul class=\"wp-block-list\">\n<li>Estudo de caso (todos os cargos, exceto T\u00e9cnico Judici\u00e1rio \u2013 \u00c1rea Administrativa)<\/li>\n\n\n\n<li>Reda\u00e7\u00e3o (somente T\u00e9cnico Judici\u00e1rio \u2013 \u00c1rea Administrativa)<\/li>\n<\/ul>\n<\/li>\n\n\n\n<li>Teste de Aptid\u00e3o F\u00edsica (somente T\u00e9cnico Judici\u00e1rio \u2013 Agente da Pol\u00edcia Judicial)<\/li>\n<\/ul>\n\n\n\n<p>Al\u00e9m das fases de avalia\u00e7\u00e3o biopsicossocial e o procedimento de heteroidentifica\u00e7\u00e3o.<\/p>\n\n\n\n<h3 class=\"wp-block-heading\">Prova Objetiva<\/h3>\n\n\n\n<p>As provas acontecer\u00e3o no dia <strong>13 de julho de 2025<\/strong> nas seguintes cidades:<\/p>\n\n\n\n<ul class=\"wp-block-list\">\n<li><strong>Rio Grande do Sul<\/strong>: Porto Alegre, Canoas, Caxias do Sul, Iju\u00ed, Santa Maria e Uruguaiana<\/li>\n\n\n\n<li><strong>Santa Catarina<\/strong>: Florian\u00f3polis, Chapec\u00f3, Itaja\u00ed e Rio do Sul<\/li>\n\n\n\n<li><strong>Paran\u00e1<\/strong>: Curitiba, Cascavel, Maring\u00e1 e Guarapuava<\/li>\n<\/ul>\n\n\n\n<p>Os cargos de T\u00e9cnico Judici\u00e1rio far\u00e3o a prova pela manh\u00e3, e os de Analista Judici\u00e1rio, \u00e0 tarde.<\/p>\n\n\n\n<p>Todos os candidatos far\u00e3o prova objetiva, de car\u00e1ter eliminat\u00f3rio e classificat\u00f3rio, com 50 quest\u00f5es de m\u00faltipla escolha, sendo 20 de conhecimentos gerais e 30 de conhecimentos espec\u00edficos, com as disciplinas variando conforme o cargo.<\/p>\n\n\n<div class=\"wp-block-image\">\n<figure class=\"aligncenter size-full\"><img loading=\"lazy\" decoding=\"async\" width=\"751\" height=\"151\" src=\"https:\/\/www.apostilasopcao.com.br\/blog\/wp-content\/uploads\/2025\/04\/Provas.webp\" alt=\"Informa\u00e7\u00f5es sobre a prova objetiva do concurso TRF4\" class=\"wp-image-439\" srcset=\"https:\/\/www.apostilasopcao.com.br\/blog\/wp-content\/uploads\/2025\/04\/Provas.webp 751w, https:\/\/www.apostilasopcao.com.br\/blog\/wp-content\/uploads\/2025\/04\/Provas-300x60.webp 300w\" sizes=\"auto, (max-width: 751px) 100vw, 751px\" \/><figcaption class=\"wp-element-caption\"><em>Informa\u00e7\u00f5es sobre a prova objetiva do concurso TRF4!<\/em><\/figcaption><\/figure>\n<\/div>\n\n\n<h3 class=\"wp-block-heading\">Prova Discursiva<\/h3>\n\n\n\n<p>A prova discursiva do concurso TRF4 ser\u00e1 aplicada a todos os candidatos, mas varia conforme o cargo. Para o cargo de <a href=\"https:\/\/www.apostilasopcao.com.br\/curso-online\/curso-trf-4-regiao-tecnico-judiciario-administrativa-especialidade\">T\u00e9cnico Judici\u00e1rio \u2013 \u00c1rea Administrativa<\/a>, a avalia\u00e7\u00e3o ser\u00e1 por meio de uma reda\u00e7\u00e3o dissertativa sobre um tema de interesse geral.<\/p>\n\n\n\n<p>J\u00e1 para os demais cargos, tanto de T\u00e9cnico quanto de Analista, ser\u00e1 exigido o desenvolvimento de um estudo de caso, que tem como objetivo avaliar o dom\u00ednio dos conte\u00fados espec\u00edficos, a experi\u00eancia do candidato e sua adequa\u00e7\u00e3o \u00e0s atividades do cargo.<\/p>\n\n\n\n<p>No caso de Analista Judici\u00e1rio \u2013 \u00c1rea Judici\u00e1ria, os temas do estudo de caso ser\u00e3o voltados para Direito Administrativo e\/ou Direito Previdenci\u00e1rio. Para a especialidade de Oficial de Justi\u00e7a Avaliador Federal, a prova discursiva abordar\u00e1 assuntos de Direito Processual Civil e\/ou Direito Processual Penal.<\/p>\n\n\n\n<h3 class=\"wp-block-heading\">Teste de Aptid\u00e3o F\u00edsica (TAF)<\/h3>\n\n\n\n<p>O TAF ser\u00e1 aplicado apenas para o cargo de <a href=\"https:\/\/www.apostilasopcao.com.br\/apostila\/trf-4-tecnico-judiciario-agente-policia-judicial\">T\u00e9cnico \u2013 Agente da Pol\u00edcia Judicial<\/a> e ser\u00e1 realizada no dia <strong>19 de outubro de 2025<\/strong>, nas cidades de Porto Alegre, Florian\u00f3polis e Curitiba.<\/p>\n\n\n\n<p>O TAF ser\u00e1 composto por:<\/p>\n\n\n\n<ul class=\"wp-block-list\">\n<li>Teste abdominal (homens e mulheres) &#8211; execu\u00e7\u00e3o em 1 minuto<\/li>\n\n\n\n<li>Flex\u00e3o na barra (homens)<\/li>\n\n\n\n<li>Barra est\u00e1tica (mulheres)<\/li>\n\n\n\n<li>Flex\u00e3o de bra\u00e7os com cotovelo a 90\u00ba (homens e mulheres)<\/li>\n\n\n\n<li>Corrida (homens e mulheres) &#8211; 12 minutos<\/li>\n<\/ul>\n\n\n\n<h3 class=\"wp-block-heading\">Avalia\u00e7\u00f5es complementares<\/h3>\n\n\n\n<p>Al\u00e9m das etapas acima, o concurso contar\u00e1 com uma avalia\u00e7\u00e3o biopsicossocial para candidatos com defici\u00eancia e procedimento de heteroidentifica\u00e7\u00e3o para candidatos que se autodeclararem negros.<\/p>\n\n\n\n<h2 class=\"wp-block-heading\">Dica Op\u00e7\u00e3o<\/h2>\n\n\n\n<p>Se o seu objetivo \u00e9 ser aprovado no concurso TRF4, ent\u00e3o \u00e9 hora de se dedicar de verdade. A jornada n\u00e3o \u00e9 f\u00e1cil, mas com os materiais certos, foco e disciplina, voc\u00ea tem tudo para alcan\u00e7ar essa conquista. Acredite no seu potencial e comece agora a sua prepara\u00e7\u00e3o com quem quer ver voc\u00ea vencer!<\/p>\n\n\n\n<p>Confira: <a href=\"https:\/\/www.apostilasopcao.com.br\/apostila\/trf-4-tecnico-judiciario-administrativa\">Apostila TRF-4 2025 &#8211; T\u00e9cnico Judici\u00e1rio &#8211; Administrativa<\/a><\/p>\n","protected":false},"excerpt":{"rendered":"<p>As inscri\u00e7\u00f5es para o concurso TRF4 ser\u00e3o abertas a partir do dia 14 de abril!<\/p>\n","protected":false},"author":5,"featured_media":440,"comment_status":"closed","ping_status":"closed","sticky":false,"template":"","format":"standard","meta":{"_acf_changed":false,"breadcrumbs_single_post":"","page_title_panel":"","breadcrumbs_single_page":"","single_page_alignment":"","single_page_margin":"","page_structure_type":"","content_style_source":"","content_style":"","blog_post_streched_ed":"","blog_page_streched_ed":"","has_transparent_header":"","disable_transparent_header":"","vertical_spacing_source":"","content_area_spacing":"","single_post_content_background":"","single_page_content_background":"","single_post_boxed_content_spacing":"","single_page_boxed_content_spacing":"","single_post_content_boxed_radius":"","single_page_content_boxed_radius":"","disable_featured_image":"","disable_post_tags":"","disable_author_box":"","disable_posts_navigation":"","disable_comments":"","disable_related_posts":"","disable_header":"","disable_footer":"","footnotes":""},"categories":[23,28,29,4],"tags":[104],"class_list":["post-438","post","type-post","status-publish","format-standard","has-post-thumbnail","hentry","category-pr","category-rs","category-sc","category-noticias","tag-concurso-trf4","rishi-post"],"acf":{"data_prova":"20250713","status":false},"_links":{"self":[{"href":"https:\/\/www.apostilasopcao.com.br\/blog\/wp-json\/wp\/v2\/posts\/438","targetHints":{"allow":["GET"]}}],"collection":[{"href":"https:\/\/www.apostilasopcao.com.br\/blog\/wp-json\/wp\/v2\/posts"}],"about":[{"href":"https:\/\/www.apostilasopcao.com.br\/blog\/wp-json\/wp\/v2\/types\/post"}],"author":[{"embeddable":true,"href":"https:\/\/www.apostilasopcao.com.br\/blog\/wp-json\/wp\/v2\/users\/5"}],"replies":[{"embeddable":true,"href":"https:\/\/www.apostilasopcao.com.br\/blog\/wp-json\/wp\/v2\/comments?post=438"}],"version-history":[{"count":5,"href":"https:\/\/www.apostilasopcao.com.br\/blog\/wp-json\/wp\/v2\/posts\/438\/revisions"}],"predecessor-version":[{"id":635,"href":"https:\/\/www.apostilasopcao.com.br\/blog\/wp-json\/wp\/v2\/posts\/438\/revisions\/635"}],"wp:featuredmedia":[{"embeddable":true,"href":"https:\/\/www.apostilasopcao.com.br\/blog\/wp-json\/wp\/v2\/media\/440"}],"wp:attachment":[{"href":"https:\/\/www.apostilasopcao.com.br\/blog\/wp-json\/wp\/v2\/media?parent=438"}],"wp:term":[{"taxonomy":"category","embeddable":true,"href":"https:\/\/www.apostilasopcao.com.br\/blog\/wp-json\/wp\/v2\/categories?post=438"},{"taxonomy":"post_tag","embeddable":true,"href":"https:\/\/www.apostilasopcao.com.br\/blog\/wp-json\/wp\/v2\/tags?post=438"}],"curies":[{"name":"wp","href":"https:\/\/api.w.org\/{rel}","templated":true}]}}