{"id":4413,"date":"2025-10-13T12:44:12","date_gmt":"2025-10-13T15:44:12","guid":{"rendered":"https:\/\/www.apostilasopcao.com.br\/blog\/?p=4413"},"modified":"2025-10-13T12:49:48","modified_gmt":"2025-10-13T15:49:48","slug":"prefeitura-de-curitiba-pr","status":"publish","type":"post","link":"https:\/\/www.apostilasopcao.com.br\/blog\/prefeitura-de-curitiba-pr\/","title":{"rendered":"Concurso Guarda de Curitiba: Saiu edital com 100 vagas de n\u00edvel m\u00e9dio!"},"content":{"rendered":"\n<p>O edital do <a href=\"https:\/\/www.apostilasopcao.com.br\/concurso\/prefeitura-de-curitiba-pr\">Concurso Guarda de Curitiba<\/a> foi publicado! S\u00e3o ofertadas <strong>100 vagas <\/strong>para o cargo de<strong> Guarda Civil Municipal, <\/strong>de <strong>n\u00edvel m\u00e9dio.<\/strong> A remunera\u00e7\u00e3o inicial \u00e9 de <strong>R$2.671,14, <\/strong>que com os benef\u00edcios oferecidos se acumula em aproximadamente <strong>R$4 mil<\/strong>. Se interessou? Confira os detalhes!<\/p>\n\n\n\n<h2 class=\"wp-block-heading\">Resumo do edital<\/h2>\n\n\n\n<ul class=\"wp-block-list\">\n<li><strong>Vagas: <\/strong>100<\/li>\n\n\n\n<li><strong>Inscri\u00e7\u00f5es: <\/strong>27\/10\/2025 a 24\/11\/2025<\/li>\n\n\n\n<li><strong>Taxa de inscri\u00e7\u00e3o: <\/strong>R$120<\/li>\n\n\n\n<li><strong>Prova: <\/strong>01\/01\/2026<\/li>\n\n\n\n<li><strong>Banca: <\/strong>Instituto AOCP<\/li>\n\n\n\n<li><a href=\"https:\/\/www.apostilasopcao.com.br\/blog\/wp-content\/uploads\/2025\/10\/edital-gcm.pdf\" target=\"_blank\" rel=\"noreferrer noopener\">Baixe o edital<\/a><\/li>\n<\/ul>\n\n\n\n<h2 class=\"wp-block-heading\">Inscri\u00e7\u00f5es para o concurso Guarda de Curitiba<\/h2>\n\n\n\n<p>As inscri\u00e7\u00f5es para o concurso Guarda de Curitiba dever\u00e3o ser realizadas exclusivamente pela internet, no site do <a href=\"https:\/\/www.institutoaocp.org.br\/concursos\/669\" target=\"_blank\" rel=\"noreferrer noopener\">Instituto AOCP,<\/a> entre os dias <strong>27 de outubro<\/strong> e<strong> 24 de novembro de 2025<\/strong>.<\/p>\n\n\n\n<p>Para participar, o candidato deve seguir este passo a passo:<\/p>\n\n\n\n<ul class=\"wp-block-list\">\n<li>Acesse o site do Instituto AOCP;<\/li>\n\n\n\n<li>Encontre o link do concurso Guarda de Curitiba;<\/li>\n\n\n\n<li>Leia atentamente o edital completo;<\/li>\n\n\n\n<li>Preencha corretamente o formul\u00e1rio de inscri\u00e7\u00e3o;<\/li>\n\n\n\n<li>Gere o boleto banc\u00e1rio e realize o pagamento da taxa at\u00e9 o dia <strong>24 de novembro de 2025<\/strong>.<\/li>\n<\/ul>\n\n\n\n<p>A taxa de inscri\u00e7\u00e3o \u00e9 de <strong>R$120,00<\/strong> e deve ser paga dentro do prazo estabelecido. <\/p>\n\n\n\n<h3 class=\"wp-block-heading\">Isen\u00e7\u00e3o da taxa<\/h3>\n\n\n\n<p>Ser\u00e1 poss\u00edvel solicitar isen\u00e7\u00e3o da taxa de inscri\u00e7\u00e3o do concurso Guarda de Curitiba entre os dias <strong>27 de outubro<\/strong> e <strong>3 de novembro de 2025<\/strong>, pelo mesmo site do Instituto AOCP.<\/p>\n\n\n\n<p>Ter\u00e3o direito \u00e0 isen\u00e7\u00e3o:<\/p>\n\n\n\n<ul class=\"wp-block-list\">\n<li>Candidatos inscritos no Cad\u00danico e pertencentes a fam\u00edlias de baixa renda, conforme o Decreto Federal n\u00ba 11.016\/2022;<\/li>\n\n\n\n<li>Doadores de sangue, de acordo com a Lei Municipal n\u00ba 9.818\/2000, que comprovem ao menos uma doa\u00e7\u00e3o nos dois anos anteriores \u00e0 publica\u00e7\u00e3o do edital.<\/li>\n<\/ul>\n\n\n\n<p>Para solicitar, o candidato deve preencher o formul\u00e1rio espec\u00edfico e anexar a documenta\u00e7\u00e3o exigida (nos formatos PDF, JPG, JPEG ou PNG) dentro do prazo.<\/p>\n\n\n\n<h2 class=\"wp-block-heading\">Cargos, vagas e sal\u00e1rios <\/h2>\n\n\n\n<p>O concurso Guarda de Curitiba oferece 100 vagas imediatas para o cargo de <a href=\"https:\/\/www.apostilasopcao.com.br\/curso-online\/curso-prefeitura-curitiba-pr-guarda-civil-municipal\">Guarda Municipal,<\/a> com exig\u00eancia de <strong>ensino m\u00e9dio completo<\/strong> e jornada de 40 horas semanais.<\/p>\n\n\n\n<p>As oportunidades est\u00e3o distribu\u00eddas da seguinte forma:<\/p>\n\n\n\n<ul class=\"wp-block-list\">\n<li>83 vagas para ampla concorr\u00eancia;<\/li>\n\n\n\n<li>5 vagas para pessoas com defici\u00eancia (PcD);<\/li>\n\n\n\n<li>12 vagas para candidatos negros ou ind\u00edgenas.<\/li>\n<\/ul>\n\n\n\n<p>O sal\u00e1rio inicial \u00e9 de <strong>R$4.006,71<\/strong>, composto por:<\/p>\n\n\n\n<ul class=\"wp-block-list\">\n<li><strong>Vencimento b\u00e1sico:<\/strong> R$2.671,14;<\/li>\n\n\n\n<li><strong>Gratifica\u00e7\u00e3o de Seguran\u00e7a:<\/strong> 50% do vencimento b\u00e1sico (R$ 1.335,57), paga ap\u00f3s a conclus\u00e3o do Curso de Forma\u00e7\u00e3o T\u00e9cnico-Profissional.<\/li>\n<\/ul>\n\n\n\n<p>Al\u00e9m da remunera\u00e7\u00e3o, os guardas municipais recebem aux\u00edlio-transporte, aux\u00edlio-alimenta\u00e7\u00e3o, plano de sa\u00fade do ICS, previd\u00eancia complementar e seguro de vida em grupo.<\/p>\n\n\n\n<p><strong>Materiais preparat\u00f3rios para o concurso\u00a0Guarda de Curitiba!<\/strong>\u00a0<strong><a href=\"https:\/\/www.apostilasopcao.com.br\/concurso\/prefeitura-de-curitiba-pr\">Comece a se preparar!<\/a><\/strong><\/p>\n\n\n\n<h2 class=\"wp-block-heading\">Atribui\u00e7\u00f5es do cargo<\/h2>\n\n\n\n<p>O cargo de Guarda Municipal de Curitiba integra a Carreira da Guarda Municipal, vinculada \u00e0 Secretaria Municipal de Defesa Social e Tr\u00e2nsito (SMDT), com carga hor\u00e1ria semanal de 40 horas.<\/p>\n\n\n\n<p>As atividades t\u00eam como foco a execu\u00e7\u00e3o do policiamento ostensivo, preventivo, uniformizado e armado, voltado \u00e0 prote\u00e7\u00e3o da popula\u00e7\u00e3o, dos bens e dos servi\u00e7os p\u00fablicos do munic\u00edpio.<\/p>\n\n\n\n<p>Confira as atribui\u00e7\u00f5es espec\u00edficas da Classe Inicial:<\/p>\n\n\n\n<ul class=\"wp-block-list\">\n<li>Realizar policiamento preventivo, a p\u00e9 ou motorizado, em vias, pra\u00e7as e pr\u00e9dios p\u00fablicos;<\/li>\n\n\n\n<li>Executar a guarda e seguran\u00e7a do patrim\u00f4nio municipal, prevenindo il\u00edcitos e mantendo a ordem urbana;<\/li>\n\n\n\n<li>Cumprir escalas e ordens superiores, conforme as diretrizes da administra\u00e7\u00e3o;<\/li>\n\n\n\n<li>Apoiar a\u00e7\u00f5es de fiscaliza\u00e7\u00e3o e assegurar o funcionamento dos servi\u00e7os p\u00fablicos;<\/li>\n\n\n\n<li>Operar equipamentos tecnol\u00f3gicos, como c\u00e2meras corporais, sistemas de videomonitoramento e drones;<\/li>\n\n\n\n<li>Conduzir ve\u00edculos oficiais da Guarda Municipal, observando normas de tr\u00e2nsito e seguran\u00e7a;<\/li>\n\n\n\n<li>Preservar locais de crime e acionar os \u00f3rg\u00e3os competentes em situa\u00e7\u00f5es de emerg\u00eancia;<\/li>\n\n\n\n<li>Elaborar relat\u00f3rios e registros de ocorr\u00eancias durante o servi\u00e7o;<\/li>\n\n\n\n<li>Atuar em a\u00e7\u00f5es preventivas, educativas e de cidadania junto \u00e0 comunidade;<\/li>\n\n\n\n<li>Colaborar com a Defesa Civil e demais \u00f3rg\u00e3os p\u00fablicos em ocorr\u00eancias emergenciais;<\/li>\n\n\n\n<li>Exercer compet\u00eancias de tr\u00e2nsito conforme o C\u00f3digo de Tr\u00e2nsito Brasileiro;<\/li>\n\n\n\n<li>Apoiar o atendimento a pessoas em situa\u00e7\u00e3o de vulnerabilidade social.<\/li>\n<\/ul>\n\n\n\n<p>Para as classes subsequentes, as atribui\u00e7\u00f5es adicionais s\u00e3o:<\/p>\n\n\n\n<ul class=\"wp-block-list\">\n<li>3\u00aa Classe: preencher relat\u00f3rios administrativos e registros de ocorr\u00eancias;<\/li>\n\n\n\n<li>2\u00aa Classe: atuar como apoio operacional nas viaturas;<\/li>\n\n\n\n<li>1\u00aa Classe: liderar equipes de trabalho, quando designado.<\/li>\n<\/ul>\n\n\n\n<h2 class=\"wp-block-heading\">Requisitos do concurso Guarda de Curitiba<\/h2>\n\n\n\n<p>Para investidura do cargo do concurso Guarda de Curitiba, \u00e9 necess\u00e1rio que o candidato atenda aos seguintes requisitos b\u00e1sicos:<\/p>\n\n\n\n<ul class=\"wp-block-list\">\n<li>ser brasileiro nato, naturalizado ou, no caso de nacionalidade portuguesa, estar amparado pelo Estatuto de Igualdade entre brasileiros e portugueses, com reconhecimento do gozo dos direitos pol\u00edticos, nos termos do \u00a71\u00ba, do artigo 12, da Constitui\u00e7\u00e3o Federal;<\/li>\n\n\n\n<li>ter idade m\u00ednima de 18 (dezoito) anos completos e m\u00e1xima de 74 anos at\u00e9 a data da posse, em virtude do disposto na Lei Complementar Municipal n\u00ba133, 15 de dezembro de 2021;<\/li>\n\n\n\n<li>possuir a escolaridade exigida para o cargo, no ato da posse;<\/li>\n\n\n\n<li>estar em pleno gozo dos direitos pol\u00edticos;<\/li>\n\n\n\n<li>estar em dia com as obriga\u00e7\u00f5es do servi\u00e7o militar, se do sexo masculino;<\/li>\n\n\n\n<li>n\u00e3o ser titular ou aposentado de cargo, emprego ou fun\u00e7\u00e3o p\u00fablica (federal, estadual e municipal) inacumul\u00e1veis nos termos do artigo 37, incisos XVI e XVII e \u00a710, bem como do artigo 40, \u00a76\u00ba, da Constitui\u00e7\u00e3o;<\/li>\n\n\n\n<li>ter se submetido ao esquema vacinal completo contra o novo Coronav\u00edrus (COVID-19), com cumprimento integral do prazo de imuniza\u00e7\u00e3o orientado no ato da aplica\u00e7\u00e3o da vacina, salvo com apresenta\u00e7\u00e3o de justificativa m\u00e9dica ratificada pela Per\u00edcia M\u00e9dica da Administra\u00e7\u00e3o Municipal, conforme, letra \u201cm\u201d do subitem 20.5, consoante Lei Federal n\u00ba13.979, de 6 de fevereiro de 2020 e Decreto Municipal n\u00ba1.380, de 25 de agosto de 2021.<\/li>\n<\/ul>\n\n\n\n<h2 class=\"wp-block-heading\">Etapas de sele\u00e7\u00e3o<\/h2>\n\n\n\n<p>Os candidatos do concurso Guarda de Curitiba ser\u00e3o avaliados em 6 fases, que t\u00eam o objetivo de selecionar os profissionais mais preparados para o cargo. S\u00e3o elas:<\/p>\n\n\n\n<ul class=\"wp-block-list\">\n<li>Prova objetiva \u2013 car\u00e1ter eliminat\u00f3rio e classificat\u00f3rio;<\/li>\n\n\n\n<li>Prova de aptid\u00e3o f\u00edsica \u2013 car\u00e1ter eliminat\u00f3rio;<\/li>\n\n\n\n<li>Investiga\u00e7\u00e3o social \u2013 car\u00e1ter eliminat\u00f3rio;<\/li>\n\n\n\n<li>Avalia\u00e7\u00e3o psicol\u00f3gica \u2013 car\u00e1ter eliminat\u00f3rio;<\/li>\n\n\n\n<li>Entrega de documentos \u2013 car\u00e1ter eliminat\u00f3rio;<\/li>\n\n\n\n<li>Curso de forma\u00e7\u00e3o \u2013 car\u00e1ter eliminat\u00f3rio.<\/li>\n<\/ul>\n\n\n\n<h3 class=\"wp-block-heading\">Prova objetiva<\/h3>\n\n\n\n<p>A prova objetiva ser\u00e1 aplicada no dia <strong>18 de janeiro de 2026<\/strong> e ser\u00e1 composta por 40 quest\u00f5es de m\u00faltipla escolha, com cinco alternativas cada, sendo apenas uma correta. <\/p>\n\n\n\n<p>As disciplinas e a distribui\u00e7\u00e3o das quest\u00f5es s\u00e3o as seguintes:<\/p>\n\n\n\n<ul class=\"wp-block-list\">\n<li>L\u00edngua Portuguesa: 5 quest\u00f5es<\/li>\n\n\n\n<li>Racioc\u00ednio L\u00f3gico e Matem\u00e1tico: 5 quest\u00f5es<\/li>\n\n\n\n<li>No\u00e7\u00f5es de Inform\u00e1tica: 5 quest\u00f5es<\/li>\n\n\n\n<li>Hist\u00f3ria e Geografia de Curitiba: 5 quest\u00f5es<\/li>\n\n\n\n<li>No\u00e7\u00f5es de Direito (Constitucional, Administrativo, Penal e Processual Penal): 10 quest\u00f5es<\/li>\n\n\n\n<li>Legisla\u00e7\u00e3o: 10 quest\u00f5es<\/li>\n<\/ul>\n\n\n\n<p>O candidato dever\u00e1 alcan\u00e7ar, no m\u00ednimo, 50% de aproveitamento para n\u00e3o ser eliminado.<\/p>\n\n\n\n<h4 class=\"wp-block-heading\">Somos a melhor Op\u00e7\u00e3o<\/h4>\n\n\n\n<p>Voc\u00ea ir\u00e1 participar do concurso Guarda de Curitiba? Somos a melhor Op\u00e7\u00e3o! N\u00f3s contamos com diversos materiais preparat\u00f3rios alinhados e elaborados conforme o edital. Com mais de tr\u00eas d\u00e9cadas de candidatos aprovados, ajudaremos voc\u00ea tamb\u00e9m nesta longa jornada. N\u00e3o perca mais tempo e comece a estudar ainda hoje para o cargo que ir\u00e1 mudar a sua vida!<\/p>\n\n\n\n<ul class=\"wp-block-list\">\n<li><strong>Confira:\u00a0<a href=\"https:\/\/www.apostilasopcao.com.br\/concurso\/prefeitura-de-curitiba-pr\">Materiais preparat\u00f3rios para o concurso\u00a0Guarda de Curitiba!<\/a><\/strong><\/li>\n<\/ul>\n\n\n\n<h3 class=\"wp-block-heading\">Prova de aptid\u00e3o f\u00edsica<\/h3>\n\n\n\n<p>A prova f\u00edsica tem car\u00e1ter eliminat\u00f3rio e ser\u00e1 aplicada apenas aos candidatos aprovados e classificados dentro do limite previsto na etapa anterior:<\/p>\n\n\n<div class=\"wp-block-image\">\n<figure class=\"aligncenter size-full\"><img loading=\"lazy\" decoding=\"async\" width=\"629\" height=\"53\" src=\"https:\/\/www.apostilasopcao.com.br\/blog\/wp-content\/uploads\/2025\/09\/taf.webp\" alt=\"Convocados para o PAF do concurso Guarda de Curitiba\" class=\"wp-image-5290\" srcset=\"https:\/\/www.apostilasopcao.com.br\/blog\/wp-content\/uploads\/2025\/09\/taf.webp 629w, https:\/\/www.apostilasopcao.com.br\/blog\/wp-content\/uploads\/2025\/09\/taf-300x25.webp 300w\" sizes=\"auto, (max-width: 629px) 100vw, 629px\" \/><figcaption class=\"wp-element-caption\"><em>Convocados para o PAF do concurso Guarda de Curitiba!<\/em><\/figcaption><\/figure>\n<\/div>\n\n\n<p>Os testes incluem atividades voltadas \u00e0 resist\u00eancia, for\u00e7a e equil\u00edbrio, realizadas em um \u00fanico dia.<\/p>\n\n\n\n<p>Os exerc\u00edcios aplicados ser\u00e3o:<\/p>\n\n\n\n<ul class=\"wp-block-list\">\n<li>Corrida de 50 metros (ambos os sexos);<\/li>\n\n\n\n<li>Flex\u00e3o de bra\u00e7o na barra fixa (masculino);<\/li>\n\n\n\n<li>Teste est\u00e1tico de barra fixa (feminino);<\/li>\n\n\n\n<li>Salto \u00e0 dist\u00e2ncia (ambos os sexos);<\/li>\n\n\n\n<li>Equil\u00edbrio em superf\u00edcie estreita (ambos os sexos);<\/li>\n\n\n\n<li>Teste de L\u00e9ger (ambos os sexos).<\/li>\n<\/ul>\n\n\n\n<p>Para ser considerado apto no concurso Guarda de Curitiba, o candidato deve atingir os \u00edndices m\u00ednimos:<\/p>\n\n\n\n<figure class=\"wp-block-table\"><table class=\"has-fixed-layout\"><thead><tr><th>Teste<\/th><th>Feminino<\/th><th>Masculino<\/th><\/tr><\/thead><tbody><tr><td>Corrida de 50m<\/td><td>at\u00e9 8,5s<\/td><td>at\u00e9 7,5s<\/td><\/tr><tr><td>Barra Fixa<\/td><td>15 segundos<\/td><td>3 repeti\u00e7\u00f5es<\/td><\/tr><tr><td>Salto \u00e0 Dist\u00e2ncia<\/td><td>1,60m<\/td><td>1,80m<\/td><\/tr><tr><td>Equil\u00edbrio<\/td><td>5m em 1 minuto<\/td><td>5m em 1 minuto<\/td><\/tr><tr><td>L\u00e9ger<\/td><td>49 trajetos de 20m<\/td><td>59 trajetos de 20m<\/td><\/tr><\/tbody><\/table><\/figure>\n\n\n\n<h3 class=\"wp-block-heading\">Investiga\u00e7\u00e3o social<\/h3>\n\n\n\n<p>Essa etapa verifica a idoneidade moral e a conduta social dos candidatos aprovados nas fases anteriores. A an\u00e1lise \u00e9 feita com base em certid\u00f5es e documentos que comprovem comportamento adequado \u00e0 fun\u00e7\u00e3o p\u00fablica.<\/p>\n\n\n\n<p>Ser\u00e3o considerados fatores como antecedentes criminais, hist\u00f3ricos funcionais e registros civis. O candidato que n\u00e3o comprovar conduta irrepreens\u00edvel ser\u00e1 eliminado.<\/p>\n\n\n\n<h3 class=\"wp-block-heading\">Avalia\u00e7\u00e3o psicol\u00f3gica<\/h3>\n\n\n\n<p>A avalia\u00e7\u00e3o psicol\u00f3gica tem car\u00e1ter eliminat\u00f3rio e ser\u00e1 aplicada por profissionais credenciados, utilizando testes reconhecidos pelo Conselho Federal e pelo Conselho Regional de Psicologia.<\/p>\n\n\n\n<p>O objetivo \u00e9 identificar caracter\u00edsticas comportamentais e cognitivas compat\u00edveis com as atribui\u00e7\u00f5es do cargo. Entre os aspectos avaliados est\u00e3o:<\/p>\n\n\n\n<ul class=\"wp-block-list\">\n<li>controle emocional e estabilidade sob press\u00e3o;<\/li>\n\n\n\n<li>capacidade de decis\u00e3o e responsabilidade;<\/li>\n\n\n\n<li>trabalho em equipe e assertividade;<\/li>\n\n\n\n<li>aten\u00e7\u00e3o e racioc\u00ednio adequados ao desempenho da fun\u00e7\u00e3o;<\/li>\n\n\n\n<li>aptid\u00e3o cognitiva m\u00ednima exigida para o porte de arma.<\/li>\n<\/ul>\n\n\n\n<p>O candidato ser\u00e1 considerado recomendado ou n\u00e3o recomendado para o exerc\u00edcio do cargo, conforme o perfil psicol\u00f3gico esperado para a Guarda Municipal.<\/p>\n\n\n\n<p><strong>Quer ficar por dentro de tudo sobre o universo de concursos?\u00a0<a href=\"https:\/\/www.apostilasopcao.com.br\/blog\/noticias\/\">Confira as nossas not\u00edcias!<\/a><\/strong><\/p>\n","protected":false},"excerpt":{"rendered":"<p>O novo concurso Guarda de Curitiba est\u00e1 ofertando 100 vagas imediatas, de n\u00edvel m\u00e9dio, com remunera\u00e7\u00f5es iniciais de R$4 mil. Confira aqui!<\/p>\n","protected":false},"author":5,"featured_media":5291,"comment_status":"closed","ping_status":"closed","sticky":false,"template":"","format":"standard","meta":{"_acf_changed":false,"breadcrumbs_single_post":"","page_title_panel":"","breadcrumbs_single_page":"","single_page_alignment":"","single_page_margin":"","page_structure_type":"","content_style_source":"","content_style":"","blog_post_streched_ed":"","blog_page_streched_ed":"","has_transparent_header":"","disable_transparent_header":"","vertical_spacing_source":"","content_area_spacing":"","single_post_content_background":"","single_page_content_background":"","single_post_boxed_content_spacing":"","single_page_boxed_content_spacing":"","single_post_content_boxed_radius":"","single_page_content_boxed_radius":"","disable_featured_image":"","disable_post_tags":"","disable_author_box":"","disable_posts_navigation":"","disable_comments":"","disable_related_posts":"","disable_header":"","disable_footer":"","footnotes":""},"categories":[4,23],"tags":[412],"class_list":["post-4413","post","type-post","status-publish","format-standard","has-post-thumbnail","hentry","category-noticias","category-pr","tag-concurso-prefeitura-de-curitiba","rishi-post"],"acf":{"data_prova":"20260118","status":"aberto"},"_links":{"self":[{"href":"https:\/\/www.apostilasopcao.com.br\/blog\/wp-json\/wp\/v2\/posts\/4413","targetHints":{"allow":["GET"]}}],"collection":[{"href":"https:\/\/www.apostilasopcao.com.br\/blog\/wp-json\/wp\/v2\/posts"}],"about":[{"href":"https:\/\/www.apostilasopcao.com.br\/blog\/wp-json\/wp\/v2\/types\/post"}],"author":[{"embeddable":true,"href":"https:\/\/www.apostilasopcao.com.br\/blog\/wp-json\/wp\/v2\/users\/5"}],"replies":[{"embeddable":true,"href":"https:\/\/www.apostilasopcao.com.br\/blog\/wp-json\/wp\/v2\/comments?post=4413"}],"version-history":[{"count":3,"href":"https:\/\/www.apostilasopcao.com.br\/blog\/wp-json\/wp\/v2\/posts\/4413\/revisions"}],"predecessor-version":[{"id":5293,"href":"https:\/\/www.apostilasopcao.com.br\/blog\/wp-json\/wp\/v2\/posts\/4413\/revisions\/5293"}],"wp:featuredmedia":[{"embeddable":true,"href":"https:\/\/www.apostilasopcao.com.br\/blog\/wp-json\/wp\/v2\/media\/5291"}],"wp:attachment":[{"href":"https:\/\/www.apostilasopcao.com.br\/blog\/wp-json\/wp\/v2\/media?parent=4413"}],"wp:term":[{"taxonomy":"category","embeddable":true,"href":"https:\/\/www.apostilasopcao.com.br\/blog\/wp-json\/wp\/v2\/categories?post=4413"},{"taxonomy":"post_tag","embeddable":true,"href":"https:\/\/www.apostilasopcao.com.br\/blog\/wp-json\/wp\/v2\/tags?post=4413"}],"curies":[{"name":"wp","href":"https:\/\/api.w.org\/{rel}","templated":true}]}}