{"id":444,"date":"2025-04-09T09:27:33","date_gmt":"2025-04-09T12:27:33","guid":{"rendered":"https:\/\/www.apostilasopcao.com.br\/blog\/?p=444"},"modified":"2025-05-12T10:07:34","modified_gmt":"2025-05-12T13:07:34","slug":"see-pb","status":"publish","type":"post","link":"https:\/\/www.apostilasopcao.com.br\/blog\/see-pb\/","title":{"rendered":"Concurso SEE PB: Inscri\u00e7\u00f5es prorrogadas! 2.000 vagas na Educa\u00e7\u00e3o!"},"content":{"rendered":"\n<p>As inscri\u00e7\u00f5es do concurso SEE PB <a href=\"https:\/\/www.apostilasopcao.com.br\/concurso\/secretaria-de-estado-de-educacao-da-paraiba\">(Secretaria de Estado da Educa\u00e7\u00e3o da Para\u00edba)<\/a> foram prorrogadas at\u00e9 o dia <strong>22 de maio!<\/strong> Est\u00e3o sendo ofertadas <strong>2.000 vagas<\/strong> para o cargo de <strong>Professor de Educa\u00e7\u00e3o B\u00e1sica IV<\/strong>, com sal\u00e1rio inicial de <strong>R$6.944,09<\/strong>. A sele\u00e7\u00e3o \u00e9 voltada para profissionais com n\u00edvel superior em licenciatura plena nas \u00e1reas espec\u00edficas. Ficou interessado? N\u00e3o perca mais tempo e entenda tudo sobre esse edital!<\/p>\n\n\n\n<h2 class=\"wp-block-heading\">Resumo do edital<\/h2>\n\n\n\n<ul class=\"wp-block-list\">\n<li><strong>Vagas:<\/strong> 2000<\/li>\n\n\n\n<li><strong>Inscri\u00e7\u00f5es:<\/strong> 10\/04\/2025 a 22\/05\/2025<\/li>\n\n\n\n<li><strong>Taxa de inscri\u00e7\u00e3o:<\/strong> R$120<\/li>\n\n\n\n<li><strong>Prova:<\/strong> 13\/07\/2025<\/li>\n\n\n\n<li><strong>Banca:<\/strong> IDECAN<\/li>\n\n\n\n<li><a href=\"https:\/\/www.apostilasopcao.com.br\/blog\/wp-content\/uploads\/2025\/05\/edital-see-pb-retificado.pdf\">Baixe o edital retificado<\/a><\/li>\n<\/ul>\n\n\n\n<h2 class=\"wp-block-heading\">Inscri\u00e7\u00f5es no concurso SEE PB<\/h2>\n\n\n\n<p>Os interessados dever\u00e3o realizar suas inscri\u00e7\u00f5es entre os dias <strong>10 de abril<\/strong> e <strong>22 de maio de 2025<\/strong>, no site oficial do <a href=\"https:\/\/www.idecan.org.br\/index.html#abertas\" target=\"_blank\" rel=\"noreferrer noopener\">IDECAN<\/a>, a banca organizadora do certame.<\/p>\n\n\n\n<p>Para se inscrever, o candidato deve acessar o site do Idecan e preencher o formul\u00e1rio de inscri\u00e7\u00e3o com aten\u00e7\u00e3o. \u00c9 permitido se inscrever para apenas um componente curricular e escolher uma \u00fanica Ger\u00eancia Regional de Ensino (GRE)<\/p>\n\n\n\n<p>Ap\u00f3s isso, ser\u00e1 necess\u00e1rio imprimir o boleto banc\u00e1rio e pagar a taxa de inscri\u00e7\u00e3o no valor de <strong>R$120,00<\/strong>, que dever\u00e1 ser efetuada at\u00e9 o dia <strong>23 de maio<\/strong>.<\/p>\n\n\n\n<h3 class=\"wp-block-heading\">Isen\u00e7\u00e3o<\/h3>\n\n\n\n<p>Estar\u00e3o isentos do pagamento da taxa de inscri\u00e7\u00e3o os candidatos que se enquadrarem nas seguintes condi\u00e7\u00f5es:<\/p>\n\n\n\n<ul class=\"wp-block-list\">\n<li>Doador de sangue, conforme Lei Estadual n\u00ba 11.213\/2018;<\/li>\n\n\n\n<li>Doador de medula \u00f3ssea, tamb\u00e9m de acordo com a mesma lei;<\/li>\n\n\n\n<li>Doadora de leite materno, segundo a Lei Estadual n\u00ba 8.483\/2008;<\/li>\n\n\n\n<li>Inscrito no Cadastro \u00danico (Cad\u00danico) para programas sociais, conforme os Decretos Federais n\u00ba 6.593\/2008 e n\u00ba 11.016\/2022;<\/li>\n\n\n\n<li>Doador de plasma sangu\u00edneo por pessoas curadas da COVID-19, segundo a Lei Estadual n\u00ba 11.755\/2020.<\/li>\n<\/ul>\n\n\n\n<p>O pedido de isen\u00e7\u00e3o dever\u00e1 ser feito nos dias <strong>10 e 11 de abril<\/strong>, tamb\u00e9m pelo site da banca.<\/p>\n\n\n\n<h2 class=\"wp-block-heading\">Vagas e sal\u00e1rios do concurso SEE PB<\/h2>\n\n\n\n<p>O concurso oferece <strong>2.000 vagas<\/strong> para Professor de Educa\u00e7\u00e3o B\u00e1sica IV, com remunera\u00e7\u00e3o de <strong>R$6.944,09<\/strong> para uma carga hor\u00e1ria de 40 horas semanais. Confira a seguir a distribui\u00e7\u00e3o das vagas:<\/p>\n\n\n\n<figure style=\"font-size:18px\" class=\"wp-block-table\"><table><thead><tr><th class=\"has-text-align-center\" data-align=\"center\">\u00c1rea<\/th><th class=\"has-text-align-center\" data-align=\"center\">Vagas<\/th><\/tr><\/thead><tbody><tr><td class=\"has-text-align-center\" data-align=\"center\"><a href=\"https:\/\/www.apostilasopcao.com.br\/apostila\/see-pb-professor-educacao-basica-iv-artes\">Artes<\/a><\/td><td class=\"has-text-align-center\" data-align=\"center\">165<\/td><\/tr><tr><td class=\"has-text-align-center\" data-align=\"center\"><a href=\"https:\/\/www.apostilasopcao.com.br\/apostila\/see-pb-professor-educacao-basica-iv-biologia\">Biologia<\/a><\/td><td class=\"has-text-align-center\" data-align=\"center\">98<\/td><\/tr><tr><td class=\"has-text-align-center\" data-align=\"center\"><a href=\"https:\/\/www.apostilasopcao.com.br\/apostila\/see-pb-professor-educacao-basica-iv-educacao-fisica\">Educa\u00e7\u00e3o F\u00edsica<\/a><\/td><td class=\"has-text-align-center\" data-align=\"center\">201<\/td><\/tr><tr><td class=\"has-text-align-center\" data-align=\"center\"><a href=\"https:\/\/www.apostilasopcao.com.br\/apostila\/see-pb-professor-educacao-basica-iv-filosofia\">Filosofia<\/a><\/td><td class=\"has-text-align-center\" data-align=\"center\">69<\/td><\/tr><tr><td class=\"has-text-align-center\" data-align=\"center\"><a href=\"https:\/\/www.apostilasopcao.com.br\/apostila\/see-pb-professor-educacao-basica-iv-fisica\">F\u00edsica<\/a><\/td><td class=\"has-text-align-center\" data-align=\"center\">86<\/td><\/tr><tr><td class=\"has-text-align-center\" data-align=\"center\"><a href=\"https:\/\/www.apostilasopcao.com.br\/apostila\/see-pb-professor-educacao-basica-iv-geografia\">Geografia<\/a><\/td><td class=\"has-text-align-center\" data-align=\"center\">161<\/td><\/tr><tr><td class=\"has-text-align-center\" data-align=\"center\"><a href=\"https:\/\/www.apostilasopcao.com.br\/apostila\/see-pb-professor-educacao-basica-iv-historia\">Hist\u00f3ria<\/a><\/td><td class=\"has-text-align-center\" data-align=\"center\">177<\/td><\/tr><tr><td class=\"has-text-align-center\" data-align=\"center\">L\u00edngua Espanhola<\/td><td class=\"has-text-align-center\" data-align=\"center\">103<\/td><\/tr><tr><td class=\"has-text-align-center\" data-align=\"center\"><a href=\"https:\/\/www.apostilasopcao.com.br\/apostila\/see-pb-professor-educacao-basica-iv-lingua-inglesa\">L\u00edngua Inglesa<\/a><\/td><td class=\"has-text-align-center\" data-align=\"center\">127<\/td><\/tr><tr><td class=\"has-text-align-center\" data-align=\"center\"><a href=\"https:\/\/www.apostilasopcao.com.br\/apostila\/see-pb-professor-educacao-basica-iv-lingua-portuguesa\">L\u00edngua Portuguesa<\/a><\/td><td class=\"has-text-align-center\" data-align=\"center\">319<\/td><\/tr><tr><td class=\"has-text-align-center\" data-align=\"center\"><a href=\"https:\/\/www.apostilasopcao.com.br\/apostila\/see-pb-professor-educacao-basica-iv-matematica\">Matem\u00e1tica<\/a><\/td><td class=\"has-text-align-center\" data-align=\"center\">347<\/td><\/tr><tr><td class=\"has-text-align-center\" data-align=\"center\"><a href=\"https:\/\/www.apostilasopcao.com.br\/apostila\/see-pb-professor-educacao-basica-iv-quimica\">Qu\u00edmica<\/a><\/td><td class=\"has-text-align-center\" data-align=\"center\">76<\/td><\/tr><tr><td class=\"has-text-align-center\" data-align=\"center\"><a href=\"https:\/\/www.apostilasopcao.com.br\/apostila\/see-pb-professor-educacao-basica-iv-sociologia\">Sociologia<\/a><\/td><td class=\"has-text-align-center\" data-align=\"center\">71<\/td><\/tr><\/tbody><\/table><\/figure>\n\n\n\n<h2 class=\"wp-block-heading\">Atribui\u00e7\u00f5es<\/h2>\n\n\n\n<p>Os aprovados no concurso SEE PB exercer\u00e3o a fun\u00e7\u00e3o de doc\u00eancia nos Anos Finais do Ensino Fundamental, Ensino M\u00e9dio ou ciclos equivalentes. Entre as responsabilidades do cargo, est\u00e3o: participar da elabora\u00e7\u00e3o e execu\u00e7\u00e3o do plano pedag\u00f3gico da escola, ministrar aulas conforme a matriz curricular e os calend\u00e1rios escolares, zelar pela aprendizagem dos alunos, colaborar com processos avaliativos internos e externos.<\/p>\n\n\n\n<p>Al\u00e9m de desenvolver atividades pedag\u00f3gicas alinhadas \u00e0 BNCC. Tamb\u00e9m \u00e9 esperado que o profissional contribua com a cria\u00e7\u00e3o de materiais did\u00e1ticos, participe de a\u00e7\u00f5es formativas e atue de forma proativa na melhoria da qualidade do ensino na rede estadual da Para\u00edba.<\/p>\n\n\n\n<h2 class=\"wp-block-heading\">Requisitos para participar<\/h2>\n\n\n\n<p>Para participar do concurso SEE PB \u00e9 necess\u00e1rio seguir os seguintes requisitos:<\/p>\n\n\n\n<ul class=\"wp-block-list\">\n<li>Curso superior completo com licenciatura plena na disciplina escolhida;<\/li>\n\n\n\n<li>Idade m\u00ednima de 18 anos;<\/li>\n\n\n\n<li>Estar em dia com as obriga\u00e7\u00f5es eleitorais e, para os homens, com o servi\u00e7o militar;<\/li>\n\n\n\n<li>Ter aptid\u00e3o f\u00edsica e mental para o exerc\u00edcio do cargo;<\/li>\n\n\n\n<li>Cumprir todas as exig\u00eancias do edital.<\/li>\n<\/ul>\n\n\n\n<h2 class=\"wp-block-heading\">Etapas do concurso SEE PB<\/h2>\n\n\n\n<p>Os participantes do concurso SEE PB ser\u00e3o avaliados em duas fases: <\/p>\n\n\n\n<ul class=\"wp-block-list\">\n<li>Prova objetiva, de car\u00e1ter eliminat\u00f3rio e classificat\u00f3rio;<\/li>\n\n\n\n<li>Avalia\u00e7\u00e3o de t\u00edtulos, com car\u00e1ter apenas classificat\u00f3rio.<\/li>\n<\/ul>\n\n\n\n<h3 class=\"wp-block-heading\">Prova Objetiva<\/h3>\n\n\n\n<p>A aplica\u00e7\u00e3o da prova objetiva est\u00e1 marcada para o dia<strong> 13 de julho de 2025<\/strong>.<\/p>\n\n\n\n<p>Os exames ocorrer\u00e3o nas cidades-sede das Ger\u00eancias Regionais de Educa\u00e7\u00e3o (GREs), que s\u00e3o: Jo\u00e3o Pessoa, Guarabira, Campina Grande, Cuit\u00e9, Monteiro, Patos, Itaporanga, Catol\u00e9 do Rocha, Cajazeiras, Sousa, Princesa Isabel, Itabaiana, Pombal, Mamanguape, Santa Rita e Queimadas.<\/p>\n\n\n\n<p>A prova objetiva do concurso SEE PB ser\u00e1 composta por 100 quest\u00f5es de m\u00faltipla escolha, com 5 alternativas, e apenas uma correta. A estrutura da prova ser\u00e1 a seguinte:<\/p>\n\n\n\n<figure class=\"wp-block-table aligncenter\"><table><thead><tr><th>\u00c1rea de Conhecimento<\/th><th>N\u00ba de Quest\u00f5es<\/th><th>Peso<\/th><th>Pontua\u00e7\u00e3o<\/th><\/tr><\/thead><tbody><tr><td>L\u00edngua Portuguesa<\/td><td>15<\/td><td>1,0<\/td><td>15,0<\/td><\/tr><tr><td>Legisla\u00e7\u00e3o<\/td><td>15<\/td><td>1,0<\/td><td>15,0<\/td><\/tr><tr><td>Fundamentos Te\u00f3ricos e Legais da Educa\u00e7\u00e3o<\/td><td>10<\/td><td>1,0<\/td><td>10,0<\/td><\/tr><tr><td>Racioc\u00ednio L\u00f3gico Matem\u00e1tico<\/td><td>10<\/td><td>1,0<\/td><td>10,0<\/td><\/tr><tr><td>Inform\u00e1tica<\/td><td>10<\/td><td>1,0<\/td><td>10,0<\/td><\/tr><tr><td>Conhecimentos Espec\u00edficos<\/td><td>40<\/td><td>2,0<\/td><td>80,0<\/td><\/tr><tr><td><strong>Total<\/strong><\/td><td><strong>100<\/strong><\/td><td>\u2014<\/td><td><strong>140,0<\/strong><\/td><\/tr><\/tbody><\/table><\/figure>\n\n\n\n<p>Os candidatos ser\u00e3o aprovados no concurso SEE PB, se:<\/p>\n\n\n\n<ul class=\"wp-block-list\">\n<li>Obter no m\u00ednimo 50% da pontua\u00e7\u00e3o total da prova;<\/li>\n\n\n\n<li>N\u00e3o zerar nenhuma disciplina.<\/li>\n<\/ul>\n\n\n\n<h3 class=\"wp-block-heading\">Prova de T\u00edtulos<\/h3>\n\n\n\n<p>A segunda etapa \u00e9 classificat\u00f3ria e ser\u00e1 aplicada apenas aos candidatos aprovados na prova objetiva, at\u00e9 o limite de 3 vezes o n\u00famero de vagas.<\/p>\n\n\n\n<p>A pontua\u00e7\u00e3o ser\u00e1 atribu\u00edda conforme o quadro abaixo:<\/p>\n\n\n<div class=\"wp-block-image\">\n<figure class=\"aligncenter size-full\"><img loading=\"lazy\" decoding=\"async\" width=\"665\" height=\"224\" src=\"https:\/\/www.apostilasopcao.com.br\/blog\/wp-content\/uploads\/2025\/04\/titulos-see-pb.webp\" alt=\"Avalia\u00e7\u00e3o de t\u00edtulos do concurso SEE PB.\" class=\"wp-image-445\" srcset=\"https:\/\/www.apostilasopcao.com.br\/blog\/wp-content\/uploads\/2025\/04\/titulos-see-pb.webp 665w, https:\/\/www.apostilasopcao.com.br\/blog\/wp-content\/uploads\/2025\/04\/titulos-see-pb-300x101.webp 300w\" sizes=\"auto, (max-width: 665px) 100vw, 665px\" \/><figcaption class=\"wp-element-caption\"><em>Avalia\u00e7\u00e3o de t\u00edtulos do concurso SEE PB!<\/em><\/figcaption><\/figure>\n<\/div>\n\n\n<p>Somente ser\u00e1 considerado um t\u00edtulo por categoria.<\/p>\n\n\n\n<p>O concurso SEE PB ter\u00e1 validade de 2 anos, contados a partir da homologa\u00e7\u00e3o do resultado final, podendo ser prorrogado uma \u00fanica vez, por igual per\u00edodo. <\/p>\n\n\n\n<p>As convoca\u00e7\u00f5es ocorrer\u00e3o conforme a necessidade da administra\u00e7\u00e3o, dentro do prazo de validade e respeitando a ordem de classifica\u00e7\u00e3o.<\/p>\n\n\n\n<h2 class=\"wp-block-heading\">Dica Op\u00e7\u00e3o<\/h2>\n\n\n\n<p>Se o seu objetivo \u00e9 ser aprovado no concurso SEE PB, ent\u00e3o \u00e9 hora de se dedicar de verdade. A jornada n\u00e3o \u00e9 f\u00e1cil, mas com os materiais certos, foco e disciplina, voc\u00ea tem tudo para alcan\u00e7ar essa conquista. Acredite no seu potencial e comece agora a sua prepara\u00e7\u00e3o com quem quer ver voc\u00ea vencer!<\/p>\n\n\n\n<p>Confira: <a href=\"https:\/\/www.apostilasopcao.com.br\/apostila\/see-pb-comum-professor-educacao-basica-iv\">Apostila SEE-PB 2025 -Comum &#8211; Professor de Educa\u00e7\u00e3o B\u00e1sica IV<\/a><\/p>\n","protected":false},"excerpt":{"rendered":"<p>As inscri\u00e7\u00f5es para o concurso SEE PB foram prorrogadas!<\/p>\n","protected":false},"author":5,"featured_media":446,"comment_status":"closed","ping_status":"closed","sticky":false,"template":"","format":"standard","meta":{"_acf_changed":false,"breadcrumbs_single_post":"","page_title_panel":"","breadcrumbs_single_page":"","single_page_alignment":"","single_page_margin":"","page_structure_type":"","content_style_source":"","content_style":"","blog_post_streched_ed":"","blog_page_streched_ed":"","has_transparent_header":"","disable_transparent_header":"","vertical_spacing_source":"","content_area_spacing":"","single_post_content_background":"","single_page_content_background":"","single_post_boxed_content_spacing":"","single_page_boxed_content_spacing":"","single_post_content_boxed_radius":"","single_page_content_boxed_radius":"","disable_featured_image":"","disable_post_tags":"","disable_author_box":"","disable_posts_navigation":"","disable_comments":"","disable_related_posts":"","disable_header":"","disable_footer":"","footnotes":""},"categories":[4,20],"tags":[106],"class_list":["post-444","post","type-post","status-publish","format-standard","has-post-thumbnail","hentry","category-noticias","category-pb","tag-concurso-see-pb","rishi-post"],"acf":{"data_prova":"20250713","status":false},"_links":{"self":[{"href":"https:\/\/www.apostilasopcao.com.br\/blog\/wp-json\/wp\/v2\/posts\/444","targetHints":{"allow":["GET"]}}],"collection":[{"href":"https:\/\/www.apostilasopcao.com.br\/blog\/wp-json\/wp\/v2\/posts"}],"about":[{"href":"https:\/\/www.apostilasopcao.com.br\/blog\/wp-json\/wp\/v2\/types\/post"}],"author":[{"embeddable":true,"href":"https:\/\/www.apostilasopcao.com.br\/blog\/wp-json\/wp\/v2\/users\/5"}],"replies":[{"embeddable":true,"href":"https:\/\/www.apostilasopcao.com.br\/blog\/wp-json\/wp\/v2\/comments?post=444"}],"version-history":[{"count":5,"href":"https:\/\/www.apostilasopcao.com.br\/blog\/wp-json\/wp\/v2\/posts\/444\/revisions"}],"predecessor-version":[{"id":1173,"href":"https:\/\/www.apostilasopcao.com.br\/blog\/wp-json\/wp\/v2\/posts\/444\/revisions\/1173"}],"wp:featuredmedia":[{"embeddable":true,"href":"https:\/\/www.apostilasopcao.com.br\/blog\/wp-json\/wp\/v2\/media\/446"}],"wp:attachment":[{"href":"https:\/\/www.apostilasopcao.com.br\/blog\/wp-json\/wp\/v2\/media?parent=444"}],"wp:term":[{"taxonomy":"category","embeddable":true,"href":"https:\/\/www.apostilasopcao.com.br\/blog\/wp-json\/wp\/v2\/categories?post=444"},{"taxonomy":"post_tag","embeddable":true,"href":"https:\/\/www.apostilasopcao.com.br\/blog\/wp-json\/wp\/v2\/tags?post=444"}],"curies":[{"name":"wp","href":"https:\/\/api.w.org\/{rel}","templated":true}]}}