{"id":4475,"date":"2025-12-08T13:01:20","date_gmt":"2025-12-08T16:01:20","guid":{"rendered":"https:\/\/www.apostilasopcao.com.br\/blog\/?p=4475"},"modified":"2025-12-08T13:01:22","modified_gmt":"2025-12-08T16:01:22","slug":"pmmg-oficial","status":"publish","type":"post","link":"https:\/\/www.apostilasopcao.com.br\/blog\/pmmg-oficial\/","title":{"rendered":"Concurso PMMG: Inscri\u00e7\u00f5es abertas! 120 vagas!"},"content":{"rendered":"\n<p>\u00d3timas not\u00edcias para os concurseiros! Foram publicados os editais do concurso PM MG (Pol\u00edcia Militar de Minas Gerais), que oferta <strong>120 vagas imediatas<\/strong> para a carreira de Oficial, sendo <strong>60 vagas para o Curso de Forma\u00e7\u00e3o de Oficiais (CFO)<\/strong>, destinado a candidatos com bacharelado em Direito, e <strong>60 vagas para o CFO Sa\u00fade<\/strong> nas \u00e1reas de Enfermagem, Psicologia, Odontologia e Medicina. A remunera\u00e7\u00e3o inicial \u00e9 de <strong>R$ 7,5 mil<\/strong> para cadetes do primeiro ano do CFO e de <strong>R$ 11,5 mil<\/strong> para os cargos da \u00e1rea da Sa\u00fade. As inscri\u00e7\u00f5es j\u00e1 est\u00e3o abertas e seguem at\u00e9 18 de dezembro para o CFO e at\u00e9 7 de janeiro para o CFO Sa\u00fade, enquanto as provas est\u00e3o previstas para os dias <strong>18 de janeiro e 8 de fevereiro<\/strong>. Para se preparar, confira a&nbsp;<a href=\"https:\/\/www.apostilasopcao.com.br\/concurso\/pm-mg-policia-militar-de-minas-gerais\">apostila PM MG<\/a>&nbsp;com conte\u00fado completo e atualizado conforme o edital.<\/p>\n\n\n\n<h2 class=\"wp-block-heading\" id=\"resumo-edital\">Resumo do edital<\/h2>\n\n\n\n<ul class=\"wp-block-list\">\n<li><strong>Vagas:<\/strong>&nbsp;120<\/li>\n\n\n\n<li><strong>Per\u00edodo de inscri\u00e7\u00f5es:<\/strong>\u00a0\n<ul class=\"wp-block-list\">\n<li>CFO: 18\/11\/2025 a 18\/12\/2026<\/li>\n\n\n\n<li>Sa\u00fade: 09\/12\/2025 a 07\/01\/2026<\/li>\n<\/ul>\n<\/li>\n\n\n\n<li><strong>Taxa de inscri\u00e7\u00e3o:<\/strong>&nbsp;R$230,00<\/li>\n\n\n\n<li><strong>Prova:<\/strong>&nbsp;\n<ul class=\"wp-block-list\">\n<li>CFO: 18\/01\/2026 <\/li>\n\n\n\n<li>Sa\u00fade: 08\/02\/2026<\/li>\n<\/ul>\n<\/li>\n\n\n\n<li><strong>Banca:<\/strong>&nbsp;PMMG<\/li>\n\n\n\n<li><a href=\"https:\/\/www.apostilasopcao.com.br\/blog\/wp-content\/uploads\/2025\/12\/edital-pm-mg-oficial.pdf\">Baixe aqui o edital do concurso PM MG CFO 2025<\/a><\/li>\n\n\n\n<li><a href=\"https:\/\/www.apostilasopcao.com.br\/blog\/wp-content\/uploads\/2025\/12\/edital-pmmg-saude25-26.pdf\">Baixe aqui o edital do concurso PM MG CFO Sa\u00fade<\/a><\/li>\n<\/ul>\n\n\n\n<h2 class=\"wp-block-heading\">Como se inscrever para o concurso PM MG?<\/h2>\n\n\n\n<p>As inscri\u00e7\u00f5es dever\u00e3o ser realizadas exclusivamente pelo site da <a href=\"https:\/\/inscricaocrs.policiamilitar.mg.gov.br\/#\/concurso\/search\/1\" target=\"_blank\" rel=\"noreferrer noopener\">Pol\u00edcia Militar de Minas Gerais<\/a>. O prazo varia conforme o edital:<\/p>\n\n\n\n<ul class=\"wp-block-list\">\n<li><strong>CFO Sa\u00fade:<\/strong> de <strong>27 de outubro de 2025 a 7 de janeiro de 2026<\/strong>.<\/li>\n\n\n\n<li><strong>CFO:<\/strong> de <strong>27 de outubro a 18 de dezembro de 2025<\/strong>.<\/li>\n<\/ul>\n\n\n\n<p>O valor da taxa de inscri\u00e7\u00e3o \u00e9 R$230,00 para todos os cargos e deve ser efetuado at\u00e9 os seguintes dias:<\/p>\n\n\n\n<ul class=\"wp-block-list\">\n<li><strong>19 de dezembro de 2025<\/strong> \u2013 CFO<\/li>\n\n\n\n<li><strong>8 de janeiro de 2026<\/strong> \u2013 CFO Sa\u00fade<\/li>\n<\/ul>\n\n\n\n<h3 class=\"wp-block-heading\">Isen\u00e7\u00e3o da taxa de inscri\u00e7\u00e3o<\/h3>\n\n\n\n<p>Poder\u00e3o solicitar isen\u00e7\u00e3o da taxa os candidatos que se enquadrem nos crit\u00e9rios previstos nos editais do concurso PM MG, tais como:<\/p>\n\n\n\n<ul class=\"wp-block-list\">\n<li>Inscritos no <strong>Cad\u00danico<\/strong>;<\/li>\n\n\n\n<li>Candidatos em situa\u00e7\u00e3o de <strong>hipossufici\u00eancia econ\u00f4mica<\/strong>;<\/li>\n\n\n\n<li><strong>Doador regular de sangue<\/strong>, nos termos da legisla\u00e7\u00e3o estadual;<\/li>\n<\/ul>\n\n\n\n<p>Os per\u00edodos para solicitar isen\u00e7\u00e3o tamb\u00e9m variam conforme o edital:<\/p>\n\n\n\n<ul class=\"wp-block-list\">\n<li><strong>CFO:<\/strong> de <strong>18 a 19 de novembro de 2025<\/strong>.<\/li>\n\n\n\n<li><strong>CFO Sa\u00fade:<\/strong> de <strong>9 e 10 de dezembro de 2025<\/strong>.<\/li>\n<\/ul>\n\n\n\n<p>Em ambos os casos, o pedido deve ser feito pelo site da Pol\u00edcia Militar de Minas Gerais, com envio da documenta\u00e7\u00e3o exigida.<\/p>\n\n\n\n<h2 class=\"wp-block-heading\">Concurso PM MG: Cargos, vagas e sal\u00e1rios<\/h2>\n\n\n\n<p>O concurso PMMG oferece 120 vagas imediatas, sendo <strong>60 para o Curso de Forma\u00e7\u00e3o de Oficiais (CFO \u2013 bacharel em Direito)<\/strong> e <strong>60 para o CFO Sa\u00fade<\/strong>, distribu\u00eddas entre Enfermagem, Psicologia, Odontologia e Medicina.<\/p>\n\n\n\n<p>A remunera\u00e7\u00e3o inicial \u00e9 de <strong>R$ 7.506,80 para Cadete CFO<\/strong> e <strong>R$ 11.547,07 para Cadete CFO Sa\u00fade<\/strong>, para jornadas de trabalho de 40 horas semanais.<\/p>\n\n\n\n<p>Confira a seguir a distribui\u00e7\u00e3o completa:<\/p>\n\n\n\n<h3 class=\"wp-block-heading\">Edital CFO PMMG<\/h3>\n\n\n\n<ul class=\"wp-block-list\">\n<li><strong>Cadete \u2013 Curso de Forma\u00e7\u00e3o de Oficiais (CFO)<\/strong> 60 vagas<br>R$ 7.506,80 (remunera\u00e7\u00e3o do 1\u00ba ano do CFO)<br>R$ 11.547,07 ( remunera\u00e7\u00e3o 2\u00ba Tenente)<\/li>\n<\/ul>\n\n\n\n<h3 class=\"wp-block-heading\">Edital PMMG Sa\u00fade<\/h3>\n\n\n\n<ul class=\"wp-block-list\">\n<li><strong>Enfermagem<\/strong> 10 vagas<br>R$ 11.547,07<\/li>\n\n\n\n<li><strong>Psicologia<\/strong> 7 vagas<br>R$ 11.547,07<\/li>\n\n\n\n<li><strong>Odontologia<\/strong> 14 vagas<br>R$ 11.547,07<\/li>\n\n\n\n<li><strong>Odontologia \u2013 Cirurgia e Traumatologia Bucomaxilofacial<\/strong> 1 vaga<br>R$ 11.547,07<\/li>\n\n\n\n<li><strong>Odontologia \u2013 Disfun\u00e7\u00e3o Temporomandibular e Dor Orofacial<\/strong> 1 vaga<br>R$ 11.547,07<\/li>\n\n\n\n<li><strong>Odontologia \u2013 Endodontia<\/strong> 1 vaga<br>R$ 11.547,07<\/li>\n\n\n\n<li><strong>Odontologia \u2013 Periodontia<\/strong> 1 vaga<br>R$ 11.547,07<\/li>\n\n\n\n<li><strong>Medicina (v\u00e1rias especialidades)<\/strong> 25 vagas<br>R$ 11.547,07<\/li>\n<\/ul>\n\n\n\n<p><strong>Para quem vai iniciar a prepara\u00e7\u00e3o,&nbsp;as&nbsp;apostilas PM MG&nbsp;j\u00e1 est\u00e3o dispon\u00edveis com conte\u00fado completo e atualizado conforme o edital. Confira!<\/strong><\/p>\n\n\n\n<ul class=\"wp-block-list\">\n<li><strong><a href=\"https:\/\/www.apostilasopcao.com.br\/apostila\/pm-mg-curso-formacao-oficiais-cfo\">Apostila PM-MG 2025 &#8211; Oficial<\/a><\/strong><\/li>\n\n\n\n<li><strong><a href=\"https:\/\/www.apostilasopcao.com.br\/apostila\/pm-mg-soldado\">Apostila PM-MG &#8211; Soldado<\/a><\/strong><\/li>\n<\/ul>\n\n\n\n<h2 class=\"wp-block-heading\">Concurso PM MG: Requisitos b\u00e1sicos<\/h2>\n\n\n\n<p>Para participar dos concursos PMMG CFO e PMMG Sa\u00fade, os candidatos devem atender aos requisitos m\u00ednimos previstos em cada edital. Confira abaixo:<\/p>\n\n\n\n<h3 class=\"wp-block-heading\">Edital CFO PMMG<\/h3>\n\n\n\n<ul class=\"wp-block-list\">\n<li>Ser brasileiro(a) nato<\/li>\n\n\n\n<li>Possuir t\u00edtulo de bacharel em Direito<\/li>\n\n\n\n<li>Estar quite com as obriga\u00e7\u00f5es eleitorais e militares<\/li>\n\n\n\n<li>Ter entre 18 e n\u00e3o ter completado 31 anos de idade na data da inscri\u00e7\u00e3o no concurso<\/li>\n\n\n\n<li>Ter Carteira Nacional de Habilita\u00e7\u00e3o v\u00e1lida, no m\u00ednimo na categoria B<\/li>\n\n\n\n<li>Possuir idoneidade moral<\/li>\n\n\n\n<li>Ter altura m\u00ednima de 1,60m<\/li>\n\n\n\n<li>Ter sanidade f\u00edsica e mental<\/li>\n\n\n\n<li>Ter aptid\u00e3o f\u00edsica<\/li>\n\n\n\n<li>Ser aprovado em avalia\u00e7\u00e3o psicol\u00f3gica<\/li>\n\n\n\n<li>N\u00e3o apresentar tatuagem vis\u00edvel, quando em uso dos uniformes, que seja incompat\u00edvel com o exerc\u00edcio das atividades de policial militar<\/li>\n<\/ul>\n\n\n\n<h3 class=\"wp-block-heading\">PMMG Sa\u00fade<\/h3>\n\n\n\n<ul class=\"wp-block-list\">\n<li>Ser brasileiro(a) nato(a).<\/li>\n\n\n\n<li>Possuir <strong>n\u00edvel superior na \u00e1rea espec\u00edfica<\/strong> (Enfermagem, Psicologia, Odontologia ou Medicina).<\/li>\n\n\n\n<li>Estar quite com as obriga\u00e7\u00f5es eleitorais e militares.<\/li>\n\n\n\n<li>Possuir <strong>CNH categoria B<\/strong>, no m\u00ednimo.<\/li>\n\n\n\n<li>Ter <strong>entre 18 e 35 anos<\/strong> at\u00e9 a data da inclus\u00e3o.<\/li>\n\n\n\n<li>Ter registro profissional ativo no respectivo conselho (COREN, CRP, CRO, CRM).<\/li>\n\n\n\n<li>Comprovar t\u00edtulos de especialidade quando exigido (ex.: Bucomaxilofacial, Endodontia, etc.).<\/li>\n\n\n\n<li>Ter sanidade f\u00edsica e mental.<\/li>\n\n\n\n<li>Ser aprovado em avalia\u00e7\u00e3o psicol\u00f3gica, exames de sa\u00fade e Avalia\u00e7\u00e3o F\u00edsica Militar.<\/li>\n\n\n\n<li>N\u00e3o possuir tatuagem vis\u00edvel incompat\u00edvel com a atividade policial.<\/li>\n<\/ul>\n\n\n\n<h3 class=\"wp-block-heading\">Requisitos espec\u00edficos CFO PMMG <\/h3>\n\n\n\n<p>De acordo com o Edital CFO, o candidato ao CFO deve atender aos seguintes requisitos espec\u00edficos:<\/p>\n\n\n\n<ul class=\"wp-block-list\">\n<li><strong>Possuir t\u00edtulo de bacharel em Direito<\/strong>, obtido em institui\u00e7\u00e3o reconhecida pelo MEC.<\/li>\n\n\n\n<li><strong>Idade entre 18 e 30 anos<\/strong> (n\u00e3o ter completado 31 anos at\u00e9 a data da inscri\u00e7\u00e3o).<\/li>\n\n\n\n<li><strong>Altura m\u00ednima de 1,60m<\/strong>.<\/li>\n\n\n\n<li>Possuir <strong>CNH categoria B<\/strong> v\u00e1lida, sem registro de suspens\u00e3o ou cassa\u00e7\u00e3o.<\/li>\n\n\n\n<li>N\u00e3o apresentar tatuagem vis\u00edvel incompat\u00edvel com a atividade policial militar.<\/li>\n\n\n\n<li>Cumprir os requisitos de <strong>idoneidade moral<\/strong>, verificados por investiga\u00e7\u00e3o social.<\/li>\n<\/ul>\n\n\n\n<h3 class=\"wp-block-heading\">Requisitos espec\u00edficos PMMG Sa\u00fade<\/h3>\n\n\n\n<p>Conforme o Edital Oficial Sa\u00fade, cada \u00e1rea possui requisitos pr\u00f3prios:<\/p>\n\n\n\n<h4 class=\"wp-block-heading\">Enfermagem<\/h4>\n\n\n\n<ul class=\"wp-block-list\">\n<li>Gradua\u00e7\u00e3o em <strong>Enfermagem<\/strong>, reconhecida pelo MEC.<\/li>\n\n\n\n<li>Registro ativo no <strong>COREN\/MG<\/strong>.<\/li>\n<\/ul>\n\n\n\n<h4 class=\"wp-block-heading\">Psicologia<\/h4>\n\n\n\n<ul class=\"wp-block-list\">\n<li>Gradua\u00e7\u00e3o em <strong>Psicologia<\/strong>, reconhecida pelo MEC.<\/li>\n\n\n\n<li>Registro ativo no <strong>CRP\/MG<\/strong>.<\/li>\n<\/ul>\n\n\n\n<h4 class=\"wp-block-heading\">Odontologia \u2013 Geral<\/h4>\n\n\n\n<ul class=\"wp-block-list\">\n<li>Gradua\u00e7\u00e3o em <strong>Odontologia<\/strong>, reconhecida pelo MEC.<\/li>\n\n\n\n<li>Registro ativo no <strong>CRO\/MG<\/strong>.<\/li>\n<\/ul>\n\n\n\n<h4 class=\"wp-block-heading\">Odontologia \u2013 Cirurgia e Traumatologia Bucomaxilofacial<\/h4>\n\n\n\n<ul class=\"wp-block-list\">\n<li>Gradua\u00e7\u00e3o em Odontologia.<\/li>\n\n\n\n<li>Registro ativo no CRO\/MG.<\/li>\n\n\n\n<li><strong>T\u00edtulo de especializa\u00e7\u00e3o ou resid\u00eancia<\/strong> reconhecido pelo MEC e CFO na \u00e1rea de Cirurgia e Traumatologia Bucomaxilofacial.<\/li>\n<\/ul>\n\n\n\n<h4 class=\"wp-block-heading\">Odontologia \u2013 Disfun\u00e7\u00e3o Temporomandibular e Dor Orofacial (DTM\/DOF)<\/h4>\n\n\n\n<ul class=\"wp-block-list\">\n<li>Gradua\u00e7\u00e3o em Odontologia.<\/li>\n\n\n\n<li>Registro ativo no CRO\/MG.<\/li>\n\n\n\n<li><strong>P\u00f3s-gradua\u00e7\u00e3o lato sensu<\/strong> ou t\u00edtulo de especialista em DTM\/DOF reconhecido pelo MEC e CFO.<\/li>\n<\/ul>\n\n\n\n<h4 class=\"wp-block-heading\">Odontologia \u2013 Endodontia<\/h4>\n\n\n\n<ul class=\"wp-block-list\">\n<li>Gradua\u00e7\u00e3o em Odontologia.<\/li>\n\n\n\n<li>Registro ativo no CRO\/MG.<\/li>\n\n\n\n<li><strong>P\u00f3s-gradua\u00e7\u00e3o<\/strong> ou t\u00edtulo de especialista em Endodontia reconhecido pelo MEC e CFO.<\/li>\n<\/ul>\n\n\n\n<h4 class=\"wp-block-heading\">Odontologia \u2013 Periodontia<\/h4>\n\n\n\n<ul class=\"wp-block-list\">\n<li>Gradua\u00e7\u00e3o em Odontologia.<\/li>\n\n\n\n<li>Registro ativo no CRO\/MG.<\/li>\n\n\n\n<li><strong>P\u00f3s-gradua\u00e7\u00e3o<\/strong> ou t\u00edtulo de especialista em Periodontia reconhecido pelo MEC e CFO.<\/li>\n<\/ul>\n\n\n\n<h4 class=\"wp-block-heading\">Medicina (todas as especialidades)<\/h4>\n\n\n\n<p>Para todas as especialidades m\u00e9dicas \u00e9 exigido:<\/p>\n\n\n\n<ul class=\"wp-block-list\">\n<li>Gradua\u00e7\u00e3o em <strong>Medicina<\/strong>, reconhecida pelo MEC.<\/li>\n\n\n\n<li>Registro ativo no <strong>CRM\/MG<\/strong>.<\/li>\n\n\n\n<li><strong>Registro de Qualifica\u00e7\u00e3o de Especialista (RQE)<\/strong> na especialidade escolhida (quando aplic\u00e1vel).<\/li>\n<\/ul>\n\n\n\n<h2 class=\"wp-block-heading\">Atribui\u00e7\u00f5es dos cargos<\/h2>\n\n\n\n<p>As atribui\u00e7\u00f5es dos cargos previstos nos editais do concurso PM MG para <strong>CFO PMMG<\/strong> e <strong>PMMG Sa\u00fade<\/strong> s\u00e3o estabelecidas de acordo com as fun\u00e7\u00f5es exercidas pelos oficiais da Pol\u00edcia Militar de Minas Gerais. A seguir, a descri\u00e7\u00e3o resumida das atividades conforme cada edital do concurso PM MG:<\/p>\n\n\n\n<h3 class=\"wp-block-heading\">CFO PMMG <\/h3>\n\n\n\n<p>De acordo com o Edital CFO, as atribui\u00e7\u00f5es do cargo incluem:<\/p>\n\n\n\n<ul class=\"wp-block-list\">\n<li><strong>Durante o CFO (como Cadete):<\/strong> exercer atividades estudantis em regime de dedica\u00e7\u00e3o integral, participar de instru\u00e7\u00f5es internas e externas, cumprir rotinas disciplinares e desenvolver compet\u00eancias necess\u00e1rias ao futuro exerc\u00edcio do oficialato.<\/li>\n\n\n\n<li><strong>Como Aspirante a Oficial:<\/strong> executar atividades dos oficiais subalternos, observando restri\u00e7\u00f5es previstas em leis e regulamentos, incluindo supervis\u00e3o de tropas e apoio administrativo.<\/li>\n\n\n\n<li><strong>Como 2\u00ba Tenente PM:<\/strong>\n<ul class=\"wp-block-list\">\n<li>Atuar em <strong>atividades operacionais<\/strong>, como comandar pelot\u00f5es, coordenar turnos de servi\u00e7o, conduzir opera\u00e7\u00f5es policiais e promover a\u00e7\u00f5es de seguran\u00e7a p\u00fablica.<\/li>\n\n\n\n<li>Desenvolver <strong>atividades administrativas<\/strong>, como planejar opera\u00e7\u00f5es, administrar recursos humanos e log\u00edsticos, elaborar documentos, participar de reuni\u00f5es e realizar an\u00e1lise criminal.<\/li>\n\n\n\n<li>Realizar <strong>atividades jur\u00eddicas militares<\/strong>, como conduzir inqu\u00e9ritos policiais militares, lavrar autos de pris\u00e3o em flagrante e produzir procedimentos administrativos.<\/li>\n\n\n\n<li>Atuar em <strong>ensino e treinamento<\/strong>, ministrando instru\u00e7\u00f5es e capacitando subordinados.<\/li>\n<\/ul>\n<\/li>\n<\/ul>\n\n\n\n<h3 class=\"wp-block-heading\">PMMG Sa\u00fade<\/h3>\n\n\n\n<p>Conforme o edital CFO Sa\u00fade, as atribui\u00e7\u00f5es variam conforme a especialidade, mas incluem bases comuns a todos os oficiais da sa\u00fade.<\/p>\n\n\n\n<h4 class=\"wp-block-heading\">Atribui\u00e7\u00f5es gerais dos Oficiais da Sa\u00fade (todas as \u00e1reas)<\/h4>\n\n\n\n<ul class=\"wp-block-list\">\n<li>Atuar em a\u00e7\u00f5es de <strong>preven\u00e7\u00e3o de doen\u00e7as<\/strong> e <strong>promo\u00e7\u00e3o da sa\u00fade f\u00edsica e mental<\/strong> dos militares.<\/li>\n\n\n\n<li>Assessorar o comando em temas relacionados \u00e0 sua \u00e1rea profissional.<\/li>\n\n\n\n<li>Conduzir processos e procedimentos administrativos da PMMG.<\/li>\n\n\n\n<li>Desenvolver estudos t\u00e9cnicos e participar de atividades de capacita\u00e7\u00e3o.<\/li>\n\n\n\n<li>Integrar equipes multidisciplinares e participar de miss\u00f5es de apoio \u00e0 tropa.<\/li>\n\n\n\n<li>Zelar pelo cumprimento das normas \u00e9ticas, t\u00e9cnicas e legais da institui\u00e7\u00e3o.<\/li>\n<\/ul>\n\n\n\n<h4 class=\"wp-block-heading\">Atribui\u00e7\u00f5es espec\u00edficas por \u00e1rea<\/h4>\n\n\n\n<p><strong>Oficial Enfermeiro<\/strong><\/p>\n\n\n\n<ul class=\"wp-block-list\">\n<li>Executar assist\u00eancia em sa\u00fade em ambiente ambulatorial, pr\u00e9-hospitalar, hospitalar e inter-hospitalar.<\/li>\n\n\n\n<li>Planejar e executar cuidados integrados utilizando o Processo de Enfermagem e a SAE.<\/li>\n\n\n\n<li>Elaborar protocolos assistenciais e participar de comiss\u00f5es institucionais.<\/li>\n<\/ul>\n\n\n\n<p><strong>Oficial Psic\u00f3logo<\/strong><\/p>\n\n\n\n<ul class=\"wp-block-list\">\n<li>Desenvolver atividades de psicologia organizacional, cl\u00ednica, educacional, hospitalar e per\u00edcia psicol\u00f3gica.<\/li>\n\n\n\n<li>Realizar avalia\u00e7\u00f5es psicol\u00f3gicas, atendimentos emergenciais e a\u00e7\u00f5es de sa\u00fade mental.<\/li>\n\n\n\n<li>Emitir pareceres t\u00e9cnicos e atuar em programas de preven\u00e7\u00e3o e qualidade de vida.<\/li>\n<\/ul>\n\n\n\n<p><strong>Oficial Dentista<\/strong><\/p>\n\n\n\n<ul class=\"wp-block-list\">\n<li>Executar assist\u00eancia em sa\u00fade bucal, preven\u00e7\u00e3o, promo\u00e7\u00e3o e recupera\u00e7\u00e3o da sa\u00fade odontol\u00f3gica.<\/li>\n\n\n\n<li>Elaborar protocolos t\u00e9cnicos e participar de comiss\u00f5es e a\u00e7\u00f5es institucionais.<\/li>\n\n\n\n<li>Atuar em auditoria, per\u00edcia odontol\u00f3gica e apoio t\u00e9cnico.<\/li>\n<\/ul>\n\n\n\n<p><strong>Oficiais M\u00e9dicos (todas as especialidades)<\/strong><\/p>\n\n\n\n<ul class=\"wp-block-list\">\n<li>Atuar em assist\u00eancia m\u00e9dica ambulatorial, hospitalar e em servi\u00e7os de emerg\u00eancia.<\/li>\n\n\n\n<li>Elaborar diagn\u00f3sticos, acompanhar pacientes e executar procedimentos de sua especialidade.<\/li>\n\n\n\n<li>Integrar miss\u00f5es de apoio \u00e0 tropa e participar de treinamentos m\u00e9dico-operacionais.<\/li>\n<\/ul>\n\n\n\n<h2 class=\"wp-block-heading\">Etapas de sele\u00e7\u00e3o do concurso PM MG<\/h2>\n\n\n\n<p>O concurso PM MG ser\u00e1 composto por etapas distintas para cada edital, seguindo a estrutura prevista nos editais do <strong>CFO PMMG<\/strong> e do <strong>PMMG Sa\u00fade (QOS)<\/strong>. Confira abaixo:<\/p>\n\n\n\n<h3 class=\"wp-block-heading\">Etapas do Concurso CFO PMMG<\/h3>\n\n\n\n<ul class=\"wp-block-list\">\n<li><strong>Prova objetiva:<\/strong> Comum a todos os candidatos.<\/li>\n\n\n\n<li><strong>Prova discursiva (reda\u00e7\u00e3o):<\/strong> Aplicada a todos os candidatos.<\/li>\n\n\n\n<li><strong>Prova oral:<\/strong> Etapa espec\u00edfica ap\u00f3s a segunda fase.<\/li>\n\n\n\n<li><strong>Avalia\u00e7\u00f5es Psicol\u00f3gicas:<\/strong> De car\u00e1ter eliminat\u00f3rio.<\/li>\n\n\n\n<li><strong>Avalia\u00e7\u00e3o F\u00edsica Militar (AFM):<\/strong> Etapa obrigat\u00f3ria para todos os candidatos.<\/li>\n\n\n\n<li><strong>Exames de Sa\u00fade:<\/strong> Exigidos para verifica\u00e7\u00e3o de aptid\u00e3o f\u00edsica e mental.<\/li>\n\n\n\n<li><strong>Avalia\u00e7\u00e3o Pr\u00e9via da Conduta Social (Investiga\u00e7\u00e3o Social):<\/strong> Eliminat\u00f3ria.<\/li>\n\n\n\n<li><strong>Prova de T\u00edtulos:<\/strong> Aplicada na etapa final.<\/li>\n\n\n\n<li><strong>Curso de Forma\u00e7\u00e3o de Oficiais:<\/strong> Fase obrigat\u00f3ria e classificat\u00f3ria, com dedica\u00e7\u00e3o exclusiva.<\/li>\n<\/ul>\n\n\n\n<h3 class=\"wp-block-heading\">Etapas do Concurso PMMG Sa\u00fade <\/h3>\n\n\n\n<ul class=\"wp-block-list\">\n<li><strong>Prova objetiva:<\/strong> Comum a todos os cargos da \u00e1rea da sa\u00fade.<\/li>\n\n\n\n<li><strong>Avalia\u00e7\u00f5es Psicol\u00f3gicas:<\/strong> Eliminat\u00f3rias.<\/li>\n\n\n\n<li><strong>Avalia\u00e7\u00e3o F\u00edsica Militar (AFM):<\/strong> Etapa obrigat\u00f3ria para todos os candidatos.<\/li>\n\n\n\n<li><strong>Exames de Sa\u00fade:<\/strong> Incluem avalia\u00e7\u00f5es cl\u00ednicas e complementares.<\/li>\n\n\n\n<li><strong>Prova de T\u00edtulos:<\/strong> Espec\u00edfica para profissionais de n\u00edvel superior.<\/li>\n\n\n\n<li><strong>Avalia\u00e7\u00e3o Preliminar da Conduta Social (Investiga\u00e7\u00e3o Social):<\/strong> Etapa eliminat\u00f3ria.<\/li>\n\n\n\n<li><strong>Est\u00e1gio de Adapta\u00e7\u00e3o de Oficiais (EAdO):<\/strong> \u00daltima fase, exigida para ingresso no cargo de 2\u00ba Tenente do QOS.<\/li>\n<\/ul>\n\n\n\n<h4 class=\"wp-block-heading\">Locais de aplica\u00e7\u00e3o das provas<\/h4>\n\n\n\n<p>As provas do <strong>CFO PMMG<\/strong> ser\u00e3o aplicadas nas seguintes cidades:<\/p>\n\n\n\n<ul class=\"wp-block-list\">\n<li><strong>Belo Horizonte<\/strong>, <\/li>\n\n\n\n<li><strong>Contagem<\/strong>, <\/li>\n\n\n\n<li><strong>Betim<\/strong>, <\/li>\n\n\n\n<li><strong>Curvelo<\/strong>, <\/li>\n\n\n\n<li><strong>Divin\u00f3polis<\/strong>, <\/li>\n\n\n\n<li><strong>Governador Valadares<\/strong>, <\/li>\n\n\n\n<li><strong>Ipatinga<\/strong>, <\/li>\n\n\n\n<li><strong>Juiz de Fora<\/strong>, <\/li>\n\n\n\n<li><strong>Montes Claros<\/strong>, <\/li>\n\n\n\n<li><strong>Patos de Minas<\/strong>, <\/li>\n\n\n\n<li><strong>Po\u00e7os de Caldas<\/strong>, <\/li>\n\n\n\n<li><strong>Te\u00f3filo Otoni<\/strong>, <\/li>\n\n\n\n<li><strong>Uberaba<\/strong>, <\/li>\n\n\n\n<li><strong>Uberl\u00e2ndia<\/strong> e <\/li>\n\n\n\n<li><strong>Una\u00ed<\/strong>.<\/li>\n<\/ul>\n\n\n\n<p>As provas do <strong>PMMG Sa\u00fade<\/strong> ser\u00e3o aplicadas em munic\u00edpios integrantes da <strong>Regi\u00e3o Metropolitana de Belo Horizonte<\/strong>, conforme defini\u00e7\u00e3o posterior no cart\u00e3o de inscri\u00e7\u00e3o (BH e cidades pr\u00f3ximas). <\/p>\n\n\n\n<h4 class=\"wp-block-heading\">Prova Objetiva CFO<\/h4>\n\n\n\n<p>A prova objetiva do concurso PM MG CFO 2025 ter\u00e1 car\u00e1ter eliminat\u00f3rio e classificat\u00f3rio, sendo composta por <strong>50 quest\u00f5es de m\u00faltipla escolha<\/strong>. Cada pergunta apresentar\u00e1 quatro alternativas, das quais apenas uma ser\u00e1 considerada correta. <\/p>\n\n\n\n<p>O exame cobrar\u00e1 conte\u00fados fundamentais para a forma\u00e7\u00e3o do futuro oficial, avaliando tanto a capacidade de interpreta\u00e7\u00e3o quanto o dom\u00ednio t\u00e9cnico-jur\u00eddico do candidato.<\/p>\n\n\n\n<p>As disciplinas cobradas est\u00e3o distribu\u00eddas da seguinte forma:<\/p>\n\n\n\n<ul class=\"wp-block-list\">\n<li>L\u00edngua Portuguesa: 5 quest\u00f5es<\/li>\n\n\n\n<li>No\u00e7\u00f5es de L\u00edngua Inglesa: 4 quest\u00f5es<\/li>\n\n\n\n<li>Racioc\u00ednio L\u00f3gico-Matem\u00e1tico: 4 quest\u00f5es<\/li>\n\n\n\n<li>Direito Constitucional: 7 quest\u00f5es<\/li>\n\n\n\n<li>Direito Penal: 6 quest\u00f5es<\/li>\n\n\n\n<li>Direito Processual Penal: 6 quest\u00f5es<\/li>\n\n\n\n<li>Direito Administrativo: 7 quest\u00f5es<\/li>\n\n\n\n<li>Direito Civil e Direito Processual Civil: 5 quest\u00f5es<\/li>\n\n\n\n<li>Legisla\u00e7\u00e3o Extravagante e Direitos Humanos: 6 quest\u00f5es<\/li>\n<\/ul>\n\n\n\n<p>O total da prova objetiva ser\u00e1 de <strong>100 pontos<\/strong>. Para ser considerado habilitado nesta etapa, o candidato dever\u00e1 alcan\u00e7ar, no m\u00ednimo, <strong>60% de aproveitamento<\/strong>, ou seja, 60 pontos.<\/p>\n\n\n\n<p>As provas objetivas ser\u00e3o aplicadas em duas datas distintas:<\/p>\n\n\n\n<ul class=\"wp-block-list\">\n<li>18 de janeiro para CFO<\/li>\n\n\n\n<li>8 de fevereiro para cargos da \u00e1rea da sa\u00fade<\/li>\n<\/ul>\n\n\n\n<h4 class=\"wp-block-heading\">Prova Objetiva  PMMG Sa\u00fade <\/h4>\n\n\n\n<p>A prova objetiva do concurso PMMG Sa\u00fade ter\u00e1 car\u00e1ter <strong>eliminat\u00f3rio e classificat\u00f3rio<\/strong>, sendo composta por <strong>50 quest\u00f5es de m\u00faltipla escolha<\/strong>. Cada quest\u00e3o apresentar\u00e1 quatro alternativas, das quais apenas uma ser\u00e1 considerada correta.<\/p>\n\n\n\n<p>O exame tem como finalidade avaliar a capacidade de interpreta\u00e7\u00e3o, a forma\u00e7\u00e3o geral do candidato e, principalmente, o <strong>dom\u00ednio t\u00e9cnico da \u00e1rea de atua\u00e7\u00e3o<\/strong>, j\u00e1 que a sele\u00e7\u00e3o contempla diversas especialidades da sa\u00fade.<\/p>\n\n\n\n<p>As disciplinas cobradas est\u00e3o distribu\u00eddas da seguinte forma:<\/p>\n\n\n\n<ul class=\"wp-block-list\">\n<li><strong>L\u00edngua Portuguesa: 10 quest\u00f5es<\/strong><\/li>\n\n\n\n<li><strong>Direitos Humanos: 5 quest\u00f5es<\/strong><\/li>\n\n\n\n<li><strong>Conhecimentos Espec\u00edficos da \u00e1rea: 35 quest\u00f5es<\/strong><\/li>\n<\/ul>\n\n\n\n<p>O total da prova objetiva ser\u00e1 de 100 pontos. Para ser considerado habilitado nesta etapa, o candidato dever\u00e1 atingir <strong>pelo menos 60% da pontua\u00e7\u00e3o total<\/strong>.<\/p>\n\n\n\n<h5 class=\"wp-block-heading\">Somos a melhor Op\u00e7\u00e3o<\/h5>\n\n\n\n<p>Quer conquistar uma vaga no concurso PM MG? Somos a melhore Op\u00e7\u00e3o! N\u00f3s preparamos diversos materiais realmente focados conforme o edital que te ajudar\u00e3o a conquistar o cargo dos sonhos. N\u00e3o perca mais tempo e comece a se preparar ainda hoje!<\/p>\n\n\n\n<ul class=\"wp-block-list\">\n<li><strong>Confira:&nbsp;<a href=\"https:\/\/www.apostilasopcao.com.br\/concurso\/pm-mg-policia-militar-de-minas-gerais\">Apostilas PM MG<\/a>!<\/strong><\/li>\n<\/ul>\n\n\n\n<h4 class=\"wp-block-heading\">Prova Dissertativa CFO<\/h4>\n\n\n\n<p>Al\u00e9m da parte objetiva, o concurso contar\u00e1 tamb\u00e9m com uma <strong>prova dissertativa<\/strong>, de car\u00e1ter eliminat\u00f3rio e classificat\u00f3rio. Essa etapa ser\u00e1 composta por uma reda\u00e7\u00e3o sobre tema definido no momento da aplica\u00e7\u00e3o do exame.<\/p>\n\n\n\n<p>A produ\u00e7\u00e3o textual dever\u00e1 conter, obrigatoriamente:<\/p>\n\n\n\n<ul class=\"wp-block-list\">\n<li>no m\u00ednimo 120 palavras;<\/li>\n\n\n\n<li>no m\u00e1ximo 30 linhas, desconsiderando a linha do t\u00edtulo.<\/li>\n<\/ul>\n\n\n\n<p>A reda\u00e7\u00e3o valer\u00e1 100 pontos, distribu\u00eddos da seguinte forma:<\/p>\n\n\n\n<ul class=\"wp-block-list\">\n<li>Ortografia: 20 pontos<\/li>\n\n\n\n<li>Morfossintaxe: 20 pontos<\/li>\n\n\n\n<li>Pontua\u00e7\u00e3o: 20 pontos<\/li>\n\n\n\n<li>Conte\u00fado: 40 pontos<\/li>\n<\/ul>\n\n\n\n<p>Para ser aprovado, o candidato dever\u00e1 obter <strong>pelo menos 70 pontos<\/strong> nessa etapa, o equivalente a <strong>70% do total<\/strong>.<\/p>\n\n\n\n<h4 class=\"wp-block-heading\">Avalia\u00e7\u00e3o F\u00edsica Militar PMMG Sa\u00fade<\/h4>\n\n\n\n<p>O TCF ter\u00e1 car\u00e1ter eliminat\u00f3rio e classificat\u00f3rio, devendo o candidato alcan\u00e7ar o m\u00ednimo<br>de 60% (sessenta por cento) de rendimento em cada modalidade.<\/p>\n\n\n\n<p>A pontua\u00e7\u00e3o m\u00ednima para aprova\u00e7\u00e3o no TCF a ser alcan\u00e7ada pelos candidatos \u00e9 de 12 (doze) pontos para as modalidades de For\u00e7a e resist\u00eancia abdominal (abdominal tipo remador), For\u00e7a e resist\u00eancia de membros superiores na barra fixa e Capacidade aer\u00f3bica (corrida de 2.400 metros). <\/p>\n\n\n\n<p>J\u00e1 para a modalidade Pista de aptid\u00e3o f\u00edsica policial militar (PAFPM) a pontua\u00e7\u00e3o m\u00ednima para aprova\u00e7\u00e3o \u00e9 de 06 (seis) pontos. <\/p>\n\n\n\n<h4 class=\"wp-block-heading\">Avalia\u00e7\u00e3o F\u00edsica Militar PMMMG Sa\u00fade<\/h4>\n\n\n\n<p>A Avalia\u00e7\u00e3o F\u00edsica Militar (AFM) do concurso PMMG Sa\u00fade ter\u00e1 car\u00e1ter <strong>eliminat\u00f3rio e classificat\u00f3rio<\/strong>. Todos os candidatos convocados dever\u00e3o alcan\u00e7ar no m\u00ednimo 60% de rendimento em cada modalidade prevista.<\/p>\n\n\n\n<p>As modalidades avaliadas, conforme o edital, incluem:<\/p>\n\n\n\n<ul class=\"wp-block-list\">\n<li><strong>For\u00e7a e resist\u00eancia abdominal (abdominal tipo remador)<\/strong><\/li>\n\n\n\n<li><strong>For\u00e7a e resist\u00eancia de membros superiores (barra fixa)<\/strong><\/li>\n\n\n\n<li><strong>Capacidade aer\u00f3bica (corrida de 2.400 metros)<\/strong><\/li>\n\n\n\n<li><strong>Pista de Aptid\u00e3o F\u00edsica Policial Militar (PAFPM)<\/strong><\/li>\n<\/ul>\n\n\n\n<p>As pontua\u00e7\u00f5es m\u00ednimas exigidas s\u00e3o:<\/p>\n\n\n\n<ul class=\"wp-block-list\">\n<li><strong>12 pontos<\/strong> para:\n<ul class=\"wp-block-list\">\n<li>Abdominal tipo remador<\/li>\n\n\n\n<li>Barra fixa<\/li>\n\n\n\n<li>Corrida de 2.400 metros<\/li>\n<\/ul>\n<\/li>\n\n\n\n<li><strong>6 pontos<\/strong> para:\n<ul class=\"wp-block-list\">\n<li>Pista de Aptid\u00e3o F\u00edsica Policial Militar (PAFPM)<\/li>\n<\/ul>\n<\/li>\n<\/ul>\n\n\n\n<p>O candidato que n\u00e3o atingir a pontua\u00e7\u00e3o m\u00ednima em qualquer modalidade ser\u00e1 eliminado.<\/p>\n\n\n\n<h4 class=\"wp-block-heading\">Prova Oral CFO<\/h4>\n\n\n\n<p>A prova oral, de car\u00e1ter eliminat\u00f3rio, valer\u00e1 100 (cem pontos), ser\u00e1 realizada em Belo Horizonte e abranger\u00e1 as seguintes disciplinas:<\/p>\n\n\n\n<ul class=\"wp-block-list\">\n<li>a) Direito Constitucional;<\/li>\n\n\n\n<li>b) Direito Penal;<\/li>\n\n\n\n<li>c) Direito Processual Penal;<\/li>\n\n\n\n<li>d) Direito Administrativo.<\/li>\n<\/ul>\n\n\n\n<p>A avalia\u00e7\u00e3o considerar\u00e1, al\u00e9m do dom\u00ednio do conhecimento jur\u00eddico, a adequa\u00e7\u00e3o da linguagem, a clareza, a objetividade e a seguran\u00e7a na exposi\u00e7\u00e3o, que ser\u00e3o pontuados observando as seguintes defini\u00e7\u00f5es:<\/p>\n\n\n\n<ul class=\"wp-block-list\">\n<li>Adequa\u00e7\u00e3o da linguagem: uso de vocabul\u00e1rio compat\u00edvel com o ambiente jur\u00eddicoformal, conforme as regras gramaticais e evitando express\u00f5es coloquiais ou imprecisas.<\/li>\n\n\n\n<li>Clareza: exposi\u00e7\u00e3o compreens\u00edvel, sem ambiguidades, com frases estruturadas de forma l\u00f3gica e acess\u00edvel.<\/li>\n\n\n\n<li>Objetividade: capacidade de responder ao que foi indagado de modo direto, evitando divaga\u00e7\u00f5es ou informa\u00e7\u00f5es irrelevantes.<\/li>\n\n\n\n<li>Seguran\u00e7a na exposi\u00e7\u00e3o: apresenta\u00e7\u00e3o confiante, com firmeza na sustenta\u00e7\u00e3o das ideias e sem hesita\u00e7\u00f5es que comprometam a credibilidade.<\/li>\n<\/ul>\n\n\n\n<h4 class=\"wp-block-heading\">Prova de T\u00edtulos CFO<\/h4>\n\n\n\n<p>Confira quais t\u00edtulos ser\u00e3o avaliados na prova de t\u00edtulos do concurso PM MG CFO 2025:<\/p>\n\n\n\n<figure class=\"wp-block-image size-full\"><img loading=\"lazy\" decoding=\"async\" width=\"621\" height=\"295\" src=\"https:\/\/www.apostilasopcao.com.br\/blog\/wp-content\/uploads\/2025\/09\/titulos-concurso-pm-mg.webp\" alt=\"Tabela de t\u00edtulos do concurso PM MG CFO 2025!\" class=\"wp-image-4478\" srcset=\"https:\/\/www.apostilasopcao.com.br\/blog\/wp-content\/uploads\/2025\/09\/titulos-concurso-pm-mg.webp 621w, https:\/\/www.apostilasopcao.com.br\/blog\/wp-content\/uploads\/2025\/09\/titulos-concurso-pm-mg-300x143.webp 300w\" sizes=\"auto, (max-width: 621px) 100vw, 621px\" \/><figcaption class=\"wp-element-caption\">Tabela de t\u00edtulos do concurso PM MG CFO 2025!<\/figcaption><\/figure>\n\n\n\n<h4 class=\"wp-block-heading\">Prova de T\u00edtulos PMMG Sa\u00fade<\/h4>\n\n\n\n<p>A prova de t\u00edtulos ser\u00e1 aplicada a todos os candidatos aprovados na fase objetiva. A an\u00e1lise documental possui car\u00e1ter <strong>classificat\u00f3rio<\/strong> e considera apenas <strong>t\u00edtulos acad\u00eamicos e experi\u00eancias profissionais<\/strong> relacionados \u00e0 \u00e1rea de sa\u00fade variando conforme cargo pretendido.<\/p>\n\n\n\n<p>Os principais t\u00edtulos avaliados s\u00e3o:<\/p>\n\n\n\n<ul class=\"wp-block-list\">\n<li>Certificados de especializa\u00e7\u00e3o lato sensu reconhecidos pelo MEC;<\/li>\n\n\n\n<li>T\u00edtulos de resid\u00eancia m\u00e9dica reconhecidos pela CNRM, quando aplic\u00e1vel;<\/li>\n\n\n\n<li>T\u00edtulos de mestre ou doutor na \u00e1rea correspondente;<\/li>\n\n\n\n<li>Experi\u00eancia profissional comprovada na especialidade para a qual o candidato concorre.<\/li>\n<\/ul>\n\n\n\n<p><strong>Boa prova e bons estudos!<\/strong><\/p>\n\n\n\n<p><strong>Quer ficar por dentro de tudo sobre o universo de concursos?&nbsp;<a href=\"https:\/\/www.apostilasopcao.com.br\/blog\/noticias\/\">Confira as nossas not\u00edcias!<\/a><\/strong><\/p>\n","protected":false},"excerpt":{"rendered":"<p>Concurso PMMG com inscri\u00e7\u00f5es abertas e oferta de 120 vagas imediatas para o CFO e para a \u00e1rea da Sa\u00fade com sal\u00e1rios de at\u00e9 R$ 11547,07. Confira requisitos etapas e datas principais!<\/p>\n","protected":false},"author":12,"featured_media":7159,"comment_status":"closed","ping_status":"closed","sticky":false,"template":"","format":"standard","meta":{"_acf_changed":false,"breadcrumbs_single_post":"","page_title_panel":"","breadcrumbs_single_page":"","single_page_alignment":"","single_page_margin":"","page_structure_type":"","content_style_source":"","content_style":"","blog_post_streched_ed":"","blog_page_streched_ed":"","has_transparent_header":"","disable_transparent_header":"","vertical_spacing_source":"","content_area_spacing":"","single_post_content_background":"","single_page_content_background":"","single_post_boxed_content_spacing":"","single_page_boxed_content_spacing":"","single_post_content_boxed_radius":"","single_page_content_boxed_radius":"","disable_featured_image":"","disable_post_tags":"","disable_author_box":"","disable_posts_navigation":"","disable_comments":"","disable_related_posts":"","disable_header":"","disable_footer":"","footnotes":""},"categories":[4,16],"tags":[420],"class_list":["post-4475","post","type-post","status-publish","format-standard","has-post-thumbnail","hentry","category-noticias","category-mg","tag-concurso-pm-mg-cfo-2025","rishi-post"],"acf":{"data_prova":"20260208","status":"aberto"},"_links":{"self":[{"href":"https:\/\/www.apostilasopcao.com.br\/blog\/wp-json\/wp\/v2\/posts\/4475","targetHints":{"allow":["GET"]}}],"collection":[{"href":"https:\/\/www.apostilasopcao.com.br\/blog\/wp-json\/wp\/v2\/posts"}],"about":[{"href":"https:\/\/www.apostilasopcao.com.br\/blog\/wp-json\/wp\/v2\/types\/post"}],"author":[{"embeddable":true,"href":"https:\/\/www.apostilasopcao.com.br\/blog\/wp-json\/wp\/v2\/users\/12"}],"replies":[{"embeddable":true,"href":"https:\/\/www.apostilasopcao.com.br\/blog\/wp-json\/wp\/v2\/comments?post=4475"}],"version-history":[{"count":12,"href":"https:\/\/www.apostilasopcao.com.br\/blog\/wp-json\/wp\/v2\/posts\/4475\/revisions"}],"predecessor-version":[{"id":7171,"href":"https:\/\/www.apostilasopcao.com.br\/blog\/wp-json\/wp\/v2\/posts\/4475\/revisions\/7171"}],"wp:featuredmedia":[{"embeddable":true,"href":"https:\/\/www.apostilasopcao.com.br\/blog\/wp-json\/wp\/v2\/media\/7159"}],"wp:attachment":[{"href":"https:\/\/www.apostilasopcao.com.br\/blog\/wp-json\/wp\/v2\/media?parent=4475"}],"wp:term":[{"taxonomy":"category","embeddable":true,"href":"https:\/\/www.apostilasopcao.com.br\/blog\/wp-json\/wp\/v2\/categories?post=4475"},{"taxonomy":"post_tag","embeddable":true,"href":"https:\/\/www.apostilasopcao.com.br\/blog\/wp-json\/wp\/v2\/tags?post=4475"}],"curies":[{"name":"wp","href":"https:\/\/api.w.org\/{rel}","templated":true}]}}