{"id":4486,"date":"2025-09-08T10:50:10","date_gmt":"2025-09-08T13:50:10","guid":{"rendered":"https:\/\/www.apostilasopcao.com.br\/blog\/?p=4486"},"modified":"2025-09-09T07:40:17","modified_gmt":"2025-09-09T10:40:17","slug":"crp-pb","status":"publish","type":"post","link":"https:\/\/www.apostilasopcao.com.br\/blog\/crp-pb\/","title":{"rendered":"Concurso CRP 13: Edital publicado! 330 vagas!"},"content":{"rendered":"\n<p>Foi publicado o edital do <a href=\"https:\/\/www.apostilasopcao.com.br\/\">concurso CRP 13<\/a> (Conselho Regional de Psicologia da 13\u00aa Regi\u00e3o)! O edital oferta <strong>330 vagas,<\/strong> sendo 6 vagas imediatas e 324 vagas de cadastro reserva, para diversos cargos de n\u00edveis m\u00e9dio e superior, com remunera\u00e7\u00f5es iniciais de at\u00e9 <strong>R$ 4,7 mil. <\/strong>Ficou interessado(a)? Continue comigo e fique por dentro de todos os detalhes sobre o certame!<\/p>\n\n\n\n<h2 class=\"wp-block-heading\">Como fazer a inscri\u00e7\u00e3o no concurso CRP 13?<\/h2>\n\n\n\n<p>Os interessados pelo concurso CRP 13 poder\u00e3o se inscrever at\u00e9 <strong>\u00e0s 23h do dia 20 de outubro de 2025. <\/strong>As solicita\u00e7\u00f5es das inscri\u00e7\u00f5es devem ser feitas atrav\u00e9s do site da banca organizadora respons\u00e1vel pela sele\u00e7\u00e3o, o <a href=\"https:\/\/site.quadrix.org.br\/todos-os-concursos\/inscricoes-abertas\/crp13pb_2025.aspx\" target=\"_blank\" rel=\"noopener\">Instituto Quadrix.<\/a> <\/p>\n\n\n\n<p>Como de costume, os valores das taxas de inscri\u00e7\u00e3o variam de acordo com o n\u00edvel de escolaridade do cargo pretendido. Confira:<\/p>\n\n\n\n<ul class=\"wp-block-list\">\n<li><strong>R$ 59,00 <\/strong>para os cargos de n\u00edvel m\u00e9dio; e<\/li>\n\n\n\n<li><strong>R$ 62,00<\/strong> para os cargos de n\u00edvel superior.<\/li>\n<\/ul>\n\n\n\n<p><\/p>\n\n\n\n<p>Para ter sua inscri\u00e7\u00e3o homologada, o candidato deve efetuar o pagamento das taxas de inscri\u00e7\u00e3o at\u00e9 o dia <strong>22 de outubro. <\/strong><\/p>\n\n\n\n<p>Houve a oportunidade de solicitar a isen\u00e7\u00e3o dessas taxas, mas esse per\u00edodo j\u00e1 foi encerrado. Confira quais candidatos tiveram direito ao benef\u00edcio:<\/p>\n\n\n\n<ul class=\"wp-block-list\">\n<li>inscrito no Cadastro \u00danico para Programas Sociais do Governo Federal &#8211; Cad\u00danico; e <\/li>\n\n\n\n<li>doador de medula \u00f3ssea. <\/li>\n<\/ul>\n\n\n\n<h2 class=\"wp-block-heading\">Cargos, vagas e sal\u00e1rios<\/h2>\n\n\n\n<p>O concurso CRP 13 est\u00e1 ofertando <strong>330 vagas,<\/strong> sendo 6 vagas imediatas e 324 vagas de cadastro reserva, para cargos que exigem n\u00edveis m\u00e9dio e superior. Confira como essas oportunidades est\u00e3o sendo distribu\u00eddas e suas respectivas remunera\u00e7\u00f5es:<\/p>\n\n\n\n<figure class=\"wp-block-table\"><table class=\"has-fixed-layout\"><thead><tr><th>N\u00edvel de Escolaridade<\/th><th>Cargo<\/th><th>Vagas<\/th><th>Remunera\u00e7\u00e3o<\/th><\/tr><\/thead><tbody><tr><td>M\u00e9dio completo ou t\u00e9cnico<\/td><td><strong>Auxiliar Administrativo<\/strong><\/td><td>2 + 108 CR<\/td><td>R$ 2.100,00<\/td><\/tr><tr><td>Superior em Administra\u00e7\u00e3o ou \u00e1rea correlata<\/td><td><strong>Analista Administrativo<\/strong><\/td><td>1 + 69 CR<\/td><td>R$ 2.850,00<\/td><\/tr><tr><td>Superior em Psicologia + Registro no Conselho<\/td><td><strong>Psic\u00f3loga(o) Agente de Orienta\u00e7\u00e3o e Fiscaliza\u00e7\u00e3o<\/strong><\/td><td>1 + 69 CR<\/td><td>R$ 4.750,00<\/td><\/tr><tr><td>Superior em Psicologia + Registro no Conselho<\/td><td><strong>Psic\u00f3loga(o) Agente de \u00c9tica Profissional<\/strong><\/td><td>2 + 78 CR<\/td><td>R$ 4.750,00<\/td><\/tr><\/tbody><\/table><\/figure>\n\n\n\n<p>Al\u00e9m da remunera\u00e7\u00e3o inicial, os candidatos aprovados far\u00e3o jus aos seguintes benef\u00edcios: <\/p>\n\n\n\n<ul class=\"wp-block-list\">\n<li>Aux\u00edlio Alimenta\u00e7\u00e3o, no valor de <strong>R$ 1.184,69<\/strong> (um mil, cento e oitenta e quatro reais e sessenta e nove centavos) por m\u00eas;<\/li>\n\n\n\n<li>Aux\u00edlio Sa\u00fade (Odontol\u00f3gico), com 1% (um por cento) de \u00f4nus para os benefici\u00e1rios;<\/li>\n\n\n\n<li>Plano de Cargos e Sal\u00e1rios, conforme Resolu\u00e7\u00e3o n\u00ba 002\/2025 do CRP-13-PB;<\/li>\n\n\n\n<li>Auxilio Transporte, conforme Acordo Coletivo; e<\/li>\n\n\n\n<li>Aux\u00edlio Funeral, correspondente ao valor equivalente a 03 (tr\u00eas) meses da remunera\u00e7\u00e3o do empregado.<\/li>\n<\/ul>\n\n\n\n<h2 class=\"wp-block-heading\">Atribui\u00e7\u00f5es dos cargos<\/h2>\n\n\n\n<p>Confira as principais atribui\u00e7\u00f5es dos cargos de concurso CRP 13:<\/p>\n\n\n\n<p><strong>Auxiliar Administrativo<\/strong><\/p>\n\n\n\n<ul class=\"wp-block-list\">\n<li>Seguir os princ\u00edpios fundamentais do CRP-13<\/li>\n\n\n\n<li>Seguir as normas de seguran\u00e7a estabelecidas pelo CRP-13<\/li>\n\n\n\n<li>Realizar cadastramento e atualiza\u00e7\u00e3o dos profissionais da \u00e1rea<\/li>\n\n\n\n<li>Gerenciar e-mails<\/li>\n\n\n\n<li>Gerenciar d\u00e9bitos, renegocia\u00e7\u00e3o e cobran\u00e7as<\/li>\n\n\n\n<li>Emitir boletos banc\u00e1rios<\/li>\n\n\n\n<li>Preparar mala direta (etiquetas), mediante solicita\u00e7\u00e3o para divulga\u00e7\u00e3o de material informativo<\/li>\n<\/ul>\n\n\n\n<p><\/p>\n\n\n\n<p><strong>Analista Administrativo<\/strong><\/p>\n\n\n\n<ul class=\"wp-block-list\">\n<li>Seguir os princ\u00edpios fundamentais do CRP-13<\/li>\n\n\n\n<li>Seguir as normas de seguran\u00e7a estabelecidas pelo CRP-13<\/li>\n\n\n\n<li>Realizar cadastramento e atualiza\u00e7\u00e3o dos profissionais da \u00e1rea<\/li>\n\n\n\n<li>Gerenciar e-mails<\/li>\n\n\n\n<li>Gerenciar d\u00e9bitos, renegocia\u00e7\u00f5es e recobran\u00e7as<\/li>\n\n\n\n<li>Emitir boletos banc\u00e1rios<\/li>\n\n\n\n<li>Preparar mala direta (etiquetas), mediante solicita\u00e7\u00e3o para divulga\u00e7\u00e3o de material informativo<\/li>\n<\/ul>\n\n\n\n<p><\/p>\n\n\n\n<p><strong>Psic\u00f3loga(o) Agente de \u00c9tica Profissional<\/strong><\/p>\n\n\n\n<ul class=\"wp-block-list\">\n<li>Seguir os princ\u00edpios fundamentais do CRP-13<\/li>\n\n\n\n<li>Seguir as normas de seguran\u00e7a estabelecidas pelo CRP-13<\/li>\n\n\n\n<li>Seguir as diretrizes emanadas diretamente da Comiss\u00e3o de Orienta\u00e7\u00e3o e Fiscaliza\u00e7\u00e3o e\/ou Comiss\u00e3o de \u00c9tica (COE)<\/li>\n\n\n\n<li>Inspecionar cl\u00ednicas, hospitais, consult\u00f3rios, empresas, escolas e quaisquer outras entidades que prestem servi\u00e7os de Psicologia, obedecidas as disposi\u00e7\u00f5es legais<\/li>\n\n\n\n<li>Efetuar dilig\u00eancias para comprovar den\u00fancias ou averiguar ind\u00edcios de infra\u00e7\u00e3o<\/li>\n\n\n\n<li>Verificar se a responsabilidade e a execu\u00e7\u00e3o dos servi\u00e7os de Psicologia, mantidos ou prestados por empresas ou institui\u00e7\u00f5es de direito p\u00fablico e privado, est\u00e3o a cargo de psic\u00f3logo regularmente inscrito no CRP-13<\/li>\n\n\n\n<li>Verificar a situa\u00e7\u00e3o profissional dos psic\u00f3logos contratados por institui\u00e7\u00f5es ou empresas que mantenham ou prestem servi\u00e7o de Psicologia<\/li>\n<\/ul>\n\n\n\n<p><\/p>\n\n\n\n<p><strong>Psic\u00f3loga(o) Agente de Orienta\u00e7\u00e3o e Fiscaliza\u00e7\u00e3o<\/strong><\/p>\n\n\n\n<ul class=\"wp-block-list\">\n<li>Seguir os princ\u00edpios fundamentais do CRP-13<\/li>\n\n\n\n<li>Seguir as normas de seguran\u00e7a estabelecidas pelo CRP-13<\/li>\n\n\n\n<li>Seguir as diretrizes emanadas diretamente da Comiss\u00e3o de Orienta\u00e7\u00e3o e Fiscaliza\u00e7\u00e3o e\/ou Comiss\u00e3o de \u00c9tica (COE)<\/li>\n\n\n\n<li>Inspecionar cl\u00ednicas, hospitais, consult\u00f3rios, empresas, escolas e quaisquer outras entidades que prestem servi\u00e7os de Psicologia, obedecidas as disposi\u00e7\u00f5es legais<\/li>\n\n\n\n<li>Efetuar dilig\u00eancias para comprovar den\u00fancias ou averiguar ind\u00edcios de infra\u00e7\u00e3o<\/li>\n\n\n\n<li>Verificar se a responsabilidade e a execu\u00e7\u00e3o dos servi\u00e7os de Psicologia, mantidos ou prestados por empresas ou institui\u00e7\u00f5es de direito p\u00fablico e privado, est\u00e3o a cargo de psic\u00f3logo regularmente inscrito no CRP-13<\/li>\n\n\n\n<li>Verificar a situa\u00e7\u00e3o profissional dos psic\u00f3logos contratados por institui\u00e7\u00f5es ou empresas que mantenham ou prestem servi\u00e7o de Psicologia<\/li>\n<\/ul>\n\n\n\n<h2 class=\"wp-block-heading\">Requisitos b\u00e1sicos<\/h2>\n\n\n\n<p>Confira quais s\u00e3o os requisitos b\u00e1sicos exigidos para a participa\u00e7\u00e3o no concurso CRP 13:<\/p>\n\n\n\n<ul class=\"wp-block-list\">\n<li>Ser aprovado em todas as fases do concurso p\u00fablico<\/li>\n\n\n\n<li>Ter a nacionalidade brasileira ou portuguesa e, no caso de nacionalidade portuguesa, estar amparado pelo Estatuto de Igualdade entre Brasileiros e Portugueses, com reconhecimento do gozo dos direitos pol\u00edticos, nos termos do \u00a7 1\u00ba do art. 12 da Constitui\u00e7\u00e3o Federal<\/li>\n\n\n\n<li>Estar em gozo dos direitos pol\u00edticos<\/li>\n\n\n\n<li>Estar quite com as obriga\u00e7\u00f5es militares, em caso de candidato do sexo masculino<\/li>\n\n\n\n<li>Estar quite com as obriga\u00e7\u00f5es eleitorais<\/li>\n\n\n\n<li>Possuir os requisitos exigidos para o exerc\u00edcio do cargo, conforme o Anexo II deste edital<\/li>\n\n\n\n<li>Ter idade m\u00ednima de 18 anos completos na data da contrata\u00e7\u00e3o<\/li>\n\n\n\n<li>Apresentar atestado de pr\u00e9via aprova\u00e7\u00e3o de aptid\u00e3o f\u00edsica e mental para o exerc\u00edcio das atribui\u00e7\u00f5es do cargo<\/li>\n\n\n\n<li>Apresentar declara\u00e7\u00e3o de que n\u00e3o acumula cargo ou fun\u00e7\u00e3o p\u00fablica, ou proventos de inatividade, ressalvadas as possibilidades de acumula\u00e7\u00e3o l\u00edcita previstas no Inciso XVI do art. 37 da Constitui\u00e7\u00e3o Federal<\/li>\n\n\n\n<li>N\u00e3o estar cumprindo san\u00e7\u00e3o por inidoneidade, aplicada por qualquer \u00f3rg\u00e3o p\u00fablico ou entidade das esferas federal, estadual, municipal ou do Distrito Federal<\/li>\n\n\n\n<li>Cumprir as determina\u00e7\u00f5es deste edital<\/li>\n<\/ul>\n\n\n\n<h2 class=\"wp-block-heading\">Como ser\u00e3o as provas do concurso CRP 13?<\/h2>\n\n\n\n<p>O concurso CRP 13 avaliar\u00e1 seus candidatos por meio das seguintes etapas de sele\u00e7\u00e3o:<\/p>\n\n\n\n<ul class=\"wp-block-list\">\n<li><strong>prova objetiva<\/strong>, de car\u00e1ter eliminat\u00f3rio e classificat\u00f3rio, para todos os cargos; e<\/li>\n\n\n\n<li><strong>avalia\u00e7\u00e3o de t\u00edtulos<\/strong>, de car\u00e1ter classificat\u00f3rio, para os cargos de n\u00edvel superior.<\/li>\n<\/ul>\n\n\n\n<p><\/p>\n\n\n\n<p>Vamos conferir com mais detalhes?<\/p>\n\n\n\n<h3 class=\"wp-block-heading\">Prova Objetiva<\/h3>\n\n\n\n<p>A prova objetiva do concurso CRP 13 ser\u00e1 aplicada na data prevista de <strong>30 de novembro de 2025, <\/strong>no turno da tarde, com dura\u00e7\u00e3o de 3 horas e ser\u00e1 aplicada nas cidades de Campina Grande\/PB, Jo\u00e3o Pessoa\/PB e Patos\/PB, <\/p>\n\n\n\n<p>A avalia\u00e7\u00e3o ter\u00e1 120 quest\u00f5es no estilo &#8220;certo ou errado&#8221;, que ser\u00e3o versadas sobre as seguintes disciplinas:<\/p>\n\n\n\n<ul class=\"wp-block-list\">\n<li>Conhecimentos B\u00e1sicos: 40 quest\u00f5es\n<ul class=\"wp-block-list\">\n<li>L\u00edngua Portuguesa<\/li>\n\n\n\n<li>Racioc\u00ednio L\u00f3gico e Matem\u00e1tica<\/li>\n\n\n\n<li>No\u00e7\u00f5es de Inform\u00e1tica<\/li>\n<\/ul>\n<\/li>\n\n\n\n<li>Conhecimentos Complementares: 30 quest\u00f5es\n<ul class=\"wp-block-list\">\n<li>Legisla\u00e7\u00e3o e \u00c9tica na Administra\u00e7\u00e3o P\u00fablica (n\u00edvel m\u00e9dio)<\/li>\n\n\n\n<li>Legisla\u00e7\u00e3o e \u00c9tica na Administra\u00e7\u00e3o P\u00fablica (n\u00edvel superior)<\/li>\n<\/ul>\n<\/li>\n\n\n\n<li>Conhecimentos Espec\u00edficos: 50 quest\u00f5es<\/li>\n<\/ul>\n\n\n\n<p><\/p>\n\n\n\n<p>Ser\u00e1 reprovado na prova objetiva e eliminado do concurso p\u00fablico o candidato que se enquadrar em pelo menos um dos itens a seguir:<\/p>\n\n\n\n<ul class=\"wp-block-list\">\n<li>a) obtiver nota inferior a 10,00 pontos na \u00e1rea de conhecimentos b\u00e1sicos;<\/li>\n\n\n\n<li>b) obtiver nota inferior a 8,00 pontos na \u00e1rea de conhecimentos complementares;<\/li>\n\n\n\n<li>c) obtiver nota inferior a 12,00 pontos na \u00e1rea de conhecimentos espec\u00edficos; e<\/li>\n\n\n\n<li>d) obtiver nota inferior a 34,00 pontos na nota final da prova objetiva.<\/li>\n<\/ul>\n\n\n\n<h3 class=\"wp-block-heading\">Avalia\u00e7\u00e3o de T\u00edtulos<\/h3>\n\n\n\n<p>Confira quais t\u00edtulos ser\u00e3o avaliados no concurso CRP 13:<\/p>\n\n\n\n<figure class=\"wp-block-image size-full\"><img loading=\"lazy\" decoding=\"async\" width=\"826\" height=\"253\" src=\"https:\/\/www.apostilasopcao.com.br\/blog\/wp-content\/uploads\/2025\/09\/titulos-concurso-crp-13.webp\" alt=\"Tabela de t\u00edtulos do concurso CRP 13!\" class=\"wp-image-4489\" srcset=\"https:\/\/www.apostilasopcao.com.br\/blog\/wp-content\/uploads\/2025\/09\/titulos-concurso-crp-13.webp 826w, https:\/\/www.apostilasopcao.com.br\/blog\/wp-content\/uploads\/2025\/09\/titulos-concurso-crp-13-300x92.webp 300w, https:\/\/www.apostilasopcao.com.br\/blog\/wp-content\/uploads\/2025\/09\/titulos-concurso-crp-13-768x235.webp 768w\" sizes=\"auto, (max-width: 826px) 100vw, 826px\" \/><figcaption class=\"wp-element-caption\">Tabela de t\u00edtulos do concurso CRP 13!<\/figcaption><\/figure>\n\n\n\n<p><\/p>\n\n\n\n<p><strong>Boa prova e bons estudos!<\/strong><\/p>\n","protected":false},"excerpt":{"rendered":"<p>O concurso CRP 13 est\u00e1 ofertando 330 vagas, sendo 6 vagas imediatas e 324 vagas de cadastro reserva, para cargos de n\u00edveis m\u00e9dio e superior. Confira!<\/p>\n","protected":false},"author":8,"featured_media":4512,"comment_status":"closed","ping_status":"closed","sticky":false,"template":"","format":"standard","meta":{"_acf_changed":false,"breadcrumbs_single_post":"","page_title_panel":"","breadcrumbs_single_page":"","single_page_alignment":"","single_page_margin":"","page_structure_type":"","content_style_source":"","content_style":"","blog_post_streched_ed":"","blog_page_streched_ed":"","has_transparent_header":"","disable_transparent_header":"","vertical_spacing_source":"","content_area_spacing":"","single_post_content_background":"","single_page_content_background":"","single_post_boxed_content_spacing":"","single_page_boxed_content_spacing":"","single_post_content_boxed_radius":"","single_page_content_boxed_radius":"","disable_featured_image":"","disable_post_tags":"","disable_author_box":"","disable_posts_navigation":"","disable_comments":"","disable_related_posts":"","disable_header":"","disable_footer":"","footnotes":""},"categories":[4,20],"tags":[422],"class_list":["post-4486","post","type-post","status-publish","format-standard","has-post-thumbnail","hentry","category-noticias","category-pb","tag-concurso-crp-13","rishi-post"],"acf":{"data_prova":null,"status":"aberto"},"_links":{"self":[{"href":"https:\/\/www.apostilasopcao.com.br\/blog\/wp-json\/wp\/v2\/posts\/4486","targetHints":{"allow":["GET"]}}],"collection":[{"href":"https:\/\/www.apostilasopcao.com.br\/blog\/wp-json\/wp\/v2\/posts"}],"about":[{"href":"https:\/\/www.apostilasopcao.com.br\/blog\/wp-json\/wp\/v2\/types\/post"}],"author":[{"embeddable":true,"href":"https:\/\/www.apostilasopcao.com.br\/blog\/wp-json\/wp\/v2\/users\/8"}],"replies":[{"embeddable":true,"href":"https:\/\/www.apostilasopcao.com.br\/blog\/wp-json\/wp\/v2\/comments?post=4486"}],"version-history":[{"count":3,"href":"https:\/\/www.apostilasopcao.com.br\/blog\/wp-json\/wp\/v2\/posts\/4486\/revisions"}],"predecessor-version":[{"id":4513,"href":"https:\/\/www.apostilasopcao.com.br\/blog\/wp-json\/wp\/v2\/posts\/4486\/revisions\/4513"}],"wp:featuredmedia":[{"embeddable":true,"href":"https:\/\/www.apostilasopcao.com.br\/blog\/wp-json\/wp\/v2\/media\/4512"}],"wp:attachment":[{"href":"https:\/\/www.apostilasopcao.com.br\/blog\/wp-json\/wp\/v2\/media?parent=4486"}],"wp:term":[{"taxonomy":"category","embeddable":true,"href":"https:\/\/www.apostilasopcao.com.br\/blog\/wp-json\/wp\/v2\/categories?post=4486"},{"taxonomy":"post_tag","embeddable":true,"href":"https:\/\/www.apostilasopcao.com.br\/blog\/wp-json\/wp\/v2\/tags?post=4486"}],"curies":[{"name":"wp","href":"https:\/\/api.w.org\/{rel}","templated":true}]}}